{"id":5443,"date":"2019-04-01T16:28:38","date_gmt":"2019-04-01T16:28:38","guid":{"rendered":"http:\/\/vasasbasket.hu\/?p=5443"},"modified":"2019-04-01T16:28:38","modified_gmt":"2019-04-01T16:28:38","slug":"negy-nap-negy-gyozelem-serdulo-b-csapatunktol","status":"publish","type":"post","link":"https:\/\/vasasbasket.hu\/index.php\/negy-nap-negy-gyozelem-serdulo-b-csapatunktol\/","title":{"rendered":"N\u00e9gy nap, n\u00e9gy gy\u0151zelem serd\u00fcl\u0151 B csapatunkt\u00f3l"},"content":{"rendered":"<p><strong>A Budapest Bajnoks\u00e1gban \u00e9s a Region\u00e1lis Serd\u00fcl\u0151 Bajnoks\u00e1gban is \u00e9rdekelt U14\/B csapatunk s\u0171r\u0171 hetet z\u00e1rt. Kert\u00e9sz D\u00e1vid csapata azonban hib\u00e1tlanul teljes\u00edtett, \u00e9s n\u00e9gy gy\u0151zelmet zsebelt be.<\/strong><\/p>\n<p><em>&#8222;Cs\u00fct\u00f6rt\u00f6k\u00f6n Budapest bajnoki meccset j\u00e1tszottunk, ahol ellenfel\u00fcnkkel szemben fizik\u00e1lis h\u00e1tr\u00e1nyban voltunk. Ennek ellen\u00e9re b\u00e1tran vett\u00fck fel ritmust, \u00e9s agressz\u00edv v\u00e9dekez\u00e9s\u00fcnk az utols\u00f3 negyedig kitartott. A v\u00e9g\u00e9n m\u00e1r v\u00e9dekez\u00e9sben is sokszor hib\u00e1ztunk. T\u00e1mad\u00e1sban, egy-k\u00e9t kiv\u00e9telt\u0151l eltekintve, csak a pontdob\u00e1s vez\u00e9relte az egy\u00e9neket, \u00edgy a k\u00e9tes helyzeteket is elv\u00e1llalt\u00e1k, ami nem sok sikert hozott. J\u00f3 d\u00f6nt\u00e9sekkel m\u00e9g k\u00f6nnyedebb m\u00e9rk\u0151z\u00e9s lehetett volna&#8221;<\/em> &#8211; mondta a csapat edz\u0151je, Kert\u00e9sz D\u00e1vid.<\/p>\n<p><strong>Vasas Akad\u00e9mia\/B &#8211;<\/strong> G\u00f6di SE <strong>40-27<\/strong> (10-5,14-6,10-0,6-16)<br \/>\n<em>Pontszerz\u0151k:<\/em><br \/>\n<strong>Vasas Akad\u00e9mia\/B:<\/strong> Mar\u00f3ty Dalma, Fogarasi K. 2, Herzog B. 2, Starosta T. 4, Hruby L. 6, \u00c9des L., Benyovszki P. 4, Igaz E. 4, Hal\u00e1sz L. 6, Masier S. 8, Szab\u00f3 F. 2, L\u00e1szl\u00f3 R. 2<\/p>\n<p><em>&#8222;Szombaton m\u00e1r a region\u00e1lis fordul\u00f3 k\u00f6vetkezett, ahol d\u00e9lel\u0151tt j\u00e1tszottuk els\u0151 m\u00e9rk\u0151z\u00e9s\u00fcnket. Mindent elmond a m\u00e9rk\u0151z\u00e9sr\u0151l, hogy \u00f6t perc ut\u00e1n feladtuk a let\u00e1mad\u00e1st, mert ellenfel\u00fcnk nem tudta \u00e1thozni a labd\u00e1t. Mi is sok hib\u00e1val j\u00e1tszottunk, f\u0151leg a t\u00e1mad\u00e1sok befejez\u00e9s\u00e9n\u00e9l c\u00e9loztunk rosszul. Mindemellett \u00f6r\u00fcl\u00f6k a sok ind\u00edt\u00e1s kos\u00e1rnak, mert l\u00e1tszott, hogy v\u00e9gre emelt fejjel indulunk neki a labdavezet\u00e9snek&#8221;<\/em> &#8211; mondta Kert\u00e9sz D\u00e1vid.<\/p>\n<p>Budapest Blazers<strong> &#8211; Vasas Akad\u00e9mia 8-61<\/strong> (4-22,1-16,2-15,1-8)<br \/>\n<em>Pontszerz\u0151k:<\/em><br \/>\n<strong>Vasas Akad\u00e9mia\/B:<\/strong> \u00c9des L. 4, Hal\u00e1sz L. 8, Herzog B. 4, Hruby L. 8, Ilcsik B. 5, Kemecsei Z. 8, Mar\u00f3ty Dalma 2, Millassin B. 6, So\u00f3s K. 6, Starosta T. 1, Szab\u00f3 F. 8<\/p>\n<p><em>&#8222;A Blazers elleni meccset k\u00f6vet\u0151en d\u00e9lut\u00e1n v\u00e1rt r\u00e1nk m\u00e9g egy m\u00e9rk\u0151z\u00e9s, melyen eg\u00e9sz mutat\u00f3s, \u00e9s tudatos j\u00e1t\u00e9kkal siker\u00fclt gy\u0151zn\u00fcnk. Sajnos a m\u00e1sodik f\u00e9lid\u0151re v\u00e9dekez\u00e9sben kiengedt\u00fcnk, de ennek ellen\u00e9re gratul\u00e1lni tudok a l\u00e1nyoknak&#8221;<\/em> &#8211; mondta Kert\u00e9sz D\u00e1vid.<\/p>\n<p>Zs\u00edros Akad\u00e9mia<strong> &#8211; Vasas Akad\u00e9mia\/B 57-71<\/strong> (6-17,14-29,18-13,19-12)<br \/>\n<em>Pontszerz\u0151k:<\/em><br \/>\n<strong>Vasas Akad\u00e9mia\/B:<\/strong> Benyovszki P., F\u00e1bi\u00e1n Sz. 4, Fogarasi K. 16, Herzog B. 2, Hruby L. 2, Igaz E. 6, Ilcsik B. 6, Masier S. 23, So\u00f3s K., Starosta T., Szab\u00f3 F. 10, Mar\u00f3ty Dorka 2<\/p>\n<p><em>&#8222;Vas\u00e1rnap \u00fajra mezt h\u00faztunk, \u00e9s viszonylag k\u00f6nnyed gy\u0151zelmet arattunk. Remek alkalom volt ez t\u00e1mad\u00f3j\u00e1t\u00e9kunk csiszol\u00e1s\u00e1ra, gratul\u00e1lok a l\u00e1nyoknak a h\u00e9tv\u00e9gi teljes\u00edtm\u00e9nyhez&#8221;<\/em> &#8211; \u00f6sszegezte Kert\u00e9sz D\u00e1vid.<\/p>\n<p><strong>Vasas Akad\u00e9mia\/B &#8211;<\/strong> Kiss Lenke KS 77-22 (25-8,17-6,13-4,19-4)<br \/>\n<em>Pontszerz\u0151k:<\/em><br \/>\n<strong>Vasas Akad\u00e9mia\/B:<\/strong> Benyovszki P. 2, \u00c9des L. 8, Fogarasi K. 11, Hal\u00e1sz L., Igaz E. 8, Kemecsei Z. 10, Mar\u00f3ty Dalma, Mar\u00f3ty Dorka 4, Masier S. 9, Millassin B., Szab\u00f3 F. 15, Hruby L. 10<\/p>\n<p>&nbsp;<\/p>\n","protected":false},"excerpt":{"rendered":"<p>A Budapest Bajnoks\u00e1gban \u00e9s a Region\u00e1lis Serd\u00fcl\u0151 Bajnoks\u00e1gban is \u00e9rdekelt U14\/B csapatunk s\u0171r\u0171 hetet z\u00e1rt. Kert\u00e9sz D\u00e1vid csapata azonban hib\u00e1tlanul teljes\u00edtett, \u00e9s n\u00e9gy gy\u0151zelmet zsebelt be. &#8222;Cs\u00fct\u00f6rt\u00f6k\u00f6n Budapest bajnoki meccset j\u00e1tszottunk, ahol ellenfel\u00fcnkkel szemben fizik\u00e1lis h\u00e1tr\u00e1nyban voltunk. Ennek ellen\u00e9re b\u00e1tran vett\u00fck fel ritmust, \u00e9s agressz\u00edv v\u00e9dekez\u00e9s\u00fcnk az utols\u00f3 negyedig kitartott. A v\u00e9g\u00e9n m\u00e1r v\u00e9dekez\u00e9sben is&#8230;<\/p>\n","protected":false},"author":1,"featured_media":4288,"comment_status":"closed","ping_status":"open","sticky":false,"template":"","format":"standard","meta":{"footnotes":""},"categories":[52,92],"tags":[],"class_list":["post-5443","post","type-post","status-publish","format-standard","has-post-thumbnail","hentry","category-serdulo","category-hirek"],"yoast_head":"<!-- This site is optimized with the Yoast SEO plugin v26.0 - https:\/\/yoast.com\/wordpress\/plugins\/seo\/ -->\n<title>N\u00e9gy nap, n\u00e9gy gy\u0151zelem serd\u00fcl\u0151 B csapatunkt\u00f3l - Vasas n\u0151i kos\u00e1rlabda<\/title>\n<meta name=\"robots\" content=\"index, follow, max-snippet:-1, max-image-preview:large, max-video-preview:-1\" \/>\n<link rel=\"canonical\" href=\"https:\/\/vasasbasket.hu\/index.php\/negy-nap-negy-gyozelem-serdulo-b-csapatunktol\/\" \/>\n<meta property=\"og:locale\" content=\"hu_HU\" \/>\n<meta property=\"og:type\" content=\"article\" \/>\n<meta property=\"og:title\" content=\"N\u00e9gy nap, n\u00e9gy gy\u0151zelem serd\u00fcl\u0151 B csapatunkt\u00f3l - Vasas n\u0151i kos\u00e1rlabda\" \/>\n<meta property=\"og:description\" content=\"A Budapest Bajnoks\u00e1gban \u00e9s a Region\u00e1lis Serd\u00fcl\u0151 Bajnoks\u00e1gban is \u00e9rdekelt U14\/B csapatunk s\u0171r\u0171 hetet z\u00e1rt. Kert\u00e9sz D\u00e1vid csapata azonban hib\u00e1tlanul teljes\u00edtett, \u00e9s n\u00e9gy gy\u0151zelmet zsebelt be. &#8222;Cs\u00fct\u00f6rt\u00f6k\u00f6n Budapest bajnoki meccset j\u00e1tszottunk, ahol ellenfel\u00fcnkkel szemben fizik\u00e1lis h\u00e1tr\u00e1nyban voltunk. Ennek ellen\u00e9re b\u00e1tran vett\u00fck fel ritmust, \u00e9s agressz\u00edv v\u00e9dekez\u00e9s\u00fcnk az utols\u00f3 negyedig kitartott. A v\u00e9g\u00e9n m\u00e1r v\u00e9dekez\u00e9sben is...\" \/>\n<meta property=\"og:url\" content=\"https:\/\/vasasbasket.hu\/index.php\/negy-nap-negy-gyozelem-serdulo-b-csapatunktol\/\" \/>\n<meta property=\"og:site_name\" content=\"Vasas n\u0151i kos\u00e1rlabda\" \/>\n<meta property=\"article:publisher\" content=\"https:\/\/www.facebook.com\/vasaswbasket\/\" \/>\n<meta property=\"article:published_time\" content=\"2019-04-01T16:28:38+00:00\" \/>\n<meta property=\"og:image\" content=\"https:\/\/vasasbasket.hu\/wp-content\/uploads\/2018\/09\/Vasas-Akad\u00e9mia-U14B.jpg\" \/>\n\t<meta property=\"og:image:width\" content=\"2000\" \/>\n\t<meta property=\"og:image:height\" content=\"1333\" \/>\n\t<meta property=\"og:image:type\" content=\"image\/jpeg\" \/>\n<meta name=\"author\" content=\"admin\" \/>\n<meta name=\"twitter:card\" content=\"summary_large_image\" \/>\n<meta name=\"twitter:label1\" content=\"Szerz\u0151:\" \/>\n\t<meta name=\"twitter:data1\" content=\"admin\" \/>\n\t<meta name=\"twitter:label2\" content=\"Becs\u00fclt olvas\u00e1si id\u0151\" \/>\n\t<meta name=\"twitter:data2\" content=\"3 perc\" \/>\n<script type=\"application\/ld+json\" class=\"yoast-schema-graph\">{\"@context\":\"https:\/\/schema.org\",\"@graph\":[{\"@type\":\"Article\",\"@id\":\"https:\/\/vasasbasket.hu\/index.php\/negy-nap-negy-gyozelem-serdulo-b-csapatunktol\/#article\",\"isPartOf\":{\"@id\":\"https:\/\/vasasbasket.hu\/index.php\/negy-nap-negy-gyozelem-serdulo-b-csapatunktol\/\"},\"author\":{\"name\":\"admin\",\"@id\":\"https:\/\/vasasbasket.hu\/#\/schema\/person\/f1085f4d2c6582d8d0f977e92de2edee\"},\"headline\":\"N\u00e9gy nap, n\u00e9gy gy\u0151zelem serd\u00fcl\u0151 B csapatunkt\u00f3l\",\"datePublished\":\"2019-04-01T16:28:38+00:00\",\"mainEntityOfPage\":{\"@id\":\"https:\/\/vasasbasket.hu\/index.php\/negy-nap-negy-gyozelem-serdulo-b-csapatunktol\/\"},\"wordCount\":548,\"publisher\":{\"@id\":\"https:\/\/vasasbasket.hu\/#organization\"},\"image\":{\"@id\":\"https:\/\/vasasbasket.hu\/index.php\/negy-nap-negy-gyozelem-serdulo-b-csapatunktol\/#primaryimage\"},\"thumbnailUrl\":\"https:\/\/vasasbasket.hu\/wp-content\/uploads\/2018\/09\/Vasas-Akad\u00e9mia-U14B.jpg\",\"articleSection\":[\"Serd\u00fcl\u0151\",\"\u00d6sszes H\u00edr\"],\"inLanguage\":\"hu\"},{\"@type\":\"WebPage\",\"@id\":\"https:\/\/vasasbasket.hu\/index.php\/negy-nap-negy-gyozelem-serdulo-b-csapatunktol\/\",\"url\":\"https:\/\/vasasbasket.hu\/index.php\/negy-nap-negy-gyozelem-serdulo-b-csapatunktol\/\",\"name\":\"N\u00e9gy nap, n\u00e9gy gy\u0151zelem serd\u00fcl\u0151 B csapatunkt\u00f3l - Vasas n\u0151i kos\u00e1rlabda\",\"isPartOf\":{\"@id\":\"https:\/\/vasasbasket.hu\/#website\"},\"primaryImageOfPage\":{\"@id\":\"https:\/\/vasasbasket.hu\/index.php\/negy-nap-negy-gyozelem-serdulo-b-csapatunktol\/#primaryimage\"},\"image\":{\"@id\":\"https:\/\/vasasbasket.hu\/index.php\/negy-nap-negy-gyozelem-serdulo-b-csapatunktol\/#primaryimage\"},\"thumbnailUrl\":\"https:\/\/vasasbasket.hu\/wp-content\/uploads\/2018\/09\/Vasas-Akad\u00e9mia-U14B.jpg\",\"datePublished\":\"2019-04-01T16:28:38+00:00\",\"breadcrumb\":{\"@id\":\"https:\/\/vasasbasket.hu\/index.php\/negy-nap-negy-gyozelem-serdulo-b-csapatunktol\/#breadcrumb\"},\"inLanguage\":\"hu\",\"potentialAction\":[{\"@type\":\"ReadAction\",\"target\":[\"https:\/\/vasasbasket.hu\/index.php\/negy-nap-negy-gyozelem-serdulo-b-csapatunktol\/\"]}]},{\"@type\":\"ImageObject\",\"inLanguage\":\"hu\",\"@id\":\"https:\/\/vasasbasket.hu\/index.php\/negy-nap-negy-gyozelem-serdulo-b-csapatunktol\/#primaryimage\",\"url\":\"https:\/\/vasasbasket.hu\/wp-content\/uploads\/2018\/09\/Vasas-Akad\u00e9mia-U14B.jpg\",\"contentUrl\":\"https:\/\/vasasbasket.hu\/wp-content\/uploads\/2018\/09\/Vasas-Akad\u00e9mia-U14B.jpg\",\"width\":2000,\"height\":1333},{\"@type\":\"BreadcrumbList\",\"@id\":\"https:\/\/vasasbasket.hu\/index.php\/negy-nap-negy-gyozelem-serdulo-b-csapatunktol\/#breadcrumb\",\"itemListElement\":[{\"@type\":\"ListItem\",\"position\":1,\"name\":\"Kezd\u0151lap\",\"item\":\"https:\/\/vasasbasket.hu\/\"},{\"@type\":\"ListItem\",\"position\":2,\"name\":\"N\u00e9gy nap, n\u00e9gy gy\u0151zelem serd\u00fcl\u0151 B csapatunkt\u00f3l\"}]},{\"@type\":\"WebSite\",\"@id\":\"https:\/\/vasasbasket.hu\/#website\",\"url\":\"https:\/\/vasasbasket.hu\/\",\"name\":\"Vasas n\u0151i kos\u00e1rlabda\",\"description\":\"Vasas Basket N\u0151i\",\"publisher\":{\"@id\":\"https:\/\/vasasbasket.hu\/#organization\"},\"potentialAction\":[{\"@type\":\"SearchAction\",\"target\":{\"@type\":\"EntryPoint\",\"urlTemplate\":\"https:\/\/vasasbasket.hu\/?s={search_term_string}\"},\"query-input\":{\"@type\":\"PropertyValueSpecification\",\"valueRequired\":true,\"valueName\":\"search_term_string\"}}],\"inLanguage\":\"hu\"},{\"@type\":\"Organization\",\"@id\":\"https:\/\/vasasbasket.hu\/#organization\",\"name\":\"Vasas n\u0151i kos\u00e1rlabda\",\"url\":\"https:\/\/vasasbasket.hu\/\",\"logo\":{\"@type\":\"ImageObject\",\"inLanguage\":\"hu\",\"@id\":\"https:\/\/vasasbasket.hu\/#\/schema\/logo\/image\/\",\"url\":\"https:\/\/vasasbasket.hu\/wp-content\/uploads\/2017\/03\/vasas_cimer_1200.jpg\",\"contentUrl\":\"https:\/\/vasasbasket.hu\/wp-content\/uploads\/2017\/03\/vasas_cimer_1200.jpg\",\"width\":1200,\"height\":1200,\"caption\":\"Vasas n\u0151i kos\u00e1rlabda\"},\"image\":{\"@id\":\"https:\/\/vasasbasket.hu\/#\/schema\/logo\/image\/\"},\"sameAs\":[\"https:\/\/www.facebook.com\/vasaswbasket\/\"]},{\"@type\":\"Person\",\"@id\":\"https:\/\/vasasbasket.hu\/#\/schema\/person\/f1085f4d2c6582d8d0f977e92de2edee\",\"name\":\"admin\",\"image\":{\"@type\":\"ImageObject\",\"inLanguage\":\"hu\",\"@id\":\"https:\/\/vasasbasket.hu\/#\/schema\/person\/image\/\",\"url\":\"https:\/\/secure.gravatar.com\/avatar\/645c92f7d9cfe02bd93ce2d1cfa11cd3a268bdfe65486552ff04b193cea07634?s=96&d=mm&r=g\",\"contentUrl\":\"https:\/\/secure.gravatar.com\/avatar\/645c92f7d9cfe02bd93ce2d1cfa11cd3a268bdfe65486552ff04b193cea07634?s=96&d=mm&r=g\",\"caption\":\"admin\"},\"url\":\"https:\/\/vasasbasket.hu\/index.php\/author\/admin\/\"}]}<\/script>\n<!-- \/ Yoast SEO plugin. -->","yoast_head_json":{"title":"N\u00e9gy nap, n\u00e9gy gy\u0151zelem serd\u00fcl\u0151 B csapatunkt\u00f3l - Vasas n\u0151i kos\u00e1rlabda","robots":{"index":"index","follow":"follow","max-snippet":"max-snippet:-1","max-image-preview":"max-image-preview:large","max-video-preview":"max-video-preview:-1"},"canonical":"https:\/\/vasasbasket.hu\/index.php\/negy-nap-negy-gyozelem-serdulo-b-csapatunktol\/","og_locale":"hu_HU","og_type":"article","og_title":"N\u00e9gy nap, n\u00e9gy gy\u0151zelem serd\u00fcl\u0151 B csapatunkt\u00f3l - Vasas n\u0151i kos\u00e1rlabda","og_description":"A Budapest Bajnoks\u00e1gban \u00e9s a Region\u00e1lis Serd\u00fcl\u0151 Bajnoks\u00e1gban is \u00e9rdekelt U14\/B csapatunk s\u0171r\u0171 hetet z\u00e1rt. Kert\u00e9sz D\u00e1vid csapata azonban hib\u00e1tlanul teljes\u00edtett, \u00e9s n\u00e9gy gy\u0151zelmet zsebelt be. &#8222;Cs\u00fct\u00f6rt\u00f6k\u00f6n Budapest bajnoki meccset j\u00e1tszottunk, ahol ellenfel\u00fcnkkel szemben fizik\u00e1lis h\u00e1tr\u00e1nyban voltunk. Ennek ellen\u00e9re b\u00e1tran vett\u00fck fel ritmust, \u00e9s agressz\u00edv v\u00e9dekez\u00e9s\u00fcnk az utols\u00f3 negyedig kitartott. A v\u00e9g\u00e9n m\u00e1r v\u00e9dekez\u00e9sben is...","og_url":"https:\/\/vasasbasket.hu\/index.php\/negy-nap-negy-gyozelem-serdulo-b-csapatunktol\/","og_site_name":"Vasas n\u0151i kos\u00e1rlabda","article_publisher":"https:\/\/www.facebook.com\/vasaswbasket\/","article_published_time":"2019-04-01T16:28:38+00:00","og_image":[{"width":2000,"height":1333,"url":"https:\/\/vasasbasket.hu\/wp-content\/uploads\/2018\/09\/Vasas-Akad\u00e9mia-U14B.jpg","type":"image\/jpeg"}],"author":"admin","twitter_card":"summary_large_image","twitter_misc":{"Szerz\u0151:":"admin","Becs\u00fclt olvas\u00e1si id\u0151":"3 perc"},"schema":{"@context":"https:\/\/schema.org","@graph":[{"@type":"Article","@id":"https:\/\/vasasbasket.hu\/index.php\/negy-nap-negy-gyozelem-serdulo-b-csapatunktol\/#article","isPartOf":{"@id":"https:\/\/vasasbasket.hu\/index.php\/negy-nap-negy-gyozelem-serdulo-b-csapatunktol\/"},"author":{"name":"admin","@id":"https:\/\/vasasbasket.hu\/#\/schema\/person\/f1085f4d2c6582d8d0f977e92de2edee"},"headline":"N\u00e9gy nap, n\u00e9gy gy\u0151zelem serd\u00fcl\u0151 B csapatunkt\u00f3l","datePublished":"2019-04-01T16:28:38+00:00","mainEntityOfPage":{"@id":"https:\/\/vasasbasket.hu\/index.php\/negy-nap-negy-gyozelem-serdulo-b-csapatunktol\/"},"wordCount":548,"publisher":{"@id":"https:\/\/vasasbasket.hu\/#organization"},"image":{"@id":"https:\/\/vasasbasket.hu\/index.php\/negy-nap-negy-gyozelem-serdulo-b-csapatunktol\/#primaryimage"},"thumbnailUrl":"https:\/\/vasasbasket.hu\/wp-content\/uploads\/2018\/09\/Vasas-Akad\u00e9mia-U14B.jpg","articleSection":["Serd\u00fcl\u0151","\u00d6sszes H\u00edr"],"inLanguage":"hu"},{"@type":"WebPage","@id":"https:\/\/vasasbasket.hu\/index.php\/negy-nap-negy-gyozelem-serdulo-b-csapatunktol\/","url":"https:\/\/vasasbasket.hu\/index.php\/negy-nap-negy-gyozelem-serdulo-b-csapatunktol\/","name":"N\u00e9gy nap, n\u00e9gy gy\u0151zelem serd\u00fcl\u0151 B csapatunkt\u00f3l - Vasas n\u0151i kos\u00e1rlabda","isPartOf":{"@id":"https:\/\/vasasbasket.hu\/#website"},"primaryImageOfPage":{"@id":"https:\/\/vasasbasket.hu\/index.php\/negy-nap-negy-gyozelem-serdulo-b-csapatunktol\/#primaryimage"},"image":{"@id":"https:\/\/vasasbasket.hu\/index.php\/negy-nap-negy-gyozelem-serdulo-b-csapatunktol\/#primaryimage"},"thumbnailUrl":"https:\/\/vasasbasket.hu\/wp-content\/uploads\/2018\/09\/Vasas-Akad\u00e9mia-U14B.jpg","datePublished":"2019-04-01T16:28:38+00:00","breadcrumb":{"@id":"https:\/\/vasasbasket.hu\/index.php\/negy-nap-negy-gyozelem-serdulo-b-csapatunktol\/#breadcrumb"},"inLanguage":"hu","potentialAction":[{"@type":"ReadAction","target":["https:\/\/vasasbasket.hu\/index.php\/negy-nap-negy-gyozelem-serdulo-b-csapatunktol\/"]}]},{"@type":"ImageObject","inLanguage":"hu","@id":"https:\/\/vasasbasket.hu\/index.php\/negy-nap-negy-gyozelem-serdulo-b-csapatunktol\/#primaryimage","url":"https:\/\/vasasbasket.hu\/wp-content\/uploads\/2018\/09\/Vasas-Akad\u00e9mia-U14B.jpg","contentUrl":"https:\/\/vasasbasket.hu\/wp-content\/uploads\/2018\/09\/Vasas-Akad\u00e9mia-U14B.jpg","width":2000,"height":1333},{"@type":"BreadcrumbList","@id":"https:\/\/vasasbasket.hu\/index.php\/negy-nap-negy-gyozelem-serdulo-b-csapatunktol\/#breadcrumb","itemListElement":[{"@type":"ListItem","position":1,"name":"Kezd\u0151lap","item":"https:\/\/vasasbasket.hu\/"},{"@type":"ListItem","position":2,"name":"N\u00e9gy nap, n\u00e9gy gy\u0151zelem serd\u00fcl\u0151 B csapatunkt\u00f3l"}]},{"@type":"WebSite","@id":"https:\/\/vasasbasket.hu\/#website","url":"https:\/\/vasasbasket.hu\/","name":"Vasas n\u0151i kos\u00e1rlabda","description":"Vasas Basket N\u0151i","publisher":{"@id":"https:\/\/vasasbasket.hu\/#organization"},"potentialAction":[{"@type":"SearchAction","target":{"@type":"EntryPoint","urlTemplate":"https:\/\/vasasbasket.hu\/?s={search_term_string}"},"query-input":{"@type":"PropertyValueSpecification","valueRequired":true,"valueName":"search_term_string"}}],"inLanguage":"hu"},{"@type":"Organization","@id":"https:\/\/vasasbasket.hu\/#organization","name":"Vasas n\u0151i kos\u00e1rlabda","url":"https:\/\/vasasbasket.hu\/","logo":{"@type":"ImageObject","inLanguage":"hu","@id":"https:\/\/vasasbasket.hu\/#\/schema\/logo\/image\/","url":"https:\/\/vasasbasket.hu\/wp-content\/uploads\/2017\/03\/vasas_cimer_1200.jpg","contentUrl":"https:\/\/vasasbasket.hu\/wp-content\/uploads\/2017\/03\/vasas_cimer_1200.jpg","width":1200,"height":1200,"caption":"Vasas n\u0151i kos\u00e1rlabda"},"image":{"@id":"https:\/\/vasasbasket.hu\/#\/schema\/logo\/image\/"},"sameAs":["https:\/\/www.facebook.com\/vasaswbasket\/"]},{"@type":"Person","@id":"https:\/\/vasasbasket.hu\/#\/schema\/person\/f1085f4d2c6582d8d0f977e92de2edee","name":"admin","image":{"@type":"ImageObject","inLanguage":"hu","@id":"https:\/\/vasasbasket.hu\/#\/schema\/person\/image\/","url":"https:\/\/secure.gravatar.com\/avatar\/645c92f7d9cfe02bd93ce2d1cfa11cd3a268bdfe65486552ff04b193cea07634?s=96&d=mm&r=g","contentUrl":"https:\/\/secure.gravatar.com\/avatar\/645c92f7d9cfe02bd93ce2d1cfa11cd3a268bdfe65486552ff04b193cea07634?s=96&d=mm&r=g","caption":"admin"},"url":"https:\/\/vasasbasket.hu\/index.php\/author\/admin\/"}]}},"_links":{"self":[{"href":"https:\/\/vasasbasket.hu\/index.php\/wp-json\/wp\/v2\/posts\/5443","targetHints":{"allow":["GET"]}}],"collection":[{"href":"https:\/\/vasasbasket.hu\/index.php\/wp-json\/wp\/v2\/posts"}],"about":[{"href":"https:\/\/vasasbasket.hu\/index.php\/wp-json\/wp\/v2\/types\/post"}],"author":[{"embeddable":true,"href":"https:\/\/vasasbasket.hu\/index.php\/wp-json\/wp\/v2\/users\/1"}],"replies":[{"embeddable":true,"href":"https:\/\/vasasbasket.hu\/index.php\/wp-json\/wp\/v2\/comments?post=5443"}],"version-history":[{"count":1,"href":"https:\/\/vasasbasket.hu\/index.php\/wp-json\/wp\/v2\/posts\/5443\/revisions"}],"predecessor-version":[{"id":5444,"href":"https:\/\/vasasbasket.hu\/index.php\/wp-json\/wp\/v2\/posts\/5443\/revisions\/5444"}],"wp:featuredmedia":[{"embeddable":true,"href":"https:\/\/vasasbasket.hu\/index.php\/wp-json\/wp\/v2\/media\/4288"}],"wp:attachment":[{"href":"https:\/\/vasasbasket.hu\/index.php\/wp-json\/wp\/v2\/media?parent=5443"}],"wp:term":[{"taxonomy":"category","embeddable":true,"href":"https:\/\/vasasbasket.hu\/index.php\/wp-json\/wp\/v2\/categories?post=5443"},{"taxonomy":"post_tag","embeddable":true,"href":"https:\/\/vasasbasket.hu\/index.php\/wp-json\/wp\/v2\/tags?post=5443"}],"curies":[{"name":"wp","href":"https:\/\/api.w.org\/{rel}","templated":true}]}}