{"id":5438,"date":"2019-04-01T16:07:55","date_gmt":"2019-04-01T16:07:55","guid":{"rendered":"http:\/\/vasasbasket.hu\/?p=5438"},"modified":"2019-04-04T09:33:21","modified_gmt":"2019-04-04T09:33:21","slug":"szepen-muzsikaltak-az-u12-esek","status":"publish","type":"post","link":"https:\/\/vasasbasket.hu\/index.php\/szepen-muzsikaltak-az-u12-esek\/","title":{"rendered":"Sz\u00e9pen muzsik\u00e1ltak az U12-esek"},"content":{"rendered":"<p><strong>\u00d6sszesen n\u00e9gy Orsz\u00e1gos bajnoki meccset j\u00e1tszott a h\u00e9tv\u00e9g\u00e9n k\u00e9t gyermek csapatunk. A Bolh\u00e1k mindk\u00e9t m\u00e9rk\u0151z\u00e9s\u00fcket megnyert\u00e9k, az Amazonok az els\u0151 meccsen legy\u0151zt\u00e9k a K\u00f6L\u00f6k\u00f6s Fi\u00fakat, a m\u00e1sodikra azonban kicsit elf\u00e1radtak, \u00edgy h\u00e1rom ponttal kikaptak a T\u00f6r\u00f6k Sasok ellen. A veres\u00e9g ellen\u00e9re is egy csoporttal feljebb l\u00e9phet\u00fcnk, mert k\u00f6rbever\u00e9s alakult ki, ahol mi z\u00e1rtunk a legjobb pontar\u00e1nnyal.<\/strong><\/p>\n<p><em>&#8222;Nagyon sz\u00e9pen, egys\u00e9gesen, csapatk\u00e9nt siker\u00fclt legy\u0151zn\u00fcnk a K\u00f6L\u00f6k\u00f6s Fi\u00fak csapat\u00e1t. Szok\u00e1sosan, pontokban szeg\u00e9ny meccset j\u00e1tszottunk. Nagyon b\u00fcszke voltam a l\u00e1nyokra, hogy ism\u00e9t nem h\u00e1tr\u00e1ltak meg a fi\u00fakt\u00f3l, s\u0151t ez\u00fattal sebess\u00e9gben \u00e9s fizik\u00e1lisan is siker\u00fclt vel\u00fck tartanunk a l\u00e9p\u00e9st, volt k\u00fczd\u00e9s \u00e9s elsz\u00e1nts\u00e1g az utols\u00f3 percig. V\u00e9dekez\u00e9sben is nagyon sz\u00e9pen muzsik\u00e1ltunk, akiket az ellenf\u00e9lb\u0151l kiemeltem, mindenkin nagyon sz\u00e9pen v\u00e9dekezt\u00fcnk&#8221;<\/em> &#8211; mondta a csapat edz\u0151je, Kiss M\u00e1t\u00e9.<\/p>\n<p><strong>Vasas Amazonok &#8211;<\/strong> K\u00f6L\u00f6k\u00f6s Fi\u00fak <strong>36-27<\/strong> (3-7, 8+5 &#8211; 4+5, 15-8, 5-3)<br \/>\n<em>Pontszerz\u0151k:<\/em><br \/>\n<strong>Vasas Amazonok:<\/strong> Kasz\u00e1s Lili 5, F\u00e1bi\u00e1n Szofi 8, Lengyel Luca 4, Kiss Z\u00f3ra 2, Kiss Kamilla 1, Tam\u00e1s Petra 7, Szab\u00f3 Em\u00edlia 1, Harmati Emma 3, Schannen Zo\u00e9 2, Csercsa Eszter 4, Ny\u00edr\u0151 R\u00f3za, Bori Liza<\/p>\n<p><em>&#8222;K\u00f6zvetlen\u00fcl az els\u0151 meccs ut\u00e1n j\u00e1tszottunk a T\u00f6r\u00f6k Sasok ellen, a fi\u00fakkal val\u00f3 k\u00fczd\u00e9s sor\u00e1n sajnos fizikailag \u00e9s fejben egyar\u00e1nt elf\u00e1radtak a l\u00e1nyok. Az els\u0151 meccsen mutatott sz\u00e9p bet\u00f6r\u00e9s-leoszt\u00e1sok, \u00e9s seg\u00edt\u00e9sek nem annyira j\u00f6ttek \u00f6ssze, sok hib\u00e1val j\u00e1tszottunk. Sok b\u00fcntet\u0151 \u00e9s ziccer maradt ki, amik megbosszult\u00e1k magukat. A harmadik negyedben siker\u00fclt eg\u00e1lra felz\u00e1rk\u00f3znunk, a negyedikben azonban nem siker\u00fclt megtartani a lend\u00fcletet&#8221;<\/em> &#8211; mondta Kiss M\u00e1t\u00e9.<\/p>\n<p>T\u00f6r\u00f6k Sasok <strong>&#8211; Vasas Amazonok 39-36<\/strong> (13-9, 12+6 &#8211; 11+3, 2-10, 6-3)<br \/>\n<em>Pontszerz\u0151k:<\/em><br \/>\n<strong>Vasas Amazonok: <\/strong>Kasz\u00e1s Lili 4, Harmati Emma 6, Kiss Kamilla 6, F\u00e1bi\u00e1n Szofi 9, Bori Liza 2, Ny\u00edr\u0151 R\u00f3za 1, Tam\u00e1s Petra 3, Szab\u00f3 Em\u00edlia 1, Csercsa Eszter 2, Lengyel Luca 2, Kiss Z\u00f3ra\u00a0 , Schannen Zo\u00e9<img loading=\"lazy\" decoding=\"async\" class=\"wp-image-5455 aligncenter\" src=\"http:\/\/vasasbasket.hu\/wp-content\/uploads\/2019\/04\/IMG_20190331_125853-e1554369807724-1024x637.jpg\" alt=\"\" width=\"656\" height=\"408\" srcset=\"https:\/\/vasasbasket.hu\/wp-content\/uploads\/2019\/04\/IMG_20190331_125853-e1554369807724-1024x637.jpg 1024w, https:\/\/vasasbasket.hu\/wp-content\/uploads\/2019\/04\/IMG_20190331_125853-e1554369807724-570x355.jpg 570w, https:\/\/vasasbasket.hu\/wp-content\/uploads\/2019\/04\/IMG_20190331_125853-e1554369807724-440x274.jpg 440w, https:\/\/vasasbasket.hu\/wp-content\/uploads\/2019\/04\/IMG_20190331_125853-e1554369807724-300x187.jpg 300w, https:\/\/vasasbasket.hu\/wp-content\/uploads\/2019\/04\/IMG_20190331_125853-e1554369807724-768x478.jpg 768w, https:\/\/vasasbasket.hu\/wp-content\/uploads\/2019\/04\/IMG_20190331_125853-e1554369807724-128x80.jpg 128w, https:\/\/vasasbasket.hu\/wp-content\/uploads\/2019\/04\/IMG_20190331_125853-e1554369807724-32x20.jpg 32w, https:\/\/vasasbasket.hu\/wp-content\/uploads\/2019\/04\/IMG_20190331_125853-e1554369807724-98x61.jpg 98w, https:\/\/vasasbasket.hu\/wp-content\/uploads\/2019\/04\/IMG_20190331_125853-e1554369807724.jpg 1392w\" sizes=\"auto, (max-width: 656px) 100vw, 656px\" \/>A Vasas Bolh\u00e1k izgalmas h\u00e9tv\u00e9g\u00e9nek n\u00e9ztek el\u00e9be, ugyanis mindk\u00e9t csapattal akivel j\u00e1tszottunk tal\u00e1lkoztunk m\u00e1r, \u00e9s mindkett\u0151t\u0151l ki is kaptunk. Sok id\u0151 telt el azonban az\u00f3ta, ami az eredm\u00e9nyen is megl\u00e1tszik.<\/p>\n<p><em>&#8222;\u00dagy gondolom, csapatuknak a v\u00e9dekez\u00e9s nagy er\u0151ss\u00e9ge. Ezt elmondtam a l\u00e1nyoknak is meccs el\u0151tt, ha siker\u00fcl agressz\u00edvan, lelkesen, \u00e9s nagy akarattal v\u00e9dekezni b\u00e1rmi lehets\u00e9ges. \u00cdgy is kezdt\u00fck a m\u00e9rk\u0151z\u00e9st, \u00e9s siker\u00fclt is nagyj\u00e1b\u00f3l eg\u00e9sz meccs alatt megtartani. Nagyon j\u00f3l megoldottuk a n\u00e1lunk er\u0151sebb fi\u00fak elleni egy-egy v\u00e9d\u00e9s\u00e9t, de ha meg is vert\u00e9k az ember\u00fcket egyb\u0151l j\u00f6tt a beseg\u00edt\u00e9s. Ebb\u0151l nagy \u00f6nbizalmat mer\u00edtve, siker\u00fclt t\u00e1mad\u00e1sban is helyt \u00e1llnunk. A k\u00fcl\u00f6nbs\u00e9g a k\u00e9t csapat k\u00f6z\u00f6tt egyre n\u0151tt a mi javunkra. Siker\u00fclt n\u00e9hol gy\u00f6ny\u00f6r\u0171 passz-befut\u00e1sb\u00f3l is kosarat dobni, amit sokat gyakorlunk mostan\u00e1ban. Az ellenf\u00e9l nem tal\u00e1lt ellenszert agressz\u00edv v\u00e9dekez\u00e9s\u00fcnkre, mi meg egyre jobban megtal\u00e1ltuk az \u00fcres embereket t\u00e1mad\u00e1sban. Az utols\u00f3 negyedben a 19 dobott pont \u00e9s vele szemben a 2 kapott mindent el\u00e1rul. A V\u00f6r\u00f6s R\u00f3k\u00e1k csapat\u00e1val m\u00e9g decemberben j\u00e1tszottunk, amikor is 20 ponttal kaptunk ki t\u0151l\u00fck. Ez a mostani m\u00e9rk\u0151z\u00e9s egy nagyon sz\u00e9p teljes\u00edtm\u00e9ny a l\u00e1nyokt\u00f3l&#8221;<\/em> &#8211; mondta a csapat edz\u0151je, Kaluha-Guti Alexandra.<\/p>\n<p>V\u00f6r\u00f6s R\u00f3k\u00e1k <strong>&#8211; Vasas Bolh\u00e1k 23-57<\/strong> (4-8, 8+4-12+5, 4-13, 2-19)<br \/>\n<em>Pontszerz\u0151k:<br \/>\n<\/em><strong>Vasas Bolh\u00e1k:<\/strong> Galavits Lili 3, Pusk\u00e1s Lili 9, Sz\u00edj-K. Zo\u00e9 12, Fodor J\u00e1zmin 3, T\u00f3th Frotti 3, Muszka Zita 1, Mayr Lara 2, Istenes Ida 7, K\u00fcsm\u00f6di Eszter 9, Tam\u00e1s Petra 6, K\u00e1rp\u00e1thegyi L\u00e9da 2<\/p>\n<p><img loading=\"lazy\" decoding=\"async\" class=\" wp-image-5456 alignright\" src=\"http:\/\/vasasbasket.hu\/wp-content\/uploads\/2019\/04\/received_335306320453014-768x1024.jpeg\" alt=\"\" width=\"375\" height=\"500\" srcset=\"https:\/\/vasasbasket.hu\/wp-content\/uploads\/2019\/04\/received_335306320453014-768x1024.jpeg 768w, https:\/\/vasasbasket.hu\/wp-content\/uploads\/2019\/04\/received_335306320453014-570x760.jpeg 570w, https:\/\/vasasbasket.hu\/wp-content\/uploads\/2019\/04\/received_335306320453014-440x587.jpeg 440w, https:\/\/vasasbasket.hu\/wp-content\/uploads\/2019\/04\/received_335306320453014-225x300.jpeg 225w, https:\/\/vasasbasket.hu\/wp-content\/uploads\/2019\/04\/received_335306320453014-96x128.jpeg 96w, https:\/\/vasasbasket.hu\/wp-content\/uploads\/2019\/04\/received_335306320453014-24x32.jpeg 24w, https:\/\/vasasbasket.hu\/wp-content\/uploads\/2019\/04\/received_335306320453014-74x98.jpeg 74w, https:\/\/vasasbasket.hu\/wp-content\/uploads\/2019\/04\/received_335306320453014-scaled.jpeg 1920w\" sizes=\"auto, (max-width: 375px) 100vw, 375px\" \/><em>&#8222;Egy meccs sz\u00fcnettel v\u00e1gtunk neki a m\u00e1sodik m\u00e9rk\u0151z\u00e9snek. Megl\u00e1tszott a csapaton hogy sok volt ez a pihen\u0151, \u00e9s az els\u0151 meccs p\u00f6rg\u00e9se ut\u00e1n nagyon leengedtek. Gyakorlatilag az els\u0151 negyedben nem volt egy darab gyors l\u00e9p\u00e9s\u00fcnk sem. Nagyon le voltunk lassulva mind v\u00e9dekez\u00e9sben, mind t\u00e1mad\u00e1sban. Hi\u00e1ba k\u00e9rtem id\u0151t viszonylag hamar, nem siker\u00fclt felp\u00f6r\u00f6gni, 1-14 lett az els\u0151 negyed. Ekkor j\u00f6tt a m\u00e1sodik \u00f6t\u00f6s, akiknek elmondtam ha ezen nem tudunk v\u00e1ltoztatni \u00e9s felp\u00f6r\u00f6gni annyira, mint az els\u0151 meccsen, es\u00e9ly\u00fcnk sem lesz nyerni. Szerencs\u00e9re a l\u00e1nyok nagyon j\u00f3l meg\u00e9rtett\u00e9k ezt, \u00e9s oda is tett\u00e9k magukat. A m\u00e1sodik negyedben nem kaptunk pontot, cser\u00e9be 11-et dobtunk. Semmi extr\u00e1t nem csin\u00e1ltunk, csup\u00e1n elkezdt\u00fcnk megint agressz\u00edvan v\u00e9dekezni, \u00e9s gyorsabban t\u00e1madni. Ehhez m\u00e9g f\u00e9lid\u0151ben siker\u00fclt h\u00e9t b\u00fcntet\u0151t bedobni, amivel \u00e1tvett\u00fck a vezet\u00e9st. A harmadik negyedben a t\u00e1mad\u00e1s sajnos nem \u00e1llt helyre, nagyon sok kihagyott ziccer\u00fcnk volt, de a v\u00e9dekez\u00e9s teljesen helyre\u00e1llt, \u00e9s maximumon p\u00f6r\u00f6gtek a l\u00e1nyok. Egy pont el\u0151nnyel v\u00e1gtunk neki a negyedik negyednek. V\u00e9gre siker\u00fclt koncentr\u00e1lni a befejez\u00e9sekre, \u00e9s a passzok is pontosak voltak. Sz\u00e9pen megtal\u00e1ltuk egym\u00e1st, voltak eg\u00e9sz biztat\u00f3 t\u00e1mad\u00e1saink. A v\u00e9dekez\u00e9s stabil volt, \u00edgy v\u00e9g\u00fcl kilenc ponttal siker\u00fclt nyern\u00fcnk ezen az izgalmas m\u00e9rk\u0151z\u00e9sen. Gratul\u00e1lok a l\u00e1nyoknak a k\u00e9t gy\u0151zelemhez, mindk\u00e9t meccs\u00fcnk egy n\u00e1lunk fizik\u00e1lisan er\u0151sebb csapat ellen volt, \u00e9s nagyon sz\u00e9pen felvett\u00e9k a keszty\u0171t a l\u00e1nyok. Nagyon \u00f6r\u00fcl\u00f6k a gy\u0151zelmeknek, igazi kem\u00e9ny k\u00fczdelem volt, amib\u0151l mi j\u00f6tt\u00fcnk ki gy\u0151ztesen&#8221;<\/em> &#8211; mondta Kaluha-Guti Alexandra.<\/p>\n<p><strong>Vasas Bolh\u00e1k &#8211;<\/strong> KKS <strong>34-25<\/strong> (1-14, 11+7-0+1, 1-4, 14-6)<br \/>\n<em>Pontszerz\u0151k:<br \/>\n<\/em><strong>Vasas Bolh\u00e1k:<\/strong> Roberti Maja 1, Muszka Zita 1, Galavits Lili 1, Sz\u00edj-K. Zo\u00e9 7, Pusk\u00e1s Lili 8, T\u00f3th Frotti 4, K\u00fcsm\u00f6di Eszter 1, K\u00e1rp\u00e1thegyi L\u00e9da 1, Fodor J\u00e1zmin 5, Szab\u00f3 Em\u00edlia 5<\/p>\n","protected":false},"excerpt":{"rendered":"<p>\u00d6sszesen n\u00e9gy Orsz\u00e1gos bajnoki meccset j\u00e1tszott a h\u00e9tv\u00e9g\u00e9n k\u00e9t gyermek csapatunk. A Bolh\u00e1k mindk\u00e9t m\u00e9rk\u0151z\u00e9s\u00fcket megnyert\u00e9k, az Amazonok az els\u0151 meccsen legy\u0151zt\u00e9k a K\u00f6L\u00f6k\u00f6s Fi\u00fakat, a m\u00e1sodikra azonban kicsit elf\u00e1radtak, \u00edgy h\u00e1rom ponttal kikaptak a T\u00f6r\u00f6k Sasok ellen. A veres\u00e9g ellen\u00e9re is egy csoporttal feljebb l\u00e9phet\u00fcnk, mert k\u00f6rbever\u00e9s alakult ki, ahol mi z\u00e1rtunk a legjobb&#8230;<\/p>\n","protected":false},"author":1,"featured_media":5439,"comment_status":"closed","ping_status":"open","sticky":false,"template":"","format":"standard","meta":{"footnotes":""},"categories":[73,92],"tags":[],"class_list":["post-5438","post","type-post","status-publish","format-standard","has-post-thumbnail","hentry","category-gyerek","category-hirek"],"yoast_head":"<!-- This site is optimized with the Yoast SEO plugin v26.0 - https:\/\/yoast.com\/wordpress\/plugins\/seo\/ -->\n<title>Sz\u00e9pen muzsik\u00e1ltak az U12-esek - Vasas n\u0151i kos\u00e1rlabda<\/title>\n<meta name=\"robots\" content=\"index, follow, max-snippet:-1, max-image-preview:large, max-video-preview:-1\" \/>\n<link rel=\"canonical\" href=\"https:\/\/vasasbasket.hu\/index.php\/szepen-muzsikaltak-az-u12-esek\/\" \/>\n<meta property=\"og:locale\" content=\"hu_HU\" \/>\n<meta property=\"og:type\" content=\"article\" \/>\n<meta property=\"og:title\" content=\"Sz\u00e9pen muzsik\u00e1ltak az U12-esek - Vasas n\u0151i kos\u00e1rlabda\" \/>\n<meta property=\"og:description\" content=\"\u00d6sszesen n\u00e9gy Orsz\u00e1gos bajnoki meccset j\u00e1tszott a h\u00e9tv\u00e9g\u00e9n k\u00e9t gyermek csapatunk. A Bolh\u00e1k mindk\u00e9t m\u00e9rk\u0151z\u00e9s\u00fcket megnyert\u00e9k, az Amazonok az els\u0151 meccsen legy\u0151zt\u00e9k a K\u00f6L\u00f6k\u00f6s Fi\u00fakat, a m\u00e1sodikra azonban kicsit elf\u00e1radtak, \u00edgy h\u00e1rom ponttal kikaptak a T\u00f6r\u00f6k Sasok ellen. A veres\u00e9g ellen\u00e9re is egy csoporttal feljebb l\u00e9phet\u00fcnk, mert k\u00f6rbever\u00e9s alakult ki, ahol mi z\u00e1rtunk a legjobb...\" \/>\n<meta property=\"og:url\" content=\"https:\/\/vasasbasket.hu\/index.php\/szepen-muzsikaltak-az-u12-esek\/\" \/>\n<meta property=\"og:site_name\" content=\"Vasas n\u0151i kos\u00e1rlabda\" \/>\n<meta property=\"article:publisher\" content=\"https:\/\/www.facebook.com\/vasaswbasket\/\" \/>\n<meta property=\"article:published_time\" content=\"2019-04-01T16:07:55+00:00\" \/>\n<meta property=\"article:modified_time\" content=\"2019-04-04T09:33:21+00:00\" \/>\n<meta property=\"og:image\" content=\"https:\/\/vasasbasket.hu\/wp-content\/uploads\/2019\/04\/55793593_267588534186646_5896409679822585856_n-e1554134347212.jpg\" \/>\n\t<meta property=\"og:image:width\" content=\"1116\" \/>\n\t<meta property=\"og:image:height\" content=\"712\" \/>\n\t<meta property=\"og:image:type\" content=\"image\/jpeg\" \/>\n<meta name=\"author\" content=\"admin\" \/>\n<meta name=\"twitter:card\" content=\"summary_large_image\" \/>\n<meta name=\"twitter:label1\" content=\"Szerz\u0151:\" \/>\n\t<meta name=\"twitter:data1\" content=\"admin\" \/>\n\t<meta name=\"twitter:label2\" content=\"Becs\u00fclt olvas\u00e1si id\u0151\" \/>\n\t<meta name=\"twitter:data2\" content=\"5 perc\" \/>\n<script type=\"application\/ld+json\" class=\"yoast-schema-graph\">{\"@context\":\"https:\/\/schema.org\",\"@graph\":[{\"@type\":\"Article\",\"@id\":\"https:\/\/vasasbasket.hu\/index.php\/szepen-muzsikaltak-az-u12-esek\/#article\",\"isPartOf\":{\"@id\":\"https:\/\/vasasbasket.hu\/index.php\/szepen-muzsikaltak-az-u12-esek\/\"},\"author\":{\"name\":\"admin\",\"@id\":\"https:\/\/vasasbasket.hu\/#\/schema\/person\/f1085f4d2c6582d8d0f977e92de2edee\"},\"headline\":\"Sz\u00e9pen muzsik\u00e1ltak az U12-esek\",\"datePublished\":\"2019-04-01T16:07:55+00:00\",\"dateModified\":\"2019-04-04T09:33:21+00:00\",\"mainEntityOfPage\":{\"@id\":\"https:\/\/vasasbasket.hu\/index.php\/szepen-muzsikaltak-az-u12-esek\/\"},\"wordCount\":1103,\"publisher\":{\"@id\":\"https:\/\/vasasbasket.hu\/#organization\"},\"image\":{\"@id\":\"https:\/\/vasasbasket.hu\/index.php\/szepen-muzsikaltak-az-u12-esek\/#primaryimage\"},\"thumbnailUrl\":\"https:\/\/vasasbasket.hu\/wp-content\/uploads\/2019\/04\/55793593_267588534186646_5896409679822585856_n-e1554134347212.jpg\",\"articleSection\":[\"Gyerek\",\"\u00d6sszes H\u00edr\"],\"inLanguage\":\"hu\"},{\"@type\":\"WebPage\",\"@id\":\"https:\/\/vasasbasket.hu\/index.php\/szepen-muzsikaltak-az-u12-esek\/\",\"url\":\"https:\/\/vasasbasket.hu\/index.php\/szepen-muzsikaltak-az-u12-esek\/\",\"name\":\"Sz\u00e9pen muzsik\u00e1ltak az U12-esek - Vasas n\u0151i kos\u00e1rlabda\",\"isPartOf\":{\"@id\":\"https:\/\/vasasbasket.hu\/#website\"},\"primaryImageOfPage\":{\"@id\":\"https:\/\/vasasbasket.hu\/index.php\/szepen-muzsikaltak-az-u12-esek\/#primaryimage\"},\"image\":{\"@id\":\"https:\/\/vasasbasket.hu\/index.php\/szepen-muzsikaltak-az-u12-esek\/#primaryimage\"},\"thumbnailUrl\":\"https:\/\/vasasbasket.hu\/wp-content\/uploads\/2019\/04\/55793593_267588534186646_5896409679822585856_n-e1554134347212.jpg\",\"datePublished\":\"2019-04-01T16:07:55+00:00\",\"dateModified\":\"2019-04-04T09:33:21+00:00\",\"breadcrumb\":{\"@id\":\"https:\/\/vasasbasket.hu\/index.php\/szepen-muzsikaltak-az-u12-esek\/#breadcrumb\"},\"inLanguage\":\"hu\",\"potentialAction\":[{\"@type\":\"ReadAction\",\"target\":[\"https:\/\/vasasbasket.hu\/index.php\/szepen-muzsikaltak-az-u12-esek\/\"]}]},{\"@type\":\"ImageObject\",\"inLanguage\":\"hu\",\"@id\":\"https:\/\/vasasbasket.hu\/index.php\/szepen-muzsikaltak-az-u12-esek\/#primaryimage\",\"url\":\"https:\/\/vasasbasket.hu\/wp-content\/uploads\/2019\/04\/55793593_267588534186646_5896409679822585856_n-e1554134347212.jpg\",\"contentUrl\":\"https:\/\/vasasbasket.hu\/wp-content\/uploads\/2019\/04\/55793593_267588534186646_5896409679822585856_n-e1554134347212.jpg\",\"width\":1116,\"height\":712},{\"@type\":\"BreadcrumbList\",\"@id\":\"https:\/\/vasasbasket.hu\/index.php\/szepen-muzsikaltak-az-u12-esek\/#breadcrumb\",\"itemListElement\":[{\"@type\":\"ListItem\",\"position\":1,\"name\":\"Kezd\u0151lap\",\"item\":\"https:\/\/vasasbasket.hu\/\"},{\"@type\":\"ListItem\",\"position\":2,\"name\":\"Sz\u00e9pen muzsik\u00e1ltak az U12-esek\"}]},{\"@type\":\"WebSite\",\"@id\":\"https:\/\/vasasbasket.hu\/#website\",\"url\":\"https:\/\/vasasbasket.hu\/\",\"name\":\"Vasas n\u0151i kos\u00e1rlabda\",\"description\":\"Vasas Basket N\u0151i\",\"publisher\":{\"@id\":\"https:\/\/vasasbasket.hu\/#organization\"},\"potentialAction\":[{\"@type\":\"SearchAction\",\"target\":{\"@type\":\"EntryPoint\",\"urlTemplate\":\"https:\/\/vasasbasket.hu\/?s={search_term_string}\"},\"query-input\":{\"@type\":\"PropertyValueSpecification\",\"valueRequired\":true,\"valueName\":\"search_term_string\"}}],\"inLanguage\":\"hu\"},{\"@type\":\"Organization\",\"@id\":\"https:\/\/vasasbasket.hu\/#organization\",\"name\":\"Vasas n\u0151i kos\u00e1rlabda\",\"url\":\"https:\/\/vasasbasket.hu\/\",\"logo\":{\"@type\":\"ImageObject\",\"inLanguage\":\"hu\",\"@id\":\"https:\/\/vasasbasket.hu\/#\/schema\/logo\/image\/\",\"url\":\"https:\/\/vasasbasket.hu\/wp-content\/uploads\/2017\/03\/vasas_cimer_1200.jpg\",\"contentUrl\":\"https:\/\/vasasbasket.hu\/wp-content\/uploads\/2017\/03\/vasas_cimer_1200.jpg\",\"width\":1200,\"height\":1200,\"caption\":\"Vasas n\u0151i kos\u00e1rlabda\"},\"image\":{\"@id\":\"https:\/\/vasasbasket.hu\/#\/schema\/logo\/image\/\"},\"sameAs\":[\"https:\/\/www.facebook.com\/vasaswbasket\/\"]},{\"@type\":\"Person\",\"@id\":\"https:\/\/vasasbasket.hu\/#\/schema\/person\/f1085f4d2c6582d8d0f977e92de2edee\",\"name\":\"admin\",\"image\":{\"@type\":\"ImageObject\",\"inLanguage\":\"hu\",\"@id\":\"https:\/\/vasasbasket.hu\/#\/schema\/person\/image\/\",\"url\":\"https:\/\/secure.gravatar.com\/avatar\/645c92f7d9cfe02bd93ce2d1cfa11cd3a268bdfe65486552ff04b193cea07634?s=96&d=mm&r=g\",\"contentUrl\":\"https:\/\/secure.gravatar.com\/avatar\/645c92f7d9cfe02bd93ce2d1cfa11cd3a268bdfe65486552ff04b193cea07634?s=96&d=mm&r=g\",\"caption\":\"admin\"},\"url\":\"https:\/\/vasasbasket.hu\/index.php\/author\/admin\/\"}]}<\/script>\n<!-- \/ Yoast SEO plugin. -->","yoast_head_json":{"title":"Sz\u00e9pen muzsik\u00e1ltak az U12-esek - Vasas n\u0151i kos\u00e1rlabda","robots":{"index":"index","follow":"follow","max-snippet":"max-snippet:-1","max-image-preview":"max-image-preview:large","max-video-preview":"max-video-preview:-1"},"canonical":"https:\/\/vasasbasket.hu\/index.php\/szepen-muzsikaltak-az-u12-esek\/","og_locale":"hu_HU","og_type":"article","og_title":"Sz\u00e9pen muzsik\u00e1ltak az U12-esek - Vasas n\u0151i kos\u00e1rlabda","og_description":"\u00d6sszesen n\u00e9gy Orsz\u00e1gos bajnoki meccset j\u00e1tszott a h\u00e9tv\u00e9g\u00e9n k\u00e9t gyermek csapatunk. A Bolh\u00e1k mindk\u00e9t m\u00e9rk\u0151z\u00e9s\u00fcket megnyert\u00e9k, az Amazonok az els\u0151 meccsen legy\u0151zt\u00e9k a K\u00f6L\u00f6k\u00f6s Fi\u00fakat, a m\u00e1sodikra azonban kicsit elf\u00e1radtak, \u00edgy h\u00e1rom ponttal kikaptak a T\u00f6r\u00f6k Sasok ellen. A veres\u00e9g ellen\u00e9re is egy csoporttal feljebb l\u00e9phet\u00fcnk, mert k\u00f6rbever\u00e9s alakult ki, ahol mi z\u00e1rtunk a legjobb...","og_url":"https:\/\/vasasbasket.hu\/index.php\/szepen-muzsikaltak-az-u12-esek\/","og_site_name":"Vasas n\u0151i kos\u00e1rlabda","article_publisher":"https:\/\/www.facebook.com\/vasaswbasket\/","article_published_time":"2019-04-01T16:07:55+00:00","article_modified_time":"2019-04-04T09:33:21+00:00","og_image":[{"width":1116,"height":712,"url":"https:\/\/vasasbasket.hu\/wp-content\/uploads\/2019\/04\/55793593_267588534186646_5896409679822585856_n-e1554134347212.jpg","type":"image\/jpeg"}],"author":"admin","twitter_card":"summary_large_image","twitter_misc":{"Szerz\u0151:":"admin","Becs\u00fclt olvas\u00e1si id\u0151":"5 perc"},"schema":{"@context":"https:\/\/schema.org","@graph":[{"@type":"Article","@id":"https:\/\/vasasbasket.hu\/index.php\/szepen-muzsikaltak-az-u12-esek\/#article","isPartOf":{"@id":"https:\/\/vasasbasket.hu\/index.php\/szepen-muzsikaltak-az-u12-esek\/"},"author":{"name":"admin","@id":"https:\/\/vasasbasket.hu\/#\/schema\/person\/f1085f4d2c6582d8d0f977e92de2edee"},"headline":"Sz\u00e9pen muzsik\u00e1ltak az U12-esek","datePublished":"2019-04-01T16:07:55+00:00","dateModified":"2019-04-04T09:33:21+00:00","mainEntityOfPage":{"@id":"https:\/\/vasasbasket.hu\/index.php\/szepen-muzsikaltak-az-u12-esek\/"},"wordCount":1103,"publisher":{"@id":"https:\/\/vasasbasket.hu\/#organization"},"image":{"@id":"https:\/\/vasasbasket.hu\/index.php\/szepen-muzsikaltak-az-u12-esek\/#primaryimage"},"thumbnailUrl":"https:\/\/vasasbasket.hu\/wp-content\/uploads\/2019\/04\/55793593_267588534186646_5896409679822585856_n-e1554134347212.jpg","articleSection":["Gyerek","\u00d6sszes H\u00edr"],"inLanguage":"hu"},{"@type":"WebPage","@id":"https:\/\/vasasbasket.hu\/index.php\/szepen-muzsikaltak-az-u12-esek\/","url":"https:\/\/vasasbasket.hu\/index.php\/szepen-muzsikaltak-az-u12-esek\/","name":"Sz\u00e9pen muzsik\u00e1ltak az U12-esek - Vasas n\u0151i kos\u00e1rlabda","isPartOf":{"@id":"https:\/\/vasasbasket.hu\/#website"},"primaryImageOfPage":{"@id":"https:\/\/vasasbasket.hu\/index.php\/szepen-muzsikaltak-az-u12-esek\/#primaryimage"},"image":{"@id":"https:\/\/vasasbasket.hu\/index.php\/szepen-muzsikaltak-az-u12-esek\/#primaryimage"},"thumbnailUrl":"https:\/\/vasasbasket.hu\/wp-content\/uploads\/2019\/04\/55793593_267588534186646_5896409679822585856_n-e1554134347212.jpg","datePublished":"2019-04-01T16:07:55+00:00","dateModified":"2019-04-04T09:33:21+00:00","breadcrumb":{"@id":"https:\/\/vasasbasket.hu\/index.php\/szepen-muzsikaltak-az-u12-esek\/#breadcrumb"},"inLanguage":"hu","potentialAction":[{"@type":"ReadAction","target":["https:\/\/vasasbasket.hu\/index.php\/szepen-muzsikaltak-az-u12-esek\/"]}]},{"@type":"ImageObject","inLanguage":"hu","@id":"https:\/\/vasasbasket.hu\/index.php\/szepen-muzsikaltak-az-u12-esek\/#primaryimage","url":"https:\/\/vasasbasket.hu\/wp-content\/uploads\/2019\/04\/55793593_267588534186646_5896409679822585856_n-e1554134347212.jpg","contentUrl":"https:\/\/vasasbasket.hu\/wp-content\/uploads\/2019\/04\/55793593_267588534186646_5896409679822585856_n-e1554134347212.jpg","width":1116,"height":712},{"@type":"BreadcrumbList","@id":"https:\/\/vasasbasket.hu\/index.php\/szepen-muzsikaltak-az-u12-esek\/#breadcrumb","itemListElement":[{"@type":"ListItem","position":1,"name":"Kezd\u0151lap","item":"https:\/\/vasasbasket.hu\/"},{"@type":"ListItem","position":2,"name":"Sz\u00e9pen muzsik\u00e1ltak az U12-esek"}]},{"@type":"WebSite","@id":"https:\/\/vasasbasket.hu\/#website","url":"https:\/\/vasasbasket.hu\/","name":"Vasas n\u0151i kos\u00e1rlabda","description":"Vasas Basket N\u0151i","publisher":{"@id":"https:\/\/vasasbasket.hu\/#organization"},"potentialAction":[{"@type":"SearchAction","target":{"@type":"EntryPoint","urlTemplate":"https:\/\/vasasbasket.hu\/?s={search_term_string}"},"query-input":{"@type":"PropertyValueSpecification","valueRequired":true,"valueName":"search_term_string"}}],"inLanguage":"hu"},{"@type":"Organization","@id":"https:\/\/vasasbasket.hu\/#organization","name":"Vasas n\u0151i kos\u00e1rlabda","url":"https:\/\/vasasbasket.hu\/","logo":{"@type":"ImageObject","inLanguage":"hu","@id":"https:\/\/vasasbasket.hu\/#\/schema\/logo\/image\/","url":"https:\/\/vasasbasket.hu\/wp-content\/uploads\/2017\/03\/vasas_cimer_1200.jpg","contentUrl":"https:\/\/vasasbasket.hu\/wp-content\/uploads\/2017\/03\/vasas_cimer_1200.jpg","width":1200,"height":1200,"caption":"Vasas n\u0151i kos\u00e1rlabda"},"image":{"@id":"https:\/\/vasasbasket.hu\/#\/schema\/logo\/image\/"},"sameAs":["https:\/\/www.facebook.com\/vasaswbasket\/"]},{"@type":"Person","@id":"https:\/\/vasasbasket.hu\/#\/schema\/person\/f1085f4d2c6582d8d0f977e92de2edee","name":"admin","image":{"@type":"ImageObject","inLanguage":"hu","@id":"https:\/\/vasasbasket.hu\/#\/schema\/person\/image\/","url":"https:\/\/secure.gravatar.com\/avatar\/645c92f7d9cfe02bd93ce2d1cfa11cd3a268bdfe65486552ff04b193cea07634?s=96&d=mm&r=g","contentUrl":"https:\/\/secure.gravatar.com\/avatar\/645c92f7d9cfe02bd93ce2d1cfa11cd3a268bdfe65486552ff04b193cea07634?s=96&d=mm&r=g","caption":"admin"},"url":"https:\/\/vasasbasket.hu\/index.php\/author\/admin\/"}]}},"_links":{"self":[{"href":"https:\/\/vasasbasket.hu\/index.php\/wp-json\/wp\/v2\/posts\/5438","targetHints":{"allow":["GET"]}}],"collection":[{"href":"https:\/\/vasasbasket.hu\/index.php\/wp-json\/wp\/v2\/posts"}],"about":[{"href":"https:\/\/vasasbasket.hu\/index.php\/wp-json\/wp\/v2\/types\/post"}],"author":[{"embeddable":true,"href":"https:\/\/vasasbasket.hu\/index.php\/wp-json\/wp\/v2\/users\/1"}],"replies":[{"embeddable":true,"href":"https:\/\/vasasbasket.hu\/index.php\/wp-json\/wp\/v2\/comments?post=5438"}],"version-history":[{"count":4,"href":"https:\/\/vasasbasket.hu\/index.php\/wp-json\/wp\/v2\/posts\/5438\/revisions"}],"predecessor-version":[{"id":5459,"href":"https:\/\/vasasbasket.hu\/index.php\/wp-json\/wp\/v2\/posts\/5438\/revisions\/5459"}],"wp:featuredmedia":[{"embeddable":true,"href":"https:\/\/vasasbasket.hu\/index.php\/wp-json\/wp\/v2\/media\/5439"}],"wp:attachment":[{"href":"https:\/\/vasasbasket.hu\/index.php\/wp-json\/wp\/v2\/media?parent=5438"}],"wp:term":[{"taxonomy":"category","embeddable":true,"href":"https:\/\/vasasbasket.hu\/index.php\/wp-json\/wp\/v2\/categories?post=5438"},{"taxonomy":"post_tag","embeddable":true,"href":"https:\/\/vasasbasket.hu\/index.php\/wp-json\/wp\/v2\/tags?post=5438"}],"curies":[{"name":"wp","href":"https:\/\/api.w.org\/{rel}","templated":true}]}}