{"id":5411,"date":"2019-03-27T17:07:40","date_gmt":"2019-03-27T17:07:40","guid":{"rendered":"http:\/\/vasasbasket.hu\/?p=5411"},"modified":"2019-03-27T17:07:40","modified_gmt":"2019-03-27T17:07:40","slug":"3-3-hibatlan-serdulok","status":"publish","type":"post","link":"https:\/\/vasasbasket.hu\/index.php\/3-3-hibatlan-serdulok\/","title":{"rendered":"3\/3 &#8211; Hib\u00e1tlan serd\u00fcl\u0151k"},"content":{"rendered":"<p><strong>A h\u00e9tv\u00e9g\u00e9n Sopronban j\u00e1tszott U14\/A csapatunk a Serd\u00fcl\u0151 F\u0151t\u00e1bla els\u0151 fordul\u00f3j\u00e1ban. A Vasas Akad\u00e9mia a Soproni Darazsak Akad\u00e9mia, a Sz\u00e9chenyi Kos\u00e1rlabda Akad\u00e9mia Gy\u0151r valamint a Zalaegerszegi Kos\u00e1rlabda TE csapataival ker\u00fclt egy csoportba.<\/strong><\/p>\n<p><em>&#8222;Els\u0151 m\u00e9rk\u0151z\u00e9s\u00fcnk els\u0151 f\u00e9lidej\u00e9ben szinte \u00e1llva hagytuk a soproni csapatot, agressz\u00edv v\u00e9dekez\u00e9s\u00fcnk ellen k\u00e9t negyeden \u00e1t mind\u00f6ssze 19 pontot kaptunk, amib\u0151l 11 b\u00fcntet\u0151kb\u0151l sz\u00fcletett. Az eg\u00e9sz csapat nagyszer\u0171en z\u00e1rta ki az ember\u00e9t a pal\u00e1nkunk alatt, melyb\u0151l sokszor k\u00f6nny\u0171 ind\u00edt\u00e1sg\u00f3lokat dobhattunk. Fel\u00e1llt v\u00e9delem ellen k\u00f6nnyen bontottunk 1-1 ellen, \u00e9s sz\u00e9pen tal\u00e1lt\u00e1k meg a l\u00e1nyok az elmozdul\u00f3 \u00fcres t\u00e1rsakat. A m\u00e1sodik f\u00e9lid\u0151ben \u00faj feladatokat kapott a csapat t\u00e1mad\u00e1sban \u00e9s v\u00e9dekez\u00e9sben egyar\u00e1nt, itt az\u00e9rt l\u00e1tszott a pontatlans\u00e1g, de gy\u0151zelm\u00fcnk nem forgott vesz\u00e9lyben, tudtunk gyakorolni. Gratul\u00e1lok a csapatnak els\u0151sorban a remek v\u00e9dekez\u00e9shez \u00e9s a kreat\u00edv t\u00e1mad\u00e1sokhoz&#8221;<\/em> &#8211; mondta a csapat edz\u0151je, E\u00f6rd\u00f6gh Edit.<\/p>\n<p><strong>Vasas Akad\u00e9mia\/A &#8211;<\/strong> Soproni Darazsak Akad\u00e9mia\/A <strong>61-43<\/strong> ( 16-9, 25-10, 10-13, 10-11)<br \/>\n<em>Pontszerz\u0151k:<\/em><br \/>\n<strong>Vasas Akad\u00e9mia:<\/strong> Szil\u00e1gyi \u00c1gnes 14\/6, R\u00e1tkai Eszter 14, Aho Tyra 8, Rubint \u00c1gnes 6, \u00d6rsi Kata 5, Z\u00e1boji Tita 4, L\u00e1ng-Miticzky Blanka 4, Istenes Zsuzska 3, K\u00e1lm\u00e1n Liza 2, Koh\u00e1n Patr\u00edcia, Ulrich Zo\u00e9, L\u00e1szl\u00f3 R\u00e9ka<img loading=\"lazy\" decoding=\"async\" class=\" wp-image-5415 aligncenter\" src=\"http:\/\/vasasbasket.hu\/wp-content\/uploads\/2019\/03\/IMG_0942-1024x768.jpg\" alt=\"\" width=\"572\" height=\"429\" srcset=\"https:\/\/vasasbasket.hu\/wp-content\/uploads\/2019\/03\/IMG_0942-1024x768.jpg 1024w, https:\/\/vasasbasket.hu\/wp-content\/uploads\/2019\/03\/IMG_0942-570x428.jpg 570w, https:\/\/vasasbasket.hu\/wp-content\/uploads\/2019\/03\/IMG_0942-440x330.jpg 440w, https:\/\/vasasbasket.hu\/wp-content\/uploads\/2019\/03\/IMG_0942-300x225.jpg 300w, https:\/\/vasasbasket.hu\/wp-content\/uploads\/2019\/03\/IMG_0942-768x576.jpg 768w, https:\/\/vasasbasket.hu\/wp-content\/uploads\/2019\/03\/IMG_0942-128x96.jpg 128w, https:\/\/vasasbasket.hu\/wp-content\/uploads\/2019\/03\/IMG_0942-32x24.jpg 32w, https:\/\/vasasbasket.hu\/wp-content\/uploads\/2019\/03\/IMG_0942-98x74.jpg 98w, https:\/\/vasasbasket.hu\/wp-content\/uploads\/2019\/03\/IMG_0942.jpg 1333w\" sizes=\"auto, (max-width: 572px) 100vw, 572px\" \/><em>&#8222;A zalaegerszegi csapattal az idei bajnoks\u00e1gban most tal\u00e1lkoztunk el\u0151sz\u00f6r, els\u0151dleges c\u00e9lunk ezen a meccsen is a j\u00f3 v\u00e9dekez\u00e9s volt, t\u00e1mad\u00e1sban pedig f\u00e9lid\u0151nk\u00e9nt itt is m\u00e1s-m\u00e1s feladatokat kapott a csapat, melyeket remek\u00fcl megoldottak, \u00e9s \u00f6r\u00fcl\u00f6k, hogy mindenki szerzett pontot, pontokat&#8221;<\/em> &#8211; mondta E\u00f6rd\u00f6gh Edit.<\/p>\n<p><strong>Vasas Akad\u00e9mia\/A &#8211;<\/strong> Zalaegerszegi Kos\u00e1rlabda TE <strong>98-32<\/strong> ( 27-5, 19-9, 34-11, 18-7)<br \/>\n<em>Pontszerz\u0151k:<\/em><br \/>\n<strong>Vasas Akad\u00e9mia: <\/strong>K\u00e1lm\u00e1n Liza 17, M\u00e9sz\u00e1ros T\u00e1nja 17, Aho Tyra 14, \u00d6rsi Kata 12, Z\u00e1boji Tita 10, L\u00e1ng-Miticzky Blanka 6, Istenes Zsuzska 6, Ulrich Zo\u00e9 6, Koh\u00e1n Patr\u00edcia 5, Rubint \u00c1gnes 4, Szil\u00e1gyi \u00c1gnes 2, L\u00e1szl\u00f3 R\u00e9ka 1<img loading=\"lazy\" decoding=\"async\" class=\" wp-image-5414 aligncenter\" src=\"http:\/\/vasasbasket.hu\/wp-content\/uploads\/2019\/03\/IMG_0941-1024x768.jpg\" alt=\"\" width=\"572\" height=\"429\" srcset=\"https:\/\/vasasbasket.hu\/wp-content\/uploads\/2019\/03\/IMG_0941-1024x768.jpg 1024w, https:\/\/vasasbasket.hu\/wp-content\/uploads\/2019\/03\/IMG_0941-570x428.jpg 570w, https:\/\/vasasbasket.hu\/wp-content\/uploads\/2019\/03\/IMG_0941-440x330.jpg 440w, https:\/\/vasasbasket.hu\/wp-content\/uploads\/2019\/03\/IMG_0941-300x225.jpg 300w, https:\/\/vasasbasket.hu\/wp-content\/uploads\/2019\/03\/IMG_0941-768x576.jpg 768w, https:\/\/vasasbasket.hu\/wp-content\/uploads\/2019\/03\/IMG_0941-128x96.jpg 128w, https:\/\/vasasbasket.hu\/wp-content\/uploads\/2019\/03\/IMG_0941-32x24.jpg 32w, https:\/\/vasasbasket.hu\/wp-content\/uploads\/2019\/03\/IMG_0941-98x74.jpg 98w, https:\/\/vasasbasket.hu\/wp-content\/uploads\/2019\/03\/IMG_0941.jpg 1333w\" sizes=\"auto, (max-width: 572px) 100vw, 572px\" \/><em>&#8222;Utols\u00f3 meccs\u00fcnk\u00f6n az els\u0151 szorosabb negyedet k\u00f6vet\u0151en ki\u00fctk\u00f6z\u00f6tt a k\u00e9t csapat k\u00f6z\u00f6tti k\u00fcl\u00f6nbs\u00e9g, pont gazdag m\u00e9rk\u0151z\u00e9sen, mindenki koncentr\u00e1ltan \u00e9s lend\u00fcletesen j\u00e1tszott. Gratul\u00e1lok a csapatnak mindh\u00e1rom gy\u0151zelm\u00e9hez&#8221;<\/em> &#8211; \u00f6sszegezte E\u00f6rd\u00f6gh Edit.<\/p>\n<p>Sz\u00e9chenyi Kos\u00e1rlabda Akad\u00e9mia<strong> &#8211; Vasas Akad\u00e9mia\/A 43-118<\/strong> ( 17-29, 3-42, 9-24, 14-23)<br \/>\n<em>Pontszerz\u0151k:<\/em><br \/>\n<strong>Vasas Akad\u00e9mia:<\/strong> Rubint \u00c1gnes 17, Aho Tyra 16, Szil\u00e1gyi \u00c1gnes 15, \u00d6rsi Kata 14, K\u00e1lm\u00e1n Liza 13, Z\u00e1boji Tita 10, L\u00e1ng-Miticzky Blanka 8, R\u00e1tkai Eszter 7, Koh\u00e1n Patr\u00edcia 7, Ulrich Zo\u00e9 4, M\u00e9sz\u00e1ros T\u00e1nja 4, Istenes Zsuzska 3<img loading=\"lazy\" decoding=\"async\" class=\" wp-image-5413 aligncenter\" src=\"http:\/\/vasasbasket.hu\/wp-content\/uploads\/2019\/03\/IMG_0944-1024x577.jpg\" alt=\"\" width=\"573\" height=\"323\" srcset=\"https:\/\/vasasbasket.hu\/wp-content\/uploads\/2019\/03\/IMG_0944-1024x577.jpg 1024w, https:\/\/vasasbasket.hu\/wp-content\/uploads\/2019\/03\/IMG_0944-570x321.jpg 570w, https:\/\/vasasbasket.hu\/wp-content\/uploads\/2019\/03\/IMG_0944-440x248.jpg 440w, https:\/\/vasasbasket.hu\/wp-content\/uploads\/2019\/03\/IMG_0944-300x169.jpg 300w, https:\/\/vasasbasket.hu\/wp-content\/uploads\/2019\/03\/IMG_0944-768x433.jpg 768w, https:\/\/vasasbasket.hu\/wp-content\/uploads\/2019\/03\/IMG_0944-128x72.jpg 128w, https:\/\/vasasbasket.hu\/wp-content\/uploads\/2019\/03\/IMG_0944-32x18.jpg 32w, https:\/\/vasasbasket.hu\/wp-content\/uploads\/2019\/03\/IMG_0944-98x55.jpg 98w, https:\/\/vasasbasket.hu\/wp-content\/uploads\/2019\/03\/IMG_0944.jpg 1136w\" sizes=\"auto, (max-width: 573px) 100vw, 573px\" \/><\/p>\n","protected":false},"excerpt":{"rendered":"<p>A h\u00e9tv\u00e9g\u00e9n Sopronban j\u00e1tszott U14\/A csapatunk a Serd\u00fcl\u0151 F\u0151t\u00e1bla els\u0151 fordul\u00f3j\u00e1ban. A Vasas Akad\u00e9mia a Soproni Darazsak Akad\u00e9mia, a Sz\u00e9chenyi Kos\u00e1rlabda Akad\u00e9mia Gy\u0151r valamint a Zalaegerszegi Kos\u00e1rlabda TE csapataival ker\u00fclt egy csoportba. &#8222;Els\u0151 m\u00e9rk\u0151z\u00e9s\u00fcnk els\u0151 f\u00e9lidej\u00e9ben szinte \u00e1llva hagytuk a soproni csapatot, agressz\u00edv v\u00e9dekez\u00e9s\u00fcnk ellen k\u00e9t negyeden \u00e1t mind\u00f6ssze 19 pontot kaptunk, amib\u0151l 11 b\u00fcntet\u0151kb\u0151l&#8230;<\/p>\n","protected":false},"author":1,"featured_media":5412,"comment_status":"closed","ping_status":"open","sticky":false,"template":"","format":"standard","meta":{"footnotes":""},"categories":[52,92],"tags":[],"class_list":["post-5411","post","type-post","status-publish","format-standard","has-post-thumbnail","hentry","category-serdulo","category-hirek"],"yoast_head":"<!-- This site is optimized with the Yoast SEO plugin v26.0 - https:\/\/yoast.com\/wordpress\/plugins\/seo\/ -->\n<title>3\/3 - Hib\u00e1tlan serd\u00fcl\u0151k - Vasas n\u0151i kos\u00e1rlabda<\/title>\n<meta name=\"robots\" content=\"index, follow, max-snippet:-1, max-image-preview:large, max-video-preview:-1\" \/>\n<link rel=\"canonical\" href=\"https:\/\/vasasbasket.hu\/index.php\/3-3-hibatlan-serdulok\/\" \/>\n<meta property=\"og:locale\" content=\"hu_HU\" \/>\n<meta property=\"og:type\" content=\"article\" \/>\n<meta property=\"og:title\" content=\"3\/3 - Hib\u00e1tlan serd\u00fcl\u0151k - Vasas n\u0151i kos\u00e1rlabda\" \/>\n<meta property=\"og:description\" content=\"A h\u00e9tv\u00e9g\u00e9n Sopronban j\u00e1tszott U14\/A csapatunk a Serd\u00fcl\u0151 F\u0151t\u00e1bla els\u0151 fordul\u00f3j\u00e1ban. A Vasas Akad\u00e9mia a Soproni Darazsak Akad\u00e9mia, a Sz\u00e9chenyi Kos\u00e1rlabda Akad\u00e9mia Gy\u0151r valamint a Zalaegerszegi Kos\u00e1rlabda TE csapataival ker\u00fclt egy csoportba. &#8222;Els\u0151 m\u00e9rk\u0151z\u00e9s\u00fcnk els\u0151 f\u00e9lidej\u00e9ben szinte \u00e1llva hagytuk a soproni csapatot, agressz\u00edv v\u00e9dekez\u00e9s\u00fcnk ellen k\u00e9t negyeden \u00e1t mind\u00f6ssze 19 pontot kaptunk, amib\u0151l 11 b\u00fcntet\u0151kb\u0151l...\" \/>\n<meta property=\"og:url\" content=\"https:\/\/vasasbasket.hu\/index.php\/3-3-hibatlan-serdulok\/\" \/>\n<meta property=\"og:site_name\" content=\"Vasas n\u0151i kos\u00e1rlabda\" \/>\n<meta property=\"article:publisher\" content=\"https:\/\/www.facebook.com\/vasaswbasket\/\" \/>\n<meta property=\"article:published_time\" content=\"2019-03-27T17:07:40+00:00\" \/>\n<meta property=\"og:image\" content=\"https:\/\/vasasbasket.hu\/wp-content\/uploads\/2019\/03\/IMG_0943-scaled.jpg\" \/>\n\t<meta property=\"og:image:width\" content=\"2560\" \/>\n\t<meta property=\"og:image:height\" content=\"1920\" \/>\n\t<meta property=\"og:image:type\" content=\"image\/jpeg\" \/>\n<meta name=\"author\" content=\"admin\" \/>\n<meta name=\"twitter:card\" content=\"summary_large_image\" \/>\n<meta name=\"twitter:label1\" content=\"Szerz\u0151:\" \/>\n\t<meta name=\"twitter:data1\" content=\"admin\" \/>\n\t<meta name=\"twitter:label2\" content=\"Becs\u00fclt olvas\u00e1si id\u0151\" \/>\n\t<meta name=\"twitter:data2\" content=\"2 perc\" \/>\n<script type=\"application\/ld+json\" class=\"yoast-schema-graph\">{\"@context\":\"https:\/\/schema.org\",\"@graph\":[{\"@type\":\"Article\",\"@id\":\"https:\/\/vasasbasket.hu\/index.php\/3-3-hibatlan-serdulok\/#article\",\"isPartOf\":{\"@id\":\"https:\/\/vasasbasket.hu\/index.php\/3-3-hibatlan-serdulok\/\"},\"author\":{\"name\":\"admin\",\"@id\":\"https:\/\/vasasbasket.hu\/#\/schema\/person\/f1085f4d2c6582d8d0f977e92de2edee\"},\"headline\":\"3\/3 &#8211; Hib\u00e1tlan serd\u00fcl\u0151k\",\"datePublished\":\"2019-03-27T17:07:40+00:00\",\"mainEntityOfPage\":{\"@id\":\"https:\/\/vasasbasket.hu\/index.php\/3-3-hibatlan-serdulok\/\"},\"wordCount\":495,\"publisher\":{\"@id\":\"https:\/\/vasasbasket.hu\/#organization\"},\"image\":{\"@id\":\"https:\/\/vasasbasket.hu\/index.php\/3-3-hibatlan-serdulok\/#primaryimage\"},\"thumbnailUrl\":\"https:\/\/vasasbasket.hu\/wp-content\/uploads\/2019\/03\/IMG_0943-scaled.jpg\",\"articleSection\":[\"Serd\u00fcl\u0151\",\"\u00d6sszes H\u00edr\"],\"inLanguage\":\"hu\"},{\"@type\":\"WebPage\",\"@id\":\"https:\/\/vasasbasket.hu\/index.php\/3-3-hibatlan-serdulok\/\",\"url\":\"https:\/\/vasasbasket.hu\/index.php\/3-3-hibatlan-serdulok\/\",\"name\":\"3\/3 - Hib\u00e1tlan serd\u00fcl\u0151k - Vasas n\u0151i kos\u00e1rlabda\",\"isPartOf\":{\"@id\":\"https:\/\/vasasbasket.hu\/#website\"},\"primaryImageOfPage\":{\"@id\":\"https:\/\/vasasbasket.hu\/index.php\/3-3-hibatlan-serdulok\/#primaryimage\"},\"image\":{\"@id\":\"https:\/\/vasasbasket.hu\/index.php\/3-3-hibatlan-serdulok\/#primaryimage\"},\"thumbnailUrl\":\"https:\/\/vasasbasket.hu\/wp-content\/uploads\/2019\/03\/IMG_0943-scaled.jpg\",\"datePublished\":\"2019-03-27T17:07:40+00:00\",\"breadcrumb\":{\"@id\":\"https:\/\/vasasbasket.hu\/index.php\/3-3-hibatlan-serdulok\/#breadcrumb\"},\"inLanguage\":\"hu\",\"potentialAction\":[{\"@type\":\"ReadAction\",\"target\":[\"https:\/\/vasasbasket.hu\/index.php\/3-3-hibatlan-serdulok\/\"]}]},{\"@type\":\"ImageObject\",\"inLanguage\":\"hu\",\"@id\":\"https:\/\/vasasbasket.hu\/index.php\/3-3-hibatlan-serdulok\/#primaryimage\",\"url\":\"https:\/\/vasasbasket.hu\/wp-content\/uploads\/2019\/03\/IMG_0943-scaled.jpg\",\"contentUrl\":\"https:\/\/vasasbasket.hu\/wp-content\/uploads\/2019\/03\/IMG_0943-scaled.jpg\",\"width\":2560,\"height\":1920},{\"@type\":\"BreadcrumbList\",\"@id\":\"https:\/\/vasasbasket.hu\/index.php\/3-3-hibatlan-serdulok\/#breadcrumb\",\"itemListElement\":[{\"@type\":\"ListItem\",\"position\":1,\"name\":\"Kezd\u0151lap\",\"item\":\"https:\/\/vasasbasket.hu\/\"},{\"@type\":\"ListItem\",\"position\":2,\"name\":\"3\/3 &#8211; Hib\u00e1tlan serd\u00fcl\u0151k\"}]},{\"@type\":\"WebSite\",\"@id\":\"https:\/\/vasasbasket.hu\/#website\",\"url\":\"https:\/\/vasasbasket.hu\/\",\"name\":\"Vasas n\u0151i kos\u00e1rlabda\",\"description\":\"Vasas Basket N\u0151i\",\"publisher\":{\"@id\":\"https:\/\/vasasbasket.hu\/#organization\"},\"potentialAction\":[{\"@type\":\"SearchAction\",\"target\":{\"@type\":\"EntryPoint\",\"urlTemplate\":\"https:\/\/vasasbasket.hu\/?s={search_term_string}\"},\"query-input\":{\"@type\":\"PropertyValueSpecification\",\"valueRequired\":true,\"valueName\":\"search_term_string\"}}],\"inLanguage\":\"hu\"},{\"@type\":\"Organization\",\"@id\":\"https:\/\/vasasbasket.hu\/#organization\",\"name\":\"Vasas n\u0151i kos\u00e1rlabda\",\"url\":\"https:\/\/vasasbasket.hu\/\",\"logo\":{\"@type\":\"ImageObject\",\"inLanguage\":\"hu\",\"@id\":\"https:\/\/vasasbasket.hu\/#\/schema\/logo\/image\/\",\"url\":\"https:\/\/vasasbasket.hu\/wp-content\/uploads\/2017\/03\/vasas_cimer_1200.jpg\",\"contentUrl\":\"https:\/\/vasasbasket.hu\/wp-content\/uploads\/2017\/03\/vasas_cimer_1200.jpg\",\"width\":1200,\"height\":1200,\"caption\":\"Vasas n\u0151i kos\u00e1rlabda\"},\"image\":{\"@id\":\"https:\/\/vasasbasket.hu\/#\/schema\/logo\/image\/\"},\"sameAs\":[\"https:\/\/www.facebook.com\/vasaswbasket\/\"]},{\"@type\":\"Person\",\"@id\":\"https:\/\/vasasbasket.hu\/#\/schema\/person\/f1085f4d2c6582d8d0f977e92de2edee\",\"name\":\"admin\",\"image\":{\"@type\":\"ImageObject\",\"inLanguage\":\"hu\",\"@id\":\"https:\/\/vasasbasket.hu\/#\/schema\/person\/image\/\",\"url\":\"https:\/\/secure.gravatar.com\/avatar\/645c92f7d9cfe02bd93ce2d1cfa11cd3a268bdfe65486552ff04b193cea07634?s=96&d=mm&r=g\",\"contentUrl\":\"https:\/\/secure.gravatar.com\/avatar\/645c92f7d9cfe02bd93ce2d1cfa11cd3a268bdfe65486552ff04b193cea07634?s=96&d=mm&r=g\",\"caption\":\"admin\"},\"url\":\"https:\/\/vasasbasket.hu\/index.php\/author\/admin\/\"}]}<\/script>\n<!-- \/ Yoast SEO plugin. -->","yoast_head_json":{"title":"3\/3 - Hib\u00e1tlan serd\u00fcl\u0151k - Vasas n\u0151i kos\u00e1rlabda","robots":{"index":"index","follow":"follow","max-snippet":"max-snippet:-1","max-image-preview":"max-image-preview:large","max-video-preview":"max-video-preview:-1"},"canonical":"https:\/\/vasasbasket.hu\/index.php\/3-3-hibatlan-serdulok\/","og_locale":"hu_HU","og_type":"article","og_title":"3\/3 - Hib\u00e1tlan serd\u00fcl\u0151k - Vasas n\u0151i kos\u00e1rlabda","og_description":"A h\u00e9tv\u00e9g\u00e9n Sopronban j\u00e1tszott U14\/A csapatunk a Serd\u00fcl\u0151 F\u0151t\u00e1bla els\u0151 fordul\u00f3j\u00e1ban. A Vasas Akad\u00e9mia a Soproni Darazsak Akad\u00e9mia, a Sz\u00e9chenyi Kos\u00e1rlabda Akad\u00e9mia Gy\u0151r valamint a Zalaegerszegi Kos\u00e1rlabda TE csapataival ker\u00fclt egy csoportba. &#8222;Els\u0151 m\u00e9rk\u0151z\u00e9s\u00fcnk els\u0151 f\u00e9lidej\u00e9ben szinte \u00e1llva hagytuk a soproni csapatot, agressz\u00edv v\u00e9dekez\u00e9s\u00fcnk ellen k\u00e9t negyeden \u00e1t mind\u00f6ssze 19 pontot kaptunk, amib\u0151l 11 b\u00fcntet\u0151kb\u0151l...","og_url":"https:\/\/vasasbasket.hu\/index.php\/3-3-hibatlan-serdulok\/","og_site_name":"Vasas n\u0151i kos\u00e1rlabda","article_publisher":"https:\/\/www.facebook.com\/vasaswbasket\/","article_published_time":"2019-03-27T17:07:40+00:00","og_image":[{"width":2560,"height":1920,"url":"https:\/\/vasasbasket.hu\/wp-content\/uploads\/2019\/03\/IMG_0943-scaled.jpg","type":"image\/jpeg"}],"author":"admin","twitter_card":"summary_large_image","twitter_misc":{"Szerz\u0151:":"admin","Becs\u00fclt olvas\u00e1si id\u0151":"2 perc"},"schema":{"@context":"https:\/\/schema.org","@graph":[{"@type":"Article","@id":"https:\/\/vasasbasket.hu\/index.php\/3-3-hibatlan-serdulok\/#article","isPartOf":{"@id":"https:\/\/vasasbasket.hu\/index.php\/3-3-hibatlan-serdulok\/"},"author":{"name":"admin","@id":"https:\/\/vasasbasket.hu\/#\/schema\/person\/f1085f4d2c6582d8d0f977e92de2edee"},"headline":"3\/3 &#8211; Hib\u00e1tlan serd\u00fcl\u0151k","datePublished":"2019-03-27T17:07:40+00:00","mainEntityOfPage":{"@id":"https:\/\/vasasbasket.hu\/index.php\/3-3-hibatlan-serdulok\/"},"wordCount":495,"publisher":{"@id":"https:\/\/vasasbasket.hu\/#organization"},"image":{"@id":"https:\/\/vasasbasket.hu\/index.php\/3-3-hibatlan-serdulok\/#primaryimage"},"thumbnailUrl":"https:\/\/vasasbasket.hu\/wp-content\/uploads\/2019\/03\/IMG_0943-scaled.jpg","articleSection":["Serd\u00fcl\u0151","\u00d6sszes H\u00edr"],"inLanguage":"hu"},{"@type":"WebPage","@id":"https:\/\/vasasbasket.hu\/index.php\/3-3-hibatlan-serdulok\/","url":"https:\/\/vasasbasket.hu\/index.php\/3-3-hibatlan-serdulok\/","name":"3\/3 - Hib\u00e1tlan serd\u00fcl\u0151k - Vasas n\u0151i kos\u00e1rlabda","isPartOf":{"@id":"https:\/\/vasasbasket.hu\/#website"},"primaryImageOfPage":{"@id":"https:\/\/vasasbasket.hu\/index.php\/3-3-hibatlan-serdulok\/#primaryimage"},"image":{"@id":"https:\/\/vasasbasket.hu\/index.php\/3-3-hibatlan-serdulok\/#primaryimage"},"thumbnailUrl":"https:\/\/vasasbasket.hu\/wp-content\/uploads\/2019\/03\/IMG_0943-scaled.jpg","datePublished":"2019-03-27T17:07:40+00:00","breadcrumb":{"@id":"https:\/\/vasasbasket.hu\/index.php\/3-3-hibatlan-serdulok\/#breadcrumb"},"inLanguage":"hu","potentialAction":[{"@type":"ReadAction","target":["https:\/\/vasasbasket.hu\/index.php\/3-3-hibatlan-serdulok\/"]}]},{"@type":"ImageObject","inLanguage":"hu","@id":"https:\/\/vasasbasket.hu\/index.php\/3-3-hibatlan-serdulok\/#primaryimage","url":"https:\/\/vasasbasket.hu\/wp-content\/uploads\/2019\/03\/IMG_0943-scaled.jpg","contentUrl":"https:\/\/vasasbasket.hu\/wp-content\/uploads\/2019\/03\/IMG_0943-scaled.jpg","width":2560,"height":1920},{"@type":"BreadcrumbList","@id":"https:\/\/vasasbasket.hu\/index.php\/3-3-hibatlan-serdulok\/#breadcrumb","itemListElement":[{"@type":"ListItem","position":1,"name":"Kezd\u0151lap","item":"https:\/\/vasasbasket.hu\/"},{"@type":"ListItem","position":2,"name":"3\/3 &#8211; Hib\u00e1tlan serd\u00fcl\u0151k"}]},{"@type":"WebSite","@id":"https:\/\/vasasbasket.hu\/#website","url":"https:\/\/vasasbasket.hu\/","name":"Vasas n\u0151i kos\u00e1rlabda","description":"Vasas Basket N\u0151i","publisher":{"@id":"https:\/\/vasasbasket.hu\/#organization"},"potentialAction":[{"@type":"SearchAction","target":{"@type":"EntryPoint","urlTemplate":"https:\/\/vasasbasket.hu\/?s={search_term_string}"},"query-input":{"@type":"PropertyValueSpecification","valueRequired":true,"valueName":"search_term_string"}}],"inLanguage":"hu"},{"@type":"Organization","@id":"https:\/\/vasasbasket.hu\/#organization","name":"Vasas n\u0151i kos\u00e1rlabda","url":"https:\/\/vasasbasket.hu\/","logo":{"@type":"ImageObject","inLanguage":"hu","@id":"https:\/\/vasasbasket.hu\/#\/schema\/logo\/image\/","url":"https:\/\/vasasbasket.hu\/wp-content\/uploads\/2017\/03\/vasas_cimer_1200.jpg","contentUrl":"https:\/\/vasasbasket.hu\/wp-content\/uploads\/2017\/03\/vasas_cimer_1200.jpg","width":1200,"height":1200,"caption":"Vasas n\u0151i kos\u00e1rlabda"},"image":{"@id":"https:\/\/vasasbasket.hu\/#\/schema\/logo\/image\/"},"sameAs":["https:\/\/www.facebook.com\/vasaswbasket\/"]},{"@type":"Person","@id":"https:\/\/vasasbasket.hu\/#\/schema\/person\/f1085f4d2c6582d8d0f977e92de2edee","name":"admin","image":{"@type":"ImageObject","inLanguage":"hu","@id":"https:\/\/vasasbasket.hu\/#\/schema\/person\/image\/","url":"https:\/\/secure.gravatar.com\/avatar\/645c92f7d9cfe02bd93ce2d1cfa11cd3a268bdfe65486552ff04b193cea07634?s=96&d=mm&r=g","contentUrl":"https:\/\/secure.gravatar.com\/avatar\/645c92f7d9cfe02bd93ce2d1cfa11cd3a268bdfe65486552ff04b193cea07634?s=96&d=mm&r=g","caption":"admin"},"url":"https:\/\/vasasbasket.hu\/index.php\/author\/admin\/"}]}},"_links":{"self":[{"href":"https:\/\/vasasbasket.hu\/index.php\/wp-json\/wp\/v2\/posts\/5411","targetHints":{"allow":["GET"]}}],"collection":[{"href":"https:\/\/vasasbasket.hu\/index.php\/wp-json\/wp\/v2\/posts"}],"about":[{"href":"https:\/\/vasasbasket.hu\/index.php\/wp-json\/wp\/v2\/types\/post"}],"author":[{"embeddable":true,"href":"https:\/\/vasasbasket.hu\/index.php\/wp-json\/wp\/v2\/users\/1"}],"replies":[{"embeddable":true,"href":"https:\/\/vasasbasket.hu\/index.php\/wp-json\/wp\/v2\/comments?post=5411"}],"version-history":[{"count":1,"href":"https:\/\/vasasbasket.hu\/index.php\/wp-json\/wp\/v2\/posts\/5411\/revisions"}],"predecessor-version":[{"id":5416,"href":"https:\/\/vasasbasket.hu\/index.php\/wp-json\/wp\/v2\/posts\/5411\/revisions\/5416"}],"wp:featuredmedia":[{"embeddable":true,"href":"https:\/\/vasasbasket.hu\/index.php\/wp-json\/wp\/v2\/media\/5412"}],"wp:attachment":[{"href":"https:\/\/vasasbasket.hu\/index.php\/wp-json\/wp\/v2\/media?parent=5411"}],"wp:term":[{"taxonomy":"category","embeddable":true,"href":"https:\/\/vasasbasket.hu\/index.php\/wp-json\/wp\/v2\/categories?post=5411"},{"taxonomy":"post_tag","embeddable":true,"href":"https:\/\/vasasbasket.hu\/index.php\/wp-json\/wp\/v2\/tags?post=5411"}],"curies":[{"name":"wp","href":"https:\/\/api.w.org\/{rel}","templated":true}]}}