{"id":5360,"date":"2019-03-12T12:43:27","date_gmt":"2019-03-12T12:43:27","guid":{"rendered":"http:\/\/vasasbasket.hu\/?p=5360"},"modified":"2019-03-12T12:43:27","modified_gmt":"2019-03-12T12:43:27","slug":"harom-meccset-is-jatszottak-u14-b-s-lanyaink","status":"publish","type":"post","link":"https:\/\/vasasbasket.hu\/index.php\/harom-meccset-is-jatszottak-u14-b-s-lanyaink\/","title":{"rendered":"H\u00e1rom meccset is j\u00e1tszottak U14\/B-s l\u00e1nyaink"},"content":{"rendered":"<p><strong>A Serd\u00fcl\u0151 Orsz\u00e1gos F\u0151t\u00e1bla selejtez\u0151j\u00e9nek m\u00e1sodik fordul\u00f3j\u00e1ban serd\u00fcl\u0151 B csapatunk h\u00e1rom m\u00e9rk\u0151z\u00e9st is j\u00e1tszott a h\u00e9tv\u00e9g\u00e9n.<\/strong><\/p>\n<p><em>&#8222;Harmadszor tal\u00e1lkoztunk id\u00e9n a Tisza\u00fajv\u00e1rossal, \u00e9s tudtuk, hogy mire sz\u00e1m\u00edthatunk. Ennek ellen\u00e9re rengeteg labd\u00e1t adtunk el a csapd\u00e1juk ellen, \u00e9s sorra kaptuk a leind\u00edt\u00e1sokat. Csapatv\u00e9dekez\u00e9s\u00fcnk nagyon messze volt a megszokott\u00f3l, de ennek ellen\u00e9re t\u00edz pontos el\u0151nnyel fordultunk az utols\u00f3 negyedre, ahol mind\u00f6ssze n\u00e9gy pontot siker\u00fclt dobni. T\u00e1mad\u00e1sban lass\u00faak, \u00e9s sokszor tan\u00e1cstalanok voltunk&#8221;<\/em> &#8211; mondta a csapat edz\u0151je, Kert\u00e9sz D\u00e1vid.<\/p>\n<p>DVTK Tisza\u00fajv\u00e1ros <strong>&#8211; Vasas Akad\u00e9mia\/B 59-56<\/strong> (13-20, 13-14, 15-18, 18-4)<br \/>\n<em>Pontszerz\u0151k:<\/em><br \/>\n<strong>Vasas Akad\u00e9mia\/B:<\/strong> Fogarasi K. 8, Herzog B., Starosta T. 2, M\u00e9sz\u00e1ros T. 5\/3, Hruby L. 8, Benyovszki P. 8, Igaz E. 4, Hal\u00e1sz L. 1, Z\u00e1boji T. 2, Ulrich Z. 7\/3, Szab\u00f3 F. 3, L\u00e1szl\u00f3 R. 4<\/p>\n<p><em>&#8222;A Gy\u0151r csapata komoly szerkezeti el\u0151nyben volt, melyet agressz\u00edv v\u00e9dekez\u00e9ssel pr\u00f3b\u00e1ltunk ellens\u00falyozni. Az utols\u00f3 negyedre sajnos elf\u00e1radtunk, \u00edgy siker\u00fclt bejuttatniuk a labd\u00e1s a centernek, akinek m\u00e1r nem volt neh\u00e9z dolga, mert legal\u00e1bb 10 centim\u00e9terrel volt magasabb a v\u00e9d\u0151j\u00e9n\u00e9l. A kosarak nagy r\u00e9sz\u00e9t most is ind\u00edt\u00e1sb\u00f3l \u00e9s t\u00e1mad\u00f3lepattan\u00f3kb\u00f3l kaptuk&#8221;<\/em> &#8211; mondta Kert\u00e9sz D\u00e1vid.<\/p>\n<p>Sz\u00e9chenyi Akad\u00e9mia Gy\u0151r <strong>&#8211; Vasas Akad\u00e9mia\/B 67-56<\/strong> (18-9, 13-17, 17-16, 19-19)<br \/>\n<em>Pontszerz\u0151k:<\/em><br \/>\n<strong>Vasas Akad\u00e9mia\/B:<\/strong> Herzog B., Starosta T. 2, M\u00e9sz\u00e1ros T. 10, Hruby L. 2, Benyovszki P. 1, Igaz E. 2, Mar\u00f3ty D. 2, Hal\u00e1sz L., Z\u00e1boji T. 12, Ulrich Z. 5, Szab\u00f3 F. 4, L\u00e1szl\u00f3 R. 16\/3<\/p>\n<p><em>&#8222;Erre a m\u00e9rk\u0151z\u00e9sre \u00e1llt \u00f6ssze a t\u00e1mad\u00f3j\u00e1t\u00e9kunk a legjobban, de v\u00e9dekez\u00e9sben k\u00f6zel sem tudtunk \u00fagy nyomni, mint a Gy\u0151r ellen. Rengeteg v\u00e9dekez\u00e9si hib\u00e1nk volt, melyeket rendre kihaszn\u00e1lt a szegedi csapat. Lepattan\u00f3z\u00e1sban most is minimum 10 cm \u00e9s 15 kg hi\u00e1nyzott&#8221;<\/em> &#8211; mondta Kert\u00e9sz D\u00e1vid.<\/p>\n<p><strong>Vasas Akad\u00e9mi\/B &#8211;<\/strong> Szegedi KE<strong> 69 -82<\/strong> (19-21, 20-22, 10-18, 20-21)<br \/>\n<em>Pontszerz\u0151k:<\/em><br \/>\n<strong>Vasas Akad\u00e9mia\/B:<\/strong> Herzog B. 3, Starosta T. 4, M\u00e9sz\u00e1ros T. 14, Hruby L. 2, Benyovszki P. 6, Igaz E., Mar\u00f3ty D. 6, Hal\u00e1sz L. 3, Z\u00e1boji T. 17\/3, Ulrich Z. 2, Szab\u00f3 F. 2, L\u00e1szl\u00f3 R. 2<\/p>\n<p><em>&#8222;Sajnos h\u00e1rom veres\u00e9ggel z\u00e1rtuk a selejtez\u0151t, \u00edgy a r\u00e9gi\u00f3ban folytatjuk a tov\u00e1bbi k\u00fczdelmeket. Ennek ellen\u00e9re minden dics\u00e9retet meg\u00e9rdemel a B csapat az eg\u00e9sz \u00e9ves teljes\u00edtm\u00e9ny\u00e9\u00e9rt, rengeteget fejl\u0151dt\u00fcnk az eddigi 19 darab orsz\u00e1gos m\u00e9rk\u0151z\u00e9sen&#8221;<\/em> &#8211; \u00f6sszegezte Kert\u00e9sz D\u00e1vid.<\/p>\n","protected":false},"excerpt":{"rendered":"<p>A Serd\u00fcl\u0151 Orsz\u00e1gos F\u0151t\u00e1bla selejtez\u0151j\u00e9nek m\u00e1sodik fordul\u00f3j\u00e1ban serd\u00fcl\u0151 B csapatunk h\u00e1rom m\u00e9rk\u0151z\u00e9st is j\u00e1tszott a h\u00e9tv\u00e9g\u00e9n. &#8222;Harmadszor tal\u00e1lkoztunk id\u00e9n a Tisza\u00fajv\u00e1rossal, \u00e9s tudtuk, hogy mire sz\u00e1m\u00edthatunk. Ennek ellen\u00e9re rengeteg labd\u00e1t adtunk el a csapd\u00e1juk ellen, \u00e9s sorra kaptuk a leind\u00edt\u00e1sokat. Csapatv\u00e9dekez\u00e9s\u00fcnk nagyon messze volt a megszokott\u00f3l, de ennek ellen\u00e9re t\u00edz pontos el\u0151nnyel fordultunk az utols\u00f3&#8230;<\/p>\n","protected":false},"author":1,"featured_media":4288,"comment_status":"closed","ping_status":"open","sticky":false,"template":"","format":"standard","meta":{"footnotes":""},"categories":[52,92],"tags":[],"class_list":["post-5360","post","type-post","status-publish","format-standard","has-post-thumbnail","hentry","category-serdulo","category-hirek"],"yoast_head":"<!-- This site is optimized with the Yoast SEO plugin v26.0 - https:\/\/yoast.com\/wordpress\/plugins\/seo\/ -->\n<title>H\u00e1rom meccset is j\u00e1tszottak U14\/B-s l\u00e1nyaink - Vasas n\u0151i kos\u00e1rlabda<\/title>\n<meta name=\"robots\" content=\"index, follow, max-snippet:-1, max-image-preview:large, max-video-preview:-1\" \/>\n<link rel=\"canonical\" href=\"https:\/\/vasasbasket.hu\/index.php\/harom-meccset-is-jatszottak-u14-b-s-lanyaink\/\" \/>\n<meta property=\"og:locale\" content=\"hu_HU\" \/>\n<meta property=\"og:type\" content=\"article\" \/>\n<meta property=\"og:title\" content=\"H\u00e1rom meccset is j\u00e1tszottak U14\/B-s l\u00e1nyaink - Vasas n\u0151i kos\u00e1rlabda\" \/>\n<meta property=\"og:description\" content=\"A Serd\u00fcl\u0151 Orsz\u00e1gos F\u0151t\u00e1bla selejtez\u0151j\u00e9nek m\u00e1sodik fordul\u00f3j\u00e1ban serd\u00fcl\u0151 B csapatunk h\u00e1rom m\u00e9rk\u0151z\u00e9st is j\u00e1tszott a h\u00e9tv\u00e9g\u00e9n. &#8222;Harmadszor tal\u00e1lkoztunk id\u00e9n a Tisza\u00fajv\u00e1rossal, \u00e9s tudtuk, hogy mire sz\u00e1m\u00edthatunk. Ennek ellen\u00e9re rengeteg labd\u00e1t adtunk el a csapd\u00e1juk ellen, \u00e9s sorra kaptuk a leind\u00edt\u00e1sokat. Csapatv\u00e9dekez\u00e9s\u00fcnk nagyon messze volt a megszokott\u00f3l, de ennek ellen\u00e9re t\u00edz pontos el\u0151nnyel fordultunk az utols\u00f3...\" \/>\n<meta property=\"og:url\" content=\"https:\/\/vasasbasket.hu\/index.php\/harom-meccset-is-jatszottak-u14-b-s-lanyaink\/\" \/>\n<meta property=\"og:site_name\" content=\"Vasas n\u0151i kos\u00e1rlabda\" \/>\n<meta property=\"article:publisher\" content=\"https:\/\/www.facebook.com\/vasaswbasket\/\" \/>\n<meta property=\"article:published_time\" content=\"2019-03-12T12:43:27+00:00\" \/>\n<meta property=\"og:image\" content=\"https:\/\/vasasbasket.hu\/wp-content\/uploads\/2018\/09\/Vasas-Akad\u00e9mia-U14B.jpg\" \/>\n\t<meta property=\"og:image:width\" content=\"2000\" \/>\n\t<meta property=\"og:image:height\" content=\"1333\" \/>\n\t<meta property=\"og:image:type\" content=\"image\/jpeg\" \/>\n<meta name=\"author\" content=\"admin\" \/>\n<meta name=\"twitter:card\" content=\"summary_large_image\" \/>\n<meta name=\"twitter:label1\" content=\"Szerz\u0151:\" \/>\n\t<meta name=\"twitter:data1\" content=\"admin\" \/>\n\t<meta name=\"twitter:label2\" content=\"Becs\u00fclt olvas\u00e1si id\u0151\" \/>\n\t<meta name=\"twitter:data2\" content=\"2 perc\" \/>\n<script type=\"application\/ld+json\" class=\"yoast-schema-graph\">{\"@context\":\"https:\/\/schema.org\",\"@graph\":[{\"@type\":\"Article\",\"@id\":\"https:\/\/vasasbasket.hu\/index.php\/harom-meccset-is-jatszottak-u14-b-s-lanyaink\/#article\",\"isPartOf\":{\"@id\":\"https:\/\/vasasbasket.hu\/index.php\/harom-meccset-is-jatszottak-u14-b-s-lanyaink\/\"},\"author\":{\"name\":\"admin\",\"@id\":\"https:\/\/vasasbasket.hu\/#\/schema\/person\/f1085f4d2c6582d8d0f977e92de2edee\"},\"headline\":\"H\u00e1rom meccset is j\u00e1tszottak U14\/B-s l\u00e1nyaink\",\"datePublished\":\"2019-03-12T12:43:27+00:00\",\"mainEntityOfPage\":{\"@id\":\"https:\/\/vasasbasket.hu\/index.php\/harom-meccset-is-jatszottak-u14-b-s-lanyaink\/\"},\"wordCount\":482,\"publisher\":{\"@id\":\"https:\/\/vasasbasket.hu\/#organization\"},\"image\":{\"@id\":\"https:\/\/vasasbasket.hu\/index.php\/harom-meccset-is-jatszottak-u14-b-s-lanyaink\/#primaryimage\"},\"thumbnailUrl\":\"https:\/\/vasasbasket.hu\/wp-content\/uploads\/2018\/09\/Vasas-Akad\u00e9mia-U14B.jpg\",\"articleSection\":[\"Serd\u00fcl\u0151\",\"\u00d6sszes H\u00edr\"],\"inLanguage\":\"hu\"},{\"@type\":\"WebPage\",\"@id\":\"https:\/\/vasasbasket.hu\/index.php\/harom-meccset-is-jatszottak-u14-b-s-lanyaink\/\",\"url\":\"https:\/\/vasasbasket.hu\/index.php\/harom-meccset-is-jatszottak-u14-b-s-lanyaink\/\",\"name\":\"H\u00e1rom meccset is j\u00e1tszottak U14\/B-s l\u00e1nyaink - Vasas n\u0151i kos\u00e1rlabda\",\"isPartOf\":{\"@id\":\"https:\/\/vasasbasket.hu\/#website\"},\"primaryImageOfPage\":{\"@id\":\"https:\/\/vasasbasket.hu\/index.php\/harom-meccset-is-jatszottak-u14-b-s-lanyaink\/#primaryimage\"},\"image\":{\"@id\":\"https:\/\/vasasbasket.hu\/index.php\/harom-meccset-is-jatszottak-u14-b-s-lanyaink\/#primaryimage\"},\"thumbnailUrl\":\"https:\/\/vasasbasket.hu\/wp-content\/uploads\/2018\/09\/Vasas-Akad\u00e9mia-U14B.jpg\",\"datePublished\":\"2019-03-12T12:43:27+00:00\",\"breadcrumb\":{\"@id\":\"https:\/\/vasasbasket.hu\/index.php\/harom-meccset-is-jatszottak-u14-b-s-lanyaink\/#breadcrumb\"},\"inLanguage\":\"hu\",\"potentialAction\":[{\"@type\":\"ReadAction\",\"target\":[\"https:\/\/vasasbasket.hu\/index.php\/harom-meccset-is-jatszottak-u14-b-s-lanyaink\/\"]}]},{\"@type\":\"ImageObject\",\"inLanguage\":\"hu\",\"@id\":\"https:\/\/vasasbasket.hu\/index.php\/harom-meccset-is-jatszottak-u14-b-s-lanyaink\/#primaryimage\",\"url\":\"https:\/\/vasasbasket.hu\/wp-content\/uploads\/2018\/09\/Vasas-Akad\u00e9mia-U14B.jpg\",\"contentUrl\":\"https:\/\/vasasbasket.hu\/wp-content\/uploads\/2018\/09\/Vasas-Akad\u00e9mia-U14B.jpg\",\"width\":2000,\"height\":1333},{\"@type\":\"BreadcrumbList\",\"@id\":\"https:\/\/vasasbasket.hu\/index.php\/harom-meccset-is-jatszottak-u14-b-s-lanyaink\/#breadcrumb\",\"itemListElement\":[{\"@type\":\"ListItem\",\"position\":1,\"name\":\"Kezd\u0151lap\",\"item\":\"https:\/\/vasasbasket.hu\/\"},{\"@type\":\"ListItem\",\"position\":2,\"name\":\"H\u00e1rom meccset is j\u00e1tszottak U14\/B-s l\u00e1nyaink\"}]},{\"@type\":\"WebSite\",\"@id\":\"https:\/\/vasasbasket.hu\/#website\",\"url\":\"https:\/\/vasasbasket.hu\/\",\"name\":\"Vasas n\u0151i kos\u00e1rlabda\",\"description\":\"Vasas Basket N\u0151i\",\"publisher\":{\"@id\":\"https:\/\/vasasbasket.hu\/#organization\"},\"potentialAction\":[{\"@type\":\"SearchAction\",\"target\":{\"@type\":\"EntryPoint\",\"urlTemplate\":\"https:\/\/vasasbasket.hu\/?s={search_term_string}\"},\"query-input\":{\"@type\":\"PropertyValueSpecification\",\"valueRequired\":true,\"valueName\":\"search_term_string\"}}],\"inLanguage\":\"hu\"},{\"@type\":\"Organization\",\"@id\":\"https:\/\/vasasbasket.hu\/#organization\",\"name\":\"Vasas n\u0151i kos\u00e1rlabda\",\"url\":\"https:\/\/vasasbasket.hu\/\",\"logo\":{\"@type\":\"ImageObject\",\"inLanguage\":\"hu\",\"@id\":\"https:\/\/vasasbasket.hu\/#\/schema\/logo\/image\/\",\"url\":\"https:\/\/vasasbasket.hu\/wp-content\/uploads\/2017\/03\/vasas_cimer_1200.jpg\",\"contentUrl\":\"https:\/\/vasasbasket.hu\/wp-content\/uploads\/2017\/03\/vasas_cimer_1200.jpg\",\"width\":1200,\"height\":1200,\"caption\":\"Vasas n\u0151i kos\u00e1rlabda\"},\"image\":{\"@id\":\"https:\/\/vasasbasket.hu\/#\/schema\/logo\/image\/\"},\"sameAs\":[\"https:\/\/www.facebook.com\/vasaswbasket\/\"]},{\"@type\":\"Person\",\"@id\":\"https:\/\/vasasbasket.hu\/#\/schema\/person\/f1085f4d2c6582d8d0f977e92de2edee\",\"name\":\"admin\",\"image\":{\"@type\":\"ImageObject\",\"inLanguage\":\"hu\",\"@id\":\"https:\/\/vasasbasket.hu\/#\/schema\/person\/image\/\",\"url\":\"https:\/\/secure.gravatar.com\/avatar\/645c92f7d9cfe02bd93ce2d1cfa11cd3a268bdfe65486552ff04b193cea07634?s=96&d=mm&r=g\",\"contentUrl\":\"https:\/\/secure.gravatar.com\/avatar\/645c92f7d9cfe02bd93ce2d1cfa11cd3a268bdfe65486552ff04b193cea07634?s=96&d=mm&r=g\",\"caption\":\"admin\"},\"url\":\"https:\/\/vasasbasket.hu\/index.php\/author\/admin\/\"}]}<\/script>\n<!-- \/ Yoast SEO plugin. -->","yoast_head_json":{"title":"H\u00e1rom meccset is j\u00e1tszottak U14\/B-s l\u00e1nyaink - Vasas n\u0151i kos\u00e1rlabda","robots":{"index":"index","follow":"follow","max-snippet":"max-snippet:-1","max-image-preview":"max-image-preview:large","max-video-preview":"max-video-preview:-1"},"canonical":"https:\/\/vasasbasket.hu\/index.php\/harom-meccset-is-jatszottak-u14-b-s-lanyaink\/","og_locale":"hu_HU","og_type":"article","og_title":"H\u00e1rom meccset is j\u00e1tszottak U14\/B-s l\u00e1nyaink - Vasas n\u0151i kos\u00e1rlabda","og_description":"A Serd\u00fcl\u0151 Orsz\u00e1gos F\u0151t\u00e1bla selejtez\u0151j\u00e9nek m\u00e1sodik fordul\u00f3j\u00e1ban serd\u00fcl\u0151 B csapatunk h\u00e1rom m\u00e9rk\u0151z\u00e9st is j\u00e1tszott a h\u00e9tv\u00e9g\u00e9n. &#8222;Harmadszor tal\u00e1lkoztunk id\u00e9n a Tisza\u00fajv\u00e1rossal, \u00e9s tudtuk, hogy mire sz\u00e1m\u00edthatunk. Ennek ellen\u00e9re rengeteg labd\u00e1t adtunk el a csapd\u00e1juk ellen, \u00e9s sorra kaptuk a leind\u00edt\u00e1sokat. Csapatv\u00e9dekez\u00e9s\u00fcnk nagyon messze volt a megszokott\u00f3l, de ennek ellen\u00e9re t\u00edz pontos el\u0151nnyel fordultunk az utols\u00f3...","og_url":"https:\/\/vasasbasket.hu\/index.php\/harom-meccset-is-jatszottak-u14-b-s-lanyaink\/","og_site_name":"Vasas n\u0151i kos\u00e1rlabda","article_publisher":"https:\/\/www.facebook.com\/vasaswbasket\/","article_published_time":"2019-03-12T12:43:27+00:00","og_image":[{"width":2000,"height":1333,"url":"https:\/\/vasasbasket.hu\/wp-content\/uploads\/2018\/09\/Vasas-Akad\u00e9mia-U14B.jpg","type":"image\/jpeg"}],"author":"admin","twitter_card":"summary_large_image","twitter_misc":{"Szerz\u0151:":"admin","Becs\u00fclt olvas\u00e1si id\u0151":"2 perc"},"schema":{"@context":"https:\/\/schema.org","@graph":[{"@type":"Article","@id":"https:\/\/vasasbasket.hu\/index.php\/harom-meccset-is-jatszottak-u14-b-s-lanyaink\/#article","isPartOf":{"@id":"https:\/\/vasasbasket.hu\/index.php\/harom-meccset-is-jatszottak-u14-b-s-lanyaink\/"},"author":{"name":"admin","@id":"https:\/\/vasasbasket.hu\/#\/schema\/person\/f1085f4d2c6582d8d0f977e92de2edee"},"headline":"H\u00e1rom meccset is j\u00e1tszottak U14\/B-s l\u00e1nyaink","datePublished":"2019-03-12T12:43:27+00:00","mainEntityOfPage":{"@id":"https:\/\/vasasbasket.hu\/index.php\/harom-meccset-is-jatszottak-u14-b-s-lanyaink\/"},"wordCount":482,"publisher":{"@id":"https:\/\/vasasbasket.hu\/#organization"},"image":{"@id":"https:\/\/vasasbasket.hu\/index.php\/harom-meccset-is-jatszottak-u14-b-s-lanyaink\/#primaryimage"},"thumbnailUrl":"https:\/\/vasasbasket.hu\/wp-content\/uploads\/2018\/09\/Vasas-Akad\u00e9mia-U14B.jpg","articleSection":["Serd\u00fcl\u0151","\u00d6sszes H\u00edr"],"inLanguage":"hu"},{"@type":"WebPage","@id":"https:\/\/vasasbasket.hu\/index.php\/harom-meccset-is-jatszottak-u14-b-s-lanyaink\/","url":"https:\/\/vasasbasket.hu\/index.php\/harom-meccset-is-jatszottak-u14-b-s-lanyaink\/","name":"H\u00e1rom meccset is j\u00e1tszottak U14\/B-s l\u00e1nyaink - Vasas n\u0151i kos\u00e1rlabda","isPartOf":{"@id":"https:\/\/vasasbasket.hu\/#website"},"primaryImageOfPage":{"@id":"https:\/\/vasasbasket.hu\/index.php\/harom-meccset-is-jatszottak-u14-b-s-lanyaink\/#primaryimage"},"image":{"@id":"https:\/\/vasasbasket.hu\/index.php\/harom-meccset-is-jatszottak-u14-b-s-lanyaink\/#primaryimage"},"thumbnailUrl":"https:\/\/vasasbasket.hu\/wp-content\/uploads\/2018\/09\/Vasas-Akad\u00e9mia-U14B.jpg","datePublished":"2019-03-12T12:43:27+00:00","breadcrumb":{"@id":"https:\/\/vasasbasket.hu\/index.php\/harom-meccset-is-jatszottak-u14-b-s-lanyaink\/#breadcrumb"},"inLanguage":"hu","potentialAction":[{"@type":"ReadAction","target":["https:\/\/vasasbasket.hu\/index.php\/harom-meccset-is-jatszottak-u14-b-s-lanyaink\/"]}]},{"@type":"ImageObject","inLanguage":"hu","@id":"https:\/\/vasasbasket.hu\/index.php\/harom-meccset-is-jatszottak-u14-b-s-lanyaink\/#primaryimage","url":"https:\/\/vasasbasket.hu\/wp-content\/uploads\/2018\/09\/Vasas-Akad\u00e9mia-U14B.jpg","contentUrl":"https:\/\/vasasbasket.hu\/wp-content\/uploads\/2018\/09\/Vasas-Akad\u00e9mia-U14B.jpg","width":2000,"height":1333},{"@type":"BreadcrumbList","@id":"https:\/\/vasasbasket.hu\/index.php\/harom-meccset-is-jatszottak-u14-b-s-lanyaink\/#breadcrumb","itemListElement":[{"@type":"ListItem","position":1,"name":"Kezd\u0151lap","item":"https:\/\/vasasbasket.hu\/"},{"@type":"ListItem","position":2,"name":"H\u00e1rom meccset is j\u00e1tszottak U14\/B-s l\u00e1nyaink"}]},{"@type":"WebSite","@id":"https:\/\/vasasbasket.hu\/#website","url":"https:\/\/vasasbasket.hu\/","name":"Vasas n\u0151i kos\u00e1rlabda","description":"Vasas Basket N\u0151i","publisher":{"@id":"https:\/\/vasasbasket.hu\/#organization"},"potentialAction":[{"@type":"SearchAction","target":{"@type":"EntryPoint","urlTemplate":"https:\/\/vasasbasket.hu\/?s={search_term_string}"},"query-input":{"@type":"PropertyValueSpecification","valueRequired":true,"valueName":"search_term_string"}}],"inLanguage":"hu"},{"@type":"Organization","@id":"https:\/\/vasasbasket.hu\/#organization","name":"Vasas n\u0151i kos\u00e1rlabda","url":"https:\/\/vasasbasket.hu\/","logo":{"@type":"ImageObject","inLanguage":"hu","@id":"https:\/\/vasasbasket.hu\/#\/schema\/logo\/image\/","url":"https:\/\/vasasbasket.hu\/wp-content\/uploads\/2017\/03\/vasas_cimer_1200.jpg","contentUrl":"https:\/\/vasasbasket.hu\/wp-content\/uploads\/2017\/03\/vasas_cimer_1200.jpg","width":1200,"height":1200,"caption":"Vasas n\u0151i kos\u00e1rlabda"},"image":{"@id":"https:\/\/vasasbasket.hu\/#\/schema\/logo\/image\/"},"sameAs":["https:\/\/www.facebook.com\/vasaswbasket\/"]},{"@type":"Person","@id":"https:\/\/vasasbasket.hu\/#\/schema\/person\/f1085f4d2c6582d8d0f977e92de2edee","name":"admin","image":{"@type":"ImageObject","inLanguage":"hu","@id":"https:\/\/vasasbasket.hu\/#\/schema\/person\/image\/","url":"https:\/\/secure.gravatar.com\/avatar\/645c92f7d9cfe02bd93ce2d1cfa11cd3a268bdfe65486552ff04b193cea07634?s=96&d=mm&r=g","contentUrl":"https:\/\/secure.gravatar.com\/avatar\/645c92f7d9cfe02bd93ce2d1cfa11cd3a268bdfe65486552ff04b193cea07634?s=96&d=mm&r=g","caption":"admin"},"url":"https:\/\/vasasbasket.hu\/index.php\/author\/admin\/"}]}},"_links":{"self":[{"href":"https:\/\/vasasbasket.hu\/index.php\/wp-json\/wp\/v2\/posts\/5360","targetHints":{"allow":["GET"]}}],"collection":[{"href":"https:\/\/vasasbasket.hu\/index.php\/wp-json\/wp\/v2\/posts"}],"about":[{"href":"https:\/\/vasasbasket.hu\/index.php\/wp-json\/wp\/v2\/types\/post"}],"author":[{"embeddable":true,"href":"https:\/\/vasasbasket.hu\/index.php\/wp-json\/wp\/v2\/users\/1"}],"replies":[{"embeddable":true,"href":"https:\/\/vasasbasket.hu\/index.php\/wp-json\/wp\/v2\/comments?post=5360"}],"version-history":[{"count":1,"href":"https:\/\/vasasbasket.hu\/index.php\/wp-json\/wp\/v2\/posts\/5360\/revisions"}],"predecessor-version":[{"id":5361,"href":"https:\/\/vasasbasket.hu\/index.php\/wp-json\/wp\/v2\/posts\/5360\/revisions\/5361"}],"wp:featuredmedia":[{"embeddable":true,"href":"https:\/\/vasasbasket.hu\/index.php\/wp-json\/wp\/v2\/media\/4288"}],"wp:attachment":[{"href":"https:\/\/vasasbasket.hu\/index.php\/wp-json\/wp\/v2\/media?parent=5360"}],"wp:term":[{"taxonomy":"category","embeddable":true,"href":"https:\/\/vasasbasket.hu\/index.php\/wp-json\/wp\/v2\/categories?post=5360"},{"taxonomy":"post_tag","embeddable":true,"href":"https:\/\/vasasbasket.hu\/index.php\/wp-json\/wp\/v2\/tags?post=5360"}],"curies":[{"name":"wp","href":"https:\/\/api.w.org\/{rel}","templated":true}]}}