{"id":5357,"date":"2019-03-12T12:33:57","date_gmt":"2019-03-12T12:33:57","guid":{"rendered":"http:\/\/vasasbasket.hu\/?p=5357"},"modified":"2019-03-13T13:04:04","modified_gmt":"2019-03-13T13:04:04","slug":"a-bolhak-es-az-amazonok-is-palyara-leptek","status":"publish","type":"post","link":"https:\/\/vasasbasket.hu\/index.php\/a-bolhak-es-az-amazonok-is-palyara-leptek\/","title":{"rendered":"A Bolh\u00e1k \u00e9s az Amazonok is p\u00e1ly\u00e1ra l\u00e9ptek"},"content":{"rendered":"<p><strong>Mindk\u00e9t csapatunk r\u00e9szt vett az Orsz\u00e1gos U12-es fordul\u00f3n a h\u00e9tv\u00e9g\u00e9n a T\u00fcske Csarnokban.<\/strong><\/p>\n<p>Szombaton a Bolh\u00e1k l\u00e9ptek p\u00e1ly\u00e1ra, mink\u00e9t m\u00e9rk\u0151z\u00e9s\u00fck\u00f6n magabiztos gy\u0151zelmet arattak.<\/p>\n<p><em>&#8222;M\u00e1r a meccs elej\u00e9n l\u00e1tszott, hogy v\u00e9gre megint tudunk \u00fagy \u00f6sszpontos\u00edtani \u00e9s v\u00e9dekezni, ahogy azt m\u00e1r ett\u0151l a csapatt\u00f3l megszoktuk. Ellentmond\u00e1s nem t\u0171r\u0151en est\u00fcnk neki az ellenf\u00e9lnek, nem k\u00edm\u00e9lve \u0151ket, s magunkat sem. J\u00f3 v\u00e9dekez\u00e9sek ut\u00e1n siker\u00fclt megtal\u00e1lni az \u00fcres embereket, \u00e9s abb\u00f3l j\u00f3l ind\u00edtani. Sz\u00e9pen ment\u00fcnk a lepattan\u00f3\u00e9rt is. A harmadik negyedben a v\u00e9dekez\u00e9s\u00fcnk nem volt t\u00f6k\u00e9letes, kicsit belassultunk, j\u00f6tt a szok\u00e1sos hull\u00e1mv\u00f6lgy, ami most t\u00edz percig tartott. Onnan a harmadik negyed k\u00f6zep\u00e9re siker\u00fclt ism\u00e9t felgyorsulni, \u00e9s megtal\u00e1lni a j\u00f3 ritmust, ami m\u00e1r el\u00e9g volt a biztos a gy\u0151zelemhez&#8221;<\/em> &#8211; mondta a csapat edz\u0151je, Kaluha-Guti Alexandra.<\/p>\n<p>JKC <strong>&#8211; Vasas Bolh\u00e1k 20-48<\/strong> (3-16, 2+2-10+4, 7-7, 6-11)<br \/>\n<em>Pontszerz\u0151k:<\/em><br \/>\n<strong>Vasas Bolh\u00e1k:<\/strong> Szab\u00f3 No\u00e9mi 1, K\u00fcsm\u00f6di Eszter 11, Galavits Lili 8, Szab\u00f3 Em\u00edlia 3, Koll\u00e1r Kata 6, Pusk\u00e1s Lili 6, Mayr Lara 3, Schannen Zo\u00e9 2, Tak\u00e1cs Orsolya 1, Istenes Ida 7<\/p>\n<p><em>&#8222;Els\u0151 meccs\u00fcnk tal\u00e1n az id\u00e9nyben, hogy a v\u00e9dekez\u00e9s\u00fcnk eg\u00e9sz meccs alatt rendben volt. Eg\u00e9sz meccsen koncentr\u00e1ltan, sok labd\u00e1t szerezve majdnem t\u00f6k\u00e9letesen v\u00e9dekezt\u00fcnk. \u00cdgy a t\u00e1mad\u00e1s is sokkal k\u00f6nnyebben ment, ugyan ezen a meccsen sokkal t\u00f6bb ziccert hagytunk m\u00e1r ki, mint az els\u0151n, de valahogy ut\u00e1na a v\u00e9dekez\u00e9sben mindig kijav\u00edtottuk ezeket a hib\u00e1kat. T\u00e1mad\u00e1sban k\u00fcl\u00f6n \u00f6r\u00fcl\u00f6k, hogy Pusk\u00e1s Lili ilyen eredm\u00e9nyes tudott lenni, mindig j\u00f3 helyzeteket kiv\u00e1lasztva siker\u00fclt 13 pontot dobnia&#8221;<\/em> &#8211; mondta Kaluha-Guti Alexandra.<\/p>\n<p><strong>Vasas Bolh\u00e1k &#8211;<\/strong> T\u00f6r\u00f6k Sasmadarak <strong>42-18<\/strong> (8-4, 9+4-2+4, 13-4, 8-4)<br \/>\n<em>Pontszerz\u0151k:<\/em><br \/>\n<strong>Vasas Bolh\u00e1k:<\/strong> Szab\u00f3 No\u00e9mi 1, K\u00fcsm\u00f6di Eszter 8, K\u00e1rp\u00e1thegyi L\u00e9da 3, Galavits Lili 7, Szab\u00f3 Em\u00edlia 3, Koll\u00e1r Kata 2, Pusk\u00e1s Lili 13, Mayr Lara 2, Tak\u00e1cs Orsolya 1, Istenes Ida 2<\/p>\n<p><em>&#8222;\u00d6sszess\u00e9g\u00e9ben nagyon el\u00e9gedett voltam a csapattal. A v\u00e9dekez\u00e9s\u00fcnk nagyon j\u00f3 volt mindkett\u0151 meccsen. T\u00e1mad\u00e1sban nagyon sz\u00e9pen passzoltunk ism\u00e9telten, sok t\u00e1mad\u00f3 \u00e9s v\u00e9d\u0151 lepattan\u00f3t is szedt\u00fcnk. A lelkesed\u00e9s csillagos 5-\u00f6s, az elveszett labda fogalm\u00e1t nem ismert\u00e9k a l\u00e1nyok. K\u00fcl\u00f6n \u00f6r\u00f6m a fiatalok b\u00e1tors\u00e1ga. Koll\u00e1r Kata t\u00e1mad\u00e1sban \u00e9s v\u00e9dekez\u00e9sben is nagyon sz\u00e9p dolgokat csin\u00e1lt, Muszka Zita pedig szenz\u00e1ci\u00f3san v\u00e9dekezett, \u00e9s nagyon j\u00f3 passzokat adott a megszerzett labd\u00e1kb\u00f3l. Galavits Lili nagyon megb\u00edzhat\u00f3an \u00e9s labdabiztosan vez\u00e9nyelte a t\u00e1mad\u00e1sokat, \u00e9s a v\u00e9d\u0151feladatot is, amit kapott nagyr\u00e9szt siker\u00fclt megcsin\u00e1lnia. Gratul\u00e1lok a l\u00e1nyoknak a teljes\u00edtm\u00e9ny\u00fck\u00e9rt&#8221;<\/em> &#8211; \u00f6sszegezte a csapat edz\u0151je, Kaluha-Guti Alexandra.<img loading=\"lazy\" decoding=\"async\" class=\" wp-image-5366 aligncenter\" src=\"http:\/\/vasasbasket.hu\/wp-content\/uploads\/2019\/03\/IMG_20190309_154533-e1552482215746-1024x723.jpg\" alt=\"\" width=\"502\" height=\"355\" srcset=\"https:\/\/vasasbasket.hu\/wp-content\/uploads\/2019\/03\/IMG_20190309_154533-e1552482215746-1024x723.jpg 1024w, https:\/\/vasasbasket.hu\/wp-content\/uploads\/2019\/03\/IMG_20190309_154533-e1552482215746-570x402.jpg 570w, https:\/\/vasasbasket.hu\/wp-content\/uploads\/2019\/03\/IMG_20190309_154533-e1552482215746-440x311.jpg 440w, https:\/\/vasasbasket.hu\/wp-content\/uploads\/2019\/03\/IMG_20190309_154533-e1552482215746-300x212.jpg 300w, https:\/\/vasasbasket.hu\/wp-content\/uploads\/2019\/03\/IMG_20190309_154533-e1552482215746-768x542.jpg 768w, https:\/\/vasasbasket.hu\/wp-content\/uploads\/2019\/03\/IMG_20190309_154533-e1552482215746-128x90.jpg 128w, https:\/\/vasasbasket.hu\/wp-content\/uploads\/2019\/03\/IMG_20190309_154533-e1552482215746-32x23.jpg 32w, https:\/\/vasasbasket.hu\/wp-content\/uploads\/2019\/03\/IMG_20190309_154533-e1552482215746-98x69.jpg 98w, https:\/\/vasasbasket.hu\/wp-content\/uploads\/2019\/03\/IMG_20190309_154533-e1552482215746.jpg 1191w\" sizes=\"auto, (max-width: 502px) 100vw, 502px\" \/>Vas\u00e1rnap az Amazonok\u00e9 volt a f\u0151szerep, akik sajnos nem j\u00e1rtak olyan sikerrel, mint a Bolh\u00e1k.<\/p>\n<p><em>&#8222;A m\u00falt h\u00e9tv\u00e9g\u00e9hez k\u00e9pest sokkal koncentr\u00e1ltabban, komolyabban mentek fel a l\u00e1nyok a p\u00e1ly\u00e1ra. Sajnos nagyon er\u0151s, magas, gyors fi\u00fakb\u00f3l \u00e1llt a MAFC Heisler csapata. Sz\u00e9pen is kosaraztak, de l\u00e9nyeg\u00e9ben minden kihagyott helyzet\u00fcnk vagy eladott labd\u00e1nk ut\u00e1n 2-3 sr\u00e1c rohant el\u0151re, \u00e9s sima ziccereket dobtak a fell\u0151tt labd\u00e1kb\u00f3l. Egyik b\u00fcntet\u0151t\u0151l a m\u00e1sikig passzoltak sim\u00e1n, amit\u0151l mi m\u00e9g el\u00e9g messze vagyunk. Fizik\u00e1lisan er\u0151sen, a l\u00e1nyokhoz k\u00e9pest durv\u00e1n v\u00e9dekeztek, \u00edgy hi\u00e1ba csin\u00e1lt\u00e1k meg a l\u00e1nyok, amiket gyakoroltunk \u00e9s amit k\u00e9rtem, nem tudtunk bel\u0151le kosarat szerezni&#8221;<\/em> &#8211; mondta a csapat edz\u0151je, Kiss M\u00e1t\u00e9.<\/p>\n<p><strong>Vasas Amazonok &#8211;<\/strong> MAFC Heisler <strong>33-71<\/strong> (9-21, 2+7 &#8211; 12+5, 11-18, 2-15)<br \/>\n<em>Pontszerz\u0151k:<br \/>\n<\/em> <strong>Vasas Amazonok: <\/strong>Bori Liza 3, F\u00e1bi\u00e1n Szofi 14, Lengyel Luca 5, D\u00fal Fanni 3, Schannen Zo\u00e9 3, Tam\u00e1s Petra 2, Csercsa Eszter 1, Sz\u00edj-Kris\u00e1nszky Zo\u00e9 1<\/p>\n<p><em>&#8222;Nem volt egyszer\u0171 dolgunk itt sem, az amerikai gyerekek konkr\u00e9tan a trap\u00e9z vonal\u00e1n v\u00e9dekeztek v\u00e9gig. Tripl\u00e1r\u00f3l \u00e9s tripla k\u00f6zel\u00e9b\u0151l is sim\u00e1n dobt\u00e1k a temp\u00f3kat, \u00e9s be is tal\u00e1ltak. Sajnos a m\u00e1sik oldalon Szofi mert csak, \u00e9s volt hajland\u00f3 egy-egyezni, t\u0151le j\u00f6ttek a kosarak. Ha siker\u00fclt volna a rengeteg ziccer\u00fcnkb\u0151l t\u00f6bbet bedobni, \u00e9s kicsit b\u00e1trabban j\u00e1tszunk, meglehetett volna a meccs&#8221;<\/em> &#8211; mondta Kiss M\u00e1t\u00e9.<\/p>\n<p>Budapest Blazers\/A <strong>&#8211; Vasas Amazonok 46-30<\/strong> (8-5, 12+6 &#8211; 10+6, 9-3, 11-6)<\/p>\n","protected":false},"excerpt":{"rendered":"<p>Mindk\u00e9t csapatunk r\u00e9szt vett az Orsz\u00e1gos U12-es fordul\u00f3n a h\u00e9tv\u00e9g\u00e9n a T\u00fcske Csarnokban. Szombaton a Bolh\u00e1k l\u00e9ptek p\u00e1ly\u00e1ra, mink\u00e9t m\u00e9rk\u0151z\u00e9s\u00fck\u00f6n magabiztos gy\u0151zelmet arattak. &#8222;M\u00e1r a meccs elej\u00e9n l\u00e1tszott, hogy v\u00e9gre megint tudunk \u00fagy \u00f6sszpontos\u00edtani \u00e9s v\u00e9dekezni, ahogy azt m\u00e1r ett\u0151l a csapatt\u00f3l megszoktuk. Ellentmond\u00e1s nem t\u0171r\u0151en est\u00fcnk neki az ellenf\u00e9lnek, nem k\u00edm\u00e9lve \u0151ket, s magunkat&#8230;<\/p>\n","protected":false},"author":1,"featured_media":5358,"comment_status":"closed","ping_status":"open","sticky":false,"template":"","format":"standard","meta":{"footnotes":""},"categories":[73,92],"tags":[],"class_list":["post-5357","post","type-post","status-publish","format-standard","has-post-thumbnail","hentry","category-gyerek","category-hirek"],"yoast_head":"<!-- This site is optimized with the Yoast SEO plugin v26.0 - https:\/\/yoast.com\/wordpress\/plugins\/seo\/ -->\n<title>A Bolh\u00e1k \u00e9s az Amazonok is p\u00e1ly\u00e1ra l\u00e9ptek - Vasas n\u0151i kos\u00e1rlabda<\/title>\n<meta name=\"robots\" content=\"index, follow, max-snippet:-1, max-image-preview:large, max-video-preview:-1\" \/>\n<link rel=\"canonical\" href=\"https:\/\/vasasbasket.hu\/index.php\/a-bolhak-es-az-amazonok-is-palyara-leptek\/\" \/>\n<meta property=\"og:locale\" content=\"hu_HU\" \/>\n<meta property=\"og:type\" content=\"article\" \/>\n<meta property=\"og:title\" content=\"A Bolh\u00e1k \u00e9s az Amazonok is p\u00e1ly\u00e1ra l\u00e9ptek - Vasas n\u0151i kos\u00e1rlabda\" \/>\n<meta property=\"og:description\" content=\"Mindk\u00e9t csapatunk r\u00e9szt vett az Orsz\u00e1gos U12-es fordul\u00f3n a h\u00e9tv\u00e9g\u00e9n a T\u00fcske Csarnokban. Szombaton a Bolh\u00e1k l\u00e9ptek p\u00e1ly\u00e1ra, mink\u00e9t m\u00e9rk\u0151z\u00e9s\u00fck\u00f6n magabiztos gy\u0151zelmet arattak. &#8222;M\u00e1r a meccs elej\u00e9n l\u00e1tszott, hogy v\u00e9gre megint tudunk \u00fagy \u00f6sszpontos\u00edtani \u00e9s v\u00e9dekezni, ahogy azt m\u00e1r ett\u0151l a csapatt\u00f3l megszoktuk. Ellentmond\u00e1s nem t\u0171r\u0151en est\u00fcnk neki az ellenf\u00e9lnek, nem k\u00edm\u00e9lve \u0151ket, s magunkat...\" \/>\n<meta property=\"og:url\" content=\"https:\/\/vasasbasket.hu\/index.php\/a-bolhak-es-az-amazonok-is-palyara-leptek\/\" \/>\n<meta property=\"og:site_name\" content=\"Vasas n\u0151i kos\u00e1rlabda\" \/>\n<meta property=\"article:publisher\" content=\"https:\/\/www.facebook.com\/vasaswbasket\/\" \/>\n<meta property=\"article:published_time\" content=\"2019-03-12T12:33:57+00:00\" \/>\n<meta property=\"article:modified_time\" content=\"2019-03-13T13:04:04+00:00\" \/>\n<meta property=\"og:image\" content=\"https:\/\/vasasbasket.hu\/wp-content\/uploads\/2019\/03\/image3-1.jpeg\" \/>\n\t<meta property=\"og:image:width\" content=\"2016\" \/>\n\t<meta property=\"og:image:height\" content=\"1512\" \/>\n\t<meta property=\"og:image:type\" content=\"image\/jpeg\" \/>\n<meta name=\"author\" content=\"admin\" \/>\n<meta name=\"twitter:card\" content=\"summary_large_image\" \/>\n<meta name=\"twitter:label1\" content=\"Szerz\u0151:\" \/>\n\t<meta name=\"twitter:data1\" content=\"admin\" \/>\n\t<meta name=\"twitter:label2\" content=\"Becs\u00fclt olvas\u00e1si id\u0151\" \/>\n\t<meta name=\"twitter:data2\" content=\"4 perc\" \/>\n<script type=\"application\/ld+json\" class=\"yoast-schema-graph\">{\"@context\":\"https:\/\/schema.org\",\"@graph\":[{\"@type\":\"Article\",\"@id\":\"https:\/\/vasasbasket.hu\/index.php\/a-bolhak-es-az-amazonok-is-palyara-leptek\/#article\",\"isPartOf\":{\"@id\":\"https:\/\/vasasbasket.hu\/index.php\/a-bolhak-es-az-amazonok-is-palyara-leptek\/\"},\"author\":{\"name\":\"admin\",\"@id\":\"https:\/\/vasasbasket.hu\/#\/schema\/person\/f1085f4d2c6582d8d0f977e92de2edee\"},\"headline\":\"A Bolh\u00e1k \u00e9s az Amazonok is p\u00e1ly\u00e1ra l\u00e9ptek\",\"datePublished\":\"2019-03-12T12:33:57+00:00\",\"dateModified\":\"2019-03-13T13:04:04+00:00\",\"mainEntityOfPage\":{\"@id\":\"https:\/\/vasasbasket.hu\/index.php\/a-bolhak-es-az-amazonok-is-palyara-leptek\/\"},\"wordCount\":831,\"publisher\":{\"@id\":\"https:\/\/vasasbasket.hu\/#organization\"},\"image\":{\"@id\":\"https:\/\/vasasbasket.hu\/index.php\/a-bolhak-es-az-amazonok-is-palyara-leptek\/#primaryimage\"},\"thumbnailUrl\":\"https:\/\/vasasbasket.hu\/wp-content\/uploads\/2019\/03\/image3-1.jpeg\",\"articleSection\":[\"Gyerek\",\"\u00d6sszes H\u00edr\"],\"inLanguage\":\"hu\"},{\"@type\":\"WebPage\",\"@id\":\"https:\/\/vasasbasket.hu\/index.php\/a-bolhak-es-az-amazonok-is-palyara-leptek\/\",\"url\":\"https:\/\/vasasbasket.hu\/index.php\/a-bolhak-es-az-amazonok-is-palyara-leptek\/\",\"name\":\"A Bolh\u00e1k \u00e9s az Amazonok is p\u00e1ly\u00e1ra l\u00e9ptek - Vasas n\u0151i kos\u00e1rlabda\",\"isPartOf\":{\"@id\":\"https:\/\/vasasbasket.hu\/#website\"},\"primaryImageOfPage\":{\"@id\":\"https:\/\/vasasbasket.hu\/index.php\/a-bolhak-es-az-amazonok-is-palyara-leptek\/#primaryimage\"},\"image\":{\"@id\":\"https:\/\/vasasbasket.hu\/index.php\/a-bolhak-es-az-amazonok-is-palyara-leptek\/#primaryimage\"},\"thumbnailUrl\":\"https:\/\/vasasbasket.hu\/wp-content\/uploads\/2019\/03\/image3-1.jpeg\",\"datePublished\":\"2019-03-12T12:33:57+00:00\",\"dateModified\":\"2019-03-13T13:04:04+00:00\",\"breadcrumb\":{\"@id\":\"https:\/\/vasasbasket.hu\/index.php\/a-bolhak-es-az-amazonok-is-palyara-leptek\/#breadcrumb\"},\"inLanguage\":\"hu\",\"potentialAction\":[{\"@type\":\"ReadAction\",\"target\":[\"https:\/\/vasasbasket.hu\/index.php\/a-bolhak-es-az-amazonok-is-palyara-leptek\/\"]}]},{\"@type\":\"ImageObject\",\"inLanguage\":\"hu\",\"@id\":\"https:\/\/vasasbasket.hu\/index.php\/a-bolhak-es-az-amazonok-is-palyara-leptek\/#primaryimage\",\"url\":\"https:\/\/vasasbasket.hu\/wp-content\/uploads\/2019\/03\/image3-1.jpeg\",\"contentUrl\":\"https:\/\/vasasbasket.hu\/wp-content\/uploads\/2019\/03\/image3-1.jpeg\",\"width\":2016,\"height\":1512},{\"@type\":\"BreadcrumbList\",\"@id\":\"https:\/\/vasasbasket.hu\/index.php\/a-bolhak-es-az-amazonok-is-palyara-leptek\/#breadcrumb\",\"itemListElement\":[{\"@type\":\"ListItem\",\"position\":1,\"name\":\"Kezd\u0151lap\",\"item\":\"https:\/\/vasasbasket.hu\/\"},{\"@type\":\"ListItem\",\"position\":2,\"name\":\"A Bolh\u00e1k \u00e9s az Amazonok is p\u00e1ly\u00e1ra l\u00e9ptek\"}]},{\"@type\":\"WebSite\",\"@id\":\"https:\/\/vasasbasket.hu\/#website\",\"url\":\"https:\/\/vasasbasket.hu\/\",\"name\":\"Vasas n\u0151i kos\u00e1rlabda\",\"description\":\"Vasas Basket N\u0151i\",\"publisher\":{\"@id\":\"https:\/\/vasasbasket.hu\/#organization\"},\"potentialAction\":[{\"@type\":\"SearchAction\",\"target\":{\"@type\":\"EntryPoint\",\"urlTemplate\":\"https:\/\/vasasbasket.hu\/?s={search_term_string}\"},\"query-input\":{\"@type\":\"PropertyValueSpecification\",\"valueRequired\":true,\"valueName\":\"search_term_string\"}}],\"inLanguage\":\"hu\"},{\"@type\":\"Organization\",\"@id\":\"https:\/\/vasasbasket.hu\/#organization\",\"name\":\"Vasas n\u0151i kos\u00e1rlabda\",\"url\":\"https:\/\/vasasbasket.hu\/\",\"logo\":{\"@type\":\"ImageObject\",\"inLanguage\":\"hu\",\"@id\":\"https:\/\/vasasbasket.hu\/#\/schema\/logo\/image\/\",\"url\":\"https:\/\/vasasbasket.hu\/wp-content\/uploads\/2017\/03\/vasas_cimer_1200.jpg\",\"contentUrl\":\"https:\/\/vasasbasket.hu\/wp-content\/uploads\/2017\/03\/vasas_cimer_1200.jpg\",\"width\":1200,\"height\":1200,\"caption\":\"Vasas n\u0151i kos\u00e1rlabda\"},\"image\":{\"@id\":\"https:\/\/vasasbasket.hu\/#\/schema\/logo\/image\/\"},\"sameAs\":[\"https:\/\/www.facebook.com\/vasaswbasket\/\"]},{\"@type\":\"Person\",\"@id\":\"https:\/\/vasasbasket.hu\/#\/schema\/person\/f1085f4d2c6582d8d0f977e92de2edee\",\"name\":\"admin\",\"image\":{\"@type\":\"ImageObject\",\"inLanguage\":\"hu\",\"@id\":\"https:\/\/vasasbasket.hu\/#\/schema\/person\/image\/\",\"url\":\"https:\/\/secure.gravatar.com\/avatar\/645c92f7d9cfe02bd93ce2d1cfa11cd3a268bdfe65486552ff04b193cea07634?s=96&d=mm&r=g\",\"contentUrl\":\"https:\/\/secure.gravatar.com\/avatar\/645c92f7d9cfe02bd93ce2d1cfa11cd3a268bdfe65486552ff04b193cea07634?s=96&d=mm&r=g\",\"caption\":\"admin\"},\"url\":\"https:\/\/vasasbasket.hu\/index.php\/author\/admin\/\"}]}<\/script>\n<!-- \/ Yoast SEO plugin. -->","yoast_head_json":{"title":"A Bolh\u00e1k \u00e9s az Amazonok is p\u00e1ly\u00e1ra l\u00e9ptek - Vasas n\u0151i kos\u00e1rlabda","robots":{"index":"index","follow":"follow","max-snippet":"max-snippet:-1","max-image-preview":"max-image-preview:large","max-video-preview":"max-video-preview:-1"},"canonical":"https:\/\/vasasbasket.hu\/index.php\/a-bolhak-es-az-amazonok-is-palyara-leptek\/","og_locale":"hu_HU","og_type":"article","og_title":"A Bolh\u00e1k \u00e9s az Amazonok is p\u00e1ly\u00e1ra l\u00e9ptek - Vasas n\u0151i kos\u00e1rlabda","og_description":"Mindk\u00e9t csapatunk r\u00e9szt vett az Orsz\u00e1gos U12-es fordul\u00f3n a h\u00e9tv\u00e9g\u00e9n a T\u00fcske Csarnokban. Szombaton a Bolh\u00e1k l\u00e9ptek p\u00e1ly\u00e1ra, mink\u00e9t m\u00e9rk\u0151z\u00e9s\u00fck\u00f6n magabiztos gy\u0151zelmet arattak. &#8222;M\u00e1r a meccs elej\u00e9n l\u00e1tszott, hogy v\u00e9gre megint tudunk \u00fagy \u00f6sszpontos\u00edtani \u00e9s v\u00e9dekezni, ahogy azt m\u00e1r ett\u0151l a csapatt\u00f3l megszoktuk. Ellentmond\u00e1s nem t\u0171r\u0151en est\u00fcnk neki az ellenf\u00e9lnek, nem k\u00edm\u00e9lve \u0151ket, s magunkat...","og_url":"https:\/\/vasasbasket.hu\/index.php\/a-bolhak-es-az-amazonok-is-palyara-leptek\/","og_site_name":"Vasas n\u0151i kos\u00e1rlabda","article_publisher":"https:\/\/www.facebook.com\/vasaswbasket\/","article_published_time":"2019-03-12T12:33:57+00:00","article_modified_time":"2019-03-13T13:04:04+00:00","og_image":[{"width":2016,"height":1512,"url":"https:\/\/vasasbasket.hu\/wp-content\/uploads\/2019\/03\/image3-1.jpeg","type":"image\/jpeg"}],"author":"admin","twitter_card":"summary_large_image","twitter_misc":{"Szerz\u0151:":"admin","Becs\u00fclt olvas\u00e1si id\u0151":"4 perc"},"schema":{"@context":"https:\/\/schema.org","@graph":[{"@type":"Article","@id":"https:\/\/vasasbasket.hu\/index.php\/a-bolhak-es-az-amazonok-is-palyara-leptek\/#article","isPartOf":{"@id":"https:\/\/vasasbasket.hu\/index.php\/a-bolhak-es-az-amazonok-is-palyara-leptek\/"},"author":{"name":"admin","@id":"https:\/\/vasasbasket.hu\/#\/schema\/person\/f1085f4d2c6582d8d0f977e92de2edee"},"headline":"A Bolh\u00e1k \u00e9s az Amazonok is p\u00e1ly\u00e1ra l\u00e9ptek","datePublished":"2019-03-12T12:33:57+00:00","dateModified":"2019-03-13T13:04:04+00:00","mainEntityOfPage":{"@id":"https:\/\/vasasbasket.hu\/index.php\/a-bolhak-es-az-amazonok-is-palyara-leptek\/"},"wordCount":831,"publisher":{"@id":"https:\/\/vasasbasket.hu\/#organization"},"image":{"@id":"https:\/\/vasasbasket.hu\/index.php\/a-bolhak-es-az-amazonok-is-palyara-leptek\/#primaryimage"},"thumbnailUrl":"https:\/\/vasasbasket.hu\/wp-content\/uploads\/2019\/03\/image3-1.jpeg","articleSection":["Gyerek","\u00d6sszes H\u00edr"],"inLanguage":"hu"},{"@type":"WebPage","@id":"https:\/\/vasasbasket.hu\/index.php\/a-bolhak-es-az-amazonok-is-palyara-leptek\/","url":"https:\/\/vasasbasket.hu\/index.php\/a-bolhak-es-az-amazonok-is-palyara-leptek\/","name":"A Bolh\u00e1k \u00e9s az Amazonok is p\u00e1ly\u00e1ra l\u00e9ptek - Vasas n\u0151i kos\u00e1rlabda","isPartOf":{"@id":"https:\/\/vasasbasket.hu\/#website"},"primaryImageOfPage":{"@id":"https:\/\/vasasbasket.hu\/index.php\/a-bolhak-es-az-amazonok-is-palyara-leptek\/#primaryimage"},"image":{"@id":"https:\/\/vasasbasket.hu\/index.php\/a-bolhak-es-az-amazonok-is-palyara-leptek\/#primaryimage"},"thumbnailUrl":"https:\/\/vasasbasket.hu\/wp-content\/uploads\/2019\/03\/image3-1.jpeg","datePublished":"2019-03-12T12:33:57+00:00","dateModified":"2019-03-13T13:04:04+00:00","breadcrumb":{"@id":"https:\/\/vasasbasket.hu\/index.php\/a-bolhak-es-az-amazonok-is-palyara-leptek\/#breadcrumb"},"inLanguage":"hu","potentialAction":[{"@type":"ReadAction","target":["https:\/\/vasasbasket.hu\/index.php\/a-bolhak-es-az-amazonok-is-palyara-leptek\/"]}]},{"@type":"ImageObject","inLanguage":"hu","@id":"https:\/\/vasasbasket.hu\/index.php\/a-bolhak-es-az-amazonok-is-palyara-leptek\/#primaryimage","url":"https:\/\/vasasbasket.hu\/wp-content\/uploads\/2019\/03\/image3-1.jpeg","contentUrl":"https:\/\/vasasbasket.hu\/wp-content\/uploads\/2019\/03\/image3-1.jpeg","width":2016,"height":1512},{"@type":"BreadcrumbList","@id":"https:\/\/vasasbasket.hu\/index.php\/a-bolhak-es-az-amazonok-is-palyara-leptek\/#breadcrumb","itemListElement":[{"@type":"ListItem","position":1,"name":"Kezd\u0151lap","item":"https:\/\/vasasbasket.hu\/"},{"@type":"ListItem","position":2,"name":"A Bolh\u00e1k \u00e9s az Amazonok is p\u00e1ly\u00e1ra l\u00e9ptek"}]},{"@type":"WebSite","@id":"https:\/\/vasasbasket.hu\/#website","url":"https:\/\/vasasbasket.hu\/","name":"Vasas n\u0151i kos\u00e1rlabda","description":"Vasas Basket N\u0151i","publisher":{"@id":"https:\/\/vasasbasket.hu\/#organization"},"potentialAction":[{"@type":"SearchAction","target":{"@type":"EntryPoint","urlTemplate":"https:\/\/vasasbasket.hu\/?s={search_term_string}"},"query-input":{"@type":"PropertyValueSpecification","valueRequired":true,"valueName":"search_term_string"}}],"inLanguage":"hu"},{"@type":"Organization","@id":"https:\/\/vasasbasket.hu\/#organization","name":"Vasas n\u0151i kos\u00e1rlabda","url":"https:\/\/vasasbasket.hu\/","logo":{"@type":"ImageObject","inLanguage":"hu","@id":"https:\/\/vasasbasket.hu\/#\/schema\/logo\/image\/","url":"https:\/\/vasasbasket.hu\/wp-content\/uploads\/2017\/03\/vasas_cimer_1200.jpg","contentUrl":"https:\/\/vasasbasket.hu\/wp-content\/uploads\/2017\/03\/vasas_cimer_1200.jpg","width":1200,"height":1200,"caption":"Vasas n\u0151i kos\u00e1rlabda"},"image":{"@id":"https:\/\/vasasbasket.hu\/#\/schema\/logo\/image\/"},"sameAs":["https:\/\/www.facebook.com\/vasaswbasket\/"]},{"@type":"Person","@id":"https:\/\/vasasbasket.hu\/#\/schema\/person\/f1085f4d2c6582d8d0f977e92de2edee","name":"admin","image":{"@type":"ImageObject","inLanguage":"hu","@id":"https:\/\/vasasbasket.hu\/#\/schema\/person\/image\/","url":"https:\/\/secure.gravatar.com\/avatar\/645c92f7d9cfe02bd93ce2d1cfa11cd3a268bdfe65486552ff04b193cea07634?s=96&d=mm&r=g","contentUrl":"https:\/\/secure.gravatar.com\/avatar\/645c92f7d9cfe02bd93ce2d1cfa11cd3a268bdfe65486552ff04b193cea07634?s=96&d=mm&r=g","caption":"admin"},"url":"https:\/\/vasasbasket.hu\/index.php\/author\/admin\/"}]}},"_links":{"self":[{"href":"https:\/\/vasasbasket.hu\/index.php\/wp-json\/wp\/v2\/posts\/5357","targetHints":{"allow":["GET"]}}],"collection":[{"href":"https:\/\/vasasbasket.hu\/index.php\/wp-json\/wp\/v2\/posts"}],"about":[{"href":"https:\/\/vasasbasket.hu\/index.php\/wp-json\/wp\/v2\/types\/post"}],"author":[{"embeddable":true,"href":"https:\/\/vasasbasket.hu\/index.php\/wp-json\/wp\/v2\/users\/1"}],"replies":[{"embeddable":true,"href":"https:\/\/vasasbasket.hu\/index.php\/wp-json\/wp\/v2\/comments?post=5357"}],"version-history":[{"count":2,"href":"https:\/\/vasasbasket.hu\/index.php\/wp-json\/wp\/v2\/posts\/5357\/revisions"}],"predecessor-version":[{"id":5367,"href":"https:\/\/vasasbasket.hu\/index.php\/wp-json\/wp\/v2\/posts\/5357\/revisions\/5367"}],"wp:featuredmedia":[{"embeddable":true,"href":"https:\/\/vasasbasket.hu\/index.php\/wp-json\/wp\/v2\/media\/5358"}],"wp:attachment":[{"href":"https:\/\/vasasbasket.hu\/index.php\/wp-json\/wp\/v2\/media?parent=5357"}],"wp:term":[{"taxonomy":"category","embeddable":true,"href":"https:\/\/vasasbasket.hu\/index.php\/wp-json\/wp\/v2\/categories?post=5357"},{"taxonomy":"post_tag","embeddable":true,"href":"https:\/\/vasasbasket.hu\/index.php\/wp-json\/wp\/v2\/tags?post=5357"}],"curies":[{"name":"wp","href":"https:\/\/api.w.org\/{rel}","templated":true}]}}