{"id":5353,"date":"2019-03-11T14:05:59","date_gmt":"2019-03-11T14:05:59","guid":{"rendered":"http:\/\/vasasbasket.hu\/?p=5353"},"modified":"2019-03-11T14:11:11","modified_gmt":"2019-03-11T14:11:11","slug":"junior-donto-osszefoglalo","status":"publish","type":"post","link":"https:\/\/vasasbasket.hu\/index.php\/junior-donto-osszefoglalo\/","title":{"rendered":"Junior d\u00f6nt\u0151 \u00f6sszefoglal\u00f3"},"content":{"rendered":"<p><strong>M\u00e1rcius 7-10.-e k\u00f6z\u00f6tt rendezt\u00e9k a Nemzeti Le\u00e1ny Junior Bajnoks\u00e1g d\u00f6nt\u0151j\u00e9t, ahov\u00e1 a Vasas Akad\u00e9mia c\u00edmv\u00e9d\u0151k\u00e9nt \u00e9rkezett.<\/strong><\/p>\n<p>A n\u00e9gy napos torna csoportm\u00e9rk\u0151z\u00e9sekkel kezd\u0151d\u00f6tt, Igor Skocovski l\u00e1nyai pedig hib\u00e1tlanul vett\u00e9k az els\u0151 akad\u00e1lyokat. Cs\u00fct\u00f6rt\u00f6k\u00f6n az Atomer\u0151m\u0171-KSC Szeksz\u00e1rd ellen nyitottunk egy 95-62-es gy\u0151zelemmel, majd p\u00e9nteken k\u00f6vetkezett a m\u00e1sik k\u00e9t csoportmeccs. D\u00e9lel\u0151tt a BEAC-\u00dajbuda KA\/A ellen nyert\u00fcnk 82-43-ra, majd a nap z\u00e1r\u00e1sak\u00e9nt a DVTK Akad\u00e9mia ellen is diadalmaskodni tudtunk 39-73-ra.<\/p>\n<p>H\u00e1rom gy\u0151zelm\u00fcnkkel csoportels\u0151k\u00e9nt v\u00e1rhattuk a h\u00e9tv\u00e9gi el\u0151d\u00f6nt\u0151t, ahol a h\u00e1zigazda PEAC-Kos\u00e1rlabda Akad\u00e9mia P\u00e9cs volt az ellenfel\u00fcnk. Nem volt k\u00f6nny\u0171 dolgunk, hiszen a torna legeredm\u00e9nyesebb dob\u00f3j\u00e1t is mag\u00e1\u00e9nak tud\u00f3 PEAC egy j\u00f3l k\u00e9pzett csapat, azonban v\u00e9gig k\u00e9zben tartottuk az ir\u00e1ny\u00edt\u00e1st, \u00e9s v\u00e9g\u00fcl 70-56-ra, magabiztosan gy\u0151zt\u00fcnk.<img loading=\"lazy\" decoding=\"async\" class=\" wp-image-5354 aligncenter\" src=\"http:\/\/vasasbasket.hu\/wp-content\/uploads\/2019\/03\/FALIUJS_IMG_1692-1024x768.jpg\" alt=\"\" width=\"754\" height=\"565\" srcset=\"https:\/\/vasasbasket.hu\/wp-content\/uploads\/2019\/03\/FALIUJS_IMG_1692-1024x768.jpg 1024w, https:\/\/vasasbasket.hu\/wp-content\/uploads\/2019\/03\/FALIUJS_IMG_1692-570x428.jpg 570w, https:\/\/vasasbasket.hu\/wp-content\/uploads\/2019\/03\/FALIUJS_IMG_1692-440x330.jpg 440w, https:\/\/vasasbasket.hu\/wp-content\/uploads\/2019\/03\/FALIUJS_IMG_1692-300x225.jpg 300w, https:\/\/vasasbasket.hu\/wp-content\/uploads\/2019\/03\/FALIUJS_IMG_1692-768x576.jpg 768w, https:\/\/vasasbasket.hu\/wp-content\/uploads\/2019\/03\/FALIUJS_IMG_1692-128x96.jpg 128w, https:\/\/vasasbasket.hu\/wp-content\/uploads\/2019\/03\/FALIUJS_IMG_1692-32x24.jpg 32w, https:\/\/vasasbasket.hu\/wp-content\/uploads\/2019\/03\/FALIUJS_IMG_1692-98x74.jpg 98w, https:\/\/vasasbasket.hu\/wp-content\/uploads\/2019\/03\/FALIUJS_IMG_1692.jpg 2016w\" sizes=\"auto, (max-width: 754px) 100vw, 754px\" \/> A d\u00f6nt\u0151ben megism\u00e9tl\u0151d\u00f6tt a tavalyi fin\u00e1l\u00e9 p\u00e1rharca, hiszen a Csata DSE ellen l\u00e9pt\u00fcnk p\u00e1ly\u00e1ra a bajnoki c\u00edm megszerz\u00e9s\u00e9\u00e9rt. B\u00e1r l\u00e1nyaink nagyot harcoltak, nem siker\u00fclt a c\u00edmv\u00e9d\u00e9s, a v\u00e9gs\u0151 s\u00edpsz\u00f3t k\u00f6vet\u0151en a Csat\u00e1s l\u00e1nyok \u00f6r\u00fclhettek. A Vasas Akad\u00e9mia ezzel ez\u00fcst\u00e9rmet szerzett a Nemzeti Le\u00e1ny Junior Bajnoks\u00e1gban, r\u00e1ad\u00e1sul egy\u00e9ni elismer\u00e9sekb\u0151l sem volt hi\u00e1ny.<img loading=\"lazy\" decoding=\"async\" class=\" wp-image-5337 aligncenter\" src=\"http:\/\/vasasbasket.hu\/wp-content\/uploads\/2019\/03\/FALIUJS_jundonto_bud-1024x683.jpg\" alt=\"\" width=\"754\" height=\"503\" srcset=\"https:\/\/vasasbasket.hu\/wp-content\/uploads\/2019\/03\/FALIUJS_jundonto_bud-1024x683.jpg 1024w, https:\/\/vasasbasket.hu\/wp-content\/uploads\/2019\/03\/FALIUJS_jundonto_bud-570x380.jpg 570w, https:\/\/vasasbasket.hu\/wp-content\/uploads\/2019\/03\/FALIUJS_jundonto_bud-440x293.jpg 440w, https:\/\/vasasbasket.hu\/wp-content\/uploads\/2019\/03\/FALIUJS_jundonto_bud-300x200.jpg 300w, https:\/\/vasasbasket.hu\/wp-content\/uploads\/2019\/03\/FALIUJS_jundonto_bud-768x512.jpg 768w, https:\/\/vasasbasket.hu\/wp-content\/uploads\/2019\/03\/FALIUJS_jundonto_bud-128x85.jpg 128w, https:\/\/vasasbasket.hu\/wp-content\/uploads\/2019\/03\/FALIUJS_jundonto_bud-32x21.jpg 32w, https:\/\/vasasbasket.hu\/wp-content\/uploads\/2019\/03\/FALIUJS_jundonto_bud-360x240.jpg 360w, https:\/\/vasasbasket.hu\/wp-content\/uploads\/2019\/03\/FALIUJS_jundonto_bud-98x65.jpg 98w, https:\/\/vasasbasket.hu\/wp-content\/uploads\/2019\/03\/FALIUJS_jundonto_bud.jpg 1786w\" sizes=\"auto, (max-width: 754px) 100vw, 754px\" \/> <img loading=\"lazy\" decoding=\"async\" class=\"wp-image-5335 aligncenter\" src=\"http:\/\/vasasbasket.hu\/wp-content\/uploads\/2019\/03\/FALIUJS_jundonto_allstar-1024x683.jpg\" alt=\"\" width=\"754\" height=\"502\" srcset=\"https:\/\/vasasbasket.hu\/wp-content\/uploads\/2019\/03\/FALIUJS_jundonto_allstar-1024x683.jpg 1024w, https:\/\/vasasbasket.hu\/wp-content\/uploads\/2019\/03\/FALIUJS_jundonto_allstar-570x380.jpg 570w, https:\/\/vasasbasket.hu\/wp-content\/uploads\/2019\/03\/FALIUJS_jundonto_allstar-440x293.jpg 440w, https:\/\/vasasbasket.hu\/wp-content\/uploads\/2019\/03\/FALIUJS_jundonto_allstar-300x200.jpg 300w, https:\/\/vasasbasket.hu\/wp-content\/uploads\/2019\/03\/FALIUJS_jundonto_allstar-768x512.jpg 768w, https:\/\/vasasbasket.hu\/wp-content\/uploads\/2019\/03\/FALIUJS_jundonto_allstar-128x85.jpg 128w, https:\/\/vasasbasket.hu\/wp-content\/uploads\/2019\/03\/FALIUJS_jundonto_allstar-32x21.jpg 32w, https:\/\/vasasbasket.hu\/wp-content\/uploads\/2019\/03\/FALIUJS_jundonto_allstar-360x240.jpg 360w, https:\/\/vasasbasket.hu\/wp-content\/uploads\/2019\/03\/FALIUJS_jundonto_allstar-98x65.jpg 98w, https:\/\/vasasbasket.hu\/wp-content\/uploads\/2019\/03\/FALIUJS_jundonto_allstar.jpg 1740w\" sizes=\"auto, (max-width: 754px) 100vw, 754px\" \/><img loading=\"lazy\" decoding=\"async\" class=\"wp-image-5338 aligncenter\" src=\"http:\/\/vasasbasket.hu\/wp-content\/uploads\/2019\/03\/FALIUJS_jundonto_domb1-1024x683.jpg\" alt=\"\" width=\"754\" height=\"502\" srcset=\"https:\/\/vasasbasket.hu\/wp-content\/uploads\/2019\/03\/FALIUJS_jundonto_domb1-1024x683.jpg 1024w, https:\/\/vasasbasket.hu\/wp-content\/uploads\/2019\/03\/FALIUJS_jundonto_domb1-570x380.jpg 570w, https:\/\/vasasbasket.hu\/wp-content\/uploads\/2019\/03\/FALIUJS_jundonto_domb1-440x293.jpg 440w, https:\/\/vasasbasket.hu\/wp-content\/uploads\/2019\/03\/FALIUJS_jundonto_domb1-300x200.jpg 300w, https:\/\/vasasbasket.hu\/wp-content\/uploads\/2019\/03\/FALIUJS_jundonto_domb1-768x512.jpg 768w, https:\/\/vasasbasket.hu\/wp-content\/uploads\/2019\/03\/FALIUJS_jundonto_domb1-128x85.jpg 128w, https:\/\/vasasbasket.hu\/wp-content\/uploads\/2019\/03\/FALIUJS_jundonto_domb1-32x21.jpg 32w, https:\/\/vasasbasket.hu\/wp-content\/uploads\/2019\/03\/FALIUJS_jundonto_domb1-360x240.jpg 360w, https:\/\/vasasbasket.hu\/wp-content\/uploads\/2019\/03\/FALIUJS_jundonto_domb1-98x65.jpg 98w, https:\/\/vasasbasket.hu\/wp-content\/uploads\/2019\/03\/FALIUJS_jundonto_domb1.jpg 1965w\" sizes=\"auto, (max-width: 754px) 100vw, 754px\" \/> Bud\u00e1csik Dorotty\u00e1t v\u00e1lasztott\u00e1k csapatunk legjobbj\u00e1nak, Dombai R\u00e9ka pedig a Csat\u00e1s Angyal Barbar\u00e1val megosztva elnyerte a legt\u00f6bb g\u00f3lpasszt kioszt\u00f3 j\u00e1t\u00e9kos c\u00edmet. A torna ALL-Star csapat\u00e1ba Dombai R\u00e9k\u00e1n k\u00edv\u00fcl Varga Al\u00edz is k\u00e9pviselte a Vasas Akad\u00e9mi\u00e1t, Al\u00edz r\u00e1ad\u00e1sul a m\u00e1sodik legeredm\u00e9nyesebb j\u00e1t\u00e9kosa volt a junior d\u00f6nt\u0151nek.<img loading=\"lazy\" decoding=\"async\" class=\"wp-image-5340 aligncenter\" src=\"http:\/\/vasasbasket.hu\/wp-content\/uploads\/2019\/03\/FALIUJS_jundonto_ezust2-1024x682.jpg\" alt=\"\" width=\"755\" height=\"504\" srcset=\"https:\/\/vasasbasket.hu\/wp-content\/uploads\/2019\/03\/FALIUJS_jundonto_ezust2-1024x682.jpg 1024w, https:\/\/vasasbasket.hu\/wp-content\/uploads\/2019\/03\/FALIUJS_jundonto_ezust2-570x380.jpg 570w, https:\/\/vasasbasket.hu\/wp-content\/uploads\/2019\/03\/FALIUJS_jundonto_ezust2-440x293.jpg 440w, https:\/\/vasasbasket.hu\/wp-content\/uploads\/2019\/03\/FALIUJS_jundonto_ezust2-300x200.jpg 300w, https:\/\/vasasbasket.hu\/wp-content\/uploads\/2019\/03\/FALIUJS_jundonto_ezust2-768x512.jpg 768w, https:\/\/vasasbasket.hu\/wp-content\/uploads\/2019\/03\/FALIUJS_jundonto_ezust2-128x85.jpg 128w, https:\/\/vasasbasket.hu\/wp-content\/uploads\/2019\/03\/FALIUJS_jundonto_ezust2-32x21.jpg 32w, https:\/\/vasasbasket.hu\/wp-content\/uploads\/2019\/03\/FALIUJS_jundonto_ezust2-360x240.jpg 360w, https:\/\/vasasbasket.hu\/wp-content\/uploads\/2019\/03\/FALIUJS_jundonto_ezust2-98x65.jpg 98w, https:\/\/vasasbasket.hu\/wp-content\/uploads\/2019\/03\/FALIUJS_jundonto_ezust2.jpg 1949w\" sizes=\"auto, (max-width: 755px) 100vw, 755px\" \/>A csapat tagjai: Eszt\u00e1ri T\u00fcnde, Kuncz Petra, Kun Rita, Varga Al\u00edz, Bud\u00e1csik Dorottya, Sitku Zsuzsanna, Altmann Anna, V\u00edgh Bernadett, Keszy-Harmath S\u00e1ra, T\u00f3th Franka, T\u00f3th Fruzsina, Szerencs\u00e9s Tamara, Nadia Smailbegovic, Boros Berta, Dombai R\u00e9ka, Mudra Viola, D\u00fal Terka<br \/>\nA st\u00e1b tagjai: Igor Skocovski (edz\u0151), Krivacsevics Dragoljub (m\u00e1sodedz\u0151), Moln\u00e1r Bertalan (technikai vezet\u0151), T\u00f3th \u00c1kos (massz\u0151r)<\/p>\n","protected":false},"excerpt":{"rendered":"<p>M\u00e1rcius 7-10.-e k\u00f6z\u00f6tt rendezt\u00e9k a Nemzeti Le\u00e1ny Junior Bajnoks\u00e1g d\u00f6nt\u0151j\u00e9t, ahov\u00e1 a Vasas Akad\u00e9mia c\u00edmv\u00e9d\u0151k\u00e9nt \u00e9rkezett. A n\u00e9gy napos torna csoportm\u00e9rk\u0151z\u00e9sekkel kezd\u0151d\u00f6tt, Igor Skocovski l\u00e1nyai pedig hib\u00e1tlanul vett\u00e9k az els\u0151 akad\u00e1lyokat. Cs\u00fct\u00f6rt\u00f6k\u00f6n az Atomer\u0151m\u0171-KSC Szeksz\u00e1rd ellen nyitottunk egy 95-62-es gy\u0151zelemmel, majd p\u00e9nteken k\u00f6vetkezett a m\u00e1sik k\u00e9t csoportmeccs. D\u00e9lel\u0151tt a BEAC-\u00dajbuda KA\/A ellen nyert\u00fcnk 82-43-ra, majd&#8230;<\/p>\n","protected":false},"author":1,"featured_media":5342,"comment_status":"closed","ping_status":"open","sticky":false,"template":"","format":"standard","meta":{"footnotes":""},"categories":[50,92],"tags":[],"class_list":["post-5353","post","type-post","status-publish","format-standard","has-post-thumbnail","hentry","category-junior","category-hirek"],"yoast_head":"<!-- This site is optimized with the Yoast SEO plugin v26.0 - https:\/\/yoast.com\/wordpress\/plugins\/seo\/ -->\n<title>Junior d\u00f6nt\u0151 \u00f6sszefoglal\u00f3 - Vasas n\u0151i kos\u00e1rlabda<\/title>\n<meta name=\"robots\" content=\"index, follow, max-snippet:-1, max-image-preview:large, max-video-preview:-1\" \/>\n<link rel=\"canonical\" href=\"https:\/\/vasasbasket.hu\/index.php\/junior-donto-osszefoglalo\/\" \/>\n<meta property=\"og:locale\" content=\"hu_HU\" \/>\n<meta property=\"og:type\" content=\"article\" \/>\n<meta property=\"og:title\" content=\"Junior d\u00f6nt\u0151 \u00f6sszefoglal\u00f3 - Vasas n\u0151i kos\u00e1rlabda\" \/>\n<meta property=\"og:description\" content=\"M\u00e1rcius 7-10.-e k\u00f6z\u00f6tt rendezt\u00e9k a Nemzeti Le\u00e1ny Junior Bajnoks\u00e1g d\u00f6nt\u0151j\u00e9t, ahov\u00e1 a Vasas Akad\u00e9mia c\u00edmv\u00e9d\u0151k\u00e9nt \u00e9rkezett. A n\u00e9gy napos torna csoportm\u00e9rk\u0151z\u00e9sekkel kezd\u0151d\u00f6tt, Igor Skocovski l\u00e1nyai pedig hib\u00e1tlanul vett\u00e9k az els\u0151 akad\u00e1lyokat. Cs\u00fct\u00f6rt\u00f6k\u00f6n az Atomer\u0151m\u0171-KSC Szeksz\u00e1rd ellen nyitottunk egy 95-62-es gy\u0151zelemmel, majd p\u00e9nteken k\u00f6vetkezett a m\u00e1sik k\u00e9t csoportmeccs. D\u00e9lel\u0151tt a BEAC-\u00dajbuda KA\/A ellen nyert\u00fcnk 82-43-ra, majd...\" \/>\n<meta property=\"og:url\" content=\"https:\/\/vasasbasket.hu\/index.php\/junior-donto-osszefoglalo\/\" \/>\n<meta property=\"og:site_name\" content=\"Vasas n\u0151i kos\u00e1rlabda\" \/>\n<meta property=\"article:publisher\" content=\"https:\/\/www.facebook.com\/vasaswbasket\/\" \/>\n<meta property=\"article:published_time\" content=\"2019-03-11T14:05:59+00:00\" \/>\n<meta property=\"article:modified_time\" content=\"2019-03-11T14:11:11+00:00\" \/>\n<meta property=\"og:image\" content=\"https:\/\/vasasbasket.hu\/wp-content\/uploads\/2019\/03\/jundonto_ezust1.jpg\" \/>\n\t<meta property=\"og:image:width\" content=\"2048\" \/>\n\t<meta property=\"og:image:height\" content=\"1365\" \/>\n\t<meta property=\"og:image:type\" content=\"image\/jpeg\" \/>\n<meta name=\"author\" content=\"admin\" \/>\n<meta name=\"twitter:card\" content=\"summary_large_image\" \/>\n<meta name=\"twitter:label1\" content=\"Szerz\u0151:\" \/>\n\t<meta name=\"twitter:data1\" content=\"admin\" \/>\n\t<meta name=\"twitter:label2\" content=\"Becs\u00fclt olvas\u00e1si id\u0151\" \/>\n\t<meta name=\"twitter:data2\" content=\"2 perc\" \/>\n<script type=\"application\/ld+json\" class=\"yoast-schema-graph\">{\"@context\":\"https:\/\/schema.org\",\"@graph\":[{\"@type\":\"Article\",\"@id\":\"https:\/\/vasasbasket.hu\/index.php\/junior-donto-osszefoglalo\/#article\",\"isPartOf\":{\"@id\":\"https:\/\/vasasbasket.hu\/index.php\/junior-donto-osszefoglalo\/\"},\"author\":{\"name\":\"admin\",\"@id\":\"https:\/\/vasasbasket.hu\/#\/schema\/person\/f1085f4d2c6582d8d0f977e92de2edee\"},\"headline\":\"Junior d\u00f6nt\u0151 \u00f6sszefoglal\u00f3\",\"datePublished\":\"2019-03-11T14:05:59+00:00\",\"dateModified\":\"2019-03-11T14:11:11+00:00\",\"mainEntityOfPage\":{\"@id\":\"https:\/\/vasasbasket.hu\/index.php\/junior-donto-osszefoglalo\/\"},\"wordCount\":430,\"publisher\":{\"@id\":\"https:\/\/vasasbasket.hu\/#organization\"},\"image\":{\"@id\":\"https:\/\/vasasbasket.hu\/index.php\/junior-donto-osszefoglalo\/#primaryimage\"},\"thumbnailUrl\":\"https:\/\/vasasbasket.hu\/wp-content\/uploads\/2019\/03\/jundonto_ezust1.jpg\",\"articleSection\":[\"Junior\",\"\u00d6sszes H\u00edr\"],\"inLanguage\":\"hu\"},{\"@type\":\"WebPage\",\"@id\":\"https:\/\/vasasbasket.hu\/index.php\/junior-donto-osszefoglalo\/\",\"url\":\"https:\/\/vasasbasket.hu\/index.php\/junior-donto-osszefoglalo\/\",\"name\":\"Junior d\u00f6nt\u0151 \u00f6sszefoglal\u00f3 - Vasas n\u0151i kos\u00e1rlabda\",\"isPartOf\":{\"@id\":\"https:\/\/vasasbasket.hu\/#website\"},\"primaryImageOfPage\":{\"@id\":\"https:\/\/vasasbasket.hu\/index.php\/junior-donto-osszefoglalo\/#primaryimage\"},\"image\":{\"@id\":\"https:\/\/vasasbasket.hu\/index.php\/junior-donto-osszefoglalo\/#primaryimage\"},\"thumbnailUrl\":\"https:\/\/vasasbasket.hu\/wp-content\/uploads\/2019\/03\/jundonto_ezust1.jpg\",\"datePublished\":\"2019-03-11T14:05:59+00:00\",\"dateModified\":\"2019-03-11T14:11:11+00:00\",\"breadcrumb\":{\"@id\":\"https:\/\/vasasbasket.hu\/index.php\/junior-donto-osszefoglalo\/#breadcrumb\"},\"inLanguage\":\"hu\",\"potentialAction\":[{\"@type\":\"ReadAction\",\"target\":[\"https:\/\/vasasbasket.hu\/index.php\/junior-donto-osszefoglalo\/\"]}]},{\"@type\":\"ImageObject\",\"inLanguage\":\"hu\",\"@id\":\"https:\/\/vasasbasket.hu\/index.php\/junior-donto-osszefoglalo\/#primaryimage\",\"url\":\"https:\/\/vasasbasket.hu\/wp-content\/uploads\/2019\/03\/jundonto_ezust1.jpg\",\"contentUrl\":\"https:\/\/vasasbasket.hu\/wp-content\/uploads\/2019\/03\/jundonto_ezust1.jpg\",\"width\":2048,\"height\":1365},{\"@type\":\"BreadcrumbList\",\"@id\":\"https:\/\/vasasbasket.hu\/index.php\/junior-donto-osszefoglalo\/#breadcrumb\",\"itemListElement\":[{\"@type\":\"ListItem\",\"position\":1,\"name\":\"Kezd\u0151lap\",\"item\":\"https:\/\/vasasbasket.hu\/\"},{\"@type\":\"ListItem\",\"position\":2,\"name\":\"Junior d\u00f6nt\u0151 \u00f6sszefoglal\u00f3\"}]},{\"@type\":\"WebSite\",\"@id\":\"https:\/\/vasasbasket.hu\/#website\",\"url\":\"https:\/\/vasasbasket.hu\/\",\"name\":\"Vasas n\u0151i kos\u00e1rlabda\",\"description\":\"Vasas Basket N\u0151i\",\"publisher\":{\"@id\":\"https:\/\/vasasbasket.hu\/#organization\"},\"potentialAction\":[{\"@type\":\"SearchAction\",\"target\":{\"@type\":\"EntryPoint\",\"urlTemplate\":\"https:\/\/vasasbasket.hu\/?s={search_term_string}\"},\"query-input\":{\"@type\":\"PropertyValueSpecification\",\"valueRequired\":true,\"valueName\":\"search_term_string\"}}],\"inLanguage\":\"hu\"},{\"@type\":\"Organization\",\"@id\":\"https:\/\/vasasbasket.hu\/#organization\",\"name\":\"Vasas n\u0151i kos\u00e1rlabda\",\"url\":\"https:\/\/vasasbasket.hu\/\",\"logo\":{\"@type\":\"ImageObject\",\"inLanguage\":\"hu\",\"@id\":\"https:\/\/vasasbasket.hu\/#\/schema\/logo\/image\/\",\"url\":\"https:\/\/vasasbasket.hu\/wp-content\/uploads\/2017\/03\/vasas_cimer_1200.jpg\",\"contentUrl\":\"https:\/\/vasasbasket.hu\/wp-content\/uploads\/2017\/03\/vasas_cimer_1200.jpg\",\"width\":1200,\"height\":1200,\"caption\":\"Vasas n\u0151i kos\u00e1rlabda\"},\"image\":{\"@id\":\"https:\/\/vasasbasket.hu\/#\/schema\/logo\/image\/\"},\"sameAs\":[\"https:\/\/www.facebook.com\/vasaswbasket\/\"]},{\"@type\":\"Person\",\"@id\":\"https:\/\/vasasbasket.hu\/#\/schema\/person\/f1085f4d2c6582d8d0f977e92de2edee\",\"name\":\"admin\",\"image\":{\"@type\":\"ImageObject\",\"inLanguage\":\"hu\",\"@id\":\"https:\/\/vasasbasket.hu\/#\/schema\/person\/image\/\",\"url\":\"https:\/\/secure.gravatar.com\/avatar\/645c92f7d9cfe02bd93ce2d1cfa11cd3a268bdfe65486552ff04b193cea07634?s=96&d=mm&r=g\",\"contentUrl\":\"https:\/\/secure.gravatar.com\/avatar\/645c92f7d9cfe02bd93ce2d1cfa11cd3a268bdfe65486552ff04b193cea07634?s=96&d=mm&r=g\",\"caption\":\"admin\"},\"url\":\"https:\/\/vasasbasket.hu\/index.php\/author\/admin\/\"}]}<\/script>\n<!-- \/ Yoast SEO plugin. -->","yoast_head_json":{"title":"Junior d\u00f6nt\u0151 \u00f6sszefoglal\u00f3 - Vasas n\u0151i kos\u00e1rlabda","robots":{"index":"index","follow":"follow","max-snippet":"max-snippet:-1","max-image-preview":"max-image-preview:large","max-video-preview":"max-video-preview:-1"},"canonical":"https:\/\/vasasbasket.hu\/index.php\/junior-donto-osszefoglalo\/","og_locale":"hu_HU","og_type":"article","og_title":"Junior d\u00f6nt\u0151 \u00f6sszefoglal\u00f3 - Vasas n\u0151i kos\u00e1rlabda","og_description":"M\u00e1rcius 7-10.-e k\u00f6z\u00f6tt rendezt\u00e9k a Nemzeti Le\u00e1ny Junior Bajnoks\u00e1g d\u00f6nt\u0151j\u00e9t, ahov\u00e1 a Vasas Akad\u00e9mia c\u00edmv\u00e9d\u0151k\u00e9nt \u00e9rkezett. A n\u00e9gy napos torna csoportm\u00e9rk\u0151z\u00e9sekkel kezd\u0151d\u00f6tt, Igor Skocovski l\u00e1nyai pedig hib\u00e1tlanul vett\u00e9k az els\u0151 akad\u00e1lyokat. Cs\u00fct\u00f6rt\u00f6k\u00f6n az Atomer\u0151m\u0171-KSC Szeksz\u00e1rd ellen nyitottunk egy 95-62-es gy\u0151zelemmel, majd p\u00e9nteken k\u00f6vetkezett a m\u00e1sik k\u00e9t csoportmeccs. D\u00e9lel\u0151tt a BEAC-\u00dajbuda KA\/A ellen nyert\u00fcnk 82-43-ra, majd...","og_url":"https:\/\/vasasbasket.hu\/index.php\/junior-donto-osszefoglalo\/","og_site_name":"Vasas n\u0151i kos\u00e1rlabda","article_publisher":"https:\/\/www.facebook.com\/vasaswbasket\/","article_published_time":"2019-03-11T14:05:59+00:00","article_modified_time":"2019-03-11T14:11:11+00:00","og_image":[{"width":2048,"height":1365,"url":"https:\/\/vasasbasket.hu\/wp-content\/uploads\/2019\/03\/jundonto_ezust1.jpg","type":"image\/jpeg"}],"author":"admin","twitter_card":"summary_large_image","twitter_misc":{"Szerz\u0151:":"admin","Becs\u00fclt olvas\u00e1si id\u0151":"2 perc"},"schema":{"@context":"https:\/\/schema.org","@graph":[{"@type":"Article","@id":"https:\/\/vasasbasket.hu\/index.php\/junior-donto-osszefoglalo\/#article","isPartOf":{"@id":"https:\/\/vasasbasket.hu\/index.php\/junior-donto-osszefoglalo\/"},"author":{"name":"admin","@id":"https:\/\/vasasbasket.hu\/#\/schema\/person\/f1085f4d2c6582d8d0f977e92de2edee"},"headline":"Junior d\u00f6nt\u0151 \u00f6sszefoglal\u00f3","datePublished":"2019-03-11T14:05:59+00:00","dateModified":"2019-03-11T14:11:11+00:00","mainEntityOfPage":{"@id":"https:\/\/vasasbasket.hu\/index.php\/junior-donto-osszefoglalo\/"},"wordCount":430,"publisher":{"@id":"https:\/\/vasasbasket.hu\/#organization"},"image":{"@id":"https:\/\/vasasbasket.hu\/index.php\/junior-donto-osszefoglalo\/#primaryimage"},"thumbnailUrl":"https:\/\/vasasbasket.hu\/wp-content\/uploads\/2019\/03\/jundonto_ezust1.jpg","articleSection":["Junior","\u00d6sszes H\u00edr"],"inLanguage":"hu"},{"@type":"WebPage","@id":"https:\/\/vasasbasket.hu\/index.php\/junior-donto-osszefoglalo\/","url":"https:\/\/vasasbasket.hu\/index.php\/junior-donto-osszefoglalo\/","name":"Junior d\u00f6nt\u0151 \u00f6sszefoglal\u00f3 - Vasas n\u0151i kos\u00e1rlabda","isPartOf":{"@id":"https:\/\/vasasbasket.hu\/#website"},"primaryImageOfPage":{"@id":"https:\/\/vasasbasket.hu\/index.php\/junior-donto-osszefoglalo\/#primaryimage"},"image":{"@id":"https:\/\/vasasbasket.hu\/index.php\/junior-donto-osszefoglalo\/#primaryimage"},"thumbnailUrl":"https:\/\/vasasbasket.hu\/wp-content\/uploads\/2019\/03\/jundonto_ezust1.jpg","datePublished":"2019-03-11T14:05:59+00:00","dateModified":"2019-03-11T14:11:11+00:00","breadcrumb":{"@id":"https:\/\/vasasbasket.hu\/index.php\/junior-donto-osszefoglalo\/#breadcrumb"},"inLanguage":"hu","potentialAction":[{"@type":"ReadAction","target":["https:\/\/vasasbasket.hu\/index.php\/junior-donto-osszefoglalo\/"]}]},{"@type":"ImageObject","inLanguage":"hu","@id":"https:\/\/vasasbasket.hu\/index.php\/junior-donto-osszefoglalo\/#primaryimage","url":"https:\/\/vasasbasket.hu\/wp-content\/uploads\/2019\/03\/jundonto_ezust1.jpg","contentUrl":"https:\/\/vasasbasket.hu\/wp-content\/uploads\/2019\/03\/jundonto_ezust1.jpg","width":2048,"height":1365},{"@type":"BreadcrumbList","@id":"https:\/\/vasasbasket.hu\/index.php\/junior-donto-osszefoglalo\/#breadcrumb","itemListElement":[{"@type":"ListItem","position":1,"name":"Kezd\u0151lap","item":"https:\/\/vasasbasket.hu\/"},{"@type":"ListItem","position":2,"name":"Junior d\u00f6nt\u0151 \u00f6sszefoglal\u00f3"}]},{"@type":"WebSite","@id":"https:\/\/vasasbasket.hu\/#website","url":"https:\/\/vasasbasket.hu\/","name":"Vasas n\u0151i kos\u00e1rlabda","description":"Vasas Basket N\u0151i","publisher":{"@id":"https:\/\/vasasbasket.hu\/#organization"},"potentialAction":[{"@type":"SearchAction","target":{"@type":"EntryPoint","urlTemplate":"https:\/\/vasasbasket.hu\/?s={search_term_string}"},"query-input":{"@type":"PropertyValueSpecification","valueRequired":true,"valueName":"search_term_string"}}],"inLanguage":"hu"},{"@type":"Organization","@id":"https:\/\/vasasbasket.hu\/#organization","name":"Vasas n\u0151i kos\u00e1rlabda","url":"https:\/\/vasasbasket.hu\/","logo":{"@type":"ImageObject","inLanguage":"hu","@id":"https:\/\/vasasbasket.hu\/#\/schema\/logo\/image\/","url":"https:\/\/vasasbasket.hu\/wp-content\/uploads\/2017\/03\/vasas_cimer_1200.jpg","contentUrl":"https:\/\/vasasbasket.hu\/wp-content\/uploads\/2017\/03\/vasas_cimer_1200.jpg","width":1200,"height":1200,"caption":"Vasas n\u0151i kos\u00e1rlabda"},"image":{"@id":"https:\/\/vasasbasket.hu\/#\/schema\/logo\/image\/"},"sameAs":["https:\/\/www.facebook.com\/vasaswbasket\/"]},{"@type":"Person","@id":"https:\/\/vasasbasket.hu\/#\/schema\/person\/f1085f4d2c6582d8d0f977e92de2edee","name":"admin","image":{"@type":"ImageObject","inLanguage":"hu","@id":"https:\/\/vasasbasket.hu\/#\/schema\/person\/image\/","url":"https:\/\/secure.gravatar.com\/avatar\/645c92f7d9cfe02bd93ce2d1cfa11cd3a268bdfe65486552ff04b193cea07634?s=96&d=mm&r=g","contentUrl":"https:\/\/secure.gravatar.com\/avatar\/645c92f7d9cfe02bd93ce2d1cfa11cd3a268bdfe65486552ff04b193cea07634?s=96&d=mm&r=g","caption":"admin"},"url":"https:\/\/vasasbasket.hu\/index.php\/author\/admin\/"}]}},"_links":{"self":[{"href":"https:\/\/vasasbasket.hu\/index.php\/wp-json\/wp\/v2\/posts\/5353","targetHints":{"allow":["GET"]}}],"collection":[{"href":"https:\/\/vasasbasket.hu\/index.php\/wp-json\/wp\/v2\/posts"}],"about":[{"href":"https:\/\/vasasbasket.hu\/index.php\/wp-json\/wp\/v2\/types\/post"}],"author":[{"embeddable":true,"href":"https:\/\/vasasbasket.hu\/index.php\/wp-json\/wp\/v2\/users\/1"}],"replies":[{"embeddable":true,"href":"https:\/\/vasasbasket.hu\/index.php\/wp-json\/wp\/v2\/comments?post=5353"}],"version-history":[{"count":2,"href":"https:\/\/vasasbasket.hu\/index.php\/wp-json\/wp\/v2\/posts\/5353\/revisions"}],"predecessor-version":[{"id":5356,"href":"https:\/\/vasasbasket.hu\/index.php\/wp-json\/wp\/v2\/posts\/5353\/revisions\/5356"}],"wp:featuredmedia":[{"embeddable":true,"href":"https:\/\/vasasbasket.hu\/index.php\/wp-json\/wp\/v2\/media\/5342"}],"wp:attachment":[{"href":"https:\/\/vasasbasket.hu\/index.php\/wp-json\/wp\/v2\/media?parent=5353"}],"wp:term":[{"taxonomy":"category","embeddable":true,"href":"https:\/\/vasasbasket.hu\/index.php\/wp-json\/wp\/v2\/categories?post=5353"},{"taxonomy":"post_tag","embeddable":true,"href":"https:\/\/vasasbasket.hu\/index.php\/wp-json\/wp\/v2\/tags?post=5353"}],"curies":[{"name":"wp","href":"https:\/\/api.w.org\/{rel}","templated":true}]}}