{"id":5329,"date":"2019-03-10T20:50:49","date_gmt":"2019-03-10T20:50:49","guid":{"rendered":"http:\/\/vasasbasket.hu\/?p=5329"},"modified":"2019-03-10T20:50:49","modified_gmt":"2019-03-10T20:50:49","slug":"nem-jott-ossze-a-cimvedes-ezustermesek-juniorjaink","status":"publish","type":"post","link":"https:\/\/vasasbasket.hu\/index.php\/nem-jott-ossze-a-cimvedes-ezustermesek-juniorjaink\/","title":{"rendered":"Nem j\u00f6tt \u00f6ssze a c\u00edmv\u00e9d\u00e9s, ez\u00fcst\u00e9rmesek juniorjaink"},"content":{"rendered":"<p><strong>Lez\u00e1rult a Nemzeti Le\u00e1ny Junior Bajnoks\u00e1g d\u00f6nt\u0151je. A Vasas Akad\u00e9mia 70-62-re kikapott a fin\u00e1l\u00e9ban a Csata DSE-t\u0151l, \u00edgy l\u00e1nyaink ez\u00fcst\u00e9remmel t\u00e9rhettek haza.<\/strong><\/p>\n<p>Komoly csat\u00e1ra lehetett sz\u00e1m\u00edtani, hiszen amellett, hogy a tavalyi d\u00f6nt\u0151 ism\u00e9tl\u0151d\u00f6tt meg, mindk\u00e9t csapat veretlen\u00fcl \u00e9s remek form\u00e1ban v\u00e1rta a m\u00e9rk\u0151z\u00e9st. J\u00f3l rajtoltunk, kez\u00fcnkbe vett\u00fck az ir\u00e1ny\u00edt\u00e1st, \u00e1m a f\u00e9lid\u0151re ellenfel\u00fcnk kiegyenl\u00edtett, \u00edgy tov\u00e1bbra is fej-fej mellett \u00e1llt a k\u00e9t csapat. A sz\u00fcnetr\u0151l jobban j\u00f6tt vissza a Csata, a harmadik negyed v\u00e9g\u00e9re kilenc pontos el\u0151nyre tett szert Tursics Kriszti\u00e1n csapata. B\u00e1r l\u00e1nyaink az utols\u00f3 m\u00e1sodpercekig k\u00fczd\u00f6ttek a bajnoki c\u00edm\u00e9rt, ellenfel\u00fcnk nem engedte ki keze k\u00f6z\u00fcl az el\u0151nyt, \u00edgy v\u00e9g\u00fcl 70-62-re \u0151k \u00f6r\u00fclhettek.<\/p>\n<p><em>&#8222;\u00d3ri\u00e1si m\u00e9rk\u0151z\u00e9st v\u00edvott a k\u00e9t csapat, legjobbjukat ny\u00fajtva t\u00e1mad\u00e1sban \u00e9s v\u00e9dekez\u00e9sben is. Sajnos a harmadik negyedben nem tudtunk feln\u0151ni a megbesz\u00e9lt feladatokhoz. Megpr\u00f3b\u00e1ltunk visszaj\u00f6nni a m\u00e9rk\u0151z\u00e9sbe, de sajnos nem siker\u00fclt. Gratul\u00e1lunk a Csat\u00e1nak a bajnoki c\u00edmhez&#8221;<\/em> &#8211; \u00e9rt\u00e9kelt a m\u00e9rk\u0151z\u00e9s v\u00e9g\u00e9n csapatunk edz\u0151je, Igor Skocovski.<\/p>\n<p>A Vasas Akad\u00e9mia junior csapata ezzel ez\u00fcst\u00e9rmet szerzett a Nemzeti Le\u00e1ny Junior Bajnoks\u00e1gban.<\/p>\n","protected":false},"excerpt":{"rendered":"<p>Lez\u00e1rult a Nemzeti Le\u00e1ny Junior Bajnoks\u00e1g d\u00f6nt\u0151je. A Vasas Akad\u00e9mia 70-62-re kikapott a fin\u00e1l\u00e9ban a Csata DSE-t\u0151l, \u00edgy l\u00e1nyaink ez\u00fcst\u00e9remmel t\u00e9rhettek haza. Komoly csat\u00e1ra lehetett sz\u00e1m\u00edtani, hiszen amellett, hogy a tavalyi d\u00f6nt\u0151 ism\u00e9tl\u0151d\u00f6tt meg, mindk\u00e9t csapat veretlen\u00fcl \u00e9s remek form\u00e1ban v\u00e1rta a m\u00e9rk\u0151z\u00e9st. J\u00f3l rajtoltunk, kez\u00fcnkbe vett\u00fck az ir\u00e1ny\u00edt\u00e1st, \u00e1m a f\u00e9lid\u0151re ellenfel\u00fcnk kiegyenl\u00edtett, \u00edgy&#8230;<\/p>\n","protected":false},"author":1,"featured_media":5330,"comment_status":"closed","ping_status":"open","sticky":false,"template":"","format":"standard","meta":{"footnotes":""},"categories":[50,92],"tags":[],"class_list":["post-5329","post","type-post","status-publish","format-standard","has-post-thumbnail","hentry","category-junior","category-hirek"],"yoast_head":"<!-- This site is optimized with the Yoast SEO plugin v26.0 - https:\/\/yoast.com\/wordpress\/plugins\/seo\/ -->\n<title>Nem j\u00f6tt \u00f6ssze a c\u00edmv\u00e9d\u00e9s, ez\u00fcst\u00e9rmesek juniorjaink - Vasas n\u0151i kos\u00e1rlabda<\/title>\n<meta name=\"robots\" content=\"index, follow, max-snippet:-1, max-image-preview:large, max-video-preview:-1\" \/>\n<link rel=\"canonical\" href=\"https:\/\/vasasbasket.hu\/index.php\/nem-jott-ossze-a-cimvedes-ezustermesek-juniorjaink\/\" \/>\n<meta property=\"og:locale\" content=\"hu_HU\" \/>\n<meta property=\"og:type\" content=\"article\" \/>\n<meta property=\"og:title\" content=\"Nem j\u00f6tt \u00f6ssze a c\u00edmv\u00e9d\u00e9s, ez\u00fcst\u00e9rmesek juniorjaink - Vasas n\u0151i kos\u00e1rlabda\" \/>\n<meta property=\"og:description\" content=\"Lez\u00e1rult a Nemzeti Le\u00e1ny Junior Bajnoks\u00e1g d\u00f6nt\u0151je. A Vasas Akad\u00e9mia 70-62-re kikapott a fin\u00e1l\u00e9ban a Csata DSE-t\u0151l, \u00edgy l\u00e1nyaink ez\u00fcst\u00e9remmel t\u00e9rhettek haza. Komoly csat\u00e1ra lehetett sz\u00e1m\u00edtani, hiszen amellett, hogy a tavalyi d\u00f6nt\u0151 ism\u00e9tl\u0151d\u00f6tt meg, mindk\u00e9t csapat veretlen\u00fcl \u00e9s remek form\u00e1ban v\u00e1rta a m\u00e9rk\u0151z\u00e9st. J\u00f3l rajtoltunk, kez\u00fcnkbe vett\u00fck az ir\u00e1ny\u00edt\u00e1st, \u00e1m a f\u00e9lid\u0151re ellenfel\u00fcnk kiegyenl\u00edtett, \u00edgy...\" \/>\n<meta property=\"og:url\" content=\"https:\/\/vasasbasket.hu\/index.php\/nem-jott-ossze-a-cimvedes-ezustermesek-juniorjaink\/\" \/>\n<meta property=\"og:site_name\" content=\"Vasas n\u0151i kos\u00e1rlabda\" \/>\n<meta property=\"article:publisher\" content=\"https:\/\/www.facebook.com\/vasaswbasket\/\" \/>\n<meta property=\"article:published_time\" content=\"2019-03-10T20:50:49+00:00\" \/>\n<meta property=\"og:image\" content=\"https:\/\/vasasbasket.hu\/wp-content\/uploads\/2019\/03\/IMG_1703.jpg\" \/>\n\t<meta property=\"og:image:width\" content=\"2000\" \/>\n\t<meta property=\"og:image:height\" content=\"1126\" \/>\n\t<meta property=\"og:image:type\" content=\"image\/jpeg\" \/>\n<meta name=\"author\" content=\"admin\" \/>\n<meta name=\"twitter:card\" content=\"summary_large_image\" \/>\n<meta name=\"twitter:label1\" content=\"Szerz\u0151:\" \/>\n\t<meta name=\"twitter:data1\" content=\"admin\" \/>\n\t<meta name=\"twitter:label2\" content=\"Becs\u00fclt olvas\u00e1si id\u0151\" \/>\n\t<meta name=\"twitter:data2\" content=\"1 perc\" \/>\n<script type=\"application\/ld+json\" class=\"yoast-schema-graph\">{\"@context\":\"https:\/\/schema.org\",\"@graph\":[{\"@type\":\"Article\",\"@id\":\"https:\/\/vasasbasket.hu\/index.php\/nem-jott-ossze-a-cimvedes-ezustermesek-juniorjaink\/#article\",\"isPartOf\":{\"@id\":\"https:\/\/vasasbasket.hu\/index.php\/nem-jott-ossze-a-cimvedes-ezustermesek-juniorjaink\/\"},\"author\":{\"name\":\"admin\",\"@id\":\"https:\/\/vasasbasket.hu\/#\/schema\/person\/f1085f4d2c6582d8d0f977e92de2edee\"},\"headline\":\"Nem j\u00f6tt \u00f6ssze a c\u00edmv\u00e9d\u00e9s, ez\u00fcst\u00e9rmesek juniorjaink\",\"datePublished\":\"2019-03-10T20:50:49+00:00\",\"mainEntityOfPage\":{\"@id\":\"https:\/\/vasasbasket.hu\/index.php\/nem-jott-ossze-a-cimvedes-ezustermesek-juniorjaink\/\"},\"wordCount\":272,\"publisher\":{\"@id\":\"https:\/\/vasasbasket.hu\/#organization\"},\"image\":{\"@id\":\"https:\/\/vasasbasket.hu\/index.php\/nem-jott-ossze-a-cimvedes-ezustermesek-juniorjaink\/#primaryimage\"},\"thumbnailUrl\":\"https:\/\/vasasbasket.hu\/wp-content\/uploads\/2019\/03\/IMG_1703.jpg\",\"articleSection\":[\"Junior\",\"\u00d6sszes H\u00edr\"],\"inLanguage\":\"hu\"},{\"@type\":\"WebPage\",\"@id\":\"https:\/\/vasasbasket.hu\/index.php\/nem-jott-ossze-a-cimvedes-ezustermesek-juniorjaink\/\",\"url\":\"https:\/\/vasasbasket.hu\/index.php\/nem-jott-ossze-a-cimvedes-ezustermesek-juniorjaink\/\",\"name\":\"Nem j\u00f6tt \u00f6ssze a c\u00edmv\u00e9d\u00e9s, ez\u00fcst\u00e9rmesek juniorjaink - Vasas n\u0151i kos\u00e1rlabda\",\"isPartOf\":{\"@id\":\"https:\/\/vasasbasket.hu\/#website\"},\"primaryImageOfPage\":{\"@id\":\"https:\/\/vasasbasket.hu\/index.php\/nem-jott-ossze-a-cimvedes-ezustermesek-juniorjaink\/#primaryimage\"},\"image\":{\"@id\":\"https:\/\/vasasbasket.hu\/index.php\/nem-jott-ossze-a-cimvedes-ezustermesek-juniorjaink\/#primaryimage\"},\"thumbnailUrl\":\"https:\/\/vasasbasket.hu\/wp-content\/uploads\/2019\/03\/IMG_1703.jpg\",\"datePublished\":\"2019-03-10T20:50:49+00:00\",\"breadcrumb\":{\"@id\":\"https:\/\/vasasbasket.hu\/index.php\/nem-jott-ossze-a-cimvedes-ezustermesek-juniorjaink\/#breadcrumb\"},\"inLanguage\":\"hu\",\"potentialAction\":[{\"@type\":\"ReadAction\",\"target\":[\"https:\/\/vasasbasket.hu\/index.php\/nem-jott-ossze-a-cimvedes-ezustermesek-juniorjaink\/\"]}]},{\"@type\":\"ImageObject\",\"inLanguage\":\"hu\",\"@id\":\"https:\/\/vasasbasket.hu\/index.php\/nem-jott-ossze-a-cimvedes-ezustermesek-juniorjaink\/#primaryimage\",\"url\":\"https:\/\/vasasbasket.hu\/wp-content\/uploads\/2019\/03\/IMG_1703.jpg\",\"contentUrl\":\"https:\/\/vasasbasket.hu\/wp-content\/uploads\/2019\/03\/IMG_1703.jpg\",\"width\":2000,\"height\":1126,\"caption\":\"DCIM100MEDIADJI_0149.JPG\"},{\"@type\":\"BreadcrumbList\",\"@id\":\"https:\/\/vasasbasket.hu\/index.php\/nem-jott-ossze-a-cimvedes-ezustermesek-juniorjaink\/#breadcrumb\",\"itemListElement\":[{\"@type\":\"ListItem\",\"position\":1,\"name\":\"Kezd\u0151lap\",\"item\":\"https:\/\/vasasbasket.hu\/\"},{\"@type\":\"ListItem\",\"position\":2,\"name\":\"Nem j\u00f6tt \u00f6ssze a c\u00edmv\u00e9d\u00e9s, ez\u00fcst\u00e9rmesek juniorjaink\"}]},{\"@type\":\"WebSite\",\"@id\":\"https:\/\/vasasbasket.hu\/#website\",\"url\":\"https:\/\/vasasbasket.hu\/\",\"name\":\"Vasas n\u0151i kos\u00e1rlabda\",\"description\":\"Vasas Basket N\u0151i\",\"publisher\":{\"@id\":\"https:\/\/vasasbasket.hu\/#organization\"},\"potentialAction\":[{\"@type\":\"SearchAction\",\"target\":{\"@type\":\"EntryPoint\",\"urlTemplate\":\"https:\/\/vasasbasket.hu\/?s={search_term_string}\"},\"query-input\":{\"@type\":\"PropertyValueSpecification\",\"valueRequired\":true,\"valueName\":\"search_term_string\"}}],\"inLanguage\":\"hu\"},{\"@type\":\"Organization\",\"@id\":\"https:\/\/vasasbasket.hu\/#organization\",\"name\":\"Vasas n\u0151i kos\u00e1rlabda\",\"url\":\"https:\/\/vasasbasket.hu\/\",\"logo\":{\"@type\":\"ImageObject\",\"inLanguage\":\"hu\",\"@id\":\"https:\/\/vasasbasket.hu\/#\/schema\/logo\/image\/\",\"url\":\"https:\/\/vasasbasket.hu\/wp-content\/uploads\/2017\/03\/vasas_cimer_1200.jpg\",\"contentUrl\":\"https:\/\/vasasbasket.hu\/wp-content\/uploads\/2017\/03\/vasas_cimer_1200.jpg\",\"width\":1200,\"height\":1200,\"caption\":\"Vasas n\u0151i kos\u00e1rlabda\"},\"image\":{\"@id\":\"https:\/\/vasasbasket.hu\/#\/schema\/logo\/image\/\"},\"sameAs\":[\"https:\/\/www.facebook.com\/vasaswbasket\/\"]},{\"@type\":\"Person\",\"@id\":\"https:\/\/vasasbasket.hu\/#\/schema\/person\/f1085f4d2c6582d8d0f977e92de2edee\",\"name\":\"admin\",\"image\":{\"@type\":\"ImageObject\",\"inLanguage\":\"hu\",\"@id\":\"https:\/\/vasasbasket.hu\/#\/schema\/person\/image\/\",\"url\":\"https:\/\/secure.gravatar.com\/avatar\/645c92f7d9cfe02bd93ce2d1cfa11cd3a268bdfe65486552ff04b193cea07634?s=96&d=mm&r=g\",\"contentUrl\":\"https:\/\/secure.gravatar.com\/avatar\/645c92f7d9cfe02bd93ce2d1cfa11cd3a268bdfe65486552ff04b193cea07634?s=96&d=mm&r=g\",\"caption\":\"admin\"},\"url\":\"https:\/\/vasasbasket.hu\/index.php\/author\/admin\/\"}]}<\/script>\n<!-- \/ Yoast SEO plugin. -->","yoast_head_json":{"title":"Nem j\u00f6tt \u00f6ssze a c\u00edmv\u00e9d\u00e9s, ez\u00fcst\u00e9rmesek juniorjaink - Vasas n\u0151i kos\u00e1rlabda","robots":{"index":"index","follow":"follow","max-snippet":"max-snippet:-1","max-image-preview":"max-image-preview:large","max-video-preview":"max-video-preview:-1"},"canonical":"https:\/\/vasasbasket.hu\/index.php\/nem-jott-ossze-a-cimvedes-ezustermesek-juniorjaink\/","og_locale":"hu_HU","og_type":"article","og_title":"Nem j\u00f6tt \u00f6ssze a c\u00edmv\u00e9d\u00e9s, ez\u00fcst\u00e9rmesek juniorjaink - Vasas n\u0151i kos\u00e1rlabda","og_description":"Lez\u00e1rult a Nemzeti Le\u00e1ny Junior Bajnoks\u00e1g d\u00f6nt\u0151je. A Vasas Akad\u00e9mia 70-62-re kikapott a fin\u00e1l\u00e9ban a Csata DSE-t\u0151l, \u00edgy l\u00e1nyaink ez\u00fcst\u00e9remmel t\u00e9rhettek haza. Komoly csat\u00e1ra lehetett sz\u00e1m\u00edtani, hiszen amellett, hogy a tavalyi d\u00f6nt\u0151 ism\u00e9tl\u0151d\u00f6tt meg, mindk\u00e9t csapat veretlen\u00fcl \u00e9s remek form\u00e1ban v\u00e1rta a m\u00e9rk\u0151z\u00e9st. J\u00f3l rajtoltunk, kez\u00fcnkbe vett\u00fck az ir\u00e1ny\u00edt\u00e1st, \u00e1m a f\u00e9lid\u0151re ellenfel\u00fcnk kiegyenl\u00edtett, \u00edgy...","og_url":"https:\/\/vasasbasket.hu\/index.php\/nem-jott-ossze-a-cimvedes-ezustermesek-juniorjaink\/","og_site_name":"Vasas n\u0151i kos\u00e1rlabda","article_publisher":"https:\/\/www.facebook.com\/vasaswbasket\/","article_published_time":"2019-03-10T20:50:49+00:00","og_image":[{"width":2000,"height":1126,"url":"https:\/\/vasasbasket.hu\/wp-content\/uploads\/2019\/03\/IMG_1703.jpg","type":"image\/jpeg"}],"author":"admin","twitter_card":"summary_large_image","twitter_misc":{"Szerz\u0151:":"admin","Becs\u00fclt olvas\u00e1si id\u0151":"1 perc"},"schema":{"@context":"https:\/\/schema.org","@graph":[{"@type":"Article","@id":"https:\/\/vasasbasket.hu\/index.php\/nem-jott-ossze-a-cimvedes-ezustermesek-juniorjaink\/#article","isPartOf":{"@id":"https:\/\/vasasbasket.hu\/index.php\/nem-jott-ossze-a-cimvedes-ezustermesek-juniorjaink\/"},"author":{"name":"admin","@id":"https:\/\/vasasbasket.hu\/#\/schema\/person\/f1085f4d2c6582d8d0f977e92de2edee"},"headline":"Nem j\u00f6tt \u00f6ssze a c\u00edmv\u00e9d\u00e9s, ez\u00fcst\u00e9rmesek juniorjaink","datePublished":"2019-03-10T20:50:49+00:00","mainEntityOfPage":{"@id":"https:\/\/vasasbasket.hu\/index.php\/nem-jott-ossze-a-cimvedes-ezustermesek-juniorjaink\/"},"wordCount":272,"publisher":{"@id":"https:\/\/vasasbasket.hu\/#organization"},"image":{"@id":"https:\/\/vasasbasket.hu\/index.php\/nem-jott-ossze-a-cimvedes-ezustermesek-juniorjaink\/#primaryimage"},"thumbnailUrl":"https:\/\/vasasbasket.hu\/wp-content\/uploads\/2019\/03\/IMG_1703.jpg","articleSection":["Junior","\u00d6sszes H\u00edr"],"inLanguage":"hu"},{"@type":"WebPage","@id":"https:\/\/vasasbasket.hu\/index.php\/nem-jott-ossze-a-cimvedes-ezustermesek-juniorjaink\/","url":"https:\/\/vasasbasket.hu\/index.php\/nem-jott-ossze-a-cimvedes-ezustermesek-juniorjaink\/","name":"Nem j\u00f6tt \u00f6ssze a c\u00edmv\u00e9d\u00e9s, ez\u00fcst\u00e9rmesek juniorjaink - Vasas n\u0151i kos\u00e1rlabda","isPartOf":{"@id":"https:\/\/vasasbasket.hu\/#website"},"primaryImageOfPage":{"@id":"https:\/\/vasasbasket.hu\/index.php\/nem-jott-ossze-a-cimvedes-ezustermesek-juniorjaink\/#primaryimage"},"image":{"@id":"https:\/\/vasasbasket.hu\/index.php\/nem-jott-ossze-a-cimvedes-ezustermesek-juniorjaink\/#primaryimage"},"thumbnailUrl":"https:\/\/vasasbasket.hu\/wp-content\/uploads\/2019\/03\/IMG_1703.jpg","datePublished":"2019-03-10T20:50:49+00:00","breadcrumb":{"@id":"https:\/\/vasasbasket.hu\/index.php\/nem-jott-ossze-a-cimvedes-ezustermesek-juniorjaink\/#breadcrumb"},"inLanguage":"hu","potentialAction":[{"@type":"ReadAction","target":["https:\/\/vasasbasket.hu\/index.php\/nem-jott-ossze-a-cimvedes-ezustermesek-juniorjaink\/"]}]},{"@type":"ImageObject","inLanguage":"hu","@id":"https:\/\/vasasbasket.hu\/index.php\/nem-jott-ossze-a-cimvedes-ezustermesek-juniorjaink\/#primaryimage","url":"https:\/\/vasasbasket.hu\/wp-content\/uploads\/2019\/03\/IMG_1703.jpg","contentUrl":"https:\/\/vasasbasket.hu\/wp-content\/uploads\/2019\/03\/IMG_1703.jpg","width":2000,"height":1126,"caption":"DCIM100MEDIADJI_0149.JPG"},{"@type":"BreadcrumbList","@id":"https:\/\/vasasbasket.hu\/index.php\/nem-jott-ossze-a-cimvedes-ezustermesek-juniorjaink\/#breadcrumb","itemListElement":[{"@type":"ListItem","position":1,"name":"Kezd\u0151lap","item":"https:\/\/vasasbasket.hu\/"},{"@type":"ListItem","position":2,"name":"Nem j\u00f6tt \u00f6ssze a c\u00edmv\u00e9d\u00e9s, ez\u00fcst\u00e9rmesek juniorjaink"}]},{"@type":"WebSite","@id":"https:\/\/vasasbasket.hu\/#website","url":"https:\/\/vasasbasket.hu\/","name":"Vasas n\u0151i kos\u00e1rlabda","description":"Vasas Basket N\u0151i","publisher":{"@id":"https:\/\/vasasbasket.hu\/#organization"},"potentialAction":[{"@type":"SearchAction","target":{"@type":"EntryPoint","urlTemplate":"https:\/\/vasasbasket.hu\/?s={search_term_string}"},"query-input":{"@type":"PropertyValueSpecification","valueRequired":true,"valueName":"search_term_string"}}],"inLanguage":"hu"},{"@type":"Organization","@id":"https:\/\/vasasbasket.hu\/#organization","name":"Vasas n\u0151i kos\u00e1rlabda","url":"https:\/\/vasasbasket.hu\/","logo":{"@type":"ImageObject","inLanguage":"hu","@id":"https:\/\/vasasbasket.hu\/#\/schema\/logo\/image\/","url":"https:\/\/vasasbasket.hu\/wp-content\/uploads\/2017\/03\/vasas_cimer_1200.jpg","contentUrl":"https:\/\/vasasbasket.hu\/wp-content\/uploads\/2017\/03\/vasas_cimer_1200.jpg","width":1200,"height":1200,"caption":"Vasas n\u0151i kos\u00e1rlabda"},"image":{"@id":"https:\/\/vasasbasket.hu\/#\/schema\/logo\/image\/"},"sameAs":["https:\/\/www.facebook.com\/vasaswbasket\/"]},{"@type":"Person","@id":"https:\/\/vasasbasket.hu\/#\/schema\/person\/f1085f4d2c6582d8d0f977e92de2edee","name":"admin","image":{"@type":"ImageObject","inLanguage":"hu","@id":"https:\/\/vasasbasket.hu\/#\/schema\/person\/image\/","url":"https:\/\/secure.gravatar.com\/avatar\/645c92f7d9cfe02bd93ce2d1cfa11cd3a268bdfe65486552ff04b193cea07634?s=96&d=mm&r=g","contentUrl":"https:\/\/secure.gravatar.com\/avatar\/645c92f7d9cfe02bd93ce2d1cfa11cd3a268bdfe65486552ff04b193cea07634?s=96&d=mm&r=g","caption":"admin"},"url":"https:\/\/vasasbasket.hu\/index.php\/author\/admin\/"}]}},"_links":{"self":[{"href":"https:\/\/vasasbasket.hu\/index.php\/wp-json\/wp\/v2\/posts\/5329","targetHints":{"allow":["GET"]}}],"collection":[{"href":"https:\/\/vasasbasket.hu\/index.php\/wp-json\/wp\/v2\/posts"}],"about":[{"href":"https:\/\/vasasbasket.hu\/index.php\/wp-json\/wp\/v2\/types\/post"}],"author":[{"embeddable":true,"href":"https:\/\/vasasbasket.hu\/index.php\/wp-json\/wp\/v2\/users\/1"}],"replies":[{"embeddable":true,"href":"https:\/\/vasasbasket.hu\/index.php\/wp-json\/wp\/v2\/comments?post=5329"}],"version-history":[{"count":1,"href":"https:\/\/vasasbasket.hu\/index.php\/wp-json\/wp\/v2\/posts\/5329\/revisions"}],"predecessor-version":[{"id":5331,"href":"https:\/\/vasasbasket.hu\/index.php\/wp-json\/wp\/v2\/posts\/5329\/revisions\/5331"}],"wp:featuredmedia":[{"embeddable":true,"href":"https:\/\/vasasbasket.hu\/index.php\/wp-json\/wp\/v2\/media\/5330"}],"wp:attachment":[{"href":"https:\/\/vasasbasket.hu\/index.php\/wp-json\/wp\/v2\/media?parent=5329"}],"wp:term":[{"taxonomy":"category","embeddable":true,"href":"https:\/\/vasasbasket.hu\/index.php\/wp-json\/wp\/v2\/categories?post=5329"},{"taxonomy":"post_tag","embeddable":true,"href":"https:\/\/vasasbasket.hu\/index.php\/wp-json\/wp\/v2\/tags?post=5329"}],"curies":[{"name":"wp","href":"https:\/\/api.w.org\/{rel}","templated":true}]}}