{"id":5326,"date":"2019-03-10T09:47:46","date_gmt":"2019-03-10T09:47:46","guid":{"rendered":"http:\/\/vasasbasket.hu\/?p=5326"},"modified":"2019-03-10T09:47:46","modified_gmt":"2019-03-10T09:47:46","slug":"megismetlodik-a-tavalyi-donto","status":"publish","type":"post","link":"https:\/\/vasasbasket.hu\/index.php\/megismetlodik-a-tavalyi-donto\/","title":{"rendered":"Megism\u00e9tl\u0151dik a tavalyi d\u00f6nt\u0151"},"content":{"rendered":"<p><strong>Tegnap v\u00e9get \u00e9rtek az el\u0151d\u00f6nt\u0151k a Nemzeti Le\u00e1ny Junior Bajnoks\u00e1g d\u00f6nt\u0151j\u00e9ben, a mindent eld\u00f6nt\u0151 p\u00e1rharcot ism\u00e9t a Vasas Akad\u00e9mia \u00e9s a Csata DSE v\u00edvja.<\/strong><\/p>\n<p>Csata DSE &#8211; DVTK Akad\u00e9mia el\u0151d\u00f6nt\u0151vel kezd\u0151d\u00f6tt a d\u00e9lut\u00e1ni program, Tursics Kriszti\u00e1n l\u00e1nyai az els\u0151 perct\u0151l kezdve uralt\u00e1k a m\u00e9rk\u0151z\u00e9st, \u00e9s magabiztos, 95-51-es sikert arattak, mellyel \u00fajra bebiztos\u00edtott\u00e1k hely\u00fcket a d\u00f6nt\u0151ben.<\/p>\n<p>A Vasas Akad\u00e9mia nehezebb ellenfelet kapott a d\u00f6nt\u0151be jut\u00e1s\u00e9rt, hiszen a h\u00e1zigazda PEAC P\u00e9cs volt a riv\u00e1lis. A v\u00e1rakoz\u00e1soknak megfelel\u0151en kem\u00e9ny harc volt a kezd\u0151 s\u00edpsz\u00f3t\u00f3l a m\u00e9rk\u0151z\u00e9s v\u00e9g\u00e9ig. L\u00e1nyaink meggy\u0151z\u0151 teljes\u00edtm\u00e9nnyel 70-56-os gy\u0151zelmet arattak.<\/p>\n<p><em>&#8222;Nagy csata volt k\u00e9t remek csapat k\u00f6z\u00f6tt, mindk\u00e9t egy\u00fcttes maxim\u00e1lisan koncentr\u00e1lt mind a t\u00e1mad\u00f3-, mind a v\u00e9d\u0151oldalon. A csapatunk nagyon j\u00f3 \u00f6sszhangban m\u0171k\u00f6d\u00f6tt, amit tal\u00e1n a legszebb dolog egy edz\u0151nek l\u00e1tni. \u00d6r\u00fcl\u00fcnk, hogy d\u00f6nt\u0151be jutottunk, de tudjuk, hogy nagy riv\u00e1lis ellen fogunk j\u00e1tszani&#8221;<\/em> &#8211; mondta a m\u00e9rk\u0151z\u00e9s v\u00e9g\u00e9n a csapat edz\u0151je, Igor Skocovski.<\/p>\n<p>A Nemzeti Le\u00e1ny Junior Bajnoks\u00e1g d\u00f6nt\u0151je 15:00-kor kezd\u0151dik, a m\u00e9rk\u0151z\u00e9st a R\u00e1tg\u00e9ber Akad\u00e9mia youtube csatorn\u00e1ja \u00e9l\u0151ben k\u00f6zvet\u00edti:\u00a0<a href=\"https:\/\/www.youtube.com\/user\/ratgeberakademia\">https:\/\/www.youtube.com\/user\/ratgeberakademia<\/a><\/p>\n","protected":false},"excerpt":{"rendered":"<p>Tegnap v\u00e9get \u00e9rtek az el\u0151d\u00f6nt\u0151k a Nemzeti Le\u00e1ny Junior Bajnoks\u00e1g d\u00f6nt\u0151j\u00e9ben, a mindent eld\u00f6nt\u0151 p\u00e1rharcot ism\u00e9t a Vasas Akad\u00e9mia \u00e9s a Csata DSE v\u00edvja. Csata DSE &#8211; DVTK Akad\u00e9mia el\u0151d\u00f6nt\u0151vel kezd\u0151d\u00f6tt a d\u00e9lut\u00e1ni program, Tursics Kriszti\u00e1n l\u00e1nyai az els\u0151 perct\u0151l kezdve uralt\u00e1k a m\u00e9rk\u0151z\u00e9st, \u00e9s magabiztos, 95-51-es sikert arattak, mellyel \u00fajra bebiztos\u00edtott\u00e1k hely\u00fcket a d\u00f6nt\u0151ben&#8230;.<\/p>\n","protected":false},"author":1,"featured_media":5327,"comment_status":"closed","ping_status":"open","sticky":false,"template":"","format":"standard","meta":{"footnotes":""},"categories":[50,92],"tags":[],"class_list":["post-5326","post","type-post","status-publish","format-standard","has-post-thumbnail","hentry","category-junior","category-hirek"],"yoast_head":"<!-- This site is optimized with the Yoast SEO plugin v26.0 - https:\/\/yoast.com\/wordpress\/plugins\/seo\/ -->\n<title>Megism\u00e9tl\u0151dik a tavalyi d\u00f6nt\u0151 - Vasas n\u0151i kos\u00e1rlabda<\/title>\n<meta name=\"robots\" content=\"index, follow, max-snippet:-1, max-image-preview:large, max-video-preview:-1\" \/>\n<link rel=\"canonical\" href=\"https:\/\/vasasbasket.hu\/index.php\/megismetlodik-a-tavalyi-donto\/\" \/>\n<meta property=\"og:locale\" content=\"hu_HU\" \/>\n<meta property=\"og:type\" content=\"article\" \/>\n<meta property=\"og:title\" content=\"Megism\u00e9tl\u0151dik a tavalyi d\u00f6nt\u0151 - Vasas n\u0151i kos\u00e1rlabda\" \/>\n<meta property=\"og:description\" content=\"Tegnap v\u00e9get \u00e9rtek az el\u0151d\u00f6nt\u0151k a Nemzeti Le\u00e1ny Junior Bajnoks\u00e1g d\u00f6nt\u0151j\u00e9ben, a mindent eld\u00f6nt\u0151 p\u00e1rharcot ism\u00e9t a Vasas Akad\u00e9mia \u00e9s a Csata DSE v\u00edvja. Csata DSE &#8211; DVTK Akad\u00e9mia el\u0151d\u00f6nt\u0151vel kezd\u0151d\u00f6tt a d\u00e9lut\u00e1ni program, Tursics Kriszti\u00e1n l\u00e1nyai az els\u0151 perct\u0151l kezdve uralt\u00e1k a m\u00e9rk\u0151z\u00e9st, \u00e9s magabiztos, 95-51-es sikert arattak, mellyel \u00fajra bebiztos\u00edtott\u00e1k hely\u00fcket a d\u00f6nt\u0151ben....\" \/>\n<meta property=\"og:url\" content=\"https:\/\/vasasbasket.hu\/index.php\/megismetlodik-a-tavalyi-donto\/\" \/>\n<meta property=\"og:site_name\" content=\"Vasas n\u0151i kos\u00e1rlabda\" \/>\n<meta property=\"article:publisher\" content=\"https:\/\/www.facebook.com\/vasaswbasket\/\" \/>\n<meta property=\"article:published_time\" content=\"2019-03-10T09:47:46+00:00\" \/>\n<meta property=\"og:image\" content=\"https:\/\/vasasbasket.hu\/wp-content\/uploads\/2019\/03\/IMG_1690.jpg\" \/>\n\t<meta property=\"og:image:width\" content=\"2016\" \/>\n\t<meta property=\"og:image:height\" content=\"1512\" \/>\n\t<meta property=\"og:image:type\" content=\"image\/jpeg\" \/>\n<meta name=\"author\" content=\"admin\" \/>\n<meta name=\"twitter:card\" content=\"summary_large_image\" \/>\n<meta name=\"twitter:label1\" content=\"Szerz\u0151:\" \/>\n\t<meta name=\"twitter:data1\" content=\"admin\" \/>\n\t<meta name=\"twitter:label2\" content=\"Becs\u00fclt olvas\u00e1si id\u0151\" \/>\n\t<meta name=\"twitter:data2\" content=\"1 perc\" \/>\n<script type=\"application\/ld+json\" class=\"yoast-schema-graph\">{\"@context\":\"https:\/\/schema.org\",\"@graph\":[{\"@type\":\"Article\",\"@id\":\"https:\/\/vasasbasket.hu\/index.php\/megismetlodik-a-tavalyi-donto\/#article\",\"isPartOf\":{\"@id\":\"https:\/\/vasasbasket.hu\/index.php\/megismetlodik-a-tavalyi-donto\/\"},\"author\":{\"name\":\"admin\",\"@id\":\"https:\/\/vasasbasket.hu\/#\/schema\/person\/f1085f4d2c6582d8d0f977e92de2edee\"},\"headline\":\"Megism\u00e9tl\u0151dik a tavalyi d\u00f6nt\u0151\",\"datePublished\":\"2019-03-10T09:47:46+00:00\",\"mainEntityOfPage\":{\"@id\":\"https:\/\/vasasbasket.hu\/index.php\/megismetlodik-a-tavalyi-donto\/\"},\"wordCount\":278,\"publisher\":{\"@id\":\"https:\/\/vasasbasket.hu\/#organization\"},\"image\":{\"@id\":\"https:\/\/vasasbasket.hu\/index.php\/megismetlodik-a-tavalyi-donto\/#primaryimage\"},\"thumbnailUrl\":\"https:\/\/vasasbasket.hu\/wp-content\/uploads\/2019\/03\/IMG_1690.jpg\",\"articleSection\":[\"Junior\",\"\u00d6sszes H\u00edr\"],\"inLanguage\":\"hu\"},{\"@type\":\"WebPage\",\"@id\":\"https:\/\/vasasbasket.hu\/index.php\/megismetlodik-a-tavalyi-donto\/\",\"url\":\"https:\/\/vasasbasket.hu\/index.php\/megismetlodik-a-tavalyi-donto\/\",\"name\":\"Megism\u00e9tl\u0151dik a tavalyi d\u00f6nt\u0151 - Vasas n\u0151i kos\u00e1rlabda\",\"isPartOf\":{\"@id\":\"https:\/\/vasasbasket.hu\/#website\"},\"primaryImageOfPage\":{\"@id\":\"https:\/\/vasasbasket.hu\/index.php\/megismetlodik-a-tavalyi-donto\/#primaryimage\"},\"image\":{\"@id\":\"https:\/\/vasasbasket.hu\/index.php\/megismetlodik-a-tavalyi-donto\/#primaryimage\"},\"thumbnailUrl\":\"https:\/\/vasasbasket.hu\/wp-content\/uploads\/2019\/03\/IMG_1690.jpg\",\"datePublished\":\"2019-03-10T09:47:46+00:00\",\"breadcrumb\":{\"@id\":\"https:\/\/vasasbasket.hu\/index.php\/megismetlodik-a-tavalyi-donto\/#breadcrumb\"},\"inLanguage\":\"hu\",\"potentialAction\":[{\"@type\":\"ReadAction\",\"target\":[\"https:\/\/vasasbasket.hu\/index.php\/megismetlodik-a-tavalyi-donto\/\"]}]},{\"@type\":\"ImageObject\",\"inLanguage\":\"hu\",\"@id\":\"https:\/\/vasasbasket.hu\/index.php\/megismetlodik-a-tavalyi-donto\/#primaryimage\",\"url\":\"https:\/\/vasasbasket.hu\/wp-content\/uploads\/2019\/03\/IMG_1690.jpg\",\"contentUrl\":\"https:\/\/vasasbasket.hu\/wp-content\/uploads\/2019\/03\/IMG_1690.jpg\",\"width\":2016,\"height\":1512},{\"@type\":\"BreadcrumbList\",\"@id\":\"https:\/\/vasasbasket.hu\/index.php\/megismetlodik-a-tavalyi-donto\/#breadcrumb\",\"itemListElement\":[{\"@type\":\"ListItem\",\"position\":1,\"name\":\"Kezd\u0151lap\",\"item\":\"https:\/\/vasasbasket.hu\/\"},{\"@type\":\"ListItem\",\"position\":2,\"name\":\"Megism\u00e9tl\u0151dik a tavalyi d\u00f6nt\u0151\"}]},{\"@type\":\"WebSite\",\"@id\":\"https:\/\/vasasbasket.hu\/#website\",\"url\":\"https:\/\/vasasbasket.hu\/\",\"name\":\"Vasas n\u0151i kos\u00e1rlabda\",\"description\":\"Vasas Basket N\u0151i\",\"publisher\":{\"@id\":\"https:\/\/vasasbasket.hu\/#organization\"},\"potentialAction\":[{\"@type\":\"SearchAction\",\"target\":{\"@type\":\"EntryPoint\",\"urlTemplate\":\"https:\/\/vasasbasket.hu\/?s={search_term_string}\"},\"query-input\":{\"@type\":\"PropertyValueSpecification\",\"valueRequired\":true,\"valueName\":\"search_term_string\"}}],\"inLanguage\":\"hu\"},{\"@type\":\"Organization\",\"@id\":\"https:\/\/vasasbasket.hu\/#organization\",\"name\":\"Vasas n\u0151i kos\u00e1rlabda\",\"url\":\"https:\/\/vasasbasket.hu\/\",\"logo\":{\"@type\":\"ImageObject\",\"inLanguage\":\"hu\",\"@id\":\"https:\/\/vasasbasket.hu\/#\/schema\/logo\/image\/\",\"url\":\"https:\/\/vasasbasket.hu\/wp-content\/uploads\/2017\/03\/vasas_cimer_1200.jpg\",\"contentUrl\":\"https:\/\/vasasbasket.hu\/wp-content\/uploads\/2017\/03\/vasas_cimer_1200.jpg\",\"width\":1200,\"height\":1200,\"caption\":\"Vasas n\u0151i kos\u00e1rlabda\"},\"image\":{\"@id\":\"https:\/\/vasasbasket.hu\/#\/schema\/logo\/image\/\"},\"sameAs\":[\"https:\/\/www.facebook.com\/vasaswbasket\/\"]},{\"@type\":\"Person\",\"@id\":\"https:\/\/vasasbasket.hu\/#\/schema\/person\/f1085f4d2c6582d8d0f977e92de2edee\",\"name\":\"admin\",\"image\":{\"@type\":\"ImageObject\",\"inLanguage\":\"hu\",\"@id\":\"https:\/\/vasasbasket.hu\/#\/schema\/person\/image\/\",\"url\":\"https:\/\/secure.gravatar.com\/avatar\/645c92f7d9cfe02bd93ce2d1cfa11cd3a268bdfe65486552ff04b193cea07634?s=96&d=mm&r=g\",\"contentUrl\":\"https:\/\/secure.gravatar.com\/avatar\/645c92f7d9cfe02bd93ce2d1cfa11cd3a268bdfe65486552ff04b193cea07634?s=96&d=mm&r=g\",\"caption\":\"admin\"},\"url\":\"https:\/\/vasasbasket.hu\/index.php\/author\/admin\/\"}]}<\/script>\n<!-- \/ Yoast SEO plugin. -->","yoast_head_json":{"title":"Megism\u00e9tl\u0151dik a tavalyi d\u00f6nt\u0151 - Vasas n\u0151i kos\u00e1rlabda","robots":{"index":"index","follow":"follow","max-snippet":"max-snippet:-1","max-image-preview":"max-image-preview:large","max-video-preview":"max-video-preview:-1"},"canonical":"https:\/\/vasasbasket.hu\/index.php\/megismetlodik-a-tavalyi-donto\/","og_locale":"hu_HU","og_type":"article","og_title":"Megism\u00e9tl\u0151dik a tavalyi d\u00f6nt\u0151 - Vasas n\u0151i kos\u00e1rlabda","og_description":"Tegnap v\u00e9get \u00e9rtek az el\u0151d\u00f6nt\u0151k a Nemzeti Le\u00e1ny Junior Bajnoks\u00e1g d\u00f6nt\u0151j\u00e9ben, a mindent eld\u00f6nt\u0151 p\u00e1rharcot ism\u00e9t a Vasas Akad\u00e9mia \u00e9s a Csata DSE v\u00edvja. Csata DSE &#8211; DVTK Akad\u00e9mia el\u0151d\u00f6nt\u0151vel kezd\u0151d\u00f6tt a d\u00e9lut\u00e1ni program, Tursics Kriszti\u00e1n l\u00e1nyai az els\u0151 perct\u0151l kezdve uralt\u00e1k a m\u00e9rk\u0151z\u00e9st, \u00e9s magabiztos, 95-51-es sikert arattak, mellyel \u00fajra bebiztos\u00edtott\u00e1k hely\u00fcket a d\u00f6nt\u0151ben....","og_url":"https:\/\/vasasbasket.hu\/index.php\/megismetlodik-a-tavalyi-donto\/","og_site_name":"Vasas n\u0151i kos\u00e1rlabda","article_publisher":"https:\/\/www.facebook.com\/vasaswbasket\/","article_published_time":"2019-03-10T09:47:46+00:00","og_image":[{"width":2016,"height":1512,"url":"https:\/\/vasasbasket.hu\/wp-content\/uploads\/2019\/03\/IMG_1690.jpg","type":"image\/jpeg"}],"author":"admin","twitter_card":"summary_large_image","twitter_misc":{"Szerz\u0151:":"admin","Becs\u00fclt olvas\u00e1si id\u0151":"1 perc"},"schema":{"@context":"https:\/\/schema.org","@graph":[{"@type":"Article","@id":"https:\/\/vasasbasket.hu\/index.php\/megismetlodik-a-tavalyi-donto\/#article","isPartOf":{"@id":"https:\/\/vasasbasket.hu\/index.php\/megismetlodik-a-tavalyi-donto\/"},"author":{"name":"admin","@id":"https:\/\/vasasbasket.hu\/#\/schema\/person\/f1085f4d2c6582d8d0f977e92de2edee"},"headline":"Megism\u00e9tl\u0151dik a tavalyi d\u00f6nt\u0151","datePublished":"2019-03-10T09:47:46+00:00","mainEntityOfPage":{"@id":"https:\/\/vasasbasket.hu\/index.php\/megismetlodik-a-tavalyi-donto\/"},"wordCount":278,"publisher":{"@id":"https:\/\/vasasbasket.hu\/#organization"},"image":{"@id":"https:\/\/vasasbasket.hu\/index.php\/megismetlodik-a-tavalyi-donto\/#primaryimage"},"thumbnailUrl":"https:\/\/vasasbasket.hu\/wp-content\/uploads\/2019\/03\/IMG_1690.jpg","articleSection":["Junior","\u00d6sszes H\u00edr"],"inLanguage":"hu"},{"@type":"WebPage","@id":"https:\/\/vasasbasket.hu\/index.php\/megismetlodik-a-tavalyi-donto\/","url":"https:\/\/vasasbasket.hu\/index.php\/megismetlodik-a-tavalyi-donto\/","name":"Megism\u00e9tl\u0151dik a tavalyi d\u00f6nt\u0151 - Vasas n\u0151i kos\u00e1rlabda","isPartOf":{"@id":"https:\/\/vasasbasket.hu\/#website"},"primaryImageOfPage":{"@id":"https:\/\/vasasbasket.hu\/index.php\/megismetlodik-a-tavalyi-donto\/#primaryimage"},"image":{"@id":"https:\/\/vasasbasket.hu\/index.php\/megismetlodik-a-tavalyi-donto\/#primaryimage"},"thumbnailUrl":"https:\/\/vasasbasket.hu\/wp-content\/uploads\/2019\/03\/IMG_1690.jpg","datePublished":"2019-03-10T09:47:46+00:00","breadcrumb":{"@id":"https:\/\/vasasbasket.hu\/index.php\/megismetlodik-a-tavalyi-donto\/#breadcrumb"},"inLanguage":"hu","potentialAction":[{"@type":"ReadAction","target":["https:\/\/vasasbasket.hu\/index.php\/megismetlodik-a-tavalyi-donto\/"]}]},{"@type":"ImageObject","inLanguage":"hu","@id":"https:\/\/vasasbasket.hu\/index.php\/megismetlodik-a-tavalyi-donto\/#primaryimage","url":"https:\/\/vasasbasket.hu\/wp-content\/uploads\/2019\/03\/IMG_1690.jpg","contentUrl":"https:\/\/vasasbasket.hu\/wp-content\/uploads\/2019\/03\/IMG_1690.jpg","width":2016,"height":1512},{"@type":"BreadcrumbList","@id":"https:\/\/vasasbasket.hu\/index.php\/megismetlodik-a-tavalyi-donto\/#breadcrumb","itemListElement":[{"@type":"ListItem","position":1,"name":"Kezd\u0151lap","item":"https:\/\/vasasbasket.hu\/"},{"@type":"ListItem","position":2,"name":"Megism\u00e9tl\u0151dik a tavalyi d\u00f6nt\u0151"}]},{"@type":"WebSite","@id":"https:\/\/vasasbasket.hu\/#website","url":"https:\/\/vasasbasket.hu\/","name":"Vasas n\u0151i kos\u00e1rlabda","description":"Vasas Basket N\u0151i","publisher":{"@id":"https:\/\/vasasbasket.hu\/#organization"},"potentialAction":[{"@type":"SearchAction","target":{"@type":"EntryPoint","urlTemplate":"https:\/\/vasasbasket.hu\/?s={search_term_string}"},"query-input":{"@type":"PropertyValueSpecification","valueRequired":true,"valueName":"search_term_string"}}],"inLanguage":"hu"},{"@type":"Organization","@id":"https:\/\/vasasbasket.hu\/#organization","name":"Vasas n\u0151i kos\u00e1rlabda","url":"https:\/\/vasasbasket.hu\/","logo":{"@type":"ImageObject","inLanguage":"hu","@id":"https:\/\/vasasbasket.hu\/#\/schema\/logo\/image\/","url":"https:\/\/vasasbasket.hu\/wp-content\/uploads\/2017\/03\/vasas_cimer_1200.jpg","contentUrl":"https:\/\/vasasbasket.hu\/wp-content\/uploads\/2017\/03\/vasas_cimer_1200.jpg","width":1200,"height":1200,"caption":"Vasas n\u0151i kos\u00e1rlabda"},"image":{"@id":"https:\/\/vasasbasket.hu\/#\/schema\/logo\/image\/"},"sameAs":["https:\/\/www.facebook.com\/vasaswbasket\/"]},{"@type":"Person","@id":"https:\/\/vasasbasket.hu\/#\/schema\/person\/f1085f4d2c6582d8d0f977e92de2edee","name":"admin","image":{"@type":"ImageObject","inLanguage":"hu","@id":"https:\/\/vasasbasket.hu\/#\/schema\/person\/image\/","url":"https:\/\/secure.gravatar.com\/avatar\/645c92f7d9cfe02bd93ce2d1cfa11cd3a268bdfe65486552ff04b193cea07634?s=96&d=mm&r=g","contentUrl":"https:\/\/secure.gravatar.com\/avatar\/645c92f7d9cfe02bd93ce2d1cfa11cd3a268bdfe65486552ff04b193cea07634?s=96&d=mm&r=g","caption":"admin"},"url":"https:\/\/vasasbasket.hu\/index.php\/author\/admin\/"}]}},"_links":{"self":[{"href":"https:\/\/vasasbasket.hu\/index.php\/wp-json\/wp\/v2\/posts\/5326","targetHints":{"allow":["GET"]}}],"collection":[{"href":"https:\/\/vasasbasket.hu\/index.php\/wp-json\/wp\/v2\/posts"}],"about":[{"href":"https:\/\/vasasbasket.hu\/index.php\/wp-json\/wp\/v2\/types\/post"}],"author":[{"embeddable":true,"href":"https:\/\/vasasbasket.hu\/index.php\/wp-json\/wp\/v2\/users\/1"}],"replies":[{"embeddable":true,"href":"https:\/\/vasasbasket.hu\/index.php\/wp-json\/wp\/v2\/comments?post=5326"}],"version-history":[{"count":1,"href":"https:\/\/vasasbasket.hu\/index.php\/wp-json\/wp\/v2\/posts\/5326\/revisions"}],"predecessor-version":[{"id":5328,"href":"https:\/\/vasasbasket.hu\/index.php\/wp-json\/wp\/v2\/posts\/5326\/revisions\/5328"}],"wp:featuredmedia":[{"embeddable":true,"href":"https:\/\/vasasbasket.hu\/index.php\/wp-json\/wp\/v2\/media\/5327"}],"wp:attachment":[{"href":"https:\/\/vasasbasket.hu\/index.php\/wp-json\/wp\/v2\/media?parent=5326"}],"wp:term":[{"taxonomy":"category","embeddable":true,"href":"https:\/\/vasasbasket.hu\/index.php\/wp-json\/wp\/v2\/categories?post=5326"},{"taxonomy":"post_tag","embeddable":true,"href":"https:\/\/vasasbasket.hu\/index.php\/wp-json\/wp\/v2\/tags?post=5326"}],"curies":[{"name":"wp","href":"https:\/\/api.w.org\/{rel}","templated":true}]}}