{"id":5324,"date":"2019-03-09T12:58:32","date_gmt":"2019-03-09T12:58:32","guid":{"rendered":"http:\/\/vasasbasket.hu\/?p=5324"},"modified":"2019-03-09T12:58:32","modified_gmt":"2019-03-09T12:58:32","slug":"csoportelsokent-varjuk-az-elodontot","status":"publish","type":"post","link":"https:\/\/vasasbasket.hu\/index.php\/csoportelsokent-varjuk-az-elodontot\/","title":{"rendered":"Csoportels\u0151k\u00e9nt v\u00e1rjuk az el\u0151d\u00f6nt\u0151t"},"content":{"rendered":"<p><strong>Mindh\u00e1rom m\u00e9rk\u0151z\u00e9s\u00e9t megnyerte a Vasas Akad\u00e9mia a Nemzeti Le\u00e1ny Junior Bajnoks\u00e1g d\u00f6nt\u0151j\u00e9nek A csoportj\u00e1ban. Csapatunk az el\u0151d\u00f6nt\u0151ben a h\u00e1zigazda p\u00e9csiekkel tal\u00e1lkozik.<\/strong><\/p>\n<p>K\u00e9t m\u00e9rk\u0151z\u00e9st is j\u00e1tszottak tegnap Igor Skocovski l\u00e1nyai, mellyel lez\u00e1rult a csoportk\u00f6r. D\u00e9lel\u0151tt a BEAC-ot 82-43-ra, majd d\u00e9lut\u00e1n a DVTK-t gy\u0151zt\u00fck le magabiztosan 73-39-re, \u00edgy veretlen\u00fcl, csoportels\u0151k\u00e9nt z\u00e1rtuk a tabell\u00e1t.<\/p>\n<p>Ma d\u00e9lut\u00e1n j\u00f6nnek az el\u0151d\u00f6nt\u0151k, ahol a Vasas Akad\u00e9mia a h\u00e1zigazda PEAC ellen l\u00e9p p\u00e1ly\u00e1ra. Komoly p\u00e1rharc v\u00e1rhat\u00f3, hiszen a p\u00e9csiek is komoly er\u0151t k\u00e9pviselnek, azonban l\u00e1nyaink eddig meggy\u0151z\u0151 teljes\u00edtm\u00e9nyt ny\u00fajtottak P\u00e9csett.<\/p>\n<p>A m\u00e9rk\u0151z\u00e9s 16:00-kor kezd\u0151dik, melyet a R\u00e1tg\u00e9ber Akad\u00e9mia youtube csatorn\u00e1ja \u00e9l\u0151ben k\u00f6zvet\u00edt:\u00a0<a href=\"https:\/\/www.youtube.com\/user\/ratgeberakademia\">https:\/\/www.youtube.com\/user\/ratgeberakademia<\/a><\/p>\n","protected":false},"excerpt":{"rendered":"<p>Mindh\u00e1rom m\u00e9rk\u0151z\u00e9s\u00e9t megnyerte a Vasas Akad\u00e9mia a Nemzeti Le\u00e1ny Junior Bajnoks\u00e1g d\u00f6nt\u0151j\u00e9nek A csoportj\u00e1ban. Csapatunk az el\u0151d\u00f6nt\u0151ben a h\u00e1zigazda p\u00e9csiekkel tal\u00e1lkozik. K\u00e9t m\u00e9rk\u0151z\u00e9st is j\u00e1tszottak tegnap Igor Skocovski l\u00e1nyai, mellyel lez\u00e1rult a csoportk\u00f6r. D\u00e9lel\u0151tt a BEAC-ot 82-43-ra, majd d\u00e9lut\u00e1n a DVTK-t gy\u0151zt\u00fck le magabiztosan 73-39-re, \u00edgy veretlen\u00fcl, csoportels\u0151k\u00e9nt z\u00e1rtuk a tabell\u00e1t. Ma d\u00e9lut\u00e1n j\u00f6nnek az&#8230;<\/p>\n","protected":false},"author":1,"featured_media":5322,"comment_status":"closed","ping_status":"open","sticky":false,"template":"","format":"standard","meta":{"footnotes":""},"categories":[50,92],"tags":[],"class_list":["post-5324","post","type-post","status-publish","format-standard","has-post-thumbnail","hentry","category-junior","category-hirek"],"yoast_head":"<!-- This site is optimized with the Yoast SEO plugin v26.0 - https:\/\/yoast.com\/wordpress\/plugins\/seo\/ -->\n<title>Csoportels\u0151k\u00e9nt v\u00e1rjuk az el\u0151d\u00f6nt\u0151t - Vasas n\u0151i kos\u00e1rlabda<\/title>\n<meta name=\"robots\" content=\"index, follow, max-snippet:-1, max-image-preview:large, max-video-preview:-1\" \/>\n<link rel=\"canonical\" href=\"https:\/\/vasasbasket.hu\/index.php\/csoportelsokent-varjuk-az-elodontot\/\" \/>\n<meta property=\"og:locale\" content=\"hu_HU\" \/>\n<meta property=\"og:type\" content=\"article\" \/>\n<meta property=\"og:title\" content=\"Csoportels\u0151k\u00e9nt v\u00e1rjuk az el\u0151d\u00f6nt\u0151t - Vasas n\u0151i kos\u00e1rlabda\" \/>\n<meta property=\"og:description\" content=\"Mindh\u00e1rom m\u00e9rk\u0151z\u00e9s\u00e9t megnyerte a Vasas Akad\u00e9mia a Nemzeti Le\u00e1ny Junior Bajnoks\u00e1g d\u00f6nt\u0151j\u00e9nek A csoportj\u00e1ban. Csapatunk az el\u0151d\u00f6nt\u0151ben a h\u00e1zigazda p\u00e9csiekkel tal\u00e1lkozik. K\u00e9t m\u00e9rk\u0151z\u00e9st is j\u00e1tszottak tegnap Igor Skocovski l\u00e1nyai, mellyel lez\u00e1rult a csoportk\u00f6r. D\u00e9lel\u0151tt a BEAC-ot 82-43-ra, majd d\u00e9lut\u00e1n a DVTK-t gy\u0151zt\u00fck le magabiztosan 73-39-re, \u00edgy veretlen\u00fcl, csoportels\u0151k\u00e9nt z\u00e1rtuk a tabell\u00e1t. Ma d\u00e9lut\u00e1n j\u00f6nnek az...\" \/>\n<meta property=\"og:url\" content=\"https:\/\/vasasbasket.hu\/index.php\/csoportelsokent-varjuk-az-elodontot\/\" \/>\n<meta property=\"og:site_name\" content=\"Vasas n\u0151i kos\u00e1rlabda\" \/>\n<meta property=\"article:publisher\" content=\"https:\/\/www.facebook.com\/vasaswbasket\/\" \/>\n<meta property=\"article:published_time\" content=\"2019-03-09T12:58:32+00:00\" \/>\n<meta property=\"og:image\" content=\"https:\/\/vasasbasket.hu\/wp-content\/uploads\/2019\/03\/2019.02.28.-1-of-2.jpg\" \/>\n\t<meta property=\"og:image:width\" content=\"1700\" \/>\n\t<meta property=\"og:image:height\" content=\"1133\" \/>\n\t<meta property=\"og:image:type\" content=\"image\/jpeg\" \/>\n<meta name=\"author\" content=\"admin\" \/>\n<meta name=\"twitter:card\" content=\"summary_large_image\" \/>\n<meta name=\"twitter:label1\" content=\"Szerz\u0151:\" \/>\n\t<meta name=\"twitter:data1\" content=\"admin\" \/>\n\t<meta name=\"twitter:label2\" content=\"Becs\u00fclt olvas\u00e1si id\u0151\" \/>\n\t<meta name=\"twitter:data2\" content=\"1 perc\" \/>\n<script type=\"application\/ld+json\" class=\"yoast-schema-graph\">{\"@context\":\"https:\/\/schema.org\",\"@graph\":[{\"@type\":\"Article\",\"@id\":\"https:\/\/vasasbasket.hu\/index.php\/csoportelsokent-varjuk-az-elodontot\/#article\",\"isPartOf\":{\"@id\":\"https:\/\/vasasbasket.hu\/index.php\/csoportelsokent-varjuk-az-elodontot\/\"},\"author\":{\"name\":\"admin\",\"@id\":\"https:\/\/vasasbasket.hu\/#\/schema\/person\/f1085f4d2c6582d8d0f977e92de2edee\"},\"headline\":\"Csoportels\u0151k\u00e9nt v\u00e1rjuk az el\u0151d\u00f6nt\u0151t\",\"datePublished\":\"2019-03-09T12:58:32+00:00\",\"mainEntityOfPage\":{\"@id\":\"https:\/\/vasasbasket.hu\/index.php\/csoportelsokent-varjuk-az-elodontot\/\"},\"wordCount\":183,\"publisher\":{\"@id\":\"https:\/\/vasasbasket.hu\/#organization\"},\"image\":{\"@id\":\"https:\/\/vasasbasket.hu\/index.php\/csoportelsokent-varjuk-az-elodontot\/#primaryimage\"},\"thumbnailUrl\":\"https:\/\/vasasbasket.hu\/wp-content\/uploads\/2019\/03\/2019.02.28.-1-of-2.jpg\",\"articleSection\":[\"Junior\",\"\u00d6sszes H\u00edr\"],\"inLanguage\":\"hu\"},{\"@type\":\"WebPage\",\"@id\":\"https:\/\/vasasbasket.hu\/index.php\/csoportelsokent-varjuk-az-elodontot\/\",\"url\":\"https:\/\/vasasbasket.hu\/index.php\/csoportelsokent-varjuk-az-elodontot\/\",\"name\":\"Csoportels\u0151k\u00e9nt v\u00e1rjuk az el\u0151d\u00f6nt\u0151t - Vasas n\u0151i kos\u00e1rlabda\",\"isPartOf\":{\"@id\":\"https:\/\/vasasbasket.hu\/#website\"},\"primaryImageOfPage\":{\"@id\":\"https:\/\/vasasbasket.hu\/index.php\/csoportelsokent-varjuk-az-elodontot\/#primaryimage\"},\"image\":{\"@id\":\"https:\/\/vasasbasket.hu\/index.php\/csoportelsokent-varjuk-az-elodontot\/#primaryimage\"},\"thumbnailUrl\":\"https:\/\/vasasbasket.hu\/wp-content\/uploads\/2019\/03\/2019.02.28.-1-of-2.jpg\",\"datePublished\":\"2019-03-09T12:58:32+00:00\",\"breadcrumb\":{\"@id\":\"https:\/\/vasasbasket.hu\/index.php\/csoportelsokent-varjuk-az-elodontot\/#breadcrumb\"},\"inLanguage\":\"hu\",\"potentialAction\":[{\"@type\":\"ReadAction\",\"target\":[\"https:\/\/vasasbasket.hu\/index.php\/csoportelsokent-varjuk-az-elodontot\/\"]}]},{\"@type\":\"ImageObject\",\"inLanguage\":\"hu\",\"@id\":\"https:\/\/vasasbasket.hu\/index.php\/csoportelsokent-varjuk-az-elodontot\/#primaryimage\",\"url\":\"https:\/\/vasasbasket.hu\/wp-content\/uploads\/2019\/03\/2019.02.28.-1-of-2.jpg\",\"contentUrl\":\"https:\/\/vasasbasket.hu\/wp-content\/uploads\/2019\/03\/2019.02.28.-1-of-2.jpg\",\"width\":1700,\"height\":1133},{\"@type\":\"BreadcrumbList\",\"@id\":\"https:\/\/vasasbasket.hu\/index.php\/csoportelsokent-varjuk-az-elodontot\/#breadcrumb\",\"itemListElement\":[{\"@type\":\"ListItem\",\"position\":1,\"name\":\"Kezd\u0151lap\",\"item\":\"https:\/\/vasasbasket.hu\/\"},{\"@type\":\"ListItem\",\"position\":2,\"name\":\"Csoportels\u0151k\u00e9nt v\u00e1rjuk az el\u0151d\u00f6nt\u0151t\"}]},{\"@type\":\"WebSite\",\"@id\":\"https:\/\/vasasbasket.hu\/#website\",\"url\":\"https:\/\/vasasbasket.hu\/\",\"name\":\"Vasas n\u0151i kos\u00e1rlabda\",\"description\":\"Vasas Basket N\u0151i\",\"publisher\":{\"@id\":\"https:\/\/vasasbasket.hu\/#organization\"},\"potentialAction\":[{\"@type\":\"SearchAction\",\"target\":{\"@type\":\"EntryPoint\",\"urlTemplate\":\"https:\/\/vasasbasket.hu\/?s={search_term_string}\"},\"query-input\":{\"@type\":\"PropertyValueSpecification\",\"valueRequired\":true,\"valueName\":\"search_term_string\"}}],\"inLanguage\":\"hu\"},{\"@type\":\"Organization\",\"@id\":\"https:\/\/vasasbasket.hu\/#organization\",\"name\":\"Vasas n\u0151i kos\u00e1rlabda\",\"url\":\"https:\/\/vasasbasket.hu\/\",\"logo\":{\"@type\":\"ImageObject\",\"inLanguage\":\"hu\",\"@id\":\"https:\/\/vasasbasket.hu\/#\/schema\/logo\/image\/\",\"url\":\"https:\/\/vasasbasket.hu\/wp-content\/uploads\/2017\/03\/vasas_cimer_1200.jpg\",\"contentUrl\":\"https:\/\/vasasbasket.hu\/wp-content\/uploads\/2017\/03\/vasas_cimer_1200.jpg\",\"width\":1200,\"height\":1200,\"caption\":\"Vasas n\u0151i kos\u00e1rlabda\"},\"image\":{\"@id\":\"https:\/\/vasasbasket.hu\/#\/schema\/logo\/image\/\"},\"sameAs\":[\"https:\/\/www.facebook.com\/vasaswbasket\/\"]},{\"@type\":\"Person\",\"@id\":\"https:\/\/vasasbasket.hu\/#\/schema\/person\/f1085f4d2c6582d8d0f977e92de2edee\",\"name\":\"admin\",\"image\":{\"@type\":\"ImageObject\",\"inLanguage\":\"hu\",\"@id\":\"https:\/\/vasasbasket.hu\/#\/schema\/person\/image\/\",\"url\":\"https:\/\/secure.gravatar.com\/avatar\/645c92f7d9cfe02bd93ce2d1cfa11cd3a268bdfe65486552ff04b193cea07634?s=96&d=mm&r=g\",\"contentUrl\":\"https:\/\/secure.gravatar.com\/avatar\/645c92f7d9cfe02bd93ce2d1cfa11cd3a268bdfe65486552ff04b193cea07634?s=96&d=mm&r=g\",\"caption\":\"admin\"},\"url\":\"https:\/\/vasasbasket.hu\/index.php\/author\/admin\/\"}]}<\/script>\n<!-- \/ Yoast SEO plugin. -->","yoast_head_json":{"title":"Csoportels\u0151k\u00e9nt v\u00e1rjuk az el\u0151d\u00f6nt\u0151t - Vasas n\u0151i kos\u00e1rlabda","robots":{"index":"index","follow":"follow","max-snippet":"max-snippet:-1","max-image-preview":"max-image-preview:large","max-video-preview":"max-video-preview:-1"},"canonical":"https:\/\/vasasbasket.hu\/index.php\/csoportelsokent-varjuk-az-elodontot\/","og_locale":"hu_HU","og_type":"article","og_title":"Csoportels\u0151k\u00e9nt v\u00e1rjuk az el\u0151d\u00f6nt\u0151t - Vasas n\u0151i kos\u00e1rlabda","og_description":"Mindh\u00e1rom m\u00e9rk\u0151z\u00e9s\u00e9t megnyerte a Vasas Akad\u00e9mia a Nemzeti Le\u00e1ny Junior Bajnoks\u00e1g d\u00f6nt\u0151j\u00e9nek A csoportj\u00e1ban. Csapatunk az el\u0151d\u00f6nt\u0151ben a h\u00e1zigazda p\u00e9csiekkel tal\u00e1lkozik. K\u00e9t m\u00e9rk\u0151z\u00e9st is j\u00e1tszottak tegnap Igor Skocovski l\u00e1nyai, mellyel lez\u00e1rult a csoportk\u00f6r. D\u00e9lel\u0151tt a BEAC-ot 82-43-ra, majd d\u00e9lut\u00e1n a DVTK-t gy\u0151zt\u00fck le magabiztosan 73-39-re, \u00edgy veretlen\u00fcl, csoportels\u0151k\u00e9nt z\u00e1rtuk a tabell\u00e1t. Ma d\u00e9lut\u00e1n j\u00f6nnek az...","og_url":"https:\/\/vasasbasket.hu\/index.php\/csoportelsokent-varjuk-az-elodontot\/","og_site_name":"Vasas n\u0151i kos\u00e1rlabda","article_publisher":"https:\/\/www.facebook.com\/vasaswbasket\/","article_published_time":"2019-03-09T12:58:32+00:00","og_image":[{"width":1700,"height":1133,"url":"https:\/\/vasasbasket.hu\/wp-content\/uploads\/2019\/03\/2019.02.28.-1-of-2.jpg","type":"image\/jpeg"}],"author":"admin","twitter_card":"summary_large_image","twitter_misc":{"Szerz\u0151:":"admin","Becs\u00fclt olvas\u00e1si id\u0151":"1 perc"},"schema":{"@context":"https:\/\/schema.org","@graph":[{"@type":"Article","@id":"https:\/\/vasasbasket.hu\/index.php\/csoportelsokent-varjuk-az-elodontot\/#article","isPartOf":{"@id":"https:\/\/vasasbasket.hu\/index.php\/csoportelsokent-varjuk-az-elodontot\/"},"author":{"name":"admin","@id":"https:\/\/vasasbasket.hu\/#\/schema\/person\/f1085f4d2c6582d8d0f977e92de2edee"},"headline":"Csoportels\u0151k\u00e9nt v\u00e1rjuk az el\u0151d\u00f6nt\u0151t","datePublished":"2019-03-09T12:58:32+00:00","mainEntityOfPage":{"@id":"https:\/\/vasasbasket.hu\/index.php\/csoportelsokent-varjuk-az-elodontot\/"},"wordCount":183,"publisher":{"@id":"https:\/\/vasasbasket.hu\/#organization"},"image":{"@id":"https:\/\/vasasbasket.hu\/index.php\/csoportelsokent-varjuk-az-elodontot\/#primaryimage"},"thumbnailUrl":"https:\/\/vasasbasket.hu\/wp-content\/uploads\/2019\/03\/2019.02.28.-1-of-2.jpg","articleSection":["Junior","\u00d6sszes H\u00edr"],"inLanguage":"hu"},{"@type":"WebPage","@id":"https:\/\/vasasbasket.hu\/index.php\/csoportelsokent-varjuk-az-elodontot\/","url":"https:\/\/vasasbasket.hu\/index.php\/csoportelsokent-varjuk-az-elodontot\/","name":"Csoportels\u0151k\u00e9nt v\u00e1rjuk az el\u0151d\u00f6nt\u0151t - Vasas n\u0151i kos\u00e1rlabda","isPartOf":{"@id":"https:\/\/vasasbasket.hu\/#website"},"primaryImageOfPage":{"@id":"https:\/\/vasasbasket.hu\/index.php\/csoportelsokent-varjuk-az-elodontot\/#primaryimage"},"image":{"@id":"https:\/\/vasasbasket.hu\/index.php\/csoportelsokent-varjuk-az-elodontot\/#primaryimage"},"thumbnailUrl":"https:\/\/vasasbasket.hu\/wp-content\/uploads\/2019\/03\/2019.02.28.-1-of-2.jpg","datePublished":"2019-03-09T12:58:32+00:00","breadcrumb":{"@id":"https:\/\/vasasbasket.hu\/index.php\/csoportelsokent-varjuk-az-elodontot\/#breadcrumb"},"inLanguage":"hu","potentialAction":[{"@type":"ReadAction","target":["https:\/\/vasasbasket.hu\/index.php\/csoportelsokent-varjuk-az-elodontot\/"]}]},{"@type":"ImageObject","inLanguage":"hu","@id":"https:\/\/vasasbasket.hu\/index.php\/csoportelsokent-varjuk-az-elodontot\/#primaryimage","url":"https:\/\/vasasbasket.hu\/wp-content\/uploads\/2019\/03\/2019.02.28.-1-of-2.jpg","contentUrl":"https:\/\/vasasbasket.hu\/wp-content\/uploads\/2019\/03\/2019.02.28.-1-of-2.jpg","width":1700,"height":1133},{"@type":"BreadcrumbList","@id":"https:\/\/vasasbasket.hu\/index.php\/csoportelsokent-varjuk-az-elodontot\/#breadcrumb","itemListElement":[{"@type":"ListItem","position":1,"name":"Kezd\u0151lap","item":"https:\/\/vasasbasket.hu\/"},{"@type":"ListItem","position":2,"name":"Csoportels\u0151k\u00e9nt v\u00e1rjuk az el\u0151d\u00f6nt\u0151t"}]},{"@type":"WebSite","@id":"https:\/\/vasasbasket.hu\/#website","url":"https:\/\/vasasbasket.hu\/","name":"Vasas n\u0151i kos\u00e1rlabda","description":"Vasas Basket N\u0151i","publisher":{"@id":"https:\/\/vasasbasket.hu\/#organization"},"potentialAction":[{"@type":"SearchAction","target":{"@type":"EntryPoint","urlTemplate":"https:\/\/vasasbasket.hu\/?s={search_term_string}"},"query-input":{"@type":"PropertyValueSpecification","valueRequired":true,"valueName":"search_term_string"}}],"inLanguage":"hu"},{"@type":"Organization","@id":"https:\/\/vasasbasket.hu\/#organization","name":"Vasas n\u0151i kos\u00e1rlabda","url":"https:\/\/vasasbasket.hu\/","logo":{"@type":"ImageObject","inLanguage":"hu","@id":"https:\/\/vasasbasket.hu\/#\/schema\/logo\/image\/","url":"https:\/\/vasasbasket.hu\/wp-content\/uploads\/2017\/03\/vasas_cimer_1200.jpg","contentUrl":"https:\/\/vasasbasket.hu\/wp-content\/uploads\/2017\/03\/vasas_cimer_1200.jpg","width":1200,"height":1200,"caption":"Vasas n\u0151i kos\u00e1rlabda"},"image":{"@id":"https:\/\/vasasbasket.hu\/#\/schema\/logo\/image\/"},"sameAs":["https:\/\/www.facebook.com\/vasaswbasket\/"]},{"@type":"Person","@id":"https:\/\/vasasbasket.hu\/#\/schema\/person\/f1085f4d2c6582d8d0f977e92de2edee","name":"admin","image":{"@type":"ImageObject","inLanguage":"hu","@id":"https:\/\/vasasbasket.hu\/#\/schema\/person\/image\/","url":"https:\/\/secure.gravatar.com\/avatar\/645c92f7d9cfe02bd93ce2d1cfa11cd3a268bdfe65486552ff04b193cea07634?s=96&d=mm&r=g","contentUrl":"https:\/\/secure.gravatar.com\/avatar\/645c92f7d9cfe02bd93ce2d1cfa11cd3a268bdfe65486552ff04b193cea07634?s=96&d=mm&r=g","caption":"admin"},"url":"https:\/\/vasasbasket.hu\/index.php\/author\/admin\/"}]}},"_links":{"self":[{"href":"https:\/\/vasasbasket.hu\/index.php\/wp-json\/wp\/v2\/posts\/5324","targetHints":{"allow":["GET"]}}],"collection":[{"href":"https:\/\/vasasbasket.hu\/index.php\/wp-json\/wp\/v2\/posts"}],"about":[{"href":"https:\/\/vasasbasket.hu\/index.php\/wp-json\/wp\/v2\/types\/post"}],"author":[{"embeddable":true,"href":"https:\/\/vasasbasket.hu\/index.php\/wp-json\/wp\/v2\/users\/1"}],"replies":[{"embeddable":true,"href":"https:\/\/vasasbasket.hu\/index.php\/wp-json\/wp\/v2\/comments?post=5324"}],"version-history":[{"count":1,"href":"https:\/\/vasasbasket.hu\/index.php\/wp-json\/wp\/v2\/posts\/5324\/revisions"}],"predecessor-version":[{"id":5325,"href":"https:\/\/vasasbasket.hu\/index.php\/wp-json\/wp\/v2\/posts\/5324\/revisions\/5325"}],"wp:featuredmedia":[{"embeddable":true,"href":"https:\/\/vasasbasket.hu\/index.php\/wp-json\/wp\/v2\/media\/5322"}],"wp:attachment":[{"href":"https:\/\/vasasbasket.hu\/index.php\/wp-json\/wp\/v2\/media?parent=5324"}],"wp:term":[{"taxonomy":"category","embeddable":true,"href":"https:\/\/vasasbasket.hu\/index.php\/wp-json\/wp\/v2\/categories?post=5324"},{"taxonomy":"post_tag","embeddable":true,"href":"https:\/\/vasasbasket.hu\/index.php\/wp-json\/wp\/v2\/tags?post=5324"}],"curies":[{"name":"wp","href":"https:\/\/api.w.org\/{rel}","templated":true}]}}