{"id":5321,"date":"2019-03-08T09:32:58","date_gmt":"2019-03-08T09:32:58","guid":{"rendered":"http:\/\/vasasbasket.hu\/?p=5321"},"modified":"2019-03-08T09:32:58","modified_gmt":"2019-03-08T09:32:58","slug":"jol-rajtolt-csapatunk-a-junior-donton","status":"publish","type":"post","link":"https:\/\/vasasbasket.hu\/index.php\/jol-rajtolt-csapatunk-a-junior-donton\/","title":{"rendered":"J\u00f3l rajtolt csapatunk a Junior D\u00f6nt\u0151n"},"content":{"rendered":"<p><strong>Gy\u0151zelemmel kezdett a Vasas Akad\u00e9mia a Nemzeti Le\u00e1ny Junior Bajnoks\u00e1g d\u00f6nt\u0151j\u00e9ben. Igor Skocovski l\u00e1nyai 95-62-re diadalmaskodtak a Szeksz\u00e1rd ellen.<\/strong><\/p>\n<p><em>&#8222;A d\u00f6nt\u0151 els\u0151 m\u00e9rk\u0151z\u00e9s\u00e9t a Szeksz\u00e1rd ellen v\u00edvtuk. Nagyon j\u00f3 meccset j\u00e1tszottunk, ahol a m\u00e1sodik negyedben extra t\u00e1mad\u00f3j\u00e1t\u00e9kot mutattunk 35 szerzett ponttal. A nagysz\u00fcnetet k\u00f6vet\u0151en b\u0151v\u00edtett\u00fck a rot\u00e1ci\u00f3t, amivel agressz\u00edv t\u00e1mad\u00e1sink valamelyest visszaestek, \u00e1m mindenki p\u00e1ly\u00e1ra l\u00e9phetett, \u00e9s j\u00f3 j\u00e1t\u00e9kot mutattunk, aminek kifejezetten \u00f6r\u00fcl\u00f6k. Az utols\u00f3 negyedre sem \u00e1lltunk le, hat\u00e9konyan m\u0171k\u00f6d\u00f6tt a v\u00e9dekez\u00e9s\u00fcnk. Gratul\u00e1lok a csapatnak, k\u00fcl\u00f6n\u00f6sen Dombai R\u00e9k\u00e1nak (34 IBM, 19 pont, 8 szerzett labda, 6 assziszt), Varga Al\u00edznak (12 IBM, 12 pont, 5 lepattan\u00f3), valamint Bud\u00e1csik Dorotty\u00e1nak (21 IBM, 13 pont, 7 lepattan\u00f3) a mutatott j\u00e1t\u00e9k\u00e9rt&#8221;<\/em> &#8211; mondta a csapat edz\u0151je, Igor Skocovski.<\/p>\n<p><strong>Vasas Akad\u00e9mia &#8211;<\/strong> Atomer\u0151m\u0171-KSC Szeksz\u00e1rd<strong> 95-62<\/strong> (22-18, 35-18, 21-19, 17-7)<br \/>\nPontszerz\u0151k:<br \/>\n<strong>Vasas Akad\u00e9mia:<\/strong> Bud\u00e1csik D. 13, V\u00edgh B. 5, D\u00fal T., Mudra V. 11, Smailbegovic N. 10, Boros B. 8, Dombai R. 19, Varga A. 12, Altman A. 6, Szerencs\u00e9s T. 2, T\u00f3th F. 2, Sitku ZS. 7<br \/>\n<strong>Atomer\u0151m\u0171-KSC Szeksz\u00e1rd:<\/strong> Andi H. 3, Liszkai R. 9, Marsai D,, Renczes R. 5, Hanti D. 5, Vincze N. 15, Miklos M. 6, Pop A. 11, Viszmeg M. 2, Holcz R. 6<\/p>\n<p>Folytat\u00e1s a mai napon, 11:00-t\u00f3l a BEAC ellen, 19:00-t\u00f3l pedig a DVTK ellen j\u00e1tszik csapatunk. A m\u00e9rk\u0151z\u00e9seket \u00e9l\u0151ben lehet n\u00e9zni a R\u00e1tg\u00e9ber Akad\u00e9mia youtube csatorn\u00e1j\u00e1n: <a href=\"https:\/\/www.youtube.com\/user\/ratgeberakademia\">https:\/\/www.youtube.com\/user\/ratgeberakademia<\/a><\/p>\n","protected":false},"excerpt":{"rendered":"<p>Gy\u0151zelemmel kezdett a Vasas Akad\u00e9mia a Nemzeti Le\u00e1ny Junior Bajnoks\u00e1g d\u00f6nt\u0151j\u00e9ben. Igor Skocovski l\u00e1nyai 95-62-re diadalmaskodtak a Szeksz\u00e1rd ellen. &#8222;A d\u00f6nt\u0151 els\u0151 m\u00e9rk\u0151z\u00e9s\u00e9t a Szeksz\u00e1rd ellen v\u00edvtuk. Nagyon j\u00f3 meccset j\u00e1tszottunk, ahol a m\u00e1sodik negyedben extra t\u00e1mad\u00f3j\u00e1t\u00e9kot mutattunk 35 szerzett ponttal. A nagysz\u00fcnetet k\u00f6vet\u0151en b\u0151v\u00edtett\u00fck a rot\u00e1ci\u00f3t, amivel agressz\u00edv t\u00e1mad\u00e1sink valamelyest visszaestek, \u00e1m mindenki p\u00e1ly\u00e1ra&#8230;<\/p>\n","protected":false},"author":1,"featured_media":5322,"comment_status":"closed","ping_status":"open","sticky":false,"template":"","format":"standard","meta":{"footnotes":""},"categories":[50,92],"tags":[],"class_list":["post-5321","post","type-post","status-publish","format-standard","has-post-thumbnail","hentry","category-junior","category-hirek"],"yoast_head":"<!-- This site is optimized with the Yoast SEO plugin v26.0 - https:\/\/yoast.com\/wordpress\/plugins\/seo\/ -->\n<title>J\u00f3l rajtolt csapatunk a Junior D\u00f6nt\u0151n - Vasas n\u0151i kos\u00e1rlabda<\/title>\n<meta name=\"robots\" content=\"index, follow, max-snippet:-1, max-image-preview:large, max-video-preview:-1\" \/>\n<link rel=\"canonical\" href=\"https:\/\/vasasbasket.hu\/index.php\/jol-rajtolt-csapatunk-a-junior-donton\/\" \/>\n<meta property=\"og:locale\" content=\"hu_HU\" \/>\n<meta property=\"og:type\" content=\"article\" \/>\n<meta property=\"og:title\" content=\"J\u00f3l rajtolt csapatunk a Junior D\u00f6nt\u0151n - Vasas n\u0151i kos\u00e1rlabda\" \/>\n<meta property=\"og:description\" content=\"Gy\u0151zelemmel kezdett a Vasas Akad\u00e9mia a Nemzeti Le\u00e1ny Junior Bajnoks\u00e1g d\u00f6nt\u0151j\u00e9ben. Igor Skocovski l\u00e1nyai 95-62-re diadalmaskodtak a Szeksz\u00e1rd ellen. &#8222;A d\u00f6nt\u0151 els\u0151 m\u00e9rk\u0151z\u00e9s\u00e9t a Szeksz\u00e1rd ellen v\u00edvtuk. Nagyon j\u00f3 meccset j\u00e1tszottunk, ahol a m\u00e1sodik negyedben extra t\u00e1mad\u00f3j\u00e1t\u00e9kot mutattunk 35 szerzett ponttal. A nagysz\u00fcnetet k\u00f6vet\u0151en b\u0151v\u00edtett\u00fck a rot\u00e1ci\u00f3t, amivel agressz\u00edv t\u00e1mad\u00e1sink valamelyest visszaestek, \u00e1m mindenki p\u00e1ly\u00e1ra...\" \/>\n<meta property=\"og:url\" content=\"https:\/\/vasasbasket.hu\/index.php\/jol-rajtolt-csapatunk-a-junior-donton\/\" \/>\n<meta property=\"og:site_name\" content=\"Vasas n\u0151i kos\u00e1rlabda\" \/>\n<meta property=\"article:publisher\" content=\"https:\/\/www.facebook.com\/vasaswbasket\/\" \/>\n<meta property=\"article:published_time\" content=\"2019-03-08T09:32:58+00:00\" \/>\n<meta property=\"og:image\" content=\"https:\/\/vasasbasket.hu\/wp-content\/uploads\/2019\/03\/2019.02.28.-1-of-2.jpg\" \/>\n\t<meta property=\"og:image:width\" content=\"1700\" \/>\n\t<meta property=\"og:image:height\" content=\"1133\" \/>\n\t<meta property=\"og:image:type\" content=\"image\/jpeg\" \/>\n<meta name=\"author\" content=\"admin\" \/>\n<meta name=\"twitter:card\" content=\"summary_large_image\" \/>\n<meta name=\"twitter:label1\" content=\"Szerz\u0151:\" \/>\n\t<meta name=\"twitter:data1\" content=\"admin\" \/>\n\t<meta name=\"twitter:label2\" content=\"Becs\u00fclt olvas\u00e1si id\u0151\" \/>\n\t<meta name=\"twitter:data2\" content=\"1 perc\" \/>\n<script type=\"application\/ld+json\" class=\"yoast-schema-graph\">{\"@context\":\"https:\/\/schema.org\",\"@graph\":[{\"@type\":\"Article\",\"@id\":\"https:\/\/vasasbasket.hu\/index.php\/jol-rajtolt-csapatunk-a-junior-donton\/#article\",\"isPartOf\":{\"@id\":\"https:\/\/vasasbasket.hu\/index.php\/jol-rajtolt-csapatunk-a-junior-donton\/\"},\"author\":{\"name\":\"admin\",\"@id\":\"https:\/\/vasasbasket.hu\/#\/schema\/person\/f1085f4d2c6582d8d0f977e92de2edee\"},\"headline\":\"J\u00f3l rajtolt csapatunk a Junior D\u00f6nt\u0151n\",\"datePublished\":\"2019-03-08T09:32:58+00:00\",\"mainEntityOfPage\":{\"@id\":\"https:\/\/vasasbasket.hu\/index.php\/jol-rajtolt-csapatunk-a-junior-donton\/\"},\"wordCount\":292,\"publisher\":{\"@id\":\"https:\/\/vasasbasket.hu\/#organization\"},\"image\":{\"@id\":\"https:\/\/vasasbasket.hu\/index.php\/jol-rajtolt-csapatunk-a-junior-donton\/#primaryimage\"},\"thumbnailUrl\":\"https:\/\/vasasbasket.hu\/wp-content\/uploads\/2019\/03\/2019.02.28.-1-of-2.jpg\",\"articleSection\":[\"Junior\",\"\u00d6sszes H\u00edr\"],\"inLanguage\":\"hu\"},{\"@type\":\"WebPage\",\"@id\":\"https:\/\/vasasbasket.hu\/index.php\/jol-rajtolt-csapatunk-a-junior-donton\/\",\"url\":\"https:\/\/vasasbasket.hu\/index.php\/jol-rajtolt-csapatunk-a-junior-donton\/\",\"name\":\"J\u00f3l rajtolt csapatunk a Junior D\u00f6nt\u0151n - Vasas n\u0151i kos\u00e1rlabda\",\"isPartOf\":{\"@id\":\"https:\/\/vasasbasket.hu\/#website\"},\"primaryImageOfPage\":{\"@id\":\"https:\/\/vasasbasket.hu\/index.php\/jol-rajtolt-csapatunk-a-junior-donton\/#primaryimage\"},\"image\":{\"@id\":\"https:\/\/vasasbasket.hu\/index.php\/jol-rajtolt-csapatunk-a-junior-donton\/#primaryimage\"},\"thumbnailUrl\":\"https:\/\/vasasbasket.hu\/wp-content\/uploads\/2019\/03\/2019.02.28.-1-of-2.jpg\",\"datePublished\":\"2019-03-08T09:32:58+00:00\",\"breadcrumb\":{\"@id\":\"https:\/\/vasasbasket.hu\/index.php\/jol-rajtolt-csapatunk-a-junior-donton\/#breadcrumb\"},\"inLanguage\":\"hu\",\"potentialAction\":[{\"@type\":\"ReadAction\",\"target\":[\"https:\/\/vasasbasket.hu\/index.php\/jol-rajtolt-csapatunk-a-junior-donton\/\"]}]},{\"@type\":\"ImageObject\",\"inLanguage\":\"hu\",\"@id\":\"https:\/\/vasasbasket.hu\/index.php\/jol-rajtolt-csapatunk-a-junior-donton\/#primaryimage\",\"url\":\"https:\/\/vasasbasket.hu\/wp-content\/uploads\/2019\/03\/2019.02.28.-1-of-2.jpg\",\"contentUrl\":\"https:\/\/vasasbasket.hu\/wp-content\/uploads\/2019\/03\/2019.02.28.-1-of-2.jpg\",\"width\":1700,\"height\":1133},{\"@type\":\"BreadcrumbList\",\"@id\":\"https:\/\/vasasbasket.hu\/index.php\/jol-rajtolt-csapatunk-a-junior-donton\/#breadcrumb\",\"itemListElement\":[{\"@type\":\"ListItem\",\"position\":1,\"name\":\"Kezd\u0151lap\",\"item\":\"https:\/\/vasasbasket.hu\/\"},{\"@type\":\"ListItem\",\"position\":2,\"name\":\"J\u00f3l rajtolt csapatunk a Junior D\u00f6nt\u0151n\"}]},{\"@type\":\"WebSite\",\"@id\":\"https:\/\/vasasbasket.hu\/#website\",\"url\":\"https:\/\/vasasbasket.hu\/\",\"name\":\"Vasas n\u0151i kos\u00e1rlabda\",\"description\":\"Vasas Basket N\u0151i\",\"publisher\":{\"@id\":\"https:\/\/vasasbasket.hu\/#organization\"},\"potentialAction\":[{\"@type\":\"SearchAction\",\"target\":{\"@type\":\"EntryPoint\",\"urlTemplate\":\"https:\/\/vasasbasket.hu\/?s={search_term_string}\"},\"query-input\":{\"@type\":\"PropertyValueSpecification\",\"valueRequired\":true,\"valueName\":\"search_term_string\"}}],\"inLanguage\":\"hu\"},{\"@type\":\"Organization\",\"@id\":\"https:\/\/vasasbasket.hu\/#organization\",\"name\":\"Vasas n\u0151i kos\u00e1rlabda\",\"url\":\"https:\/\/vasasbasket.hu\/\",\"logo\":{\"@type\":\"ImageObject\",\"inLanguage\":\"hu\",\"@id\":\"https:\/\/vasasbasket.hu\/#\/schema\/logo\/image\/\",\"url\":\"https:\/\/vasasbasket.hu\/wp-content\/uploads\/2017\/03\/vasas_cimer_1200.jpg\",\"contentUrl\":\"https:\/\/vasasbasket.hu\/wp-content\/uploads\/2017\/03\/vasas_cimer_1200.jpg\",\"width\":1200,\"height\":1200,\"caption\":\"Vasas n\u0151i kos\u00e1rlabda\"},\"image\":{\"@id\":\"https:\/\/vasasbasket.hu\/#\/schema\/logo\/image\/\"},\"sameAs\":[\"https:\/\/www.facebook.com\/vasaswbasket\/\"]},{\"@type\":\"Person\",\"@id\":\"https:\/\/vasasbasket.hu\/#\/schema\/person\/f1085f4d2c6582d8d0f977e92de2edee\",\"name\":\"admin\",\"image\":{\"@type\":\"ImageObject\",\"inLanguage\":\"hu\",\"@id\":\"https:\/\/vasasbasket.hu\/#\/schema\/person\/image\/\",\"url\":\"https:\/\/secure.gravatar.com\/avatar\/645c92f7d9cfe02bd93ce2d1cfa11cd3a268bdfe65486552ff04b193cea07634?s=96&d=mm&r=g\",\"contentUrl\":\"https:\/\/secure.gravatar.com\/avatar\/645c92f7d9cfe02bd93ce2d1cfa11cd3a268bdfe65486552ff04b193cea07634?s=96&d=mm&r=g\",\"caption\":\"admin\"},\"url\":\"https:\/\/vasasbasket.hu\/index.php\/author\/admin\/\"}]}<\/script>\n<!-- \/ Yoast SEO plugin. -->","yoast_head_json":{"title":"J\u00f3l rajtolt csapatunk a Junior D\u00f6nt\u0151n - Vasas n\u0151i kos\u00e1rlabda","robots":{"index":"index","follow":"follow","max-snippet":"max-snippet:-1","max-image-preview":"max-image-preview:large","max-video-preview":"max-video-preview:-1"},"canonical":"https:\/\/vasasbasket.hu\/index.php\/jol-rajtolt-csapatunk-a-junior-donton\/","og_locale":"hu_HU","og_type":"article","og_title":"J\u00f3l rajtolt csapatunk a Junior D\u00f6nt\u0151n - Vasas n\u0151i kos\u00e1rlabda","og_description":"Gy\u0151zelemmel kezdett a Vasas Akad\u00e9mia a Nemzeti Le\u00e1ny Junior Bajnoks\u00e1g d\u00f6nt\u0151j\u00e9ben. Igor Skocovski l\u00e1nyai 95-62-re diadalmaskodtak a Szeksz\u00e1rd ellen. &#8222;A d\u00f6nt\u0151 els\u0151 m\u00e9rk\u0151z\u00e9s\u00e9t a Szeksz\u00e1rd ellen v\u00edvtuk. Nagyon j\u00f3 meccset j\u00e1tszottunk, ahol a m\u00e1sodik negyedben extra t\u00e1mad\u00f3j\u00e1t\u00e9kot mutattunk 35 szerzett ponttal. A nagysz\u00fcnetet k\u00f6vet\u0151en b\u0151v\u00edtett\u00fck a rot\u00e1ci\u00f3t, amivel agressz\u00edv t\u00e1mad\u00e1sink valamelyest visszaestek, \u00e1m mindenki p\u00e1ly\u00e1ra...","og_url":"https:\/\/vasasbasket.hu\/index.php\/jol-rajtolt-csapatunk-a-junior-donton\/","og_site_name":"Vasas n\u0151i kos\u00e1rlabda","article_publisher":"https:\/\/www.facebook.com\/vasaswbasket\/","article_published_time":"2019-03-08T09:32:58+00:00","og_image":[{"width":1700,"height":1133,"url":"https:\/\/vasasbasket.hu\/wp-content\/uploads\/2019\/03\/2019.02.28.-1-of-2.jpg","type":"image\/jpeg"}],"author":"admin","twitter_card":"summary_large_image","twitter_misc":{"Szerz\u0151:":"admin","Becs\u00fclt olvas\u00e1si id\u0151":"1 perc"},"schema":{"@context":"https:\/\/schema.org","@graph":[{"@type":"Article","@id":"https:\/\/vasasbasket.hu\/index.php\/jol-rajtolt-csapatunk-a-junior-donton\/#article","isPartOf":{"@id":"https:\/\/vasasbasket.hu\/index.php\/jol-rajtolt-csapatunk-a-junior-donton\/"},"author":{"name":"admin","@id":"https:\/\/vasasbasket.hu\/#\/schema\/person\/f1085f4d2c6582d8d0f977e92de2edee"},"headline":"J\u00f3l rajtolt csapatunk a Junior D\u00f6nt\u0151n","datePublished":"2019-03-08T09:32:58+00:00","mainEntityOfPage":{"@id":"https:\/\/vasasbasket.hu\/index.php\/jol-rajtolt-csapatunk-a-junior-donton\/"},"wordCount":292,"publisher":{"@id":"https:\/\/vasasbasket.hu\/#organization"},"image":{"@id":"https:\/\/vasasbasket.hu\/index.php\/jol-rajtolt-csapatunk-a-junior-donton\/#primaryimage"},"thumbnailUrl":"https:\/\/vasasbasket.hu\/wp-content\/uploads\/2019\/03\/2019.02.28.-1-of-2.jpg","articleSection":["Junior","\u00d6sszes H\u00edr"],"inLanguage":"hu"},{"@type":"WebPage","@id":"https:\/\/vasasbasket.hu\/index.php\/jol-rajtolt-csapatunk-a-junior-donton\/","url":"https:\/\/vasasbasket.hu\/index.php\/jol-rajtolt-csapatunk-a-junior-donton\/","name":"J\u00f3l rajtolt csapatunk a Junior D\u00f6nt\u0151n - Vasas n\u0151i kos\u00e1rlabda","isPartOf":{"@id":"https:\/\/vasasbasket.hu\/#website"},"primaryImageOfPage":{"@id":"https:\/\/vasasbasket.hu\/index.php\/jol-rajtolt-csapatunk-a-junior-donton\/#primaryimage"},"image":{"@id":"https:\/\/vasasbasket.hu\/index.php\/jol-rajtolt-csapatunk-a-junior-donton\/#primaryimage"},"thumbnailUrl":"https:\/\/vasasbasket.hu\/wp-content\/uploads\/2019\/03\/2019.02.28.-1-of-2.jpg","datePublished":"2019-03-08T09:32:58+00:00","breadcrumb":{"@id":"https:\/\/vasasbasket.hu\/index.php\/jol-rajtolt-csapatunk-a-junior-donton\/#breadcrumb"},"inLanguage":"hu","potentialAction":[{"@type":"ReadAction","target":["https:\/\/vasasbasket.hu\/index.php\/jol-rajtolt-csapatunk-a-junior-donton\/"]}]},{"@type":"ImageObject","inLanguage":"hu","@id":"https:\/\/vasasbasket.hu\/index.php\/jol-rajtolt-csapatunk-a-junior-donton\/#primaryimage","url":"https:\/\/vasasbasket.hu\/wp-content\/uploads\/2019\/03\/2019.02.28.-1-of-2.jpg","contentUrl":"https:\/\/vasasbasket.hu\/wp-content\/uploads\/2019\/03\/2019.02.28.-1-of-2.jpg","width":1700,"height":1133},{"@type":"BreadcrumbList","@id":"https:\/\/vasasbasket.hu\/index.php\/jol-rajtolt-csapatunk-a-junior-donton\/#breadcrumb","itemListElement":[{"@type":"ListItem","position":1,"name":"Kezd\u0151lap","item":"https:\/\/vasasbasket.hu\/"},{"@type":"ListItem","position":2,"name":"J\u00f3l rajtolt csapatunk a Junior D\u00f6nt\u0151n"}]},{"@type":"WebSite","@id":"https:\/\/vasasbasket.hu\/#website","url":"https:\/\/vasasbasket.hu\/","name":"Vasas n\u0151i kos\u00e1rlabda","description":"Vasas Basket N\u0151i","publisher":{"@id":"https:\/\/vasasbasket.hu\/#organization"},"potentialAction":[{"@type":"SearchAction","target":{"@type":"EntryPoint","urlTemplate":"https:\/\/vasasbasket.hu\/?s={search_term_string}"},"query-input":{"@type":"PropertyValueSpecification","valueRequired":true,"valueName":"search_term_string"}}],"inLanguage":"hu"},{"@type":"Organization","@id":"https:\/\/vasasbasket.hu\/#organization","name":"Vasas n\u0151i kos\u00e1rlabda","url":"https:\/\/vasasbasket.hu\/","logo":{"@type":"ImageObject","inLanguage":"hu","@id":"https:\/\/vasasbasket.hu\/#\/schema\/logo\/image\/","url":"https:\/\/vasasbasket.hu\/wp-content\/uploads\/2017\/03\/vasas_cimer_1200.jpg","contentUrl":"https:\/\/vasasbasket.hu\/wp-content\/uploads\/2017\/03\/vasas_cimer_1200.jpg","width":1200,"height":1200,"caption":"Vasas n\u0151i kos\u00e1rlabda"},"image":{"@id":"https:\/\/vasasbasket.hu\/#\/schema\/logo\/image\/"},"sameAs":["https:\/\/www.facebook.com\/vasaswbasket\/"]},{"@type":"Person","@id":"https:\/\/vasasbasket.hu\/#\/schema\/person\/f1085f4d2c6582d8d0f977e92de2edee","name":"admin","image":{"@type":"ImageObject","inLanguage":"hu","@id":"https:\/\/vasasbasket.hu\/#\/schema\/person\/image\/","url":"https:\/\/secure.gravatar.com\/avatar\/645c92f7d9cfe02bd93ce2d1cfa11cd3a268bdfe65486552ff04b193cea07634?s=96&d=mm&r=g","contentUrl":"https:\/\/secure.gravatar.com\/avatar\/645c92f7d9cfe02bd93ce2d1cfa11cd3a268bdfe65486552ff04b193cea07634?s=96&d=mm&r=g","caption":"admin"},"url":"https:\/\/vasasbasket.hu\/index.php\/author\/admin\/"}]}},"_links":{"self":[{"href":"https:\/\/vasasbasket.hu\/index.php\/wp-json\/wp\/v2\/posts\/5321","targetHints":{"allow":["GET"]}}],"collection":[{"href":"https:\/\/vasasbasket.hu\/index.php\/wp-json\/wp\/v2\/posts"}],"about":[{"href":"https:\/\/vasasbasket.hu\/index.php\/wp-json\/wp\/v2\/types\/post"}],"author":[{"embeddable":true,"href":"https:\/\/vasasbasket.hu\/index.php\/wp-json\/wp\/v2\/users\/1"}],"replies":[{"embeddable":true,"href":"https:\/\/vasasbasket.hu\/index.php\/wp-json\/wp\/v2\/comments?post=5321"}],"version-history":[{"count":1,"href":"https:\/\/vasasbasket.hu\/index.php\/wp-json\/wp\/v2\/posts\/5321\/revisions"}],"predecessor-version":[{"id":5323,"href":"https:\/\/vasasbasket.hu\/index.php\/wp-json\/wp\/v2\/posts\/5321\/revisions\/5323"}],"wp:featuredmedia":[{"embeddable":true,"href":"https:\/\/vasasbasket.hu\/index.php\/wp-json\/wp\/v2\/media\/5322"}],"wp:attachment":[{"href":"https:\/\/vasasbasket.hu\/index.php\/wp-json\/wp\/v2\/media?parent=5321"}],"wp:term":[{"taxonomy":"category","embeddable":true,"href":"https:\/\/vasasbasket.hu\/index.php\/wp-json\/wp\/v2\/categories?post=5321"},{"taxonomy":"post_tag","embeddable":true,"href":"https:\/\/vasasbasket.hu\/index.php\/wp-json\/wp\/v2\/tags?post=5321"}],"curies":[{"name":"wp","href":"https:\/\/api.w.org\/{rel}","templated":true}]}}