{"id":5279,"date":"2019-02-21T09:53:04","date_gmt":"2019-02-21T09:53:04","guid":{"rendered":"http:\/\/vasasbasket.hu\/?p=5279"},"modified":"2019-02-21T09:53:04","modified_gmt":"2019-02-21T09:53:04","slug":"gyozelemmel-fejeztuk-be-a-rajatszast","status":"publish","type":"post","link":"https:\/\/vasasbasket.hu\/index.php\/gyozelemmel-fejeztuk-be-a-rajatszast\/","title":{"rendered":"Gy\u0151zelemmel fejezt\u00fck be a r\u00e1j\u00e1tsz\u00e1st"},"content":{"rendered":"<p><strong>A Vasas Akad\u00e9mia U18-as csapata megnyerte a r\u00e1j\u00e1tsz\u00e1s utols\u00f3 m\u00e9rk\u0151z\u00e9s\u00e9t a Csata DSE ellen, Igor Skocovski l\u00e1nyai a negyedik helyen z\u00e1rtak.<\/strong><\/p>\n<p><em>&#8222;A v\u00e1rtn\u00e1l nehezebben h\u00faztuk be ezt a meccset, b\u00e1r a j\u00e1t\u00e9k k\u00e9pe alapj\u00e1n jobbak voltunk. Az els\u0151 negyedben gondjaink akadtak a befejez\u00e9ssel, \u00e9s a v\u00e9dekez\u00e9s sem volt kell\u0151en hat\u00e9kony, \u00edgy az \u00e1ll\u00e1s d\u00f6ntetlen volt az els\u0151 t\u00edz perc ut\u00e1n. A m\u00e1sodik negyedre javult a dob\u00f3sz\u00e1zal\u00e9k, \u00e1m ez sem volt el\u00e9g az el\u0151ny megszerz\u00e9s\u00e9hez, \u00edgy k\u00e9t pontos h\u00e1tr\u00e1nnyal mehett\u00fcnk pihenni a f\u00e9lid\u0151re. A sz\u00fcnet ut\u00e1n beindult a t\u00e1mad\u00f3j\u00e1t\u00e9kunk, egy j\u00f3 sz\u00e9ri\u00e1nak k\u00f6sz\u00f6nhet\u0151en elh\u00faztunk ellenfel\u00fcnkt\u0151l, \u00e9s h\u00e9t pontos el\u0151nyt szerezt\u00fcnk az utols\u00f3 negyedre, ahol j\u00f3 v\u00e9dekez\u00e9ssel, \u00e9s hat\u00e9kony t\u00e1mad\u00f3j\u00e1t\u00e9kkal siker\u00fclt k\u00e9zben tartani a gy\u0151zelmet. Varga Al\u00edz (18 IBM, 19 pont, 7 lepattan\u00f3), Dombai R\u00e9ka (8 IBM, 10 pont, 5 kiharcolt fault) \u00e9s Smailbegovic Nadia (13 IBM, 10 pont, 4 szerzett labda) voltak a m\u00e9rk\u0151z\u00e9s legjobbjai. Gratul\u00e1lok a l\u00e1nyoknak, k\u00e9sz\u00fclhet\u00fcnk a junior d\u00f6nt\u0151re&#8221;<\/em> &#8211; mondta a csapat edz\u0151je, Igor Skocovski.<\/p>\n<p><strong>Vasas Akad\u00e9mia &#8211;<\/strong> Csata DSE <strong>73-59<\/strong> ( 14-14, 19-21, 21-12, 19-12)<br \/>\n<em>Pontszerz\u0151k:<\/em><br \/>\n<strong>Vasas Akad\u00e9mia:<\/strong> Bud\u00e1csik D. 8, V\u00edgh B. 4, D\u00fal T. 2, Mudra V. 5, Smailbegovic N. 10, Boros B. 8, Dombai R. 10, Varga A. 19, Szerencs\u00e9s T. 3, T\u00f3th F. 2, Sitku Zs. 2, Eszt\u00e1ri T.<br \/>\n<strong>Csata DSE:<\/strong> Balogh L. 4, P\u00e1ncz\u00e9l I., Horv\u00e1th F. 16, D\u00e9nes A., Farkas F. 4, Telegdy Zs. 6, Boros J. 13, VarsuegibR. 11, T\u00f3th F. 2, Gelei K. 3<\/p>\n<p>&nbsp;<\/p>\n","protected":false},"excerpt":{"rendered":"<p>A Vasas Akad\u00e9mia U18-as csapata megnyerte a r\u00e1j\u00e1tsz\u00e1s utols\u00f3 m\u00e9rk\u0151z\u00e9s\u00e9t a Csata DSE ellen, Igor Skocovski l\u00e1nyai a negyedik helyen z\u00e1rtak. &#8222;A v\u00e1rtn\u00e1l nehezebben h\u00faztuk be ezt a meccset, b\u00e1r a j\u00e1t\u00e9k k\u00e9pe alapj\u00e1n jobbak voltunk. Az els\u0151 negyedben gondjaink akadtak a befejez\u00e9ssel, \u00e9s a v\u00e9dekez\u00e9s sem volt kell\u0151en hat\u00e9kony, \u00edgy az \u00e1ll\u00e1s d\u00f6ntetlen volt&#8230;<\/p>\n","protected":false},"author":1,"featured_media":4283,"comment_status":"closed","ping_status":"open","sticky":false,"template":"","format":"standard","meta":{"footnotes":""},"categories":[50,92],"tags":[],"class_list":["post-5279","post","type-post","status-publish","format-standard","has-post-thumbnail","hentry","category-junior","category-hirek"],"yoast_head":"<!-- This site is optimized with the Yoast SEO plugin v26.0 - https:\/\/yoast.com\/wordpress\/plugins\/seo\/ -->\n<title>Gy\u0151zelemmel fejezt\u00fck be a r\u00e1j\u00e1tsz\u00e1st - Vasas n\u0151i kos\u00e1rlabda<\/title>\n<meta name=\"robots\" content=\"index, follow, max-snippet:-1, max-image-preview:large, max-video-preview:-1\" \/>\n<link rel=\"canonical\" href=\"https:\/\/vasasbasket.hu\/index.php\/gyozelemmel-fejeztuk-be-a-rajatszast\/\" \/>\n<meta property=\"og:locale\" content=\"hu_HU\" \/>\n<meta property=\"og:type\" content=\"article\" \/>\n<meta property=\"og:title\" content=\"Gy\u0151zelemmel fejezt\u00fck be a r\u00e1j\u00e1tsz\u00e1st - Vasas n\u0151i kos\u00e1rlabda\" \/>\n<meta property=\"og:description\" content=\"A Vasas Akad\u00e9mia U18-as csapata megnyerte a r\u00e1j\u00e1tsz\u00e1s utols\u00f3 m\u00e9rk\u0151z\u00e9s\u00e9t a Csata DSE ellen, Igor Skocovski l\u00e1nyai a negyedik helyen z\u00e1rtak. &#8222;A v\u00e1rtn\u00e1l nehezebben h\u00faztuk be ezt a meccset, b\u00e1r a j\u00e1t\u00e9k k\u00e9pe alapj\u00e1n jobbak voltunk. Az els\u0151 negyedben gondjaink akadtak a befejez\u00e9ssel, \u00e9s a v\u00e9dekez\u00e9s sem volt kell\u0151en hat\u00e9kony, \u00edgy az \u00e1ll\u00e1s d\u00f6ntetlen volt...\" \/>\n<meta property=\"og:url\" content=\"https:\/\/vasasbasket.hu\/index.php\/gyozelemmel-fejeztuk-be-a-rajatszast\/\" \/>\n<meta property=\"og:site_name\" content=\"Vasas n\u0151i kos\u00e1rlabda\" \/>\n<meta property=\"article:publisher\" content=\"https:\/\/www.facebook.com\/vasaswbasket\/\" \/>\n<meta property=\"article:published_time\" content=\"2019-02-21T09:53:04+00:00\" \/>\n<meta property=\"og:image\" content=\"https:\/\/vasasbasket.hu\/wp-content\/uploads\/2018\/09\/Vasas-Akad\u00e9mia-U18.jpg\" \/>\n\t<meta property=\"og:image:width\" content=\"2000\" \/>\n\t<meta property=\"og:image:height\" content=\"1333\" \/>\n\t<meta property=\"og:image:type\" content=\"image\/jpeg\" \/>\n<meta name=\"author\" content=\"admin\" \/>\n<meta name=\"twitter:card\" content=\"summary_large_image\" \/>\n<meta name=\"twitter:label1\" content=\"Szerz\u0151:\" \/>\n\t<meta name=\"twitter:data1\" content=\"admin\" \/>\n\t<meta name=\"twitter:label2\" content=\"Becs\u00fclt olvas\u00e1si id\u0151\" \/>\n\t<meta name=\"twitter:data2\" content=\"2 perc\" \/>\n<script type=\"application\/ld+json\" class=\"yoast-schema-graph\">{\"@context\":\"https:\/\/schema.org\",\"@graph\":[{\"@type\":\"Article\",\"@id\":\"https:\/\/vasasbasket.hu\/index.php\/gyozelemmel-fejeztuk-be-a-rajatszast\/#article\",\"isPartOf\":{\"@id\":\"https:\/\/vasasbasket.hu\/index.php\/gyozelemmel-fejeztuk-be-a-rajatszast\/\"},\"author\":{\"name\":\"admin\",\"@id\":\"https:\/\/vasasbasket.hu\/#\/schema\/person\/f1085f4d2c6582d8d0f977e92de2edee\"},\"headline\":\"Gy\u0151zelemmel fejezt\u00fck be a r\u00e1j\u00e1tsz\u00e1st\",\"datePublished\":\"2019-02-21T09:53:04+00:00\",\"mainEntityOfPage\":{\"@id\":\"https:\/\/vasasbasket.hu\/index.php\/gyozelemmel-fejeztuk-be-a-rajatszast\/\"},\"wordCount\":314,\"publisher\":{\"@id\":\"https:\/\/vasasbasket.hu\/#organization\"},\"image\":{\"@id\":\"https:\/\/vasasbasket.hu\/index.php\/gyozelemmel-fejeztuk-be-a-rajatszast\/#primaryimage\"},\"thumbnailUrl\":\"https:\/\/vasasbasket.hu\/wp-content\/uploads\/2018\/09\/Vasas-Akad\u00e9mia-U18.jpg\",\"articleSection\":[\"Junior\",\"\u00d6sszes H\u00edr\"],\"inLanguage\":\"hu\"},{\"@type\":\"WebPage\",\"@id\":\"https:\/\/vasasbasket.hu\/index.php\/gyozelemmel-fejeztuk-be-a-rajatszast\/\",\"url\":\"https:\/\/vasasbasket.hu\/index.php\/gyozelemmel-fejeztuk-be-a-rajatszast\/\",\"name\":\"Gy\u0151zelemmel fejezt\u00fck be a r\u00e1j\u00e1tsz\u00e1st - Vasas n\u0151i kos\u00e1rlabda\",\"isPartOf\":{\"@id\":\"https:\/\/vasasbasket.hu\/#website\"},\"primaryImageOfPage\":{\"@id\":\"https:\/\/vasasbasket.hu\/index.php\/gyozelemmel-fejeztuk-be-a-rajatszast\/#primaryimage\"},\"image\":{\"@id\":\"https:\/\/vasasbasket.hu\/index.php\/gyozelemmel-fejeztuk-be-a-rajatszast\/#primaryimage\"},\"thumbnailUrl\":\"https:\/\/vasasbasket.hu\/wp-content\/uploads\/2018\/09\/Vasas-Akad\u00e9mia-U18.jpg\",\"datePublished\":\"2019-02-21T09:53:04+00:00\",\"breadcrumb\":{\"@id\":\"https:\/\/vasasbasket.hu\/index.php\/gyozelemmel-fejeztuk-be-a-rajatszast\/#breadcrumb\"},\"inLanguage\":\"hu\",\"potentialAction\":[{\"@type\":\"ReadAction\",\"target\":[\"https:\/\/vasasbasket.hu\/index.php\/gyozelemmel-fejeztuk-be-a-rajatszast\/\"]}]},{\"@type\":\"ImageObject\",\"inLanguage\":\"hu\",\"@id\":\"https:\/\/vasasbasket.hu\/index.php\/gyozelemmel-fejeztuk-be-a-rajatszast\/#primaryimage\",\"url\":\"https:\/\/vasasbasket.hu\/wp-content\/uploads\/2018\/09\/Vasas-Akad\u00e9mia-U18.jpg\",\"contentUrl\":\"https:\/\/vasasbasket.hu\/wp-content\/uploads\/2018\/09\/Vasas-Akad\u00e9mia-U18.jpg\",\"width\":2000,\"height\":1333},{\"@type\":\"BreadcrumbList\",\"@id\":\"https:\/\/vasasbasket.hu\/index.php\/gyozelemmel-fejeztuk-be-a-rajatszast\/#breadcrumb\",\"itemListElement\":[{\"@type\":\"ListItem\",\"position\":1,\"name\":\"Kezd\u0151lap\",\"item\":\"https:\/\/vasasbasket.hu\/\"},{\"@type\":\"ListItem\",\"position\":2,\"name\":\"Gy\u0151zelemmel fejezt\u00fck be a r\u00e1j\u00e1tsz\u00e1st\"}]},{\"@type\":\"WebSite\",\"@id\":\"https:\/\/vasasbasket.hu\/#website\",\"url\":\"https:\/\/vasasbasket.hu\/\",\"name\":\"Vasas n\u0151i kos\u00e1rlabda\",\"description\":\"Vasas Basket N\u0151i\",\"publisher\":{\"@id\":\"https:\/\/vasasbasket.hu\/#organization\"},\"potentialAction\":[{\"@type\":\"SearchAction\",\"target\":{\"@type\":\"EntryPoint\",\"urlTemplate\":\"https:\/\/vasasbasket.hu\/?s={search_term_string}\"},\"query-input\":{\"@type\":\"PropertyValueSpecification\",\"valueRequired\":true,\"valueName\":\"search_term_string\"}}],\"inLanguage\":\"hu\"},{\"@type\":\"Organization\",\"@id\":\"https:\/\/vasasbasket.hu\/#organization\",\"name\":\"Vasas n\u0151i kos\u00e1rlabda\",\"url\":\"https:\/\/vasasbasket.hu\/\",\"logo\":{\"@type\":\"ImageObject\",\"inLanguage\":\"hu\",\"@id\":\"https:\/\/vasasbasket.hu\/#\/schema\/logo\/image\/\",\"url\":\"https:\/\/vasasbasket.hu\/wp-content\/uploads\/2017\/03\/vasas_cimer_1200.jpg\",\"contentUrl\":\"https:\/\/vasasbasket.hu\/wp-content\/uploads\/2017\/03\/vasas_cimer_1200.jpg\",\"width\":1200,\"height\":1200,\"caption\":\"Vasas n\u0151i kos\u00e1rlabda\"},\"image\":{\"@id\":\"https:\/\/vasasbasket.hu\/#\/schema\/logo\/image\/\"},\"sameAs\":[\"https:\/\/www.facebook.com\/vasaswbasket\/\"]},{\"@type\":\"Person\",\"@id\":\"https:\/\/vasasbasket.hu\/#\/schema\/person\/f1085f4d2c6582d8d0f977e92de2edee\",\"name\":\"admin\",\"image\":{\"@type\":\"ImageObject\",\"inLanguage\":\"hu\",\"@id\":\"https:\/\/vasasbasket.hu\/#\/schema\/person\/image\/\",\"url\":\"https:\/\/secure.gravatar.com\/avatar\/645c92f7d9cfe02bd93ce2d1cfa11cd3a268bdfe65486552ff04b193cea07634?s=96&d=mm&r=g\",\"contentUrl\":\"https:\/\/secure.gravatar.com\/avatar\/645c92f7d9cfe02bd93ce2d1cfa11cd3a268bdfe65486552ff04b193cea07634?s=96&d=mm&r=g\",\"caption\":\"admin\"},\"url\":\"https:\/\/vasasbasket.hu\/index.php\/author\/admin\/\"}]}<\/script>\n<!-- \/ Yoast SEO plugin. -->","yoast_head_json":{"title":"Gy\u0151zelemmel fejezt\u00fck be a r\u00e1j\u00e1tsz\u00e1st - Vasas n\u0151i kos\u00e1rlabda","robots":{"index":"index","follow":"follow","max-snippet":"max-snippet:-1","max-image-preview":"max-image-preview:large","max-video-preview":"max-video-preview:-1"},"canonical":"https:\/\/vasasbasket.hu\/index.php\/gyozelemmel-fejeztuk-be-a-rajatszast\/","og_locale":"hu_HU","og_type":"article","og_title":"Gy\u0151zelemmel fejezt\u00fck be a r\u00e1j\u00e1tsz\u00e1st - Vasas n\u0151i kos\u00e1rlabda","og_description":"A Vasas Akad\u00e9mia U18-as csapata megnyerte a r\u00e1j\u00e1tsz\u00e1s utols\u00f3 m\u00e9rk\u0151z\u00e9s\u00e9t a Csata DSE ellen, Igor Skocovski l\u00e1nyai a negyedik helyen z\u00e1rtak. &#8222;A v\u00e1rtn\u00e1l nehezebben h\u00faztuk be ezt a meccset, b\u00e1r a j\u00e1t\u00e9k k\u00e9pe alapj\u00e1n jobbak voltunk. Az els\u0151 negyedben gondjaink akadtak a befejez\u00e9ssel, \u00e9s a v\u00e9dekez\u00e9s sem volt kell\u0151en hat\u00e9kony, \u00edgy az \u00e1ll\u00e1s d\u00f6ntetlen volt...","og_url":"https:\/\/vasasbasket.hu\/index.php\/gyozelemmel-fejeztuk-be-a-rajatszast\/","og_site_name":"Vasas n\u0151i kos\u00e1rlabda","article_publisher":"https:\/\/www.facebook.com\/vasaswbasket\/","article_published_time":"2019-02-21T09:53:04+00:00","og_image":[{"width":2000,"height":1333,"url":"https:\/\/vasasbasket.hu\/wp-content\/uploads\/2018\/09\/Vasas-Akad\u00e9mia-U18.jpg","type":"image\/jpeg"}],"author":"admin","twitter_card":"summary_large_image","twitter_misc":{"Szerz\u0151:":"admin","Becs\u00fclt olvas\u00e1si id\u0151":"2 perc"},"schema":{"@context":"https:\/\/schema.org","@graph":[{"@type":"Article","@id":"https:\/\/vasasbasket.hu\/index.php\/gyozelemmel-fejeztuk-be-a-rajatszast\/#article","isPartOf":{"@id":"https:\/\/vasasbasket.hu\/index.php\/gyozelemmel-fejeztuk-be-a-rajatszast\/"},"author":{"name":"admin","@id":"https:\/\/vasasbasket.hu\/#\/schema\/person\/f1085f4d2c6582d8d0f977e92de2edee"},"headline":"Gy\u0151zelemmel fejezt\u00fck be a r\u00e1j\u00e1tsz\u00e1st","datePublished":"2019-02-21T09:53:04+00:00","mainEntityOfPage":{"@id":"https:\/\/vasasbasket.hu\/index.php\/gyozelemmel-fejeztuk-be-a-rajatszast\/"},"wordCount":314,"publisher":{"@id":"https:\/\/vasasbasket.hu\/#organization"},"image":{"@id":"https:\/\/vasasbasket.hu\/index.php\/gyozelemmel-fejeztuk-be-a-rajatszast\/#primaryimage"},"thumbnailUrl":"https:\/\/vasasbasket.hu\/wp-content\/uploads\/2018\/09\/Vasas-Akad\u00e9mia-U18.jpg","articleSection":["Junior","\u00d6sszes H\u00edr"],"inLanguage":"hu"},{"@type":"WebPage","@id":"https:\/\/vasasbasket.hu\/index.php\/gyozelemmel-fejeztuk-be-a-rajatszast\/","url":"https:\/\/vasasbasket.hu\/index.php\/gyozelemmel-fejeztuk-be-a-rajatszast\/","name":"Gy\u0151zelemmel fejezt\u00fck be a r\u00e1j\u00e1tsz\u00e1st - Vasas n\u0151i kos\u00e1rlabda","isPartOf":{"@id":"https:\/\/vasasbasket.hu\/#website"},"primaryImageOfPage":{"@id":"https:\/\/vasasbasket.hu\/index.php\/gyozelemmel-fejeztuk-be-a-rajatszast\/#primaryimage"},"image":{"@id":"https:\/\/vasasbasket.hu\/index.php\/gyozelemmel-fejeztuk-be-a-rajatszast\/#primaryimage"},"thumbnailUrl":"https:\/\/vasasbasket.hu\/wp-content\/uploads\/2018\/09\/Vasas-Akad\u00e9mia-U18.jpg","datePublished":"2019-02-21T09:53:04+00:00","breadcrumb":{"@id":"https:\/\/vasasbasket.hu\/index.php\/gyozelemmel-fejeztuk-be-a-rajatszast\/#breadcrumb"},"inLanguage":"hu","potentialAction":[{"@type":"ReadAction","target":["https:\/\/vasasbasket.hu\/index.php\/gyozelemmel-fejeztuk-be-a-rajatszast\/"]}]},{"@type":"ImageObject","inLanguage":"hu","@id":"https:\/\/vasasbasket.hu\/index.php\/gyozelemmel-fejeztuk-be-a-rajatszast\/#primaryimage","url":"https:\/\/vasasbasket.hu\/wp-content\/uploads\/2018\/09\/Vasas-Akad\u00e9mia-U18.jpg","contentUrl":"https:\/\/vasasbasket.hu\/wp-content\/uploads\/2018\/09\/Vasas-Akad\u00e9mia-U18.jpg","width":2000,"height":1333},{"@type":"BreadcrumbList","@id":"https:\/\/vasasbasket.hu\/index.php\/gyozelemmel-fejeztuk-be-a-rajatszast\/#breadcrumb","itemListElement":[{"@type":"ListItem","position":1,"name":"Kezd\u0151lap","item":"https:\/\/vasasbasket.hu\/"},{"@type":"ListItem","position":2,"name":"Gy\u0151zelemmel fejezt\u00fck be a r\u00e1j\u00e1tsz\u00e1st"}]},{"@type":"WebSite","@id":"https:\/\/vasasbasket.hu\/#website","url":"https:\/\/vasasbasket.hu\/","name":"Vasas n\u0151i kos\u00e1rlabda","description":"Vasas Basket N\u0151i","publisher":{"@id":"https:\/\/vasasbasket.hu\/#organization"},"potentialAction":[{"@type":"SearchAction","target":{"@type":"EntryPoint","urlTemplate":"https:\/\/vasasbasket.hu\/?s={search_term_string}"},"query-input":{"@type":"PropertyValueSpecification","valueRequired":true,"valueName":"search_term_string"}}],"inLanguage":"hu"},{"@type":"Organization","@id":"https:\/\/vasasbasket.hu\/#organization","name":"Vasas n\u0151i kos\u00e1rlabda","url":"https:\/\/vasasbasket.hu\/","logo":{"@type":"ImageObject","inLanguage":"hu","@id":"https:\/\/vasasbasket.hu\/#\/schema\/logo\/image\/","url":"https:\/\/vasasbasket.hu\/wp-content\/uploads\/2017\/03\/vasas_cimer_1200.jpg","contentUrl":"https:\/\/vasasbasket.hu\/wp-content\/uploads\/2017\/03\/vasas_cimer_1200.jpg","width":1200,"height":1200,"caption":"Vasas n\u0151i kos\u00e1rlabda"},"image":{"@id":"https:\/\/vasasbasket.hu\/#\/schema\/logo\/image\/"},"sameAs":["https:\/\/www.facebook.com\/vasaswbasket\/"]},{"@type":"Person","@id":"https:\/\/vasasbasket.hu\/#\/schema\/person\/f1085f4d2c6582d8d0f977e92de2edee","name":"admin","image":{"@type":"ImageObject","inLanguage":"hu","@id":"https:\/\/vasasbasket.hu\/#\/schema\/person\/image\/","url":"https:\/\/secure.gravatar.com\/avatar\/645c92f7d9cfe02bd93ce2d1cfa11cd3a268bdfe65486552ff04b193cea07634?s=96&d=mm&r=g","contentUrl":"https:\/\/secure.gravatar.com\/avatar\/645c92f7d9cfe02bd93ce2d1cfa11cd3a268bdfe65486552ff04b193cea07634?s=96&d=mm&r=g","caption":"admin"},"url":"https:\/\/vasasbasket.hu\/index.php\/author\/admin\/"}]}},"_links":{"self":[{"href":"https:\/\/vasasbasket.hu\/index.php\/wp-json\/wp\/v2\/posts\/5279","targetHints":{"allow":["GET"]}}],"collection":[{"href":"https:\/\/vasasbasket.hu\/index.php\/wp-json\/wp\/v2\/posts"}],"about":[{"href":"https:\/\/vasasbasket.hu\/index.php\/wp-json\/wp\/v2\/types\/post"}],"author":[{"embeddable":true,"href":"https:\/\/vasasbasket.hu\/index.php\/wp-json\/wp\/v2\/users\/1"}],"replies":[{"embeddable":true,"href":"https:\/\/vasasbasket.hu\/index.php\/wp-json\/wp\/v2\/comments?post=5279"}],"version-history":[{"count":1,"href":"https:\/\/vasasbasket.hu\/index.php\/wp-json\/wp\/v2\/posts\/5279\/revisions"}],"predecessor-version":[{"id":5280,"href":"https:\/\/vasasbasket.hu\/index.php\/wp-json\/wp\/v2\/posts\/5279\/revisions\/5280"}],"wp:featuredmedia":[{"embeddable":true,"href":"https:\/\/vasasbasket.hu\/index.php\/wp-json\/wp\/v2\/media\/4283"}],"wp:attachment":[{"href":"https:\/\/vasasbasket.hu\/index.php\/wp-json\/wp\/v2\/media?parent=5279"}],"wp:term":[{"taxonomy":"category","embeddable":true,"href":"https:\/\/vasasbasket.hu\/index.php\/wp-json\/wp\/v2\/categories?post=5279"},{"taxonomy":"post_tag","embeddable":true,"href":"https:\/\/vasasbasket.hu\/index.php\/wp-json\/wp\/v2\/tags?post=5279"}],"curies":[{"name":"wp","href":"https:\/\/api.w.org\/{rel}","templated":true}]}}