{"id":5207,"date":"2019-02-18T09:59:01","date_gmt":"2019-02-18T09:59:01","guid":{"rendered":"http:\/\/vasasbasket.hu\/?p=5207"},"modified":"2019-02-18T09:59:01","modified_gmt":"2019-02-18T09:59:01","slug":"zsinorban-harmadik-gyozelmet-aratta-u18-as-csapatunk","status":"publish","type":"post","link":"https:\/\/vasasbasket.hu\/index.php\/zsinorban-harmadik-gyozelmet-aratta-u18-as-csapatunk\/","title":{"rendered":"Zsin\u00f3rban harmadik gy\u0151zelm\u00e9t aratta U18-as csapatunk"},"content":{"rendered":"<p><strong>A gy\u0151ri veres\u00e9get k\u00f6vet\u0151en magabiztosan nyertek juniorjaink a pasar\u00e9ti visszav\u00e1g\u00f3n.<\/strong><\/p>\n<p><em>&#8222;Az els\u0151 negyedben remek\u00fcl j\u00e1tszottunk t\u00e1mad\u00e1sban \u00e9s v\u00e9dekez\u00e9sben is, melynek k\u00f6sz\u00f6nhet\u0151en kor\u00e1n magabiztos el\u0151nyre tett\u00fcnk szert, melynek k\u00f6sz\u00f6nhet\u0151en fokozatosan tudtuk b\u0151v\u00edteni a rot\u00e1ci\u00f3t. V\u00e9dekez\u00e9s\u00fcnk legyeng\u00fclt a m\u00e1sodik negyedre, \u00edgy ellenfel\u00fcnk h\u00fasz pontot dobott ebben a j\u00e1t\u00e9kr\u00e9szben. A m\u00e1sodik f\u00e9lid\u0151ben t\u00f6bbet cser\u00e9lt\u00fcnk \u00e9s k\u00fcl\u00f6nb\u00f6z\u0151 szitu\u00e1ci\u00f3kat pr\u00f3b\u00e1ltunk gyakorolni. El\u00e9gedettek lehet\u00fcnk az eredm\u00e9nnyel, gratul\u00e1lok a l\u00e1nyoknak. Varga Al\u00edz (23 IBM, 15 pont, 7 lepattan\u00f3, 3 blokk), Bud\u00e1csik Dorottya (30 IBM, 16 pont,13 lepattan\u00f3) \u00e9s Mudra Viola (13 IBM, 12 pont, 3 lepattan\u00f3) \u00e9rdemel k\u00fcl\u00f6n dics\u00e9retet&#8221;<\/em> &#8211; mondta a csapat edz\u0151je, Igor Skocovski.<\/p>\n<p><strong>Vasas Akad\u00e9mia &#8211;<\/strong> Sz\u00e9chenyi KA <strong>68-54<\/strong> (24-8, 15-20, 13-10, 16-16)<br \/>\n<em>Pontszerz\u0151k:<\/em><br \/>\n<strong>Vasas Akad\u00e9mia:\u00a0<\/strong>Bud\u00e1csik D. 16, V\u00edgh B., D\u00fal T. 5, Mudra V. 12, Smailbegovic N. 7, Boros B. 6, Kuncz P., Varga A. 15, Szerencs\u00e9s T. 4, T\u00f3th F., Sitku Zs. 3, Eszt\u00e1ri T.,<br \/>\nSz\u00e9chenyi KA : Geleta F. 7, Tak\u00e1cs H. 5, Rozm\u00e1n L. 2, Suga L., Teringer L. 4, Szirony D. 11, Keita J. 8, B\u00e1nszegi B. 5, R\u00e1cz K., Ferenczi K. 13<\/p>\n","protected":false},"excerpt":{"rendered":"<p>A gy\u0151ri veres\u00e9get k\u00f6vet\u0151en magabiztosan nyertek juniorjaink a pasar\u00e9ti visszav\u00e1g\u00f3n. &#8222;Az els\u0151 negyedben remek\u00fcl j\u00e1tszottunk t\u00e1mad\u00e1sban \u00e9s v\u00e9dekez\u00e9sben is, melynek k\u00f6sz\u00f6nhet\u0151en kor\u00e1n magabiztos el\u0151nyre tett\u00fcnk szert, melynek k\u00f6sz\u00f6nhet\u0151en fokozatosan tudtuk b\u0151v\u00edteni a rot\u00e1ci\u00f3t. V\u00e9dekez\u00e9s\u00fcnk legyeng\u00fclt a m\u00e1sodik negyedre, \u00edgy ellenfel\u00fcnk h\u00fasz pontot dobott ebben a j\u00e1t\u00e9kr\u00e9szben. A m\u00e1sodik f\u00e9lid\u0151ben t\u00f6bbet cser\u00e9lt\u00fcnk \u00e9s k\u00fcl\u00f6nb\u00f6z\u0151 szitu\u00e1ci\u00f3kat pr\u00f3b\u00e1ltunk&#8230;<\/p>\n","protected":false},"author":1,"featured_media":4283,"comment_status":"closed","ping_status":"open","sticky":false,"template":"","format":"standard","meta":{"footnotes":""},"categories":[50,92],"tags":[],"class_list":["post-5207","post","type-post","status-publish","format-standard","has-post-thumbnail","hentry","category-junior","category-hirek"],"yoast_head":"<!-- This site is optimized with the Yoast SEO plugin v26.0 - https:\/\/yoast.com\/wordpress\/plugins\/seo\/ -->\n<title>Zsin\u00f3rban harmadik gy\u0151zelm\u00e9t aratta U18-as csapatunk - Vasas n\u0151i kos\u00e1rlabda<\/title>\n<meta name=\"robots\" content=\"index, follow, max-snippet:-1, max-image-preview:large, max-video-preview:-1\" \/>\n<link rel=\"canonical\" href=\"https:\/\/vasasbasket.hu\/index.php\/zsinorban-harmadik-gyozelmet-aratta-u18-as-csapatunk\/\" \/>\n<meta property=\"og:locale\" content=\"hu_HU\" \/>\n<meta property=\"og:type\" content=\"article\" \/>\n<meta property=\"og:title\" content=\"Zsin\u00f3rban harmadik gy\u0151zelm\u00e9t aratta U18-as csapatunk - Vasas n\u0151i kos\u00e1rlabda\" \/>\n<meta property=\"og:description\" content=\"A gy\u0151ri veres\u00e9get k\u00f6vet\u0151en magabiztosan nyertek juniorjaink a pasar\u00e9ti visszav\u00e1g\u00f3n. &#8222;Az els\u0151 negyedben remek\u00fcl j\u00e1tszottunk t\u00e1mad\u00e1sban \u00e9s v\u00e9dekez\u00e9sben is, melynek k\u00f6sz\u00f6nhet\u0151en kor\u00e1n magabiztos el\u0151nyre tett\u00fcnk szert, melynek k\u00f6sz\u00f6nhet\u0151en fokozatosan tudtuk b\u0151v\u00edteni a rot\u00e1ci\u00f3t. V\u00e9dekez\u00e9s\u00fcnk legyeng\u00fclt a m\u00e1sodik negyedre, \u00edgy ellenfel\u00fcnk h\u00fasz pontot dobott ebben a j\u00e1t\u00e9kr\u00e9szben. A m\u00e1sodik f\u00e9lid\u0151ben t\u00f6bbet cser\u00e9lt\u00fcnk \u00e9s k\u00fcl\u00f6nb\u00f6z\u0151 szitu\u00e1ci\u00f3kat pr\u00f3b\u00e1ltunk...\" \/>\n<meta property=\"og:url\" content=\"https:\/\/vasasbasket.hu\/index.php\/zsinorban-harmadik-gyozelmet-aratta-u18-as-csapatunk\/\" \/>\n<meta property=\"og:site_name\" content=\"Vasas n\u0151i kos\u00e1rlabda\" \/>\n<meta property=\"article:publisher\" content=\"https:\/\/www.facebook.com\/vasaswbasket\/\" \/>\n<meta property=\"article:published_time\" content=\"2019-02-18T09:59:01+00:00\" \/>\n<meta property=\"og:image\" content=\"https:\/\/vasasbasket.hu\/wp-content\/uploads\/2018\/09\/Vasas-Akad\u00e9mia-U18.jpg\" \/>\n\t<meta property=\"og:image:width\" content=\"2000\" \/>\n\t<meta property=\"og:image:height\" content=\"1333\" \/>\n\t<meta property=\"og:image:type\" content=\"image\/jpeg\" \/>\n<meta name=\"author\" content=\"admin\" \/>\n<meta name=\"twitter:card\" content=\"summary_large_image\" \/>\n<meta name=\"twitter:label1\" content=\"Szerz\u0151:\" \/>\n\t<meta name=\"twitter:data1\" content=\"admin\" \/>\n\t<meta name=\"twitter:label2\" content=\"Becs\u00fclt olvas\u00e1si id\u0151\" \/>\n\t<meta name=\"twitter:data2\" content=\"1 perc\" \/>\n<script type=\"application\/ld+json\" class=\"yoast-schema-graph\">{\"@context\":\"https:\/\/schema.org\",\"@graph\":[{\"@type\":\"Article\",\"@id\":\"https:\/\/vasasbasket.hu\/index.php\/zsinorban-harmadik-gyozelmet-aratta-u18-as-csapatunk\/#article\",\"isPartOf\":{\"@id\":\"https:\/\/vasasbasket.hu\/index.php\/zsinorban-harmadik-gyozelmet-aratta-u18-as-csapatunk\/\"},\"author\":{\"name\":\"admin\",\"@id\":\"https:\/\/vasasbasket.hu\/#\/schema\/person\/f1085f4d2c6582d8d0f977e92de2edee\"},\"headline\":\"Zsin\u00f3rban harmadik gy\u0151zelm\u00e9t aratta U18-as csapatunk\",\"datePublished\":\"2019-02-18T09:59:01+00:00\",\"mainEntityOfPage\":{\"@id\":\"https:\/\/vasasbasket.hu\/index.php\/zsinorban-harmadik-gyozelmet-aratta-u18-as-csapatunk\/\"},\"wordCount\":234,\"publisher\":{\"@id\":\"https:\/\/vasasbasket.hu\/#organization\"},\"image\":{\"@id\":\"https:\/\/vasasbasket.hu\/index.php\/zsinorban-harmadik-gyozelmet-aratta-u18-as-csapatunk\/#primaryimage\"},\"thumbnailUrl\":\"https:\/\/vasasbasket.hu\/wp-content\/uploads\/2018\/09\/Vasas-Akad\u00e9mia-U18.jpg\",\"articleSection\":[\"Junior\",\"\u00d6sszes H\u00edr\"],\"inLanguage\":\"hu\"},{\"@type\":\"WebPage\",\"@id\":\"https:\/\/vasasbasket.hu\/index.php\/zsinorban-harmadik-gyozelmet-aratta-u18-as-csapatunk\/\",\"url\":\"https:\/\/vasasbasket.hu\/index.php\/zsinorban-harmadik-gyozelmet-aratta-u18-as-csapatunk\/\",\"name\":\"Zsin\u00f3rban harmadik gy\u0151zelm\u00e9t aratta U18-as csapatunk - Vasas n\u0151i kos\u00e1rlabda\",\"isPartOf\":{\"@id\":\"https:\/\/vasasbasket.hu\/#website\"},\"primaryImageOfPage\":{\"@id\":\"https:\/\/vasasbasket.hu\/index.php\/zsinorban-harmadik-gyozelmet-aratta-u18-as-csapatunk\/#primaryimage\"},\"image\":{\"@id\":\"https:\/\/vasasbasket.hu\/index.php\/zsinorban-harmadik-gyozelmet-aratta-u18-as-csapatunk\/#primaryimage\"},\"thumbnailUrl\":\"https:\/\/vasasbasket.hu\/wp-content\/uploads\/2018\/09\/Vasas-Akad\u00e9mia-U18.jpg\",\"datePublished\":\"2019-02-18T09:59:01+00:00\",\"breadcrumb\":{\"@id\":\"https:\/\/vasasbasket.hu\/index.php\/zsinorban-harmadik-gyozelmet-aratta-u18-as-csapatunk\/#breadcrumb\"},\"inLanguage\":\"hu\",\"potentialAction\":[{\"@type\":\"ReadAction\",\"target\":[\"https:\/\/vasasbasket.hu\/index.php\/zsinorban-harmadik-gyozelmet-aratta-u18-as-csapatunk\/\"]}]},{\"@type\":\"ImageObject\",\"inLanguage\":\"hu\",\"@id\":\"https:\/\/vasasbasket.hu\/index.php\/zsinorban-harmadik-gyozelmet-aratta-u18-as-csapatunk\/#primaryimage\",\"url\":\"https:\/\/vasasbasket.hu\/wp-content\/uploads\/2018\/09\/Vasas-Akad\u00e9mia-U18.jpg\",\"contentUrl\":\"https:\/\/vasasbasket.hu\/wp-content\/uploads\/2018\/09\/Vasas-Akad\u00e9mia-U18.jpg\",\"width\":2000,\"height\":1333},{\"@type\":\"BreadcrumbList\",\"@id\":\"https:\/\/vasasbasket.hu\/index.php\/zsinorban-harmadik-gyozelmet-aratta-u18-as-csapatunk\/#breadcrumb\",\"itemListElement\":[{\"@type\":\"ListItem\",\"position\":1,\"name\":\"Kezd\u0151lap\",\"item\":\"https:\/\/vasasbasket.hu\/\"},{\"@type\":\"ListItem\",\"position\":2,\"name\":\"Zsin\u00f3rban harmadik gy\u0151zelm\u00e9t aratta U18-as csapatunk\"}]},{\"@type\":\"WebSite\",\"@id\":\"https:\/\/vasasbasket.hu\/#website\",\"url\":\"https:\/\/vasasbasket.hu\/\",\"name\":\"Vasas n\u0151i kos\u00e1rlabda\",\"description\":\"Vasas Basket N\u0151i\",\"publisher\":{\"@id\":\"https:\/\/vasasbasket.hu\/#organization\"},\"potentialAction\":[{\"@type\":\"SearchAction\",\"target\":{\"@type\":\"EntryPoint\",\"urlTemplate\":\"https:\/\/vasasbasket.hu\/?s={search_term_string}\"},\"query-input\":{\"@type\":\"PropertyValueSpecification\",\"valueRequired\":true,\"valueName\":\"search_term_string\"}}],\"inLanguage\":\"hu\"},{\"@type\":\"Organization\",\"@id\":\"https:\/\/vasasbasket.hu\/#organization\",\"name\":\"Vasas n\u0151i kos\u00e1rlabda\",\"url\":\"https:\/\/vasasbasket.hu\/\",\"logo\":{\"@type\":\"ImageObject\",\"inLanguage\":\"hu\",\"@id\":\"https:\/\/vasasbasket.hu\/#\/schema\/logo\/image\/\",\"url\":\"https:\/\/vasasbasket.hu\/wp-content\/uploads\/2017\/03\/vasas_cimer_1200.jpg\",\"contentUrl\":\"https:\/\/vasasbasket.hu\/wp-content\/uploads\/2017\/03\/vasas_cimer_1200.jpg\",\"width\":1200,\"height\":1200,\"caption\":\"Vasas n\u0151i kos\u00e1rlabda\"},\"image\":{\"@id\":\"https:\/\/vasasbasket.hu\/#\/schema\/logo\/image\/\"},\"sameAs\":[\"https:\/\/www.facebook.com\/vasaswbasket\/\"]},{\"@type\":\"Person\",\"@id\":\"https:\/\/vasasbasket.hu\/#\/schema\/person\/f1085f4d2c6582d8d0f977e92de2edee\",\"name\":\"admin\",\"image\":{\"@type\":\"ImageObject\",\"inLanguage\":\"hu\",\"@id\":\"https:\/\/vasasbasket.hu\/#\/schema\/person\/image\/\",\"url\":\"https:\/\/secure.gravatar.com\/avatar\/645c92f7d9cfe02bd93ce2d1cfa11cd3a268bdfe65486552ff04b193cea07634?s=96&d=mm&r=g\",\"contentUrl\":\"https:\/\/secure.gravatar.com\/avatar\/645c92f7d9cfe02bd93ce2d1cfa11cd3a268bdfe65486552ff04b193cea07634?s=96&d=mm&r=g\",\"caption\":\"admin\"},\"url\":\"https:\/\/vasasbasket.hu\/index.php\/author\/admin\/\"}]}<\/script>\n<!-- \/ Yoast SEO plugin. -->","yoast_head_json":{"title":"Zsin\u00f3rban harmadik gy\u0151zelm\u00e9t aratta U18-as csapatunk - Vasas n\u0151i kos\u00e1rlabda","robots":{"index":"index","follow":"follow","max-snippet":"max-snippet:-1","max-image-preview":"max-image-preview:large","max-video-preview":"max-video-preview:-1"},"canonical":"https:\/\/vasasbasket.hu\/index.php\/zsinorban-harmadik-gyozelmet-aratta-u18-as-csapatunk\/","og_locale":"hu_HU","og_type":"article","og_title":"Zsin\u00f3rban harmadik gy\u0151zelm\u00e9t aratta U18-as csapatunk - Vasas n\u0151i kos\u00e1rlabda","og_description":"A gy\u0151ri veres\u00e9get k\u00f6vet\u0151en magabiztosan nyertek juniorjaink a pasar\u00e9ti visszav\u00e1g\u00f3n. &#8222;Az els\u0151 negyedben remek\u00fcl j\u00e1tszottunk t\u00e1mad\u00e1sban \u00e9s v\u00e9dekez\u00e9sben is, melynek k\u00f6sz\u00f6nhet\u0151en kor\u00e1n magabiztos el\u0151nyre tett\u00fcnk szert, melynek k\u00f6sz\u00f6nhet\u0151en fokozatosan tudtuk b\u0151v\u00edteni a rot\u00e1ci\u00f3t. V\u00e9dekez\u00e9s\u00fcnk legyeng\u00fclt a m\u00e1sodik negyedre, \u00edgy ellenfel\u00fcnk h\u00fasz pontot dobott ebben a j\u00e1t\u00e9kr\u00e9szben. A m\u00e1sodik f\u00e9lid\u0151ben t\u00f6bbet cser\u00e9lt\u00fcnk \u00e9s k\u00fcl\u00f6nb\u00f6z\u0151 szitu\u00e1ci\u00f3kat pr\u00f3b\u00e1ltunk...","og_url":"https:\/\/vasasbasket.hu\/index.php\/zsinorban-harmadik-gyozelmet-aratta-u18-as-csapatunk\/","og_site_name":"Vasas n\u0151i kos\u00e1rlabda","article_publisher":"https:\/\/www.facebook.com\/vasaswbasket\/","article_published_time":"2019-02-18T09:59:01+00:00","og_image":[{"width":2000,"height":1333,"url":"https:\/\/vasasbasket.hu\/wp-content\/uploads\/2018\/09\/Vasas-Akad\u00e9mia-U18.jpg","type":"image\/jpeg"}],"author":"admin","twitter_card":"summary_large_image","twitter_misc":{"Szerz\u0151:":"admin","Becs\u00fclt olvas\u00e1si id\u0151":"1 perc"},"schema":{"@context":"https:\/\/schema.org","@graph":[{"@type":"Article","@id":"https:\/\/vasasbasket.hu\/index.php\/zsinorban-harmadik-gyozelmet-aratta-u18-as-csapatunk\/#article","isPartOf":{"@id":"https:\/\/vasasbasket.hu\/index.php\/zsinorban-harmadik-gyozelmet-aratta-u18-as-csapatunk\/"},"author":{"name":"admin","@id":"https:\/\/vasasbasket.hu\/#\/schema\/person\/f1085f4d2c6582d8d0f977e92de2edee"},"headline":"Zsin\u00f3rban harmadik gy\u0151zelm\u00e9t aratta U18-as csapatunk","datePublished":"2019-02-18T09:59:01+00:00","mainEntityOfPage":{"@id":"https:\/\/vasasbasket.hu\/index.php\/zsinorban-harmadik-gyozelmet-aratta-u18-as-csapatunk\/"},"wordCount":234,"publisher":{"@id":"https:\/\/vasasbasket.hu\/#organization"},"image":{"@id":"https:\/\/vasasbasket.hu\/index.php\/zsinorban-harmadik-gyozelmet-aratta-u18-as-csapatunk\/#primaryimage"},"thumbnailUrl":"https:\/\/vasasbasket.hu\/wp-content\/uploads\/2018\/09\/Vasas-Akad\u00e9mia-U18.jpg","articleSection":["Junior","\u00d6sszes H\u00edr"],"inLanguage":"hu"},{"@type":"WebPage","@id":"https:\/\/vasasbasket.hu\/index.php\/zsinorban-harmadik-gyozelmet-aratta-u18-as-csapatunk\/","url":"https:\/\/vasasbasket.hu\/index.php\/zsinorban-harmadik-gyozelmet-aratta-u18-as-csapatunk\/","name":"Zsin\u00f3rban harmadik gy\u0151zelm\u00e9t aratta U18-as csapatunk - Vasas n\u0151i kos\u00e1rlabda","isPartOf":{"@id":"https:\/\/vasasbasket.hu\/#website"},"primaryImageOfPage":{"@id":"https:\/\/vasasbasket.hu\/index.php\/zsinorban-harmadik-gyozelmet-aratta-u18-as-csapatunk\/#primaryimage"},"image":{"@id":"https:\/\/vasasbasket.hu\/index.php\/zsinorban-harmadik-gyozelmet-aratta-u18-as-csapatunk\/#primaryimage"},"thumbnailUrl":"https:\/\/vasasbasket.hu\/wp-content\/uploads\/2018\/09\/Vasas-Akad\u00e9mia-U18.jpg","datePublished":"2019-02-18T09:59:01+00:00","breadcrumb":{"@id":"https:\/\/vasasbasket.hu\/index.php\/zsinorban-harmadik-gyozelmet-aratta-u18-as-csapatunk\/#breadcrumb"},"inLanguage":"hu","potentialAction":[{"@type":"ReadAction","target":["https:\/\/vasasbasket.hu\/index.php\/zsinorban-harmadik-gyozelmet-aratta-u18-as-csapatunk\/"]}]},{"@type":"ImageObject","inLanguage":"hu","@id":"https:\/\/vasasbasket.hu\/index.php\/zsinorban-harmadik-gyozelmet-aratta-u18-as-csapatunk\/#primaryimage","url":"https:\/\/vasasbasket.hu\/wp-content\/uploads\/2018\/09\/Vasas-Akad\u00e9mia-U18.jpg","contentUrl":"https:\/\/vasasbasket.hu\/wp-content\/uploads\/2018\/09\/Vasas-Akad\u00e9mia-U18.jpg","width":2000,"height":1333},{"@type":"BreadcrumbList","@id":"https:\/\/vasasbasket.hu\/index.php\/zsinorban-harmadik-gyozelmet-aratta-u18-as-csapatunk\/#breadcrumb","itemListElement":[{"@type":"ListItem","position":1,"name":"Kezd\u0151lap","item":"https:\/\/vasasbasket.hu\/"},{"@type":"ListItem","position":2,"name":"Zsin\u00f3rban harmadik gy\u0151zelm\u00e9t aratta U18-as csapatunk"}]},{"@type":"WebSite","@id":"https:\/\/vasasbasket.hu\/#website","url":"https:\/\/vasasbasket.hu\/","name":"Vasas n\u0151i kos\u00e1rlabda","description":"Vasas Basket N\u0151i","publisher":{"@id":"https:\/\/vasasbasket.hu\/#organization"},"potentialAction":[{"@type":"SearchAction","target":{"@type":"EntryPoint","urlTemplate":"https:\/\/vasasbasket.hu\/?s={search_term_string}"},"query-input":{"@type":"PropertyValueSpecification","valueRequired":true,"valueName":"search_term_string"}}],"inLanguage":"hu"},{"@type":"Organization","@id":"https:\/\/vasasbasket.hu\/#organization","name":"Vasas n\u0151i kos\u00e1rlabda","url":"https:\/\/vasasbasket.hu\/","logo":{"@type":"ImageObject","inLanguage":"hu","@id":"https:\/\/vasasbasket.hu\/#\/schema\/logo\/image\/","url":"https:\/\/vasasbasket.hu\/wp-content\/uploads\/2017\/03\/vasas_cimer_1200.jpg","contentUrl":"https:\/\/vasasbasket.hu\/wp-content\/uploads\/2017\/03\/vasas_cimer_1200.jpg","width":1200,"height":1200,"caption":"Vasas n\u0151i kos\u00e1rlabda"},"image":{"@id":"https:\/\/vasasbasket.hu\/#\/schema\/logo\/image\/"},"sameAs":["https:\/\/www.facebook.com\/vasaswbasket\/"]},{"@type":"Person","@id":"https:\/\/vasasbasket.hu\/#\/schema\/person\/f1085f4d2c6582d8d0f977e92de2edee","name":"admin","image":{"@type":"ImageObject","inLanguage":"hu","@id":"https:\/\/vasasbasket.hu\/#\/schema\/person\/image\/","url":"https:\/\/secure.gravatar.com\/avatar\/645c92f7d9cfe02bd93ce2d1cfa11cd3a268bdfe65486552ff04b193cea07634?s=96&d=mm&r=g","contentUrl":"https:\/\/secure.gravatar.com\/avatar\/645c92f7d9cfe02bd93ce2d1cfa11cd3a268bdfe65486552ff04b193cea07634?s=96&d=mm&r=g","caption":"admin"},"url":"https:\/\/vasasbasket.hu\/index.php\/author\/admin\/"}]}},"_links":{"self":[{"href":"https:\/\/vasasbasket.hu\/index.php\/wp-json\/wp\/v2\/posts\/5207","targetHints":{"allow":["GET"]}}],"collection":[{"href":"https:\/\/vasasbasket.hu\/index.php\/wp-json\/wp\/v2\/posts"}],"about":[{"href":"https:\/\/vasasbasket.hu\/index.php\/wp-json\/wp\/v2\/types\/post"}],"author":[{"embeddable":true,"href":"https:\/\/vasasbasket.hu\/index.php\/wp-json\/wp\/v2\/users\/1"}],"replies":[{"embeddable":true,"href":"https:\/\/vasasbasket.hu\/index.php\/wp-json\/wp\/v2\/comments?post=5207"}],"version-history":[{"count":1,"href":"https:\/\/vasasbasket.hu\/index.php\/wp-json\/wp\/v2\/posts\/5207\/revisions"}],"predecessor-version":[{"id":5208,"href":"https:\/\/vasasbasket.hu\/index.php\/wp-json\/wp\/v2\/posts\/5207\/revisions\/5208"}],"wp:featuredmedia":[{"embeddable":true,"href":"https:\/\/vasasbasket.hu\/index.php\/wp-json\/wp\/v2\/media\/4283"}],"wp:attachment":[{"href":"https:\/\/vasasbasket.hu\/index.php\/wp-json\/wp\/v2\/media?parent=5207"}],"wp:term":[{"taxonomy":"category","embeddable":true,"href":"https:\/\/vasasbasket.hu\/index.php\/wp-json\/wp\/v2\/categories?post=5207"},{"taxonomy":"post_tag","embeddable":true,"href":"https:\/\/vasasbasket.hu\/index.php\/wp-json\/wp\/v2\/tags?post=5207"}],"curies":[{"name":"wp","href":"https:\/\/api.w.org\/{rel}","templated":true}]}}