{"id":5125,"date":"2019-02-02T20:06:21","date_gmt":"2019-02-02T20:06:21","guid":{"rendered":"http:\/\/vasasbasket.hu\/?p=5125"},"modified":"2019-02-02T20:06:21","modified_gmt":"2019-02-02T20:06:21","slug":"magabiztos-peac-gyozelem-pasareten","status":"publish","type":"post","link":"https:\/\/vasasbasket.hu\/index.php\/magabiztos-peac-gyozelem-pasareten\/","title":{"rendered":"Magabiztos PEAC gy\u0151zelem Pasar\u00e9ten"},"content":{"rendered":"<p><strong>Egy rossz kezd\u00e9st k\u00f6vet\u0151en a PEAC el\u0151nye tudat\u00e1ban k\u00e9zben tartotta a m\u00e9rk\u0151z\u00e9st. B\u00e1r fiatal csapatunk r\u00e9sz\u00e9r\u0151l voltak fell\u00e1ngol\u00e1sok, az \u00e1tt\u00f6r\u00e9st sajnos nem siker\u00fclt el\u00e9rn\u00fcnk ma este, \u00e9s 62-83-as veres\u00e9get szenvedt\u00fcnk.<\/strong><\/p>\n<p>Egy hazai szab\u00e1lytalans\u00e1got k\u00f6vet\u0151en vend\u00e9g b\u00fcntet\u0151kkel kezd\u0151d\u00f6tt a m\u00e9rk\u0151z\u00e9s. T\u00e1mad\u00e1sban hazai oldalon hib\u00e1k akadtak a befejez\u00e9sben. Beragadtunk a rajtn\u00e1l, \u00edgy 0-6-tal nyitott ellenfel\u00fcnk. K\u00f6zel a negyed fel\u00e9n\u00e9l vezet\u0151edz\u0151nk, F\u00f6ldi Attila nyolc pontos h\u00e1tr\u00e1nyn\u00e1l id\u0151t k\u00e9rt, ami l\u00e1that\u00f3an jav\u00edtott a v\u00e9dekez\u00e9s\u00fcnk\u00f6n. Ha akadozva is, de beindult a hazai pontgy\u00e1rt\u00e1s, \u00e1m a negyed v\u00e9g\u00e9n tov\u00e1bbra is nyolc pont volt a k\u00e9t csapat k\u00f6z\u00f6tt.<img loading=\"lazy\" decoding=\"async\" class=\" wp-image-5130 aligncenter\" src=\"http:\/\/vasasbasket.hu\/wp-content\/uploads\/2019\/02\/LRM_EXPORT_27488457671492_20190202_184726230-1024x683.jpeg\" alt=\"\" width=\"492\" height=\"328\" srcset=\"https:\/\/vasasbasket.hu\/wp-content\/uploads\/2019\/02\/LRM_EXPORT_27488457671492_20190202_184726230-1024x683.jpeg 1024w, https:\/\/vasasbasket.hu\/wp-content\/uploads\/2019\/02\/LRM_EXPORT_27488457671492_20190202_184726230-570x380.jpeg 570w, https:\/\/vasasbasket.hu\/wp-content\/uploads\/2019\/02\/LRM_EXPORT_27488457671492_20190202_184726230-440x293.jpeg 440w, https:\/\/vasasbasket.hu\/wp-content\/uploads\/2019\/02\/LRM_EXPORT_27488457671492_20190202_184726230-300x200.jpeg 300w, https:\/\/vasasbasket.hu\/wp-content\/uploads\/2019\/02\/LRM_EXPORT_27488457671492_20190202_184726230-768x512.jpeg 768w, https:\/\/vasasbasket.hu\/wp-content\/uploads\/2019\/02\/LRM_EXPORT_27488457671492_20190202_184726230-128x85.jpeg 128w, https:\/\/vasasbasket.hu\/wp-content\/uploads\/2019\/02\/LRM_EXPORT_27488457671492_20190202_184726230-32x21.jpeg 32w, https:\/\/vasasbasket.hu\/wp-content\/uploads\/2019\/02\/LRM_EXPORT_27488457671492_20190202_184726230-360x240.jpeg 360w, https:\/\/vasasbasket.hu\/wp-content\/uploads\/2019\/02\/LRM_EXPORT_27488457671492_20190202_184726230-98x65.jpeg 98w, https:\/\/vasasbasket.hu\/wp-content\/uploads\/2019\/02\/LRM_EXPORT_27488457671492_20190202_184726230.jpeg 1838w\" sizes=\"auto, (max-width: 492px) 100vw, 492px\" \/>A m\u00e1sodik negyed elej\u00e9n a p\u00e9csiek egy tizenegy pontos rohammal ind\u00edtottak, amit Bach Bogi t\u00f6rt meg egy ziccerrel. Vanloo \u00e9s Imovbioh \u00f6sszj\u00e1t\u00e9ka sok borsot t\u00f6rt l\u00e1nyaink orra al\u00e1, \u00edgy a negyed fel\u00e9n\u00e9l ism\u00e9t id\u0151k\u00e9r\u00e9ssel rendezt\u00fck a sorokat. A tizennyolc pontos h\u00e1tr\u00e1nyon azonban nem tudtunk faragni, \u00edgy a vend\u00e9gek h\u00e1trad\u0151lten v\u00e1rhatt\u00e1k a t\u00e9rf\u00e9lcser\u00e9t.<img loading=\"lazy\" decoding=\"async\" class=\" wp-image-5134 aligncenter\" src=\"http:\/\/vasasbasket.hu\/wp-content\/uploads\/2019\/02\/LRM_EXPORT_27200856830195_20190202_184238629-1024x683.jpeg\" alt=\"\" width=\"492\" height=\"328\" srcset=\"https:\/\/vasasbasket.hu\/wp-content\/uploads\/2019\/02\/LRM_EXPORT_27200856830195_20190202_184238629-1024x683.jpeg 1024w, https:\/\/vasasbasket.hu\/wp-content\/uploads\/2019\/02\/LRM_EXPORT_27200856830195_20190202_184238629-570x380.jpeg 570w, https:\/\/vasasbasket.hu\/wp-content\/uploads\/2019\/02\/LRM_EXPORT_27200856830195_20190202_184238629-440x293.jpeg 440w, https:\/\/vasasbasket.hu\/wp-content\/uploads\/2019\/02\/LRM_EXPORT_27200856830195_20190202_184238629-300x200.jpeg 300w, https:\/\/vasasbasket.hu\/wp-content\/uploads\/2019\/02\/LRM_EXPORT_27200856830195_20190202_184238629-768x512.jpeg 768w, https:\/\/vasasbasket.hu\/wp-content\/uploads\/2019\/02\/LRM_EXPORT_27200856830195_20190202_184238629-128x85.jpeg 128w, https:\/\/vasasbasket.hu\/wp-content\/uploads\/2019\/02\/LRM_EXPORT_27200856830195_20190202_184238629-32x21.jpeg 32w, https:\/\/vasasbasket.hu\/wp-content\/uploads\/2019\/02\/LRM_EXPORT_27200856830195_20190202_184238629-360x240.jpeg 360w, https:\/\/vasasbasket.hu\/wp-content\/uploads\/2019\/02\/LRM_EXPORT_27200856830195_20190202_184238629-98x65.jpeg 98w, https:\/\/vasasbasket.hu\/wp-content\/uploads\/2019\/02\/LRM_EXPORT_27200856830195_20190202_184238629.jpeg 1656w\" sizes=\"auto, (max-width: 492px) 100vw, 492px\" \/>Varga Al\u00edz dupl\u00e1j\u00e1val indult a harmadik negyed, amit Dombai R\u00e9ka h\u00e1rompotosa k\u00f6vetett. L\u00e1that\u00f3an motiv\u00e1ltan j\u00f6ttek ki l\u00e1nyaink az \u00f6lt\u00f6z\u0151b\u0151l, j\u00f3l m\u0171k\u00f6d\u00f6tt a t\u00e1mad\u00f3j\u00e1t\u00e9kunk, \u00e9s v\u00e9dekez\u00e9sben is feljavultunk. A lend\u00fclet az eredm\u00e9nyjelz\u0151n is megl\u00e1tszott, n\u00e9h\u00e1ny perc leforg\u00e1sa alatt bel\u00e1that\u00f3 t\u00e1vols\u00e1gon bel\u00fcl ker\u00fclt\u00fcnk ellenfel\u00fcnkh\u00f6z. Nem hagyt\u00e1k azonban sok\u00e1ig bizakodni a p\u00e9csiek a hazai szurkol\u00f3kat, \u00e9s az utols\u00f3 t\u00edz perc el\u0151tt \u00fajra be\u00e1llt a f\u00e9lidei tizennyolc pontos k\u00fcl\u00f6nbs\u00e9g.<img loading=\"lazy\" decoding=\"async\" class=\" wp-image-5129 aligncenter\" src=\"http:\/\/vasasbasket.hu\/wp-content\/uploads\/2019\/02\/LRM_EXPORT_27449032938486_20190202_184646805-1024x682.jpeg\" alt=\"\" width=\"492\" height=\"328\" srcset=\"https:\/\/vasasbasket.hu\/wp-content\/uploads\/2019\/02\/LRM_EXPORT_27449032938486_20190202_184646805-1024x682.jpeg 1024w, https:\/\/vasasbasket.hu\/wp-content\/uploads\/2019\/02\/LRM_EXPORT_27449032938486_20190202_184646805-570x379.jpeg 570w, https:\/\/vasasbasket.hu\/wp-content\/uploads\/2019\/02\/LRM_EXPORT_27449032938486_20190202_184646805-440x293.jpeg 440w, https:\/\/vasasbasket.hu\/wp-content\/uploads\/2019\/02\/LRM_EXPORT_27449032938486_20190202_184646805-300x200.jpeg 300w, https:\/\/vasasbasket.hu\/wp-content\/uploads\/2019\/02\/LRM_EXPORT_27449032938486_20190202_184646805-768x511.jpeg 768w, https:\/\/vasasbasket.hu\/wp-content\/uploads\/2019\/02\/LRM_EXPORT_27449032938486_20190202_184646805-128x85.jpeg 128w, https:\/\/vasasbasket.hu\/wp-content\/uploads\/2019\/02\/LRM_EXPORT_27449032938486_20190202_184646805-32x21.jpeg 32w, https:\/\/vasasbasket.hu\/wp-content\/uploads\/2019\/02\/LRM_EXPORT_27449032938486_20190202_184646805-360x240.jpeg 360w, https:\/\/vasasbasket.hu\/wp-content\/uploads\/2019\/02\/LRM_EXPORT_27449032938486_20190202_184646805-98x65.jpeg 98w, https:\/\/vasasbasket.hu\/wp-content\/uploads\/2019\/02\/LRM_EXPORT_27449032938486_20190202_184646805.jpeg 1735w\" sizes=\"auto, (max-width: 492px) 100vw, 492px\" \/>N\u00e9gy pontot faragtunk le a negyedik negyed elej\u00e9n, el\u0151bb Vukov dupl\u00e1ja, majd Heljic k\u00e9t sikeres b\u00fcntet\u0151je esett a kos\u00e1rba. B\u00e1r az akarater\u0151 l\u00e1nyaink arc\u00e1ra volt \u00edrva, az \u00e1lland\u00f3 t\u00edz pont f\u00f6l\u00f6tti k\u00fcl\u00f6nbs\u00e9g tudat\u00e1ban a p\u00e9csiek nem ijedtek meg a hazai fell\u00e1ngol\u00e1sokt\u00f3l. K\u00e9t \u00e9s f\u00e9l perccel a v\u00e9ge el\u0151tt a vend\u00e9gek el\u0151nye h\u00fasz pont f\u00f6l\u00e9 n\u0151tt, a v\u00e9gs\u0151 dudasz\u00f3t k\u00f6vet\u0151en pedig 62-83-at mutatott az eredm\u00e9nyjelz\u0151.<img loading=\"lazy\" decoding=\"async\" class=\" wp-image-5132 aligncenter\" src=\"http:\/\/vasasbasket.hu\/wp-content\/uploads\/2019\/02\/LRM_EXPORT_27595374096763_20190202_184913146-1024x683.jpeg\" alt=\"\" width=\"492\" height=\"328\" srcset=\"https:\/\/vasasbasket.hu\/wp-content\/uploads\/2019\/02\/LRM_EXPORT_27595374096763_20190202_184913146-1024x683.jpeg 1024w, https:\/\/vasasbasket.hu\/wp-content\/uploads\/2019\/02\/LRM_EXPORT_27595374096763_20190202_184913146-570x380.jpeg 570w, https:\/\/vasasbasket.hu\/wp-content\/uploads\/2019\/02\/LRM_EXPORT_27595374096763_20190202_184913146-440x294.jpeg 440w, https:\/\/vasasbasket.hu\/wp-content\/uploads\/2019\/02\/LRM_EXPORT_27595374096763_20190202_184913146-300x200.jpeg 300w, https:\/\/vasasbasket.hu\/wp-content\/uploads\/2019\/02\/LRM_EXPORT_27595374096763_20190202_184913146-768x513.jpeg 768w, https:\/\/vasasbasket.hu\/wp-content\/uploads\/2019\/02\/LRM_EXPORT_27595374096763_20190202_184913146-128x85.jpeg 128w, https:\/\/vasasbasket.hu\/wp-content\/uploads\/2019\/02\/LRM_EXPORT_27595374096763_20190202_184913146-32x21.jpeg 32w, https:\/\/vasasbasket.hu\/wp-content\/uploads\/2019\/02\/LRM_EXPORT_27595374096763_20190202_184913146-360x240.jpeg 360w, https:\/\/vasasbasket.hu\/wp-content\/uploads\/2019\/02\/LRM_EXPORT_27595374096763_20190202_184913146-98x65.jpeg 98w, https:\/\/vasasbasket.hu\/wp-content\/uploads\/2019\/02\/LRM_EXPORT_27595374096763_20190202_184913146.jpeg 1684w\" sizes=\"auto, (max-width: 492px) 100vw, 492px\" \/><em>&#8222;F\u00f6rtelmesen sz\u00e1lltuk be ebbe a m\u00e9rk\u0151z\u00e9sbe, nem tudom mi lehet ennek az oka. Onnant\u00f3l kezdve pedig nagyon neh\u00e9z egy olyan ellenf\u00e9l ellen j\u00e1tszani, amely m\u00e1r megtal\u00e1lta a ritmust \u00e9s megcsin\u00e1lta az el\u0151ny\u00e9t. A harmadik negyedben p\u00e1r percre siker\u00fclt feljav\u00edtani a j\u00e1t\u00e9kunkat, ha \u00edgy kezdt\u00fcnk volna, akkor lehet, hogy ez egy m\u00e1s m\u00e9rk\u0151z\u00e9s lett volna&#8221;<\/em> &#8211; mondta a Vasas Akad\u00e9mia vezet\u0151edz\u0151je, F\u00f6ldi Attila.<\/p>\n<p>A m\u00e9rk\u0151z\u00e9s ut\u00e1ni teljes nyilatkozatot az al\u00e1bbi linken lehet megtekinteni:\u00a0<a href=\"https:\/\/www.youtube.com\/watch?v=o4wt3NeYdgk\">https:\/\/www.youtube.com\/watch?v=o4wt3NeYdgk<\/a><\/p>\n<p><strong>Vasas Akad\u00e9mia &#8211;<\/strong> PEAC-P\u00e9cs <strong>62-83<\/strong>\u00a0(13-21, 11-21, 16-16, 22-25)<br \/>\n<em>Pontszerz\u0151k:<\/em><br \/>\n<strong>Vasas Akad\u00e9mia:<\/strong> Varga A. 11\/3, Dombai R. 15\/6, Karakasevic J. 7, Bach B. 6, T\u00f3th O. 2, B\u00f6r\u00f6ndy V. 5, Vukov S. 7\/3, Heljic S. 5\/3, Smailbegovic N. 2, Mad\u00e1r K. 2, Boros B., Bud\u00e1csik D.<br \/>\n<strong>PEAC-P\u00e9cs:<\/strong> Vanloo J. 5\/3, Tetemondova K. 8, Imovbioh S. 20, Simon Zs. 10, Wentzel N. 10\/3, G\u00e9mes-Sarok N. 13\/3, Ruj\u00e1k N. 8\/3, Brewer A. 7, Teny\u00e9r Zs. 2, Pucz E., Varga E.<\/p>\n","protected":false},"excerpt":{"rendered":"<p>Egy rossz kezd\u00e9st k\u00f6vet\u0151en a PEAC el\u0151nye tudat\u00e1ban k\u00e9zben tartotta a m\u00e9rk\u0151z\u00e9st. B\u00e1r fiatal csapatunk r\u00e9sz\u00e9r\u0151l voltak fell\u00e1ngol\u00e1sok, az \u00e1tt\u00f6r\u00e9st sajnos nem siker\u00fclt el\u00e9rn\u00fcnk ma este, \u00e9s 62-83-as veres\u00e9get szenvedt\u00fcnk. Egy hazai szab\u00e1lytalans\u00e1got k\u00f6vet\u0151en vend\u00e9g b\u00fcntet\u0151kkel kezd\u0151d\u00f6tt a m\u00e9rk\u0151z\u00e9s. T\u00e1mad\u00e1sban hazai oldalon hib\u00e1k akadtak a befejez\u00e9sben. Beragadtunk a rajtn\u00e1l, \u00edgy 0-6-tal nyitott ellenfel\u00fcnk. K\u00f6zel a&#8230;<\/p>\n","protected":false},"author":1,"featured_media":5133,"comment_status":"closed","ping_status":"open","sticky":false,"template":"","format":"standard","meta":{"footnotes":""},"categories":[49,92],"tags":[],"class_list":["post-5125","post","type-post","status-publish","format-standard","has-post-thumbnail","hentry","category-nb1","category-hirek"],"yoast_head":"<!-- This site is optimized with the Yoast SEO plugin v26.0 - https:\/\/yoast.com\/wordpress\/plugins\/seo\/ -->\n<title>Magabiztos PEAC gy\u0151zelem Pasar\u00e9ten - Vasas n\u0151i kos\u00e1rlabda<\/title>\n<meta name=\"robots\" content=\"index, follow, max-snippet:-1, max-image-preview:large, max-video-preview:-1\" \/>\n<link rel=\"canonical\" href=\"https:\/\/vasasbasket.hu\/index.php\/magabiztos-peac-gyozelem-pasareten\/\" \/>\n<meta property=\"og:locale\" content=\"hu_HU\" \/>\n<meta property=\"og:type\" content=\"article\" \/>\n<meta property=\"og:title\" content=\"Magabiztos PEAC gy\u0151zelem Pasar\u00e9ten - Vasas n\u0151i kos\u00e1rlabda\" \/>\n<meta property=\"og:description\" content=\"Egy rossz kezd\u00e9st k\u00f6vet\u0151en a PEAC el\u0151nye tudat\u00e1ban k\u00e9zben tartotta a m\u00e9rk\u0151z\u00e9st. B\u00e1r fiatal csapatunk r\u00e9sz\u00e9r\u0151l voltak fell\u00e1ngol\u00e1sok, az \u00e1tt\u00f6r\u00e9st sajnos nem siker\u00fclt el\u00e9rn\u00fcnk ma este, \u00e9s 62-83-as veres\u00e9get szenvedt\u00fcnk. Egy hazai szab\u00e1lytalans\u00e1got k\u00f6vet\u0151en vend\u00e9g b\u00fcntet\u0151kkel kezd\u0151d\u00f6tt a m\u00e9rk\u0151z\u00e9s. T\u00e1mad\u00e1sban hazai oldalon hib\u00e1k akadtak a befejez\u00e9sben. Beragadtunk a rajtn\u00e1l, \u00edgy 0-6-tal nyitott ellenfel\u00fcnk. K\u00f6zel a...\" \/>\n<meta property=\"og:url\" content=\"https:\/\/vasasbasket.hu\/index.php\/magabiztos-peac-gyozelem-pasareten\/\" \/>\n<meta property=\"og:site_name\" content=\"Vasas n\u0151i kos\u00e1rlabda\" \/>\n<meta property=\"article:publisher\" content=\"https:\/\/www.facebook.com\/vasaswbasket\/\" \/>\n<meta property=\"article:published_time\" content=\"2019-02-02T20:06:21+00:00\" \/>\n<meta property=\"og:image\" content=\"https:\/\/vasasbasket.hu\/wp-content\/uploads\/2019\/02\/LRM_EXPORT_27625261030867_20190202_184943033.jpeg\" \/>\n\t<meta property=\"og:image:width\" content=\"1722\" \/>\n\t<meta property=\"og:image:height\" content=\"1148\" \/>\n\t<meta property=\"og:image:type\" content=\"image\/jpeg\" \/>\n<meta name=\"author\" content=\"admin\" \/>\n<meta name=\"twitter:card\" content=\"summary_large_image\" \/>\n<meta name=\"twitter:label1\" content=\"Szerz\u0151:\" \/>\n\t<meta name=\"twitter:data1\" content=\"admin\" \/>\n\t<meta name=\"twitter:label2\" content=\"Becs\u00fclt olvas\u00e1si id\u0151\" \/>\n\t<meta name=\"twitter:data2\" content=\"3 perc\" \/>\n<script type=\"application\/ld+json\" class=\"yoast-schema-graph\">{\"@context\":\"https:\/\/schema.org\",\"@graph\":[{\"@type\":\"Article\",\"@id\":\"https:\/\/vasasbasket.hu\/index.php\/magabiztos-peac-gyozelem-pasareten\/#article\",\"isPartOf\":{\"@id\":\"https:\/\/vasasbasket.hu\/index.php\/magabiztos-peac-gyozelem-pasareten\/\"},\"author\":{\"name\":\"admin\",\"@id\":\"https:\/\/vasasbasket.hu\/#\/schema\/person\/f1085f4d2c6582d8d0f977e92de2edee\"},\"headline\":\"Magabiztos PEAC gy\u0151zelem Pasar\u00e9ten\",\"datePublished\":\"2019-02-02T20:06:21+00:00\",\"mainEntityOfPage\":{\"@id\":\"https:\/\/vasasbasket.hu\/index.php\/magabiztos-peac-gyozelem-pasareten\/\"},\"wordCount\":645,\"publisher\":{\"@id\":\"https:\/\/vasasbasket.hu\/#organization\"},\"image\":{\"@id\":\"https:\/\/vasasbasket.hu\/index.php\/magabiztos-peac-gyozelem-pasareten\/#primaryimage\"},\"thumbnailUrl\":\"https:\/\/vasasbasket.hu\/wp-content\/uploads\/2019\/02\/LRM_EXPORT_27625261030867_20190202_184943033.jpeg\",\"articleSection\":[\"NB1\/A\",\"\u00d6sszes H\u00edr\"],\"inLanguage\":\"hu\"},{\"@type\":\"WebPage\",\"@id\":\"https:\/\/vasasbasket.hu\/index.php\/magabiztos-peac-gyozelem-pasareten\/\",\"url\":\"https:\/\/vasasbasket.hu\/index.php\/magabiztos-peac-gyozelem-pasareten\/\",\"name\":\"Magabiztos PEAC gy\u0151zelem Pasar\u00e9ten - Vasas n\u0151i kos\u00e1rlabda\",\"isPartOf\":{\"@id\":\"https:\/\/vasasbasket.hu\/#website\"},\"primaryImageOfPage\":{\"@id\":\"https:\/\/vasasbasket.hu\/index.php\/magabiztos-peac-gyozelem-pasareten\/#primaryimage\"},\"image\":{\"@id\":\"https:\/\/vasasbasket.hu\/index.php\/magabiztos-peac-gyozelem-pasareten\/#primaryimage\"},\"thumbnailUrl\":\"https:\/\/vasasbasket.hu\/wp-content\/uploads\/2019\/02\/LRM_EXPORT_27625261030867_20190202_184943033.jpeg\",\"datePublished\":\"2019-02-02T20:06:21+00:00\",\"breadcrumb\":{\"@id\":\"https:\/\/vasasbasket.hu\/index.php\/magabiztos-peac-gyozelem-pasareten\/#breadcrumb\"},\"inLanguage\":\"hu\",\"potentialAction\":[{\"@type\":\"ReadAction\",\"target\":[\"https:\/\/vasasbasket.hu\/index.php\/magabiztos-peac-gyozelem-pasareten\/\"]}]},{\"@type\":\"ImageObject\",\"inLanguage\":\"hu\",\"@id\":\"https:\/\/vasasbasket.hu\/index.php\/magabiztos-peac-gyozelem-pasareten\/#primaryimage\",\"url\":\"https:\/\/vasasbasket.hu\/wp-content\/uploads\/2019\/02\/LRM_EXPORT_27625261030867_20190202_184943033.jpeg\",\"contentUrl\":\"https:\/\/vasasbasket.hu\/wp-content\/uploads\/2019\/02\/LRM_EXPORT_27625261030867_20190202_184943033.jpeg\",\"width\":1722,\"height\":1148},{\"@type\":\"BreadcrumbList\",\"@id\":\"https:\/\/vasasbasket.hu\/index.php\/magabiztos-peac-gyozelem-pasareten\/#breadcrumb\",\"itemListElement\":[{\"@type\":\"ListItem\",\"position\":1,\"name\":\"Kezd\u0151lap\",\"item\":\"https:\/\/vasasbasket.hu\/\"},{\"@type\":\"ListItem\",\"position\":2,\"name\":\"Magabiztos PEAC gy\u0151zelem Pasar\u00e9ten\"}]},{\"@type\":\"WebSite\",\"@id\":\"https:\/\/vasasbasket.hu\/#website\",\"url\":\"https:\/\/vasasbasket.hu\/\",\"name\":\"Vasas n\u0151i kos\u00e1rlabda\",\"description\":\"Vasas Basket N\u0151i\",\"publisher\":{\"@id\":\"https:\/\/vasasbasket.hu\/#organization\"},\"potentialAction\":[{\"@type\":\"SearchAction\",\"target\":{\"@type\":\"EntryPoint\",\"urlTemplate\":\"https:\/\/vasasbasket.hu\/?s={search_term_string}\"},\"query-input\":{\"@type\":\"PropertyValueSpecification\",\"valueRequired\":true,\"valueName\":\"search_term_string\"}}],\"inLanguage\":\"hu\"},{\"@type\":\"Organization\",\"@id\":\"https:\/\/vasasbasket.hu\/#organization\",\"name\":\"Vasas n\u0151i kos\u00e1rlabda\",\"url\":\"https:\/\/vasasbasket.hu\/\",\"logo\":{\"@type\":\"ImageObject\",\"inLanguage\":\"hu\",\"@id\":\"https:\/\/vasasbasket.hu\/#\/schema\/logo\/image\/\",\"url\":\"https:\/\/vasasbasket.hu\/wp-content\/uploads\/2017\/03\/vasas_cimer_1200.jpg\",\"contentUrl\":\"https:\/\/vasasbasket.hu\/wp-content\/uploads\/2017\/03\/vasas_cimer_1200.jpg\",\"width\":1200,\"height\":1200,\"caption\":\"Vasas n\u0151i kos\u00e1rlabda\"},\"image\":{\"@id\":\"https:\/\/vasasbasket.hu\/#\/schema\/logo\/image\/\"},\"sameAs\":[\"https:\/\/www.facebook.com\/vasaswbasket\/\"]},{\"@type\":\"Person\",\"@id\":\"https:\/\/vasasbasket.hu\/#\/schema\/person\/f1085f4d2c6582d8d0f977e92de2edee\",\"name\":\"admin\",\"image\":{\"@type\":\"ImageObject\",\"inLanguage\":\"hu\",\"@id\":\"https:\/\/vasasbasket.hu\/#\/schema\/person\/image\/\",\"url\":\"https:\/\/secure.gravatar.com\/avatar\/645c92f7d9cfe02bd93ce2d1cfa11cd3a268bdfe65486552ff04b193cea07634?s=96&d=mm&r=g\",\"contentUrl\":\"https:\/\/secure.gravatar.com\/avatar\/645c92f7d9cfe02bd93ce2d1cfa11cd3a268bdfe65486552ff04b193cea07634?s=96&d=mm&r=g\",\"caption\":\"admin\"},\"url\":\"https:\/\/vasasbasket.hu\/index.php\/author\/admin\/\"}]}<\/script>\n<!-- \/ Yoast SEO plugin. -->","yoast_head_json":{"title":"Magabiztos PEAC gy\u0151zelem Pasar\u00e9ten - Vasas n\u0151i kos\u00e1rlabda","robots":{"index":"index","follow":"follow","max-snippet":"max-snippet:-1","max-image-preview":"max-image-preview:large","max-video-preview":"max-video-preview:-1"},"canonical":"https:\/\/vasasbasket.hu\/index.php\/magabiztos-peac-gyozelem-pasareten\/","og_locale":"hu_HU","og_type":"article","og_title":"Magabiztos PEAC gy\u0151zelem Pasar\u00e9ten - Vasas n\u0151i kos\u00e1rlabda","og_description":"Egy rossz kezd\u00e9st k\u00f6vet\u0151en a PEAC el\u0151nye tudat\u00e1ban k\u00e9zben tartotta a m\u00e9rk\u0151z\u00e9st. B\u00e1r fiatal csapatunk r\u00e9sz\u00e9r\u0151l voltak fell\u00e1ngol\u00e1sok, az \u00e1tt\u00f6r\u00e9st sajnos nem siker\u00fclt el\u00e9rn\u00fcnk ma este, \u00e9s 62-83-as veres\u00e9get szenvedt\u00fcnk. Egy hazai szab\u00e1lytalans\u00e1got k\u00f6vet\u0151en vend\u00e9g b\u00fcntet\u0151kkel kezd\u0151d\u00f6tt a m\u00e9rk\u0151z\u00e9s. T\u00e1mad\u00e1sban hazai oldalon hib\u00e1k akadtak a befejez\u00e9sben. Beragadtunk a rajtn\u00e1l, \u00edgy 0-6-tal nyitott ellenfel\u00fcnk. K\u00f6zel a...","og_url":"https:\/\/vasasbasket.hu\/index.php\/magabiztos-peac-gyozelem-pasareten\/","og_site_name":"Vasas n\u0151i kos\u00e1rlabda","article_publisher":"https:\/\/www.facebook.com\/vasaswbasket\/","article_published_time":"2019-02-02T20:06:21+00:00","og_image":[{"width":1722,"height":1148,"url":"https:\/\/vasasbasket.hu\/wp-content\/uploads\/2019\/02\/LRM_EXPORT_27625261030867_20190202_184943033.jpeg","type":"image\/jpeg"}],"author":"admin","twitter_card":"summary_large_image","twitter_misc":{"Szerz\u0151:":"admin","Becs\u00fclt olvas\u00e1si id\u0151":"3 perc"},"schema":{"@context":"https:\/\/schema.org","@graph":[{"@type":"Article","@id":"https:\/\/vasasbasket.hu\/index.php\/magabiztos-peac-gyozelem-pasareten\/#article","isPartOf":{"@id":"https:\/\/vasasbasket.hu\/index.php\/magabiztos-peac-gyozelem-pasareten\/"},"author":{"name":"admin","@id":"https:\/\/vasasbasket.hu\/#\/schema\/person\/f1085f4d2c6582d8d0f977e92de2edee"},"headline":"Magabiztos PEAC gy\u0151zelem Pasar\u00e9ten","datePublished":"2019-02-02T20:06:21+00:00","mainEntityOfPage":{"@id":"https:\/\/vasasbasket.hu\/index.php\/magabiztos-peac-gyozelem-pasareten\/"},"wordCount":645,"publisher":{"@id":"https:\/\/vasasbasket.hu\/#organization"},"image":{"@id":"https:\/\/vasasbasket.hu\/index.php\/magabiztos-peac-gyozelem-pasareten\/#primaryimage"},"thumbnailUrl":"https:\/\/vasasbasket.hu\/wp-content\/uploads\/2019\/02\/LRM_EXPORT_27625261030867_20190202_184943033.jpeg","articleSection":["NB1\/A","\u00d6sszes H\u00edr"],"inLanguage":"hu"},{"@type":"WebPage","@id":"https:\/\/vasasbasket.hu\/index.php\/magabiztos-peac-gyozelem-pasareten\/","url":"https:\/\/vasasbasket.hu\/index.php\/magabiztos-peac-gyozelem-pasareten\/","name":"Magabiztos PEAC gy\u0151zelem Pasar\u00e9ten - Vasas n\u0151i kos\u00e1rlabda","isPartOf":{"@id":"https:\/\/vasasbasket.hu\/#website"},"primaryImageOfPage":{"@id":"https:\/\/vasasbasket.hu\/index.php\/magabiztos-peac-gyozelem-pasareten\/#primaryimage"},"image":{"@id":"https:\/\/vasasbasket.hu\/index.php\/magabiztos-peac-gyozelem-pasareten\/#primaryimage"},"thumbnailUrl":"https:\/\/vasasbasket.hu\/wp-content\/uploads\/2019\/02\/LRM_EXPORT_27625261030867_20190202_184943033.jpeg","datePublished":"2019-02-02T20:06:21+00:00","breadcrumb":{"@id":"https:\/\/vasasbasket.hu\/index.php\/magabiztos-peac-gyozelem-pasareten\/#breadcrumb"},"inLanguage":"hu","potentialAction":[{"@type":"ReadAction","target":["https:\/\/vasasbasket.hu\/index.php\/magabiztos-peac-gyozelem-pasareten\/"]}]},{"@type":"ImageObject","inLanguage":"hu","@id":"https:\/\/vasasbasket.hu\/index.php\/magabiztos-peac-gyozelem-pasareten\/#primaryimage","url":"https:\/\/vasasbasket.hu\/wp-content\/uploads\/2019\/02\/LRM_EXPORT_27625261030867_20190202_184943033.jpeg","contentUrl":"https:\/\/vasasbasket.hu\/wp-content\/uploads\/2019\/02\/LRM_EXPORT_27625261030867_20190202_184943033.jpeg","width":1722,"height":1148},{"@type":"BreadcrumbList","@id":"https:\/\/vasasbasket.hu\/index.php\/magabiztos-peac-gyozelem-pasareten\/#breadcrumb","itemListElement":[{"@type":"ListItem","position":1,"name":"Kezd\u0151lap","item":"https:\/\/vasasbasket.hu\/"},{"@type":"ListItem","position":2,"name":"Magabiztos PEAC gy\u0151zelem Pasar\u00e9ten"}]},{"@type":"WebSite","@id":"https:\/\/vasasbasket.hu\/#website","url":"https:\/\/vasasbasket.hu\/","name":"Vasas n\u0151i kos\u00e1rlabda","description":"Vasas Basket N\u0151i","publisher":{"@id":"https:\/\/vasasbasket.hu\/#organization"},"potentialAction":[{"@type":"SearchAction","target":{"@type":"EntryPoint","urlTemplate":"https:\/\/vasasbasket.hu\/?s={search_term_string}"},"query-input":{"@type":"PropertyValueSpecification","valueRequired":true,"valueName":"search_term_string"}}],"inLanguage":"hu"},{"@type":"Organization","@id":"https:\/\/vasasbasket.hu\/#organization","name":"Vasas n\u0151i kos\u00e1rlabda","url":"https:\/\/vasasbasket.hu\/","logo":{"@type":"ImageObject","inLanguage":"hu","@id":"https:\/\/vasasbasket.hu\/#\/schema\/logo\/image\/","url":"https:\/\/vasasbasket.hu\/wp-content\/uploads\/2017\/03\/vasas_cimer_1200.jpg","contentUrl":"https:\/\/vasasbasket.hu\/wp-content\/uploads\/2017\/03\/vasas_cimer_1200.jpg","width":1200,"height":1200,"caption":"Vasas n\u0151i kos\u00e1rlabda"},"image":{"@id":"https:\/\/vasasbasket.hu\/#\/schema\/logo\/image\/"},"sameAs":["https:\/\/www.facebook.com\/vasaswbasket\/"]},{"@type":"Person","@id":"https:\/\/vasasbasket.hu\/#\/schema\/person\/f1085f4d2c6582d8d0f977e92de2edee","name":"admin","image":{"@type":"ImageObject","inLanguage":"hu","@id":"https:\/\/vasasbasket.hu\/#\/schema\/person\/image\/","url":"https:\/\/secure.gravatar.com\/avatar\/645c92f7d9cfe02bd93ce2d1cfa11cd3a268bdfe65486552ff04b193cea07634?s=96&d=mm&r=g","contentUrl":"https:\/\/secure.gravatar.com\/avatar\/645c92f7d9cfe02bd93ce2d1cfa11cd3a268bdfe65486552ff04b193cea07634?s=96&d=mm&r=g","caption":"admin"},"url":"https:\/\/vasasbasket.hu\/index.php\/author\/admin\/"}]}},"_links":{"self":[{"href":"https:\/\/vasasbasket.hu\/index.php\/wp-json\/wp\/v2\/posts\/5125","targetHints":{"allow":["GET"]}}],"collection":[{"href":"https:\/\/vasasbasket.hu\/index.php\/wp-json\/wp\/v2\/posts"}],"about":[{"href":"https:\/\/vasasbasket.hu\/index.php\/wp-json\/wp\/v2\/types\/post"}],"author":[{"embeddable":true,"href":"https:\/\/vasasbasket.hu\/index.php\/wp-json\/wp\/v2\/users\/1"}],"replies":[{"embeddable":true,"href":"https:\/\/vasasbasket.hu\/index.php\/wp-json\/wp\/v2\/comments?post=5125"}],"version-history":[{"count":1,"href":"https:\/\/vasasbasket.hu\/index.php\/wp-json\/wp\/v2\/posts\/5125\/revisions"}],"predecessor-version":[{"id":5135,"href":"https:\/\/vasasbasket.hu\/index.php\/wp-json\/wp\/v2\/posts\/5125\/revisions\/5135"}],"wp:featuredmedia":[{"embeddable":true,"href":"https:\/\/vasasbasket.hu\/index.php\/wp-json\/wp\/v2\/media\/5133"}],"wp:attachment":[{"href":"https:\/\/vasasbasket.hu\/index.php\/wp-json\/wp\/v2\/media?parent=5125"}],"wp:term":[{"taxonomy":"category","embeddable":true,"href":"https:\/\/vasasbasket.hu\/index.php\/wp-json\/wp\/v2\/categories?post=5125"},{"taxonomy":"post_tag","embeddable":true,"href":"https:\/\/vasasbasket.hu\/index.php\/wp-json\/wp\/v2\/tags?post=5125"}],"curies":[{"name":"wp","href":"https:\/\/api.w.org\/{rel}","templated":true}]}}