{"id":5113,"date":"2019-02-01T14:22:35","date_gmt":"2019-02-01T14:22:35","guid":{"rendered":"http:\/\/vasasbasket.hu\/?p=5113"},"modified":"2019-02-02T15:14:22","modified_gmt":"2019-02-02T15:14:22","slug":"edzolegenda-a-felnottek-edzesen","status":"publish","type":"post","link":"https:\/\/vasasbasket.hu\/index.php\/edzolegenda-a-felnottek-edzesen\/","title":{"rendered":"Edz\u0151legenda a feln\u0151ttek edz\u00e9s\u00e9n"},"content":{"rendered":"<p><strong>A Vasas Akad\u00e9mia feln\u0151tt csapat\u00e1nak cs\u00fct\u00f6rt\u00f6k esti edz\u00e9s\u00e9n egy igazi legenda,\u00a0Du\u0161ko Vujo\u0161evi\u0107 foglalt helyet a piros-k\u00e9kek kispadj\u00e1n.\u00a0<\/strong><\/p>\n<p><img loading=\"lazy\" decoding=\"async\" class=\" wp-image-5115 alignright\" src=\"http:\/\/vasasbasket.hu\/wp-content\/uploads\/2019\/02\/IMG_1562-e1549030787365-655x1024.jpg\" alt=\"\" width=\"251\" height=\"392\" srcset=\"https:\/\/vasasbasket.hu\/wp-content\/uploads\/2019\/02\/IMG_1562-e1549030787365-655x1024.jpg 655w, https:\/\/vasasbasket.hu\/wp-content\/uploads\/2019\/02\/IMG_1562-e1549030787365-570x892.jpg 570w, https:\/\/vasasbasket.hu\/wp-content\/uploads\/2019\/02\/IMG_1562-e1549030787365-440x688.jpg 440w, https:\/\/vasasbasket.hu\/wp-content\/uploads\/2019\/02\/IMG_1562-e1549030787365-192x300.jpg 192w, https:\/\/vasasbasket.hu\/wp-content\/uploads\/2019\/02\/IMG_1562-e1549030787365-768x1201.jpg 768w, https:\/\/vasasbasket.hu\/wp-content\/uploads\/2019\/02\/IMG_1562-e1549030787365-82x128.jpg 82w, https:\/\/vasasbasket.hu\/wp-content\/uploads\/2019\/02\/IMG_1562-e1549030787365-20x32.jpg 20w, https:\/\/vasasbasket.hu\/wp-content\/uploads\/2019\/02\/IMG_1562-e1549030787365-63x98.jpg 63w, https:\/\/vasasbasket.hu\/wp-content\/uploads\/2019\/02\/IMG_1562-e1549030787365-scaled.jpg 1636w\" sizes=\"auto, (max-width: 251px) 100vw, 251px\" \/>A Partiz\u00e1n Belgr\u00e1d legend\u00e1s edz\u0151je,\u00a0Du\u0161ko Vujo\u0161evi\u0107 budapesti l\u00e1togat\u00e1sa sor\u00e1n tisztelet\u00e9t tette feln\u0151tt csapatunk edz\u00e9s\u00e9n. A montenegr\u00f3i sz\u00fclet\u00e9s\u0171 tr\u00e9ner n\u00e9gyszer nyert szerb-montenegr\u00f3i, hatszor pedig szerb bajnoks\u00e1got, \u00f6tsz\u00f6r\u00f6s Adria Liga gy\u0151ztes, FIBA Kora\u0107 Cup gy\u0151ztes, a 2009-10-es szezonban pedig az Euroliga Final Four-j\u00e1ig jutott a Partiz\u00e1nnal, \u00e9s megkapta az \u00e9v edz\u0151je elismer\u00e9st.<\/p>\n<p>Du\u0161ko term\u00e9szetesen az edz\u00e9s sor\u00e1n megosztotta gondolatait csapatunk szakmai st\u00e1bj\u00e1val, az edz\u00e9st k\u00f6vet\u0151en pedig j\u00e1t\u00e9kosainknak is k\u00e9sz\u00fclt n\u00e9h\u00e1ny j\u00f3 sz\u00f3val.<\/p>\n<p><em>&#8222;Nagyon boldog vagyok, hogy a Vasas Akad\u00e9mi\u00e1t egy ilyen szint\u0171 edz\u0151legenda l\u00e1togatta meg. Nem is\u00a0<\/em><em>olyan r\u00e9gen, amikor m\u00e9g a Partiz\u00e1n edz\u0151je volt, abban a megtiszteltet\u00e9sben volt r\u00e9szem, hogy r\u00e9szt\u00a0<\/em><em>vehettem, \u00e9s megn\u00e9zhettem azokat a kiv\u00e1l\u00f3 edz\u00e9seket, amiket tartott. Nagy boldogs\u00e1g, hogy megoszthattuk egym\u00e1ssal tapasztalatainkat Eur\u00f3pa egyik legjobb edz\u0151j\u00e9vel, \u00e9s tanulhattam t\u0151le. Kimondottan az egy\u00e9ni k\u00e9pz\u00e9sei voltak \u00e9rdekesek, amiket Dule a legtehets\u00e9gesebb fiatal j\u00e1t\u00e9kosaival v\u00e9gzett a klubban. Szint\u00e9n rendk\u00edv\u00fcl megtisztel\u0151, hogy a mi edz\u00e9seinket n\u00e9zve felismerte \u00e9s megdics\u00e9rte az \u00e1ltalunk v\u00e9gzett min\u0151s\u00e9gi munk\u00e1t, \u00e9s saj\u00e1t szem\u00e9vel bizonyosodott meg fiatal tehets\u00e9geinkr\u0151l. Besz\u00e9lget\u00e9s\u00fcnk t\u00e9m\u00e1ja minden esetben a kos\u00e1rlabda volt, \u00e9s nagyon \u00e9rt\u00e9kes tan\u00e1csokkal gazdagodtunk. A dics\u00e9retek, amiket kaptunk, \u00e9s a bar\u00e1ts\u00e1g a modern kos\u00e1rlabda szakma egyik legnagyobb alakj\u00e1t\u00f3l m\u00e9g tov\u00e1bb fog minket \u00f6szt\u00f6n\u00f6zni a min\u00e9l sz\u00ednvonalasabb munk\u00e1hoz, amit a Vasas akad\u00e9mia fiataljaival v\u00e9gz\u00fcnk&#8221;<\/em> &#8211; mondta a Vasas Akad\u00e9mia szakoszt\u00e1lyvezet\u0151je, Krivacsevics Dragoljub.<img loading=\"lazy\" decoding=\"async\" class=\"wp-image-5116 aligncenter\" src=\"http:\/\/vasasbasket.hu\/wp-content\/uploads\/2019\/02\/IMG_1561-e1549120044176-1024x696.jpg\" alt=\"\" width=\"491\" height=\"334\" srcset=\"https:\/\/vasasbasket.hu\/wp-content\/uploads\/2019\/02\/IMG_1561-e1549120044176-1024x696.jpg 1024w, https:\/\/vasasbasket.hu\/wp-content\/uploads\/2019\/02\/IMG_1561-e1549120044176-570x387.jpg 570w, https:\/\/vasasbasket.hu\/wp-content\/uploads\/2019\/02\/IMG_1561-e1549120044176-440x299.jpg 440w, https:\/\/vasasbasket.hu\/wp-content\/uploads\/2019\/02\/IMG_1561-e1549120044176-300x204.jpg 300w, https:\/\/vasasbasket.hu\/wp-content\/uploads\/2019\/02\/IMG_1561-e1549120044176-768x522.jpg 768w, https:\/\/vasasbasket.hu\/wp-content\/uploads\/2019\/02\/IMG_1561-e1549120044176-128x87.jpg 128w, https:\/\/vasasbasket.hu\/wp-content\/uploads\/2019\/02\/IMG_1561-e1549120044176-32x22.jpg 32w, https:\/\/vasasbasket.hu\/wp-content\/uploads\/2019\/02\/IMG_1561-e1549120044176-98x67.jpg 98w\" sizes=\"auto, (max-width: 491px) 100vw, 491px\" \/><\/p>\n","protected":false},"excerpt":{"rendered":"<p>A Vasas Akad\u00e9mia feln\u0151tt csapat\u00e1nak cs\u00fct\u00f6rt\u00f6k esti edz\u00e9s\u00e9n egy igazi legenda,\u00a0Du\u0161ko Vujo\u0161evi\u0107 foglalt helyet a piros-k\u00e9kek kispadj\u00e1n.\u00a0 A Partiz\u00e1n Belgr\u00e1d legend\u00e1s edz\u0151je,\u00a0Du\u0161ko Vujo\u0161evi\u0107 budapesti l\u00e1togat\u00e1sa sor\u00e1n tisztelet\u00e9t tette feln\u0151tt csapatunk edz\u00e9s\u00e9n. A montenegr\u00f3i sz\u00fclet\u00e9s\u0171 tr\u00e9ner n\u00e9gyszer nyert szerb-montenegr\u00f3i, hatszor pedig szerb bajnoks\u00e1got, \u00f6tsz\u00f6r\u00f6s Adria Liga gy\u0151ztes, FIBA Kora\u0107 Cup gy\u0151ztes, a 2009-10-es szezonban pedig az&#8230;<\/p>\n","protected":false},"author":1,"featured_media":5114,"comment_status":"closed","ping_status":"open","sticky":false,"template":"","format":"standard","meta":{"footnotes":""},"categories":[49,92],"tags":[],"class_list":["post-5113","post","type-post","status-publish","format-standard","has-post-thumbnail","hentry","category-nb1","category-hirek"],"yoast_head":"<!-- This site is optimized with the Yoast SEO plugin v26.0 - https:\/\/yoast.com\/wordpress\/plugins\/seo\/ -->\n<title>Edz\u0151legenda a feln\u0151ttek edz\u00e9s\u00e9n - Vasas n\u0151i kos\u00e1rlabda<\/title>\n<meta name=\"robots\" content=\"index, follow, max-snippet:-1, max-image-preview:large, max-video-preview:-1\" \/>\n<link rel=\"canonical\" href=\"https:\/\/vasasbasket.hu\/index.php\/edzolegenda-a-felnottek-edzesen\/\" \/>\n<meta property=\"og:locale\" content=\"hu_HU\" \/>\n<meta property=\"og:type\" content=\"article\" \/>\n<meta property=\"og:title\" content=\"Edz\u0151legenda a feln\u0151ttek edz\u00e9s\u00e9n - Vasas n\u0151i kos\u00e1rlabda\" \/>\n<meta property=\"og:description\" content=\"A Vasas Akad\u00e9mia feln\u0151tt csapat\u00e1nak cs\u00fct\u00f6rt\u00f6k esti edz\u00e9s\u00e9n egy igazi legenda,\u00a0Du\u0161ko Vujo\u0161evi\u0107 foglalt helyet a piros-k\u00e9kek kispadj\u00e1n.\u00a0 A Partiz\u00e1n Belgr\u00e1d legend\u00e1s edz\u0151je,\u00a0Du\u0161ko Vujo\u0161evi\u0107 budapesti l\u00e1togat\u00e1sa sor\u00e1n tisztelet\u00e9t tette feln\u0151tt csapatunk edz\u00e9s\u00e9n. A montenegr\u00f3i sz\u00fclet\u00e9s\u0171 tr\u00e9ner n\u00e9gyszer nyert szerb-montenegr\u00f3i, hatszor pedig szerb bajnoks\u00e1got, \u00f6tsz\u00f6r\u00f6s Adria Liga gy\u0151ztes, FIBA Kora\u0107 Cup gy\u0151ztes, a 2009-10-es szezonban pedig az...\" \/>\n<meta property=\"og:url\" content=\"https:\/\/vasasbasket.hu\/index.php\/edzolegenda-a-felnottek-edzesen\/\" \/>\n<meta property=\"og:site_name\" content=\"Vasas n\u0151i kos\u00e1rlabda\" \/>\n<meta property=\"article:publisher\" content=\"https:\/\/www.facebook.com\/vasaswbasket\/\" \/>\n<meta property=\"article:published_time\" content=\"2019-02-01T14:22:35+00:00\" \/>\n<meta property=\"article:modified_time\" content=\"2019-02-02T15:14:22+00:00\" \/>\n<meta property=\"og:image\" content=\"https:\/\/vasasbasket.hu\/wp-content\/uploads\/2019\/02\/50995804_10213766341287837_5080473671491911680_n-e1549031532912.jpg\" \/>\n\t<meta property=\"og:image:width\" content=\"688\" \/>\n\t<meta property=\"og:image:height\" content=\"405\" \/>\n\t<meta property=\"og:image:type\" content=\"image\/jpeg\" \/>\n<meta name=\"author\" content=\"admin\" \/>\n<meta name=\"twitter:card\" content=\"summary_large_image\" \/>\n<meta name=\"twitter:label1\" content=\"Szerz\u0151:\" \/>\n\t<meta name=\"twitter:data1\" content=\"admin\" \/>\n\t<meta name=\"twitter:label2\" content=\"Becs\u00fclt olvas\u00e1si id\u0151\" \/>\n\t<meta name=\"twitter:data2\" content=\"2 perc\" \/>\n<script type=\"application\/ld+json\" class=\"yoast-schema-graph\">{\"@context\":\"https:\/\/schema.org\",\"@graph\":[{\"@type\":\"Article\",\"@id\":\"https:\/\/vasasbasket.hu\/index.php\/edzolegenda-a-felnottek-edzesen\/#article\",\"isPartOf\":{\"@id\":\"https:\/\/vasasbasket.hu\/index.php\/edzolegenda-a-felnottek-edzesen\/\"},\"author\":{\"name\":\"admin\",\"@id\":\"https:\/\/vasasbasket.hu\/#\/schema\/person\/f1085f4d2c6582d8d0f977e92de2edee\"},\"headline\":\"Edz\u0151legenda a feln\u0151ttek edz\u00e9s\u00e9n\",\"datePublished\":\"2019-02-01T14:22:35+00:00\",\"dateModified\":\"2019-02-02T15:14:22+00:00\",\"mainEntityOfPage\":{\"@id\":\"https:\/\/vasasbasket.hu\/index.php\/edzolegenda-a-felnottek-edzesen\/\"},\"wordCount\":361,\"publisher\":{\"@id\":\"https:\/\/vasasbasket.hu\/#organization\"},\"image\":{\"@id\":\"https:\/\/vasasbasket.hu\/index.php\/edzolegenda-a-felnottek-edzesen\/#primaryimage\"},\"thumbnailUrl\":\"https:\/\/vasasbasket.hu\/wp-content\/uploads\/2019\/02\/50995804_10213766341287837_5080473671491911680_n-e1549031532912.jpg\",\"articleSection\":[\"NB1\/A\",\"\u00d6sszes H\u00edr\"],\"inLanguage\":\"hu\"},{\"@type\":\"WebPage\",\"@id\":\"https:\/\/vasasbasket.hu\/index.php\/edzolegenda-a-felnottek-edzesen\/\",\"url\":\"https:\/\/vasasbasket.hu\/index.php\/edzolegenda-a-felnottek-edzesen\/\",\"name\":\"Edz\u0151legenda a feln\u0151ttek edz\u00e9s\u00e9n - Vasas n\u0151i kos\u00e1rlabda\",\"isPartOf\":{\"@id\":\"https:\/\/vasasbasket.hu\/#website\"},\"primaryImageOfPage\":{\"@id\":\"https:\/\/vasasbasket.hu\/index.php\/edzolegenda-a-felnottek-edzesen\/#primaryimage\"},\"image\":{\"@id\":\"https:\/\/vasasbasket.hu\/index.php\/edzolegenda-a-felnottek-edzesen\/#primaryimage\"},\"thumbnailUrl\":\"https:\/\/vasasbasket.hu\/wp-content\/uploads\/2019\/02\/50995804_10213766341287837_5080473671491911680_n-e1549031532912.jpg\",\"datePublished\":\"2019-02-01T14:22:35+00:00\",\"dateModified\":\"2019-02-02T15:14:22+00:00\",\"breadcrumb\":{\"@id\":\"https:\/\/vasasbasket.hu\/index.php\/edzolegenda-a-felnottek-edzesen\/#breadcrumb\"},\"inLanguage\":\"hu\",\"potentialAction\":[{\"@type\":\"ReadAction\",\"target\":[\"https:\/\/vasasbasket.hu\/index.php\/edzolegenda-a-felnottek-edzesen\/\"]}]},{\"@type\":\"ImageObject\",\"inLanguage\":\"hu\",\"@id\":\"https:\/\/vasasbasket.hu\/index.php\/edzolegenda-a-felnottek-edzesen\/#primaryimage\",\"url\":\"https:\/\/vasasbasket.hu\/wp-content\/uploads\/2019\/02\/50995804_10213766341287837_5080473671491911680_n-e1549031532912.jpg\",\"contentUrl\":\"https:\/\/vasasbasket.hu\/wp-content\/uploads\/2019\/02\/50995804_10213766341287837_5080473671491911680_n-e1549031532912.jpg\",\"width\":688,\"height\":405},{\"@type\":\"BreadcrumbList\",\"@id\":\"https:\/\/vasasbasket.hu\/index.php\/edzolegenda-a-felnottek-edzesen\/#breadcrumb\",\"itemListElement\":[{\"@type\":\"ListItem\",\"position\":1,\"name\":\"Kezd\u0151lap\",\"item\":\"https:\/\/vasasbasket.hu\/\"},{\"@type\":\"ListItem\",\"position\":2,\"name\":\"Edz\u0151legenda a feln\u0151ttek edz\u00e9s\u00e9n\"}]},{\"@type\":\"WebSite\",\"@id\":\"https:\/\/vasasbasket.hu\/#website\",\"url\":\"https:\/\/vasasbasket.hu\/\",\"name\":\"Vasas n\u0151i kos\u00e1rlabda\",\"description\":\"Vasas Basket N\u0151i\",\"publisher\":{\"@id\":\"https:\/\/vasasbasket.hu\/#organization\"},\"potentialAction\":[{\"@type\":\"SearchAction\",\"target\":{\"@type\":\"EntryPoint\",\"urlTemplate\":\"https:\/\/vasasbasket.hu\/?s={search_term_string}\"},\"query-input\":{\"@type\":\"PropertyValueSpecification\",\"valueRequired\":true,\"valueName\":\"search_term_string\"}}],\"inLanguage\":\"hu\"},{\"@type\":\"Organization\",\"@id\":\"https:\/\/vasasbasket.hu\/#organization\",\"name\":\"Vasas n\u0151i kos\u00e1rlabda\",\"url\":\"https:\/\/vasasbasket.hu\/\",\"logo\":{\"@type\":\"ImageObject\",\"inLanguage\":\"hu\",\"@id\":\"https:\/\/vasasbasket.hu\/#\/schema\/logo\/image\/\",\"url\":\"https:\/\/vasasbasket.hu\/wp-content\/uploads\/2017\/03\/vasas_cimer_1200.jpg\",\"contentUrl\":\"https:\/\/vasasbasket.hu\/wp-content\/uploads\/2017\/03\/vasas_cimer_1200.jpg\",\"width\":1200,\"height\":1200,\"caption\":\"Vasas n\u0151i kos\u00e1rlabda\"},\"image\":{\"@id\":\"https:\/\/vasasbasket.hu\/#\/schema\/logo\/image\/\"},\"sameAs\":[\"https:\/\/www.facebook.com\/vasaswbasket\/\"]},{\"@type\":\"Person\",\"@id\":\"https:\/\/vasasbasket.hu\/#\/schema\/person\/f1085f4d2c6582d8d0f977e92de2edee\",\"name\":\"admin\",\"image\":{\"@type\":\"ImageObject\",\"inLanguage\":\"hu\",\"@id\":\"https:\/\/vasasbasket.hu\/#\/schema\/person\/image\/\",\"url\":\"https:\/\/secure.gravatar.com\/avatar\/645c92f7d9cfe02bd93ce2d1cfa11cd3a268bdfe65486552ff04b193cea07634?s=96&d=mm&r=g\",\"contentUrl\":\"https:\/\/secure.gravatar.com\/avatar\/645c92f7d9cfe02bd93ce2d1cfa11cd3a268bdfe65486552ff04b193cea07634?s=96&d=mm&r=g\",\"caption\":\"admin\"},\"url\":\"https:\/\/vasasbasket.hu\/index.php\/author\/admin\/\"}]}<\/script>\n<!-- \/ Yoast SEO plugin. -->","yoast_head_json":{"title":"Edz\u0151legenda a feln\u0151ttek edz\u00e9s\u00e9n - Vasas n\u0151i kos\u00e1rlabda","robots":{"index":"index","follow":"follow","max-snippet":"max-snippet:-1","max-image-preview":"max-image-preview:large","max-video-preview":"max-video-preview:-1"},"canonical":"https:\/\/vasasbasket.hu\/index.php\/edzolegenda-a-felnottek-edzesen\/","og_locale":"hu_HU","og_type":"article","og_title":"Edz\u0151legenda a feln\u0151ttek edz\u00e9s\u00e9n - Vasas n\u0151i kos\u00e1rlabda","og_description":"A Vasas Akad\u00e9mia feln\u0151tt csapat\u00e1nak cs\u00fct\u00f6rt\u00f6k esti edz\u00e9s\u00e9n egy igazi legenda,\u00a0Du\u0161ko Vujo\u0161evi\u0107 foglalt helyet a piros-k\u00e9kek kispadj\u00e1n.\u00a0 A Partiz\u00e1n Belgr\u00e1d legend\u00e1s edz\u0151je,\u00a0Du\u0161ko Vujo\u0161evi\u0107 budapesti l\u00e1togat\u00e1sa sor\u00e1n tisztelet\u00e9t tette feln\u0151tt csapatunk edz\u00e9s\u00e9n. A montenegr\u00f3i sz\u00fclet\u00e9s\u0171 tr\u00e9ner n\u00e9gyszer nyert szerb-montenegr\u00f3i, hatszor pedig szerb bajnoks\u00e1got, \u00f6tsz\u00f6r\u00f6s Adria Liga gy\u0151ztes, FIBA Kora\u0107 Cup gy\u0151ztes, a 2009-10-es szezonban pedig az...","og_url":"https:\/\/vasasbasket.hu\/index.php\/edzolegenda-a-felnottek-edzesen\/","og_site_name":"Vasas n\u0151i kos\u00e1rlabda","article_publisher":"https:\/\/www.facebook.com\/vasaswbasket\/","article_published_time":"2019-02-01T14:22:35+00:00","article_modified_time":"2019-02-02T15:14:22+00:00","og_image":[{"width":688,"height":405,"url":"https:\/\/vasasbasket.hu\/wp-content\/uploads\/2019\/02\/50995804_10213766341287837_5080473671491911680_n-e1549031532912.jpg","type":"image\/jpeg"}],"author":"admin","twitter_card":"summary_large_image","twitter_misc":{"Szerz\u0151:":"admin","Becs\u00fclt olvas\u00e1si id\u0151":"2 perc"},"schema":{"@context":"https:\/\/schema.org","@graph":[{"@type":"Article","@id":"https:\/\/vasasbasket.hu\/index.php\/edzolegenda-a-felnottek-edzesen\/#article","isPartOf":{"@id":"https:\/\/vasasbasket.hu\/index.php\/edzolegenda-a-felnottek-edzesen\/"},"author":{"name":"admin","@id":"https:\/\/vasasbasket.hu\/#\/schema\/person\/f1085f4d2c6582d8d0f977e92de2edee"},"headline":"Edz\u0151legenda a feln\u0151ttek edz\u00e9s\u00e9n","datePublished":"2019-02-01T14:22:35+00:00","dateModified":"2019-02-02T15:14:22+00:00","mainEntityOfPage":{"@id":"https:\/\/vasasbasket.hu\/index.php\/edzolegenda-a-felnottek-edzesen\/"},"wordCount":361,"publisher":{"@id":"https:\/\/vasasbasket.hu\/#organization"},"image":{"@id":"https:\/\/vasasbasket.hu\/index.php\/edzolegenda-a-felnottek-edzesen\/#primaryimage"},"thumbnailUrl":"https:\/\/vasasbasket.hu\/wp-content\/uploads\/2019\/02\/50995804_10213766341287837_5080473671491911680_n-e1549031532912.jpg","articleSection":["NB1\/A","\u00d6sszes H\u00edr"],"inLanguage":"hu"},{"@type":"WebPage","@id":"https:\/\/vasasbasket.hu\/index.php\/edzolegenda-a-felnottek-edzesen\/","url":"https:\/\/vasasbasket.hu\/index.php\/edzolegenda-a-felnottek-edzesen\/","name":"Edz\u0151legenda a feln\u0151ttek edz\u00e9s\u00e9n - Vasas n\u0151i kos\u00e1rlabda","isPartOf":{"@id":"https:\/\/vasasbasket.hu\/#website"},"primaryImageOfPage":{"@id":"https:\/\/vasasbasket.hu\/index.php\/edzolegenda-a-felnottek-edzesen\/#primaryimage"},"image":{"@id":"https:\/\/vasasbasket.hu\/index.php\/edzolegenda-a-felnottek-edzesen\/#primaryimage"},"thumbnailUrl":"https:\/\/vasasbasket.hu\/wp-content\/uploads\/2019\/02\/50995804_10213766341287837_5080473671491911680_n-e1549031532912.jpg","datePublished":"2019-02-01T14:22:35+00:00","dateModified":"2019-02-02T15:14:22+00:00","breadcrumb":{"@id":"https:\/\/vasasbasket.hu\/index.php\/edzolegenda-a-felnottek-edzesen\/#breadcrumb"},"inLanguage":"hu","potentialAction":[{"@type":"ReadAction","target":["https:\/\/vasasbasket.hu\/index.php\/edzolegenda-a-felnottek-edzesen\/"]}]},{"@type":"ImageObject","inLanguage":"hu","@id":"https:\/\/vasasbasket.hu\/index.php\/edzolegenda-a-felnottek-edzesen\/#primaryimage","url":"https:\/\/vasasbasket.hu\/wp-content\/uploads\/2019\/02\/50995804_10213766341287837_5080473671491911680_n-e1549031532912.jpg","contentUrl":"https:\/\/vasasbasket.hu\/wp-content\/uploads\/2019\/02\/50995804_10213766341287837_5080473671491911680_n-e1549031532912.jpg","width":688,"height":405},{"@type":"BreadcrumbList","@id":"https:\/\/vasasbasket.hu\/index.php\/edzolegenda-a-felnottek-edzesen\/#breadcrumb","itemListElement":[{"@type":"ListItem","position":1,"name":"Kezd\u0151lap","item":"https:\/\/vasasbasket.hu\/"},{"@type":"ListItem","position":2,"name":"Edz\u0151legenda a feln\u0151ttek edz\u00e9s\u00e9n"}]},{"@type":"WebSite","@id":"https:\/\/vasasbasket.hu\/#website","url":"https:\/\/vasasbasket.hu\/","name":"Vasas n\u0151i kos\u00e1rlabda","description":"Vasas Basket N\u0151i","publisher":{"@id":"https:\/\/vasasbasket.hu\/#organization"},"potentialAction":[{"@type":"SearchAction","target":{"@type":"EntryPoint","urlTemplate":"https:\/\/vasasbasket.hu\/?s={search_term_string}"},"query-input":{"@type":"PropertyValueSpecification","valueRequired":true,"valueName":"search_term_string"}}],"inLanguage":"hu"},{"@type":"Organization","@id":"https:\/\/vasasbasket.hu\/#organization","name":"Vasas n\u0151i kos\u00e1rlabda","url":"https:\/\/vasasbasket.hu\/","logo":{"@type":"ImageObject","inLanguage":"hu","@id":"https:\/\/vasasbasket.hu\/#\/schema\/logo\/image\/","url":"https:\/\/vasasbasket.hu\/wp-content\/uploads\/2017\/03\/vasas_cimer_1200.jpg","contentUrl":"https:\/\/vasasbasket.hu\/wp-content\/uploads\/2017\/03\/vasas_cimer_1200.jpg","width":1200,"height":1200,"caption":"Vasas n\u0151i kos\u00e1rlabda"},"image":{"@id":"https:\/\/vasasbasket.hu\/#\/schema\/logo\/image\/"},"sameAs":["https:\/\/www.facebook.com\/vasaswbasket\/"]},{"@type":"Person","@id":"https:\/\/vasasbasket.hu\/#\/schema\/person\/f1085f4d2c6582d8d0f977e92de2edee","name":"admin","image":{"@type":"ImageObject","inLanguage":"hu","@id":"https:\/\/vasasbasket.hu\/#\/schema\/person\/image\/","url":"https:\/\/secure.gravatar.com\/avatar\/645c92f7d9cfe02bd93ce2d1cfa11cd3a268bdfe65486552ff04b193cea07634?s=96&d=mm&r=g","contentUrl":"https:\/\/secure.gravatar.com\/avatar\/645c92f7d9cfe02bd93ce2d1cfa11cd3a268bdfe65486552ff04b193cea07634?s=96&d=mm&r=g","caption":"admin"},"url":"https:\/\/vasasbasket.hu\/index.php\/author\/admin\/"}]}},"_links":{"self":[{"href":"https:\/\/vasasbasket.hu\/index.php\/wp-json\/wp\/v2\/posts\/5113","targetHints":{"allow":["GET"]}}],"collection":[{"href":"https:\/\/vasasbasket.hu\/index.php\/wp-json\/wp\/v2\/posts"}],"about":[{"href":"https:\/\/vasasbasket.hu\/index.php\/wp-json\/wp\/v2\/types\/post"}],"author":[{"embeddable":true,"href":"https:\/\/vasasbasket.hu\/index.php\/wp-json\/wp\/v2\/users\/1"}],"replies":[{"embeddable":true,"href":"https:\/\/vasasbasket.hu\/index.php\/wp-json\/wp\/v2\/comments?post=5113"}],"version-history":[{"count":5,"href":"https:\/\/vasasbasket.hu\/index.php\/wp-json\/wp\/v2\/posts\/5113\/revisions"}],"predecessor-version":[{"id":5124,"href":"https:\/\/vasasbasket.hu\/index.php\/wp-json\/wp\/v2\/posts\/5113\/revisions\/5124"}],"wp:featuredmedia":[{"embeddable":true,"href":"https:\/\/vasasbasket.hu\/index.php\/wp-json\/wp\/v2\/media\/5114"}],"wp:attachment":[{"href":"https:\/\/vasasbasket.hu\/index.php\/wp-json\/wp\/v2\/media?parent=5113"}],"wp:term":[{"taxonomy":"category","embeddable":true,"href":"https:\/\/vasasbasket.hu\/index.php\/wp-json\/wp\/v2\/categories?post=5113"},{"taxonomy":"post_tag","embeddable":true,"href":"https:\/\/vasasbasket.hu\/index.php\/wp-json\/wp\/v2\/tags?post=5113"}],"curies":[{"name":"wp","href":"https:\/\/api.w.org\/{rel}","templated":true}]}}