{"id":5110,"date":"2019-02-01T13:32:52","date_gmt":"2019-02-01T13:32:52","guid":{"rendered":"http:\/\/vasasbasket.hu\/?p=5110"},"modified":"2019-02-01T13:32:52","modified_gmt":"2019-02-01T13:32:52","slug":"pecsrol-erkezik-hetvegi-ellenfelunk","status":"publish","type":"post","link":"https:\/\/vasasbasket.hu\/index.php\/pecsrol-erkezik-hetvegi-ellenfelunk\/","title":{"rendered":"P\u00e9csr\u0151l \u00e9rkezik h\u00e9tv\u00e9gi ellenfel\u00fcnk"},"content":{"rendered":"<p><strong>A Vasas Akad\u00e9mia feln\u0151tt csapata a bajnoks\u00e1g \u00f6t\u00f6dik hely\u00e9n \u00e1ll\u00f3 PEAC-P\u00e9cs ellen l\u00e9p p\u00e1ly\u00e1ra a h\u00e9tv\u00e9g\u00e9n.<\/strong><\/p>\n<p>A bajnoks\u00e1g als\u00f3h\u00e1z\u00e1ban h\u00e1rmas holtverseny alakult ki a nyolcadik \u00e9s a tizedik hely k\u00f6z\u00f6tt. Csapatunk jelenleg a tizedik helyen \u00e1ll, \u00edgy egy esetleges meglepet\u00e9sgy\u0151zelemmel r\u00f6gt\u00f6n k\u00e9t helyet is tudn\u00e1nk jav\u00edtani. A m\u00faltheti szeksz\u00e1rdi tal\u00e1lkoz\u00f3n hi\u00e1nyosan is \u00f3ri\u00e1sit k\u00fczd\u00f6ttek F\u00f6ldi Attila l\u00e1nyai, \u00edgy teljes kerettel, \u00e9s kell\u0151 motiv\u00e1ci\u00f3val megnehez\u00edthetj\u00fck a p\u00e9csiek dolg\u00e1t.<\/p>\n<p>A PEAC a Gy\u0151r elleni m\u00e9rk\u0151z\u00e9sen k\u00edv\u00fcl nem kapott m\u00e9g ki olyan csapat ellen az idei szezonban, amely lejjebb helyezkedik el a p\u00e9csiekn\u00e9l a bajnoki tabell\u00e1n. M\u00falt h\u00e9ten a DVTK otthon\u00e1ban, egy szoros els\u0151 f\u00e9lid\u0151t k\u00f6vet\u0151en 11 ponttal kapott ki Meszl\u00e9nyi R\u00f3bert csapata, \u00edgy v\u00e1rhat\u00f3an gy\u0151zelemre \u00e9hesen \u00e9rkeznek majd a p\u00e9csiek szombaton Pasar\u00e9tre.<\/p>\n<p><em>&#8222;A PEAC egy nagyon j\u00f3 csapat, \u00edgy nek\u00fcnk maxim\u00e1lis teljes\u00edtm\u00e9nyt kell hoznunk ahhoz, hogy legyen es\u00e9ly\u00fcnk. Mindent meg fogunk tenni annak \u00e9rdek\u00e9ben, hogy ez siker\u00fclj\u00f6n&#8221;<\/em> &#8211; mondta a Vasas Akad\u00e9mia vezet\u0151edz\u0151je, F\u00f6ldi Attila.<\/p>\n<p>A m\u00e9rk\u0151z\u00e9s el\u0151tti teljes nyilatkozatot az al\u00e1bbi linken lehet megtekinteni:\u00a0<a href=\"https:\/\/www.youtube.com\/watch?v=j9wpmsoHKaI\">https:\/\/www.youtube.com\/watch?v=j9wpmsoHKaI<\/a><\/p>\n<p>A m\u00e9rk\u0151z\u00e9s 18:00-kor kezd\u0151dik a Vasas Pasar\u00e9ti Sportcentrumban.<\/p>\n","protected":false},"excerpt":{"rendered":"<p>A Vasas Akad\u00e9mia feln\u0151tt csapata a bajnoks\u00e1g \u00f6t\u00f6dik hely\u00e9n \u00e1ll\u00f3 PEAC-P\u00e9cs ellen l\u00e9p p\u00e1ly\u00e1ra a h\u00e9tv\u00e9g\u00e9n. A bajnoks\u00e1g als\u00f3h\u00e1z\u00e1ban h\u00e1rmas holtverseny alakult ki a nyolcadik \u00e9s a tizedik hely k\u00f6z\u00f6tt. Csapatunk jelenleg a tizedik helyen \u00e1ll, \u00edgy egy esetleges meglepet\u00e9sgy\u0151zelemmel r\u00f6gt\u00f6n k\u00e9t helyet is tudn\u00e1nk jav\u00edtani. A m\u00faltheti szeksz\u00e1rdi tal\u00e1lkoz\u00f3n hi\u00e1nyosan is \u00f3ri\u00e1sit k\u00fczd\u00f6ttek F\u00f6ldi&#8230;<\/p>\n","protected":false},"author":1,"featured_media":5111,"comment_status":"closed","ping_status":"open","sticky":false,"template":"","format":"standard","meta":{"footnotes":""},"categories":[49,92],"tags":[],"class_list":["post-5110","post","type-post","status-publish","format-standard","has-post-thumbnail","hentry","category-nb1","category-hirek"],"yoast_head":"<!-- This site is optimized with the Yoast SEO plugin v26.0 - https:\/\/yoast.com\/wordpress\/plugins\/seo\/ -->\n<title>P\u00e9csr\u0151l \u00e9rkezik h\u00e9tv\u00e9gi ellenfel\u00fcnk - Vasas n\u0151i kos\u00e1rlabda<\/title>\n<meta name=\"robots\" content=\"index, follow, max-snippet:-1, max-image-preview:large, max-video-preview:-1\" \/>\n<link rel=\"canonical\" href=\"https:\/\/vasasbasket.hu\/index.php\/pecsrol-erkezik-hetvegi-ellenfelunk\/\" \/>\n<meta property=\"og:locale\" content=\"hu_HU\" \/>\n<meta property=\"og:type\" content=\"article\" \/>\n<meta property=\"og:title\" content=\"P\u00e9csr\u0151l \u00e9rkezik h\u00e9tv\u00e9gi ellenfel\u00fcnk - Vasas n\u0151i kos\u00e1rlabda\" \/>\n<meta property=\"og:description\" content=\"A Vasas Akad\u00e9mia feln\u0151tt csapata a bajnoks\u00e1g \u00f6t\u00f6dik hely\u00e9n \u00e1ll\u00f3 PEAC-P\u00e9cs ellen l\u00e9p p\u00e1ly\u00e1ra a h\u00e9tv\u00e9g\u00e9n. A bajnoks\u00e1g als\u00f3h\u00e1z\u00e1ban h\u00e1rmas holtverseny alakult ki a nyolcadik \u00e9s a tizedik hely k\u00f6z\u00f6tt. Csapatunk jelenleg a tizedik helyen \u00e1ll, \u00edgy egy esetleges meglepet\u00e9sgy\u0151zelemmel r\u00f6gt\u00f6n k\u00e9t helyet is tudn\u00e1nk jav\u00edtani. A m\u00faltheti szeksz\u00e1rdi tal\u00e1lkoz\u00f3n hi\u00e1nyosan is \u00f3ri\u00e1sit k\u00fczd\u00f6ttek F\u00f6ldi...\" \/>\n<meta property=\"og:url\" content=\"https:\/\/vasasbasket.hu\/index.php\/pecsrol-erkezik-hetvegi-ellenfelunk\/\" \/>\n<meta property=\"og:site_name\" content=\"Vasas n\u0151i kos\u00e1rlabda\" \/>\n<meta property=\"article:publisher\" content=\"https:\/\/www.facebook.com\/vasaswbasket\/\" \/>\n<meta property=\"article:published_time\" content=\"2019-02-01T13:32:52+00:00\" \/>\n<meta property=\"og:image\" content=\"https:\/\/vasasbasket.hu\/wp-content\/uploads\/2019\/02\/476_whun_936-scaled.jpg\" \/>\n\t<meta property=\"og:image:width\" content=\"2560\" \/>\n\t<meta property=\"og:image:height\" content=\"1707\" \/>\n\t<meta property=\"og:image:type\" content=\"image\/jpeg\" \/>\n<meta name=\"author\" content=\"admin\" \/>\n<meta name=\"twitter:card\" content=\"summary_large_image\" \/>\n<meta name=\"twitter:label1\" content=\"Szerz\u0151:\" \/>\n\t<meta name=\"twitter:data1\" content=\"admin\" \/>\n\t<meta name=\"twitter:label2\" content=\"Becs\u00fclt olvas\u00e1si id\u0151\" \/>\n\t<meta name=\"twitter:data2\" content=\"1 perc\" \/>\n<script type=\"application\/ld+json\" class=\"yoast-schema-graph\">{\"@context\":\"https:\/\/schema.org\",\"@graph\":[{\"@type\":\"Article\",\"@id\":\"https:\/\/vasasbasket.hu\/index.php\/pecsrol-erkezik-hetvegi-ellenfelunk\/#article\",\"isPartOf\":{\"@id\":\"https:\/\/vasasbasket.hu\/index.php\/pecsrol-erkezik-hetvegi-ellenfelunk\/\"},\"author\":{\"name\":\"admin\",\"@id\":\"https:\/\/vasasbasket.hu\/#\/schema\/person\/f1085f4d2c6582d8d0f977e92de2edee\"},\"headline\":\"P\u00e9csr\u0151l \u00e9rkezik h\u00e9tv\u00e9gi ellenfel\u00fcnk\",\"datePublished\":\"2019-02-01T13:32:52+00:00\",\"mainEntityOfPage\":{\"@id\":\"https:\/\/vasasbasket.hu\/index.php\/pecsrol-erkezik-hetvegi-ellenfelunk\/\"},\"wordCount\":276,\"publisher\":{\"@id\":\"https:\/\/vasasbasket.hu\/#organization\"},\"image\":{\"@id\":\"https:\/\/vasasbasket.hu\/index.php\/pecsrol-erkezik-hetvegi-ellenfelunk\/#primaryimage\"},\"thumbnailUrl\":\"https:\/\/vasasbasket.hu\/wp-content\/uploads\/2019\/02\/476_whun_936-scaled.jpg\",\"articleSection\":[\"NB1\/A\",\"\u00d6sszes H\u00edr\"],\"inLanguage\":\"hu\"},{\"@type\":\"WebPage\",\"@id\":\"https:\/\/vasasbasket.hu\/index.php\/pecsrol-erkezik-hetvegi-ellenfelunk\/\",\"url\":\"https:\/\/vasasbasket.hu\/index.php\/pecsrol-erkezik-hetvegi-ellenfelunk\/\",\"name\":\"P\u00e9csr\u0151l \u00e9rkezik h\u00e9tv\u00e9gi ellenfel\u00fcnk - Vasas n\u0151i kos\u00e1rlabda\",\"isPartOf\":{\"@id\":\"https:\/\/vasasbasket.hu\/#website\"},\"primaryImageOfPage\":{\"@id\":\"https:\/\/vasasbasket.hu\/index.php\/pecsrol-erkezik-hetvegi-ellenfelunk\/#primaryimage\"},\"image\":{\"@id\":\"https:\/\/vasasbasket.hu\/index.php\/pecsrol-erkezik-hetvegi-ellenfelunk\/#primaryimage\"},\"thumbnailUrl\":\"https:\/\/vasasbasket.hu\/wp-content\/uploads\/2019\/02\/476_whun_936-scaled.jpg\",\"datePublished\":\"2019-02-01T13:32:52+00:00\",\"breadcrumb\":{\"@id\":\"https:\/\/vasasbasket.hu\/index.php\/pecsrol-erkezik-hetvegi-ellenfelunk\/#breadcrumb\"},\"inLanguage\":\"hu\",\"potentialAction\":[{\"@type\":\"ReadAction\",\"target\":[\"https:\/\/vasasbasket.hu\/index.php\/pecsrol-erkezik-hetvegi-ellenfelunk\/\"]}]},{\"@type\":\"ImageObject\",\"inLanguage\":\"hu\",\"@id\":\"https:\/\/vasasbasket.hu\/index.php\/pecsrol-erkezik-hetvegi-ellenfelunk\/#primaryimage\",\"url\":\"https:\/\/vasasbasket.hu\/wp-content\/uploads\/2019\/02\/476_whun_936-scaled.jpg\",\"contentUrl\":\"https:\/\/vasasbasket.hu\/wp-content\/uploads\/2019\/02\/476_whun_936-scaled.jpg\",\"width\":2560,\"height\":1707},{\"@type\":\"BreadcrumbList\",\"@id\":\"https:\/\/vasasbasket.hu\/index.php\/pecsrol-erkezik-hetvegi-ellenfelunk\/#breadcrumb\",\"itemListElement\":[{\"@type\":\"ListItem\",\"position\":1,\"name\":\"Kezd\u0151lap\",\"item\":\"https:\/\/vasasbasket.hu\/\"},{\"@type\":\"ListItem\",\"position\":2,\"name\":\"P\u00e9csr\u0151l \u00e9rkezik h\u00e9tv\u00e9gi ellenfel\u00fcnk\"}]},{\"@type\":\"WebSite\",\"@id\":\"https:\/\/vasasbasket.hu\/#website\",\"url\":\"https:\/\/vasasbasket.hu\/\",\"name\":\"Vasas n\u0151i kos\u00e1rlabda\",\"description\":\"Vasas Basket N\u0151i\",\"publisher\":{\"@id\":\"https:\/\/vasasbasket.hu\/#organization\"},\"potentialAction\":[{\"@type\":\"SearchAction\",\"target\":{\"@type\":\"EntryPoint\",\"urlTemplate\":\"https:\/\/vasasbasket.hu\/?s={search_term_string}\"},\"query-input\":{\"@type\":\"PropertyValueSpecification\",\"valueRequired\":true,\"valueName\":\"search_term_string\"}}],\"inLanguage\":\"hu\"},{\"@type\":\"Organization\",\"@id\":\"https:\/\/vasasbasket.hu\/#organization\",\"name\":\"Vasas n\u0151i kos\u00e1rlabda\",\"url\":\"https:\/\/vasasbasket.hu\/\",\"logo\":{\"@type\":\"ImageObject\",\"inLanguage\":\"hu\",\"@id\":\"https:\/\/vasasbasket.hu\/#\/schema\/logo\/image\/\",\"url\":\"https:\/\/vasasbasket.hu\/wp-content\/uploads\/2017\/03\/vasas_cimer_1200.jpg\",\"contentUrl\":\"https:\/\/vasasbasket.hu\/wp-content\/uploads\/2017\/03\/vasas_cimer_1200.jpg\",\"width\":1200,\"height\":1200,\"caption\":\"Vasas n\u0151i kos\u00e1rlabda\"},\"image\":{\"@id\":\"https:\/\/vasasbasket.hu\/#\/schema\/logo\/image\/\"},\"sameAs\":[\"https:\/\/www.facebook.com\/vasaswbasket\/\"]},{\"@type\":\"Person\",\"@id\":\"https:\/\/vasasbasket.hu\/#\/schema\/person\/f1085f4d2c6582d8d0f977e92de2edee\",\"name\":\"admin\",\"image\":{\"@type\":\"ImageObject\",\"inLanguage\":\"hu\",\"@id\":\"https:\/\/vasasbasket.hu\/#\/schema\/person\/image\/\",\"url\":\"https:\/\/secure.gravatar.com\/avatar\/645c92f7d9cfe02bd93ce2d1cfa11cd3a268bdfe65486552ff04b193cea07634?s=96&d=mm&r=g\",\"contentUrl\":\"https:\/\/secure.gravatar.com\/avatar\/645c92f7d9cfe02bd93ce2d1cfa11cd3a268bdfe65486552ff04b193cea07634?s=96&d=mm&r=g\",\"caption\":\"admin\"},\"url\":\"https:\/\/vasasbasket.hu\/index.php\/author\/admin\/\"}]}<\/script>\n<!-- \/ Yoast SEO plugin. -->","yoast_head_json":{"title":"P\u00e9csr\u0151l \u00e9rkezik h\u00e9tv\u00e9gi ellenfel\u00fcnk - Vasas n\u0151i kos\u00e1rlabda","robots":{"index":"index","follow":"follow","max-snippet":"max-snippet:-1","max-image-preview":"max-image-preview:large","max-video-preview":"max-video-preview:-1"},"canonical":"https:\/\/vasasbasket.hu\/index.php\/pecsrol-erkezik-hetvegi-ellenfelunk\/","og_locale":"hu_HU","og_type":"article","og_title":"P\u00e9csr\u0151l \u00e9rkezik h\u00e9tv\u00e9gi ellenfel\u00fcnk - Vasas n\u0151i kos\u00e1rlabda","og_description":"A Vasas Akad\u00e9mia feln\u0151tt csapata a bajnoks\u00e1g \u00f6t\u00f6dik hely\u00e9n \u00e1ll\u00f3 PEAC-P\u00e9cs ellen l\u00e9p p\u00e1ly\u00e1ra a h\u00e9tv\u00e9g\u00e9n. A bajnoks\u00e1g als\u00f3h\u00e1z\u00e1ban h\u00e1rmas holtverseny alakult ki a nyolcadik \u00e9s a tizedik hely k\u00f6z\u00f6tt. Csapatunk jelenleg a tizedik helyen \u00e1ll, \u00edgy egy esetleges meglepet\u00e9sgy\u0151zelemmel r\u00f6gt\u00f6n k\u00e9t helyet is tudn\u00e1nk jav\u00edtani. A m\u00faltheti szeksz\u00e1rdi tal\u00e1lkoz\u00f3n hi\u00e1nyosan is \u00f3ri\u00e1sit k\u00fczd\u00f6ttek F\u00f6ldi...","og_url":"https:\/\/vasasbasket.hu\/index.php\/pecsrol-erkezik-hetvegi-ellenfelunk\/","og_site_name":"Vasas n\u0151i kos\u00e1rlabda","article_publisher":"https:\/\/www.facebook.com\/vasaswbasket\/","article_published_time":"2019-02-01T13:32:52+00:00","og_image":[{"width":2560,"height":1707,"url":"https:\/\/vasasbasket.hu\/wp-content\/uploads\/2019\/02\/476_whun_936-scaled.jpg","type":"image\/jpeg"}],"author":"admin","twitter_card":"summary_large_image","twitter_misc":{"Szerz\u0151:":"admin","Becs\u00fclt olvas\u00e1si id\u0151":"1 perc"},"schema":{"@context":"https:\/\/schema.org","@graph":[{"@type":"Article","@id":"https:\/\/vasasbasket.hu\/index.php\/pecsrol-erkezik-hetvegi-ellenfelunk\/#article","isPartOf":{"@id":"https:\/\/vasasbasket.hu\/index.php\/pecsrol-erkezik-hetvegi-ellenfelunk\/"},"author":{"name":"admin","@id":"https:\/\/vasasbasket.hu\/#\/schema\/person\/f1085f4d2c6582d8d0f977e92de2edee"},"headline":"P\u00e9csr\u0151l \u00e9rkezik h\u00e9tv\u00e9gi ellenfel\u00fcnk","datePublished":"2019-02-01T13:32:52+00:00","mainEntityOfPage":{"@id":"https:\/\/vasasbasket.hu\/index.php\/pecsrol-erkezik-hetvegi-ellenfelunk\/"},"wordCount":276,"publisher":{"@id":"https:\/\/vasasbasket.hu\/#organization"},"image":{"@id":"https:\/\/vasasbasket.hu\/index.php\/pecsrol-erkezik-hetvegi-ellenfelunk\/#primaryimage"},"thumbnailUrl":"https:\/\/vasasbasket.hu\/wp-content\/uploads\/2019\/02\/476_whun_936-scaled.jpg","articleSection":["NB1\/A","\u00d6sszes H\u00edr"],"inLanguage":"hu"},{"@type":"WebPage","@id":"https:\/\/vasasbasket.hu\/index.php\/pecsrol-erkezik-hetvegi-ellenfelunk\/","url":"https:\/\/vasasbasket.hu\/index.php\/pecsrol-erkezik-hetvegi-ellenfelunk\/","name":"P\u00e9csr\u0151l \u00e9rkezik h\u00e9tv\u00e9gi ellenfel\u00fcnk - Vasas n\u0151i kos\u00e1rlabda","isPartOf":{"@id":"https:\/\/vasasbasket.hu\/#website"},"primaryImageOfPage":{"@id":"https:\/\/vasasbasket.hu\/index.php\/pecsrol-erkezik-hetvegi-ellenfelunk\/#primaryimage"},"image":{"@id":"https:\/\/vasasbasket.hu\/index.php\/pecsrol-erkezik-hetvegi-ellenfelunk\/#primaryimage"},"thumbnailUrl":"https:\/\/vasasbasket.hu\/wp-content\/uploads\/2019\/02\/476_whun_936-scaled.jpg","datePublished":"2019-02-01T13:32:52+00:00","breadcrumb":{"@id":"https:\/\/vasasbasket.hu\/index.php\/pecsrol-erkezik-hetvegi-ellenfelunk\/#breadcrumb"},"inLanguage":"hu","potentialAction":[{"@type":"ReadAction","target":["https:\/\/vasasbasket.hu\/index.php\/pecsrol-erkezik-hetvegi-ellenfelunk\/"]}]},{"@type":"ImageObject","inLanguage":"hu","@id":"https:\/\/vasasbasket.hu\/index.php\/pecsrol-erkezik-hetvegi-ellenfelunk\/#primaryimage","url":"https:\/\/vasasbasket.hu\/wp-content\/uploads\/2019\/02\/476_whun_936-scaled.jpg","contentUrl":"https:\/\/vasasbasket.hu\/wp-content\/uploads\/2019\/02\/476_whun_936-scaled.jpg","width":2560,"height":1707},{"@type":"BreadcrumbList","@id":"https:\/\/vasasbasket.hu\/index.php\/pecsrol-erkezik-hetvegi-ellenfelunk\/#breadcrumb","itemListElement":[{"@type":"ListItem","position":1,"name":"Kezd\u0151lap","item":"https:\/\/vasasbasket.hu\/"},{"@type":"ListItem","position":2,"name":"P\u00e9csr\u0151l \u00e9rkezik h\u00e9tv\u00e9gi ellenfel\u00fcnk"}]},{"@type":"WebSite","@id":"https:\/\/vasasbasket.hu\/#website","url":"https:\/\/vasasbasket.hu\/","name":"Vasas n\u0151i kos\u00e1rlabda","description":"Vasas Basket N\u0151i","publisher":{"@id":"https:\/\/vasasbasket.hu\/#organization"},"potentialAction":[{"@type":"SearchAction","target":{"@type":"EntryPoint","urlTemplate":"https:\/\/vasasbasket.hu\/?s={search_term_string}"},"query-input":{"@type":"PropertyValueSpecification","valueRequired":true,"valueName":"search_term_string"}}],"inLanguage":"hu"},{"@type":"Organization","@id":"https:\/\/vasasbasket.hu\/#organization","name":"Vasas n\u0151i kos\u00e1rlabda","url":"https:\/\/vasasbasket.hu\/","logo":{"@type":"ImageObject","inLanguage":"hu","@id":"https:\/\/vasasbasket.hu\/#\/schema\/logo\/image\/","url":"https:\/\/vasasbasket.hu\/wp-content\/uploads\/2017\/03\/vasas_cimer_1200.jpg","contentUrl":"https:\/\/vasasbasket.hu\/wp-content\/uploads\/2017\/03\/vasas_cimer_1200.jpg","width":1200,"height":1200,"caption":"Vasas n\u0151i kos\u00e1rlabda"},"image":{"@id":"https:\/\/vasasbasket.hu\/#\/schema\/logo\/image\/"},"sameAs":["https:\/\/www.facebook.com\/vasaswbasket\/"]},{"@type":"Person","@id":"https:\/\/vasasbasket.hu\/#\/schema\/person\/f1085f4d2c6582d8d0f977e92de2edee","name":"admin","image":{"@type":"ImageObject","inLanguage":"hu","@id":"https:\/\/vasasbasket.hu\/#\/schema\/person\/image\/","url":"https:\/\/secure.gravatar.com\/avatar\/645c92f7d9cfe02bd93ce2d1cfa11cd3a268bdfe65486552ff04b193cea07634?s=96&d=mm&r=g","contentUrl":"https:\/\/secure.gravatar.com\/avatar\/645c92f7d9cfe02bd93ce2d1cfa11cd3a268bdfe65486552ff04b193cea07634?s=96&d=mm&r=g","caption":"admin"},"url":"https:\/\/vasasbasket.hu\/index.php\/author\/admin\/"}]}},"_links":{"self":[{"href":"https:\/\/vasasbasket.hu\/index.php\/wp-json\/wp\/v2\/posts\/5110","targetHints":{"allow":["GET"]}}],"collection":[{"href":"https:\/\/vasasbasket.hu\/index.php\/wp-json\/wp\/v2\/posts"}],"about":[{"href":"https:\/\/vasasbasket.hu\/index.php\/wp-json\/wp\/v2\/types\/post"}],"author":[{"embeddable":true,"href":"https:\/\/vasasbasket.hu\/index.php\/wp-json\/wp\/v2\/users\/1"}],"replies":[{"embeddable":true,"href":"https:\/\/vasasbasket.hu\/index.php\/wp-json\/wp\/v2\/comments?post=5110"}],"version-history":[{"count":1,"href":"https:\/\/vasasbasket.hu\/index.php\/wp-json\/wp\/v2\/posts\/5110\/revisions"}],"predecessor-version":[{"id":5112,"href":"https:\/\/vasasbasket.hu\/index.php\/wp-json\/wp\/v2\/posts\/5110\/revisions\/5112"}],"wp:featuredmedia":[{"embeddable":true,"href":"https:\/\/vasasbasket.hu\/index.php\/wp-json\/wp\/v2\/media\/5111"}],"wp:attachment":[{"href":"https:\/\/vasasbasket.hu\/index.php\/wp-json\/wp\/v2\/media?parent=5110"}],"wp:term":[{"taxonomy":"category","embeddable":true,"href":"https:\/\/vasasbasket.hu\/index.php\/wp-json\/wp\/v2\/categories?post=5110"},{"taxonomy":"post_tag","embeddable":true,"href":"https:\/\/vasasbasket.hu\/index.php\/wp-json\/wp\/v2\/tags?post=5110"}],"curies":[{"name":"wp","href":"https:\/\/api.w.org\/{rel}","templated":true}]}}