{"id":5093,"date":"2019-01-28T14:21:27","date_gmt":"2019-01-28T14:21:27","guid":{"rendered":"http:\/\/vasasbasket.hu\/?p=5093"},"modified":"2019-01-28T14:21:27","modified_gmt":"2019-01-28T14:21:27","slug":"palyan-az-u12-esek","status":"publish","type":"post","link":"https:\/\/vasasbasket.hu\/index.php\/palyan-az-u12-esek\/","title":{"rendered":"P\u00e1ly\u00e1n az U12-esek"},"content":{"rendered":"<p><strong>Az Orsz\u00e1gos Gyerek Bajnoks\u00e1g negyedik fordul\u00f3j\u00e1ban k\u00e9t m\u00e9rk\u0151z\u00e9st is j\u00e1tszott U12-es csapatunk a T\u00fcskecsarnokban. A T\u00f6r\u00f6k Sasok elleni gy\u0151zelmet k\u00f6vet\u0151en l\u00e1nyaink l\u00e1that\u00f3an elf\u00e1radtak, \u00edgy b\u00e1r mindent megtettek, a Budapest Csepel ellen m\u00e1r nem j\u00e1rtak sikerrel.<\/strong><\/p>\n<p><em>&#8222;K\u00f6zel teljes kerettel v\u00e1gtunk neki a negyedik fordul\u00f3nak, ami a p\u00e1ly\u00e1n \u00e9s az eredm\u00e9nyjelz\u0151n is megmutatkozott.\u00a0Siker\u00fclt felp\u00f6rgetni a l\u00e1nyokat, \u00e9s egy kis b\u00e1tor\u00edt\u00e1s ut\u00e1n \u00fagy mentek ki a p\u00e1ly\u00e1ra, hogy nyerni akarnak. Mindk\u00e9t meccs\u00fcnk\u00f6n nagyon sz\u00e9pen k\u00fczd\u00f6tt\u00fcnk, viszontl\u00e1ttam az elm\u00falt id\u0151szakban tanultakat (v\u00e9dekez\u00e9s, beseg\u00edt\u00e9s, egy-egy).\u00a0A T\u00f6r\u00f6k Sasok elleni m\u00e9rk\u0151z\u00e9s el\u0151tt k\u00fcl\u00f6n kiemeltem, hogy kikre kell nagyon odafigyelni az ellenf\u00e9ln\u00e9l. Szinte hib\u00e1tlanul hat\u00e1stalan\u00edtottuk \u0151ket, ami k\u00fcl\u00f6n \u00f6r\u00f6m volt a sz\u00e1momra&#8221;<\/em> &#8211; mondta a csapat edz\u0151je, Kiss M\u00e1t\u00e9.<\/p>\n<p><strong>Vasas Amazonok &#8211;<\/strong> T\u00f6r\u00f6k Sasok <strong>38-24<\/strong> (9-4, 8+3 &#8211; 3+5, 10-8, 8-4)<br \/>\n<em>Pontszerz\u0151k:<\/em><br \/>\n<strong>Vasas Amazonok:<\/strong> Kiss Kamilla 3, F\u00e1bi\u00e1n Szofi 10, Schannen Zo\u00e9 4, Harmati Emma 6, Csercsa Eszter 2, D\u00fal Fanni 2, Pusk\u00e1s Lili 3, Lengyel Luca 2, Kasz\u00e1s Lili 5, Kiss Z\u00f3ra 1<br \/>\n<strong>T\u00f6r\u00f6k Sasok:<\/strong> Berki N\u00f3ra 6, K\u00e1lm\u00e1n Vill\u0151 4, K\u00e1lm\u00e1n Hanna 2, Koml\u00f3si T\u00edmea 6, Ol\u00e1h Fruzsina 3, Pong\u00f3 Fruzsina 1, Buz\u00e1s Lili\u00e1na 1, Hargitai Vikt\u00f3ria 1<\/p>\n<p><em>&#8222;A mind\u00f6ssze k\u00e9t l\u00e1nnyal fel\u00e1ll\u00f3 Csepel ellen siker\u00fclt egy izgalmas meccset j\u00e1tszanunk annak ellen\u00e9re, hogy nem volt pihen\u0151nk a k\u00e9t m\u00e9rk\u0151z\u00e9s k\u00f6z\u00f6tt. Az els\u0151 f\u00e9lid\u0151 v\u00e9g\u00e9n 22-20-at mutatott az eredm\u00e9nyjelz\u0151, a harmadik negyedben azonban l\u00e1that\u00f3 volt, hogy kezd\u00fcnk f\u00e1radni.\u00a0A negyedik negyedben valamennyire siker\u00fclt visszakapaszkodni, de m\u00e1r t\u00fal nagy volt a lemarad\u00e1s. Nagyon tetszett, hogy egy\u00e1ltal\u00e1n nem riadtunk meg a fi\u00fakt\u00f3l, k\u0151kem\u00e9nyen hajtottak a l\u00e1nyok v\u00e9g\u00e9ig. Nagyon sz\u00e9pen siker\u00fclt megoldani a v\u00e9dekez\u00e9st is, \u00e1m\u00a0a v\u00e9g\u00e9re nagyon elf\u00e1radtunk&#8221;<\/em> &#8211; mondta Kiss M\u00e1t\u00e9.<\/p>\n<p>Budapest Csepel <strong>&#8211; Vasas Amazonok 55-40<\/strong> (11-13, 11+6 &#8211; 7+4, 16-7, 11-9)<br \/>\n<em>Pontszerz\u0151k:<\/em><br \/>\n<strong>Vasas Amazonok:<\/strong> Kiss Kamilla 9, Kasz\u00e1s Lili 6, F\u00e1bi\u00e1n Szofi 10, Pusk\u00e1s Lili 3, Harmati Emma 3, Csercsa Eszter 2, D\u00fal Fanni 4, Kiss Z\u00f3ra 1, Schannen Zo\u00e9 1, Lengyel Luca 1<br \/>\n<strong>Budapest Csepel:<\/strong> B\u00e1nyai Bence 13, Ujhelyi Bal\u00e1zs 13, Bartha Kopp\u00e1ny 11, T\u00f3th B\u00e1lint 7, Sors Z\u00e9t\u00e9ny 2, Szeleczki S 2, Szab\u00f3 Anna 3, T\u00f3th Lili 1, Csuti Csongor 1, D\u00e9nes Domonkos 2<\/p>\n","protected":false},"excerpt":{"rendered":"<p>Az Orsz\u00e1gos Gyerek Bajnoks\u00e1g negyedik fordul\u00f3j\u00e1ban k\u00e9t m\u00e9rk\u0151z\u00e9st is j\u00e1tszott U12-es csapatunk a T\u00fcskecsarnokban. A T\u00f6r\u00f6k Sasok elleni gy\u0151zelmet k\u00f6vet\u0151en l\u00e1nyaink l\u00e1that\u00f3an elf\u00e1radtak, \u00edgy b\u00e1r mindent megtettek, a Budapest Csepel ellen m\u00e1r nem j\u00e1rtak sikerrel. &#8222;K\u00f6zel teljes kerettel v\u00e1gtunk neki a negyedik fordul\u00f3nak, ami a p\u00e1ly\u00e1n \u00e9s az eredm\u00e9nyjelz\u0151n is megmutatkozott.\u00a0Siker\u00fclt felp\u00f6rgetni a l\u00e1nyokat, \u00e9s&#8230;<\/p>\n","protected":false},"author":1,"featured_media":5094,"comment_status":"closed","ping_status":"open","sticky":false,"template":"","format":"standard","meta":{"footnotes":""},"categories":[73,92],"tags":[],"class_list":["post-5093","post","type-post","status-publish","format-standard","has-post-thumbnail","hentry","category-gyerek","category-hirek"],"yoast_head":"<!-- This site is optimized with the Yoast SEO plugin v26.0 - https:\/\/yoast.com\/wordpress\/plugins\/seo\/ -->\n<title>P\u00e1ly\u00e1n az U12-esek - Vasas n\u0151i kos\u00e1rlabda<\/title>\n<meta name=\"robots\" content=\"index, follow, max-snippet:-1, max-image-preview:large, max-video-preview:-1\" \/>\n<link rel=\"canonical\" href=\"https:\/\/vasasbasket.hu\/index.php\/palyan-az-u12-esek\/\" \/>\n<meta property=\"og:locale\" content=\"hu_HU\" \/>\n<meta property=\"og:type\" content=\"article\" \/>\n<meta property=\"og:title\" content=\"P\u00e1ly\u00e1n az U12-esek - Vasas n\u0151i kos\u00e1rlabda\" \/>\n<meta property=\"og:description\" content=\"Az Orsz\u00e1gos Gyerek Bajnoks\u00e1g negyedik fordul\u00f3j\u00e1ban k\u00e9t m\u00e9rk\u0151z\u00e9st is j\u00e1tszott U12-es csapatunk a T\u00fcskecsarnokban. A T\u00f6r\u00f6k Sasok elleni gy\u0151zelmet k\u00f6vet\u0151en l\u00e1nyaink l\u00e1that\u00f3an elf\u00e1radtak, \u00edgy b\u00e1r mindent megtettek, a Budapest Csepel ellen m\u00e1r nem j\u00e1rtak sikerrel. &#8222;K\u00f6zel teljes kerettel v\u00e1gtunk neki a negyedik fordul\u00f3nak, ami a p\u00e1ly\u00e1n \u00e9s az eredm\u00e9nyjelz\u0151n is megmutatkozott.\u00a0Siker\u00fclt felp\u00f6rgetni a l\u00e1nyokat, \u00e9s...\" \/>\n<meta property=\"og:url\" content=\"https:\/\/vasasbasket.hu\/index.php\/palyan-az-u12-esek\/\" \/>\n<meta property=\"og:site_name\" content=\"Vasas n\u0151i kos\u00e1rlabda\" \/>\n<meta property=\"article:publisher\" content=\"https:\/\/www.facebook.com\/vasaswbasket\/\" \/>\n<meta property=\"article:published_time\" content=\"2019-01-28T14:21:27+00:00\" \/>\n<meta property=\"og:image\" content=\"https:\/\/vasasbasket.hu\/wp-content\/uploads\/2019\/01\/IMG_3570-scaled.jpg\" \/>\n\t<meta property=\"og:image:width\" content=\"2560\" \/>\n\t<meta property=\"og:image:height\" content=\"1920\" \/>\n\t<meta property=\"og:image:type\" content=\"image\/jpeg\" \/>\n<meta name=\"author\" content=\"admin\" \/>\n<meta name=\"twitter:card\" content=\"summary_large_image\" \/>\n<meta name=\"twitter:label1\" content=\"Szerz\u0151:\" \/>\n\t<meta name=\"twitter:data1\" content=\"admin\" \/>\n\t<meta name=\"twitter:label2\" content=\"Becs\u00fclt olvas\u00e1si id\u0151\" \/>\n\t<meta name=\"twitter:data2\" content=\"2 perc\" \/>\n<script type=\"application\/ld+json\" class=\"yoast-schema-graph\">{\"@context\":\"https:\/\/schema.org\",\"@graph\":[{\"@type\":\"Article\",\"@id\":\"https:\/\/vasasbasket.hu\/index.php\/palyan-az-u12-esek\/#article\",\"isPartOf\":{\"@id\":\"https:\/\/vasasbasket.hu\/index.php\/palyan-az-u12-esek\/\"},\"author\":{\"name\":\"admin\",\"@id\":\"https:\/\/vasasbasket.hu\/#\/schema\/person\/f1085f4d2c6582d8d0f977e92de2edee\"},\"headline\":\"P\u00e1ly\u00e1n az U12-esek\",\"datePublished\":\"2019-01-28T14:21:27+00:00\",\"mainEntityOfPage\":{\"@id\":\"https:\/\/vasasbasket.hu\/index.php\/palyan-az-u12-esek\/\"},\"wordCount\":460,\"publisher\":{\"@id\":\"https:\/\/vasasbasket.hu\/#organization\"},\"image\":{\"@id\":\"https:\/\/vasasbasket.hu\/index.php\/palyan-az-u12-esek\/#primaryimage\"},\"thumbnailUrl\":\"https:\/\/vasasbasket.hu\/wp-content\/uploads\/2019\/01\/IMG_3570-scaled.jpg\",\"articleSection\":[\"Gyerek\",\"\u00d6sszes H\u00edr\"],\"inLanguage\":\"hu\"},{\"@type\":\"WebPage\",\"@id\":\"https:\/\/vasasbasket.hu\/index.php\/palyan-az-u12-esek\/\",\"url\":\"https:\/\/vasasbasket.hu\/index.php\/palyan-az-u12-esek\/\",\"name\":\"P\u00e1ly\u00e1n az U12-esek - Vasas n\u0151i kos\u00e1rlabda\",\"isPartOf\":{\"@id\":\"https:\/\/vasasbasket.hu\/#website\"},\"primaryImageOfPage\":{\"@id\":\"https:\/\/vasasbasket.hu\/index.php\/palyan-az-u12-esek\/#primaryimage\"},\"image\":{\"@id\":\"https:\/\/vasasbasket.hu\/index.php\/palyan-az-u12-esek\/#primaryimage\"},\"thumbnailUrl\":\"https:\/\/vasasbasket.hu\/wp-content\/uploads\/2019\/01\/IMG_3570-scaled.jpg\",\"datePublished\":\"2019-01-28T14:21:27+00:00\",\"breadcrumb\":{\"@id\":\"https:\/\/vasasbasket.hu\/index.php\/palyan-az-u12-esek\/#breadcrumb\"},\"inLanguage\":\"hu\",\"potentialAction\":[{\"@type\":\"ReadAction\",\"target\":[\"https:\/\/vasasbasket.hu\/index.php\/palyan-az-u12-esek\/\"]}]},{\"@type\":\"ImageObject\",\"inLanguage\":\"hu\",\"@id\":\"https:\/\/vasasbasket.hu\/index.php\/palyan-az-u12-esek\/#primaryimage\",\"url\":\"https:\/\/vasasbasket.hu\/wp-content\/uploads\/2019\/01\/IMG_3570-scaled.jpg\",\"contentUrl\":\"https:\/\/vasasbasket.hu\/wp-content\/uploads\/2019\/01\/IMG_3570-scaled.jpg\",\"width\":2560,\"height\":1920},{\"@type\":\"BreadcrumbList\",\"@id\":\"https:\/\/vasasbasket.hu\/index.php\/palyan-az-u12-esek\/#breadcrumb\",\"itemListElement\":[{\"@type\":\"ListItem\",\"position\":1,\"name\":\"Kezd\u0151lap\",\"item\":\"https:\/\/vasasbasket.hu\/\"},{\"@type\":\"ListItem\",\"position\":2,\"name\":\"P\u00e1ly\u00e1n az U12-esek\"}]},{\"@type\":\"WebSite\",\"@id\":\"https:\/\/vasasbasket.hu\/#website\",\"url\":\"https:\/\/vasasbasket.hu\/\",\"name\":\"Vasas n\u0151i kos\u00e1rlabda\",\"description\":\"Vasas Basket N\u0151i\",\"publisher\":{\"@id\":\"https:\/\/vasasbasket.hu\/#organization\"},\"potentialAction\":[{\"@type\":\"SearchAction\",\"target\":{\"@type\":\"EntryPoint\",\"urlTemplate\":\"https:\/\/vasasbasket.hu\/?s={search_term_string}\"},\"query-input\":{\"@type\":\"PropertyValueSpecification\",\"valueRequired\":true,\"valueName\":\"search_term_string\"}}],\"inLanguage\":\"hu\"},{\"@type\":\"Organization\",\"@id\":\"https:\/\/vasasbasket.hu\/#organization\",\"name\":\"Vasas n\u0151i kos\u00e1rlabda\",\"url\":\"https:\/\/vasasbasket.hu\/\",\"logo\":{\"@type\":\"ImageObject\",\"inLanguage\":\"hu\",\"@id\":\"https:\/\/vasasbasket.hu\/#\/schema\/logo\/image\/\",\"url\":\"https:\/\/vasasbasket.hu\/wp-content\/uploads\/2017\/03\/vasas_cimer_1200.jpg\",\"contentUrl\":\"https:\/\/vasasbasket.hu\/wp-content\/uploads\/2017\/03\/vasas_cimer_1200.jpg\",\"width\":1200,\"height\":1200,\"caption\":\"Vasas n\u0151i kos\u00e1rlabda\"},\"image\":{\"@id\":\"https:\/\/vasasbasket.hu\/#\/schema\/logo\/image\/\"},\"sameAs\":[\"https:\/\/www.facebook.com\/vasaswbasket\/\"]},{\"@type\":\"Person\",\"@id\":\"https:\/\/vasasbasket.hu\/#\/schema\/person\/f1085f4d2c6582d8d0f977e92de2edee\",\"name\":\"admin\",\"image\":{\"@type\":\"ImageObject\",\"inLanguage\":\"hu\",\"@id\":\"https:\/\/vasasbasket.hu\/#\/schema\/person\/image\/\",\"url\":\"https:\/\/secure.gravatar.com\/avatar\/645c92f7d9cfe02bd93ce2d1cfa11cd3a268bdfe65486552ff04b193cea07634?s=96&d=mm&r=g\",\"contentUrl\":\"https:\/\/secure.gravatar.com\/avatar\/645c92f7d9cfe02bd93ce2d1cfa11cd3a268bdfe65486552ff04b193cea07634?s=96&d=mm&r=g\",\"caption\":\"admin\"},\"url\":\"https:\/\/vasasbasket.hu\/index.php\/author\/admin\/\"}]}<\/script>\n<!-- \/ Yoast SEO plugin. -->","yoast_head_json":{"title":"P\u00e1ly\u00e1n az U12-esek - Vasas n\u0151i kos\u00e1rlabda","robots":{"index":"index","follow":"follow","max-snippet":"max-snippet:-1","max-image-preview":"max-image-preview:large","max-video-preview":"max-video-preview:-1"},"canonical":"https:\/\/vasasbasket.hu\/index.php\/palyan-az-u12-esek\/","og_locale":"hu_HU","og_type":"article","og_title":"P\u00e1ly\u00e1n az U12-esek - Vasas n\u0151i kos\u00e1rlabda","og_description":"Az Orsz\u00e1gos Gyerek Bajnoks\u00e1g negyedik fordul\u00f3j\u00e1ban k\u00e9t m\u00e9rk\u0151z\u00e9st is j\u00e1tszott U12-es csapatunk a T\u00fcskecsarnokban. A T\u00f6r\u00f6k Sasok elleni gy\u0151zelmet k\u00f6vet\u0151en l\u00e1nyaink l\u00e1that\u00f3an elf\u00e1radtak, \u00edgy b\u00e1r mindent megtettek, a Budapest Csepel ellen m\u00e1r nem j\u00e1rtak sikerrel. &#8222;K\u00f6zel teljes kerettel v\u00e1gtunk neki a negyedik fordul\u00f3nak, ami a p\u00e1ly\u00e1n \u00e9s az eredm\u00e9nyjelz\u0151n is megmutatkozott.\u00a0Siker\u00fclt felp\u00f6rgetni a l\u00e1nyokat, \u00e9s...","og_url":"https:\/\/vasasbasket.hu\/index.php\/palyan-az-u12-esek\/","og_site_name":"Vasas n\u0151i kos\u00e1rlabda","article_publisher":"https:\/\/www.facebook.com\/vasaswbasket\/","article_published_time":"2019-01-28T14:21:27+00:00","og_image":[{"width":2560,"height":1920,"url":"https:\/\/vasasbasket.hu\/wp-content\/uploads\/2019\/01\/IMG_3570-scaled.jpg","type":"image\/jpeg"}],"author":"admin","twitter_card":"summary_large_image","twitter_misc":{"Szerz\u0151:":"admin","Becs\u00fclt olvas\u00e1si id\u0151":"2 perc"},"schema":{"@context":"https:\/\/schema.org","@graph":[{"@type":"Article","@id":"https:\/\/vasasbasket.hu\/index.php\/palyan-az-u12-esek\/#article","isPartOf":{"@id":"https:\/\/vasasbasket.hu\/index.php\/palyan-az-u12-esek\/"},"author":{"name":"admin","@id":"https:\/\/vasasbasket.hu\/#\/schema\/person\/f1085f4d2c6582d8d0f977e92de2edee"},"headline":"P\u00e1ly\u00e1n az U12-esek","datePublished":"2019-01-28T14:21:27+00:00","mainEntityOfPage":{"@id":"https:\/\/vasasbasket.hu\/index.php\/palyan-az-u12-esek\/"},"wordCount":460,"publisher":{"@id":"https:\/\/vasasbasket.hu\/#organization"},"image":{"@id":"https:\/\/vasasbasket.hu\/index.php\/palyan-az-u12-esek\/#primaryimage"},"thumbnailUrl":"https:\/\/vasasbasket.hu\/wp-content\/uploads\/2019\/01\/IMG_3570-scaled.jpg","articleSection":["Gyerek","\u00d6sszes H\u00edr"],"inLanguage":"hu"},{"@type":"WebPage","@id":"https:\/\/vasasbasket.hu\/index.php\/palyan-az-u12-esek\/","url":"https:\/\/vasasbasket.hu\/index.php\/palyan-az-u12-esek\/","name":"P\u00e1ly\u00e1n az U12-esek - Vasas n\u0151i kos\u00e1rlabda","isPartOf":{"@id":"https:\/\/vasasbasket.hu\/#website"},"primaryImageOfPage":{"@id":"https:\/\/vasasbasket.hu\/index.php\/palyan-az-u12-esek\/#primaryimage"},"image":{"@id":"https:\/\/vasasbasket.hu\/index.php\/palyan-az-u12-esek\/#primaryimage"},"thumbnailUrl":"https:\/\/vasasbasket.hu\/wp-content\/uploads\/2019\/01\/IMG_3570-scaled.jpg","datePublished":"2019-01-28T14:21:27+00:00","breadcrumb":{"@id":"https:\/\/vasasbasket.hu\/index.php\/palyan-az-u12-esek\/#breadcrumb"},"inLanguage":"hu","potentialAction":[{"@type":"ReadAction","target":["https:\/\/vasasbasket.hu\/index.php\/palyan-az-u12-esek\/"]}]},{"@type":"ImageObject","inLanguage":"hu","@id":"https:\/\/vasasbasket.hu\/index.php\/palyan-az-u12-esek\/#primaryimage","url":"https:\/\/vasasbasket.hu\/wp-content\/uploads\/2019\/01\/IMG_3570-scaled.jpg","contentUrl":"https:\/\/vasasbasket.hu\/wp-content\/uploads\/2019\/01\/IMG_3570-scaled.jpg","width":2560,"height":1920},{"@type":"BreadcrumbList","@id":"https:\/\/vasasbasket.hu\/index.php\/palyan-az-u12-esek\/#breadcrumb","itemListElement":[{"@type":"ListItem","position":1,"name":"Kezd\u0151lap","item":"https:\/\/vasasbasket.hu\/"},{"@type":"ListItem","position":2,"name":"P\u00e1ly\u00e1n az U12-esek"}]},{"@type":"WebSite","@id":"https:\/\/vasasbasket.hu\/#website","url":"https:\/\/vasasbasket.hu\/","name":"Vasas n\u0151i kos\u00e1rlabda","description":"Vasas Basket N\u0151i","publisher":{"@id":"https:\/\/vasasbasket.hu\/#organization"},"potentialAction":[{"@type":"SearchAction","target":{"@type":"EntryPoint","urlTemplate":"https:\/\/vasasbasket.hu\/?s={search_term_string}"},"query-input":{"@type":"PropertyValueSpecification","valueRequired":true,"valueName":"search_term_string"}}],"inLanguage":"hu"},{"@type":"Organization","@id":"https:\/\/vasasbasket.hu\/#organization","name":"Vasas n\u0151i kos\u00e1rlabda","url":"https:\/\/vasasbasket.hu\/","logo":{"@type":"ImageObject","inLanguage":"hu","@id":"https:\/\/vasasbasket.hu\/#\/schema\/logo\/image\/","url":"https:\/\/vasasbasket.hu\/wp-content\/uploads\/2017\/03\/vasas_cimer_1200.jpg","contentUrl":"https:\/\/vasasbasket.hu\/wp-content\/uploads\/2017\/03\/vasas_cimer_1200.jpg","width":1200,"height":1200,"caption":"Vasas n\u0151i kos\u00e1rlabda"},"image":{"@id":"https:\/\/vasasbasket.hu\/#\/schema\/logo\/image\/"},"sameAs":["https:\/\/www.facebook.com\/vasaswbasket\/"]},{"@type":"Person","@id":"https:\/\/vasasbasket.hu\/#\/schema\/person\/f1085f4d2c6582d8d0f977e92de2edee","name":"admin","image":{"@type":"ImageObject","inLanguage":"hu","@id":"https:\/\/vasasbasket.hu\/#\/schema\/person\/image\/","url":"https:\/\/secure.gravatar.com\/avatar\/645c92f7d9cfe02bd93ce2d1cfa11cd3a268bdfe65486552ff04b193cea07634?s=96&d=mm&r=g","contentUrl":"https:\/\/secure.gravatar.com\/avatar\/645c92f7d9cfe02bd93ce2d1cfa11cd3a268bdfe65486552ff04b193cea07634?s=96&d=mm&r=g","caption":"admin"},"url":"https:\/\/vasasbasket.hu\/index.php\/author\/admin\/"}]}},"_links":{"self":[{"href":"https:\/\/vasasbasket.hu\/index.php\/wp-json\/wp\/v2\/posts\/5093","targetHints":{"allow":["GET"]}}],"collection":[{"href":"https:\/\/vasasbasket.hu\/index.php\/wp-json\/wp\/v2\/posts"}],"about":[{"href":"https:\/\/vasasbasket.hu\/index.php\/wp-json\/wp\/v2\/types\/post"}],"author":[{"embeddable":true,"href":"https:\/\/vasasbasket.hu\/index.php\/wp-json\/wp\/v2\/users\/1"}],"replies":[{"embeddable":true,"href":"https:\/\/vasasbasket.hu\/index.php\/wp-json\/wp\/v2\/comments?post=5093"}],"version-history":[{"count":1,"href":"https:\/\/vasasbasket.hu\/index.php\/wp-json\/wp\/v2\/posts\/5093\/revisions"}],"predecessor-version":[{"id":5095,"href":"https:\/\/vasasbasket.hu\/index.php\/wp-json\/wp\/v2\/posts\/5093\/revisions\/5095"}],"wp:featuredmedia":[{"embeddable":true,"href":"https:\/\/vasasbasket.hu\/index.php\/wp-json\/wp\/v2\/media\/5094"}],"wp:attachment":[{"href":"https:\/\/vasasbasket.hu\/index.php\/wp-json\/wp\/v2\/media?parent=5093"}],"wp:term":[{"taxonomy":"category","embeddable":true,"href":"https:\/\/vasasbasket.hu\/index.php\/wp-json\/wp\/v2\/categories?post=5093"},{"taxonomy":"post_tag","embeddable":true,"href":"https:\/\/vasasbasket.hu\/index.php\/wp-json\/wp\/v2\/tags?post=5093"}],"curies":[{"name":"wp","href":"https:\/\/api.w.org\/{rel}","templated":true}]}}