{"id":5081,"date":"2019-01-25T17:13:38","date_gmt":"2019-01-25T17:13:38","guid":{"rendered":"http:\/\/vasasbasket.hu\/?p=5081"},"modified":"2019-01-25T17:13:38","modified_gmt":"2019-01-25T17:13:38","slug":"irany-szekszard","status":"publish","type":"post","link":"https:\/\/vasasbasket.hu\/index.php\/irany-szekszard\/","title":{"rendered":"Ir\u00e1ny Szeksz\u00e1rd"},"content":{"rendered":"<p><strong>A Vasas Akad\u00e9mia feln\u0151tt csapata szombaton a bajnoki tabella m\u00e1sodik hely\u00e9n \u00e1ll\u00f3 Atomer\u0151m\u0171 KSC Szeksz\u00e1rd otthon\u00e1ba l\u00e1togat.<\/strong><\/p>\n<p>A m\u00faltheti MTK elleni gy\u0151zelmet k\u00f6vet\u0151en a h\u00e9tv\u00e9g\u00e9n egy m\u00e1s s\u00falycsoportot k\u00e9pvisel\u0151 csapat ellen l\u00e9p\u00fcnk p\u00e1ly\u00e1ra. A Szeksz\u00e1rd mind\u00f6ssze h\u00e1rom veres\u00e9ggel a bajnoki tabella m\u00e1sodik hely\u00e9n \u00e1ll, \u00e9s eur\u00f3pai porondon is \u00e9rintett. Az Eur\u00f3pa-kupa nyolcadd\u00f6nt\u0151j\u00e9nek els\u0151 m\u00e9rk\u0151z\u00e9s\u00e9n \u00e9pp tegnap kapott ki Zseljko Djokics csapata Lengyelorsz\u00e1gban.<\/p>\n<p><em>&#8222;A liga egyik legjobb csapat\u00e1r\u00f3l besz\u00e9l\u00fcnk, tele jobbn\u00e1l jobb j\u00e1t\u00e9kosokkal. Nagyon neh\u00e9z dolgunk lesz, megpr\u00f3b\u00e1lunk minden t\u0151l\u00fcnk telhet\u0151t megtenni&#8221;<\/em> &#8211; mondta a Vasas Akad\u00e9mia vezet\u0151edz\u0151je, F\u00f6ldi Attila.<\/p>\n<p>A Gy\u0151r elleni, hazai tal\u00e1lkoz\u00f3n agyr\u00e1zk\u00f3d\u00e1st szenved\u0151 Sara Heljic val\u00f3sz\u00edn\u0171leg bevethet\u0151 lesz m\u00e1r a h\u00e9tv\u00e9g\u00e9n, azonban hi\u00e1nyz\u00f3k \u00edgy is lesznek: <em>&#8222;Di\u00e1kolimpia orsz\u00e1gos d\u00f6nt\u0151 van a h\u00e9tv\u00e9g\u00e9n, \u00edgy n\u00e9gy j\u00e1t\u00e9kosunkkal nem sz\u00e1molhattunk a felk\u00e9sz\u00fcl\u00e9s sor\u00e1n, \u00e9s az utols\u00f3 pillanatig k\u00e9rd\u00e9s, hogy milyen kerettel \u00e1llunk ki a Szeksz\u00e1rd ellen. Term\u00e9szetesen \u00e9v elej\u00e9n v\u00e1llaltuk azt, hogy a fiatal csapattal val\u00f3 szerepl\u00e9s okoz majd n\u00e9mi neh\u00e9zs\u00e9get a szezon sor\u00e1n. Ragaszkodunk a koncepci\u00f3nkhoz, \u00edgy ha hi\u00e1nyz\u00f3kkal is, megtesz\u00fcnk mindent, hogy tisztesen helyt \u00e1lljunk er\u0151sebb ellenfel\u00fcnkkel szemben&#8221;<\/em> &#8211; tette hozz\u00e1 F\u00f6ldi Attila.<\/p>\n<p>A m\u00e9rk\u0151z\u00e9s el\u0151tti teljes nyilatkozatot az al\u00e1bbi linken lehet megtekinteni:\u00a0<a href=\"https:\/\/www.youtube.com\/watch?v=HBhI3GXY7cU\">https:\/\/www.youtube.com\/watch?v=HBhI3GXY7cU<\/a><\/p>\n<p>A m\u00e9rk\u0151z\u00e9s 18:00-kor kezd\u0151dik a\u00a0Szeksz\u00e1rd V\u00e1rosi Sportcsarnokban.<\/p>\n<p>&nbsp;<\/p>\n","protected":false},"excerpt":{"rendered":"<p>A Vasas Akad\u00e9mia feln\u0151tt csapata szombaton a bajnoki tabella m\u00e1sodik hely\u00e9n \u00e1ll\u00f3 Atomer\u0151m\u0171 KSC Szeksz\u00e1rd otthon\u00e1ba l\u00e1togat. A m\u00faltheti MTK elleni gy\u0151zelmet k\u00f6vet\u0151en a h\u00e9tv\u00e9g\u00e9n egy m\u00e1s s\u00falycsoportot k\u00e9pvisel\u0151 csapat ellen l\u00e9p\u00fcnk p\u00e1ly\u00e1ra. A Szeksz\u00e1rd mind\u00f6ssze h\u00e1rom veres\u00e9ggel a bajnoki tabella m\u00e1sodik hely\u00e9n \u00e1ll, \u00e9s eur\u00f3pai porondon is \u00e9rintett. Az Eur\u00f3pa-kupa nyolcadd\u00f6nt\u0151j\u00e9nek els\u0151 m\u00e9rk\u0151z\u00e9s\u00e9n \u00e9pp&#8230;<\/p>\n","protected":false},"author":1,"featured_media":5082,"comment_status":"closed","ping_status":"open","sticky":false,"template":"","format":"standard","meta":{"footnotes":""},"categories":[49,92],"tags":[],"class_list":["post-5081","post","type-post","status-publish","format-standard","has-post-thumbnail","hentry","category-nb1","category-hirek"],"yoast_head":"<!-- This site is optimized with the Yoast SEO plugin v26.0 - https:\/\/yoast.com\/wordpress\/plugins\/seo\/ -->\n<title>Ir\u00e1ny Szeksz\u00e1rd - Vasas n\u0151i kos\u00e1rlabda<\/title>\n<meta name=\"robots\" content=\"index, follow, max-snippet:-1, max-image-preview:large, max-video-preview:-1\" \/>\n<link rel=\"canonical\" href=\"https:\/\/vasasbasket.hu\/index.php\/irany-szekszard\/\" \/>\n<meta property=\"og:locale\" content=\"hu_HU\" \/>\n<meta property=\"og:type\" content=\"article\" \/>\n<meta property=\"og:title\" content=\"Ir\u00e1ny Szeksz\u00e1rd - Vasas n\u0151i kos\u00e1rlabda\" \/>\n<meta property=\"og:description\" content=\"A Vasas Akad\u00e9mia feln\u0151tt csapata szombaton a bajnoki tabella m\u00e1sodik hely\u00e9n \u00e1ll\u00f3 Atomer\u0151m\u0171 KSC Szeksz\u00e1rd otthon\u00e1ba l\u00e1togat. A m\u00faltheti MTK elleni gy\u0151zelmet k\u00f6vet\u0151en a h\u00e9tv\u00e9g\u00e9n egy m\u00e1s s\u00falycsoportot k\u00e9pvisel\u0151 csapat ellen l\u00e9p\u00fcnk p\u00e1ly\u00e1ra. A Szeksz\u00e1rd mind\u00f6ssze h\u00e1rom veres\u00e9ggel a bajnoki tabella m\u00e1sodik hely\u00e9n \u00e1ll, \u00e9s eur\u00f3pai porondon is \u00e9rintett. Az Eur\u00f3pa-kupa nyolcadd\u00f6nt\u0151j\u00e9nek els\u0151 m\u00e9rk\u0151z\u00e9s\u00e9n \u00e9pp...\" \/>\n<meta property=\"og:url\" content=\"https:\/\/vasasbasket.hu\/index.php\/irany-szekszard\/\" \/>\n<meta property=\"og:site_name\" content=\"Vasas n\u0151i kos\u00e1rlabda\" \/>\n<meta property=\"article:publisher\" content=\"https:\/\/www.facebook.com\/vasaswbasket\/\" \/>\n<meta property=\"article:published_time\" content=\"2019-01-25T17:13:38+00:00\" \/>\n<meta property=\"og:image\" content=\"https:\/\/vasasbasket.hu\/wp-content\/uploads\/2019\/01\/325_whun_929.jpg\" \/>\n\t<meta property=\"og:image:width\" content=\"1859\" \/>\n\t<meta property=\"og:image:height\" content=\"1239\" \/>\n\t<meta property=\"og:image:type\" content=\"image\/jpeg\" \/>\n<meta name=\"author\" content=\"admin\" \/>\n<meta name=\"twitter:card\" content=\"summary_large_image\" \/>\n<meta name=\"twitter:label1\" content=\"Szerz\u0151:\" \/>\n\t<meta name=\"twitter:data1\" content=\"admin\" \/>\n\t<meta name=\"twitter:label2\" content=\"Becs\u00fclt olvas\u00e1si id\u0151\" \/>\n\t<meta name=\"twitter:data2\" content=\"2 perc\" \/>\n<script type=\"application\/ld+json\" class=\"yoast-schema-graph\">{\"@context\":\"https:\/\/schema.org\",\"@graph\":[{\"@type\":\"Article\",\"@id\":\"https:\/\/vasasbasket.hu\/index.php\/irany-szekszard\/#article\",\"isPartOf\":{\"@id\":\"https:\/\/vasasbasket.hu\/index.php\/irany-szekszard\/\"},\"author\":{\"name\":\"admin\",\"@id\":\"https:\/\/vasasbasket.hu\/#\/schema\/person\/f1085f4d2c6582d8d0f977e92de2edee\"},\"headline\":\"Ir\u00e1ny Szeksz\u00e1rd\",\"datePublished\":\"2019-01-25T17:13:38+00:00\",\"mainEntityOfPage\":{\"@id\":\"https:\/\/vasasbasket.hu\/index.php\/irany-szekszard\/\"},\"wordCount\":320,\"publisher\":{\"@id\":\"https:\/\/vasasbasket.hu\/#organization\"},\"image\":{\"@id\":\"https:\/\/vasasbasket.hu\/index.php\/irany-szekszard\/#primaryimage\"},\"thumbnailUrl\":\"https:\/\/vasasbasket.hu\/wp-content\/uploads\/2019\/01\/325_whun_929.jpg\",\"articleSection\":[\"NB1\/A\",\"\u00d6sszes H\u00edr\"],\"inLanguage\":\"hu\"},{\"@type\":\"WebPage\",\"@id\":\"https:\/\/vasasbasket.hu\/index.php\/irany-szekszard\/\",\"url\":\"https:\/\/vasasbasket.hu\/index.php\/irany-szekszard\/\",\"name\":\"Ir\u00e1ny Szeksz\u00e1rd - Vasas n\u0151i kos\u00e1rlabda\",\"isPartOf\":{\"@id\":\"https:\/\/vasasbasket.hu\/#website\"},\"primaryImageOfPage\":{\"@id\":\"https:\/\/vasasbasket.hu\/index.php\/irany-szekszard\/#primaryimage\"},\"image\":{\"@id\":\"https:\/\/vasasbasket.hu\/index.php\/irany-szekszard\/#primaryimage\"},\"thumbnailUrl\":\"https:\/\/vasasbasket.hu\/wp-content\/uploads\/2019\/01\/325_whun_929.jpg\",\"datePublished\":\"2019-01-25T17:13:38+00:00\",\"breadcrumb\":{\"@id\":\"https:\/\/vasasbasket.hu\/index.php\/irany-szekszard\/#breadcrumb\"},\"inLanguage\":\"hu\",\"potentialAction\":[{\"@type\":\"ReadAction\",\"target\":[\"https:\/\/vasasbasket.hu\/index.php\/irany-szekszard\/\"]}]},{\"@type\":\"ImageObject\",\"inLanguage\":\"hu\",\"@id\":\"https:\/\/vasasbasket.hu\/index.php\/irany-szekszard\/#primaryimage\",\"url\":\"https:\/\/vasasbasket.hu\/wp-content\/uploads\/2019\/01\/325_whun_929.jpg\",\"contentUrl\":\"https:\/\/vasasbasket.hu\/wp-content\/uploads\/2019\/01\/325_whun_929.jpg\",\"width\":1859,\"height\":1239},{\"@type\":\"BreadcrumbList\",\"@id\":\"https:\/\/vasasbasket.hu\/index.php\/irany-szekszard\/#breadcrumb\",\"itemListElement\":[{\"@type\":\"ListItem\",\"position\":1,\"name\":\"Kezd\u0151lap\",\"item\":\"https:\/\/vasasbasket.hu\/\"},{\"@type\":\"ListItem\",\"position\":2,\"name\":\"Ir\u00e1ny Szeksz\u00e1rd\"}]},{\"@type\":\"WebSite\",\"@id\":\"https:\/\/vasasbasket.hu\/#website\",\"url\":\"https:\/\/vasasbasket.hu\/\",\"name\":\"Vasas n\u0151i kos\u00e1rlabda\",\"description\":\"Vasas Basket N\u0151i\",\"publisher\":{\"@id\":\"https:\/\/vasasbasket.hu\/#organization\"},\"potentialAction\":[{\"@type\":\"SearchAction\",\"target\":{\"@type\":\"EntryPoint\",\"urlTemplate\":\"https:\/\/vasasbasket.hu\/?s={search_term_string}\"},\"query-input\":{\"@type\":\"PropertyValueSpecification\",\"valueRequired\":true,\"valueName\":\"search_term_string\"}}],\"inLanguage\":\"hu\"},{\"@type\":\"Organization\",\"@id\":\"https:\/\/vasasbasket.hu\/#organization\",\"name\":\"Vasas n\u0151i kos\u00e1rlabda\",\"url\":\"https:\/\/vasasbasket.hu\/\",\"logo\":{\"@type\":\"ImageObject\",\"inLanguage\":\"hu\",\"@id\":\"https:\/\/vasasbasket.hu\/#\/schema\/logo\/image\/\",\"url\":\"https:\/\/vasasbasket.hu\/wp-content\/uploads\/2017\/03\/vasas_cimer_1200.jpg\",\"contentUrl\":\"https:\/\/vasasbasket.hu\/wp-content\/uploads\/2017\/03\/vasas_cimer_1200.jpg\",\"width\":1200,\"height\":1200,\"caption\":\"Vasas n\u0151i kos\u00e1rlabda\"},\"image\":{\"@id\":\"https:\/\/vasasbasket.hu\/#\/schema\/logo\/image\/\"},\"sameAs\":[\"https:\/\/www.facebook.com\/vasaswbasket\/\"]},{\"@type\":\"Person\",\"@id\":\"https:\/\/vasasbasket.hu\/#\/schema\/person\/f1085f4d2c6582d8d0f977e92de2edee\",\"name\":\"admin\",\"image\":{\"@type\":\"ImageObject\",\"inLanguage\":\"hu\",\"@id\":\"https:\/\/vasasbasket.hu\/#\/schema\/person\/image\/\",\"url\":\"https:\/\/secure.gravatar.com\/avatar\/645c92f7d9cfe02bd93ce2d1cfa11cd3a268bdfe65486552ff04b193cea07634?s=96&d=mm&r=g\",\"contentUrl\":\"https:\/\/secure.gravatar.com\/avatar\/645c92f7d9cfe02bd93ce2d1cfa11cd3a268bdfe65486552ff04b193cea07634?s=96&d=mm&r=g\",\"caption\":\"admin\"},\"url\":\"https:\/\/vasasbasket.hu\/index.php\/author\/admin\/\"}]}<\/script>\n<!-- \/ Yoast SEO plugin. -->","yoast_head_json":{"title":"Ir\u00e1ny Szeksz\u00e1rd - Vasas n\u0151i kos\u00e1rlabda","robots":{"index":"index","follow":"follow","max-snippet":"max-snippet:-1","max-image-preview":"max-image-preview:large","max-video-preview":"max-video-preview:-1"},"canonical":"https:\/\/vasasbasket.hu\/index.php\/irany-szekszard\/","og_locale":"hu_HU","og_type":"article","og_title":"Ir\u00e1ny Szeksz\u00e1rd - Vasas n\u0151i kos\u00e1rlabda","og_description":"A Vasas Akad\u00e9mia feln\u0151tt csapata szombaton a bajnoki tabella m\u00e1sodik hely\u00e9n \u00e1ll\u00f3 Atomer\u0151m\u0171 KSC Szeksz\u00e1rd otthon\u00e1ba l\u00e1togat. A m\u00faltheti MTK elleni gy\u0151zelmet k\u00f6vet\u0151en a h\u00e9tv\u00e9g\u00e9n egy m\u00e1s s\u00falycsoportot k\u00e9pvisel\u0151 csapat ellen l\u00e9p\u00fcnk p\u00e1ly\u00e1ra. A Szeksz\u00e1rd mind\u00f6ssze h\u00e1rom veres\u00e9ggel a bajnoki tabella m\u00e1sodik hely\u00e9n \u00e1ll, \u00e9s eur\u00f3pai porondon is \u00e9rintett. Az Eur\u00f3pa-kupa nyolcadd\u00f6nt\u0151j\u00e9nek els\u0151 m\u00e9rk\u0151z\u00e9s\u00e9n \u00e9pp...","og_url":"https:\/\/vasasbasket.hu\/index.php\/irany-szekszard\/","og_site_name":"Vasas n\u0151i kos\u00e1rlabda","article_publisher":"https:\/\/www.facebook.com\/vasaswbasket\/","article_published_time":"2019-01-25T17:13:38+00:00","og_image":[{"width":1859,"height":1239,"url":"https:\/\/vasasbasket.hu\/wp-content\/uploads\/2019\/01\/325_whun_929.jpg","type":"image\/jpeg"}],"author":"admin","twitter_card":"summary_large_image","twitter_misc":{"Szerz\u0151:":"admin","Becs\u00fclt olvas\u00e1si id\u0151":"2 perc"},"schema":{"@context":"https:\/\/schema.org","@graph":[{"@type":"Article","@id":"https:\/\/vasasbasket.hu\/index.php\/irany-szekszard\/#article","isPartOf":{"@id":"https:\/\/vasasbasket.hu\/index.php\/irany-szekszard\/"},"author":{"name":"admin","@id":"https:\/\/vasasbasket.hu\/#\/schema\/person\/f1085f4d2c6582d8d0f977e92de2edee"},"headline":"Ir\u00e1ny Szeksz\u00e1rd","datePublished":"2019-01-25T17:13:38+00:00","mainEntityOfPage":{"@id":"https:\/\/vasasbasket.hu\/index.php\/irany-szekszard\/"},"wordCount":320,"publisher":{"@id":"https:\/\/vasasbasket.hu\/#organization"},"image":{"@id":"https:\/\/vasasbasket.hu\/index.php\/irany-szekszard\/#primaryimage"},"thumbnailUrl":"https:\/\/vasasbasket.hu\/wp-content\/uploads\/2019\/01\/325_whun_929.jpg","articleSection":["NB1\/A","\u00d6sszes H\u00edr"],"inLanguage":"hu"},{"@type":"WebPage","@id":"https:\/\/vasasbasket.hu\/index.php\/irany-szekszard\/","url":"https:\/\/vasasbasket.hu\/index.php\/irany-szekszard\/","name":"Ir\u00e1ny Szeksz\u00e1rd - Vasas n\u0151i kos\u00e1rlabda","isPartOf":{"@id":"https:\/\/vasasbasket.hu\/#website"},"primaryImageOfPage":{"@id":"https:\/\/vasasbasket.hu\/index.php\/irany-szekszard\/#primaryimage"},"image":{"@id":"https:\/\/vasasbasket.hu\/index.php\/irany-szekszard\/#primaryimage"},"thumbnailUrl":"https:\/\/vasasbasket.hu\/wp-content\/uploads\/2019\/01\/325_whun_929.jpg","datePublished":"2019-01-25T17:13:38+00:00","breadcrumb":{"@id":"https:\/\/vasasbasket.hu\/index.php\/irany-szekszard\/#breadcrumb"},"inLanguage":"hu","potentialAction":[{"@type":"ReadAction","target":["https:\/\/vasasbasket.hu\/index.php\/irany-szekszard\/"]}]},{"@type":"ImageObject","inLanguage":"hu","@id":"https:\/\/vasasbasket.hu\/index.php\/irany-szekszard\/#primaryimage","url":"https:\/\/vasasbasket.hu\/wp-content\/uploads\/2019\/01\/325_whun_929.jpg","contentUrl":"https:\/\/vasasbasket.hu\/wp-content\/uploads\/2019\/01\/325_whun_929.jpg","width":1859,"height":1239},{"@type":"BreadcrumbList","@id":"https:\/\/vasasbasket.hu\/index.php\/irany-szekszard\/#breadcrumb","itemListElement":[{"@type":"ListItem","position":1,"name":"Kezd\u0151lap","item":"https:\/\/vasasbasket.hu\/"},{"@type":"ListItem","position":2,"name":"Ir\u00e1ny Szeksz\u00e1rd"}]},{"@type":"WebSite","@id":"https:\/\/vasasbasket.hu\/#website","url":"https:\/\/vasasbasket.hu\/","name":"Vasas n\u0151i kos\u00e1rlabda","description":"Vasas Basket N\u0151i","publisher":{"@id":"https:\/\/vasasbasket.hu\/#organization"},"potentialAction":[{"@type":"SearchAction","target":{"@type":"EntryPoint","urlTemplate":"https:\/\/vasasbasket.hu\/?s={search_term_string}"},"query-input":{"@type":"PropertyValueSpecification","valueRequired":true,"valueName":"search_term_string"}}],"inLanguage":"hu"},{"@type":"Organization","@id":"https:\/\/vasasbasket.hu\/#organization","name":"Vasas n\u0151i kos\u00e1rlabda","url":"https:\/\/vasasbasket.hu\/","logo":{"@type":"ImageObject","inLanguage":"hu","@id":"https:\/\/vasasbasket.hu\/#\/schema\/logo\/image\/","url":"https:\/\/vasasbasket.hu\/wp-content\/uploads\/2017\/03\/vasas_cimer_1200.jpg","contentUrl":"https:\/\/vasasbasket.hu\/wp-content\/uploads\/2017\/03\/vasas_cimer_1200.jpg","width":1200,"height":1200,"caption":"Vasas n\u0151i kos\u00e1rlabda"},"image":{"@id":"https:\/\/vasasbasket.hu\/#\/schema\/logo\/image\/"},"sameAs":["https:\/\/www.facebook.com\/vasaswbasket\/"]},{"@type":"Person","@id":"https:\/\/vasasbasket.hu\/#\/schema\/person\/f1085f4d2c6582d8d0f977e92de2edee","name":"admin","image":{"@type":"ImageObject","inLanguage":"hu","@id":"https:\/\/vasasbasket.hu\/#\/schema\/person\/image\/","url":"https:\/\/secure.gravatar.com\/avatar\/645c92f7d9cfe02bd93ce2d1cfa11cd3a268bdfe65486552ff04b193cea07634?s=96&d=mm&r=g","contentUrl":"https:\/\/secure.gravatar.com\/avatar\/645c92f7d9cfe02bd93ce2d1cfa11cd3a268bdfe65486552ff04b193cea07634?s=96&d=mm&r=g","caption":"admin"},"url":"https:\/\/vasasbasket.hu\/index.php\/author\/admin\/"}]}},"_links":{"self":[{"href":"https:\/\/vasasbasket.hu\/index.php\/wp-json\/wp\/v2\/posts\/5081","targetHints":{"allow":["GET"]}}],"collection":[{"href":"https:\/\/vasasbasket.hu\/index.php\/wp-json\/wp\/v2\/posts"}],"about":[{"href":"https:\/\/vasasbasket.hu\/index.php\/wp-json\/wp\/v2\/types\/post"}],"author":[{"embeddable":true,"href":"https:\/\/vasasbasket.hu\/index.php\/wp-json\/wp\/v2\/users\/1"}],"replies":[{"embeddable":true,"href":"https:\/\/vasasbasket.hu\/index.php\/wp-json\/wp\/v2\/comments?post=5081"}],"version-history":[{"count":1,"href":"https:\/\/vasasbasket.hu\/index.php\/wp-json\/wp\/v2\/posts\/5081\/revisions"}],"predecessor-version":[{"id":5083,"href":"https:\/\/vasasbasket.hu\/index.php\/wp-json\/wp\/v2\/posts\/5081\/revisions\/5083"}],"wp:featuredmedia":[{"embeddable":true,"href":"https:\/\/vasasbasket.hu\/index.php\/wp-json\/wp\/v2\/media\/5082"}],"wp:attachment":[{"href":"https:\/\/vasasbasket.hu\/index.php\/wp-json\/wp\/v2\/media?parent=5081"}],"wp:term":[{"taxonomy":"category","embeddable":true,"href":"https:\/\/vasasbasket.hu\/index.php\/wp-json\/wp\/v2\/categories?post=5081"},{"taxonomy":"post_tag","embeddable":true,"href":"https:\/\/vasasbasket.hu\/index.php\/wp-json\/wp\/v2\/tags?post=5081"}],"curies":[{"name":"wp","href":"https:\/\/api.w.org\/{rel}","templated":true}]}}