{"id":5074,"date":"2019-01-23T10:53:51","date_gmt":"2019-01-23T10:53:51","guid":{"rendered":"http:\/\/vasasbasket.hu\/?p=5074"},"modified":"2019-01-23T13:17:26","modified_gmt":"2019-01-23T13:17:26","slug":"nemzetkozi-porondon-is-felfigyeltek-utanpotlaskepzesunkre","status":"publish","type":"post","link":"https:\/\/vasasbasket.hu\/index.php\/nemzetkozi-porondon-is-felfigyeltek-utanpotlaskepzesunkre\/","title":{"rendered":"Nemzetk\u00f6zi porondon is felfigyeltek ut\u00e1np\u00f3tl\u00e1sk\u00e9pz\u00e9s\u00fcnkre"},"content":{"rendered":"<p><strong>A Nemzetk\u00f6zi Kos\u00e1rlabda Sz\u00f6vets\u00e9g (FIBA) is felfigyelt a Vasas Akad\u00e9mia egyik legtehets\u00e9gesebb j\u00e1t\u00e9kos\u00e1ra. Dombai R\u00e9ka, aki mind\u00f6ssze 16 \u00e9vesen vezeti a feln\u0151tt n\u0151i NBI\/A pontszerz\u0151 tabell\u00e1j\u00e1t, beker\u00fclt a\u00a0FIBA Women&#8217;s EuroBasket 2029 All-Star \u00f6t\u00f6s\u00e9be.<\/strong><\/p>\n<p>A k\u00f6z\u00f6ss\u00e9gi m\u00e9di\u00e1ban tombol a #10YearChallenge, a felhaszn\u00e1l\u00f3k egy t\u00edz \u00e9vvel ezel\u0151tti, valamint egy aktu\u00e1lis fot\u00f3t illesztenek egym\u00e1s mell\u00e9, bemutatva ezzel a v\u00e1ltoz\u00e1st. Paul Nilsen, a FIBA szak\u00edr\u00f3ja csavart egyet a trenden, \u00e9s \u00f6ssze\u00e1ll\u00edtotta a 2029-es n\u0151i Eur\u00f3pa-bajnoks\u00e1g All-Star \u00f6t\u00f6s\u00e9t. Szakoszt\u00e1lyunk ut\u00e1np\u00f3tl\u00e1s-nevel\u0151 munk\u00e1ss\u00e1ga \u00f3ri\u00e1si elismer\u00e9sben r\u00e9szes\u00fclt, hiszen a legjobbak k\u00f6z\u00f6tt helyet kapott a Vasas Akad\u00e9mia feln\u0151tt csapat\u00e1nak fiatal ir\u00e1ny\u00edt\u00f3ja, Dombai R\u00e9ka.<img loading=\"lazy\" decoding=\"async\" class=\"wp-image-5075 aligncenter\" src=\"http:\/\/vasasbasket.hu\/wp-content\/uploads\/2019\/01\/Dombai_FIBA-1024x696.jpg\" alt=\"Forr\u00e1s: FIBA\" width=\"701\" height=\"476\" srcset=\"https:\/\/vasasbasket.hu\/wp-content\/uploads\/2019\/01\/Dombai_FIBA-1024x696.jpg 1024w, https:\/\/vasasbasket.hu\/wp-content\/uploads\/2019\/01\/Dombai_FIBA-570x388.jpg 570w, https:\/\/vasasbasket.hu\/wp-content\/uploads\/2019\/01\/Dombai_FIBA-440x299.jpg 440w, https:\/\/vasasbasket.hu\/wp-content\/uploads\/2019\/01\/Dombai_FIBA-300x204.jpg 300w, https:\/\/vasasbasket.hu\/wp-content\/uploads\/2019\/01\/Dombai_FIBA-768x522.jpg 768w, https:\/\/vasasbasket.hu\/wp-content\/uploads\/2019\/01\/Dombai_FIBA-128x87.jpg 128w, https:\/\/vasasbasket.hu\/wp-content\/uploads\/2019\/01\/Dombai_FIBA-32x22.jpg 32w, https:\/\/vasasbasket.hu\/wp-content\/uploads\/2019\/01\/Dombai_FIBA-98x67.jpg 98w, https:\/\/vasasbasket.hu\/wp-content\/uploads\/2019\/01\/Dombai_FIBA.jpg 1269w\" sizes=\"auto, (max-width: 701px) 100vw, 701px\" \/><\/p>\n<p><em>&#8222;Magyarorsz\u00e1g er\u0151s\u00f6d\u00e9se az eur\u00f3pai \u00e9s vil\u00e1gversenyeken az elm\u00falt \u00e9vekben olyan j\u00e1t\u00e9kosoknak k\u00f6sz\u00f6nhet\u0151, mint Dombai R\u00e9ka&#8221;<\/em> &#8211; olvashatjuk a cikkben.<\/p>\n<p><a href=\"http:\/\/www.fiba.basketball\/en\/news\/presenting-your-all-star-five-of-the-fiba-womens-eurobasket-2029\">http:\/\/www.fiba.basketball\/en\/news\/presenting-your-all-star-five-of-the-fiba-womens-eurobasket-2029<\/a><\/p>\n<p><em>&#8222;Nap mint nap kem\u00e9nyen dolgozunk az\u00e9rt, hogy fiatal tehets\u00e9geink a legmagasabb sz\u00ednvonal\u00fa k\u00e9pz\u00e9st kapj\u00e1k. \u00d6r\u00fcl\u00f6k, hogy munk\u00e1nkat nemzetk\u00f6zileg is elismerik. Gratul\u00e1lok R\u00e9k\u00e1nak, a Vasas Akad\u00e9mia \u00f6sszes edz\u0151j\u00e9nek, \u00e9s szakmai st\u00e1bunk tagjainak&#8221;<\/em> &#8211; tette hozz\u00e1 a Vasas Akad\u00e9mia n\u0151i kos\u00e1rlabda-szakoszt\u00e1ly\u00e1nak eln\u00f6ke, Boly\u00f3 Judit.<\/p>\n<p style=\"text-align: right;\"><em><span style=\"color: #808080;\">Forr\u00e1s: FIBA<\/span><\/em><\/p>\n","protected":false},"excerpt":{"rendered":"<p>A Nemzetk\u00f6zi Kos\u00e1rlabda Sz\u00f6vets\u00e9g (FIBA) is felfigyelt a Vasas Akad\u00e9mia egyik legtehets\u00e9gesebb j\u00e1t\u00e9kos\u00e1ra. Dombai R\u00e9ka, aki mind\u00f6ssze 16 \u00e9vesen vezeti a feln\u0151tt n\u0151i NBI\/A pontszerz\u0151 tabell\u00e1j\u00e1t, beker\u00fclt a\u00a0FIBA Women&#8217;s EuroBasket 2029 All-Star \u00f6t\u00f6s\u00e9be. A k\u00f6z\u00f6ss\u00e9gi m\u00e9di\u00e1ban tombol a #10YearChallenge, a felhaszn\u00e1l\u00f3k egy t\u00edz \u00e9vvel ezel\u0151tti, valamint egy aktu\u00e1lis fot\u00f3t illesztenek egym\u00e1s mell\u00e9, bemutatva ezzel a&#8230;<\/p>\n","protected":false},"author":1,"featured_media":5076,"comment_status":"closed","ping_status":"open","sticky":false,"template":"","format":"standard","meta":{"footnotes":""},"categories":[92],"tags":[],"class_list":["post-5074","post","type-post","status-publish","format-standard","has-post-thumbnail","hentry","category-hirek"],"yoast_head":"<!-- This site is optimized with the Yoast SEO plugin v26.0 - https:\/\/yoast.com\/wordpress\/plugins\/seo\/ -->\n<title>Nemzetk\u00f6zi porondon is felfigyeltek ut\u00e1np\u00f3tl\u00e1sk\u00e9pz\u00e9s\u00fcnkre - Vasas n\u0151i kos\u00e1rlabda<\/title>\n<meta name=\"robots\" content=\"index, follow, max-snippet:-1, max-image-preview:large, max-video-preview:-1\" \/>\n<link rel=\"canonical\" href=\"https:\/\/vasasbasket.hu\/index.php\/nemzetkozi-porondon-is-felfigyeltek-utanpotlaskepzesunkre\/\" \/>\n<meta property=\"og:locale\" content=\"hu_HU\" \/>\n<meta property=\"og:type\" content=\"article\" \/>\n<meta property=\"og:title\" content=\"Nemzetk\u00f6zi porondon is felfigyeltek ut\u00e1np\u00f3tl\u00e1sk\u00e9pz\u00e9s\u00fcnkre - Vasas n\u0151i kos\u00e1rlabda\" \/>\n<meta property=\"og:description\" content=\"A Nemzetk\u00f6zi Kos\u00e1rlabda Sz\u00f6vets\u00e9g (FIBA) is felfigyelt a Vasas Akad\u00e9mia egyik legtehets\u00e9gesebb j\u00e1t\u00e9kos\u00e1ra. Dombai R\u00e9ka, aki mind\u00f6ssze 16 \u00e9vesen vezeti a feln\u0151tt n\u0151i NBI\/A pontszerz\u0151 tabell\u00e1j\u00e1t, beker\u00fclt a\u00a0FIBA Women&#8217;s EuroBasket 2029 All-Star \u00f6t\u00f6s\u00e9be. A k\u00f6z\u00f6ss\u00e9gi m\u00e9di\u00e1ban tombol a #10YearChallenge, a felhaszn\u00e1l\u00f3k egy t\u00edz \u00e9vvel ezel\u0151tti, valamint egy aktu\u00e1lis fot\u00f3t illesztenek egym\u00e1s mell\u00e9, bemutatva ezzel a...\" \/>\n<meta property=\"og:url\" content=\"https:\/\/vasasbasket.hu\/index.php\/nemzetkozi-porondon-is-felfigyeltek-utanpotlaskepzesunkre\/\" \/>\n<meta property=\"og:site_name\" content=\"Vasas n\u0151i kos\u00e1rlabda\" \/>\n<meta property=\"article:publisher\" content=\"https:\/\/www.facebook.com\/vasaswbasket\/\" \/>\n<meta property=\"article:published_time\" content=\"2019-01-23T10:53:51+00:00\" \/>\n<meta property=\"article:modified_time\" content=\"2019-01-23T13:17:26+00:00\" \/>\n<meta property=\"og:image\" content=\"https:\/\/vasasbasket.hu\/wp-content\/uploads\/2019\/01\/insta_dombai_kiwi-2.jpg\" \/>\n\t<meta property=\"og:image:width\" content=\"1500\" \/>\n\t<meta property=\"og:image:height\" content=\"1000\" \/>\n\t<meta property=\"og:image:type\" content=\"image\/jpeg\" \/>\n<meta name=\"author\" content=\"admin\" \/>\n<meta name=\"twitter:card\" content=\"summary_large_image\" \/>\n<meta name=\"twitter:label1\" content=\"Szerz\u0151:\" \/>\n\t<meta name=\"twitter:data1\" content=\"admin\" \/>\n\t<meta name=\"twitter:label2\" content=\"Becs\u00fclt olvas\u00e1si id\u0151\" \/>\n\t<meta name=\"twitter:data2\" content=\"1 perc\" \/>\n<script type=\"application\/ld+json\" class=\"yoast-schema-graph\">{\"@context\":\"https:\/\/schema.org\",\"@graph\":[{\"@type\":\"Article\",\"@id\":\"https:\/\/vasasbasket.hu\/index.php\/nemzetkozi-porondon-is-felfigyeltek-utanpotlaskepzesunkre\/#article\",\"isPartOf\":{\"@id\":\"https:\/\/vasasbasket.hu\/index.php\/nemzetkozi-porondon-is-felfigyeltek-utanpotlaskepzesunkre\/\"},\"author\":{\"name\":\"admin\",\"@id\":\"https:\/\/vasasbasket.hu\/#\/schema\/person\/f1085f4d2c6582d8d0f977e92de2edee\"},\"headline\":\"Nemzetk\u00f6zi porondon is felfigyeltek ut\u00e1np\u00f3tl\u00e1sk\u00e9pz\u00e9s\u00fcnkre\",\"datePublished\":\"2019-01-23T10:53:51+00:00\",\"dateModified\":\"2019-01-23T13:17:26+00:00\",\"mainEntityOfPage\":{\"@id\":\"https:\/\/vasasbasket.hu\/index.php\/nemzetkozi-porondon-is-felfigyeltek-utanpotlaskepzesunkre\/\"},\"wordCount\":274,\"publisher\":{\"@id\":\"https:\/\/vasasbasket.hu\/#organization\"},\"image\":{\"@id\":\"https:\/\/vasasbasket.hu\/index.php\/nemzetkozi-porondon-is-felfigyeltek-utanpotlaskepzesunkre\/#primaryimage\"},\"thumbnailUrl\":\"https:\/\/vasasbasket.hu\/wp-content\/uploads\/2019\/01\/insta_dombai_kiwi-2.jpg\",\"articleSection\":[\"\u00d6sszes H\u00edr\"],\"inLanguage\":\"hu\"},{\"@type\":\"WebPage\",\"@id\":\"https:\/\/vasasbasket.hu\/index.php\/nemzetkozi-porondon-is-felfigyeltek-utanpotlaskepzesunkre\/\",\"url\":\"https:\/\/vasasbasket.hu\/index.php\/nemzetkozi-porondon-is-felfigyeltek-utanpotlaskepzesunkre\/\",\"name\":\"Nemzetk\u00f6zi porondon is felfigyeltek ut\u00e1np\u00f3tl\u00e1sk\u00e9pz\u00e9s\u00fcnkre - Vasas n\u0151i kos\u00e1rlabda\",\"isPartOf\":{\"@id\":\"https:\/\/vasasbasket.hu\/#website\"},\"primaryImageOfPage\":{\"@id\":\"https:\/\/vasasbasket.hu\/index.php\/nemzetkozi-porondon-is-felfigyeltek-utanpotlaskepzesunkre\/#primaryimage\"},\"image\":{\"@id\":\"https:\/\/vasasbasket.hu\/index.php\/nemzetkozi-porondon-is-felfigyeltek-utanpotlaskepzesunkre\/#primaryimage\"},\"thumbnailUrl\":\"https:\/\/vasasbasket.hu\/wp-content\/uploads\/2019\/01\/insta_dombai_kiwi-2.jpg\",\"datePublished\":\"2019-01-23T10:53:51+00:00\",\"dateModified\":\"2019-01-23T13:17:26+00:00\",\"breadcrumb\":{\"@id\":\"https:\/\/vasasbasket.hu\/index.php\/nemzetkozi-porondon-is-felfigyeltek-utanpotlaskepzesunkre\/#breadcrumb\"},\"inLanguage\":\"hu\",\"potentialAction\":[{\"@type\":\"ReadAction\",\"target\":[\"https:\/\/vasasbasket.hu\/index.php\/nemzetkozi-porondon-is-felfigyeltek-utanpotlaskepzesunkre\/\"]}]},{\"@type\":\"ImageObject\",\"inLanguage\":\"hu\",\"@id\":\"https:\/\/vasasbasket.hu\/index.php\/nemzetkozi-porondon-is-felfigyeltek-utanpotlaskepzesunkre\/#primaryimage\",\"url\":\"https:\/\/vasasbasket.hu\/wp-content\/uploads\/2019\/01\/insta_dombai_kiwi-2.jpg\",\"contentUrl\":\"https:\/\/vasasbasket.hu\/wp-content\/uploads\/2019\/01\/insta_dombai_kiwi-2.jpg\",\"width\":1500,\"height\":1000},{\"@type\":\"BreadcrumbList\",\"@id\":\"https:\/\/vasasbasket.hu\/index.php\/nemzetkozi-porondon-is-felfigyeltek-utanpotlaskepzesunkre\/#breadcrumb\",\"itemListElement\":[{\"@type\":\"ListItem\",\"position\":1,\"name\":\"Kezd\u0151lap\",\"item\":\"https:\/\/vasasbasket.hu\/\"},{\"@type\":\"ListItem\",\"position\":2,\"name\":\"Nemzetk\u00f6zi porondon is felfigyeltek ut\u00e1np\u00f3tl\u00e1sk\u00e9pz\u00e9s\u00fcnkre\"}]},{\"@type\":\"WebSite\",\"@id\":\"https:\/\/vasasbasket.hu\/#website\",\"url\":\"https:\/\/vasasbasket.hu\/\",\"name\":\"Vasas n\u0151i kos\u00e1rlabda\",\"description\":\"Vasas Basket N\u0151i\",\"publisher\":{\"@id\":\"https:\/\/vasasbasket.hu\/#organization\"},\"potentialAction\":[{\"@type\":\"SearchAction\",\"target\":{\"@type\":\"EntryPoint\",\"urlTemplate\":\"https:\/\/vasasbasket.hu\/?s={search_term_string}\"},\"query-input\":{\"@type\":\"PropertyValueSpecification\",\"valueRequired\":true,\"valueName\":\"search_term_string\"}}],\"inLanguage\":\"hu\"},{\"@type\":\"Organization\",\"@id\":\"https:\/\/vasasbasket.hu\/#organization\",\"name\":\"Vasas n\u0151i kos\u00e1rlabda\",\"url\":\"https:\/\/vasasbasket.hu\/\",\"logo\":{\"@type\":\"ImageObject\",\"inLanguage\":\"hu\",\"@id\":\"https:\/\/vasasbasket.hu\/#\/schema\/logo\/image\/\",\"url\":\"https:\/\/vasasbasket.hu\/wp-content\/uploads\/2017\/03\/vasas_cimer_1200.jpg\",\"contentUrl\":\"https:\/\/vasasbasket.hu\/wp-content\/uploads\/2017\/03\/vasas_cimer_1200.jpg\",\"width\":1200,\"height\":1200,\"caption\":\"Vasas n\u0151i kos\u00e1rlabda\"},\"image\":{\"@id\":\"https:\/\/vasasbasket.hu\/#\/schema\/logo\/image\/\"},\"sameAs\":[\"https:\/\/www.facebook.com\/vasaswbasket\/\"]},{\"@type\":\"Person\",\"@id\":\"https:\/\/vasasbasket.hu\/#\/schema\/person\/f1085f4d2c6582d8d0f977e92de2edee\",\"name\":\"admin\",\"image\":{\"@type\":\"ImageObject\",\"inLanguage\":\"hu\",\"@id\":\"https:\/\/vasasbasket.hu\/#\/schema\/person\/image\/\",\"url\":\"https:\/\/secure.gravatar.com\/avatar\/645c92f7d9cfe02bd93ce2d1cfa11cd3a268bdfe65486552ff04b193cea07634?s=96&d=mm&r=g\",\"contentUrl\":\"https:\/\/secure.gravatar.com\/avatar\/645c92f7d9cfe02bd93ce2d1cfa11cd3a268bdfe65486552ff04b193cea07634?s=96&d=mm&r=g\",\"caption\":\"admin\"},\"url\":\"https:\/\/vasasbasket.hu\/index.php\/author\/admin\/\"}]}<\/script>\n<!-- \/ Yoast SEO plugin. -->","yoast_head_json":{"title":"Nemzetk\u00f6zi porondon is felfigyeltek ut\u00e1np\u00f3tl\u00e1sk\u00e9pz\u00e9s\u00fcnkre - Vasas n\u0151i kos\u00e1rlabda","robots":{"index":"index","follow":"follow","max-snippet":"max-snippet:-1","max-image-preview":"max-image-preview:large","max-video-preview":"max-video-preview:-1"},"canonical":"https:\/\/vasasbasket.hu\/index.php\/nemzetkozi-porondon-is-felfigyeltek-utanpotlaskepzesunkre\/","og_locale":"hu_HU","og_type":"article","og_title":"Nemzetk\u00f6zi porondon is felfigyeltek ut\u00e1np\u00f3tl\u00e1sk\u00e9pz\u00e9s\u00fcnkre - Vasas n\u0151i kos\u00e1rlabda","og_description":"A Nemzetk\u00f6zi Kos\u00e1rlabda Sz\u00f6vets\u00e9g (FIBA) is felfigyelt a Vasas Akad\u00e9mia egyik legtehets\u00e9gesebb j\u00e1t\u00e9kos\u00e1ra. Dombai R\u00e9ka, aki mind\u00f6ssze 16 \u00e9vesen vezeti a feln\u0151tt n\u0151i NBI\/A pontszerz\u0151 tabell\u00e1j\u00e1t, beker\u00fclt a\u00a0FIBA Women&#8217;s EuroBasket 2029 All-Star \u00f6t\u00f6s\u00e9be. A k\u00f6z\u00f6ss\u00e9gi m\u00e9di\u00e1ban tombol a #10YearChallenge, a felhaszn\u00e1l\u00f3k egy t\u00edz \u00e9vvel ezel\u0151tti, valamint egy aktu\u00e1lis fot\u00f3t illesztenek egym\u00e1s mell\u00e9, bemutatva ezzel a...","og_url":"https:\/\/vasasbasket.hu\/index.php\/nemzetkozi-porondon-is-felfigyeltek-utanpotlaskepzesunkre\/","og_site_name":"Vasas n\u0151i kos\u00e1rlabda","article_publisher":"https:\/\/www.facebook.com\/vasaswbasket\/","article_published_time":"2019-01-23T10:53:51+00:00","article_modified_time":"2019-01-23T13:17:26+00:00","og_image":[{"width":1500,"height":1000,"url":"https:\/\/vasasbasket.hu\/wp-content\/uploads\/2019\/01\/insta_dombai_kiwi-2.jpg","type":"image\/jpeg"}],"author":"admin","twitter_card":"summary_large_image","twitter_misc":{"Szerz\u0151:":"admin","Becs\u00fclt olvas\u00e1si id\u0151":"1 perc"},"schema":{"@context":"https:\/\/schema.org","@graph":[{"@type":"Article","@id":"https:\/\/vasasbasket.hu\/index.php\/nemzetkozi-porondon-is-felfigyeltek-utanpotlaskepzesunkre\/#article","isPartOf":{"@id":"https:\/\/vasasbasket.hu\/index.php\/nemzetkozi-porondon-is-felfigyeltek-utanpotlaskepzesunkre\/"},"author":{"name":"admin","@id":"https:\/\/vasasbasket.hu\/#\/schema\/person\/f1085f4d2c6582d8d0f977e92de2edee"},"headline":"Nemzetk\u00f6zi porondon is felfigyeltek ut\u00e1np\u00f3tl\u00e1sk\u00e9pz\u00e9s\u00fcnkre","datePublished":"2019-01-23T10:53:51+00:00","dateModified":"2019-01-23T13:17:26+00:00","mainEntityOfPage":{"@id":"https:\/\/vasasbasket.hu\/index.php\/nemzetkozi-porondon-is-felfigyeltek-utanpotlaskepzesunkre\/"},"wordCount":274,"publisher":{"@id":"https:\/\/vasasbasket.hu\/#organization"},"image":{"@id":"https:\/\/vasasbasket.hu\/index.php\/nemzetkozi-porondon-is-felfigyeltek-utanpotlaskepzesunkre\/#primaryimage"},"thumbnailUrl":"https:\/\/vasasbasket.hu\/wp-content\/uploads\/2019\/01\/insta_dombai_kiwi-2.jpg","articleSection":["\u00d6sszes H\u00edr"],"inLanguage":"hu"},{"@type":"WebPage","@id":"https:\/\/vasasbasket.hu\/index.php\/nemzetkozi-porondon-is-felfigyeltek-utanpotlaskepzesunkre\/","url":"https:\/\/vasasbasket.hu\/index.php\/nemzetkozi-porondon-is-felfigyeltek-utanpotlaskepzesunkre\/","name":"Nemzetk\u00f6zi porondon is felfigyeltek ut\u00e1np\u00f3tl\u00e1sk\u00e9pz\u00e9s\u00fcnkre - Vasas n\u0151i kos\u00e1rlabda","isPartOf":{"@id":"https:\/\/vasasbasket.hu\/#website"},"primaryImageOfPage":{"@id":"https:\/\/vasasbasket.hu\/index.php\/nemzetkozi-porondon-is-felfigyeltek-utanpotlaskepzesunkre\/#primaryimage"},"image":{"@id":"https:\/\/vasasbasket.hu\/index.php\/nemzetkozi-porondon-is-felfigyeltek-utanpotlaskepzesunkre\/#primaryimage"},"thumbnailUrl":"https:\/\/vasasbasket.hu\/wp-content\/uploads\/2019\/01\/insta_dombai_kiwi-2.jpg","datePublished":"2019-01-23T10:53:51+00:00","dateModified":"2019-01-23T13:17:26+00:00","breadcrumb":{"@id":"https:\/\/vasasbasket.hu\/index.php\/nemzetkozi-porondon-is-felfigyeltek-utanpotlaskepzesunkre\/#breadcrumb"},"inLanguage":"hu","potentialAction":[{"@type":"ReadAction","target":["https:\/\/vasasbasket.hu\/index.php\/nemzetkozi-porondon-is-felfigyeltek-utanpotlaskepzesunkre\/"]}]},{"@type":"ImageObject","inLanguage":"hu","@id":"https:\/\/vasasbasket.hu\/index.php\/nemzetkozi-porondon-is-felfigyeltek-utanpotlaskepzesunkre\/#primaryimage","url":"https:\/\/vasasbasket.hu\/wp-content\/uploads\/2019\/01\/insta_dombai_kiwi-2.jpg","contentUrl":"https:\/\/vasasbasket.hu\/wp-content\/uploads\/2019\/01\/insta_dombai_kiwi-2.jpg","width":1500,"height":1000},{"@type":"BreadcrumbList","@id":"https:\/\/vasasbasket.hu\/index.php\/nemzetkozi-porondon-is-felfigyeltek-utanpotlaskepzesunkre\/#breadcrumb","itemListElement":[{"@type":"ListItem","position":1,"name":"Kezd\u0151lap","item":"https:\/\/vasasbasket.hu\/"},{"@type":"ListItem","position":2,"name":"Nemzetk\u00f6zi porondon is felfigyeltek ut\u00e1np\u00f3tl\u00e1sk\u00e9pz\u00e9s\u00fcnkre"}]},{"@type":"WebSite","@id":"https:\/\/vasasbasket.hu\/#website","url":"https:\/\/vasasbasket.hu\/","name":"Vasas n\u0151i kos\u00e1rlabda","description":"Vasas Basket N\u0151i","publisher":{"@id":"https:\/\/vasasbasket.hu\/#organization"},"potentialAction":[{"@type":"SearchAction","target":{"@type":"EntryPoint","urlTemplate":"https:\/\/vasasbasket.hu\/?s={search_term_string}"},"query-input":{"@type":"PropertyValueSpecification","valueRequired":true,"valueName":"search_term_string"}}],"inLanguage":"hu"},{"@type":"Organization","@id":"https:\/\/vasasbasket.hu\/#organization","name":"Vasas n\u0151i kos\u00e1rlabda","url":"https:\/\/vasasbasket.hu\/","logo":{"@type":"ImageObject","inLanguage":"hu","@id":"https:\/\/vasasbasket.hu\/#\/schema\/logo\/image\/","url":"https:\/\/vasasbasket.hu\/wp-content\/uploads\/2017\/03\/vasas_cimer_1200.jpg","contentUrl":"https:\/\/vasasbasket.hu\/wp-content\/uploads\/2017\/03\/vasas_cimer_1200.jpg","width":1200,"height":1200,"caption":"Vasas n\u0151i kos\u00e1rlabda"},"image":{"@id":"https:\/\/vasasbasket.hu\/#\/schema\/logo\/image\/"},"sameAs":["https:\/\/www.facebook.com\/vasaswbasket\/"]},{"@type":"Person","@id":"https:\/\/vasasbasket.hu\/#\/schema\/person\/f1085f4d2c6582d8d0f977e92de2edee","name":"admin","image":{"@type":"ImageObject","inLanguage":"hu","@id":"https:\/\/vasasbasket.hu\/#\/schema\/person\/image\/","url":"https:\/\/secure.gravatar.com\/avatar\/645c92f7d9cfe02bd93ce2d1cfa11cd3a268bdfe65486552ff04b193cea07634?s=96&d=mm&r=g","contentUrl":"https:\/\/secure.gravatar.com\/avatar\/645c92f7d9cfe02bd93ce2d1cfa11cd3a268bdfe65486552ff04b193cea07634?s=96&d=mm&r=g","caption":"admin"},"url":"https:\/\/vasasbasket.hu\/index.php\/author\/admin\/"}]}},"_links":{"self":[{"href":"https:\/\/vasasbasket.hu\/index.php\/wp-json\/wp\/v2\/posts\/5074","targetHints":{"allow":["GET"]}}],"collection":[{"href":"https:\/\/vasasbasket.hu\/index.php\/wp-json\/wp\/v2\/posts"}],"about":[{"href":"https:\/\/vasasbasket.hu\/index.php\/wp-json\/wp\/v2\/types\/post"}],"author":[{"embeddable":true,"href":"https:\/\/vasasbasket.hu\/index.php\/wp-json\/wp\/v2\/users\/1"}],"replies":[{"embeddable":true,"href":"https:\/\/vasasbasket.hu\/index.php\/wp-json\/wp\/v2\/comments?post=5074"}],"version-history":[{"count":3,"href":"https:\/\/vasasbasket.hu\/index.php\/wp-json\/wp\/v2\/posts\/5074\/revisions"}],"predecessor-version":[{"id":5080,"href":"https:\/\/vasasbasket.hu\/index.php\/wp-json\/wp\/v2\/posts\/5074\/revisions\/5080"}],"wp:featuredmedia":[{"embeddable":true,"href":"https:\/\/vasasbasket.hu\/index.php\/wp-json\/wp\/v2\/media\/5076"}],"wp:attachment":[{"href":"https:\/\/vasasbasket.hu\/index.php\/wp-json\/wp\/v2\/media?parent=5074"}],"wp:term":[{"taxonomy":"category","embeddable":true,"href":"https:\/\/vasasbasket.hu\/index.php\/wp-json\/wp\/v2\/categories?post=5074"},{"taxonomy":"post_tag","embeddable":true,"href":"https:\/\/vasasbasket.hu\/index.php\/wp-json\/wp\/v2\/tags?post=5074"}],"curies":[{"name":"wp","href":"https:\/\/api.w.org\/{rel}","templated":true}]}}