{"id":5041,"date":"2019-01-18T10:59:10","date_gmt":"2019-01-18T10:59:10","guid":{"rendered":"http:\/\/vasasbasket.hu\/?p=5041"},"modified":"2019-01-18T10:59:10","modified_gmt":"2019-01-18T10:59:10","slug":"meg-mindig-hibatlanok-u18-asaink-a-rajatszasban","status":"publish","type":"post","link":"https:\/\/vasasbasket.hu\/index.php\/meg-mindig-hibatlanok-u18-asaink-a-rajatszasban\/","title":{"rendered":"M\u00e9g mindig hib\u00e1tlanok U18-asaink a r\u00e1j\u00e1tsz\u00e1sban"},"content":{"rendered":"<p><strong>Kedden lej\u00e1tszotta m\u00e1sodik m\u00e9rk\u0151z\u00e9s\u00e9t junior csapatunk az Orsz\u00e1gos Junior Bajnoks\u00e1g fels\u0151h\u00e1z\u00e1nak r\u00e1j\u00e1tsz\u00e1s\u00e1ban. A Vasas Akad\u00e9mia 68-33-ra gy\u0151zte le a Soproni Darazsakat.<\/strong><\/p>\n<p>A m\u00e9rk\u0151z\u00e9s els\u0151 \u00f6t perc\u00e9ben az ellenf\u00e9l m\u00e9g tartotta a l\u00e9p\u00e9st, \u00e1m j\u00f3 v\u00e9dekez\u00e9s\u00fcnk \u00e9s pontos t\u00e1mad\u00f3j\u00e1t\u00e9kunk m\u00e1r a negyed v\u00e9g\u00e9n nyolc pontos k\u00fcl\u00f6nbs\u00e9get eredm\u00e9nyezett. Tov\u00e1bbra is az agressz\u00edv v\u00e9dekez\u00e9sre tett\u00fcnk a hangs\u00falyt, ami j\u00f3l m\u0171k\u00f6d\u00f6tt. T\u00e1mad\u00e1sban kihaszn\u00e1ltuk el\u0151ny\u00fcnket a pal\u00e1nk alatt, amivel sok kosarat tudtunk dobni. A m\u00e1sodik f\u00e9lid\u0151ben m\u00e1r t\u00f6bbet cser\u00e9lt\u00fcnk, megadva ezzel a lehet\u0151s\u00e9get minden j\u00e1t\u00e9kosunknak.<\/p>\n<p><em>&#8222;A r\u00e1j\u00e1tsz\u00e1s m\u00e1sodik m\u00e9rk\u0151z\u00e9se sem okozott nagyobb kih\u00edv\u00e1st. Szeretn\u00e9m kiemelni Varga Al\u00edz (33 IBM, 19 pont,12 lepattan\u00f3), Kun Rita (15 IBM, 10 pont, 8 lepattan\u00f3) \u00e9s Szerencs\u00e9s Tamara (10 IBM, 8 pont, 5 lepattan\u00f3) munk\u00e1j\u00e1t a p\u00e1ly\u00e1n. Gratul\u00e1lok l\u00e1nyok, hajr\u00e1 Vasas&#8221;<\/em> &#8211; mondta a csapat edz\u0151je, Igor Skocovski.<\/p>\n<p><strong>Vasas Akad\u00e9mia &#8211;<\/strong> Soproni Darazsak 68-33 (18-10, 18-8, 18-12, 14-3)<br \/>\n<em>Pontszerz\u0151k:<\/em><br \/>\n<strong>Vasas Akad\u00e9mia:<\/strong> Varga A. 19, V\u00edgh B. 7, Szerencs\u00e9s T. 8, Smailbegovic N. 8, Kun R. 10, Kuncz P. 4, Altmann A. 2, T\u00f3th F. 2, Eszt\u00e1ri T. 2, D\u00fal T. 4, Mudra V. 2, Boros B.<br \/>\n<strong>Soproni Darazsak:<\/strong> \u00dar B. 2, Sch\u00f6ll P. 5\/3, Kar\u00e1csony T. 3, Varga S. 9\/3, D\u00f6m\u00f6t\u00f6r P. 10\/3, Pfeiffer \u00cdV. 4, So\u00f3s D., M\u00e1t\u00e9 R., N\u00e9meth B., Szl\u00e1vik A.<\/p>\n","protected":false},"excerpt":{"rendered":"<p>Kedden lej\u00e1tszotta m\u00e1sodik m\u00e9rk\u0151z\u00e9s\u00e9t junior csapatunk az Orsz\u00e1gos Junior Bajnoks\u00e1g fels\u0151h\u00e1z\u00e1nak r\u00e1j\u00e1tsz\u00e1s\u00e1ban. A Vasas Akad\u00e9mia 68-33-ra gy\u0151zte le a Soproni Darazsakat. A m\u00e9rk\u0151z\u00e9s els\u0151 \u00f6t perc\u00e9ben az ellenf\u00e9l m\u00e9g tartotta a l\u00e9p\u00e9st, \u00e1m j\u00f3 v\u00e9dekez\u00e9s\u00fcnk \u00e9s pontos t\u00e1mad\u00f3j\u00e1t\u00e9kunk m\u00e1r a negyed v\u00e9g\u00e9n nyolc pontos k\u00fcl\u00f6nbs\u00e9get eredm\u00e9nyezett. Tov\u00e1bbra is az agressz\u00edv v\u00e9dekez\u00e9sre tett\u00fcnk a hangs\u00falyt, ami&#8230;<\/p>\n","protected":false},"author":1,"featured_media":4283,"comment_status":"closed","ping_status":"open","sticky":false,"template":"","format":"standard","meta":{"footnotes":""},"categories":[50,92],"tags":[],"class_list":["post-5041","post","type-post","status-publish","format-standard","has-post-thumbnail","hentry","category-junior","category-hirek"],"yoast_head":"<!-- This site is optimized with the Yoast SEO plugin v26.0 - https:\/\/yoast.com\/wordpress\/plugins\/seo\/ -->\n<title>M\u00e9g mindig hib\u00e1tlanok U18-asaink a r\u00e1j\u00e1tsz\u00e1sban - Vasas n\u0151i kos\u00e1rlabda<\/title>\n<meta name=\"robots\" content=\"index, follow, max-snippet:-1, max-image-preview:large, max-video-preview:-1\" \/>\n<link rel=\"canonical\" href=\"https:\/\/vasasbasket.hu\/index.php\/meg-mindig-hibatlanok-u18-asaink-a-rajatszasban\/\" \/>\n<meta property=\"og:locale\" content=\"hu_HU\" \/>\n<meta property=\"og:type\" content=\"article\" \/>\n<meta property=\"og:title\" content=\"M\u00e9g mindig hib\u00e1tlanok U18-asaink a r\u00e1j\u00e1tsz\u00e1sban - Vasas n\u0151i kos\u00e1rlabda\" \/>\n<meta property=\"og:description\" content=\"Kedden lej\u00e1tszotta m\u00e1sodik m\u00e9rk\u0151z\u00e9s\u00e9t junior csapatunk az Orsz\u00e1gos Junior Bajnoks\u00e1g fels\u0151h\u00e1z\u00e1nak r\u00e1j\u00e1tsz\u00e1s\u00e1ban. A Vasas Akad\u00e9mia 68-33-ra gy\u0151zte le a Soproni Darazsakat. A m\u00e9rk\u0151z\u00e9s els\u0151 \u00f6t perc\u00e9ben az ellenf\u00e9l m\u00e9g tartotta a l\u00e9p\u00e9st, \u00e1m j\u00f3 v\u00e9dekez\u00e9s\u00fcnk \u00e9s pontos t\u00e1mad\u00f3j\u00e1t\u00e9kunk m\u00e1r a negyed v\u00e9g\u00e9n nyolc pontos k\u00fcl\u00f6nbs\u00e9get eredm\u00e9nyezett. Tov\u00e1bbra is az agressz\u00edv v\u00e9dekez\u00e9sre tett\u00fcnk a hangs\u00falyt, ami...\" \/>\n<meta property=\"og:url\" content=\"https:\/\/vasasbasket.hu\/index.php\/meg-mindig-hibatlanok-u18-asaink-a-rajatszasban\/\" \/>\n<meta property=\"og:site_name\" content=\"Vasas n\u0151i kos\u00e1rlabda\" \/>\n<meta property=\"article:publisher\" content=\"https:\/\/www.facebook.com\/vasaswbasket\/\" \/>\n<meta property=\"article:published_time\" content=\"2019-01-18T10:59:10+00:00\" \/>\n<meta property=\"og:image\" content=\"https:\/\/vasasbasket.hu\/wp-content\/uploads\/2018\/09\/Vasas-Akad\u00e9mia-U18.jpg\" \/>\n\t<meta property=\"og:image:width\" content=\"2000\" \/>\n\t<meta property=\"og:image:height\" content=\"1333\" \/>\n\t<meta property=\"og:image:type\" content=\"image\/jpeg\" \/>\n<meta name=\"author\" content=\"admin\" \/>\n<meta name=\"twitter:card\" content=\"summary_large_image\" \/>\n<meta name=\"twitter:label1\" content=\"Szerz\u0151:\" \/>\n\t<meta name=\"twitter:data1\" content=\"admin\" \/>\n\t<meta name=\"twitter:label2\" content=\"Becs\u00fclt olvas\u00e1si id\u0151\" \/>\n\t<meta name=\"twitter:data2\" content=\"1 perc\" \/>\n<script type=\"application\/ld+json\" class=\"yoast-schema-graph\">{\"@context\":\"https:\/\/schema.org\",\"@graph\":[{\"@type\":\"Article\",\"@id\":\"https:\/\/vasasbasket.hu\/index.php\/meg-mindig-hibatlanok-u18-asaink-a-rajatszasban\/#article\",\"isPartOf\":{\"@id\":\"https:\/\/vasasbasket.hu\/index.php\/meg-mindig-hibatlanok-u18-asaink-a-rajatszasban\/\"},\"author\":{\"name\":\"admin\",\"@id\":\"https:\/\/vasasbasket.hu\/#\/schema\/person\/f1085f4d2c6582d8d0f977e92de2edee\"},\"headline\":\"M\u00e9g mindig hib\u00e1tlanok U18-asaink a r\u00e1j\u00e1tsz\u00e1sban\",\"datePublished\":\"2019-01-18T10:59:10+00:00\",\"mainEntityOfPage\":{\"@id\":\"https:\/\/vasasbasket.hu\/index.php\/meg-mindig-hibatlanok-u18-asaink-a-rajatszasban\/\"},\"wordCount\":294,\"publisher\":{\"@id\":\"https:\/\/vasasbasket.hu\/#organization\"},\"image\":{\"@id\":\"https:\/\/vasasbasket.hu\/index.php\/meg-mindig-hibatlanok-u18-asaink-a-rajatszasban\/#primaryimage\"},\"thumbnailUrl\":\"https:\/\/vasasbasket.hu\/wp-content\/uploads\/2018\/09\/Vasas-Akad\u00e9mia-U18.jpg\",\"articleSection\":[\"Junior\",\"\u00d6sszes H\u00edr\"],\"inLanguage\":\"hu\"},{\"@type\":\"WebPage\",\"@id\":\"https:\/\/vasasbasket.hu\/index.php\/meg-mindig-hibatlanok-u18-asaink-a-rajatszasban\/\",\"url\":\"https:\/\/vasasbasket.hu\/index.php\/meg-mindig-hibatlanok-u18-asaink-a-rajatszasban\/\",\"name\":\"M\u00e9g mindig hib\u00e1tlanok U18-asaink a r\u00e1j\u00e1tsz\u00e1sban - Vasas n\u0151i kos\u00e1rlabda\",\"isPartOf\":{\"@id\":\"https:\/\/vasasbasket.hu\/#website\"},\"primaryImageOfPage\":{\"@id\":\"https:\/\/vasasbasket.hu\/index.php\/meg-mindig-hibatlanok-u18-asaink-a-rajatszasban\/#primaryimage\"},\"image\":{\"@id\":\"https:\/\/vasasbasket.hu\/index.php\/meg-mindig-hibatlanok-u18-asaink-a-rajatszasban\/#primaryimage\"},\"thumbnailUrl\":\"https:\/\/vasasbasket.hu\/wp-content\/uploads\/2018\/09\/Vasas-Akad\u00e9mia-U18.jpg\",\"datePublished\":\"2019-01-18T10:59:10+00:00\",\"breadcrumb\":{\"@id\":\"https:\/\/vasasbasket.hu\/index.php\/meg-mindig-hibatlanok-u18-asaink-a-rajatszasban\/#breadcrumb\"},\"inLanguage\":\"hu\",\"potentialAction\":[{\"@type\":\"ReadAction\",\"target\":[\"https:\/\/vasasbasket.hu\/index.php\/meg-mindig-hibatlanok-u18-asaink-a-rajatszasban\/\"]}]},{\"@type\":\"ImageObject\",\"inLanguage\":\"hu\",\"@id\":\"https:\/\/vasasbasket.hu\/index.php\/meg-mindig-hibatlanok-u18-asaink-a-rajatszasban\/#primaryimage\",\"url\":\"https:\/\/vasasbasket.hu\/wp-content\/uploads\/2018\/09\/Vasas-Akad\u00e9mia-U18.jpg\",\"contentUrl\":\"https:\/\/vasasbasket.hu\/wp-content\/uploads\/2018\/09\/Vasas-Akad\u00e9mia-U18.jpg\",\"width\":2000,\"height\":1333},{\"@type\":\"BreadcrumbList\",\"@id\":\"https:\/\/vasasbasket.hu\/index.php\/meg-mindig-hibatlanok-u18-asaink-a-rajatszasban\/#breadcrumb\",\"itemListElement\":[{\"@type\":\"ListItem\",\"position\":1,\"name\":\"Kezd\u0151lap\",\"item\":\"https:\/\/vasasbasket.hu\/\"},{\"@type\":\"ListItem\",\"position\":2,\"name\":\"M\u00e9g mindig hib\u00e1tlanok U18-asaink a r\u00e1j\u00e1tsz\u00e1sban\"}]},{\"@type\":\"WebSite\",\"@id\":\"https:\/\/vasasbasket.hu\/#website\",\"url\":\"https:\/\/vasasbasket.hu\/\",\"name\":\"Vasas n\u0151i kos\u00e1rlabda\",\"description\":\"Vasas Basket N\u0151i\",\"publisher\":{\"@id\":\"https:\/\/vasasbasket.hu\/#organization\"},\"potentialAction\":[{\"@type\":\"SearchAction\",\"target\":{\"@type\":\"EntryPoint\",\"urlTemplate\":\"https:\/\/vasasbasket.hu\/?s={search_term_string}\"},\"query-input\":{\"@type\":\"PropertyValueSpecification\",\"valueRequired\":true,\"valueName\":\"search_term_string\"}}],\"inLanguage\":\"hu\"},{\"@type\":\"Organization\",\"@id\":\"https:\/\/vasasbasket.hu\/#organization\",\"name\":\"Vasas n\u0151i kos\u00e1rlabda\",\"url\":\"https:\/\/vasasbasket.hu\/\",\"logo\":{\"@type\":\"ImageObject\",\"inLanguage\":\"hu\",\"@id\":\"https:\/\/vasasbasket.hu\/#\/schema\/logo\/image\/\",\"url\":\"https:\/\/vasasbasket.hu\/wp-content\/uploads\/2017\/03\/vasas_cimer_1200.jpg\",\"contentUrl\":\"https:\/\/vasasbasket.hu\/wp-content\/uploads\/2017\/03\/vasas_cimer_1200.jpg\",\"width\":1200,\"height\":1200,\"caption\":\"Vasas n\u0151i kos\u00e1rlabda\"},\"image\":{\"@id\":\"https:\/\/vasasbasket.hu\/#\/schema\/logo\/image\/\"},\"sameAs\":[\"https:\/\/www.facebook.com\/vasaswbasket\/\"]},{\"@type\":\"Person\",\"@id\":\"https:\/\/vasasbasket.hu\/#\/schema\/person\/f1085f4d2c6582d8d0f977e92de2edee\",\"name\":\"admin\",\"image\":{\"@type\":\"ImageObject\",\"inLanguage\":\"hu\",\"@id\":\"https:\/\/vasasbasket.hu\/#\/schema\/person\/image\/\",\"url\":\"https:\/\/secure.gravatar.com\/avatar\/645c92f7d9cfe02bd93ce2d1cfa11cd3a268bdfe65486552ff04b193cea07634?s=96&d=mm&r=g\",\"contentUrl\":\"https:\/\/secure.gravatar.com\/avatar\/645c92f7d9cfe02bd93ce2d1cfa11cd3a268bdfe65486552ff04b193cea07634?s=96&d=mm&r=g\",\"caption\":\"admin\"},\"url\":\"https:\/\/vasasbasket.hu\/index.php\/author\/admin\/\"}]}<\/script>\n<!-- \/ Yoast SEO plugin. -->","yoast_head_json":{"title":"M\u00e9g mindig hib\u00e1tlanok U18-asaink a r\u00e1j\u00e1tsz\u00e1sban - Vasas n\u0151i kos\u00e1rlabda","robots":{"index":"index","follow":"follow","max-snippet":"max-snippet:-1","max-image-preview":"max-image-preview:large","max-video-preview":"max-video-preview:-1"},"canonical":"https:\/\/vasasbasket.hu\/index.php\/meg-mindig-hibatlanok-u18-asaink-a-rajatszasban\/","og_locale":"hu_HU","og_type":"article","og_title":"M\u00e9g mindig hib\u00e1tlanok U18-asaink a r\u00e1j\u00e1tsz\u00e1sban - Vasas n\u0151i kos\u00e1rlabda","og_description":"Kedden lej\u00e1tszotta m\u00e1sodik m\u00e9rk\u0151z\u00e9s\u00e9t junior csapatunk az Orsz\u00e1gos Junior Bajnoks\u00e1g fels\u0151h\u00e1z\u00e1nak r\u00e1j\u00e1tsz\u00e1s\u00e1ban. A Vasas Akad\u00e9mia 68-33-ra gy\u0151zte le a Soproni Darazsakat. A m\u00e9rk\u0151z\u00e9s els\u0151 \u00f6t perc\u00e9ben az ellenf\u00e9l m\u00e9g tartotta a l\u00e9p\u00e9st, \u00e1m j\u00f3 v\u00e9dekez\u00e9s\u00fcnk \u00e9s pontos t\u00e1mad\u00f3j\u00e1t\u00e9kunk m\u00e1r a negyed v\u00e9g\u00e9n nyolc pontos k\u00fcl\u00f6nbs\u00e9get eredm\u00e9nyezett. Tov\u00e1bbra is az agressz\u00edv v\u00e9dekez\u00e9sre tett\u00fcnk a hangs\u00falyt, ami...","og_url":"https:\/\/vasasbasket.hu\/index.php\/meg-mindig-hibatlanok-u18-asaink-a-rajatszasban\/","og_site_name":"Vasas n\u0151i kos\u00e1rlabda","article_publisher":"https:\/\/www.facebook.com\/vasaswbasket\/","article_published_time":"2019-01-18T10:59:10+00:00","og_image":[{"width":2000,"height":1333,"url":"https:\/\/vasasbasket.hu\/wp-content\/uploads\/2018\/09\/Vasas-Akad\u00e9mia-U18.jpg","type":"image\/jpeg"}],"author":"admin","twitter_card":"summary_large_image","twitter_misc":{"Szerz\u0151:":"admin","Becs\u00fclt olvas\u00e1si id\u0151":"1 perc"},"schema":{"@context":"https:\/\/schema.org","@graph":[{"@type":"Article","@id":"https:\/\/vasasbasket.hu\/index.php\/meg-mindig-hibatlanok-u18-asaink-a-rajatszasban\/#article","isPartOf":{"@id":"https:\/\/vasasbasket.hu\/index.php\/meg-mindig-hibatlanok-u18-asaink-a-rajatszasban\/"},"author":{"name":"admin","@id":"https:\/\/vasasbasket.hu\/#\/schema\/person\/f1085f4d2c6582d8d0f977e92de2edee"},"headline":"M\u00e9g mindig hib\u00e1tlanok U18-asaink a r\u00e1j\u00e1tsz\u00e1sban","datePublished":"2019-01-18T10:59:10+00:00","mainEntityOfPage":{"@id":"https:\/\/vasasbasket.hu\/index.php\/meg-mindig-hibatlanok-u18-asaink-a-rajatszasban\/"},"wordCount":294,"publisher":{"@id":"https:\/\/vasasbasket.hu\/#organization"},"image":{"@id":"https:\/\/vasasbasket.hu\/index.php\/meg-mindig-hibatlanok-u18-asaink-a-rajatszasban\/#primaryimage"},"thumbnailUrl":"https:\/\/vasasbasket.hu\/wp-content\/uploads\/2018\/09\/Vasas-Akad\u00e9mia-U18.jpg","articleSection":["Junior","\u00d6sszes H\u00edr"],"inLanguage":"hu"},{"@type":"WebPage","@id":"https:\/\/vasasbasket.hu\/index.php\/meg-mindig-hibatlanok-u18-asaink-a-rajatszasban\/","url":"https:\/\/vasasbasket.hu\/index.php\/meg-mindig-hibatlanok-u18-asaink-a-rajatszasban\/","name":"M\u00e9g mindig hib\u00e1tlanok U18-asaink a r\u00e1j\u00e1tsz\u00e1sban - Vasas n\u0151i kos\u00e1rlabda","isPartOf":{"@id":"https:\/\/vasasbasket.hu\/#website"},"primaryImageOfPage":{"@id":"https:\/\/vasasbasket.hu\/index.php\/meg-mindig-hibatlanok-u18-asaink-a-rajatszasban\/#primaryimage"},"image":{"@id":"https:\/\/vasasbasket.hu\/index.php\/meg-mindig-hibatlanok-u18-asaink-a-rajatszasban\/#primaryimage"},"thumbnailUrl":"https:\/\/vasasbasket.hu\/wp-content\/uploads\/2018\/09\/Vasas-Akad\u00e9mia-U18.jpg","datePublished":"2019-01-18T10:59:10+00:00","breadcrumb":{"@id":"https:\/\/vasasbasket.hu\/index.php\/meg-mindig-hibatlanok-u18-asaink-a-rajatszasban\/#breadcrumb"},"inLanguage":"hu","potentialAction":[{"@type":"ReadAction","target":["https:\/\/vasasbasket.hu\/index.php\/meg-mindig-hibatlanok-u18-asaink-a-rajatszasban\/"]}]},{"@type":"ImageObject","inLanguage":"hu","@id":"https:\/\/vasasbasket.hu\/index.php\/meg-mindig-hibatlanok-u18-asaink-a-rajatszasban\/#primaryimage","url":"https:\/\/vasasbasket.hu\/wp-content\/uploads\/2018\/09\/Vasas-Akad\u00e9mia-U18.jpg","contentUrl":"https:\/\/vasasbasket.hu\/wp-content\/uploads\/2018\/09\/Vasas-Akad\u00e9mia-U18.jpg","width":2000,"height":1333},{"@type":"BreadcrumbList","@id":"https:\/\/vasasbasket.hu\/index.php\/meg-mindig-hibatlanok-u18-asaink-a-rajatszasban\/#breadcrumb","itemListElement":[{"@type":"ListItem","position":1,"name":"Kezd\u0151lap","item":"https:\/\/vasasbasket.hu\/"},{"@type":"ListItem","position":2,"name":"M\u00e9g mindig hib\u00e1tlanok U18-asaink a r\u00e1j\u00e1tsz\u00e1sban"}]},{"@type":"WebSite","@id":"https:\/\/vasasbasket.hu\/#website","url":"https:\/\/vasasbasket.hu\/","name":"Vasas n\u0151i kos\u00e1rlabda","description":"Vasas Basket N\u0151i","publisher":{"@id":"https:\/\/vasasbasket.hu\/#organization"},"potentialAction":[{"@type":"SearchAction","target":{"@type":"EntryPoint","urlTemplate":"https:\/\/vasasbasket.hu\/?s={search_term_string}"},"query-input":{"@type":"PropertyValueSpecification","valueRequired":true,"valueName":"search_term_string"}}],"inLanguage":"hu"},{"@type":"Organization","@id":"https:\/\/vasasbasket.hu\/#organization","name":"Vasas n\u0151i kos\u00e1rlabda","url":"https:\/\/vasasbasket.hu\/","logo":{"@type":"ImageObject","inLanguage":"hu","@id":"https:\/\/vasasbasket.hu\/#\/schema\/logo\/image\/","url":"https:\/\/vasasbasket.hu\/wp-content\/uploads\/2017\/03\/vasas_cimer_1200.jpg","contentUrl":"https:\/\/vasasbasket.hu\/wp-content\/uploads\/2017\/03\/vasas_cimer_1200.jpg","width":1200,"height":1200,"caption":"Vasas n\u0151i kos\u00e1rlabda"},"image":{"@id":"https:\/\/vasasbasket.hu\/#\/schema\/logo\/image\/"},"sameAs":["https:\/\/www.facebook.com\/vasaswbasket\/"]},{"@type":"Person","@id":"https:\/\/vasasbasket.hu\/#\/schema\/person\/f1085f4d2c6582d8d0f977e92de2edee","name":"admin","image":{"@type":"ImageObject","inLanguage":"hu","@id":"https:\/\/vasasbasket.hu\/#\/schema\/person\/image\/","url":"https:\/\/secure.gravatar.com\/avatar\/645c92f7d9cfe02bd93ce2d1cfa11cd3a268bdfe65486552ff04b193cea07634?s=96&d=mm&r=g","contentUrl":"https:\/\/secure.gravatar.com\/avatar\/645c92f7d9cfe02bd93ce2d1cfa11cd3a268bdfe65486552ff04b193cea07634?s=96&d=mm&r=g","caption":"admin"},"url":"https:\/\/vasasbasket.hu\/index.php\/author\/admin\/"}]}},"_links":{"self":[{"href":"https:\/\/vasasbasket.hu\/index.php\/wp-json\/wp\/v2\/posts\/5041","targetHints":{"allow":["GET"]}}],"collection":[{"href":"https:\/\/vasasbasket.hu\/index.php\/wp-json\/wp\/v2\/posts"}],"about":[{"href":"https:\/\/vasasbasket.hu\/index.php\/wp-json\/wp\/v2\/types\/post"}],"author":[{"embeddable":true,"href":"https:\/\/vasasbasket.hu\/index.php\/wp-json\/wp\/v2\/users\/1"}],"replies":[{"embeddable":true,"href":"https:\/\/vasasbasket.hu\/index.php\/wp-json\/wp\/v2\/comments?post=5041"}],"version-history":[{"count":1,"href":"https:\/\/vasasbasket.hu\/index.php\/wp-json\/wp\/v2\/posts\/5041\/revisions"}],"predecessor-version":[{"id":5042,"href":"https:\/\/vasasbasket.hu\/index.php\/wp-json\/wp\/v2\/posts\/5041\/revisions\/5042"}],"wp:featuredmedia":[{"embeddable":true,"href":"https:\/\/vasasbasket.hu\/index.php\/wp-json\/wp\/v2\/media\/4283"}],"wp:attachment":[{"href":"https:\/\/vasasbasket.hu\/index.php\/wp-json\/wp\/v2\/media?parent=5041"}],"wp:term":[{"taxonomy":"category","embeddable":true,"href":"https:\/\/vasasbasket.hu\/index.php\/wp-json\/wp\/v2\/categories?post=5041"},{"taxonomy":"post_tag","embeddable":true,"href":"https:\/\/vasasbasket.hu\/index.php\/wp-json\/wp\/v2\/tags?post=5041"}],"curies":[{"name":"wp","href":"https:\/\/api.w.org\/{rel}","templated":true}]}}