{"id":5019,"date":"2019-01-11T14:14:57","date_gmt":"2019-01-11T14:14:57","guid":{"rendered":"http:\/\/vasasbasket.hu\/?p=5019"},"modified":"2019-01-11T14:14:57","modified_gmt":"2019-01-11T14:14:57","slug":"alsohazi-rangado-var-rank-a-hetvegen","status":"publish","type":"post","link":"https:\/\/vasasbasket.hu\/index.php\/alsohazi-rangado-var-rank-a-hetvegen\/","title":{"rendered":"Als\u00f3h\u00e1zi rangad\u00f3 v\u00e1r r\u00e1nk a h\u00e9tv\u00e9g\u00e9n"},"content":{"rendered":"<p><strong>Szombat este a PINKK-P\u00e9csi-424 otthon\u00e1ba l\u00e1togat el a Vasas Akad\u00e9mia feln\u0151tt csapata, a m\u00e9rk\u0151z\u00e9s gy\u0151ztese pedig \u00f3ri\u00e1si l\u00e9p\u00e9st tehet a bajnoki tabella nyolcadik hely\u00e9\u00e9rt.<\/strong><\/p>\n<p>H\u00e1rmas holtverseny alakult ki a bajnoki tabella 8-10 hely\u00e9n, Akad\u00e9mi\u00e1nkon k\u00edv\u00fcl a BEAC \u00e9s PINKK is h\u00e1rom-h\u00e1rom gy\u0151zelemmel \u00e1ll. A h\u00e9tv\u00e9gi m\u00e9rk\u0151z\u00e9s teh\u00e1t minden szempontb\u00f3l nagyon fontos csapatunk sz\u00e1m\u00e1ra, hiszen amellett, hogy jav\u00edtani tudn\u00e1nk az \u00e9v v\u00e9gi BEAC elleni veres\u00e9g\u00fcnket, a PINKK legy\u0151z\u00e9s\u00e9vel l\u00e9p\u00e9sel\u0151nnyel tarthatn\u00e1nk magunk m\u00f6g\u00f6tt k\u00f6zvetlen riv\u00e1lisainkat.<\/p>\n<p>Feln\u0151tt csapatunk a pap\u00edrform\u00e1nak megfelel\u0151en veres\u00e9ggel kezdte a 2019-es \u00e9vet. A Gy\u0151r ellen hazai p\u00e1ly\u00e1n sem siker\u00fclt a brav\u00far, azonban ami enn\u00e9l is rosszabb, Sara Heljic er\u0151sebb agyr\u00e1zk\u00f3d\u00e1st szenvedett a m\u00e9rk\u0151z\u00e9s utols\u00f3 negyed\u00e9ben. B\u00e1r szerencs\u00e9re fiatal center\u00fcnknek nincs komoly baja, F\u00f6ldi Attila biztosan nem sz\u00e1molhat vele a h\u00e9tv\u00e9g\u00e9n.<\/p>\n<p>Ellenfel\u00fcnknek s\u0171r\u0171 programja volt az ut\u00f3bbi id\u0151ben, hiszen m\u00falt h\u00e9tv\u00e9g\u00e9n k\u00e9t EWBL m\u00e9rk\u0151z\u00e9st j\u00e1tszottak, majd kedden Budapestre l\u00e1togattak, ahol az ELTE-BEAC \u00dajbuda ellni magyar bajnokit rendezt\u00e9k. A p\u00e9csiek \u00f3ri\u00e1si sz\u00edvvel \u00e9s akarater\u0151vel, a m\u00e9rk\u0151z\u00e9s utols\u00f3 m\u00e1sodperc\u00e9ben Sz\u0171cs R\u00e9ka tripl\u00e1j\u00e1val ford\u00edtott\u00e1k javukra a meccset.<\/p>\n<p><em>&#8222;A PINKK egy nagyon j\u00f3, sz\u00edv\u00f3s csapat, \u00fagyhogy semmik\u00e9pp sem sz\u00e1m\u00edtok k\u00f6nny\u0171 m\u00e9rk\u0151z\u00e9sre. Hazai p\u00e1ly\u00e1n is nagyon neh\u00e9z meccset j\u00e1tszottunk ellen\u00fck, de csak\u00fagy mint itthon, rem\u00e9lem, hogy idegenben is siker\u00fcl gy\u0151zn\u00fcnk&#8221;<\/em> &#8211; mondta feln\u0151tt csapatunk vezet\u0151edz\u0151je, F\u00f6ldi Attila.<\/p>\n<p>A teljes nyilatkozatot az al\u00e1bbi linken lehet megtekinteni:\u00a0<a href=\"https:\/\/www.youtube.com\/watch?v=F_gvzv6L-9M\">https:\/\/www.youtube.com\/watch?v=F_gvzv6L-9M<\/a><\/p>\n<p>A m\u00e9rk\u0151z\u00e9s szombaton 19:00-kor kezd\u0151dik a\u00a0Koz\u00e1rmisleny Sportcsarnokban.<\/p>\n","protected":false},"excerpt":{"rendered":"<p>Szombat este a PINKK-P\u00e9csi-424 otthon\u00e1ba l\u00e1togat el a Vasas Akad\u00e9mia feln\u0151tt csapata, a m\u00e9rk\u0151z\u00e9s gy\u0151ztese pedig \u00f3ri\u00e1si l\u00e9p\u00e9st tehet a bajnoki tabella nyolcadik hely\u00e9\u00e9rt. H\u00e1rmas holtverseny alakult ki a bajnoki tabella 8-10 hely\u00e9n, Akad\u00e9mi\u00e1nkon k\u00edv\u00fcl a BEAC \u00e9s PINKK is h\u00e1rom-h\u00e1rom gy\u0151zelemmel \u00e1ll. A h\u00e9tv\u00e9gi m\u00e9rk\u0151z\u00e9s teh\u00e1t minden szempontb\u00f3l nagyon fontos csapatunk sz\u00e1m\u00e1ra, hiszen amellett,&#8230;<\/p>\n","protected":false},"author":1,"featured_media":5020,"comment_status":"closed","ping_status":"open","sticky":false,"template":"","format":"standard","meta":{"footnotes":""},"categories":[49,92],"tags":[],"class_list":["post-5019","post","type-post","status-publish","format-standard","has-post-thumbnail","hentry","category-nb1","category-hirek"],"yoast_head":"<!-- This site is optimized with the Yoast SEO plugin v26.0 - https:\/\/yoast.com\/wordpress\/plugins\/seo\/ -->\n<title>Als\u00f3h\u00e1zi rangad\u00f3 v\u00e1r r\u00e1nk a h\u00e9tv\u00e9g\u00e9n - Vasas n\u0151i kos\u00e1rlabda<\/title>\n<meta name=\"robots\" content=\"index, follow, max-snippet:-1, max-image-preview:large, max-video-preview:-1\" \/>\n<link rel=\"canonical\" href=\"https:\/\/vasasbasket.hu\/index.php\/alsohazi-rangado-var-rank-a-hetvegen\/\" \/>\n<meta property=\"og:locale\" content=\"hu_HU\" \/>\n<meta property=\"og:type\" content=\"article\" \/>\n<meta property=\"og:title\" content=\"Als\u00f3h\u00e1zi rangad\u00f3 v\u00e1r r\u00e1nk a h\u00e9tv\u00e9g\u00e9n - Vasas n\u0151i kos\u00e1rlabda\" \/>\n<meta property=\"og:description\" content=\"Szombat este a PINKK-P\u00e9csi-424 otthon\u00e1ba l\u00e1togat el a Vasas Akad\u00e9mia feln\u0151tt csapata, a m\u00e9rk\u0151z\u00e9s gy\u0151ztese pedig \u00f3ri\u00e1si l\u00e9p\u00e9st tehet a bajnoki tabella nyolcadik hely\u00e9\u00e9rt. H\u00e1rmas holtverseny alakult ki a bajnoki tabella 8-10 hely\u00e9n, Akad\u00e9mi\u00e1nkon k\u00edv\u00fcl a BEAC \u00e9s PINKK is h\u00e1rom-h\u00e1rom gy\u0151zelemmel \u00e1ll. A h\u00e9tv\u00e9gi m\u00e9rk\u0151z\u00e9s teh\u00e1t minden szempontb\u00f3l nagyon fontos csapatunk sz\u00e1m\u00e1ra, hiszen amellett,...\" \/>\n<meta property=\"og:url\" content=\"https:\/\/vasasbasket.hu\/index.php\/alsohazi-rangado-var-rank-a-hetvegen\/\" \/>\n<meta property=\"og:site_name\" content=\"Vasas n\u0151i kos\u00e1rlabda\" \/>\n<meta property=\"article:publisher\" content=\"https:\/\/www.facebook.com\/vasaswbasket\/\" \/>\n<meta property=\"article:published_time\" content=\"2019-01-11T14:14:57+00:00\" \/>\n<meta property=\"og:image\" content=\"https:\/\/vasasbasket.hu\/wp-content\/uploads\/2019\/01\/pinsta_soni.jpg\" \/>\n\t<meta property=\"og:image:width\" content=\"2000\" \/>\n\t<meta property=\"og:image:height\" content=\"1333\" \/>\n\t<meta property=\"og:image:type\" content=\"image\/jpeg\" \/>\n<meta name=\"author\" content=\"admin\" \/>\n<meta name=\"twitter:card\" content=\"summary_large_image\" \/>\n<meta name=\"twitter:label1\" content=\"Szerz\u0151:\" \/>\n\t<meta name=\"twitter:data1\" content=\"admin\" \/>\n\t<meta name=\"twitter:label2\" content=\"Becs\u00fclt olvas\u00e1si id\u0151\" \/>\n\t<meta name=\"twitter:data2\" content=\"2 perc\" \/>\n<script type=\"application\/ld+json\" class=\"yoast-schema-graph\">{\"@context\":\"https:\/\/schema.org\",\"@graph\":[{\"@type\":\"Article\",\"@id\":\"https:\/\/vasasbasket.hu\/index.php\/alsohazi-rangado-var-rank-a-hetvegen\/#article\",\"isPartOf\":{\"@id\":\"https:\/\/vasasbasket.hu\/index.php\/alsohazi-rangado-var-rank-a-hetvegen\/\"},\"author\":{\"name\":\"admin\",\"@id\":\"https:\/\/vasasbasket.hu\/#\/schema\/person\/f1085f4d2c6582d8d0f977e92de2edee\"},\"headline\":\"Als\u00f3h\u00e1zi rangad\u00f3 v\u00e1r r\u00e1nk a h\u00e9tv\u00e9g\u00e9n\",\"datePublished\":\"2019-01-11T14:14:57+00:00\",\"mainEntityOfPage\":{\"@id\":\"https:\/\/vasasbasket.hu\/index.php\/alsohazi-rangado-var-rank-a-hetvegen\/\"},\"wordCount\":374,\"publisher\":{\"@id\":\"https:\/\/vasasbasket.hu\/#organization\"},\"image\":{\"@id\":\"https:\/\/vasasbasket.hu\/index.php\/alsohazi-rangado-var-rank-a-hetvegen\/#primaryimage\"},\"thumbnailUrl\":\"https:\/\/vasasbasket.hu\/wp-content\/uploads\/2019\/01\/pinsta_soni.jpg\",\"articleSection\":[\"NB1\/A\",\"\u00d6sszes H\u00edr\"],\"inLanguage\":\"hu\"},{\"@type\":\"WebPage\",\"@id\":\"https:\/\/vasasbasket.hu\/index.php\/alsohazi-rangado-var-rank-a-hetvegen\/\",\"url\":\"https:\/\/vasasbasket.hu\/index.php\/alsohazi-rangado-var-rank-a-hetvegen\/\",\"name\":\"Als\u00f3h\u00e1zi rangad\u00f3 v\u00e1r r\u00e1nk a h\u00e9tv\u00e9g\u00e9n - Vasas n\u0151i kos\u00e1rlabda\",\"isPartOf\":{\"@id\":\"https:\/\/vasasbasket.hu\/#website\"},\"primaryImageOfPage\":{\"@id\":\"https:\/\/vasasbasket.hu\/index.php\/alsohazi-rangado-var-rank-a-hetvegen\/#primaryimage\"},\"image\":{\"@id\":\"https:\/\/vasasbasket.hu\/index.php\/alsohazi-rangado-var-rank-a-hetvegen\/#primaryimage\"},\"thumbnailUrl\":\"https:\/\/vasasbasket.hu\/wp-content\/uploads\/2019\/01\/pinsta_soni.jpg\",\"datePublished\":\"2019-01-11T14:14:57+00:00\",\"breadcrumb\":{\"@id\":\"https:\/\/vasasbasket.hu\/index.php\/alsohazi-rangado-var-rank-a-hetvegen\/#breadcrumb\"},\"inLanguage\":\"hu\",\"potentialAction\":[{\"@type\":\"ReadAction\",\"target\":[\"https:\/\/vasasbasket.hu\/index.php\/alsohazi-rangado-var-rank-a-hetvegen\/\"]}]},{\"@type\":\"ImageObject\",\"inLanguage\":\"hu\",\"@id\":\"https:\/\/vasasbasket.hu\/index.php\/alsohazi-rangado-var-rank-a-hetvegen\/#primaryimage\",\"url\":\"https:\/\/vasasbasket.hu\/wp-content\/uploads\/2019\/01\/pinsta_soni.jpg\",\"contentUrl\":\"https:\/\/vasasbasket.hu\/wp-content\/uploads\/2019\/01\/pinsta_soni.jpg\",\"width\":2000,\"height\":1333},{\"@type\":\"BreadcrumbList\",\"@id\":\"https:\/\/vasasbasket.hu\/index.php\/alsohazi-rangado-var-rank-a-hetvegen\/#breadcrumb\",\"itemListElement\":[{\"@type\":\"ListItem\",\"position\":1,\"name\":\"Kezd\u0151lap\",\"item\":\"https:\/\/vasasbasket.hu\/\"},{\"@type\":\"ListItem\",\"position\":2,\"name\":\"Als\u00f3h\u00e1zi rangad\u00f3 v\u00e1r r\u00e1nk a h\u00e9tv\u00e9g\u00e9n\"}]},{\"@type\":\"WebSite\",\"@id\":\"https:\/\/vasasbasket.hu\/#website\",\"url\":\"https:\/\/vasasbasket.hu\/\",\"name\":\"Vasas n\u0151i kos\u00e1rlabda\",\"description\":\"Vasas Basket N\u0151i\",\"publisher\":{\"@id\":\"https:\/\/vasasbasket.hu\/#organization\"},\"potentialAction\":[{\"@type\":\"SearchAction\",\"target\":{\"@type\":\"EntryPoint\",\"urlTemplate\":\"https:\/\/vasasbasket.hu\/?s={search_term_string}\"},\"query-input\":{\"@type\":\"PropertyValueSpecification\",\"valueRequired\":true,\"valueName\":\"search_term_string\"}}],\"inLanguage\":\"hu\"},{\"@type\":\"Organization\",\"@id\":\"https:\/\/vasasbasket.hu\/#organization\",\"name\":\"Vasas n\u0151i kos\u00e1rlabda\",\"url\":\"https:\/\/vasasbasket.hu\/\",\"logo\":{\"@type\":\"ImageObject\",\"inLanguage\":\"hu\",\"@id\":\"https:\/\/vasasbasket.hu\/#\/schema\/logo\/image\/\",\"url\":\"https:\/\/vasasbasket.hu\/wp-content\/uploads\/2017\/03\/vasas_cimer_1200.jpg\",\"contentUrl\":\"https:\/\/vasasbasket.hu\/wp-content\/uploads\/2017\/03\/vasas_cimer_1200.jpg\",\"width\":1200,\"height\":1200,\"caption\":\"Vasas n\u0151i kos\u00e1rlabda\"},\"image\":{\"@id\":\"https:\/\/vasasbasket.hu\/#\/schema\/logo\/image\/\"},\"sameAs\":[\"https:\/\/www.facebook.com\/vasaswbasket\/\"]},{\"@type\":\"Person\",\"@id\":\"https:\/\/vasasbasket.hu\/#\/schema\/person\/f1085f4d2c6582d8d0f977e92de2edee\",\"name\":\"admin\",\"image\":{\"@type\":\"ImageObject\",\"inLanguage\":\"hu\",\"@id\":\"https:\/\/vasasbasket.hu\/#\/schema\/person\/image\/\",\"url\":\"https:\/\/secure.gravatar.com\/avatar\/645c92f7d9cfe02bd93ce2d1cfa11cd3a268bdfe65486552ff04b193cea07634?s=96&d=mm&r=g\",\"contentUrl\":\"https:\/\/secure.gravatar.com\/avatar\/645c92f7d9cfe02bd93ce2d1cfa11cd3a268bdfe65486552ff04b193cea07634?s=96&d=mm&r=g\",\"caption\":\"admin\"},\"url\":\"https:\/\/vasasbasket.hu\/index.php\/author\/admin\/\"}]}<\/script>\n<!-- \/ Yoast SEO plugin. -->","yoast_head_json":{"title":"Als\u00f3h\u00e1zi rangad\u00f3 v\u00e1r r\u00e1nk a h\u00e9tv\u00e9g\u00e9n - Vasas n\u0151i kos\u00e1rlabda","robots":{"index":"index","follow":"follow","max-snippet":"max-snippet:-1","max-image-preview":"max-image-preview:large","max-video-preview":"max-video-preview:-1"},"canonical":"https:\/\/vasasbasket.hu\/index.php\/alsohazi-rangado-var-rank-a-hetvegen\/","og_locale":"hu_HU","og_type":"article","og_title":"Als\u00f3h\u00e1zi rangad\u00f3 v\u00e1r r\u00e1nk a h\u00e9tv\u00e9g\u00e9n - Vasas n\u0151i kos\u00e1rlabda","og_description":"Szombat este a PINKK-P\u00e9csi-424 otthon\u00e1ba l\u00e1togat el a Vasas Akad\u00e9mia feln\u0151tt csapata, a m\u00e9rk\u0151z\u00e9s gy\u0151ztese pedig \u00f3ri\u00e1si l\u00e9p\u00e9st tehet a bajnoki tabella nyolcadik hely\u00e9\u00e9rt. H\u00e1rmas holtverseny alakult ki a bajnoki tabella 8-10 hely\u00e9n, Akad\u00e9mi\u00e1nkon k\u00edv\u00fcl a BEAC \u00e9s PINKK is h\u00e1rom-h\u00e1rom gy\u0151zelemmel \u00e1ll. A h\u00e9tv\u00e9gi m\u00e9rk\u0151z\u00e9s teh\u00e1t minden szempontb\u00f3l nagyon fontos csapatunk sz\u00e1m\u00e1ra, hiszen amellett,...","og_url":"https:\/\/vasasbasket.hu\/index.php\/alsohazi-rangado-var-rank-a-hetvegen\/","og_site_name":"Vasas n\u0151i kos\u00e1rlabda","article_publisher":"https:\/\/www.facebook.com\/vasaswbasket\/","article_published_time":"2019-01-11T14:14:57+00:00","og_image":[{"width":2000,"height":1333,"url":"https:\/\/vasasbasket.hu\/wp-content\/uploads\/2019\/01\/pinsta_soni.jpg","type":"image\/jpeg"}],"author":"admin","twitter_card":"summary_large_image","twitter_misc":{"Szerz\u0151:":"admin","Becs\u00fclt olvas\u00e1si id\u0151":"2 perc"},"schema":{"@context":"https:\/\/schema.org","@graph":[{"@type":"Article","@id":"https:\/\/vasasbasket.hu\/index.php\/alsohazi-rangado-var-rank-a-hetvegen\/#article","isPartOf":{"@id":"https:\/\/vasasbasket.hu\/index.php\/alsohazi-rangado-var-rank-a-hetvegen\/"},"author":{"name":"admin","@id":"https:\/\/vasasbasket.hu\/#\/schema\/person\/f1085f4d2c6582d8d0f977e92de2edee"},"headline":"Als\u00f3h\u00e1zi rangad\u00f3 v\u00e1r r\u00e1nk a h\u00e9tv\u00e9g\u00e9n","datePublished":"2019-01-11T14:14:57+00:00","mainEntityOfPage":{"@id":"https:\/\/vasasbasket.hu\/index.php\/alsohazi-rangado-var-rank-a-hetvegen\/"},"wordCount":374,"publisher":{"@id":"https:\/\/vasasbasket.hu\/#organization"},"image":{"@id":"https:\/\/vasasbasket.hu\/index.php\/alsohazi-rangado-var-rank-a-hetvegen\/#primaryimage"},"thumbnailUrl":"https:\/\/vasasbasket.hu\/wp-content\/uploads\/2019\/01\/pinsta_soni.jpg","articleSection":["NB1\/A","\u00d6sszes H\u00edr"],"inLanguage":"hu"},{"@type":"WebPage","@id":"https:\/\/vasasbasket.hu\/index.php\/alsohazi-rangado-var-rank-a-hetvegen\/","url":"https:\/\/vasasbasket.hu\/index.php\/alsohazi-rangado-var-rank-a-hetvegen\/","name":"Als\u00f3h\u00e1zi rangad\u00f3 v\u00e1r r\u00e1nk a h\u00e9tv\u00e9g\u00e9n - Vasas n\u0151i kos\u00e1rlabda","isPartOf":{"@id":"https:\/\/vasasbasket.hu\/#website"},"primaryImageOfPage":{"@id":"https:\/\/vasasbasket.hu\/index.php\/alsohazi-rangado-var-rank-a-hetvegen\/#primaryimage"},"image":{"@id":"https:\/\/vasasbasket.hu\/index.php\/alsohazi-rangado-var-rank-a-hetvegen\/#primaryimage"},"thumbnailUrl":"https:\/\/vasasbasket.hu\/wp-content\/uploads\/2019\/01\/pinsta_soni.jpg","datePublished":"2019-01-11T14:14:57+00:00","breadcrumb":{"@id":"https:\/\/vasasbasket.hu\/index.php\/alsohazi-rangado-var-rank-a-hetvegen\/#breadcrumb"},"inLanguage":"hu","potentialAction":[{"@type":"ReadAction","target":["https:\/\/vasasbasket.hu\/index.php\/alsohazi-rangado-var-rank-a-hetvegen\/"]}]},{"@type":"ImageObject","inLanguage":"hu","@id":"https:\/\/vasasbasket.hu\/index.php\/alsohazi-rangado-var-rank-a-hetvegen\/#primaryimage","url":"https:\/\/vasasbasket.hu\/wp-content\/uploads\/2019\/01\/pinsta_soni.jpg","contentUrl":"https:\/\/vasasbasket.hu\/wp-content\/uploads\/2019\/01\/pinsta_soni.jpg","width":2000,"height":1333},{"@type":"BreadcrumbList","@id":"https:\/\/vasasbasket.hu\/index.php\/alsohazi-rangado-var-rank-a-hetvegen\/#breadcrumb","itemListElement":[{"@type":"ListItem","position":1,"name":"Kezd\u0151lap","item":"https:\/\/vasasbasket.hu\/"},{"@type":"ListItem","position":2,"name":"Als\u00f3h\u00e1zi rangad\u00f3 v\u00e1r r\u00e1nk a h\u00e9tv\u00e9g\u00e9n"}]},{"@type":"WebSite","@id":"https:\/\/vasasbasket.hu\/#website","url":"https:\/\/vasasbasket.hu\/","name":"Vasas n\u0151i kos\u00e1rlabda","description":"Vasas Basket N\u0151i","publisher":{"@id":"https:\/\/vasasbasket.hu\/#organization"},"potentialAction":[{"@type":"SearchAction","target":{"@type":"EntryPoint","urlTemplate":"https:\/\/vasasbasket.hu\/?s={search_term_string}"},"query-input":{"@type":"PropertyValueSpecification","valueRequired":true,"valueName":"search_term_string"}}],"inLanguage":"hu"},{"@type":"Organization","@id":"https:\/\/vasasbasket.hu\/#organization","name":"Vasas n\u0151i kos\u00e1rlabda","url":"https:\/\/vasasbasket.hu\/","logo":{"@type":"ImageObject","inLanguage":"hu","@id":"https:\/\/vasasbasket.hu\/#\/schema\/logo\/image\/","url":"https:\/\/vasasbasket.hu\/wp-content\/uploads\/2017\/03\/vasas_cimer_1200.jpg","contentUrl":"https:\/\/vasasbasket.hu\/wp-content\/uploads\/2017\/03\/vasas_cimer_1200.jpg","width":1200,"height":1200,"caption":"Vasas n\u0151i kos\u00e1rlabda"},"image":{"@id":"https:\/\/vasasbasket.hu\/#\/schema\/logo\/image\/"},"sameAs":["https:\/\/www.facebook.com\/vasaswbasket\/"]},{"@type":"Person","@id":"https:\/\/vasasbasket.hu\/#\/schema\/person\/f1085f4d2c6582d8d0f977e92de2edee","name":"admin","image":{"@type":"ImageObject","inLanguage":"hu","@id":"https:\/\/vasasbasket.hu\/#\/schema\/person\/image\/","url":"https:\/\/secure.gravatar.com\/avatar\/645c92f7d9cfe02bd93ce2d1cfa11cd3a268bdfe65486552ff04b193cea07634?s=96&d=mm&r=g","contentUrl":"https:\/\/secure.gravatar.com\/avatar\/645c92f7d9cfe02bd93ce2d1cfa11cd3a268bdfe65486552ff04b193cea07634?s=96&d=mm&r=g","caption":"admin"},"url":"https:\/\/vasasbasket.hu\/index.php\/author\/admin\/"}]}},"_links":{"self":[{"href":"https:\/\/vasasbasket.hu\/index.php\/wp-json\/wp\/v2\/posts\/5019","targetHints":{"allow":["GET"]}}],"collection":[{"href":"https:\/\/vasasbasket.hu\/index.php\/wp-json\/wp\/v2\/posts"}],"about":[{"href":"https:\/\/vasasbasket.hu\/index.php\/wp-json\/wp\/v2\/types\/post"}],"author":[{"embeddable":true,"href":"https:\/\/vasasbasket.hu\/index.php\/wp-json\/wp\/v2\/users\/1"}],"replies":[{"embeddable":true,"href":"https:\/\/vasasbasket.hu\/index.php\/wp-json\/wp\/v2\/comments?post=5019"}],"version-history":[{"count":1,"href":"https:\/\/vasasbasket.hu\/index.php\/wp-json\/wp\/v2\/posts\/5019\/revisions"}],"predecessor-version":[{"id":5021,"href":"https:\/\/vasasbasket.hu\/index.php\/wp-json\/wp\/v2\/posts\/5019\/revisions\/5021"}],"wp:featuredmedia":[{"embeddable":true,"href":"https:\/\/vasasbasket.hu\/index.php\/wp-json\/wp\/v2\/media\/5020"}],"wp:attachment":[{"href":"https:\/\/vasasbasket.hu\/index.php\/wp-json\/wp\/v2\/media?parent=5019"}],"wp:term":[{"taxonomy":"category","embeddable":true,"href":"https:\/\/vasasbasket.hu\/index.php\/wp-json\/wp\/v2\/categories?post=5019"},{"taxonomy":"post_tag","embeddable":true,"href":"https:\/\/vasasbasket.hu\/index.php\/wp-json\/wp\/v2\/tags?post=5019"}],"curies":[{"name":"wp","href":"https:\/\/api.w.org\/{rel}","templated":true}]}}