{"id":4974,"date":"2019-01-07T14:14:26","date_gmt":"2019-01-07T14:14:26","guid":{"rendered":"http:\/\/vasasbasket.hu\/?p=4974"},"modified":"2019-01-07T14:14:26","modified_gmt":"2019-01-07T14:14:26","slug":"palyara-leptek-az-u12-esek","status":"publish","type":"post","link":"https:\/\/vasasbasket.hu\/index.php\/palyara-leptek-az-u12-esek\/","title":{"rendered":"P\u00e1ly\u00e1ra l\u00e9ptek az U12-esek"},"content":{"rendered":"<p><strong>Budapest bajnoki m\u00e9rk\u0151z\u00e9st j\u00e1tszott U12-es csapatunk a h\u00e9tv\u00e9g\u00e9n.\u00a0<\/strong><\/p>\n<p><em>&#8222;Neh\u00e9z dolga volt csapatunknak, ugyanis t\u00f6bb j\u00e1t\u00e9kos is hi\u00e1nyzott a Kiss Lenke Akad\u00e9mia elleni Budapest Bajnoks\u00e1g m\u00e9rk\u0151z\u00e9sr\u0151l, azonban l\u00e1nyaink sz\u00e9pen helyt tudtak \u00e1llni. Nagyon sz\u00e9pen k\u00fczd\u00f6ttek v\u00e9gig, volt gy\u0151zni akar\u00e1s a p\u00e1ly\u00e1n.\u00a0Sokat kell m\u00e9g dolgoznunk, igyeksz\u00fcnk meccsr\u0151l meccsre fejl\u0151dni&#8221;<\/em> &#8211; \u00f6sszegezte a csapat edz\u0151je, Kiss M\u00e1t\u00e9<\/p>\n<p>Kiss Lenke Kos\u00e1rlabda Akad\u00e9mia <strong>&#8211; Vasas Akad\u00e9mia 75-62<\/strong> (16-11, 18-25, 26-11, 15-15)<br \/>\n<em>Pontszerz\u0151k:<\/em><br \/>\n<strong>Vasas Akad\u00e9mia:<\/strong> Kiss Z\u00f3ra 3, Lengyel Luca 18, Kiss Kamilla 2, Schannen Zo\u00e9 12, Galavits Lili 4, Istenes Ida 5, K\u00fcsm\u00f6di Eszter 6, Kasz\u00e1s Lili 11, Sz\u00edj-Kris\u00e1nszky Zo\u00e9<\/p>\n","protected":false},"excerpt":{"rendered":"<p>Budapest bajnoki m\u00e9rk\u0151z\u00e9st j\u00e1tszott U12-es csapatunk a h\u00e9tv\u00e9g\u00e9n.\u00a0 &#8222;Neh\u00e9z dolga volt csapatunknak, ugyanis t\u00f6bb j\u00e1t\u00e9kos is hi\u00e1nyzott a Kiss Lenke Akad\u00e9mia elleni Budapest Bajnoks\u00e1g m\u00e9rk\u0151z\u00e9sr\u0151l, azonban l\u00e1nyaink sz\u00e9pen helyt tudtak \u00e1llni. Nagyon sz\u00e9pen k\u00fczd\u00f6ttek v\u00e9gig, volt gy\u0151zni akar\u00e1s a p\u00e1ly\u00e1n.\u00a0Sokat kell m\u00e9g dolgoznunk, igyeksz\u00fcnk meccsr\u0151l meccsre fejl\u0151dni&#8221; &#8211; \u00f6sszegezte a csapat edz\u0151je, Kiss M\u00e1t\u00e9 Kiss&#8230;<\/p>\n","protected":false},"author":1,"featured_media":4581,"comment_status":"closed","ping_status":"open","sticky":false,"template":"","format":"standard","meta":{"footnotes":""},"categories":[73],"tags":[],"class_list":["post-4974","post","type-post","status-publish","format-standard","has-post-thumbnail","hentry","category-gyerek"],"yoast_head":"<!-- This site is optimized with the Yoast SEO plugin v26.0 - https:\/\/yoast.com\/wordpress\/plugins\/seo\/ -->\n<title>P\u00e1ly\u00e1ra l\u00e9ptek az U12-esek - Vasas n\u0151i kos\u00e1rlabda<\/title>\n<meta name=\"robots\" content=\"index, follow, max-snippet:-1, max-image-preview:large, max-video-preview:-1\" \/>\n<link rel=\"canonical\" href=\"https:\/\/vasasbasket.hu\/index.php\/palyara-leptek-az-u12-esek\/\" \/>\n<meta property=\"og:locale\" content=\"hu_HU\" \/>\n<meta property=\"og:type\" content=\"article\" \/>\n<meta property=\"og:title\" content=\"P\u00e1ly\u00e1ra l\u00e9ptek az U12-esek - Vasas n\u0151i kos\u00e1rlabda\" \/>\n<meta property=\"og:description\" content=\"Budapest bajnoki m\u00e9rk\u0151z\u00e9st j\u00e1tszott U12-es csapatunk a h\u00e9tv\u00e9g\u00e9n.\u00a0 &#8222;Neh\u00e9z dolga volt csapatunknak, ugyanis t\u00f6bb j\u00e1t\u00e9kos is hi\u00e1nyzott a Kiss Lenke Akad\u00e9mia elleni Budapest Bajnoks\u00e1g m\u00e9rk\u0151z\u00e9sr\u0151l, azonban l\u00e1nyaink sz\u00e9pen helyt tudtak \u00e1llni. Nagyon sz\u00e9pen k\u00fczd\u00f6ttek v\u00e9gig, volt gy\u0151zni akar\u00e1s a p\u00e1ly\u00e1n.\u00a0Sokat kell m\u00e9g dolgoznunk, igyeksz\u00fcnk meccsr\u0151l meccsre fejl\u0151dni&#8221; &#8211; \u00f6sszegezte a csapat edz\u0151je, Kiss M\u00e1t\u00e9 Kiss...\" \/>\n<meta property=\"og:url\" content=\"https:\/\/vasasbasket.hu\/index.php\/palyara-leptek-az-u12-esek\/\" \/>\n<meta property=\"og:site_name\" content=\"Vasas n\u0151i kos\u00e1rlabda\" \/>\n<meta property=\"article:publisher\" content=\"https:\/\/www.facebook.com\/vasaswbasket\/\" \/>\n<meta property=\"article:published_time\" content=\"2019-01-07T14:14:26+00:00\" \/>\n<meta property=\"og:image\" content=\"https:\/\/vasasbasket.hu\/wp-content\/uploads\/2018\/11\/received_2174278279479397-e1543234245662.jpeg\" \/>\n\t<meta property=\"og:image:width\" content=\"768\" \/>\n\t<meta property=\"og:image:height\" content=\"599\" \/>\n\t<meta property=\"og:image:type\" content=\"image\/jpeg\" \/>\n<meta name=\"author\" content=\"admin\" \/>\n<meta name=\"twitter:card\" content=\"summary_large_image\" \/>\n<meta name=\"twitter:label1\" content=\"Szerz\u0151:\" \/>\n\t<meta name=\"twitter:data1\" content=\"admin\" \/>\n\t<meta name=\"twitter:label2\" content=\"Becs\u00fclt olvas\u00e1si id\u0151\" \/>\n\t<meta name=\"twitter:data2\" content=\"1 perc\" \/>\n<script type=\"application\/ld+json\" class=\"yoast-schema-graph\">{\"@context\":\"https:\/\/schema.org\",\"@graph\":[{\"@type\":\"Article\",\"@id\":\"https:\/\/vasasbasket.hu\/index.php\/palyara-leptek-az-u12-esek\/#article\",\"isPartOf\":{\"@id\":\"https:\/\/vasasbasket.hu\/index.php\/palyara-leptek-az-u12-esek\/\"},\"author\":{\"name\":\"admin\",\"@id\":\"https:\/\/vasasbasket.hu\/#\/schema\/person\/f1085f4d2c6582d8d0f977e92de2edee\"},\"headline\":\"P\u00e1ly\u00e1ra l\u00e9ptek az U12-esek\",\"datePublished\":\"2019-01-07T14:14:26+00:00\",\"mainEntityOfPage\":{\"@id\":\"https:\/\/vasasbasket.hu\/index.php\/palyara-leptek-az-u12-esek\/\"},\"wordCount\":142,\"publisher\":{\"@id\":\"https:\/\/vasasbasket.hu\/#organization\"},\"image\":{\"@id\":\"https:\/\/vasasbasket.hu\/index.php\/palyara-leptek-az-u12-esek\/#primaryimage\"},\"thumbnailUrl\":\"https:\/\/vasasbasket.hu\/wp-content\/uploads\/2018\/11\/received_2174278279479397-e1543234245662.jpeg\",\"articleSection\":[\"Gyerek\"],\"inLanguage\":\"hu\"},{\"@type\":\"WebPage\",\"@id\":\"https:\/\/vasasbasket.hu\/index.php\/palyara-leptek-az-u12-esek\/\",\"url\":\"https:\/\/vasasbasket.hu\/index.php\/palyara-leptek-az-u12-esek\/\",\"name\":\"P\u00e1ly\u00e1ra l\u00e9ptek az U12-esek - Vasas n\u0151i kos\u00e1rlabda\",\"isPartOf\":{\"@id\":\"https:\/\/vasasbasket.hu\/#website\"},\"primaryImageOfPage\":{\"@id\":\"https:\/\/vasasbasket.hu\/index.php\/palyara-leptek-az-u12-esek\/#primaryimage\"},\"image\":{\"@id\":\"https:\/\/vasasbasket.hu\/index.php\/palyara-leptek-az-u12-esek\/#primaryimage\"},\"thumbnailUrl\":\"https:\/\/vasasbasket.hu\/wp-content\/uploads\/2018\/11\/received_2174278279479397-e1543234245662.jpeg\",\"datePublished\":\"2019-01-07T14:14:26+00:00\",\"breadcrumb\":{\"@id\":\"https:\/\/vasasbasket.hu\/index.php\/palyara-leptek-az-u12-esek\/#breadcrumb\"},\"inLanguage\":\"hu\",\"potentialAction\":[{\"@type\":\"ReadAction\",\"target\":[\"https:\/\/vasasbasket.hu\/index.php\/palyara-leptek-az-u12-esek\/\"]}]},{\"@type\":\"ImageObject\",\"inLanguage\":\"hu\",\"@id\":\"https:\/\/vasasbasket.hu\/index.php\/palyara-leptek-az-u12-esek\/#primaryimage\",\"url\":\"https:\/\/vasasbasket.hu\/wp-content\/uploads\/2018\/11\/received_2174278279479397-e1543234245662.jpeg\",\"contentUrl\":\"https:\/\/vasasbasket.hu\/wp-content\/uploads\/2018\/11\/received_2174278279479397-e1543234245662.jpeg\",\"width\":768,\"height\":599},{\"@type\":\"BreadcrumbList\",\"@id\":\"https:\/\/vasasbasket.hu\/index.php\/palyara-leptek-az-u12-esek\/#breadcrumb\",\"itemListElement\":[{\"@type\":\"ListItem\",\"position\":1,\"name\":\"Kezd\u0151lap\",\"item\":\"https:\/\/vasasbasket.hu\/\"},{\"@type\":\"ListItem\",\"position\":2,\"name\":\"P\u00e1ly\u00e1ra l\u00e9ptek az U12-esek\"}]},{\"@type\":\"WebSite\",\"@id\":\"https:\/\/vasasbasket.hu\/#website\",\"url\":\"https:\/\/vasasbasket.hu\/\",\"name\":\"Vasas n\u0151i kos\u00e1rlabda\",\"description\":\"Vasas Basket N\u0151i\",\"publisher\":{\"@id\":\"https:\/\/vasasbasket.hu\/#organization\"},\"potentialAction\":[{\"@type\":\"SearchAction\",\"target\":{\"@type\":\"EntryPoint\",\"urlTemplate\":\"https:\/\/vasasbasket.hu\/?s={search_term_string}\"},\"query-input\":{\"@type\":\"PropertyValueSpecification\",\"valueRequired\":true,\"valueName\":\"search_term_string\"}}],\"inLanguage\":\"hu\"},{\"@type\":\"Organization\",\"@id\":\"https:\/\/vasasbasket.hu\/#organization\",\"name\":\"Vasas n\u0151i kos\u00e1rlabda\",\"url\":\"https:\/\/vasasbasket.hu\/\",\"logo\":{\"@type\":\"ImageObject\",\"inLanguage\":\"hu\",\"@id\":\"https:\/\/vasasbasket.hu\/#\/schema\/logo\/image\/\",\"url\":\"https:\/\/vasasbasket.hu\/wp-content\/uploads\/2017\/03\/vasas_cimer_1200.jpg\",\"contentUrl\":\"https:\/\/vasasbasket.hu\/wp-content\/uploads\/2017\/03\/vasas_cimer_1200.jpg\",\"width\":1200,\"height\":1200,\"caption\":\"Vasas n\u0151i kos\u00e1rlabda\"},\"image\":{\"@id\":\"https:\/\/vasasbasket.hu\/#\/schema\/logo\/image\/\"},\"sameAs\":[\"https:\/\/www.facebook.com\/vasaswbasket\/\"]},{\"@type\":\"Person\",\"@id\":\"https:\/\/vasasbasket.hu\/#\/schema\/person\/f1085f4d2c6582d8d0f977e92de2edee\",\"name\":\"admin\",\"image\":{\"@type\":\"ImageObject\",\"inLanguage\":\"hu\",\"@id\":\"https:\/\/vasasbasket.hu\/#\/schema\/person\/image\/\",\"url\":\"https:\/\/secure.gravatar.com\/avatar\/645c92f7d9cfe02bd93ce2d1cfa11cd3a268bdfe65486552ff04b193cea07634?s=96&d=mm&r=g\",\"contentUrl\":\"https:\/\/secure.gravatar.com\/avatar\/645c92f7d9cfe02bd93ce2d1cfa11cd3a268bdfe65486552ff04b193cea07634?s=96&d=mm&r=g\",\"caption\":\"admin\"},\"url\":\"https:\/\/vasasbasket.hu\/index.php\/author\/admin\/\"}]}<\/script>\n<!-- \/ Yoast SEO plugin. -->","yoast_head_json":{"title":"P\u00e1ly\u00e1ra l\u00e9ptek az U12-esek - Vasas n\u0151i kos\u00e1rlabda","robots":{"index":"index","follow":"follow","max-snippet":"max-snippet:-1","max-image-preview":"max-image-preview:large","max-video-preview":"max-video-preview:-1"},"canonical":"https:\/\/vasasbasket.hu\/index.php\/palyara-leptek-az-u12-esek\/","og_locale":"hu_HU","og_type":"article","og_title":"P\u00e1ly\u00e1ra l\u00e9ptek az U12-esek - Vasas n\u0151i kos\u00e1rlabda","og_description":"Budapest bajnoki m\u00e9rk\u0151z\u00e9st j\u00e1tszott U12-es csapatunk a h\u00e9tv\u00e9g\u00e9n.\u00a0 &#8222;Neh\u00e9z dolga volt csapatunknak, ugyanis t\u00f6bb j\u00e1t\u00e9kos is hi\u00e1nyzott a Kiss Lenke Akad\u00e9mia elleni Budapest Bajnoks\u00e1g m\u00e9rk\u0151z\u00e9sr\u0151l, azonban l\u00e1nyaink sz\u00e9pen helyt tudtak \u00e1llni. Nagyon sz\u00e9pen k\u00fczd\u00f6ttek v\u00e9gig, volt gy\u0151zni akar\u00e1s a p\u00e1ly\u00e1n.\u00a0Sokat kell m\u00e9g dolgoznunk, igyeksz\u00fcnk meccsr\u0151l meccsre fejl\u0151dni&#8221; &#8211; \u00f6sszegezte a csapat edz\u0151je, Kiss M\u00e1t\u00e9 Kiss...","og_url":"https:\/\/vasasbasket.hu\/index.php\/palyara-leptek-az-u12-esek\/","og_site_name":"Vasas n\u0151i kos\u00e1rlabda","article_publisher":"https:\/\/www.facebook.com\/vasaswbasket\/","article_published_time":"2019-01-07T14:14:26+00:00","og_image":[{"width":768,"height":599,"url":"https:\/\/vasasbasket.hu\/wp-content\/uploads\/2018\/11\/received_2174278279479397-e1543234245662.jpeg","type":"image\/jpeg"}],"author":"admin","twitter_card":"summary_large_image","twitter_misc":{"Szerz\u0151:":"admin","Becs\u00fclt olvas\u00e1si id\u0151":"1 perc"},"schema":{"@context":"https:\/\/schema.org","@graph":[{"@type":"Article","@id":"https:\/\/vasasbasket.hu\/index.php\/palyara-leptek-az-u12-esek\/#article","isPartOf":{"@id":"https:\/\/vasasbasket.hu\/index.php\/palyara-leptek-az-u12-esek\/"},"author":{"name":"admin","@id":"https:\/\/vasasbasket.hu\/#\/schema\/person\/f1085f4d2c6582d8d0f977e92de2edee"},"headline":"P\u00e1ly\u00e1ra l\u00e9ptek az U12-esek","datePublished":"2019-01-07T14:14:26+00:00","mainEntityOfPage":{"@id":"https:\/\/vasasbasket.hu\/index.php\/palyara-leptek-az-u12-esek\/"},"wordCount":142,"publisher":{"@id":"https:\/\/vasasbasket.hu\/#organization"},"image":{"@id":"https:\/\/vasasbasket.hu\/index.php\/palyara-leptek-az-u12-esek\/#primaryimage"},"thumbnailUrl":"https:\/\/vasasbasket.hu\/wp-content\/uploads\/2018\/11\/received_2174278279479397-e1543234245662.jpeg","articleSection":["Gyerek"],"inLanguage":"hu"},{"@type":"WebPage","@id":"https:\/\/vasasbasket.hu\/index.php\/palyara-leptek-az-u12-esek\/","url":"https:\/\/vasasbasket.hu\/index.php\/palyara-leptek-az-u12-esek\/","name":"P\u00e1ly\u00e1ra l\u00e9ptek az U12-esek - Vasas n\u0151i kos\u00e1rlabda","isPartOf":{"@id":"https:\/\/vasasbasket.hu\/#website"},"primaryImageOfPage":{"@id":"https:\/\/vasasbasket.hu\/index.php\/palyara-leptek-az-u12-esek\/#primaryimage"},"image":{"@id":"https:\/\/vasasbasket.hu\/index.php\/palyara-leptek-az-u12-esek\/#primaryimage"},"thumbnailUrl":"https:\/\/vasasbasket.hu\/wp-content\/uploads\/2018\/11\/received_2174278279479397-e1543234245662.jpeg","datePublished":"2019-01-07T14:14:26+00:00","breadcrumb":{"@id":"https:\/\/vasasbasket.hu\/index.php\/palyara-leptek-az-u12-esek\/#breadcrumb"},"inLanguage":"hu","potentialAction":[{"@type":"ReadAction","target":["https:\/\/vasasbasket.hu\/index.php\/palyara-leptek-az-u12-esek\/"]}]},{"@type":"ImageObject","inLanguage":"hu","@id":"https:\/\/vasasbasket.hu\/index.php\/palyara-leptek-az-u12-esek\/#primaryimage","url":"https:\/\/vasasbasket.hu\/wp-content\/uploads\/2018\/11\/received_2174278279479397-e1543234245662.jpeg","contentUrl":"https:\/\/vasasbasket.hu\/wp-content\/uploads\/2018\/11\/received_2174278279479397-e1543234245662.jpeg","width":768,"height":599},{"@type":"BreadcrumbList","@id":"https:\/\/vasasbasket.hu\/index.php\/palyara-leptek-az-u12-esek\/#breadcrumb","itemListElement":[{"@type":"ListItem","position":1,"name":"Kezd\u0151lap","item":"https:\/\/vasasbasket.hu\/"},{"@type":"ListItem","position":2,"name":"P\u00e1ly\u00e1ra l\u00e9ptek az U12-esek"}]},{"@type":"WebSite","@id":"https:\/\/vasasbasket.hu\/#website","url":"https:\/\/vasasbasket.hu\/","name":"Vasas n\u0151i kos\u00e1rlabda","description":"Vasas Basket N\u0151i","publisher":{"@id":"https:\/\/vasasbasket.hu\/#organization"},"potentialAction":[{"@type":"SearchAction","target":{"@type":"EntryPoint","urlTemplate":"https:\/\/vasasbasket.hu\/?s={search_term_string}"},"query-input":{"@type":"PropertyValueSpecification","valueRequired":true,"valueName":"search_term_string"}}],"inLanguage":"hu"},{"@type":"Organization","@id":"https:\/\/vasasbasket.hu\/#organization","name":"Vasas n\u0151i kos\u00e1rlabda","url":"https:\/\/vasasbasket.hu\/","logo":{"@type":"ImageObject","inLanguage":"hu","@id":"https:\/\/vasasbasket.hu\/#\/schema\/logo\/image\/","url":"https:\/\/vasasbasket.hu\/wp-content\/uploads\/2017\/03\/vasas_cimer_1200.jpg","contentUrl":"https:\/\/vasasbasket.hu\/wp-content\/uploads\/2017\/03\/vasas_cimer_1200.jpg","width":1200,"height":1200,"caption":"Vasas n\u0151i kos\u00e1rlabda"},"image":{"@id":"https:\/\/vasasbasket.hu\/#\/schema\/logo\/image\/"},"sameAs":["https:\/\/www.facebook.com\/vasaswbasket\/"]},{"@type":"Person","@id":"https:\/\/vasasbasket.hu\/#\/schema\/person\/f1085f4d2c6582d8d0f977e92de2edee","name":"admin","image":{"@type":"ImageObject","inLanguage":"hu","@id":"https:\/\/vasasbasket.hu\/#\/schema\/person\/image\/","url":"https:\/\/secure.gravatar.com\/avatar\/645c92f7d9cfe02bd93ce2d1cfa11cd3a268bdfe65486552ff04b193cea07634?s=96&d=mm&r=g","contentUrl":"https:\/\/secure.gravatar.com\/avatar\/645c92f7d9cfe02bd93ce2d1cfa11cd3a268bdfe65486552ff04b193cea07634?s=96&d=mm&r=g","caption":"admin"},"url":"https:\/\/vasasbasket.hu\/index.php\/author\/admin\/"}]}},"_links":{"self":[{"href":"https:\/\/vasasbasket.hu\/index.php\/wp-json\/wp\/v2\/posts\/4974","targetHints":{"allow":["GET"]}}],"collection":[{"href":"https:\/\/vasasbasket.hu\/index.php\/wp-json\/wp\/v2\/posts"}],"about":[{"href":"https:\/\/vasasbasket.hu\/index.php\/wp-json\/wp\/v2\/types\/post"}],"author":[{"embeddable":true,"href":"https:\/\/vasasbasket.hu\/index.php\/wp-json\/wp\/v2\/users\/1"}],"replies":[{"embeddable":true,"href":"https:\/\/vasasbasket.hu\/index.php\/wp-json\/wp\/v2\/comments?post=4974"}],"version-history":[{"count":1,"href":"https:\/\/vasasbasket.hu\/index.php\/wp-json\/wp\/v2\/posts\/4974\/revisions"}],"predecessor-version":[{"id":4975,"href":"https:\/\/vasasbasket.hu\/index.php\/wp-json\/wp\/v2\/posts\/4974\/revisions\/4975"}],"wp:featuredmedia":[{"embeddable":true,"href":"https:\/\/vasasbasket.hu\/index.php\/wp-json\/wp\/v2\/media\/4581"}],"wp:attachment":[{"href":"https:\/\/vasasbasket.hu\/index.php\/wp-json\/wp\/v2\/media?parent=4974"}],"wp:term":[{"taxonomy":"category","embeddable":true,"href":"https:\/\/vasasbasket.hu\/index.php\/wp-json\/wp\/v2\/categories?post=4974"},{"taxonomy":"post_tag","embeddable":true,"href":"https:\/\/vasasbasket.hu\/index.php\/wp-json\/wp\/v2\/tags?post=4974"}],"curies":[{"name":"wp","href":"https:\/\/api.w.org\/{rel}","templated":true}]}}