{"id":4684,"date":"2018-12-12T17:06:02","date_gmt":"2018-12-12T17:06:02","guid":{"rendered":"http:\/\/vasasbasket.hu\/?p=4684"},"modified":"2018-12-12T17:06:02","modified_gmt":"2018-12-12T17:06:02","slug":"lathato-a-fejlodes-u12-es-csapatunkon","status":"publish","type":"post","link":"https:\/\/vasasbasket.hu\/index.php\/lathato-a-fejlodes-u12-es-csapatunkon\/","title":{"rendered":"L\u00e1that\u00f3 a fejl\u0151d\u00e9s U12-es csapatunkon"},"content":{"rendered":"<p><strong>Az Orsz\u00e1gos Gyermek Bajnoks\u00e1g harmadik fordul\u00f3j\u00e1ban a Vasas Amazonok k\u00e9tszer l\u00e9ptek p\u00e1ly\u00e1ra.<\/strong><\/p>\n<p><em>&#8222;A Zs\u00edros Akad\u00e9mia elleni meccset megel\u0151z\u0151en, bemeleg\u00edt\u00e9s k\u00f6zben a csapat egyik meghat\u00e1roz\u00f3 j\u00e1t\u00e9kos\u00e1nak, F\u00e1bi\u00e1n Szofinak sajnos kificamodott a bok\u00e1ja, \u00edgy nem tudott p\u00e1ly\u00e1ra l\u00e9pni.\u00a0A l\u00e1nyok ennek ellen\u00e9re a legels\u0151 perct\u0151l kezdve maxim\u00e1lis lelkesed\u00e9ssel \u00e9s pontos, fegyelmezett j\u00e1t\u00e9kkal tudtak fel\u00fcl kerekedni a t\u00f6bbs\u00e9g\u00e9ben fiatalabb fi\u00fakb\u00f3l \u00e1ll\u00f3 K\u0151b\u00e1nya csapat\u00e1n. <\/em><br \/>\n<em>Az els\u0151 negyedben 6-24-es kezd\u00e9s\u00fcnk r\u00e1nyomta a b\u00e9lyeg\u00e9t az eg\u00e9sz m\u00e9rk\u0151z\u00e9sre. A m\u00e1sodik negyedben kiss\u00e9 visszaesett a lend\u00fclet, de az el\u0151ny\u00fcnket v\u00e9gig n\u00f6velve siker\u00fclt nyern\u00fcnk egy j\u00f3 m\u00e9rk\u0151z\u00e9sen. Ami k\u00fcl\u00f6n \u00f6r\u00f6m sz\u00e1momra, hogy minden Vasas j\u00e1t\u00e9kos szerzett pontot&#8221;<\/em> &#8211; mondta Kiss M\u00e1t\u00e9, a csapat edz\u0151je.<\/p>\n<p>Zs\u00edros Akad\u00e9mia K\u0151b\u00e1nya\/B <strong>&#8211; Vasas Amazonok 36-73<\/strong> (6-24, 11+3-12+5, 7-15, 9-17)<br \/>\n<em>Pontszerz\u0151k:<\/em><br \/>\n<strong>Vasas Amazonok:<\/strong> Ny\u00edr\u0151 R\u00f3za 8, Lengyel Luca 13, D\u00fal Fanni 14, Pusk\u00e1s Lili 4, Kiss Z\u00f3ra 3, Harmati Emma 5, Bori Liza 11, Kiss Kamilla 3, Tam\u00e1s Petra 3, Schannen Zo\u00e9 5, Kasz\u00e1s Lili 4<\/p>\n<p><em>&#8222;Nagyon j\u00f3, izgalmas meccset siker\u00fclt j\u00e1tszanunk a K\u00f6l\u00f6k\u00f6s Fi\u00fak csapat\u00e1val. A k\u00e9t \u00f6sszecsap\u00e1s k\u00f6zvetlen\u00fcl egym\u00e1s ut\u00e1n kezd\u0151d\u00f6tt, a fi\u00fak pihenhettek k\u00f6zte egy meccset, ez meg is l\u00e1tsz\u00f3dott a kezd\u00e9sen. Kicsit bealudtunk, \u00edgy futottak egy 0-9-et, amib\u0151l nagyj\u00e1b\u00f3l siker\u00fclt visszakapaszkodni, a f\u00e9lid\u0151re m\u00e1r csak 3 pont volt a lemarad\u00e1sunk. A harmadik negyed koreogr\u00e1fi\u00e1ja hasonl\u00f3 volt az els\u0151\u00e9hez, \u00e1m az utols\u00f3 j\u00e1t\u00e9kr\u00e9szben\u00a0siker\u00fclt k\u00e9t pontra felz\u00e1rk\u00f3znunk, helyzeteink azonban kimaradtak, \u00edgy nem tudtuk \u00e1tvenni a vezet\u00e9st. <\/em><br \/>\n<em>A l\u00e1nyok nagyon sz\u00e9pen j\u00e1tszottak \u00e9s k\u00fczd\u00f6tt\u00e9k. Ennyire lelkesnek m\u00e9g tal\u00e1n soha nem l\u00e1ttam \u0151ket, m\u00e9g akkor is vet\u0151dtek a labd\u00e1ra mikor nem is lett volna musz\u00e1j. V\u00e9g\u00fcl sok hi\u00e1nyz\u00f3val, egy izgalmas meccsen maradtunk sajnos alul, de csal\u00f3dotts\u00e1gra semmi ok, sokat lehet \u00e9p\u00edtkezni egy-egy ilyen szitu\u00e1ci\u00f3b\u00f3l&#8221;<\/em> &#8211; \u00f6sszegezte Kiss M\u00e1t\u00e9.<\/p>\n<p><strong>Vasas Amazonok &#8211;<\/strong> K\u00f6l\u00f6k\u00f6s Fi\u00fak <strong>43-47<\/strong> ( 8-13, 14+2 &#8211; 10+4, 4-13, 15-7)<br \/>\n<em>Pontszerz\u0151k:<\/em><br \/>\n<strong>Vasas Amazonok:<\/strong> Harmati Emma 12, Kasz\u00e1s Lili 7, Tam\u00e1s Petra 5, Kiss Z\u00f3ra 4, Lengyel Luca 4, D\u00fal Fanni 3, Kiss Kamilla 1, Bori Liza 2, Veszelovszki Hanna 2, Schannen Zo\u00e9 2, Pusk\u00e1s Lili 1,<\/p>\n","protected":false},"excerpt":{"rendered":"<p>Az Orsz\u00e1gos Gyermek Bajnoks\u00e1g harmadik fordul\u00f3j\u00e1ban a Vasas Amazonok k\u00e9tszer l\u00e9ptek p\u00e1ly\u00e1ra. &#8222;A Zs\u00edros Akad\u00e9mia elleni meccset megel\u0151z\u0151en, bemeleg\u00edt\u00e9s k\u00f6zben a csapat egyik meghat\u00e1roz\u00f3 j\u00e1t\u00e9kos\u00e1nak, F\u00e1bi\u00e1n Szofinak sajnos kificamodott a bok\u00e1ja, \u00edgy nem tudott p\u00e1ly\u00e1ra l\u00e9pni.\u00a0A l\u00e1nyok ennek ellen\u00e9re a legels\u0151 perct\u0151l kezdve maxim\u00e1lis lelkesed\u00e9ssel \u00e9s pontos, fegyelmezett j\u00e1t\u00e9kkal tudtak fel\u00fcl kerekedni a t\u00f6bbs\u00e9g\u00e9ben fiatalabb&#8230;<\/p>\n","protected":false},"author":1,"featured_media":4685,"comment_status":"closed","ping_status":"open","sticky":false,"template":"","format":"standard","meta":{"footnotes":""},"categories":[73,92],"tags":[],"class_list":["post-4684","post","type-post","status-publish","format-standard","has-post-thumbnail","hentry","category-gyerek","category-hirek"],"yoast_head":"<!-- This site is optimized with the Yoast SEO plugin v26.0 - https:\/\/yoast.com\/wordpress\/plugins\/seo\/ -->\n<title>L\u00e1that\u00f3 a fejl\u0151d\u00e9s U12-es csapatunkon - Vasas n\u0151i kos\u00e1rlabda<\/title>\n<meta name=\"robots\" content=\"index, follow, max-snippet:-1, max-image-preview:large, max-video-preview:-1\" \/>\n<link rel=\"canonical\" href=\"https:\/\/vasasbasket.hu\/index.php\/lathato-a-fejlodes-u12-es-csapatunkon\/\" \/>\n<meta property=\"og:locale\" content=\"hu_HU\" \/>\n<meta property=\"og:type\" content=\"article\" \/>\n<meta property=\"og:title\" content=\"L\u00e1that\u00f3 a fejl\u0151d\u00e9s U12-es csapatunkon - Vasas n\u0151i kos\u00e1rlabda\" \/>\n<meta property=\"og:description\" content=\"Az Orsz\u00e1gos Gyermek Bajnoks\u00e1g harmadik fordul\u00f3j\u00e1ban a Vasas Amazonok k\u00e9tszer l\u00e9ptek p\u00e1ly\u00e1ra. &#8222;A Zs\u00edros Akad\u00e9mia elleni meccset megel\u0151z\u0151en, bemeleg\u00edt\u00e9s k\u00f6zben a csapat egyik meghat\u00e1roz\u00f3 j\u00e1t\u00e9kos\u00e1nak, F\u00e1bi\u00e1n Szofinak sajnos kificamodott a bok\u00e1ja, \u00edgy nem tudott p\u00e1ly\u00e1ra l\u00e9pni.\u00a0A l\u00e1nyok ennek ellen\u00e9re a legels\u0151 perct\u0151l kezdve maxim\u00e1lis lelkesed\u00e9ssel \u00e9s pontos, fegyelmezett j\u00e1t\u00e9kkal tudtak fel\u00fcl kerekedni a t\u00f6bbs\u00e9g\u00e9ben fiatalabb...\" \/>\n<meta property=\"og:url\" content=\"https:\/\/vasasbasket.hu\/index.php\/lathato-a-fejlodes-u12-es-csapatunkon\/\" \/>\n<meta property=\"og:site_name\" content=\"Vasas n\u0151i kos\u00e1rlabda\" \/>\n<meta property=\"article:publisher\" content=\"https:\/\/www.facebook.com\/vasaswbasket\/\" \/>\n<meta property=\"article:published_time\" content=\"2018-12-12T17:06:02+00:00\" \/>\n<meta property=\"og:image\" content=\"https:\/\/vasasbasket.hu\/wp-content\/uploads\/2018\/12\/IMG_8979.jpg\" \/>\n\t<meta property=\"og:image:width\" content=\"2016\" \/>\n\t<meta property=\"og:image:height\" content=\"1512\" \/>\n\t<meta property=\"og:image:type\" content=\"image\/jpeg\" \/>\n<meta name=\"author\" content=\"admin\" \/>\n<meta name=\"twitter:card\" content=\"summary_large_image\" \/>\n<meta name=\"twitter:label1\" content=\"Szerz\u0151:\" \/>\n\t<meta name=\"twitter:data1\" content=\"admin\" \/>\n\t<meta name=\"twitter:label2\" content=\"Becs\u00fclt olvas\u00e1si id\u0151\" \/>\n\t<meta name=\"twitter:data2\" content=\"2 perc\" \/>\n<script type=\"application\/ld+json\" class=\"yoast-schema-graph\">{\"@context\":\"https:\/\/schema.org\",\"@graph\":[{\"@type\":\"Article\",\"@id\":\"https:\/\/vasasbasket.hu\/index.php\/lathato-a-fejlodes-u12-es-csapatunkon\/#article\",\"isPartOf\":{\"@id\":\"https:\/\/vasasbasket.hu\/index.php\/lathato-a-fejlodes-u12-es-csapatunkon\/\"},\"author\":{\"name\":\"admin\",\"@id\":\"https:\/\/vasasbasket.hu\/#\/schema\/person\/f1085f4d2c6582d8d0f977e92de2edee\"},\"headline\":\"L\u00e1that\u00f3 a fejl\u0151d\u00e9s U12-es csapatunkon\",\"datePublished\":\"2018-12-12T17:06:02+00:00\",\"mainEntityOfPage\":{\"@id\":\"https:\/\/vasasbasket.hu\/index.php\/lathato-a-fejlodes-u12-es-csapatunkon\/\"},\"wordCount\":464,\"publisher\":{\"@id\":\"https:\/\/vasasbasket.hu\/#organization\"},\"image\":{\"@id\":\"https:\/\/vasasbasket.hu\/index.php\/lathato-a-fejlodes-u12-es-csapatunkon\/#primaryimage\"},\"thumbnailUrl\":\"https:\/\/vasasbasket.hu\/wp-content\/uploads\/2018\/12\/IMG_8979.jpg\",\"articleSection\":[\"Gyerek\",\"\u00d6sszes H\u00edr\"],\"inLanguage\":\"hu\"},{\"@type\":\"WebPage\",\"@id\":\"https:\/\/vasasbasket.hu\/index.php\/lathato-a-fejlodes-u12-es-csapatunkon\/\",\"url\":\"https:\/\/vasasbasket.hu\/index.php\/lathato-a-fejlodes-u12-es-csapatunkon\/\",\"name\":\"L\u00e1that\u00f3 a fejl\u0151d\u00e9s U12-es csapatunkon - Vasas n\u0151i kos\u00e1rlabda\",\"isPartOf\":{\"@id\":\"https:\/\/vasasbasket.hu\/#website\"},\"primaryImageOfPage\":{\"@id\":\"https:\/\/vasasbasket.hu\/index.php\/lathato-a-fejlodes-u12-es-csapatunkon\/#primaryimage\"},\"image\":{\"@id\":\"https:\/\/vasasbasket.hu\/index.php\/lathato-a-fejlodes-u12-es-csapatunkon\/#primaryimage\"},\"thumbnailUrl\":\"https:\/\/vasasbasket.hu\/wp-content\/uploads\/2018\/12\/IMG_8979.jpg\",\"datePublished\":\"2018-12-12T17:06:02+00:00\",\"breadcrumb\":{\"@id\":\"https:\/\/vasasbasket.hu\/index.php\/lathato-a-fejlodes-u12-es-csapatunkon\/#breadcrumb\"},\"inLanguage\":\"hu\",\"potentialAction\":[{\"@type\":\"ReadAction\",\"target\":[\"https:\/\/vasasbasket.hu\/index.php\/lathato-a-fejlodes-u12-es-csapatunkon\/\"]}]},{\"@type\":\"ImageObject\",\"inLanguage\":\"hu\",\"@id\":\"https:\/\/vasasbasket.hu\/index.php\/lathato-a-fejlodes-u12-es-csapatunkon\/#primaryimage\",\"url\":\"https:\/\/vasasbasket.hu\/wp-content\/uploads\/2018\/12\/IMG_8979.jpg\",\"contentUrl\":\"https:\/\/vasasbasket.hu\/wp-content\/uploads\/2018\/12\/IMG_8979.jpg\",\"width\":2016,\"height\":1512},{\"@type\":\"BreadcrumbList\",\"@id\":\"https:\/\/vasasbasket.hu\/index.php\/lathato-a-fejlodes-u12-es-csapatunkon\/#breadcrumb\",\"itemListElement\":[{\"@type\":\"ListItem\",\"position\":1,\"name\":\"Kezd\u0151lap\",\"item\":\"https:\/\/vasasbasket.hu\/\"},{\"@type\":\"ListItem\",\"position\":2,\"name\":\"L\u00e1that\u00f3 a fejl\u0151d\u00e9s U12-es csapatunkon\"}]},{\"@type\":\"WebSite\",\"@id\":\"https:\/\/vasasbasket.hu\/#website\",\"url\":\"https:\/\/vasasbasket.hu\/\",\"name\":\"Vasas n\u0151i kos\u00e1rlabda\",\"description\":\"Vasas Basket N\u0151i\",\"publisher\":{\"@id\":\"https:\/\/vasasbasket.hu\/#organization\"},\"potentialAction\":[{\"@type\":\"SearchAction\",\"target\":{\"@type\":\"EntryPoint\",\"urlTemplate\":\"https:\/\/vasasbasket.hu\/?s={search_term_string}\"},\"query-input\":{\"@type\":\"PropertyValueSpecification\",\"valueRequired\":true,\"valueName\":\"search_term_string\"}}],\"inLanguage\":\"hu\"},{\"@type\":\"Organization\",\"@id\":\"https:\/\/vasasbasket.hu\/#organization\",\"name\":\"Vasas n\u0151i kos\u00e1rlabda\",\"url\":\"https:\/\/vasasbasket.hu\/\",\"logo\":{\"@type\":\"ImageObject\",\"inLanguage\":\"hu\",\"@id\":\"https:\/\/vasasbasket.hu\/#\/schema\/logo\/image\/\",\"url\":\"https:\/\/vasasbasket.hu\/wp-content\/uploads\/2017\/03\/vasas_cimer_1200.jpg\",\"contentUrl\":\"https:\/\/vasasbasket.hu\/wp-content\/uploads\/2017\/03\/vasas_cimer_1200.jpg\",\"width\":1200,\"height\":1200,\"caption\":\"Vasas n\u0151i kos\u00e1rlabda\"},\"image\":{\"@id\":\"https:\/\/vasasbasket.hu\/#\/schema\/logo\/image\/\"},\"sameAs\":[\"https:\/\/www.facebook.com\/vasaswbasket\/\"]},{\"@type\":\"Person\",\"@id\":\"https:\/\/vasasbasket.hu\/#\/schema\/person\/f1085f4d2c6582d8d0f977e92de2edee\",\"name\":\"admin\",\"image\":{\"@type\":\"ImageObject\",\"inLanguage\":\"hu\",\"@id\":\"https:\/\/vasasbasket.hu\/#\/schema\/person\/image\/\",\"url\":\"https:\/\/secure.gravatar.com\/avatar\/645c92f7d9cfe02bd93ce2d1cfa11cd3a268bdfe65486552ff04b193cea07634?s=96&d=mm&r=g\",\"contentUrl\":\"https:\/\/secure.gravatar.com\/avatar\/645c92f7d9cfe02bd93ce2d1cfa11cd3a268bdfe65486552ff04b193cea07634?s=96&d=mm&r=g\",\"caption\":\"admin\"},\"url\":\"https:\/\/vasasbasket.hu\/index.php\/author\/admin\/\"}]}<\/script>\n<!-- \/ Yoast SEO plugin. -->","yoast_head_json":{"title":"L\u00e1that\u00f3 a fejl\u0151d\u00e9s U12-es csapatunkon - Vasas n\u0151i kos\u00e1rlabda","robots":{"index":"index","follow":"follow","max-snippet":"max-snippet:-1","max-image-preview":"max-image-preview:large","max-video-preview":"max-video-preview:-1"},"canonical":"https:\/\/vasasbasket.hu\/index.php\/lathato-a-fejlodes-u12-es-csapatunkon\/","og_locale":"hu_HU","og_type":"article","og_title":"L\u00e1that\u00f3 a fejl\u0151d\u00e9s U12-es csapatunkon - Vasas n\u0151i kos\u00e1rlabda","og_description":"Az Orsz\u00e1gos Gyermek Bajnoks\u00e1g harmadik fordul\u00f3j\u00e1ban a Vasas Amazonok k\u00e9tszer l\u00e9ptek p\u00e1ly\u00e1ra. &#8222;A Zs\u00edros Akad\u00e9mia elleni meccset megel\u0151z\u0151en, bemeleg\u00edt\u00e9s k\u00f6zben a csapat egyik meghat\u00e1roz\u00f3 j\u00e1t\u00e9kos\u00e1nak, F\u00e1bi\u00e1n Szofinak sajnos kificamodott a bok\u00e1ja, \u00edgy nem tudott p\u00e1ly\u00e1ra l\u00e9pni.\u00a0A l\u00e1nyok ennek ellen\u00e9re a legels\u0151 perct\u0151l kezdve maxim\u00e1lis lelkesed\u00e9ssel \u00e9s pontos, fegyelmezett j\u00e1t\u00e9kkal tudtak fel\u00fcl kerekedni a t\u00f6bbs\u00e9g\u00e9ben fiatalabb...","og_url":"https:\/\/vasasbasket.hu\/index.php\/lathato-a-fejlodes-u12-es-csapatunkon\/","og_site_name":"Vasas n\u0151i kos\u00e1rlabda","article_publisher":"https:\/\/www.facebook.com\/vasaswbasket\/","article_published_time":"2018-12-12T17:06:02+00:00","og_image":[{"width":2016,"height":1512,"url":"https:\/\/vasasbasket.hu\/wp-content\/uploads\/2018\/12\/IMG_8979.jpg","type":"image\/jpeg"}],"author":"admin","twitter_card":"summary_large_image","twitter_misc":{"Szerz\u0151:":"admin","Becs\u00fclt olvas\u00e1si id\u0151":"2 perc"},"schema":{"@context":"https:\/\/schema.org","@graph":[{"@type":"Article","@id":"https:\/\/vasasbasket.hu\/index.php\/lathato-a-fejlodes-u12-es-csapatunkon\/#article","isPartOf":{"@id":"https:\/\/vasasbasket.hu\/index.php\/lathato-a-fejlodes-u12-es-csapatunkon\/"},"author":{"name":"admin","@id":"https:\/\/vasasbasket.hu\/#\/schema\/person\/f1085f4d2c6582d8d0f977e92de2edee"},"headline":"L\u00e1that\u00f3 a fejl\u0151d\u00e9s U12-es csapatunkon","datePublished":"2018-12-12T17:06:02+00:00","mainEntityOfPage":{"@id":"https:\/\/vasasbasket.hu\/index.php\/lathato-a-fejlodes-u12-es-csapatunkon\/"},"wordCount":464,"publisher":{"@id":"https:\/\/vasasbasket.hu\/#organization"},"image":{"@id":"https:\/\/vasasbasket.hu\/index.php\/lathato-a-fejlodes-u12-es-csapatunkon\/#primaryimage"},"thumbnailUrl":"https:\/\/vasasbasket.hu\/wp-content\/uploads\/2018\/12\/IMG_8979.jpg","articleSection":["Gyerek","\u00d6sszes H\u00edr"],"inLanguage":"hu"},{"@type":"WebPage","@id":"https:\/\/vasasbasket.hu\/index.php\/lathato-a-fejlodes-u12-es-csapatunkon\/","url":"https:\/\/vasasbasket.hu\/index.php\/lathato-a-fejlodes-u12-es-csapatunkon\/","name":"L\u00e1that\u00f3 a fejl\u0151d\u00e9s U12-es csapatunkon - Vasas n\u0151i kos\u00e1rlabda","isPartOf":{"@id":"https:\/\/vasasbasket.hu\/#website"},"primaryImageOfPage":{"@id":"https:\/\/vasasbasket.hu\/index.php\/lathato-a-fejlodes-u12-es-csapatunkon\/#primaryimage"},"image":{"@id":"https:\/\/vasasbasket.hu\/index.php\/lathato-a-fejlodes-u12-es-csapatunkon\/#primaryimage"},"thumbnailUrl":"https:\/\/vasasbasket.hu\/wp-content\/uploads\/2018\/12\/IMG_8979.jpg","datePublished":"2018-12-12T17:06:02+00:00","breadcrumb":{"@id":"https:\/\/vasasbasket.hu\/index.php\/lathato-a-fejlodes-u12-es-csapatunkon\/#breadcrumb"},"inLanguage":"hu","potentialAction":[{"@type":"ReadAction","target":["https:\/\/vasasbasket.hu\/index.php\/lathato-a-fejlodes-u12-es-csapatunkon\/"]}]},{"@type":"ImageObject","inLanguage":"hu","@id":"https:\/\/vasasbasket.hu\/index.php\/lathato-a-fejlodes-u12-es-csapatunkon\/#primaryimage","url":"https:\/\/vasasbasket.hu\/wp-content\/uploads\/2018\/12\/IMG_8979.jpg","contentUrl":"https:\/\/vasasbasket.hu\/wp-content\/uploads\/2018\/12\/IMG_8979.jpg","width":2016,"height":1512},{"@type":"BreadcrumbList","@id":"https:\/\/vasasbasket.hu\/index.php\/lathato-a-fejlodes-u12-es-csapatunkon\/#breadcrumb","itemListElement":[{"@type":"ListItem","position":1,"name":"Kezd\u0151lap","item":"https:\/\/vasasbasket.hu\/"},{"@type":"ListItem","position":2,"name":"L\u00e1that\u00f3 a fejl\u0151d\u00e9s U12-es csapatunkon"}]},{"@type":"WebSite","@id":"https:\/\/vasasbasket.hu\/#website","url":"https:\/\/vasasbasket.hu\/","name":"Vasas n\u0151i kos\u00e1rlabda","description":"Vasas Basket N\u0151i","publisher":{"@id":"https:\/\/vasasbasket.hu\/#organization"},"potentialAction":[{"@type":"SearchAction","target":{"@type":"EntryPoint","urlTemplate":"https:\/\/vasasbasket.hu\/?s={search_term_string}"},"query-input":{"@type":"PropertyValueSpecification","valueRequired":true,"valueName":"search_term_string"}}],"inLanguage":"hu"},{"@type":"Organization","@id":"https:\/\/vasasbasket.hu\/#organization","name":"Vasas n\u0151i kos\u00e1rlabda","url":"https:\/\/vasasbasket.hu\/","logo":{"@type":"ImageObject","inLanguage":"hu","@id":"https:\/\/vasasbasket.hu\/#\/schema\/logo\/image\/","url":"https:\/\/vasasbasket.hu\/wp-content\/uploads\/2017\/03\/vasas_cimer_1200.jpg","contentUrl":"https:\/\/vasasbasket.hu\/wp-content\/uploads\/2017\/03\/vasas_cimer_1200.jpg","width":1200,"height":1200,"caption":"Vasas n\u0151i kos\u00e1rlabda"},"image":{"@id":"https:\/\/vasasbasket.hu\/#\/schema\/logo\/image\/"},"sameAs":["https:\/\/www.facebook.com\/vasaswbasket\/"]},{"@type":"Person","@id":"https:\/\/vasasbasket.hu\/#\/schema\/person\/f1085f4d2c6582d8d0f977e92de2edee","name":"admin","image":{"@type":"ImageObject","inLanguage":"hu","@id":"https:\/\/vasasbasket.hu\/#\/schema\/person\/image\/","url":"https:\/\/secure.gravatar.com\/avatar\/645c92f7d9cfe02bd93ce2d1cfa11cd3a268bdfe65486552ff04b193cea07634?s=96&d=mm&r=g","contentUrl":"https:\/\/secure.gravatar.com\/avatar\/645c92f7d9cfe02bd93ce2d1cfa11cd3a268bdfe65486552ff04b193cea07634?s=96&d=mm&r=g","caption":"admin"},"url":"https:\/\/vasasbasket.hu\/index.php\/author\/admin\/"}]}},"_links":{"self":[{"href":"https:\/\/vasasbasket.hu\/index.php\/wp-json\/wp\/v2\/posts\/4684","targetHints":{"allow":["GET"]}}],"collection":[{"href":"https:\/\/vasasbasket.hu\/index.php\/wp-json\/wp\/v2\/posts"}],"about":[{"href":"https:\/\/vasasbasket.hu\/index.php\/wp-json\/wp\/v2\/types\/post"}],"author":[{"embeddable":true,"href":"https:\/\/vasasbasket.hu\/index.php\/wp-json\/wp\/v2\/users\/1"}],"replies":[{"embeddable":true,"href":"https:\/\/vasasbasket.hu\/index.php\/wp-json\/wp\/v2\/comments?post=4684"}],"version-history":[{"count":1,"href":"https:\/\/vasasbasket.hu\/index.php\/wp-json\/wp\/v2\/posts\/4684\/revisions"}],"predecessor-version":[{"id":4686,"href":"https:\/\/vasasbasket.hu\/index.php\/wp-json\/wp\/v2\/posts\/4684\/revisions\/4686"}],"wp:featuredmedia":[{"embeddable":true,"href":"https:\/\/vasasbasket.hu\/index.php\/wp-json\/wp\/v2\/media\/4685"}],"wp:attachment":[{"href":"https:\/\/vasasbasket.hu\/index.php\/wp-json\/wp\/v2\/media?parent=4684"}],"wp:term":[{"taxonomy":"category","embeddable":true,"href":"https:\/\/vasasbasket.hu\/index.php\/wp-json\/wp\/v2\/categories?post=4684"},{"taxonomy":"post_tag","embeddable":true,"href":"https:\/\/vasasbasket.hu\/index.php\/wp-json\/wp\/v2\/tags?post=4684"}],"curies":[{"name":"wp","href":"https:\/\/api.w.org\/{rel}","templated":true}]}}