{"id":4675,"date":"2018-12-10T10:05:03","date_gmt":"2018-12-10T10:05:03","guid":{"rendered":"http:\/\/vasasbasket.hu\/?p=4675"},"modified":"2018-12-10T10:05:03","modified_gmt":"2018-12-10T10:05:03","slug":"nagyaranyu-gyozelem-a-csoportvezeto-dvtk-ellen","status":"publish","type":"post","link":"https:\/\/vasasbasket.hu\/index.php\/nagyaranyu-gyozelem-a-csoportvezeto-dvtk-ellen\/","title":{"rendered":"Nagyar\u00e1ny\u00fa gy\u0151zelem a csoportvezet\u0151 DVTK ellen"},"content":{"rendered":"<p><strong>Junior csapatunk az A csoport \u00e9llovas\u00e1t, a DVTK Akad\u00e9mi\u00e1t fogadta hazai p\u00e1ly\u00e1n.\u00a0<\/strong><\/p>\n<p><em>\u201eIzgalmas p\u00e1rharcot v\u00e1rtunk, azonban viszonylag kor\u00e1n egy j\u00f3 edz\u0151meccs\u00e9 v\u00e1lt a m\u00e9rk\u0151z\u00e9s. Els\u0151 perct\u0151l kezdve er\u0151s \u00e9s pontos j\u00e1t\u00e9kot j\u00e1tszottunk, 18-1-el nyitottunk, \u00edgy az \u00f6sszes j\u00e1t\u00e9kosnak volt lehet\u0151s\u00e9ge p\u00e1ly\u00e1ra l\u00e9pni. Fontos kiemelni, hogy mindenki pozit\u00edv energi\u00e1val j\u00e1tszott, \u00f6r\u00f6m volt n\u00e9zni a l\u00e1nyokat a p\u00e1ly\u00e1n. J\u00f3l m\u0171k\u00f6d\u00f6tt a j\u00e1t\u00e9kunk \u00e9s figur\u00e1k, amiket gyakoroltunk, az eg\u00e9sz dics\u00e9retet \u00e9rdemel (26 g\u00f3lpassz). K\u00fcl\u00f6n szeretn\u00e9k kiemelni Varga Al\u00edzt (35 IBM 24 pont, 10 lepattan\u00f3, Dombai R\u00e9k\u00e1t (19 pont, 5 g\u00f3lpassz), Nadia Smailbegovicot (15 pont, 7 lepattan\u00f3, 4 g\u00f3lpassz) \u00e9s Kun Rit\u00e1t (16 IBM 8 pont, 12 lepattan\u00f3)\u201d<\/em> \u2013 mondta a csapat edz\u0151je, Igor Skocovski.<\/p>\n<p><strong>Vasas Akad\u00e9mia &#8211;<\/strong> DVTK Akad\u00e9mia <strong>93-36<\/strong> (26-9, 24-9, 17-5, 26-13)<br \/>\n<em>Pontszerz\u0151k:<\/em><br \/>\n<strong>Vasas Akad\u00e9mia:<\/strong> Bud\u00e1csik D., Kun R. 8, V\u00edgh B. 9, Mudra V. 2,Smailbegovic N. 15, Boros B. 5, Varga A. 24, Altman A. 3, Szerencs\u00e9s T. 2, T\u00f3th F. 6, Dombai R. 19.<br \/>\n<strong>DVTK Akad\u00e9mia:<\/strong> Kecsk\u00e9s K. 10, K\u00e1rp\u00e1ti R. 4, Peitl F. 6, Szegecki N. 4, Bacso Zs., Suhajda V. 8,Veg-Dudas A. 3, B\u00e1nyai B., Ocsenas F. Kababik B. 1 M\u00e1rkus L.<\/p>\n","protected":false},"excerpt":{"rendered":"<p>Junior csapatunk az A csoport \u00e9llovas\u00e1t, a DVTK Akad\u00e9mi\u00e1t fogadta hazai p\u00e1ly\u00e1n.\u00a0 \u201eIzgalmas p\u00e1rharcot v\u00e1rtunk, azonban viszonylag kor\u00e1n egy j\u00f3 edz\u0151meccs\u00e9 v\u00e1lt a m\u00e9rk\u0151z\u00e9s. Els\u0151 perct\u0151l kezdve er\u0151s \u00e9s pontos j\u00e1t\u00e9kot j\u00e1tszottunk, 18-1-el nyitottunk, \u00edgy az \u00f6sszes j\u00e1t\u00e9kosnak volt lehet\u0151s\u00e9ge p\u00e1ly\u00e1ra l\u00e9pni. Fontos kiemelni, hogy mindenki pozit\u00edv energi\u00e1val j\u00e1tszott, \u00f6r\u00f6m volt n\u00e9zni a l\u00e1nyokat a&#8230;<\/p>\n","protected":false},"author":1,"featured_media":4670,"comment_status":"closed","ping_status":"open","sticky":false,"template":"","format":"standard","meta":{"footnotes":""},"categories":[50,92],"tags":[],"class_list":["post-4675","post","type-post","status-publish","format-standard","has-post-thumbnail","hentry","category-junior","category-hirek"],"yoast_head":"<!-- This site is optimized with the Yoast SEO plugin v26.0 - https:\/\/yoast.com\/wordpress\/plugins\/seo\/ -->\n<title>Nagyar\u00e1ny\u00fa gy\u0151zelem a csoportvezet\u0151 DVTK ellen - Vasas n\u0151i kos\u00e1rlabda<\/title>\n<meta name=\"robots\" content=\"index, follow, max-snippet:-1, max-image-preview:large, max-video-preview:-1\" \/>\n<link rel=\"canonical\" href=\"https:\/\/vasasbasket.hu\/index.php\/nagyaranyu-gyozelem-a-csoportvezeto-dvtk-ellen\/\" \/>\n<meta property=\"og:locale\" content=\"hu_HU\" \/>\n<meta property=\"og:type\" content=\"article\" \/>\n<meta property=\"og:title\" content=\"Nagyar\u00e1ny\u00fa gy\u0151zelem a csoportvezet\u0151 DVTK ellen - Vasas n\u0151i kos\u00e1rlabda\" \/>\n<meta property=\"og:description\" content=\"Junior csapatunk az A csoport \u00e9llovas\u00e1t, a DVTK Akad\u00e9mi\u00e1t fogadta hazai p\u00e1ly\u00e1n.\u00a0 \u201eIzgalmas p\u00e1rharcot v\u00e1rtunk, azonban viszonylag kor\u00e1n egy j\u00f3 edz\u0151meccs\u00e9 v\u00e1lt a m\u00e9rk\u0151z\u00e9s. Els\u0151 perct\u0151l kezdve er\u0151s \u00e9s pontos j\u00e1t\u00e9kot j\u00e1tszottunk, 18-1-el nyitottunk, \u00edgy az \u00f6sszes j\u00e1t\u00e9kosnak volt lehet\u0151s\u00e9ge p\u00e1ly\u00e1ra l\u00e9pni. Fontos kiemelni, hogy mindenki pozit\u00edv energi\u00e1val j\u00e1tszott, \u00f6r\u00f6m volt n\u00e9zni a l\u00e1nyokat a...\" \/>\n<meta property=\"og:url\" content=\"https:\/\/vasasbasket.hu\/index.php\/nagyaranyu-gyozelem-a-csoportvezeto-dvtk-ellen\/\" \/>\n<meta property=\"og:site_name\" content=\"Vasas n\u0151i kos\u00e1rlabda\" \/>\n<meta property=\"article:publisher\" content=\"https:\/\/www.facebook.com\/vasaswbasket\/\" \/>\n<meta property=\"article:published_time\" content=\"2018-12-10T10:05:03+00:00\" \/>\n<meta property=\"og:image\" content=\"https:\/\/vasasbasket.hu\/wp-content\/uploads\/2018\/12\/47684968_192758995009308_2874618712109875200_n-e1544433480272-scaled.jpg\" \/>\n\t<meta property=\"og:image:width\" content=\"2560\" \/>\n\t<meta property=\"og:image:height\" content=\"1554\" \/>\n\t<meta property=\"og:image:type\" content=\"image\/jpeg\" \/>\n<meta name=\"author\" content=\"admin\" \/>\n<meta name=\"twitter:card\" content=\"summary_large_image\" \/>\n<meta name=\"twitter:label1\" content=\"Szerz\u0151:\" \/>\n\t<meta name=\"twitter:data1\" content=\"admin\" \/>\n\t<meta name=\"twitter:label2\" content=\"Becs\u00fclt olvas\u00e1si id\u0151\" \/>\n\t<meta name=\"twitter:data2\" content=\"1 perc\" \/>\n<script type=\"application\/ld+json\" class=\"yoast-schema-graph\">{\"@context\":\"https:\/\/schema.org\",\"@graph\":[{\"@type\":\"Article\",\"@id\":\"https:\/\/vasasbasket.hu\/index.php\/nagyaranyu-gyozelem-a-csoportvezeto-dvtk-ellen\/#article\",\"isPartOf\":{\"@id\":\"https:\/\/vasasbasket.hu\/index.php\/nagyaranyu-gyozelem-a-csoportvezeto-dvtk-ellen\/\"},\"author\":{\"name\":\"admin\",\"@id\":\"https:\/\/vasasbasket.hu\/#\/schema\/person\/f1085f4d2c6582d8d0f977e92de2edee\"},\"headline\":\"Nagyar\u00e1ny\u00fa gy\u0151zelem a csoportvezet\u0151 DVTK ellen\",\"datePublished\":\"2018-12-10T10:05:03+00:00\",\"mainEntityOfPage\":{\"@id\":\"https:\/\/vasasbasket.hu\/index.php\/nagyaranyu-gyozelem-a-csoportvezeto-dvtk-ellen\/\"},\"wordCount\":233,\"publisher\":{\"@id\":\"https:\/\/vasasbasket.hu\/#organization\"},\"image\":{\"@id\":\"https:\/\/vasasbasket.hu\/index.php\/nagyaranyu-gyozelem-a-csoportvezeto-dvtk-ellen\/#primaryimage\"},\"thumbnailUrl\":\"https:\/\/vasasbasket.hu\/wp-content\/uploads\/2018\/12\/47684968_192758995009308_2874618712109875200_n-e1544433480272-scaled.jpg\",\"articleSection\":[\"Junior\",\"\u00d6sszes H\u00edr\"],\"inLanguage\":\"hu\"},{\"@type\":\"WebPage\",\"@id\":\"https:\/\/vasasbasket.hu\/index.php\/nagyaranyu-gyozelem-a-csoportvezeto-dvtk-ellen\/\",\"url\":\"https:\/\/vasasbasket.hu\/index.php\/nagyaranyu-gyozelem-a-csoportvezeto-dvtk-ellen\/\",\"name\":\"Nagyar\u00e1ny\u00fa gy\u0151zelem a csoportvezet\u0151 DVTK ellen - Vasas n\u0151i kos\u00e1rlabda\",\"isPartOf\":{\"@id\":\"https:\/\/vasasbasket.hu\/#website\"},\"primaryImageOfPage\":{\"@id\":\"https:\/\/vasasbasket.hu\/index.php\/nagyaranyu-gyozelem-a-csoportvezeto-dvtk-ellen\/#primaryimage\"},\"image\":{\"@id\":\"https:\/\/vasasbasket.hu\/index.php\/nagyaranyu-gyozelem-a-csoportvezeto-dvtk-ellen\/#primaryimage\"},\"thumbnailUrl\":\"https:\/\/vasasbasket.hu\/wp-content\/uploads\/2018\/12\/47684968_192758995009308_2874618712109875200_n-e1544433480272-scaled.jpg\",\"datePublished\":\"2018-12-10T10:05:03+00:00\",\"breadcrumb\":{\"@id\":\"https:\/\/vasasbasket.hu\/index.php\/nagyaranyu-gyozelem-a-csoportvezeto-dvtk-ellen\/#breadcrumb\"},\"inLanguage\":\"hu\",\"potentialAction\":[{\"@type\":\"ReadAction\",\"target\":[\"https:\/\/vasasbasket.hu\/index.php\/nagyaranyu-gyozelem-a-csoportvezeto-dvtk-ellen\/\"]}]},{\"@type\":\"ImageObject\",\"inLanguage\":\"hu\",\"@id\":\"https:\/\/vasasbasket.hu\/index.php\/nagyaranyu-gyozelem-a-csoportvezeto-dvtk-ellen\/#primaryimage\",\"url\":\"https:\/\/vasasbasket.hu\/wp-content\/uploads\/2018\/12\/47684968_192758995009308_2874618712109875200_n-e1544433480272-scaled.jpg\",\"contentUrl\":\"https:\/\/vasasbasket.hu\/wp-content\/uploads\/2018\/12\/47684968_192758995009308_2874618712109875200_n-e1544433480272-scaled.jpg\",\"width\":2560,\"height\":1554},{\"@type\":\"BreadcrumbList\",\"@id\":\"https:\/\/vasasbasket.hu\/index.php\/nagyaranyu-gyozelem-a-csoportvezeto-dvtk-ellen\/#breadcrumb\",\"itemListElement\":[{\"@type\":\"ListItem\",\"position\":1,\"name\":\"Kezd\u0151lap\",\"item\":\"https:\/\/vasasbasket.hu\/\"},{\"@type\":\"ListItem\",\"position\":2,\"name\":\"Nagyar\u00e1ny\u00fa gy\u0151zelem a csoportvezet\u0151 DVTK ellen\"}]},{\"@type\":\"WebSite\",\"@id\":\"https:\/\/vasasbasket.hu\/#website\",\"url\":\"https:\/\/vasasbasket.hu\/\",\"name\":\"Vasas n\u0151i kos\u00e1rlabda\",\"description\":\"Vasas Basket N\u0151i\",\"publisher\":{\"@id\":\"https:\/\/vasasbasket.hu\/#organization\"},\"potentialAction\":[{\"@type\":\"SearchAction\",\"target\":{\"@type\":\"EntryPoint\",\"urlTemplate\":\"https:\/\/vasasbasket.hu\/?s={search_term_string}\"},\"query-input\":{\"@type\":\"PropertyValueSpecification\",\"valueRequired\":true,\"valueName\":\"search_term_string\"}}],\"inLanguage\":\"hu\"},{\"@type\":\"Organization\",\"@id\":\"https:\/\/vasasbasket.hu\/#organization\",\"name\":\"Vasas n\u0151i kos\u00e1rlabda\",\"url\":\"https:\/\/vasasbasket.hu\/\",\"logo\":{\"@type\":\"ImageObject\",\"inLanguage\":\"hu\",\"@id\":\"https:\/\/vasasbasket.hu\/#\/schema\/logo\/image\/\",\"url\":\"https:\/\/vasasbasket.hu\/wp-content\/uploads\/2017\/03\/vasas_cimer_1200.jpg\",\"contentUrl\":\"https:\/\/vasasbasket.hu\/wp-content\/uploads\/2017\/03\/vasas_cimer_1200.jpg\",\"width\":1200,\"height\":1200,\"caption\":\"Vasas n\u0151i kos\u00e1rlabda\"},\"image\":{\"@id\":\"https:\/\/vasasbasket.hu\/#\/schema\/logo\/image\/\"},\"sameAs\":[\"https:\/\/www.facebook.com\/vasaswbasket\/\"]},{\"@type\":\"Person\",\"@id\":\"https:\/\/vasasbasket.hu\/#\/schema\/person\/f1085f4d2c6582d8d0f977e92de2edee\",\"name\":\"admin\",\"image\":{\"@type\":\"ImageObject\",\"inLanguage\":\"hu\",\"@id\":\"https:\/\/vasasbasket.hu\/#\/schema\/person\/image\/\",\"url\":\"https:\/\/secure.gravatar.com\/avatar\/645c92f7d9cfe02bd93ce2d1cfa11cd3a268bdfe65486552ff04b193cea07634?s=96&d=mm&r=g\",\"contentUrl\":\"https:\/\/secure.gravatar.com\/avatar\/645c92f7d9cfe02bd93ce2d1cfa11cd3a268bdfe65486552ff04b193cea07634?s=96&d=mm&r=g\",\"caption\":\"admin\"},\"url\":\"https:\/\/vasasbasket.hu\/index.php\/author\/admin\/\"}]}<\/script>\n<!-- \/ Yoast SEO plugin. -->","yoast_head_json":{"title":"Nagyar\u00e1ny\u00fa gy\u0151zelem a csoportvezet\u0151 DVTK ellen - Vasas n\u0151i kos\u00e1rlabda","robots":{"index":"index","follow":"follow","max-snippet":"max-snippet:-1","max-image-preview":"max-image-preview:large","max-video-preview":"max-video-preview:-1"},"canonical":"https:\/\/vasasbasket.hu\/index.php\/nagyaranyu-gyozelem-a-csoportvezeto-dvtk-ellen\/","og_locale":"hu_HU","og_type":"article","og_title":"Nagyar\u00e1ny\u00fa gy\u0151zelem a csoportvezet\u0151 DVTK ellen - Vasas n\u0151i kos\u00e1rlabda","og_description":"Junior csapatunk az A csoport \u00e9llovas\u00e1t, a DVTK Akad\u00e9mi\u00e1t fogadta hazai p\u00e1ly\u00e1n.\u00a0 \u201eIzgalmas p\u00e1rharcot v\u00e1rtunk, azonban viszonylag kor\u00e1n egy j\u00f3 edz\u0151meccs\u00e9 v\u00e1lt a m\u00e9rk\u0151z\u00e9s. Els\u0151 perct\u0151l kezdve er\u0151s \u00e9s pontos j\u00e1t\u00e9kot j\u00e1tszottunk, 18-1-el nyitottunk, \u00edgy az \u00f6sszes j\u00e1t\u00e9kosnak volt lehet\u0151s\u00e9ge p\u00e1ly\u00e1ra l\u00e9pni. Fontos kiemelni, hogy mindenki pozit\u00edv energi\u00e1val j\u00e1tszott, \u00f6r\u00f6m volt n\u00e9zni a l\u00e1nyokat a...","og_url":"https:\/\/vasasbasket.hu\/index.php\/nagyaranyu-gyozelem-a-csoportvezeto-dvtk-ellen\/","og_site_name":"Vasas n\u0151i kos\u00e1rlabda","article_publisher":"https:\/\/www.facebook.com\/vasaswbasket\/","article_published_time":"2018-12-10T10:05:03+00:00","og_image":[{"width":2560,"height":1554,"url":"https:\/\/vasasbasket.hu\/wp-content\/uploads\/2018\/12\/47684968_192758995009308_2874618712109875200_n-e1544433480272-scaled.jpg","type":"image\/jpeg"}],"author":"admin","twitter_card":"summary_large_image","twitter_misc":{"Szerz\u0151:":"admin","Becs\u00fclt olvas\u00e1si id\u0151":"1 perc"},"schema":{"@context":"https:\/\/schema.org","@graph":[{"@type":"Article","@id":"https:\/\/vasasbasket.hu\/index.php\/nagyaranyu-gyozelem-a-csoportvezeto-dvtk-ellen\/#article","isPartOf":{"@id":"https:\/\/vasasbasket.hu\/index.php\/nagyaranyu-gyozelem-a-csoportvezeto-dvtk-ellen\/"},"author":{"name":"admin","@id":"https:\/\/vasasbasket.hu\/#\/schema\/person\/f1085f4d2c6582d8d0f977e92de2edee"},"headline":"Nagyar\u00e1ny\u00fa gy\u0151zelem a csoportvezet\u0151 DVTK ellen","datePublished":"2018-12-10T10:05:03+00:00","mainEntityOfPage":{"@id":"https:\/\/vasasbasket.hu\/index.php\/nagyaranyu-gyozelem-a-csoportvezeto-dvtk-ellen\/"},"wordCount":233,"publisher":{"@id":"https:\/\/vasasbasket.hu\/#organization"},"image":{"@id":"https:\/\/vasasbasket.hu\/index.php\/nagyaranyu-gyozelem-a-csoportvezeto-dvtk-ellen\/#primaryimage"},"thumbnailUrl":"https:\/\/vasasbasket.hu\/wp-content\/uploads\/2018\/12\/47684968_192758995009308_2874618712109875200_n-e1544433480272-scaled.jpg","articleSection":["Junior","\u00d6sszes H\u00edr"],"inLanguage":"hu"},{"@type":"WebPage","@id":"https:\/\/vasasbasket.hu\/index.php\/nagyaranyu-gyozelem-a-csoportvezeto-dvtk-ellen\/","url":"https:\/\/vasasbasket.hu\/index.php\/nagyaranyu-gyozelem-a-csoportvezeto-dvtk-ellen\/","name":"Nagyar\u00e1ny\u00fa gy\u0151zelem a csoportvezet\u0151 DVTK ellen - Vasas n\u0151i kos\u00e1rlabda","isPartOf":{"@id":"https:\/\/vasasbasket.hu\/#website"},"primaryImageOfPage":{"@id":"https:\/\/vasasbasket.hu\/index.php\/nagyaranyu-gyozelem-a-csoportvezeto-dvtk-ellen\/#primaryimage"},"image":{"@id":"https:\/\/vasasbasket.hu\/index.php\/nagyaranyu-gyozelem-a-csoportvezeto-dvtk-ellen\/#primaryimage"},"thumbnailUrl":"https:\/\/vasasbasket.hu\/wp-content\/uploads\/2018\/12\/47684968_192758995009308_2874618712109875200_n-e1544433480272-scaled.jpg","datePublished":"2018-12-10T10:05:03+00:00","breadcrumb":{"@id":"https:\/\/vasasbasket.hu\/index.php\/nagyaranyu-gyozelem-a-csoportvezeto-dvtk-ellen\/#breadcrumb"},"inLanguage":"hu","potentialAction":[{"@type":"ReadAction","target":["https:\/\/vasasbasket.hu\/index.php\/nagyaranyu-gyozelem-a-csoportvezeto-dvtk-ellen\/"]}]},{"@type":"ImageObject","inLanguage":"hu","@id":"https:\/\/vasasbasket.hu\/index.php\/nagyaranyu-gyozelem-a-csoportvezeto-dvtk-ellen\/#primaryimage","url":"https:\/\/vasasbasket.hu\/wp-content\/uploads\/2018\/12\/47684968_192758995009308_2874618712109875200_n-e1544433480272-scaled.jpg","contentUrl":"https:\/\/vasasbasket.hu\/wp-content\/uploads\/2018\/12\/47684968_192758995009308_2874618712109875200_n-e1544433480272-scaled.jpg","width":2560,"height":1554},{"@type":"BreadcrumbList","@id":"https:\/\/vasasbasket.hu\/index.php\/nagyaranyu-gyozelem-a-csoportvezeto-dvtk-ellen\/#breadcrumb","itemListElement":[{"@type":"ListItem","position":1,"name":"Kezd\u0151lap","item":"https:\/\/vasasbasket.hu\/"},{"@type":"ListItem","position":2,"name":"Nagyar\u00e1ny\u00fa gy\u0151zelem a csoportvezet\u0151 DVTK ellen"}]},{"@type":"WebSite","@id":"https:\/\/vasasbasket.hu\/#website","url":"https:\/\/vasasbasket.hu\/","name":"Vasas n\u0151i kos\u00e1rlabda","description":"Vasas Basket N\u0151i","publisher":{"@id":"https:\/\/vasasbasket.hu\/#organization"},"potentialAction":[{"@type":"SearchAction","target":{"@type":"EntryPoint","urlTemplate":"https:\/\/vasasbasket.hu\/?s={search_term_string}"},"query-input":{"@type":"PropertyValueSpecification","valueRequired":true,"valueName":"search_term_string"}}],"inLanguage":"hu"},{"@type":"Organization","@id":"https:\/\/vasasbasket.hu\/#organization","name":"Vasas n\u0151i kos\u00e1rlabda","url":"https:\/\/vasasbasket.hu\/","logo":{"@type":"ImageObject","inLanguage":"hu","@id":"https:\/\/vasasbasket.hu\/#\/schema\/logo\/image\/","url":"https:\/\/vasasbasket.hu\/wp-content\/uploads\/2017\/03\/vasas_cimer_1200.jpg","contentUrl":"https:\/\/vasasbasket.hu\/wp-content\/uploads\/2017\/03\/vasas_cimer_1200.jpg","width":1200,"height":1200,"caption":"Vasas n\u0151i kos\u00e1rlabda"},"image":{"@id":"https:\/\/vasasbasket.hu\/#\/schema\/logo\/image\/"},"sameAs":["https:\/\/www.facebook.com\/vasaswbasket\/"]},{"@type":"Person","@id":"https:\/\/vasasbasket.hu\/#\/schema\/person\/f1085f4d2c6582d8d0f977e92de2edee","name":"admin","image":{"@type":"ImageObject","inLanguage":"hu","@id":"https:\/\/vasasbasket.hu\/#\/schema\/person\/image\/","url":"https:\/\/secure.gravatar.com\/avatar\/645c92f7d9cfe02bd93ce2d1cfa11cd3a268bdfe65486552ff04b193cea07634?s=96&d=mm&r=g","contentUrl":"https:\/\/secure.gravatar.com\/avatar\/645c92f7d9cfe02bd93ce2d1cfa11cd3a268bdfe65486552ff04b193cea07634?s=96&d=mm&r=g","caption":"admin"},"url":"https:\/\/vasasbasket.hu\/index.php\/author\/admin\/"}]}},"_links":{"self":[{"href":"https:\/\/vasasbasket.hu\/index.php\/wp-json\/wp\/v2\/posts\/4675","targetHints":{"allow":["GET"]}}],"collection":[{"href":"https:\/\/vasasbasket.hu\/index.php\/wp-json\/wp\/v2\/posts"}],"about":[{"href":"https:\/\/vasasbasket.hu\/index.php\/wp-json\/wp\/v2\/types\/post"}],"author":[{"embeddable":true,"href":"https:\/\/vasasbasket.hu\/index.php\/wp-json\/wp\/v2\/users\/1"}],"replies":[{"embeddable":true,"href":"https:\/\/vasasbasket.hu\/index.php\/wp-json\/wp\/v2\/comments?post=4675"}],"version-history":[{"count":1,"href":"https:\/\/vasasbasket.hu\/index.php\/wp-json\/wp\/v2\/posts\/4675\/revisions"}],"predecessor-version":[{"id":4676,"href":"https:\/\/vasasbasket.hu\/index.php\/wp-json\/wp\/v2\/posts\/4675\/revisions\/4676"}],"wp:featuredmedia":[{"embeddable":true,"href":"https:\/\/vasasbasket.hu\/index.php\/wp-json\/wp\/v2\/media\/4670"}],"wp:attachment":[{"href":"https:\/\/vasasbasket.hu\/index.php\/wp-json\/wp\/v2\/media?parent=4675"}],"wp:term":[{"taxonomy":"category","embeddable":true,"href":"https:\/\/vasasbasket.hu\/index.php\/wp-json\/wp\/v2\/categories?post=4675"},{"taxonomy":"post_tag","embeddable":true,"href":"https:\/\/vasasbasket.hu\/index.php\/wp-json\/wp\/v2\/tags?post=4675"}],"curies":[{"name":"wp","href":"https:\/\/api.w.org\/{rel}","templated":true}]}}