{"id":4629,"date":"2018-12-05T12:23:18","date_gmt":"2018-12-05T12:23:18","guid":{"rendered":"http:\/\/vasasbasket.hu\/?p=4629"},"modified":"2018-12-05T12:29:00","modified_gmt":"2018-12-05T12:29:00","slug":"szebbe-varazsoljuk-az-unnepeket","status":"publish","type":"post","link":"https:\/\/vasasbasket.hu\/index.php\/szebbe-varazsoljuk-az-unnepeket\/","title":{"rendered":"Szebb\u00e9 var\u00e1zsoljuk az \u00fcnnepeket"},"content":{"rendered":"<p><strong>A Vasas Akad\u00e9mi\u00e1n hagyom\u00e1nynak sz\u00e1m\u00edt, hogy az Age Of Hope alap\u00edtv\u00e1nyon kereszt\u00fcl seg\u00edtj\u00fck a r\u00e1szorul\u00f3 gyermekeket. Szakoszt\u00e1lyunk id\u00e9n is kiemelt hangs\u00falyt fektet az \u201eEzer Gyerek Kar\u00e1csonya\u201d programra, ahol id\u00e9n p\u00e1ratlan \u00f6sszefog\u00e1snak lehet\u00fcnk szemtan\u00fai.<\/strong><\/p>\n<p><img loading=\"lazy\" decoding=\"async\" class=\" wp-image-4632 alignright\" src=\"http:\/\/vasasbasket.hu\/wp-content\/uploads\/2018\/12\/47453982_1051581115030840_1791040077267206144_n-1-300x225.jpg\" alt=\"\" width=\"244\" height=\"182\" srcset=\"https:\/\/vasasbasket.hu\/wp-content\/uploads\/2018\/12\/47453982_1051581115030840_1791040077267206144_n-1-300x225.jpg 300w, https:\/\/vasasbasket.hu\/wp-content\/uploads\/2018\/12\/47453982_1051581115030840_1791040077267206144_n-1-570x428.jpg 570w, https:\/\/vasasbasket.hu\/wp-content\/uploads\/2018\/12\/47453982_1051581115030840_1791040077267206144_n-1-440x330.jpg 440w, https:\/\/vasasbasket.hu\/wp-content\/uploads\/2018\/12\/47453982_1051581115030840_1791040077267206144_n-1-768x576.jpg 768w, https:\/\/vasasbasket.hu\/wp-content\/uploads\/2018\/12\/47453982_1051581115030840_1791040077267206144_n-1-1024x768.jpg 1024w, https:\/\/vasasbasket.hu\/wp-content\/uploads\/2018\/12\/47453982_1051581115030840_1791040077267206144_n-1-128x96.jpg 128w, https:\/\/vasasbasket.hu\/wp-content\/uploads\/2018\/12\/47453982_1051581115030840_1791040077267206144_n-1-32x24.jpg 32w, https:\/\/vasasbasket.hu\/wp-content\/uploads\/2018\/12\/47453982_1051581115030840_1791040077267206144_n-1-98x74.jpg 98w, https:\/\/vasasbasket.hu\/wp-content\/uploads\/2018\/12\/47453982_1051581115030840_1791040077267206144_n-1.jpg 2048w\" sizes=\"auto, (max-width: 244px) 100vw, 244px\" \/><\/p>\n<p><em>\u201eNyolc \u00e9ve m\u0171k\u00f6d\u00fcnk, els\u0151dleges c\u00e9lunk a h\u00e1tr\u00e1nyos helyzet\u0171 gyermekek szabadidej\u00e9nek hasznos elt\u00f6lt\u00e9se volt. Tan\u00edt\u00e1si sz\u00fcnetekben, f\u0151leg ny\u00e1ron t\u00e1borok, kir\u00e1ndul\u00e1sok szervez\u00e9se. Hamar r\u00e1j\u00f6tt\u00fcnk, hogy nemcsak tan\u00edt\u00e1si sz\u00fcnetekben van sz\u00fcks\u00e9g seg\u00edts\u00e9gre, hiszen az elszeg\u00e9nyedett r\u00e9gi\u00f3kban \u00e9l\u0151 gyerekek \u00f3ri\u00e1si hi\u00e1nyt szenvednek a t\u00e9li id\u0151szakban is, ez\u00e9rt a t\u00e1borok mellett, a legfontosabb feladatunk a kar\u00e1csonyi id\u0151szakban t\u00f6rt\u00e9n\u0151 adom\u00e1nygy\u0171jt\u00e9s. E mellett k\u00f6z\u00f6ss\u00e9gi f\u0151z\u00e9seket is szoktunk szervezni, ahol egy k\u00f6z\u00f6s bogr\u00e1csoz\u00e1s keretein bel\u00fcl t\u00f6bb t\u00e1rsszervezettel egy\u00fctt meleg \u00e9lelmiszert k\u00e9sz\u00edt\u00fcnk a r\u00e1szorul\u00f3knak. Ez kb 600-2000 adag meleg \u00e9telt jelent\u201d<\/em> \u2013 mondta az Age Of Hope alap\u00edtv\u00e1ny vezet\u0151je, T\u00f3th \u00c1kos.<\/p>\n<p><img loading=\"lazy\" decoding=\"async\" class=\" wp-image-4631 alignleft\" src=\"http:\/\/vasasbasket.hu\/wp-content\/uploads\/2018\/12\/47426035_321681958559586_5897206202982465536_n-300x300.jpg\" alt=\"\" width=\"144\" height=\"144\" srcset=\"https:\/\/vasasbasket.hu\/wp-content\/uploads\/2018\/12\/47426035_321681958559586_5897206202982465536_n-300x300.jpg 300w, https:\/\/vasasbasket.hu\/wp-content\/uploads\/2018\/12\/47426035_321681958559586_5897206202982465536_n-570x570.jpg 570w, https:\/\/vasasbasket.hu\/wp-content\/uploads\/2018\/12\/47426035_321681958559586_5897206202982465536_n-100x100.jpg 100w, https:\/\/vasasbasket.hu\/wp-content\/uploads\/2018\/12\/47426035_321681958559586_5897206202982465536_n-440x440.jpg 440w, https:\/\/vasasbasket.hu\/wp-content\/uploads\/2018\/12\/47426035_321681958559586_5897206202982465536_n-150x150.jpg 150w, https:\/\/vasasbasket.hu\/wp-content\/uploads\/2018\/12\/47426035_321681958559586_5897206202982465536_n-768x768.jpg 768w, https:\/\/vasasbasket.hu\/wp-content\/uploads\/2018\/12\/47426035_321681958559586_5897206202982465536_n-1024x1024.jpg 1024w, https:\/\/vasasbasket.hu\/wp-content\/uploads\/2018\/12\/47426035_321681958559586_5897206202982465536_n-128x128.jpg 128w, https:\/\/vasasbasket.hu\/wp-content\/uploads\/2018\/12\/47426035_321681958559586_5897206202982465536_n-32x32.jpg 32w, https:\/\/vasasbasket.hu\/wp-content\/uploads\/2018\/12\/47426035_321681958559586_5897206202982465536_n-200x200.jpg 200w, https:\/\/vasasbasket.hu\/wp-content\/uploads\/2018\/12\/47426035_321681958559586_5897206202982465536_n-255x255.jpg 255w, https:\/\/vasasbasket.hu\/wp-content\/uploads\/2018\/12\/47426035_321681958559586_5897206202982465536_n-80x80.jpg 80w, https:\/\/vasasbasket.hu\/wp-content\/uploads\/2018\/12\/47426035_321681958559586_5897206202982465536_n-740x740.jpg 740w, https:\/\/vasasbasket.hu\/wp-content\/uploads\/2018\/12\/47426035_321681958559586_5897206202982465536_n-98x98.jpg 98w, https:\/\/vasasbasket.hu\/wp-content\/uploads\/2018\/12\/47426035_321681958559586_5897206202982465536_n.jpg 1080w\" sizes=\"auto, (max-width: 144px) 100vw, 144px\" \/>A k\u00f6z\u00f6ss\u00e9gi munk\u00e1ban rengeteg kos\u00e1rlabd\u00e1z\u00f3 fiatal is beseg\u00edt az alap\u00edtv\u00e1nynak, akik nemcsak a p\u00e1ly\u00e1n ismerik meg a csapatmunka fontoss\u00e1g\u00e1t. <em>\u201eA Vasas Akad\u00e9mia mellett a T\u00f6rekv\u00e9snek vagyok a gy\u00far\u00f3ja r\u00e9g \u00f3ta, ahol nagyon kor\u00e1n beind\u00edtottuk az 50 \u00f3r\u00e1s k\u00f6telez\u0151 k\u00f6z\u00f6ss\u00e9gi szolg\u00e1latot, ami k\u00f6telez\u0151 az \u00e9retts\u00e9gihez. Csod\u00e1latosak ezek a sportol\u00f3 gyerekek, akik id\u0151t \u00e9s energi\u00e1t nem sajn\u00e1lnak k\u00fcl\u00f6nf\u00e9le elfoglalts\u00e1gaik mellett. Eg\u00e9sz gener\u00e1ci\u00f3k n\u0151ttek fel az Age Of Hope-n\u00e1l, van olyan 50 \u00f3r\u00e1sunk, aki most m\u00e1r 1000 \u00f3r\u00e1t t\u00f6lt\u00f6ttek n\u00e1lunk, egyetemist\u00e1k, de m\u00e9g mindig visszaj\u00e1rnak hozz\u00e1nk\u201d<\/em> \u2013 mondta \u00c1kos.<\/p>\n<p>December 6.-\u00e1n lesz egy k\u00fcl\u00f6nleges programja az alap\u00edtv\u00e1nynak, ahol az \u00c1t\u00e1nyi \u00c1ltal\u00e1nos Iskol\u00e1ba l\u00e1togat el k\u00f6z\u00f6sen az Age Of Hope \u00e9s a Vasas Akad\u00e9mia: <em>\u201eMikul\u00e1sozni megy\u00fcnk \u00c1t\u00e1nyba, ahol \u00e9n leszek majd a mikul\u00e1s, \u00e9s h\u00e1rom kadett kor\u00fa Vasas Akad\u00e9mia n\u0151vend\u00e9k, \u00c9des Emese, Rajaram Carmel \u00e9s Van Rijs Luca lesznek a krampuszaim\u201d<\/em> \u2013 mondta \u00c1kos.<img loading=\"lazy\" decoding=\"async\" class=\"wp-image-4634 alignright\" src=\"http:\/\/vasasbasket.hu\/wp-content\/uploads\/2018\/12\/47379757_513974779096562_570016368624140288_n-e1544012506514-300x252.jpg\" alt=\"\" width=\"300\" height=\"253\" srcset=\"https:\/\/vasasbasket.hu\/wp-content\/uploads\/2018\/12\/47379757_513974779096562_570016368624140288_n-e1544012506514-300x252.jpg 300w, https:\/\/vasasbasket.hu\/wp-content\/uploads\/2018\/12\/47379757_513974779096562_570016368624140288_n-e1544012506514-570x479.jpg 570w, https:\/\/vasasbasket.hu\/wp-content\/uploads\/2018\/12\/47379757_513974779096562_570016368624140288_n-e1544012506514-440x370.jpg 440w, https:\/\/vasasbasket.hu\/wp-content\/uploads\/2018\/12\/47379757_513974779096562_570016368624140288_n-e1544012506514-768x645.jpg 768w, https:\/\/vasasbasket.hu\/wp-content\/uploads\/2018\/12\/47379757_513974779096562_570016368624140288_n-e1544012506514-1024x860.jpg 1024w, https:\/\/vasasbasket.hu\/wp-content\/uploads\/2018\/12\/47379757_513974779096562_570016368624140288_n-e1544012506514-128x108.jpg 128w, https:\/\/vasasbasket.hu\/wp-content\/uploads\/2018\/12\/47379757_513974779096562_570016368624140288_n-e1544012506514-32x27.jpg 32w, https:\/\/vasasbasket.hu\/wp-content\/uploads\/2018\/12\/47379757_513974779096562_570016368624140288_n-e1544012506514-98x82.jpg 98w, https:\/\/vasasbasket.hu\/wp-content\/uploads\/2018\/12\/47379757_513974779096562_570016368624140288_n-e1544012506514.jpg 1536w\" sizes=\"auto, (max-width: 300px) 100vw, 300px\" \/><\/p>\n<p>E mellett hagyom\u00e1nyunkhoz h\u0171en, a Vasas Akad\u00e9mia ism\u00e9t csatlakozott az \u201eEzer Gyerek Kar\u00e1csonya\u201d programhoz, amely \u00f3ri\u00e1si m\u00e9reteket \u00f6lt\u00f6tt. A n\u00e9gy f\u0151v\u00e1rosi NBI\/A-s egyes\u00fclet, a BEAC, az MTK, az NKE-Csata \u00e9s a Vasas Akad\u00e9mia k\u00f6z\u00f6sen gy\u0171jt adom\u00e1nyokat a r\u00e1szorul\u00f3 gyerekeknek. A tavalyi \u00e9vben minden ut\u00e1np\u00f3tl\u00e1s \u00e9s feln\u0151tt kor\u00fa j\u00e1t\u00e9kosunk bekapcsol\u00f3dott a programba, ami id\u00e9n sem lesz m\u00e1sk\u00e9pp. <em>\u201eA cip\u0151sdoboz aj\u00e1nd\u00e9kokkal kapcsolatban azt k\u00e9rj\u00fck az adom\u00e1nyoz\u00f3kt\u00f3l, hogy csomagolj\u00e1k be a cip\u0151sdobozt, lehet\u0151s\u00e9g szerint a fedel\u00e9t \u00e9s az alj\u00e1t k\u00fcl\u00f6n, hogy igazi aj\u00e1nd\u00e9kdoboznak n\u00e9zzen ki a csomag. Vitamint, \u00e9dess\u00e9get, apr\u00f3bb j\u00e1t\u00e9kokat, iskolaszereket v\u00e1runk els\u0151sorban a dobozban. Ruh\u00e1t nem gy\u0171jt\u00fcnk, azonban a csomagba esetleg egy sapka vagy keszty\u0171 belef\u00e9rhet. Ezen k\u00edv\u00fcl k\u00fcl\u00f6n gy\u0171jt\u00fcnk tart\u00f3s \u00e9lelmiszert, tiszt\u00edt\u00f3szert, tiszt\u00e1lkod\u00f3szert, baba\u00e1pol\u00e1si term\u00e9keket \u00e9s iskolaszereket\u201d<\/em> \u2013 mondta \u00c1kos.<\/p>\n<p><img loading=\"lazy\" decoding=\"async\" class=\" wp-image-4630 alignleft\" src=\"http:\/\/vasasbasket.hu\/wp-content\/uploads\/2018\/12\/47368661_124699288447656_6953973044918353920_n-300x300.jpg\" alt=\"\" width=\"209\" height=\"209\" srcset=\"https:\/\/vasasbasket.hu\/wp-content\/uploads\/2018\/12\/47368661_124699288447656_6953973044918353920_n-300x300.jpg 300w, https:\/\/vasasbasket.hu\/wp-content\/uploads\/2018\/12\/47368661_124699288447656_6953973044918353920_n-570x570.jpg 570w, https:\/\/vasasbasket.hu\/wp-content\/uploads\/2018\/12\/47368661_124699288447656_6953973044918353920_n-100x100.jpg 100w, https:\/\/vasasbasket.hu\/wp-content\/uploads\/2018\/12\/47368661_124699288447656_6953973044918353920_n-440x440.jpg 440w, https:\/\/vasasbasket.hu\/wp-content\/uploads\/2018\/12\/47368661_124699288447656_6953973044918353920_n-150x150.jpg 150w, https:\/\/vasasbasket.hu\/wp-content\/uploads\/2018\/12\/47368661_124699288447656_6953973044918353920_n-768x768.jpg 768w, https:\/\/vasasbasket.hu\/wp-content\/uploads\/2018\/12\/47368661_124699288447656_6953973044918353920_n-1024x1024.jpg 1024w, https:\/\/vasasbasket.hu\/wp-content\/uploads\/2018\/12\/47368661_124699288447656_6953973044918353920_n-128x128.jpg 128w, https:\/\/vasasbasket.hu\/wp-content\/uploads\/2018\/12\/47368661_124699288447656_6953973044918353920_n-32x32.jpg 32w, https:\/\/vasasbasket.hu\/wp-content\/uploads\/2018\/12\/47368661_124699288447656_6953973044918353920_n-200x200.jpg 200w, https:\/\/vasasbasket.hu\/wp-content\/uploads\/2018\/12\/47368661_124699288447656_6953973044918353920_n-255x255.jpg 255w, https:\/\/vasasbasket.hu\/wp-content\/uploads\/2018\/12\/47368661_124699288447656_6953973044918353920_n-80x80.jpg 80w, https:\/\/vasasbasket.hu\/wp-content\/uploads\/2018\/12\/47368661_124699288447656_6953973044918353920_n-740x740.jpg 740w, https:\/\/vasasbasket.hu\/wp-content\/uploads\/2018\/12\/47368661_124699288447656_6953973044918353920_n-98x98.jpg 98w, https:\/\/vasasbasket.hu\/wp-content\/uploads\/2018\/12\/47368661_124699288447656_6953973044918353920_n.jpg 1080w\" sizes=\"auto, (max-width: 209px) 100vw, 209px\" \/>A Vasason december 18.-ig megy a gy\u0171jt\u00e9s, id\u00e9n azonban a Pasar\u00e9ti Sportcentrumon k\u00edv\u00fcl m\u00e1s Vasas l\u00e9tes\u00edtm\u00e9nyekben is le lehet adni az adom\u00e1nyokat.<em> \u201eAz el\u0151z\u0151 \u00e9vekben is hihetetlen \u00f6sszefog\u00e1s volt, az orsz\u00e1gban t\u00f6bb sportegyes\u00fclet is seg\u00edtette a munk\u00e1nkat, \u00e9s kb 6-700 cip\u0151sdoboz j\u00f6tt \u00f6ssze. H\u00e1rom-n\u00e9gy furgonnal indulunk el 20.-\u00e1n az adom\u00e1nyokkal Borsod fel\u00e9, h\u00e1rom iskol\u00e1ba megy\u00fcnk el kar\u00e1csonyi rendezv\u00e9nyre, ahov\u00e1 \u00e9vek \u00f3ta megh\u00edvnak minket. K\u00e9t-h\u00e1rom falut is megl\u00e1togatunk, ahol tart\u00f3s \u00e9lelmiszert osztunk a r\u00e1szorul\u00f3knak. Ezen k\u00edv\u00fcl t\u00f6bb f\u0151v\u00e1rosi, \u00e9s k\u00f6rny\u00e9kbeli gyermekv\u00e9delmi gyermekv\u00e9delmi int\u00e9zm\u00e9nynek is seg\u00edt\u00fcnk. Az adom\u00e1nyok mennyis\u00e9g\u00e9b\u0151l m\u00e1r most l\u00e1tjuk, hogy az \u201eEzer Gyerek Kar\u00e1csonya\u201d program meghaladja majd az esem\u00e9ny nev\u00e9ben szerepl\u0151 sz\u00e1mot\u201d<\/em> \u2013 z\u00e1rta a besz\u00e9lget\u00e9st \u00c1kos.<\/p>\n<p><strong>Vasas gy\u0171jt\u0151pontok:<\/strong><br \/>\n&#8211; Vasas Pasar\u00e9ti Sportcentrum (Pasar\u00e9ti \u00fat 11, 1026)<br \/>\n&#8211; Vasas F\u00e1y utcai Sportk\u00f6zpont (F\u00e1y u. 58, 1139)<br \/>\n&#8211; Folyond\u00e1r Vasas Sport -\u00e9s T\u00e1nck\u00f6zpont (Folyond\u00e1r u. 15, 1037)<br \/>\n&#8211; Vasas J\u00e9gcentrum (Homokt\u00f6vis u. 1, 1046)<\/p>\n<p>Az esem\u00e9nyr\u0151l b\u0151vebben:\u00a0<a href=\"https:\/\/www.facebook.com\/events\/1960824377551664\/\">https:\/\/www.facebook.com\/events\/1960824377551664\/<\/a><\/p>\n","protected":false},"excerpt":{"rendered":"<p>A Vasas Akad\u00e9mi\u00e1n hagyom\u00e1nynak sz\u00e1m\u00edt, hogy az Age Of Hope alap\u00edtv\u00e1nyon kereszt\u00fcl seg\u00edtj\u00fck a r\u00e1szorul\u00f3 gyermekeket. Szakoszt\u00e1lyunk id\u00e9n is kiemelt hangs\u00falyt fektet az \u201eEzer Gyerek Kar\u00e1csonya\u201d programra, ahol id\u00e9n p\u00e1ratlan \u00f6sszefog\u00e1snak lehet\u00fcnk szemtan\u00fai. \u201eNyolc \u00e9ve m\u0171k\u00f6d\u00fcnk, els\u0151dleges c\u00e9lunk a h\u00e1tr\u00e1nyos helyzet\u0171 gyermekek szabadidej\u00e9nek hasznos elt\u00f6lt\u00e9se volt. Tan\u00edt\u00e1si sz\u00fcnetekben, f\u0151leg ny\u00e1ron t\u00e1borok, kir\u00e1ndul\u00e1sok szervez\u00e9se. Hamar r\u00e1j\u00f6tt\u00fcnk,&#8230;<\/p>\n","protected":false},"author":1,"featured_media":4593,"comment_status":"closed","ping_status":"open","sticky":false,"template":"","format":"standard","meta":{"footnotes":""},"categories":[92],"tags":[],"class_list":["post-4629","post","type-post","status-publish","format-standard","has-post-thumbnail","hentry","category-hirek"],"yoast_head":"<!-- This site is optimized with the Yoast SEO plugin v26.0 - https:\/\/yoast.com\/wordpress\/plugins\/seo\/ -->\n<title>Szebb\u00e9 var\u00e1zsoljuk az \u00fcnnepeket - Vasas n\u0151i kos\u00e1rlabda<\/title>\n<meta name=\"robots\" content=\"index, follow, max-snippet:-1, max-image-preview:large, max-video-preview:-1\" \/>\n<link rel=\"canonical\" href=\"https:\/\/vasasbasket.hu\/index.php\/szebbe-varazsoljuk-az-unnepeket\/\" \/>\n<meta property=\"og:locale\" content=\"hu_HU\" \/>\n<meta property=\"og:type\" content=\"article\" \/>\n<meta property=\"og:title\" content=\"Szebb\u00e9 var\u00e1zsoljuk az \u00fcnnepeket - Vasas n\u0151i kos\u00e1rlabda\" \/>\n<meta property=\"og:description\" content=\"A Vasas Akad\u00e9mi\u00e1n hagyom\u00e1nynak sz\u00e1m\u00edt, hogy az Age Of Hope alap\u00edtv\u00e1nyon kereszt\u00fcl seg\u00edtj\u00fck a r\u00e1szorul\u00f3 gyermekeket. Szakoszt\u00e1lyunk id\u00e9n is kiemelt hangs\u00falyt fektet az \u201eEzer Gyerek Kar\u00e1csonya\u201d programra, ahol id\u00e9n p\u00e1ratlan \u00f6sszefog\u00e1snak lehet\u00fcnk szemtan\u00fai. \u201eNyolc \u00e9ve m\u0171k\u00f6d\u00fcnk, els\u0151dleges c\u00e9lunk a h\u00e1tr\u00e1nyos helyzet\u0171 gyermekek szabadidej\u00e9nek hasznos elt\u00f6lt\u00e9se volt. Tan\u00edt\u00e1si sz\u00fcnetekben, f\u0151leg ny\u00e1ron t\u00e1borok, kir\u00e1ndul\u00e1sok szervez\u00e9se. Hamar r\u00e1j\u00f6tt\u00fcnk,...\" \/>\n<meta property=\"og:url\" content=\"https:\/\/vasasbasket.hu\/index.php\/szebbe-varazsoljuk-az-unnepeket\/\" \/>\n<meta property=\"og:site_name\" content=\"Vasas n\u0151i kos\u00e1rlabda\" \/>\n<meta property=\"article:publisher\" content=\"https:\/\/www.facebook.com\/vasaswbasket\/\" \/>\n<meta property=\"article:published_time\" content=\"2018-12-05T12:23:18+00:00\" \/>\n<meta property=\"article:modified_time\" content=\"2018-12-05T12:29:00+00:00\" \/>\n<meta property=\"og:image\" content=\"https:\/\/vasasbasket.hu\/wp-content\/uploads\/2018\/11\/felhivas-k\u00e9p@1x.jpg\" \/>\n\t<meta property=\"og:image:width\" content=\"2167\" \/>\n\t<meta property=\"og:image:height\" content=\"1194\" \/>\n\t<meta property=\"og:image:type\" content=\"image\/jpeg\" \/>\n<meta name=\"author\" content=\"admin\" \/>\n<meta name=\"twitter:card\" content=\"summary_large_image\" \/>\n<meta name=\"twitter:label1\" content=\"Szerz\u0151:\" \/>\n\t<meta name=\"twitter:data1\" content=\"admin\" \/>\n\t<meta name=\"twitter:label2\" content=\"Becs\u00fclt olvas\u00e1si id\u0151\" \/>\n\t<meta name=\"twitter:data2\" content=\"4 perc\" \/>\n<script type=\"application\/ld+json\" class=\"yoast-schema-graph\">{\"@context\":\"https:\/\/schema.org\",\"@graph\":[{\"@type\":\"Article\",\"@id\":\"https:\/\/vasasbasket.hu\/index.php\/szebbe-varazsoljuk-az-unnepeket\/#article\",\"isPartOf\":{\"@id\":\"https:\/\/vasasbasket.hu\/index.php\/szebbe-varazsoljuk-az-unnepeket\/\"},\"author\":{\"name\":\"admin\",\"@id\":\"https:\/\/vasasbasket.hu\/#\/schema\/person\/f1085f4d2c6582d8d0f977e92de2edee\"},\"headline\":\"Szebb\u00e9 var\u00e1zsoljuk az \u00fcnnepeket\",\"datePublished\":\"2018-12-05T12:23:18+00:00\",\"dateModified\":\"2018-12-05T12:29:00+00:00\",\"mainEntityOfPage\":{\"@id\":\"https:\/\/vasasbasket.hu\/index.php\/szebbe-varazsoljuk-az-unnepeket\/\"},\"wordCount\":836,\"publisher\":{\"@id\":\"https:\/\/vasasbasket.hu\/#organization\"},\"image\":{\"@id\":\"https:\/\/vasasbasket.hu\/index.php\/szebbe-varazsoljuk-az-unnepeket\/#primaryimage\"},\"thumbnailUrl\":\"https:\/\/vasasbasket.hu\/wp-content\/uploads\/2018\/11\/felhivas-k\u00e9p@1x.jpg\",\"articleSection\":[\"\u00d6sszes H\u00edr\"],\"inLanguage\":\"hu\"},{\"@type\":\"WebPage\",\"@id\":\"https:\/\/vasasbasket.hu\/index.php\/szebbe-varazsoljuk-az-unnepeket\/\",\"url\":\"https:\/\/vasasbasket.hu\/index.php\/szebbe-varazsoljuk-az-unnepeket\/\",\"name\":\"Szebb\u00e9 var\u00e1zsoljuk az \u00fcnnepeket - Vasas n\u0151i kos\u00e1rlabda\",\"isPartOf\":{\"@id\":\"https:\/\/vasasbasket.hu\/#website\"},\"primaryImageOfPage\":{\"@id\":\"https:\/\/vasasbasket.hu\/index.php\/szebbe-varazsoljuk-az-unnepeket\/#primaryimage\"},\"image\":{\"@id\":\"https:\/\/vasasbasket.hu\/index.php\/szebbe-varazsoljuk-az-unnepeket\/#primaryimage\"},\"thumbnailUrl\":\"https:\/\/vasasbasket.hu\/wp-content\/uploads\/2018\/11\/felhivas-k\u00e9p@1x.jpg\",\"datePublished\":\"2018-12-05T12:23:18+00:00\",\"dateModified\":\"2018-12-05T12:29:00+00:00\",\"breadcrumb\":{\"@id\":\"https:\/\/vasasbasket.hu\/index.php\/szebbe-varazsoljuk-az-unnepeket\/#breadcrumb\"},\"inLanguage\":\"hu\",\"potentialAction\":[{\"@type\":\"ReadAction\",\"target\":[\"https:\/\/vasasbasket.hu\/index.php\/szebbe-varazsoljuk-az-unnepeket\/\"]}]},{\"@type\":\"ImageObject\",\"inLanguage\":\"hu\",\"@id\":\"https:\/\/vasasbasket.hu\/index.php\/szebbe-varazsoljuk-az-unnepeket\/#primaryimage\",\"url\":\"https:\/\/vasasbasket.hu\/wp-content\/uploads\/2018\/11\/felhivas-k\u00e9p@1x.jpg\",\"contentUrl\":\"https:\/\/vasasbasket.hu\/wp-content\/uploads\/2018\/11\/felhivas-k\u00e9p@1x.jpg\",\"width\":2167,\"height\":1194},{\"@type\":\"BreadcrumbList\",\"@id\":\"https:\/\/vasasbasket.hu\/index.php\/szebbe-varazsoljuk-az-unnepeket\/#breadcrumb\",\"itemListElement\":[{\"@type\":\"ListItem\",\"position\":1,\"name\":\"Kezd\u0151lap\",\"item\":\"https:\/\/vasasbasket.hu\/\"},{\"@type\":\"ListItem\",\"position\":2,\"name\":\"Szebb\u00e9 var\u00e1zsoljuk az \u00fcnnepeket\"}]},{\"@type\":\"WebSite\",\"@id\":\"https:\/\/vasasbasket.hu\/#website\",\"url\":\"https:\/\/vasasbasket.hu\/\",\"name\":\"Vasas n\u0151i kos\u00e1rlabda\",\"description\":\"Vasas Basket N\u0151i\",\"publisher\":{\"@id\":\"https:\/\/vasasbasket.hu\/#organization\"},\"potentialAction\":[{\"@type\":\"SearchAction\",\"target\":{\"@type\":\"EntryPoint\",\"urlTemplate\":\"https:\/\/vasasbasket.hu\/?s={search_term_string}\"},\"query-input\":{\"@type\":\"PropertyValueSpecification\",\"valueRequired\":true,\"valueName\":\"search_term_string\"}}],\"inLanguage\":\"hu\"},{\"@type\":\"Organization\",\"@id\":\"https:\/\/vasasbasket.hu\/#organization\",\"name\":\"Vasas n\u0151i kos\u00e1rlabda\",\"url\":\"https:\/\/vasasbasket.hu\/\",\"logo\":{\"@type\":\"ImageObject\",\"inLanguage\":\"hu\",\"@id\":\"https:\/\/vasasbasket.hu\/#\/schema\/logo\/image\/\",\"url\":\"https:\/\/vasasbasket.hu\/wp-content\/uploads\/2017\/03\/vasas_cimer_1200.jpg\",\"contentUrl\":\"https:\/\/vasasbasket.hu\/wp-content\/uploads\/2017\/03\/vasas_cimer_1200.jpg\",\"width\":1200,\"height\":1200,\"caption\":\"Vasas n\u0151i kos\u00e1rlabda\"},\"image\":{\"@id\":\"https:\/\/vasasbasket.hu\/#\/schema\/logo\/image\/\"},\"sameAs\":[\"https:\/\/www.facebook.com\/vasaswbasket\/\"]},{\"@type\":\"Person\",\"@id\":\"https:\/\/vasasbasket.hu\/#\/schema\/person\/f1085f4d2c6582d8d0f977e92de2edee\",\"name\":\"admin\",\"image\":{\"@type\":\"ImageObject\",\"inLanguage\":\"hu\",\"@id\":\"https:\/\/vasasbasket.hu\/#\/schema\/person\/image\/\",\"url\":\"https:\/\/secure.gravatar.com\/avatar\/645c92f7d9cfe02bd93ce2d1cfa11cd3a268bdfe65486552ff04b193cea07634?s=96&d=mm&r=g\",\"contentUrl\":\"https:\/\/secure.gravatar.com\/avatar\/645c92f7d9cfe02bd93ce2d1cfa11cd3a268bdfe65486552ff04b193cea07634?s=96&d=mm&r=g\",\"caption\":\"admin\"},\"url\":\"https:\/\/vasasbasket.hu\/index.php\/author\/admin\/\"}]}<\/script>\n<!-- \/ Yoast SEO plugin. -->","yoast_head_json":{"title":"Szebb\u00e9 var\u00e1zsoljuk az \u00fcnnepeket - Vasas n\u0151i kos\u00e1rlabda","robots":{"index":"index","follow":"follow","max-snippet":"max-snippet:-1","max-image-preview":"max-image-preview:large","max-video-preview":"max-video-preview:-1"},"canonical":"https:\/\/vasasbasket.hu\/index.php\/szebbe-varazsoljuk-az-unnepeket\/","og_locale":"hu_HU","og_type":"article","og_title":"Szebb\u00e9 var\u00e1zsoljuk az \u00fcnnepeket - Vasas n\u0151i kos\u00e1rlabda","og_description":"A Vasas Akad\u00e9mi\u00e1n hagyom\u00e1nynak sz\u00e1m\u00edt, hogy az Age Of Hope alap\u00edtv\u00e1nyon kereszt\u00fcl seg\u00edtj\u00fck a r\u00e1szorul\u00f3 gyermekeket. Szakoszt\u00e1lyunk id\u00e9n is kiemelt hangs\u00falyt fektet az \u201eEzer Gyerek Kar\u00e1csonya\u201d programra, ahol id\u00e9n p\u00e1ratlan \u00f6sszefog\u00e1snak lehet\u00fcnk szemtan\u00fai. \u201eNyolc \u00e9ve m\u0171k\u00f6d\u00fcnk, els\u0151dleges c\u00e9lunk a h\u00e1tr\u00e1nyos helyzet\u0171 gyermekek szabadidej\u00e9nek hasznos elt\u00f6lt\u00e9se volt. Tan\u00edt\u00e1si sz\u00fcnetekben, f\u0151leg ny\u00e1ron t\u00e1borok, kir\u00e1ndul\u00e1sok szervez\u00e9se. Hamar r\u00e1j\u00f6tt\u00fcnk,...","og_url":"https:\/\/vasasbasket.hu\/index.php\/szebbe-varazsoljuk-az-unnepeket\/","og_site_name":"Vasas n\u0151i kos\u00e1rlabda","article_publisher":"https:\/\/www.facebook.com\/vasaswbasket\/","article_published_time":"2018-12-05T12:23:18+00:00","article_modified_time":"2018-12-05T12:29:00+00:00","og_image":[{"width":2167,"height":1194,"url":"https:\/\/vasasbasket.hu\/wp-content\/uploads\/2018\/11\/felhivas-k\u00e9p@1x.jpg","type":"image\/jpeg"}],"author":"admin","twitter_card":"summary_large_image","twitter_misc":{"Szerz\u0151:":"admin","Becs\u00fclt olvas\u00e1si id\u0151":"4 perc"},"schema":{"@context":"https:\/\/schema.org","@graph":[{"@type":"Article","@id":"https:\/\/vasasbasket.hu\/index.php\/szebbe-varazsoljuk-az-unnepeket\/#article","isPartOf":{"@id":"https:\/\/vasasbasket.hu\/index.php\/szebbe-varazsoljuk-az-unnepeket\/"},"author":{"name":"admin","@id":"https:\/\/vasasbasket.hu\/#\/schema\/person\/f1085f4d2c6582d8d0f977e92de2edee"},"headline":"Szebb\u00e9 var\u00e1zsoljuk az \u00fcnnepeket","datePublished":"2018-12-05T12:23:18+00:00","dateModified":"2018-12-05T12:29:00+00:00","mainEntityOfPage":{"@id":"https:\/\/vasasbasket.hu\/index.php\/szebbe-varazsoljuk-az-unnepeket\/"},"wordCount":836,"publisher":{"@id":"https:\/\/vasasbasket.hu\/#organization"},"image":{"@id":"https:\/\/vasasbasket.hu\/index.php\/szebbe-varazsoljuk-az-unnepeket\/#primaryimage"},"thumbnailUrl":"https:\/\/vasasbasket.hu\/wp-content\/uploads\/2018\/11\/felhivas-k\u00e9p@1x.jpg","articleSection":["\u00d6sszes H\u00edr"],"inLanguage":"hu"},{"@type":"WebPage","@id":"https:\/\/vasasbasket.hu\/index.php\/szebbe-varazsoljuk-az-unnepeket\/","url":"https:\/\/vasasbasket.hu\/index.php\/szebbe-varazsoljuk-az-unnepeket\/","name":"Szebb\u00e9 var\u00e1zsoljuk az \u00fcnnepeket - Vasas n\u0151i kos\u00e1rlabda","isPartOf":{"@id":"https:\/\/vasasbasket.hu\/#website"},"primaryImageOfPage":{"@id":"https:\/\/vasasbasket.hu\/index.php\/szebbe-varazsoljuk-az-unnepeket\/#primaryimage"},"image":{"@id":"https:\/\/vasasbasket.hu\/index.php\/szebbe-varazsoljuk-az-unnepeket\/#primaryimage"},"thumbnailUrl":"https:\/\/vasasbasket.hu\/wp-content\/uploads\/2018\/11\/felhivas-k\u00e9p@1x.jpg","datePublished":"2018-12-05T12:23:18+00:00","dateModified":"2018-12-05T12:29:00+00:00","breadcrumb":{"@id":"https:\/\/vasasbasket.hu\/index.php\/szebbe-varazsoljuk-az-unnepeket\/#breadcrumb"},"inLanguage":"hu","potentialAction":[{"@type":"ReadAction","target":["https:\/\/vasasbasket.hu\/index.php\/szebbe-varazsoljuk-az-unnepeket\/"]}]},{"@type":"ImageObject","inLanguage":"hu","@id":"https:\/\/vasasbasket.hu\/index.php\/szebbe-varazsoljuk-az-unnepeket\/#primaryimage","url":"https:\/\/vasasbasket.hu\/wp-content\/uploads\/2018\/11\/felhivas-k\u00e9p@1x.jpg","contentUrl":"https:\/\/vasasbasket.hu\/wp-content\/uploads\/2018\/11\/felhivas-k\u00e9p@1x.jpg","width":2167,"height":1194},{"@type":"BreadcrumbList","@id":"https:\/\/vasasbasket.hu\/index.php\/szebbe-varazsoljuk-az-unnepeket\/#breadcrumb","itemListElement":[{"@type":"ListItem","position":1,"name":"Kezd\u0151lap","item":"https:\/\/vasasbasket.hu\/"},{"@type":"ListItem","position":2,"name":"Szebb\u00e9 var\u00e1zsoljuk az \u00fcnnepeket"}]},{"@type":"WebSite","@id":"https:\/\/vasasbasket.hu\/#website","url":"https:\/\/vasasbasket.hu\/","name":"Vasas n\u0151i kos\u00e1rlabda","description":"Vasas Basket N\u0151i","publisher":{"@id":"https:\/\/vasasbasket.hu\/#organization"},"potentialAction":[{"@type":"SearchAction","target":{"@type":"EntryPoint","urlTemplate":"https:\/\/vasasbasket.hu\/?s={search_term_string}"},"query-input":{"@type":"PropertyValueSpecification","valueRequired":true,"valueName":"search_term_string"}}],"inLanguage":"hu"},{"@type":"Organization","@id":"https:\/\/vasasbasket.hu\/#organization","name":"Vasas n\u0151i kos\u00e1rlabda","url":"https:\/\/vasasbasket.hu\/","logo":{"@type":"ImageObject","inLanguage":"hu","@id":"https:\/\/vasasbasket.hu\/#\/schema\/logo\/image\/","url":"https:\/\/vasasbasket.hu\/wp-content\/uploads\/2017\/03\/vasas_cimer_1200.jpg","contentUrl":"https:\/\/vasasbasket.hu\/wp-content\/uploads\/2017\/03\/vasas_cimer_1200.jpg","width":1200,"height":1200,"caption":"Vasas n\u0151i kos\u00e1rlabda"},"image":{"@id":"https:\/\/vasasbasket.hu\/#\/schema\/logo\/image\/"},"sameAs":["https:\/\/www.facebook.com\/vasaswbasket\/"]},{"@type":"Person","@id":"https:\/\/vasasbasket.hu\/#\/schema\/person\/f1085f4d2c6582d8d0f977e92de2edee","name":"admin","image":{"@type":"ImageObject","inLanguage":"hu","@id":"https:\/\/vasasbasket.hu\/#\/schema\/person\/image\/","url":"https:\/\/secure.gravatar.com\/avatar\/645c92f7d9cfe02bd93ce2d1cfa11cd3a268bdfe65486552ff04b193cea07634?s=96&d=mm&r=g","contentUrl":"https:\/\/secure.gravatar.com\/avatar\/645c92f7d9cfe02bd93ce2d1cfa11cd3a268bdfe65486552ff04b193cea07634?s=96&d=mm&r=g","caption":"admin"},"url":"https:\/\/vasasbasket.hu\/index.php\/author\/admin\/"}]}},"_links":{"self":[{"href":"https:\/\/vasasbasket.hu\/index.php\/wp-json\/wp\/v2\/posts\/4629","targetHints":{"allow":["GET"]}}],"collection":[{"href":"https:\/\/vasasbasket.hu\/index.php\/wp-json\/wp\/v2\/posts"}],"about":[{"href":"https:\/\/vasasbasket.hu\/index.php\/wp-json\/wp\/v2\/types\/post"}],"author":[{"embeddable":true,"href":"https:\/\/vasasbasket.hu\/index.php\/wp-json\/wp\/v2\/users\/1"}],"replies":[{"embeddable":true,"href":"https:\/\/vasasbasket.hu\/index.php\/wp-json\/wp\/v2\/comments?post=4629"}],"version-history":[{"count":4,"href":"https:\/\/vasasbasket.hu\/index.php\/wp-json\/wp\/v2\/posts\/4629\/revisions"}],"predecessor-version":[{"id":4638,"href":"https:\/\/vasasbasket.hu\/index.php\/wp-json\/wp\/v2\/posts\/4629\/revisions\/4638"}],"wp:featuredmedia":[{"embeddable":true,"href":"https:\/\/vasasbasket.hu\/index.php\/wp-json\/wp\/v2\/media\/4593"}],"wp:attachment":[{"href":"https:\/\/vasasbasket.hu\/index.php\/wp-json\/wp\/v2\/media?parent=4629"}],"wp:term":[{"taxonomy":"category","embeddable":true,"href":"https:\/\/vasasbasket.hu\/index.php\/wp-json\/wp\/v2\/categories?post=4629"},{"taxonomy":"post_tag","embeddable":true,"href":"https:\/\/vasasbasket.hu\/index.php\/wp-json\/wp\/v2\/tags?post=4629"}],"curies":[{"name":"wp","href":"https:\/\/api.w.org\/{rel}","templated":true}]}}