{"id":4621,"date":"2018-12-03T19:57:59","date_gmt":"2018-12-03T19:57:59","guid":{"rendered":"http:\/\/vasasbasket.hu\/?p=4621"},"modified":"2018-12-03T19:58:54","modified_gmt":"2018-12-03T19:58:54","slug":"fiatalok-elismerese-a-felnott-valogatott-meccsen","status":"publish","type":"post","link":"https:\/\/vasasbasket.hu\/index.php\/fiatalok-elismerese-a-felnott-valogatott-meccsen\/","title":{"rendered":"Fiatalok elismer\u00e9se a feln\u0151tt v\u00e1logatott meccs\u00e9n"},"content":{"rendered":"<p><strong>Vas\u00e1rnap rendezt\u00e9k a T\u00fcskecsarnokban a Magyarorsz\u00e1g \u2013 Hollandia f\u00e9rfi vil\u00e1gbajnoki selejtez\u0151t. A m\u00e9rk\u0151z\u00e9s sz\u00fcnet\u00e9ben t\u00f6bb sikeresen szerepl\u0151 nemzeti csapatunkat is elismer\u00e9sben r\u00e9szes\u00edtette a Magyar Kos\u00e1rlabd\u00e1z\u00f3k Orsz\u00e1gos Sz\u00f6vets\u00e9ge. K\u00f6zt\u00fck volt az U17\/U18-as le\u00e1ny kos\u00e1rlabda v\u00e1logatott, melynek \u00f6t Vasas Akad\u00e9mia n\u00f6vend\u00e9k is a tagja volt.<\/strong><\/p>\n<p>Ny\u00e1ron ezen koroszt\u00e1ly tehets\u00e9gei k\u00e9t torn\u00e1n is kiemelked\u0151 eredm\u00e9nyeket \u00e9rtek el. Minszkben az U17-es vil\u00e1gbajnoks\u00e1gon\u00a0Boros Berta, Dombai R\u00e9ka, T\u00f3th Franka \u00e9s Varga Al\u00edz\u00a0szerepl\u00e9s\u00e9vel negyedik helyen z\u00e1rt a magyar csapat.<img loading=\"lazy\" decoding=\"async\" class=\" wp-image-4623 aligncenter\" src=\"http:\/\/vasasbasket.hu\/wp-content\/uploads\/2018\/12\/u17-18--300x169.jpg\" alt=\"\" width=\"492\" height=\"277\" srcset=\"https:\/\/vasasbasket.hu\/wp-content\/uploads\/2018\/12\/u17-18--300x169.jpg 300w, https:\/\/vasasbasket.hu\/wp-content\/uploads\/2018\/12\/u17-18--570x321.jpg 570w, https:\/\/vasasbasket.hu\/wp-content\/uploads\/2018\/12\/u17-18--440x248.jpg 440w, https:\/\/vasasbasket.hu\/wp-content\/uploads\/2018\/12\/u17-18--128x72.jpg 128w, https:\/\/vasasbasket.hu\/wp-content\/uploads\/2018\/12\/u17-18--32x18.jpg 32w, https:\/\/vasasbasket.hu\/wp-content\/uploads\/2018\/12\/u17-18--98x55.jpg 98w, https:\/\/vasasbasket.hu\/wp-content\/uploads\/2018\/12\/u17-18-.jpg 689w\" sizes=\"auto, (max-width: 492px) 100vw, 492px\" \/>Udin\u00e9ben, az U18-as A-div\u00edzi\u00f3s Eur\u00f3pa-bajnoks\u00e1gon pedig bronz\u00e9rmet szereztek a mieink. Dombai R\u00e9ka hely\u00e9re T\u00f3th Orsolya \u00e9rkezett az EB-re, mivel R\u00e9ka az U16-os koroszt\u00e1lyban volt \u00e9rdekelt.<\/p>\n<p>Az olaszorsz\u00e1gi bronz\u00e9rm\u00e9vel a magyar v\u00e1logatott kvalifik\u00e1lta a thaif\u00f6ldi 2019-es U19-es vil\u00e1gbajnoks\u00e1gra.<\/p>\n<p>Gratul\u00e1lunk a magyar v\u00e1logatottaknak, \u00e9s k\u00fcl\u00f6n gratul\u00e1lunk a Vasas Akad\u00e9mia n\u00f6vend\u00e9keinek.<\/p>\n","protected":false},"excerpt":{"rendered":"<p>Vas\u00e1rnap rendezt\u00e9k a T\u00fcskecsarnokban a Magyarorsz\u00e1g \u2013 Hollandia f\u00e9rfi vil\u00e1gbajnoki selejtez\u0151t. A m\u00e9rk\u0151z\u00e9s sz\u00fcnet\u00e9ben t\u00f6bb sikeresen szerepl\u0151 nemzeti csapatunkat is elismer\u00e9sben r\u00e9szes\u00edtette a Magyar Kos\u00e1rlabd\u00e1z\u00f3k Orsz\u00e1gos Sz\u00f6vets\u00e9ge. K\u00f6zt\u00fck volt az U17\/U18-as le\u00e1ny kos\u00e1rlabda v\u00e1logatott, melynek \u00f6t Vasas Akad\u00e9mia n\u00f6vend\u00e9k is a tagja volt. Ny\u00e1ron ezen koroszt\u00e1ly tehets\u00e9gei k\u00e9t torn\u00e1n is kiemelked\u0151 eredm\u00e9nyeket \u00e9rtek el. Minszkben&#8230;<\/p>\n","protected":false},"author":1,"featured_media":4622,"comment_status":"closed","ping_status":"open","sticky":false,"template":"","format":"standard","meta":{"footnotes":""},"categories":[91,92],"tags":[],"class_list":["post-4621","post","type-post","status-publish","format-standard","has-post-thumbnail","hentry","category-vasas","category-hirek"],"yoast_head":"<!-- This site is optimized with the Yoast SEO plugin v26.0 - https:\/\/yoast.com\/wordpress\/plugins\/seo\/ -->\n<title>Fiatalok elismer\u00e9se a feln\u0151tt v\u00e1logatott meccs\u00e9n - Vasas n\u0151i kos\u00e1rlabda<\/title>\n<meta name=\"robots\" content=\"index, follow, max-snippet:-1, max-image-preview:large, max-video-preview:-1\" \/>\n<link rel=\"canonical\" href=\"https:\/\/vasasbasket.hu\/index.php\/fiatalok-elismerese-a-felnott-valogatott-meccsen\/\" \/>\n<meta property=\"og:locale\" content=\"hu_HU\" \/>\n<meta property=\"og:type\" content=\"article\" \/>\n<meta property=\"og:title\" content=\"Fiatalok elismer\u00e9se a feln\u0151tt v\u00e1logatott meccs\u00e9n - Vasas n\u0151i kos\u00e1rlabda\" \/>\n<meta property=\"og:description\" content=\"Vas\u00e1rnap rendezt\u00e9k a T\u00fcskecsarnokban a Magyarorsz\u00e1g \u2013 Hollandia f\u00e9rfi vil\u00e1gbajnoki selejtez\u0151t. A m\u00e9rk\u0151z\u00e9s sz\u00fcnet\u00e9ben t\u00f6bb sikeresen szerepl\u0151 nemzeti csapatunkat is elismer\u00e9sben r\u00e9szes\u00edtette a Magyar Kos\u00e1rlabd\u00e1z\u00f3k Orsz\u00e1gos Sz\u00f6vets\u00e9ge. K\u00f6zt\u00fck volt az U17\/U18-as le\u00e1ny kos\u00e1rlabda v\u00e1logatott, melynek \u00f6t Vasas Akad\u00e9mia n\u00f6vend\u00e9k is a tagja volt. Ny\u00e1ron ezen koroszt\u00e1ly tehets\u00e9gei k\u00e9t torn\u00e1n is kiemelked\u0151 eredm\u00e9nyeket \u00e9rtek el. Minszkben...\" \/>\n<meta property=\"og:url\" content=\"https:\/\/vasasbasket.hu\/index.php\/fiatalok-elismerese-a-felnott-valogatott-meccsen\/\" \/>\n<meta property=\"og:site_name\" content=\"Vasas n\u0151i kos\u00e1rlabda\" \/>\n<meta property=\"article:publisher\" content=\"https:\/\/www.facebook.com\/vasaswbasket\/\" \/>\n<meta property=\"article:published_time\" content=\"2018-12-03T19:57:59+00:00\" \/>\n<meta property=\"article:modified_time\" content=\"2018-12-03T19:58:54+00:00\" \/>\n<meta property=\"og:image\" content=\"https:\/\/vasasbasket.hu\/wp-content\/uploads\/2018\/12\/u17-18.jpg\" \/>\n\t<meta property=\"og:image:width\" content=\"689\" \/>\n\t<meta property=\"og:image:height\" content=\"388\" \/>\n\t<meta property=\"og:image:type\" content=\"image\/jpeg\" \/>\n<meta name=\"author\" content=\"admin\" \/>\n<meta name=\"twitter:card\" content=\"summary_large_image\" \/>\n<meta name=\"twitter:label1\" content=\"Szerz\u0151:\" \/>\n\t<meta name=\"twitter:data1\" content=\"admin\" \/>\n\t<meta name=\"twitter:label2\" content=\"Becs\u00fclt olvas\u00e1si id\u0151\" \/>\n\t<meta name=\"twitter:data2\" content=\"1 perc\" \/>\n<script type=\"application\/ld+json\" class=\"yoast-schema-graph\">{\"@context\":\"https:\/\/schema.org\",\"@graph\":[{\"@type\":\"Article\",\"@id\":\"https:\/\/vasasbasket.hu\/index.php\/fiatalok-elismerese-a-felnott-valogatott-meccsen\/#article\",\"isPartOf\":{\"@id\":\"https:\/\/vasasbasket.hu\/index.php\/fiatalok-elismerese-a-felnott-valogatott-meccsen\/\"},\"author\":{\"name\":\"admin\",\"@id\":\"https:\/\/vasasbasket.hu\/#\/schema\/person\/f1085f4d2c6582d8d0f977e92de2edee\"},\"headline\":\"Fiatalok elismer\u00e9se a feln\u0151tt v\u00e1logatott meccs\u00e9n\",\"datePublished\":\"2018-12-03T19:57:59+00:00\",\"dateModified\":\"2018-12-03T19:58:54+00:00\",\"mainEntityOfPage\":{\"@id\":\"https:\/\/vasasbasket.hu\/index.php\/fiatalok-elismerese-a-felnott-valogatott-meccsen\/\"},\"wordCount\":208,\"publisher\":{\"@id\":\"https:\/\/vasasbasket.hu\/#organization\"},\"image\":{\"@id\":\"https:\/\/vasasbasket.hu\/index.php\/fiatalok-elismerese-a-felnott-valogatott-meccsen\/#primaryimage\"},\"thumbnailUrl\":\"https:\/\/vasasbasket.hu\/wp-content\/uploads\/2018\/12\/u17-18.jpg\",\"articleSection\":[\"V\u00e1logatott H\u00edrek\",\"\u00d6sszes H\u00edr\"],\"inLanguage\":\"hu\"},{\"@type\":\"WebPage\",\"@id\":\"https:\/\/vasasbasket.hu\/index.php\/fiatalok-elismerese-a-felnott-valogatott-meccsen\/\",\"url\":\"https:\/\/vasasbasket.hu\/index.php\/fiatalok-elismerese-a-felnott-valogatott-meccsen\/\",\"name\":\"Fiatalok elismer\u00e9se a feln\u0151tt v\u00e1logatott meccs\u00e9n - Vasas n\u0151i kos\u00e1rlabda\",\"isPartOf\":{\"@id\":\"https:\/\/vasasbasket.hu\/#website\"},\"primaryImageOfPage\":{\"@id\":\"https:\/\/vasasbasket.hu\/index.php\/fiatalok-elismerese-a-felnott-valogatott-meccsen\/#primaryimage\"},\"image\":{\"@id\":\"https:\/\/vasasbasket.hu\/index.php\/fiatalok-elismerese-a-felnott-valogatott-meccsen\/#primaryimage\"},\"thumbnailUrl\":\"https:\/\/vasasbasket.hu\/wp-content\/uploads\/2018\/12\/u17-18.jpg\",\"datePublished\":\"2018-12-03T19:57:59+00:00\",\"dateModified\":\"2018-12-03T19:58:54+00:00\",\"breadcrumb\":{\"@id\":\"https:\/\/vasasbasket.hu\/index.php\/fiatalok-elismerese-a-felnott-valogatott-meccsen\/#breadcrumb\"},\"inLanguage\":\"hu\",\"potentialAction\":[{\"@type\":\"ReadAction\",\"target\":[\"https:\/\/vasasbasket.hu\/index.php\/fiatalok-elismerese-a-felnott-valogatott-meccsen\/\"]}]},{\"@type\":\"ImageObject\",\"inLanguage\":\"hu\",\"@id\":\"https:\/\/vasasbasket.hu\/index.php\/fiatalok-elismerese-a-felnott-valogatott-meccsen\/#primaryimage\",\"url\":\"https:\/\/vasasbasket.hu\/wp-content\/uploads\/2018\/12\/u17-18.jpg\",\"contentUrl\":\"https:\/\/vasasbasket.hu\/wp-content\/uploads\/2018\/12\/u17-18.jpg\",\"width\":689,\"height\":388},{\"@type\":\"BreadcrumbList\",\"@id\":\"https:\/\/vasasbasket.hu\/index.php\/fiatalok-elismerese-a-felnott-valogatott-meccsen\/#breadcrumb\",\"itemListElement\":[{\"@type\":\"ListItem\",\"position\":1,\"name\":\"Kezd\u0151lap\",\"item\":\"https:\/\/vasasbasket.hu\/\"},{\"@type\":\"ListItem\",\"position\":2,\"name\":\"Fiatalok elismer\u00e9se a feln\u0151tt v\u00e1logatott meccs\u00e9n\"}]},{\"@type\":\"WebSite\",\"@id\":\"https:\/\/vasasbasket.hu\/#website\",\"url\":\"https:\/\/vasasbasket.hu\/\",\"name\":\"Vasas n\u0151i kos\u00e1rlabda\",\"description\":\"Vasas Basket N\u0151i\",\"publisher\":{\"@id\":\"https:\/\/vasasbasket.hu\/#organization\"},\"potentialAction\":[{\"@type\":\"SearchAction\",\"target\":{\"@type\":\"EntryPoint\",\"urlTemplate\":\"https:\/\/vasasbasket.hu\/?s={search_term_string}\"},\"query-input\":{\"@type\":\"PropertyValueSpecification\",\"valueRequired\":true,\"valueName\":\"search_term_string\"}}],\"inLanguage\":\"hu\"},{\"@type\":\"Organization\",\"@id\":\"https:\/\/vasasbasket.hu\/#organization\",\"name\":\"Vasas n\u0151i kos\u00e1rlabda\",\"url\":\"https:\/\/vasasbasket.hu\/\",\"logo\":{\"@type\":\"ImageObject\",\"inLanguage\":\"hu\",\"@id\":\"https:\/\/vasasbasket.hu\/#\/schema\/logo\/image\/\",\"url\":\"https:\/\/vasasbasket.hu\/wp-content\/uploads\/2017\/03\/vasas_cimer_1200.jpg\",\"contentUrl\":\"https:\/\/vasasbasket.hu\/wp-content\/uploads\/2017\/03\/vasas_cimer_1200.jpg\",\"width\":1200,\"height\":1200,\"caption\":\"Vasas n\u0151i kos\u00e1rlabda\"},\"image\":{\"@id\":\"https:\/\/vasasbasket.hu\/#\/schema\/logo\/image\/\"},\"sameAs\":[\"https:\/\/www.facebook.com\/vasaswbasket\/\"]},{\"@type\":\"Person\",\"@id\":\"https:\/\/vasasbasket.hu\/#\/schema\/person\/f1085f4d2c6582d8d0f977e92de2edee\",\"name\":\"admin\",\"image\":{\"@type\":\"ImageObject\",\"inLanguage\":\"hu\",\"@id\":\"https:\/\/vasasbasket.hu\/#\/schema\/person\/image\/\",\"url\":\"https:\/\/secure.gravatar.com\/avatar\/645c92f7d9cfe02bd93ce2d1cfa11cd3a268bdfe65486552ff04b193cea07634?s=96&d=mm&r=g\",\"contentUrl\":\"https:\/\/secure.gravatar.com\/avatar\/645c92f7d9cfe02bd93ce2d1cfa11cd3a268bdfe65486552ff04b193cea07634?s=96&d=mm&r=g\",\"caption\":\"admin\"},\"url\":\"https:\/\/vasasbasket.hu\/index.php\/author\/admin\/\"}]}<\/script>\n<!-- \/ Yoast SEO plugin. -->","yoast_head_json":{"title":"Fiatalok elismer\u00e9se a feln\u0151tt v\u00e1logatott meccs\u00e9n - Vasas n\u0151i kos\u00e1rlabda","robots":{"index":"index","follow":"follow","max-snippet":"max-snippet:-1","max-image-preview":"max-image-preview:large","max-video-preview":"max-video-preview:-1"},"canonical":"https:\/\/vasasbasket.hu\/index.php\/fiatalok-elismerese-a-felnott-valogatott-meccsen\/","og_locale":"hu_HU","og_type":"article","og_title":"Fiatalok elismer\u00e9se a feln\u0151tt v\u00e1logatott meccs\u00e9n - Vasas n\u0151i kos\u00e1rlabda","og_description":"Vas\u00e1rnap rendezt\u00e9k a T\u00fcskecsarnokban a Magyarorsz\u00e1g \u2013 Hollandia f\u00e9rfi vil\u00e1gbajnoki selejtez\u0151t. A m\u00e9rk\u0151z\u00e9s sz\u00fcnet\u00e9ben t\u00f6bb sikeresen szerepl\u0151 nemzeti csapatunkat is elismer\u00e9sben r\u00e9szes\u00edtette a Magyar Kos\u00e1rlabd\u00e1z\u00f3k Orsz\u00e1gos Sz\u00f6vets\u00e9ge. K\u00f6zt\u00fck volt az U17\/U18-as le\u00e1ny kos\u00e1rlabda v\u00e1logatott, melynek \u00f6t Vasas Akad\u00e9mia n\u00f6vend\u00e9k is a tagja volt. Ny\u00e1ron ezen koroszt\u00e1ly tehets\u00e9gei k\u00e9t torn\u00e1n is kiemelked\u0151 eredm\u00e9nyeket \u00e9rtek el. Minszkben...","og_url":"https:\/\/vasasbasket.hu\/index.php\/fiatalok-elismerese-a-felnott-valogatott-meccsen\/","og_site_name":"Vasas n\u0151i kos\u00e1rlabda","article_publisher":"https:\/\/www.facebook.com\/vasaswbasket\/","article_published_time":"2018-12-03T19:57:59+00:00","article_modified_time":"2018-12-03T19:58:54+00:00","og_image":[{"width":689,"height":388,"url":"https:\/\/vasasbasket.hu\/wp-content\/uploads\/2018\/12\/u17-18.jpg","type":"image\/jpeg"}],"author":"admin","twitter_card":"summary_large_image","twitter_misc":{"Szerz\u0151:":"admin","Becs\u00fclt olvas\u00e1si id\u0151":"1 perc"},"schema":{"@context":"https:\/\/schema.org","@graph":[{"@type":"Article","@id":"https:\/\/vasasbasket.hu\/index.php\/fiatalok-elismerese-a-felnott-valogatott-meccsen\/#article","isPartOf":{"@id":"https:\/\/vasasbasket.hu\/index.php\/fiatalok-elismerese-a-felnott-valogatott-meccsen\/"},"author":{"name":"admin","@id":"https:\/\/vasasbasket.hu\/#\/schema\/person\/f1085f4d2c6582d8d0f977e92de2edee"},"headline":"Fiatalok elismer\u00e9se a feln\u0151tt v\u00e1logatott meccs\u00e9n","datePublished":"2018-12-03T19:57:59+00:00","dateModified":"2018-12-03T19:58:54+00:00","mainEntityOfPage":{"@id":"https:\/\/vasasbasket.hu\/index.php\/fiatalok-elismerese-a-felnott-valogatott-meccsen\/"},"wordCount":208,"publisher":{"@id":"https:\/\/vasasbasket.hu\/#organization"},"image":{"@id":"https:\/\/vasasbasket.hu\/index.php\/fiatalok-elismerese-a-felnott-valogatott-meccsen\/#primaryimage"},"thumbnailUrl":"https:\/\/vasasbasket.hu\/wp-content\/uploads\/2018\/12\/u17-18.jpg","articleSection":["V\u00e1logatott H\u00edrek","\u00d6sszes H\u00edr"],"inLanguage":"hu"},{"@type":"WebPage","@id":"https:\/\/vasasbasket.hu\/index.php\/fiatalok-elismerese-a-felnott-valogatott-meccsen\/","url":"https:\/\/vasasbasket.hu\/index.php\/fiatalok-elismerese-a-felnott-valogatott-meccsen\/","name":"Fiatalok elismer\u00e9se a feln\u0151tt v\u00e1logatott meccs\u00e9n - Vasas n\u0151i kos\u00e1rlabda","isPartOf":{"@id":"https:\/\/vasasbasket.hu\/#website"},"primaryImageOfPage":{"@id":"https:\/\/vasasbasket.hu\/index.php\/fiatalok-elismerese-a-felnott-valogatott-meccsen\/#primaryimage"},"image":{"@id":"https:\/\/vasasbasket.hu\/index.php\/fiatalok-elismerese-a-felnott-valogatott-meccsen\/#primaryimage"},"thumbnailUrl":"https:\/\/vasasbasket.hu\/wp-content\/uploads\/2018\/12\/u17-18.jpg","datePublished":"2018-12-03T19:57:59+00:00","dateModified":"2018-12-03T19:58:54+00:00","breadcrumb":{"@id":"https:\/\/vasasbasket.hu\/index.php\/fiatalok-elismerese-a-felnott-valogatott-meccsen\/#breadcrumb"},"inLanguage":"hu","potentialAction":[{"@type":"ReadAction","target":["https:\/\/vasasbasket.hu\/index.php\/fiatalok-elismerese-a-felnott-valogatott-meccsen\/"]}]},{"@type":"ImageObject","inLanguage":"hu","@id":"https:\/\/vasasbasket.hu\/index.php\/fiatalok-elismerese-a-felnott-valogatott-meccsen\/#primaryimage","url":"https:\/\/vasasbasket.hu\/wp-content\/uploads\/2018\/12\/u17-18.jpg","contentUrl":"https:\/\/vasasbasket.hu\/wp-content\/uploads\/2018\/12\/u17-18.jpg","width":689,"height":388},{"@type":"BreadcrumbList","@id":"https:\/\/vasasbasket.hu\/index.php\/fiatalok-elismerese-a-felnott-valogatott-meccsen\/#breadcrumb","itemListElement":[{"@type":"ListItem","position":1,"name":"Kezd\u0151lap","item":"https:\/\/vasasbasket.hu\/"},{"@type":"ListItem","position":2,"name":"Fiatalok elismer\u00e9se a feln\u0151tt v\u00e1logatott meccs\u00e9n"}]},{"@type":"WebSite","@id":"https:\/\/vasasbasket.hu\/#website","url":"https:\/\/vasasbasket.hu\/","name":"Vasas n\u0151i kos\u00e1rlabda","description":"Vasas Basket N\u0151i","publisher":{"@id":"https:\/\/vasasbasket.hu\/#organization"},"potentialAction":[{"@type":"SearchAction","target":{"@type":"EntryPoint","urlTemplate":"https:\/\/vasasbasket.hu\/?s={search_term_string}"},"query-input":{"@type":"PropertyValueSpecification","valueRequired":true,"valueName":"search_term_string"}}],"inLanguage":"hu"},{"@type":"Organization","@id":"https:\/\/vasasbasket.hu\/#organization","name":"Vasas n\u0151i kos\u00e1rlabda","url":"https:\/\/vasasbasket.hu\/","logo":{"@type":"ImageObject","inLanguage":"hu","@id":"https:\/\/vasasbasket.hu\/#\/schema\/logo\/image\/","url":"https:\/\/vasasbasket.hu\/wp-content\/uploads\/2017\/03\/vasas_cimer_1200.jpg","contentUrl":"https:\/\/vasasbasket.hu\/wp-content\/uploads\/2017\/03\/vasas_cimer_1200.jpg","width":1200,"height":1200,"caption":"Vasas n\u0151i kos\u00e1rlabda"},"image":{"@id":"https:\/\/vasasbasket.hu\/#\/schema\/logo\/image\/"},"sameAs":["https:\/\/www.facebook.com\/vasaswbasket\/"]},{"@type":"Person","@id":"https:\/\/vasasbasket.hu\/#\/schema\/person\/f1085f4d2c6582d8d0f977e92de2edee","name":"admin","image":{"@type":"ImageObject","inLanguage":"hu","@id":"https:\/\/vasasbasket.hu\/#\/schema\/person\/image\/","url":"https:\/\/secure.gravatar.com\/avatar\/645c92f7d9cfe02bd93ce2d1cfa11cd3a268bdfe65486552ff04b193cea07634?s=96&d=mm&r=g","contentUrl":"https:\/\/secure.gravatar.com\/avatar\/645c92f7d9cfe02bd93ce2d1cfa11cd3a268bdfe65486552ff04b193cea07634?s=96&d=mm&r=g","caption":"admin"},"url":"https:\/\/vasasbasket.hu\/index.php\/author\/admin\/"}]}},"_links":{"self":[{"href":"https:\/\/vasasbasket.hu\/index.php\/wp-json\/wp\/v2\/posts\/4621","targetHints":{"allow":["GET"]}}],"collection":[{"href":"https:\/\/vasasbasket.hu\/index.php\/wp-json\/wp\/v2\/posts"}],"about":[{"href":"https:\/\/vasasbasket.hu\/index.php\/wp-json\/wp\/v2\/types\/post"}],"author":[{"embeddable":true,"href":"https:\/\/vasasbasket.hu\/index.php\/wp-json\/wp\/v2\/users\/1"}],"replies":[{"embeddable":true,"href":"https:\/\/vasasbasket.hu\/index.php\/wp-json\/wp\/v2\/comments?post=4621"}],"version-history":[{"count":1,"href":"https:\/\/vasasbasket.hu\/index.php\/wp-json\/wp\/v2\/posts\/4621\/revisions"}],"predecessor-version":[{"id":4624,"href":"https:\/\/vasasbasket.hu\/index.php\/wp-json\/wp\/v2\/posts\/4621\/revisions\/4624"}],"wp:featuredmedia":[{"embeddable":true,"href":"https:\/\/vasasbasket.hu\/index.php\/wp-json\/wp\/v2\/media\/4622"}],"wp:attachment":[{"href":"https:\/\/vasasbasket.hu\/index.php\/wp-json\/wp\/v2\/media?parent=4621"}],"wp:term":[{"taxonomy":"category","embeddable":true,"href":"https:\/\/vasasbasket.hu\/index.php\/wp-json\/wp\/v2\/categories?post=4621"},{"taxonomy":"post_tag","embeddable":true,"href":"https:\/\/vasasbasket.hu\/index.php\/wp-json\/wp\/v2\/tags?post=4621"}],"curies":[{"name":"wp","href":"https:\/\/api.w.org\/{rel}","templated":true}]}}