{"id":4614,"date":"2018-12-03T19:24:36","date_gmt":"2018-12-03T19:24:36","guid":{"rendered":"http:\/\/vasasbasket.hu\/?p=4614"},"modified":"2018-12-03T19:24:36","modified_gmt":"2018-12-03T19:24:36","slug":"u18-as-csapatunk-gyozelmet-aratott-szombaton","status":"publish","type":"post","link":"https:\/\/vasasbasket.hu\/index.php\/u18-as-csapatunk-gyozelmet-aratott-szombaton\/","title":{"rendered":"U18-as csapatunk gy\u0151zelmet aratott szombaton"},"content":{"rendered":"<p><strong>A kiemelt junior bajnoks\u00e1g soron k\u00f6vetkez\u0151 fordul\u00f3j\u00e1ban a Vasas Akad\u00e9mia a BEAC ellen j\u00e1tszott fontos m\u00e9rk\u0151z\u00e9st, melyet csapatunk meggy\u0151z\u0151 j\u00e1t\u00e9kkal tudott megnyerni.<\/strong><\/p>\n<p><em>\u201e Az els\u0151 negyedben hull\u00e1mz\u00f3 volt a j\u00e1t\u00e9kunk, cser\u00e9lgetn\u00fcnk kellet j\u00e1t\u00e9kosainkat annak \u00e9rdek\u00e9ben, hogy megtal\u00e1ljuk a megfelel\u0151 fel\u00e1ll\u00e1st a BEAC ellen. Csapatunk a m\u00e1sodik negyedre \u00e1llt \u00f6ssze, ahol j\u00f3 v\u00e9dekez\u00e9s\u00fcnknek k\u00f6sz\u00f6nhet\u0151en sz\u00fcletett n\u00e9h\u00e1ny k\u00f6nny\u0171 kos\u00e1r, \u00e9s siker\u00fclt megl\u00e9pni ellenfel\u00fcnkt\u0151l. Kun Rita, V\u00edgh Berni \u00e9s D\u00fal Terka mellett Nadia Smailbegovic is fontos szerepet j\u00e1tszottak a m\u00e9rk\u0151z\u00e9s ezen szakasz\u00e1ban. A m\u00e1sodik f\u00e9lid\u0151ben folytat\u00f3dott j\u00f3 j\u00e1t\u00e9kunk, Bud\u00e1csik Dorka, Mudra Viola \u00e9s Altmann Anna is remek teljes\u00edtm\u00e9nyt ny\u00fajtott. Az utols\u00f3 j\u00e1t\u00e9kr\u00e9szben az eredm\u00e9nynek k\u00f6sz\u00f6nhet\u0151en sokat tudtunk cser\u00e9lni, itt Sitku Zsuzsi \u00e9s T\u00f3th Fruzsi is megs\u00fcvegelend\u0151 teljes\u00edtm\u00e9nyt ny\u00fajtottak. Gratul\u00e1lok a csapatnak, fontos gy\u0151zelmet arattunk\u201d<\/em> \u2013 \u00f6sszegezte a m\u00e9rk\u0151z\u00e9st a csapat edz\u0151je, Igor Skocovski.<\/p>\n<p>BEAC \u00dajbuda KA <strong>&#8211; Vasas Akad\u00e9mia 46-73<\/strong> (14-14, 8-19, 17-19, 7-21)<br \/>\n<em>Pontszerz\u0151k:<\/em><br \/>\n<strong>BEAC \u00dajbuda KA:<\/strong> Kiss A. 5, Moln\u00e1r Zs. 3, Ferinek D., Simon R. 3, Nagyi T. 12, Szecs Zs.4, Darabos V. 2, Szakolczi D. 6, Juh\u00e1sz A.<br \/>\n<strong>VASAS Akad\u00e9mia:<\/strong> Bud\u00e1csik D. 9, Kun R. 8, V\u00edgh B. 9, D\u00fal T. 7, Mudra V. 7, Smailbegovic N. 13, Boros B. 2, Altmann A. 6, T\u00f3th F. 7, Sitku Zs. 5, Eszt\u00e1ri T.,<\/p>\n","protected":false},"excerpt":{"rendered":"<p>A kiemelt junior bajnoks\u00e1g soron k\u00f6vetkez\u0151 fordul\u00f3j\u00e1ban a Vasas Akad\u00e9mia a BEAC ellen j\u00e1tszott fontos m\u00e9rk\u0151z\u00e9st, melyet csapatunk meggy\u0151z\u0151 j\u00e1t\u00e9kkal tudott megnyerni. \u201e Az els\u0151 negyedben hull\u00e1mz\u00f3 volt a j\u00e1t\u00e9kunk, cser\u00e9lgetn\u00fcnk kellet j\u00e1t\u00e9kosainkat annak \u00e9rdek\u00e9ben, hogy megtal\u00e1ljuk a megfelel\u0151 fel\u00e1ll\u00e1st a BEAC ellen. Csapatunk a m\u00e1sodik negyedre \u00e1llt \u00f6ssze, ahol j\u00f3 v\u00e9dekez\u00e9s\u00fcnknek k\u00f6sz\u00f6nhet\u0151en sz\u00fcletett n\u00e9h\u00e1ny&#8230;<\/p>\n","protected":false},"author":1,"featured_media":4283,"comment_status":"closed","ping_status":"open","sticky":false,"template":"","format":"standard","meta":{"footnotes":""},"categories":[50,92],"tags":[],"class_list":["post-4614","post","type-post","status-publish","format-standard","has-post-thumbnail","hentry","category-junior","category-hirek"],"yoast_head":"<!-- This site is optimized with the Yoast SEO plugin v26.0 - https:\/\/yoast.com\/wordpress\/plugins\/seo\/ -->\n<title>U18-as csapatunk gy\u0151zelmet aratott szombaton - Vasas n\u0151i kos\u00e1rlabda<\/title>\n<meta name=\"robots\" content=\"index, follow, max-snippet:-1, max-image-preview:large, max-video-preview:-1\" \/>\n<link rel=\"canonical\" href=\"https:\/\/vasasbasket.hu\/index.php\/u18-as-csapatunk-gyozelmet-aratott-szombaton\/\" \/>\n<meta property=\"og:locale\" content=\"hu_HU\" \/>\n<meta property=\"og:type\" content=\"article\" \/>\n<meta property=\"og:title\" content=\"U18-as csapatunk gy\u0151zelmet aratott szombaton - Vasas n\u0151i kos\u00e1rlabda\" \/>\n<meta property=\"og:description\" content=\"A kiemelt junior bajnoks\u00e1g soron k\u00f6vetkez\u0151 fordul\u00f3j\u00e1ban a Vasas Akad\u00e9mia a BEAC ellen j\u00e1tszott fontos m\u00e9rk\u0151z\u00e9st, melyet csapatunk meggy\u0151z\u0151 j\u00e1t\u00e9kkal tudott megnyerni. \u201e Az els\u0151 negyedben hull\u00e1mz\u00f3 volt a j\u00e1t\u00e9kunk, cser\u00e9lgetn\u00fcnk kellet j\u00e1t\u00e9kosainkat annak \u00e9rdek\u00e9ben, hogy megtal\u00e1ljuk a megfelel\u0151 fel\u00e1ll\u00e1st a BEAC ellen. Csapatunk a m\u00e1sodik negyedre \u00e1llt \u00f6ssze, ahol j\u00f3 v\u00e9dekez\u00e9s\u00fcnknek k\u00f6sz\u00f6nhet\u0151en sz\u00fcletett n\u00e9h\u00e1ny...\" \/>\n<meta property=\"og:url\" content=\"https:\/\/vasasbasket.hu\/index.php\/u18-as-csapatunk-gyozelmet-aratott-szombaton\/\" \/>\n<meta property=\"og:site_name\" content=\"Vasas n\u0151i kos\u00e1rlabda\" \/>\n<meta property=\"article:publisher\" content=\"https:\/\/www.facebook.com\/vasaswbasket\/\" \/>\n<meta property=\"article:published_time\" content=\"2018-12-03T19:24:36+00:00\" \/>\n<meta property=\"og:image\" content=\"https:\/\/vasasbasket.hu\/wp-content\/uploads\/2018\/09\/Vasas-Akad\u00e9mia-U18.jpg\" \/>\n\t<meta property=\"og:image:width\" content=\"2000\" \/>\n\t<meta property=\"og:image:height\" content=\"1333\" \/>\n\t<meta property=\"og:image:type\" content=\"image\/jpeg\" \/>\n<meta name=\"author\" content=\"admin\" \/>\n<meta name=\"twitter:card\" content=\"summary_large_image\" \/>\n<meta name=\"twitter:label1\" content=\"Szerz\u0151:\" \/>\n\t<meta name=\"twitter:data1\" content=\"admin\" \/>\n\t<meta name=\"twitter:label2\" content=\"Becs\u00fclt olvas\u00e1si id\u0151\" \/>\n\t<meta name=\"twitter:data2\" content=\"1 perc\" \/>\n<script type=\"application\/ld+json\" class=\"yoast-schema-graph\">{\"@context\":\"https:\/\/schema.org\",\"@graph\":[{\"@type\":\"Article\",\"@id\":\"https:\/\/vasasbasket.hu\/index.php\/u18-as-csapatunk-gyozelmet-aratott-szombaton\/#article\",\"isPartOf\":{\"@id\":\"https:\/\/vasasbasket.hu\/index.php\/u18-as-csapatunk-gyozelmet-aratott-szombaton\/\"},\"author\":{\"name\":\"admin\",\"@id\":\"https:\/\/vasasbasket.hu\/#\/schema\/person\/f1085f4d2c6582d8d0f977e92de2edee\"},\"headline\":\"U18-as csapatunk gy\u0151zelmet aratott szombaton\",\"datePublished\":\"2018-12-03T19:24:36+00:00\",\"mainEntityOfPage\":{\"@id\":\"https:\/\/vasasbasket.hu\/index.php\/u18-as-csapatunk-gyozelmet-aratott-szombaton\/\"},\"wordCount\":277,\"publisher\":{\"@id\":\"https:\/\/vasasbasket.hu\/#organization\"},\"image\":{\"@id\":\"https:\/\/vasasbasket.hu\/index.php\/u18-as-csapatunk-gyozelmet-aratott-szombaton\/#primaryimage\"},\"thumbnailUrl\":\"https:\/\/vasasbasket.hu\/wp-content\/uploads\/2018\/09\/Vasas-Akad\u00e9mia-U18.jpg\",\"articleSection\":[\"Junior\",\"\u00d6sszes H\u00edr\"],\"inLanguage\":\"hu\"},{\"@type\":\"WebPage\",\"@id\":\"https:\/\/vasasbasket.hu\/index.php\/u18-as-csapatunk-gyozelmet-aratott-szombaton\/\",\"url\":\"https:\/\/vasasbasket.hu\/index.php\/u18-as-csapatunk-gyozelmet-aratott-szombaton\/\",\"name\":\"U18-as csapatunk gy\u0151zelmet aratott szombaton - Vasas n\u0151i kos\u00e1rlabda\",\"isPartOf\":{\"@id\":\"https:\/\/vasasbasket.hu\/#website\"},\"primaryImageOfPage\":{\"@id\":\"https:\/\/vasasbasket.hu\/index.php\/u18-as-csapatunk-gyozelmet-aratott-szombaton\/#primaryimage\"},\"image\":{\"@id\":\"https:\/\/vasasbasket.hu\/index.php\/u18-as-csapatunk-gyozelmet-aratott-szombaton\/#primaryimage\"},\"thumbnailUrl\":\"https:\/\/vasasbasket.hu\/wp-content\/uploads\/2018\/09\/Vasas-Akad\u00e9mia-U18.jpg\",\"datePublished\":\"2018-12-03T19:24:36+00:00\",\"breadcrumb\":{\"@id\":\"https:\/\/vasasbasket.hu\/index.php\/u18-as-csapatunk-gyozelmet-aratott-szombaton\/#breadcrumb\"},\"inLanguage\":\"hu\",\"potentialAction\":[{\"@type\":\"ReadAction\",\"target\":[\"https:\/\/vasasbasket.hu\/index.php\/u18-as-csapatunk-gyozelmet-aratott-szombaton\/\"]}]},{\"@type\":\"ImageObject\",\"inLanguage\":\"hu\",\"@id\":\"https:\/\/vasasbasket.hu\/index.php\/u18-as-csapatunk-gyozelmet-aratott-szombaton\/#primaryimage\",\"url\":\"https:\/\/vasasbasket.hu\/wp-content\/uploads\/2018\/09\/Vasas-Akad\u00e9mia-U18.jpg\",\"contentUrl\":\"https:\/\/vasasbasket.hu\/wp-content\/uploads\/2018\/09\/Vasas-Akad\u00e9mia-U18.jpg\",\"width\":2000,\"height\":1333},{\"@type\":\"BreadcrumbList\",\"@id\":\"https:\/\/vasasbasket.hu\/index.php\/u18-as-csapatunk-gyozelmet-aratott-szombaton\/#breadcrumb\",\"itemListElement\":[{\"@type\":\"ListItem\",\"position\":1,\"name\":\"Kezd\u0151lap\",\"item\":\"https:\/\/vasasbasket.hu\/\"},{\"@type\":\"ListItem\",\"position\":2,\"name\":\"U18-as csapatunk gy\u0151zelmet aratott szombaton\"}]},{\"@type\":\"WebSite\",\"@id\":\"https:\/\/vasasbasket.hu\/#website\",\"url\":\"https:\/\/vasasbasket.hu\/\",\"name\":\"Vasas n\u0151i kos\u00e1rlabda\",\"description\":\"Vasas Basket N\u0151i\",\"publisher\":{\"@id\":\"https:\/\/vasasbasket.hu\/#organization\"},\"potentialAction\":[{\"@type\":\"SearchAction\",\"target\":{\"@type\":\"EntryPoint\",\"urlTemplate\":\"https:\/\/vasasbasket.hu\/?s={search_term_string}\"},\"query-input\":{\"@type\":\"PropertyValueSpecification\",\"valueRequired\":true,\"valueName\":\"search_term_string\"}}],\"inLanguage\":\"hu\"},{\"@type\":\"Organization\",\"@id\":\"https:\/\/vasasbasket.hu\/#organization\",\"name\":\"Vasas n\u0151i kos\u00e1rlabda\",\"url\":\"https:\/\/vasasbasket.hu\/\",\"logo\":{\"@type\":\"ImageObject\",\"inLanguage\":\"hu\",\"@id\":\"https:\/\/vasasbasket.hu\/#\/schema\/logo\/image\/\",\"url\":\"https:\/\/vasasbasket.hu\/wp-content\/uploads\/2017\/03\/vasas_cimer_1200.jpg\",\"contentUrl\":\"https:\/\/vasasbasket.hu\/wp-content\/uploads\/2017\/03\/vasas_cimer_1200.jpg\",\"width\":1200,\"height\":1200,\"caption\":\"Vasas n\u0151i kos\u00e1rlabda\"},\"image\":{\"@id\":\"https:\/\/vasasbasket.hu\/#\/schema\/logo\/image\/\"},\"sameAs\":[\"https:\/\/www.facebook.com\/vasaswbasket\/\"]},{\"@type\":\"Person\",\"@id\":\"https:\/\/vasasbasket.hu\/#\/schema\/person\/f1085f4d2c6582d8d0f977e92de2edee\",\"name\":\"admin\",\"image\":{\"@type\":\"ImageObject\",\"inLanguage\":\"hu\",\"@id\":\"https:\/\/vasasbasket.hu\/#\/schema\/person\/image\/\",\"url\":\"https:\/\/secure.gravatar.com\/avatar\/645c92f7d9cfe02bd93ce2d1cfa11cd3a268bdfe65486552ff04b193cea07634?s=96&d=mm&r=g\",\"contentUrl\":\"https:\/\/secure.gravatar.com\/avatar\/645c92f7d9cfe02bd93ce2d1cfa11cd3a268bdfe65486552ff04b193cea07634?s=96&d=mm&r=g\",\"caption\":\"admin\"},\"url\":\"https:\/\/vasasbasket.hu\/index.php\/author\/admin\/\"}]}<\/script>\n<!-- \/ Yoast SEO plugin. -->","yoast_head_json":{"title":"U18-as csapatunk gy\u0151zelmet aratott szombaton - Vasas n\u0151i kos\u00e1rlabda","robots":{"index":"index","follow":"follow","max-snippet":"max-snippet:-1","max-image-preview":"max-image-preview:large","max-video-preview":"max-video-preview:-1"},"canonical":"https:\/\/vasasbasket.hu\/index.php\/u18-as-csapatunk-gyozelmet-aratott-szombaton\/","og_locale":"hu_HU","og_type":"article","og_title":"U18-as csapatunk gy\u0151zelmet aratott szombaton - Vasas n\u0151i kos\u00e1rlabda","og_description":"A kiemelt junior bajnoks\u00e1g soron k\u00f6vetkez\u0151 fordul\u00f3j\u00e1ban a Vasas Akad\u00e9mia a BEAC ellen j\u00e1tszott fontos m\u00e9rk\u0151z\u00e9st, melyet csapatunk meggy\u0151z\u0151 j\u00e1t\u00e9kkal tudott megnyerni. \u201e Az els\u0151 negyedben hull\u00e1mz\u00f3 volt a j\u00e1t\u00e9kunk, cser\u00e9lgetn\u00fcnk kellet j\u00e1t\u00e9kosainkat annak \u00e9rdek\u00e9ben, hogy megtal\u00e1ljuk a megfelel\u0151 fel\u00e1ll\u00e1st a BEAC ellen. Csapatunk a m\u00e1sodik negyedre \u00e1llt \u00f6ssze, ahol j\u00f3 v\u00e9dekez\u00e9s\u00fcnknek k\u00f6sz\u00f6nhet\u0151en sz\u00fcletett n\u00e9h\u00e1ny...","og_url":"https:\/\/vasasbasket.hu\/index.php\/u18-as-csapatunk-gyozelmet-aratott-szombaton\/","og_site_name":"Vasas n\u0151i kos\u00e1rlabda","article_publisher":"https:\/\/www.facebook.com\/vasaswbasket\/","article_published_time":"2018-12-03T19:24:36+00:00","og_image":[{"width":2000,"height":1333,"url":"https:\/\/vasasbasket.hu\/wp-content\/uploads\/2018\/09\/Vasas-Akad\u00e9mia-U18.jpg","type":"image\/jpeg"}],"author":"admin","twitter_card":"summary_large_image","twitter_misc":{"Szerz\u0151:":"admin","Becs\u00fclt olvas\u00e1si id\u0151":"1 perc"},"schema":{"@context":"https:\/\/schema.org","@graph":[{"@type":"Article","@id":"https:\/\/vasasbasket.hu\/index.php\/u18-as-csapatunk-gyozelmet-aratott-szombaton\/#article","isPartOf":{"@id":"https:\/\/vasasbasket.hu\/index.php\/u18-as-csapatunk-gyozelmet-aratott-szombaton\/"},"author":{"name":"admin","@id":"https:\/\/vasasbasket.hu\/#\/schema\/person\/f1085f4d2c6582d8d0f977e92de2edee"},"headline":"U18-as csapatunk gy\u0151zelmet aratott szombaton","datePublished":"2018-12-03T19:24:36+00:00","mainEntityOfPage":{"@id":"https:\/\/vasasbasket.hu\/index.php\/u18-as-csapatunk-gyozelmet-aratott-szombaton\/"},"wordCount":277,"publisher":{"@id":"https:\/\/vasasbasket.hu\/#organization"},"image":{"@id":"https:\/\/vasasbasket.hu\/index.php\/u18-as-csapatunk-gyozelmet-aratott-szombaton\/#primaryimage"},"thumbnailUrl":"https:\/\/vasasbasket.hu\/wp-content\/uploads\/2018\/09\/Vasas-Akad\u00e9mia-U18.jpg","articleSection":["Junior","\u00d6sszes H\u00edr"],"inLanguage":"hu"},{"@type":"WebPage","@id":"https:\/\/vasasbasket.hu\/index.php\/u18-as-csapatunk-gyozelmet-aratott-szombaton\/","url":"https:\/\/vasasbasket.hu\/index.php\/u18-as-csapatunk-gyozelmet-aratott-szombaton\/","name":"U18-as csapatunk gy\u0151zelmet aratott szombaton - Vasas n\u0151i kos\u00e1rlabda","isPartOf":{"@id":"https:\/\/vasasbasket.hu\/#website"},"primaryImageOfPage":{"@id":"https:\/\/vasasbasket.hu\/index.php\/u18-as-csapatunk-gyozelmet-aratott-szombaton\/#primaryimage"},"image":{"@id":"https:\/\/vasasbasket.hu\/index.php\/u18-as-csapatunk-gyozelmet-aratott-szombaton\/#primaryimage"},"thumbnailUrl":"https:\/\/vasasbasket.hu\/wp-content\/uploads\/2018\/09\/Vasas-Akad\u00e9mia-U18.jpg","datePublished":"2018-12-03T19:24:36+00:00","breadcrumb":{"@id":"https:\/\/vasasbasket.hu\/index.php\/u18-as-csapatunk-gyozelmet-aratott-szombaton\/#breadcrumb"},"inLanguage":"hu","potentialAction":[{"@type":"ReadAction","target":["https:\/\/vasasbasket.hu\/index.php\/u18-as-csapatunk-gyozelmet-aratott-szombaton\/"]}]},{"@type":"ImageObject","inLanguage":"hu","@id":"https:\/\/vasasbasket.hu\/index.php\/u18-as-csapatunk-gyozelmet-aratott-szombaton\/#primaryimage","url":"https:\/\/vasasbasket.hu\/wp-content\/uploads\/2018\/09\/Vasas-Akad\u00e9mia-U18.jpg","contentUrl":"https:\/\/vasasbasket.hu\/wp-content\/uploads\/2018\/09\/Vasas-Akad\u00e9mia-U18.jpg","width":2000,"height":1333},{"@type":"BreadcrumbList","@id":"https:\/\/vasasbasket.hu\/index.php\/u18-as-csapatunk-gyozelmet-aratott-szombaton\/#breadcrumb","itemListElement":[{"@type":"ListItem","position":1,"name":"Kezd\u0151lap","item":"https:\/\/vasasbasket.hu\/"},{"@type":"ListItem","position":2,"name":"U18-as csapatunk gy\u0151zelmet aratott szombaton"}]},{"@type":"WebSite","@id":"https:\/\/vasasbasket.hu\/#website","url":"https:\/\/vasasbasket.hu\/","name":"Vasas n\u0151i kos\u00e1rlabda","description":"Vasas Basket N\u0151i","publisher":{"@id":"https:\/\/vasasbasket.hu\/#organization"},"potentialAction":[{"@type":"SearchAction","target":{"@type":"EntryPoint","urlTemplate":"https:\/\/vasasbasket.hu\/?s={search_term_string}"},"query-input":{"@type":"PropertyValueSpecification","valueRequired":true,"valueName":"search_term_string"}}],"inLanguage":"hu"},{"@type":"Organization","@id":"https:\/\/vasasbasket.hu\/#organization","name":"Vasas n\u0151i kos\u00e1rlabda","url":"https:\/\/vasasbasket.hu\/","logo":{"@type":"ImageObject","inLanguage":"hu","@id":"https:\/\/vasasbasket.hu\/#\/schema\/logo\/image\/","url":"https:\/\/vasasbasket.hu\/wp-content\/uploads\/2017\/03\/vasas_cimer_1200.jpg","contentUrl":"https:\/\/vasasbasket.hu\/wp-content\/uploads\/2017\/03\/vasas_cimer_1200.jpg","width":1200,"height":1200,"caption":"Vasas n\u0151i kos\u00e1rlabda"},"image":{"@id":"https:\/\/vasasbasket.hu\/#\/schema\/logo\/image\/"},"sameAs":["https:\/\/www.facebook.com\/vasaswbasket\/"]},{"@type":"Person","@id":"https:\/\/vasasbasket.hu\/#\/schema\/person\/f1085f4d2c6582d8d0f977e92de2edee","name":"admin","image":{"@type":"ImageObject","inLanguage":"hu","@id":"https:\/\/vasasbasket.hu\/#\/schema\/person\/image\/","url":"https:\/\/secure.gravatar.com\/avatar\/645c92f7d9cfe02bd93ce2d1cfa11cd3a268bdfe65486552ff04b193cea07634?s=96&d=mm&r=g","contentUrl":"https:\/\/secure.gravatar.com\/avatar\/645c92f7d9cfe02bd93ce2d1cfa11cd3a268bdfe65486552ff04b193cea07634?s=96&d=mm&r=g","caption":"admin"},"url":"https:\/\/vasasbasket.hu\/index.php\/author\/admin\/"}]}},"_links":{"self":[{"href":"https:\/\/vasasbasket.hu\/index.php\/wp-json\/wp\/v2\/posts\/4614","targetHints":{"allow":["GET"]}}],"collection":[{"href":"https:\/\/vasasbasket.hu\/index.php\/wp-json\/wp\/v2\/posts"}],"about":[{"href":"https:\/\/vasasbasket.hu\/index.php\/wp-json\/wp\/v2\/types\/post"}],"author":[{"embeddable":true,"href":"https:\/\/vasasbasket.hu\/index.php\/wp-json\/wp\/v2\/users\/1"}],"replies":[{"embeddable":true,"href":"https:\/\/vasasbasket.hu\/index.php\/wp-json\/wp\/v2\/comments?post=4614"}],"version-history":[{"count":1,"href":"https:\/\/vasasbasket.hu\/index.php\/wp-json\/wp\/v2\/posts\/4614\/revisions"}],"predecessor-version":[{"id":4615,"href":"https:\/\/vasasbasket.hu\/index.php\/wp-json\/wp\/v2\/posts\/4614\/revisions\/4615"}],"wp:featuredmedia":[{"embeddable":true,"href":"https:\/\/vasasbasket.hu\/index.php\/wp-json\/wp\/v2\/media\/4283"}],"wp:attachment":[{"href":"https:\/\/vasasbasket.hu\/index.php\/wp-json\/wp\/v2\/media?parent=4614"}],"wp:term":[{"taxonomy":"category","embeddable":true,"href":"https:\/\/vasasbasket.hu\/index.php\/wp-json\/wp\/v2\/categories?post=4614"},{"taxonomy":"post_tag","embeddable":true,"href":"https:\/\/vasasbasket.hu\/index.php\/wp-json\/wp\/v2\/tags?post=4614"}],"curies":[{"name":"wp","href":"https:\/\/api.w.org\/{rel}","templated":true}]}}