{"id":4583,"date":"2018-11-26T12:37:25","date_gmt":"2018-11-26T12:37:25","guid":{"rendered":"http:\/\/vasasbasket.hu\/?p=4583"},"modified":"2018-11-26T12:37:25","modified_gmt":"2018-11-26T12:37:25","slug":"naprol-napra-jobb-tul-van-a-muteten-toth-franka","status":"publish","type":"post","link":"https:\/\/vasasbasket.hu\/index.php\/naprol-napra-jobb-tul-van-a-muteten-toth-franka\/","title":{"rendered":"&#8222;Napr\u00f3l napra jobb&#8221; &#8211; t\u00fal van a m\u0171t\u00e9ten T\u00f3th Franka"},"content":{"rendered":"<p><strong>Feln\u0151tt \u00e9s ut\u00e1np\u00f3tl\u00e1s csapatunk alapembere a m\u00falt h\u00e9ten sikeresen \u00e1tesett a keresztszalag p\u00f3tl\u00f3 m\u0171t\u00e9ten.<\/strong><\/p>\n<p>Franka okt\u00f3ber 13.-\u00e1n, a PEAC elleni junior meccsen szenvedett keresztszalag szakad\u00e1st bal t\u00e9rd\u00e9ben, amit november 19.-\u00e9n meg is oper\u00e1ltak.\u00a0<em>&#8222;A m\u0171t\u00e9t \u00fagy n\u00e9zett ki hogy a l\u00e1bamb\u00f3l kivettek egy inat, azt pedig \u00fagy el\u0151k\u00e9sz\u00edtett\u00e9k hogy be tudj\u00e1k rakni a keresztszalagom hely\u00e9re. Megf\u00fart\u00e1k a combcsontomat \u00e9s a s\u00edpcsontomat, \u00e9s oda beh\u00fazt\u00e1k a el\u0151k\u00e9sz\u00edtett inat, amit v\u00e9g\u00fcl csavarokkal r\u00f6gz\u00edtettek&#8221;<\/em> &#8211; mes\u00e9lt a m\u0171t\u00e9tr\u0151l Franka.<\/p>\n<p>A m\u0171t\u00e9tet k\u00f6vet\u0151en a feln\u0151tt csapat tagjai term\u00e9szetesen m\u00e9g a k\u00f3rh\u00e1zban megl\u00e1togatt\u00e1k Frank\u00e1t, akit id\u0151 k\u00f6zben hazaengedtek, \u00e1m a neheze m\u00e9g h\u00e1tra van: <em>&#8222;J\u00f3l \u00e9rzem magam, b\u00e1r el\u00e9g furcsa \u00e9rz\u00e9s most \u00edgy a l\u00e1bam, kiss\u00e9 f\u00e1j is, de napr\u00f3l napra jobb. A k\u00f6vetkez\u0151 l\u00e9p\u00e9s a k\u0151 kem\u00e9ny gy\u00f3gytorna. M\u00e1r a m\u0171t\u00e9t m\u00e1snapj\u00e1n kellett csin\u00e1lnom feladatokat, emelgetni kellett a l\u00e1bamat, ami aznap szinte lehetetlennek t\u0171nt. Az\u00f3ta sokkal k\u00f6nnyebben hajtom v\u00e9gre a feladatokat. Most a m\u0171t\u00e9t ut\u00e1n egy darabig \u00e1gyhoz vagyok k\u00f6tve, sz\u00f3val nem tudok t\u00fal sok mindent csin\u00e1lni, de a gy\u00f3gytorn\u00e1mat kem\u00e9nyen csin\u00e1lom, hogy min\u00e9l hamarabb fel\u00e9p\u00fcljek, \u00e9s visszat\u00e9rhessek a p\u00e1ly\u00e1ra&#8221;<\/em> &#8211; mondta Franka.<\/p>\n<p>Miel\u0151bbi fel\u00e9p\u00fcl\u00e9st k\u00edv\u00e1nunk az eg\u00e9sz szakoszt\u00e1ly nev\u00e9ben.<\/p>\n","protected":false},"excerpt":{"rendered":"<p>Feln\u0151tt \u00e9s ut\u00e1np\u00f3tl\u00e1s csapatunk alapembere a m\u00falt h\u00e9ten sikeresen \u00e1tesett a keresztszalag p\u00f3tl\u00f3 m\u0171t\u00e9ten. Franka okt\u00f3ber 13.-\u00e1n, a PEAC elleni junior meccsen szenvedett keresztszalag szakad\u00e1st bal t\u00e9rd\u00e9ben, amit november 19.-\u00e9n meg is oper\u00e1ltak.\u00a0&#8222;A m\u0171t\u00e9t \u00fagy n\u00e9zett ki hogy a l\u00e1bamb\u00f3l kivettek egy inat, azt pedig \u00fagy el\u0151k\u00e9sz\u00edtett\u00e9k hogy be tudj\u00e1k rakni a keresztszalagom hely\u00e9re. Megf\u00fart\u00e1k&#8230;<\/p>\n","protected":false},"author":1,"featured_media":4584,"comment_status":"closed","ping_status":"open","sticky":false,"template":"","format":"standard","meta":{"footnotes":""},"categories":[92],"tags":[],"class_list":["post-4583","post","type-post","status-publish","format-standard","has-post-thumbnail","hentry","category-hirek"],"yoast_head":"<!-- This site is optimized with the Yoast SEO plugin v26.0 - https:\/\/yoast.com\/wordpress\/plugins\/seo\/ -->\n<title>&quot;Napr\u00f3l napra jobb&quot; - t\u00fal van a m\u0171t\u00e9ten T\u00f3th Franka - Vasas n\u0151i kos\u00e1rlabda<\/title>\n<meta name=\"robots\" content=\"index, follow, max-snippet:-1, max-image-preview:large, max-video-preview:-1\" \/>\n<link rel=\"canonical\" href=\"https:\/\/vasasbasket.hu\/index.php\/naprol-napra-jobb-tul-van-a-muteten-toth-franka\/\" \/>\n<meta property=\"og:locale\" content=\"hu_HU\" \/>\n<meta property=\"og:type\" content=\"article\" \/>\n<meta property=\"og:title\" content=\"&quot;Napr\u00f3l napra jobb&quot; - t\u00fal van a m\u0171t\u00e9ten T\u00f3th Franka - Vasas n\u0151i kos\u00e1rlabda\" \/>\n<meta property=\"og:description\" content=\"Feln\u0151tt \u00e9s ut\u00e1np\u00f3tl\u00e1s csapatunk alapembere a m\u00falt h\u00e9ten sikeresen \u00e1tesett a keresztszalag p\u00f3tl\u00f3 m\u0171t\u00e9ten. Franka okt\u00f3ber 13.-\u00e1n, a PEAC elleni junior meccsen szenvedett keresztszalag szakad\u00e1st bal t\u00e9rd\u00e9ben, amit november 19.-\u00e9n meg is oper\u00e1ltak.\u00a0&#8222;A m\u0171t\u00e9t \u00fagy n\u00e9zett ki hogy a l\u00e1bamb\u00f3l kivettek egy inat, azt pedig \u00fagy el\u0151k\u00e9sz\u00edtett\u00e9k hogy be tudj\u00e1k rakni a keresztszalagom hely\u00e9re. Megf\u00fart\u00e1k...\" \/>\n<meta property=\"og:url\" content=\"https:\/\/vasasbasket.hu\/index.php\/naprol-napra-jobb-tul-van-a-muteten-toth-franka\/\" \/>\n<meta property=\"og:site_name\" content=\"Vasas n\u0151i kos\u00e1rlabda\" \/>\n<meta property=\"article:publisher\" content=\"https:\/\/www.facebook.com\/vasaswbasket\/\" \/>\n<meta property=\"article:published_time\" content=\"2018-11-26T12:37:25+00:00\" \/>\n<meta property=\"og:image\" content=\"https:\/\/vasasbasket.hu\/wp-content\/uploads\/2018\/11\/franka_korh.jpg\" \/>\n\t<meta property=\"og:image:width\" content=\"1280\" \/>\n\t<meta property=\"og:image:height\" content=\"960\" \/>\n\t<meta property=\"og:image:type\" content=\"image\/jpeg\" \/>\n<meta name=\"author\" content=\"admin\" \/>\n<meta name=\"twitter:card\" content=\"summary_large_image\" \/>\n<meta name=\"twitter:label1\" content=\"Szerz\u0151:\" \/>\n\t<meta name=\"twitter:data1\" content=\"admin\" \/>\n\t<meta name=\"twitter:label2\" content=\"Becs\u00fclt olvas\u00e1si id\u0151\" \/>\n\t<meta name=\"twitter:data2\" content=\"1 perc\" \/>\n<script type=\"application\/ld+json\" class=\"yoast-schema-graph\">{\"@context\":\"https:\/\/schema.org\",\"@graph\":[{\"@type\":\"Article\",\"@id\":\"https:\/\/vasasbasket.hu\/index.php\/naprol-napra-jobb-tul-van-a-muteten-toth-franka\/#article\",\"isPartOf\":{\"@id\":\"https:\/\/vasasbasket.hu\/index.php\/naprol-napra-jobb-tul-van-a-muteten-toth-franka\/\"},\"author\":{\"name\":\"admin\",\"@id\":\"https:\/\/vasasbasket.hu\/#\/schema\/person\/f1085f4d2c6582d8d0f977e92de2edee\"},\"headline\":\"&#8222;Napr\u00f3l napra jobb&#8221; &#8211; t\u00fal van a m\u0171t\u00e9ten T\u00f3th Franka\",\"datePublished\":\"2018-11-26T12:37:25+00:00\",\"mainEntityOfPage\":{\"@id\":\"https:\/\/vasasbasket.hu\/index.php\/naprol-napra-jobb-tul-van-a-muteten-toth-franka\/\"},\"wordCount\":308,\"publisher\":{\"@id\":\"https:\/\/vasasbasket.hu\/#organization\"},\"image\":{\"@id\":\"https:\/\/vasasbasket.hu\/index.php\/naprol-napra-jobb-tul-van-a-muteten-toth-franka\/#primaryimage\"},\"thumbnailUrl\":\"https:\/\/vasasbasket.hu\/wp-content\/uploads\/2018\/11\/franka_korh.jpg\",\"articleSection\":[\"\u00d6sszes H\u00edr\"],\"inLanguage\":\"hu\"},{\"@type\":\"WebPage\",\"@id\":\"https:\/\/vasasbasket.hu\/index.php\/naprol-napra-jobb-tul-van-a-muteten-toth-franka\/\",\"url\":\"https:\/\/vasasbasket.hu\/index.php\/naprol-napra-jobb-tul-van-a-muteten-toth-franka\/\",\"name\":\"\\\"Napr\u00f3l napra jobb\\\" - t\u00fal van a m\u0171t\u00e9ten T\u00f3th Franka - Vasas n\u0151i kos\u00e1rlabda\",\"isPartOf\":{\"@id\":\"https:\/\/vasasbasket.hu\/#website\"},\"primaryImageOfPage\":{\"@id\":\"https:\/\/vasasbasket.hu\/index.php\/naprol-napra-jobb-tul-van-a-muteten-toth-franka\/#primaryimage\"},\"image\":{\"@id\":\"https:\/\/vasasbasket.hu\/index.php\/naprol-napra-jobb-tul-van-a-muteten-toth-franka\/#primaryimage\"},\"thumbnailUrl\":\"https:\/\/vasasbasket.hu\/wp-content\/uploads\/2018\/11\/franka_korh.jpg\",\"datePublished\":\"2018-11-26T12:37:25+00:00\",\"breadcrumb\":{\"@id\":\"https:\/\/vasasbasket.hu\/index.php\/naprol-napra-jobb-tul-van-a-muteten-toth-franka\/#breadcrumb\"},\"inLanguage\":\"hu\",\"potentialAction\":[{\"@type\":\"ReadAction\",\"target\":[\"https:\/\/vasasbasket.hu\/index.php\/naprol-napra-jobb-tul-van-a-muteten-toth-franka\/\"]}]},{\"@type\":\"ImageObject\",\"inLanguage\":\"hu\",\"@id\":\"https:\/\/vasasbasket.hu\/index.php\/naprol-napra-jobb-tul-van-a-muteten-toth-franka\/#primaryimage\",\"url\":\"https:\/\/vasasbasket.hu\/wp-content\/uploads\/2018\/11\/franka_korh.jpg\",\"contentUrl\":\"https:\/\/vasasbasket.hu\/wp-content\/uploads\/2018\/11\/franka_korh.jpg\",\"width\":1280,\"height\":960},{\"@type\":\"BreadcrumbList\",\"@id\":\"https:\/\/vasasbasket.hu\/index.php\/naprol-napra-jobb-tul-van-a-muteten-toth-franka\/#breadcrumb\",\"itemListElement\":[{\"@type\":\"ListItem\",\"position\":1,\"name\":\"Kezd\u0151lap\",\"item\":\"https:\/\/vasasbasket.hu\/\"},{\"@type\":\"ListItem\",\"position\":2,\"name\":\"&#8222;Napr\u00f3l napra jobb&#8221; &#8211; t\u00fal van a m\u0171t\u00e9ten T\u00f3th Franka\"}]},{\"@type\":\"WebSite\",\"@id\":\"https:\/\/vasasbasket.hu\/#website\",\"url\":\"https:\/\/vasasbasket.hu\/\",\"name\":\"Vasas n\u0151i kos\u00e1rlabda\",\"description\":\"Vasas Basket N\u0151i\",\"publisher\":{\"@id\":\"https:\/\/vasasbasket.hu\/#organization\"},\"potentialAction\":[{\"@type\":\"SearchAction\",\"target\":{\"@type\":\"EntryPoint\",\"urlTemplate\":\"https:\/\/vasasbasket.hu\/?s={search_term_string}\"},\"query-input\":{\"@type\":\"PropertyValueSpecification\",\"valueRequired\":true,\"valueName\":\"search_term_string\"}}],\"inLanguage\":\"hu\"},{\"@type\":\"Organization\",\"@id\":\"https:\/\/vasasbasket.hu\/#organization\",\"name\":\"Vasas n\u0151i kos\u00e1rlabda\",\"url\":\"https:\/\/vasasbasket.hu\/\",\"logo\":{\"@type\":\"ImageObject\",\"inLanguage\":\"hu\",\"@id\":\"https:\/\/vasasbasket.hu\/#\/schema\/logo\/image\/\",\"url\":\"https:\/\/vasasbasket.hu\/wp-content\/uploads\/2017\/03\/vasas_cimer_1200.jpg\",\"contentUrl\":\"https:\/\/vasasbasket.hu\/wp-content\/uploads\/2017\/03\/vasas_cimer_1200.jpg\",\"width\":1200,\"height\":1200,\"caption\":\"Vasas n\u0151i kos\u00e1rlabda\"},\"image\":{\"@id\":\"https:\/\/vasasbasket.hu\/#\/schema\/logo\/image\/\"},\"sameAs\":[\"https:\/\/www.facebook.com\/vasaswbasket\/\"]},{\"@type\":\"Person\",\"@id\":\"https:\/\/vasasbasket.hu\/#\/schema\/person\/f1085f4d2c6582d8d0f977e92de2edee\",\"name\":\"admin\",\"image\":{\"@type\":\"ImageObject\",\"inLanguage\":\"hu\",\"@id\":\"https:\/\/vasasbasket.hu\/#\/schema\/person\/image\/\",\"url\":\"https:\/\/secure.gravatar.com\/avatar\/645c92f7d9cfe02bd93ce2d1cfa11cd3a268bdfe65486552ff04b193cea07634?s=96&d=mm&r=g\",\"contentUrl\":\"https:\/\/secure.gravatar.com\/avatar\/645c92f7d9cfe02bd93ce2d1cfa11cd3a268bdfe65486552ff04b193cea07634?s=96&d=mm&r=g\",\"caption\":\"admin\"},\"url\":\"https:\/\/vasasbasket.hu\/index.php\/author\/admin\/\"}]}<\/script>\n<!-- \/ Yoast SEO plugin. -->","yoast_head_json":{"title":"\"Napr\u00f3l napra jobb\" - t\u00fal van a m\u0171t\u00e9ten T\u00f3th Franka - Vasas n\u0151i kos\u00e1rlabda","robots":{"index":"index","follow":"follow","max-snippet":"max-snippet:-1","max-image-preview":"max-image-preview:large","max-video-preview":"max-video-preview:-1"},"canonical":"https:\/\/vasasbasket.hu\/index.php\/naprol-napra-jobb-tul-van-a-muteten-toth-franka\/","og_locale":"hu_HU","og_type":"article","og_title":"\"Napr\u00f3l napra jobb\" - t\u00fal van a m\u0171t\u00e9ten T\u00f3th Franka - Vasas n\u0151i kos\u00e1rlabda","og_description":"Feln\u0151tt \u00e9s ut\u00e1np\u00f3tl\u00e1s csapatunk alapembere a m\u00falt h\u00e9ten sikeresen \u00e1tesett a keresztszalag p\u00f3tl\u00f3 m\u0171t\u00e9ten. Franka okt\u00f3ber 13.-\u00e1n, a PEAC elleni junior meccsen szenvedett keresztszalag szakad\u00e1st bal t\u00e9rd\u00e9ben, amit november 19.-\u00e9n meg is oper\u00e1ltak.\u00a0&#8222;A m\u0171t\u00e9t \u00fagy n\u00e9zett ki hogy a l\u00e1bamb\u00f3l kivettek egy inat, azt pedig \u00fagy el\u0151k\u00e9sz\u00edtett\u00e9k hogy be tudj\u00e1k rakni a keresztszalagom hely\u00e9re. Megf\u00fart\u00e1k...","og_url":"https:\/\/vasasbasket.hu\/index.php\/naprol-napra-jobb-tul-van-a-muteten-toth-franka\/","og_site_name":"Vasas n\u0151i kos\u00e1rlabda","article_publisher":"https:\/\/www.facebook.com\/vasaswbasket\/","article_published_time":"2018-11-26T12:37:25+00:00","og_image":[{"width":1280,"height":960,"url":"https:\/\/vasasbasket.hu\/wp-content\/uploads\/2018\/11\/franka_korh.jpg","type":"image\/jpeg"}],"author":"admin","twitter_card":"summary_large_image","twitter_misc":{"Szerz\u0151:":"admin","Becs\u00fclt olvas\u00e1si id\u0151":"1 perc"},"schema":{"@context":"https:\/\/schema.org","@graph":[{"@type":"Article","@id":"https:\/\/vasasbasket.hu\/index.php\/naprol-napra-jobb-tul-van-a-muteten-toth-franka\/#article","isPartOf":{"@id":"https:\/\/vasasbasket.hu\/index.php\/naprol-napra-jobb-tul-van-a-muteten-toth-franka\/"},"author":{"name":"admin","@id":"https:\/\/vasasbasket.hu\/#\/schema\/person\/f1085f4d2c6582d8d0f977e92de2edee"},"headline":"&#8222;Napr\u00f3l napra jobb&#8221; &#8211; t\u00fal van a m\u0171t\u00e9ten T\u00f3th Franka","datePublished":"2018-11-26T12:37:25+00:00","mainEntityOfPage":{"@id":"https:\/\/vasasbasket.hu\/index.php\/naprol-napra-jobb-tul-van-a-muteten-toth-franka\/"},"wordCount":308,"publisher":{"@id":"https:\/\/vasasbasket.hu\/#organization"},"image":{"@id":"https:\/\/vasasbasket.hu\/index.php\/naprol-napra-jobb-tul-van-a-muteten-toth-franka\/#primaryimage"},"thumbnailUrl":"https:\/\/vasasbasket.hu\/wp-content\/uploads\/2018\/11\/franka_korh.jpg","articleSection":["\u00d6sszes H\u00edr"],"inLanguage":"hu"},{"@type":"WebPage","@id":"https:\/\/vasasbasket.hu\/index.php\/naprol-napra-jobb-tul-van-a-muteten-toth-franka\/","url":"https:\/\/vasasbasket.hu\/index.php\/naprol-napra-jobb-tul-van-a-muteten-toth-franka\/","name":"\"Napr\u00f3l napra jobb\" - t\u00fal van a m\u0171t\u00e9ten T\u00f3th Franka - Vasas n\u0151i kos\u00e1rlabda","isPartOf":{"@id":"https:\/\/vasasbasket.hu\/#website"},"primaryImageOfPage":{"@id":"https:\/\/vasasbasket.hu\/index.php\/naprol-napra-jobb-tul-van-a-muteten-toth-franka\/#primaryimage"},"image":{"@id":"https:\/\/vasasbasket.hu\/index.php\/naprol-napra-jobb-tul-van-a-muteten-toth-franka\/#primaryimage"},"thumbnailUrl":"https:\/\/vasasbasket.hu\/wp-content\/uploads\/2018\/11\/franka_korh.jpg","datePublished":"2018-11-26T12:37:25+00:00","breadcrumb":{"@id":"https:\/\/vasasbasket.hu\/index.php\/naprol-napra-jobb-tul-van-a-muteten-toth-franka\/#breadcrumb"},"inLanguage":"hu","potentialAction":[{"@type":"ReadAction","target":["https:\/\/vasasbasket.hu\/index.php\/naprol-napra-jobb-tul-van-a-muteten-toth-franka\/"]}]},{"@type":"ImageObject","inLanguage":"hu","@id":"https:\/\/vasasbasket.hu\/index.php\/naprol-napra-jobb-tul-van-a-muteten-toth-franka\/#primaryimage","url":"https:\/\/vasasbasket.hu\/wp-content\/uploads\/2018\/11\/franka_korh.jpg","contentUrl":"https:\/\/vasasbasket.hu\/wp-content\/uploads\/2018\/11\/franka_korh.jpg","width":1280,"height":960},{"@type":"BreadcrumbList","@id":"https:\/\/vasasbasket.hu\/index.php\/naprol-napra-jobb-tul-van-a-muteten-toth-franka\/#breadcrumb","itemListElement":[{"@type":"ListItem","position":1,"name":"Kezd\u0151lap","item":"https:\/\/vasasbasket.hu\/"},{"@type":"ListItem","position":2,"name":"&#8222;Napr\u00f3l napra jobb&#8221; &#8211; t\u00fal van a m\u0171t\u00e9ten T\u00f3th Franka"}]},{"@type":"WebSite","@id":"https:\/\/vasasbasket.hu\/#website","url":"https:\/\/vasasbasket.hu\/","name":"Vasas n\u0151i kos\u00e1rlabda","description":"Vasas Basket N\u0151i","publisher":{"@id":"https:\/\/vasasbasket.hu\/#organization"},"potentialAction":[{"@type":"SearchAction","target":{"@type":"EntryPoint","urlTemplate":"https:\/\/vasasbasket.hu\/?s={search_term_string}"},"query-input":{"@type":"PropertyValueSpecification","valueRequired":true,"valueName":"search_term_string"}}],"inLanguage":"hu"},{"@type":"Organization","@id":"https:\/\/vasasbasket.hu\/#organization","name":"Vasas n\u0151i kos\u00e1rlabda","url":"https:\/\/vasasbasket.hu\/","logo":{"@type":"ImageObject","inLanguage":"hu","@id":"https:\/\/vasasbasket.hu\/#\/schema\/logo\/image\/","url":"https:\/\/vasasbasket.hu\/wp-content\/uploads\/2017\/03\/vasas_cimer_1200.jpg","contentUrl":"https:\/\/vasasbasket.hu\/wp-content\/uploads\/2017\/03\/vasas_cimer_1200.jpg","width":1200,"height":1200,"caption":"Vasas n\u0151i kos\u00e1rlabda"},"image":{"@id":"https:\/\/vasasbasket.hu\/#\/schema\/logo\/image\/"},"sameAs":["https:\/\/www.facebook.com\/vasaswbasket\/"]},{"@type":"Person","@id":"https:\/\/vasasbasket.hu\/#\/schema\/person\/f1085f4d2c6582d8d0f977e92de2edee","name":"admin","image":{"@type":"ImageObject","inLanguage":"hu","@id":"https:\/\/vasasbasket.hu\/#\/schema\/person\/image\/","url":"https:\/\/secure.gravatar.com\/avatar\/645c92f7d9cfe02bd93ce2d1cfa11cd3a268bdfe65486552ff04b193cea07634?s=96&d=mm&r=g","contentUrl":"https:\/\/secure.gravatar.com\/avatar\/645c92f7d9cfe02bd93ce2d1cfa11cd3a268bdfe65486552ff04b193cea07634?s=96&d=mm&r=g","caption":"admin"},"url":"https:\/\/vasasbasket.hu\/index.php\/author\/admin\/"}]}},"_links":{"self":[{"href":"https:\/\/vasasbasket.hu\/index.php\/wp-json\/wp\/v2\/posts\/4583","targetHints":{"allow":["GET"]}}],"collection":[{"href":"https:\/\/vasasbasket.hu\/index.php\/wp-json\/wp\/v2\/posts"}],"about":[{"href":"https:\/\/vasasbasket.hu\/index.php\/wp-json\/wp\/v2\/types\/post"}],"author":[{"embeddable":true,"href":"https:\/\/vasasbasket.hu\/index.php\/wp-json\/wp\/v2\/users\/1"}],"replies":[{"embeddable":true,"href":"https:\/\/vasasbasket.hu\/index.php\/wp-json\/wp\/v2\/comments?post=4583"}],"version-history":[{"count":1,"href":"https:\/\/vasasbasket.hu\/index.php\/wp-json\/wp\/v2\/posts\/4583\/revisions"}],"predecessor-version":[{"id":4585,"href":"https:\/\/vasasbasket.hu\/index.php\/wp-json\/wp\/v2\/posts\/4583\/revisions\/4585"}],"wp:featuredmedia":[{"embeddable":true,"href":"https:\/\/vasasbasket.hu\/index.php\/wp-json\/wp\/v2\/media\/4584"}],"wp:attachment":[{"href":"https:\/\/vasasbasket.hu\/index.php\/wp-json\/wp\/v2\/media?parent=4583"}],"wp:term":[{"taxonomy":"category","embeddable":true,"href":"https:\/\/vasasbasket.hu\/index.php\/wp-json\/wp\/v2\/categories?post=4583"},{"taxonomy":"post_tag","embeddable":true,"href":"https:\/\/vasasbasket.hu\/index.php\/wp-json\/wp\/v2\/tags?post=4583"}],"curies":[{"name":"wp","href":"https:\/\/api.w.org\/{rel}","templated":true}]}}