{"id":4561,"date":"2018-11-25T20:55:00","date_gmt":"2018-11-25T20:55:00","guid":{"rendered":"http:\/\/vasasbasket.hu\/?p=4561"},"modified":"2018-11-25T20:57:17","modified_gmt":"2018-11-25T20:57:17","slug":"junior-csapatunk-ket-merkozest-is-jatszott-a-heten","status":"publish","type":"post","link":"https:\/\/vasasbasket.hu\/index.php\/junior-csapatunk-ket-merkozest-is-jatszott-a-heten\/","title":{"rendered":"Junior csapatunk k\u00e9t m\u00e9rk\u0151z\u00e9st is j\u00e1tszott a h\u00e9ten"},"content":{"rendered":"<p><strong>U18-as koroszt\u00e1lyunknak s\u0171r\u0171 hete volt, cs\u00fct\u00f6rt\u00f6k\u00f6n a T\u00f6rekv\u00e9s SE ellen l\u00e9pett p\u00e1ly\u00e1ra, \u00e9s 43-67-re gy\u0151zni tudott, ma pedig itthon fogadta a PEAC-Kos\u00e1rlabda Akad\u00e9mia csapat\u00e1t. Ut\u00f3bbi m\u00e9rk\u0151z\u00e9sen l\u00e1nyaink 63-76-os veres\u00e9get szenvedtek.<\/strong><\/p>\n<p>Cs\u00fct\u00f6rt\u00f6k\u00f6n l\u00e1nyaink a T\u00f6rekv\u00e9s ellen l\u00e9ptek p\u00e1ly\u00e1ra. Szoros k\u00fczdelmet hozott a k\u00e9t csapat p\u00e1rharca, az els\u0151 t\u00edz percet k\u00f6vet\u0151en fej-fej mellett \u00e1llt a k\u00e9t csapat. A m\u00e1sodik j\u00e1t\u00e9kr\u00e9sz sem billent \u00e1t a m\u00e9rleg egyik oldalra sem, a f\u00e9lid\u0151re mind\u00f6ssze k\u00e9t pontos el\u0151nnyel mehett\u00fcnk pihenni. A harmadik \u00e9s negyedik negyedben azonban feljavult a v\u00e9dekez\u00e9s\u00fcnk, a sok munka pedig kifizet\u0151d\u00f6tt a m\u00e1sik pal\u00e1nk alatt.<\/p>\n<p><em>\u201eNehezen gy\u0151zt\u00fcnk, de \u00f6r\u00fcl\u00f6k, hogy a csapat a v\u00e9gs\u0151kig k\u00fczd\u00f6tt. Az els\u0151 f\u00e9lid\u0151ben akadtak hib\u00e1k a v\u00e9dekez\u00e9sben, amit ellenfel\u00fcnk sorra kihaszn\u00e1lt, \u00edgy tartott\u00e1k vel\u00fcnk a l\u00e9p\u00e9st. A m\u00e1sodik f\u00e9lid\u0151ben sokkal jobban figyelt\u00fcnk v\u00e9dekez\u00e9sben, \u00e9s sokkal prec\u00edzebben j\u00e1tszottunk t\u00e1mad\u00e1sban is. Smailbegivic Nadia, Mudra Viola \u00e9s T\u00f3th Fruzsi a mai napon nagyon sokat hozz\u00e1tettek a sikerhez\u201d<\/em> \u2013 mondta a csapat edz\u0151je, Igor Skocovski.<\/p>\n<p><strong>T\u00f6r\u00f6k Fl\u00f3ris T\u00f6rekv\u00e9s SE &#8211; Vasas Akad\u00e9mia 43-67<\/strong> (14-14, 14-16, 8-15, 7-22)<br \/>\n<em>Pontszerz\u0151k:<\/em><br \/>\n<strong>Vasas Akad\u00e9mia:<\/strong> Bud\u00e1csik D. 7, Kun R. 8, V\u00edgh B. 3, D\u00fal T. 8, Mudra V. 9, Smailbegivic N. 10, Boros B., Altman A. 6, T\u00f3th F. 8, Boros L. 2, Eszt\u00e1ri T. 6<\/p>\n<p><img loading=\"lazy\" decoding=\"async\" class=\" wp-image-4563 aligncenter\" src=\"http:\/\/vasasbasket.hu\/wp-content\/uploads\/2018\/11\/Zdj\u0119cie-25.11.2018-12-49-33-e1543179229469-300x167.jpg\" alt=\"\" width=\"490\" height=\"273\" srcset=\"https:\/\/vasasbasket.hu\/wp-content\/uploads\/2018\/11\/Zdj\u0119cie-25.11.2018-12-49-33-e1543179229469-300x167.jpg 300w, https:\/\/vasasbasket.hu\/wp-content\/uploads\/2018\/11\/Zdj\u0119cie-25.11.2018-12-49-33-e1543179229469-570x318.jpg 570w, https:\/\/vasasbasket.hu\/wp-content\/uploads\/2018\/11\/Zdj\u0119cie-25.11.2018-12-49-33-e1543179229469-440x245.jpg 440w, https:\/\/vasasbasket.hu\/wp-content\/uploads\/2018\/11\/Zdj\u0119cie-25.11.2018-12-49-33-e1543179229469-768x428.jpg 768w, https:\/\/vasasbasket.hu\/wp-content\/uploads\/2018\/11\/Zdj\u0119cie-25.11.2018-12-49-33-e1543179229469-1024x571.jpg 1024w, https:\/\/vasasbasket.hu\/wp-content\/uploads\/2018\/11\/Zdj\u0119cie-25.11.2018-12-49-33-e1543179229469-128x71.jpg 128w, https:\/\/vasasbasket.hu\/wp-content\/uploads\/2018\/11\/Zdj\u0119cie-25.11.2018-12-49-33-e1543179229469-32x18.jpg 32w, https:\/\/vasasbasket.hu\/wp-content\/uploads\/2018\/11\/Zdj\u0119cie-25.11.2018-12-49-33-e1543179229469-1170x650.jpg 1170w, https:\/\/vasasbasket.hu\/wp-content\/uploads\/2018\/11\/Zdj\u0119cie-25.11.2018-12-49-33-e1543179229469-98x55.jpg 98w\" sizes=\"auto, (max-width: 490px) 100vw, 490px\" \/><\/p>\n<p>A h\u00e9tk\u00f6zi m\u00e9rk\u0151z\u00e9st k\u00f6vet\u0151en, ma d\u00e9lut\u00e1n a PEAC csapata l\u00e1togatott el Pasar\u00e9tre, melyt\u0151l csapatunk idegenben kikapott okt\u00f3ber k\u00f6zep\u00e9n. Csak\u00fagy, mint P\u00e9csett, hazai p\u00e1ly\u00e1n is szoros h\u00e1rom negyedet j\u00e1tszottunk, azonban az utols\u00f3 t\u00edz percben most is elh\u00fazott ellenfel\u00fcnk.<\/p>\n<p><em>\u201eNem olyan csapatteljes\u00edtm\u00e9nyt l\u00e1thattunk a mai meccsen, mint amilyet kellett volna. A v\u00e9g\u00e9re teljesen sz\u00e9tesett a t\u00e1mad\u00e1sunk \u00e9s a v\u00e9dekez\u00e9s\u00fcnk is. Harminc percig tudtuk tartani a l\u00e9p\u00e9st, \u00e9s voltak sz\u00e9p egy\u00e9ni akci\u00f3k is, de sajnos ez nem volt el\u00e9g. Sok hiba volt v\u00e9dekez\u00e9sben, amit az ellenf\u00e9l mindig kihaszn\u00e1lt, \u00e9s v\u00e9g\u00fcl gy\u0151z\u00f6tt is. Sokat kell dolgoznunk, hogy meg\u00e9rt\u00e9s\u00fck mi az a csapatj\u00e1t\u00e9k, feladat \u00e9s felel\u0151ss\u00e9g. Elegend\u0151 id\u0151nk van, \u00e9s b\u00edzom benne, hogy ez csak meger\u0151s\u00edtette a csapatot. Bud\u00e1csik Dorka, Smailbegovic Nadia \u00e9s Vigh Bernadett voltak a mai h\u00faz\u00f3embereink\u201d<\/em> &#8211; \u00e9rt\u00e9kelt Igor Skocovski.<\/p>\n<p><strong>Vasas Akad\u00e9mia \u2013 PEAC-Kos\u00e1rlabda Akad\u00e9mia 63-76<\/strong> (16-17, 22-15, 14-19, 11-25)<br \/>\n<em>Pontszerz\u0151k:<\/em><br \/>\n<strong>Vasas Akad\u00e9mia:<\/strong> Bud\u00e1csik D. 15, Kun R., V\u00edgh B. 11, Mudra V. 3, Smailbegovic N 18, Boros B. 6, Varga A., Altman A., Szerencs\u00e9s T. 6, T\u00f3th F. 4, Dombai R., Eszt\u00e1ri T.,<br \/>\n<strong>PEAC-Kos\u00e1rlabda Akad\u00e9mia:<\/strong> Wentzel N. 15, Sz\u0171cs N. 8, Varga E. 11, Solymosi P., Wentzel H., Kov\u00e1cs \u0150., Habling L. 8, Heged\u0171s R., Kaposi F. 4, Palaczki R., Vojinovic M. 19, Selcova I. 10<\/p>\n","protected":false},"excerpt":{"rendered":"<p>U18-as koroszt\u00e1lyunknak s\u0171r\u0171 hete volt, cs\u00fct\u00f6rt\u00f6k\u00f6n a T\u00f6rekv\u00e9s SE ellen l\u00e9pett p\u00e1ly\u00e1ra, \u00e9s 43-67-re gy\u0151zni tudott, ma pedig itthon fogadta a PEAC-Kos\u00e1rlabda Akad\u00e9mia csapat\u00e1t. Ut\u00f3bbi m\u00e9rk\u0151z\u00e9sen l\u00e1nyaink 63-76-os veres\u00e9get szenvedtek. Cs\u00fct\u00f6rt\u00f6k\u00f6n l\u00e1nyaink a T\u00f6rekv\u00e9s ellen l\u00e9ptek p\u00e1ly\u00e1ra. Szoros k\u00fczdelmet hozott a k\u00e9t csapat p\u00e1rharca, az els\u0151 t\u00edz percet k\u00f6vet\u0151en fej-fej mellett \u00e1llt a k\u00e9t csapat&#8230;.<\/p>\n","protected":false},"author":1,"featured_media":4562,"comment_status":"closed","ping_status":"open","sticky":false,"template":"","format":"standard","meta":{"footnotes":""},"categories":[50,92],"tags":[],"class_list":["post-4561","post","type-post","status-publish","format-standard","has-post-thumbnail","hentry","category-junior","category-hirek"],"yoast_head":"<!-- This site is optimized with the Yoast SEO plugin v26.0 - https:\/\/yoast.com\/wordpress\/plugins\/seo\/ -->\n<title>Junior csapatunk k\u00e9t m\u00e9rk\u0151z\u00e9st is j\u00e1tszott a h\u00e9ten - Vasas n\u0151i kos\u00e1rlabda<\/title>\n<meta name=\"robots\" content=\"index, follow, max-snippet:-1, max-image-preview:large, max-video-preview:-1\" \/>\n<link rel=\"canonical\" href=\"https:\/\/vasasbasket.hu\/index.php\/junior-csapatunk-ket-merkozest-is-jatszott-a-heten\/\" \/>\n<meta property=\"og:locale\" content=\"hu_HU\" \/>\n<meta property=\"og:type\" content=\"article\" \/>\n<meta property=\"og:title\" content=\"Junior csapatunk k\u00e9t m\u00e9rk\u0151z\u00e9st is j\u00e1tszott a h\u00e9ten - Vasas n\u0151i kos\u00e1rlabda\" \/>\n<meta property=\"og:description\" content=\"U18-as koroszt\u00e1lyunknak s\u0171r\u0171 hete volt, cs\u00fct\u00f6rt\u00f6k\u00f6n a T\u00f6rekv\u00e9s SE ellen l\u00e9pett p\u00e1ly\u00e1ra, \u00e9s 43-67-re gy\u0151zni tudott, ma pedig itthon fogadta a PEAC-Kos\u00e1rlabda Akad\u00e9mia csapat\u00e1t. Ut\u00f3bbi m\u00e9rk\u0151z\u00e9sen l\u00e1nyaink 63-76-os veres\u00e9get szenvedtek. Cs\u00fct\u00f6rt\u00f6k\u00f6n l\u00e1nyaink a T\u00f6rekv\u00e9s ellen l\u00e9ptek p\u00e1ly\u00e1ra. Szoros k\u00fczdelmet hozott a k\u00e9t csapat p\u00e1rharca, az els\u0151 t\u00edz percet k\u00f6vet\u0151en fej-fej mellett \u00e1llt a k\u00e9t csapat....\" \/>\n<meta property=\"og:url\" content=\"https:\/\/vasasbasket.hu\/index.php\/junior-csapatunk-ket-merkozest-is-jatszott-a-heten\/\" \/>\n<meta property=\"og:site_name\" content=\"Vasas n\u0151i kos\u00e1rlabda\" \/>\n<meta property=\"article:publisher\" content=\"https:\/\/www.facebook.com\/vasaswbasket\/\" \/>\n<meta property=\"article:published_time\" content=\"2018-11-25T20:55:00+00:00\" \/>\n<meta property=\"article:modified_time\" content=\"2018-11-25T20:57:17+00:00\" \/>\n<meta property=\"og:image\" content=\"https:\/\/vasasbasket.hu\/wp-content\/uploads\/2018\/11\/Zdj\u0119cie-25.11.2018-12-59-31-scaled.jpg\" \/>\n\t<meta property=\"og:image:width\" content=\"2560\" \/>\n\t<meta property=\"og:image:height\" content=\"1920\" \/>\n\t<meta property=\"og:image:type\" content=\"image\/jpeg\" \/>\n<meta name=\"author\" content=\"admin\" \/>\n<meta name=\"twitter:card\" content=\"summary_large_image\" \/>\n<meta name=\"twitter:label1\" content=\"Szerz\u0151:\" \/>\n\t<meta name=\"twitter:data1\" content=\"admin\" \/>\n\t<meta name=\"twitter:label2\" content=\"Becs\u00fclt olvas\u00e1si id\u0151\" \/>\n\t<meta name=\"twitter:data2\" content=\"3 perc\" \/>\n<script type=\"application\/ld+json\" class=\"yoast-schema-graph\">{\"@context\":\"https:\/\/schema.org\",\"@graph\":[{\"@type\":\"Article\",\"@id\":\"https:\/\/vasasbasket.hu\/index.php\/junior-csapatunk-ket-merkozest-is-jatszott-a-heten\/#article\",\"isPartOf\":{\"@id\":\"https:\/\/vasasbasket.hu\/index.php\/junior-csapatunk-ket-merkozest-is-jatszott-a-heten\/\"},\"author\":{\"name\":\"admin\",\"@id\":\"https:\/\/vasasbasket.hu\/#\/schema\/person\/f1085f4d2c6582d8d0f977e92de2edee\"},\"headline\":\"Junior csapatunk k\u00e9t m\u00e9rk\u0151z\u00e9st is j\u00e1tszott a h\u00e9ten\",\"datePublished\":\"2018-11-25T20:55:00+00:00\",\"dateModified\":\"2018-11-25T20:57:17+00:00\",\"mainEntityOfPage\":{\"@id\":\"https:\/\/vasasbasket.hu\/index.php\/junior-csapatunk-ket-merkozest-is-jatszott-a-heten\/\"},\"wordCount\":575,\"publisher\":{\"@id\":\"https:\/\/vasasbasket.hu\/#organization\"},\"image\":{\"@id\":\"https:\/\/vasasbasket.hu\/index.php\/junior-csapatunk-ket-merkozest-is-jatszott-a-heten\/#primaryimage\"},\"thumbnailUrl\":\"https:\/\/vasasbasket.hu\/wp-content\/uploads\/2018\/11\/Zdj\u0119cie-25.11.2018-12-59-31-scaled.jpg\",\"articleSection\":[\"Junior\",\"\u00d6sszes H\u00edr\"],\"inLanguage\":\"hu\"},{\"@type\":\"WebPage\",\"@id\":\"https:\/\/vasasbasket.hu\/index.php\/junior-csapatunk-ket-merkozest-is-jatszott-a-heten\/\",\"url\":\"https:\/\/vasasbasket.hu\/index.php\/junior-csapatunk-ket-merkozest-is-jatszott-a-heten\/\",\"name\":\"Junior csapatunk k\u00e9t m\u00e9rk\u0151z\u00e9st is j\u00e1tszott a h\u00e9ten - Vasas n\u0151i kos\u00e1rlabda\",\"isPartOf\":{\"@id\":\"https:\/\/vasasbasket.hu\/#website\"},\"primaryImageOfPage\":{\"@id\":\"https:\/\/vasasbasket.hu\/index.php\/junior-csapatunk-ket-merkozest-is-jatszott-a-heten\/#primaryimage\"},\"image\":{\"@id\":\"https:\/\/vasasbasket.hu\/index.php\/junior-csapatunk-ket-merkozest-is-jatszott-a-heten\/#primaryimage\"},\"thumbnailUrl\":\"https:\/\/vasasbasket.hu\/wp-content\/uploads\/2018\/11\/Zdj\u0119cie-25.11.2018-12-59-31-scaled.jpg\",\"datePublished\":\"2018-11-25T20:55:00+00:00\",\"dateModified\":\"2018-11-25T20:57:17+00:00\",\"breadcrumb\":{\"@id\":\"https:\/\/vasasbasket.hu\/index.php\/junior-csapatunk-ket-merkozest-is-jatszott-a-heten\/#breadcrumb\"},\"inLanguage\":\"hu\",\"potentialAction\":[{\"@type\":\"ReadAction\",\"target\":[\"https:\/\/vasasbasket.hu\/index.php\/junior-csapatunk-ket-merkozest-is-jatszott-a-heten\/\"]}]},{\"@type\":\"ImageObject\",\"inLanguage\":\"hu\",\"@id\":\"https:\/\/vasasbasket.hu\/index.php\/junior-csapatunk-ket-merkozest-is-jatszott-a-heten\/#primaryimage\",\"url\":\"https:\/\/vasasbasket.hu\/wp-content\/uploads\/2018\/11\/Zdj\u0119cie-25.11.2018-12-59-31-scaled.jpg\",\"contentUrl\":\"https:\/\/vasasbasket.hu\/wp-content\/uploads\/2018\/11\/Zdj\u0119cie-25.11.2018-12-59-31-scaled.jpg\",\"width\":2560,\"height\":1920},{\"@type\":\"BreadcrumbList\",\"@id\":\"https:\/\/vasasbasket.hu\/index.php\/junior-csapatunk-ket-merkozest-is-jatszott-a-heten\/#breadcrumb\",\"itemListElement\":[{\"@type\":\"ListItem\",\"position\":1,\"name\":\"Kezd\u0151lap\",\"item\":\"https:\/\/vasasbasket.hu\/\"},{\"@type\":\"ListItem\",\"position\":2,\"name\":\"Junior csapatunk k\u00e9t m\u00e9rk\u0151z\u00e9st is j\u00e1tszott a h\u00e9ten\"}]},{\"@type\":\"WebSite\",\"@id\":\"https:\/\/vasasbasket.hu\/#website\",\"url\":\"https:\/\/vasasbasket.hu\/\",\"name\":\"Vasas n\u0151i kos\u00e1rlabda\",\"description\":\"Vasas Basket N\u0151i\",\"publisher\":{\"@id\":\"https:\/\/vasasbasket.hu\/#organization\"},\"potentialAction\":[{\"@type\":\"SearchAction\",\"target\":{\"@type\":\"EntryPoint\",\"urlTemplate\":\"https:\/\/vasasbasket.hu\/?s={search_term_string}\"},\"query-input\":{\"@type\":\"PropertyValueSpecification\",\"valueRequired\":true,\"valueName\":\"search_term_string\"}}],\"inLanguage\":\"hu\"},{\"@type\":\"Organization\",\"@id\":\"https:\/\/vasasbasket.hu\/#organization\",\"name\":\"Vasas n\u0151i kos\u00e1rlabda\",\"url\":\"https:\/\/vasasbasket.hu\/\",\"logo\":{\"@type\":\"ImageObject\",\"inLanguage\":\"hu\",\"@id\":\"https:\/\/vasasbasket.hu\/#\/schema\/logo\/image\/\",\"url\":\"https:\/\/vasasbasket.hu\/wp-content\/uploads\/2017\/03\/vasas_cimer_1200.jpg\",\"contentUrl\":\"https:\/\/vasasbasket.hu\/wp-content\/uploads\/2017\/03\/vasas_cimer_1200.jpg\",\"width\":1200,\"height\":1200,\"caption\":\"Vasas n\u0151i kos\u00e1rlabda\"},\"image\":{\"@id\":\"https:\/\/vasasbasket.hu\/#\/schema\/logo\/image\/\"},\"sameAs\":[\"https:\/\/www.facebook.com\/vasaswbasket\/\"]},{\"@type\":\"Person\",\"@id\":\"https:\/\/vasasbasket.hu\/#\/schema\/person\/f1085f4d2c6582d8d0f977e92de2edee\",\"name\":\"admin\",\"image\":{\"@type\":\"ImageObject\",\"inLanguage\":\"hu\",\"@id\":\"https:\/\/vasasbasket.hu\/#\/schema\/person\/image\/\",\"url\":\"https:\/\/secure.gravatar.com\/avatar\/645c92f7d9cfe02bd93ce2d1cfa11cd3a268bdfe65486552ff04b193cea07634?s=96&d=mm&r=g\",\"contentUrl\":\"https:\/\/secure.gravatar.com\/avatar\/645c92f7d9cfe02bd93ce2d1cfa11cd3a268bdfe65486552ff04b193cea07634?s=96&d=mm&r=g\",\"caption\":\"admin\"},\"url\":\"https:\/\/vasasbasket.hu\/index.php\/author\/admin\/\"}]}<\/script>\n<!-- \/ Yoast SEO plugin. -->","yoast_head_json":{"title":"Junior csapatunk k\u00e9t m\u00e9rk\u0151z\u00e9st is j\u00e1tszott a h\u00e9ten - Vasas n\u0151i kos\u00e1rlabda","robots":{"index":"index","follow":"follow","max-snippet":"max-snippet:-1","max-image-preview":"max-image-preview:large","max-video-preview":"max-video-preview:-1"},"canonical":"https:\/\/vasasbasket.hu\/index.php\/junior-csapatunk-ket-merkozest-is-jatszott-a-heten\/","og_locale":"hu_HU","og_type":"article","og_title":"Junior csapatunk k\u00e9t m\u00e9rk\u0151z\u00e9st is j\u00e1tszott a h\u00e9ten - Vasas n\u0151i kos\u00e1rlabda","og_description":"U18-as koroszt\u00e1lyunknak s\u0171r\u0171 hete volt, cs\u00fct\u00f6rt\u00f6k\u00f6n a T\u00f6rekv\u00e9s SE ellen l\u00e9pett p\u00e1ly\u00e1ra, \u00e9s 43-67-re gy\u0151zni tudott, ma pedig itthon fogadta a PEAC-Kos\u00e1rlabda Akad\u00e9mia csapat\u00e1t. Ut\u00f3bbi m\u00e9rk\u0151z\u00e9sen l\u00e1nyaink 63-76-os veres\u00e9get szenvedtek. Cs\u00fct\u00f6rt\u00f6k\u00f6n l\u00e1nyaink a T\u00f6rekv\u00e9s ellen l\u00e9ptek p\u00e1ly\u00e1ra. Szoros k\u00fczdelmet hozott a k\u00e9t csapat p\u00e1rharca, az els\u0151 t\u00edz percet k\u00f6vet\u0151en fej-fej mellett \u00e1llt a k\u00e9t csapat....","og_url":"https:\/\/vasasbasket.hu\/index.php\/junior-csapatunk-ket-merkozest-is-jatszott-a-heten\/","og_site_name":"Vasas n\u0151i kos\u00e1rlabda","article_publisher":"https:\/\/www.facebook.com\/vasaswbasket\/","article_published_time":"2018-11-25T20:55:00+00:00","article_modified_time":"2018-11-25T20:57:17+00:00","og_image":[{"width":2560,"height":1920,"url":"https:\/\/vasasbasket.hu\/wp-content\/uploads\/2018\/11\/Zdj\u0119cie-25.11.2018-12-59-31-scaled.jpg","type":"image\/jpeg"}],"author":"admin","twitter_card":"summary_large_image","twitter_misc":{"Szerz\u0151:":"admin","Becs\u00fclt olvas\u00e1si id\u0151":"3 perc"},"schema":{"@context":"https:\/\/schema.org","@graph":[{"@type":"Article","@id":"https:\/\/vasasbasket.hu\/index.php\/junior-csapatunk-ket-merkozest-is-jatszott-a-heten\/#article","isPartOf":{"@id":"https:\/\/vasasbasket.hu\/index.php\/junior-csapatunk-ket-merkozest-is-jatszott-a-heten\/"},"author":{"name":"admin","@id":"https:\/\/vasasbasket.hu\/#\/schema\/person\/f1085f4d2c6582d8d0f977e92de2edee"},"headline":"Junior csapatunk k\u00e9t m\u00e9rk\u0151z\u00e9st is j\u00e1tszott a h\u00e9ten","datePublished":"2018-11-25T20:55:00+00:00","dateModified":"2018-11-25T20:57:17+00:00","mainEntityOfPage":{"@id":"https:\/\/vasasbasket.hu\/index.php\/junior-csapatunk-ket-merkozest-is-jatszott-a-heten\/"},"wordCount":575,"publisher":{"@id":"https:\/\/vasasbasket.hu\/#organization"},"image":{"@id":"https:\/\/vasasbasket.hu\/index.php\/junior-csapatunk-ket-merkozest-is-jatszott-a-heten\/#primaryimage"},"thumbnailUrl":"https:\/\/vasasbasket.hu\/wp-content\/uploads\/2018\/11\/Zdj\u0119cie-25.11.2018-12-59-31-scaled.jpg","articleSection":["Junior","\u00d6sszes H\u00edr"],"inLanguage":"hu"},{"@type":"WebPage","@id":"https:\/\/vasasbasket.hu\/index.php\/junior-csapatunk-ket-merkozest-is-jatszott-a-heten\/","url":"https:\/\/vasasbasket.hu\/index.php\/junior-csapatunk-ket-merkozest-is-jatszott-a-heten\/","name":"Junior csapatunk k\u00e9t m\u00e9rk\u0151z\u00e9st is j\u00e1tszott a h\u00e9ten - Vasas n\u0151i kos\u00e1rlabda","isPartOf":{"@id":"https:\/\/vasasbasket.hu\/#website"},"primaryImageOfPage":{"@id":"https:\/\/vasasbasket.hu\/index.php\/junior-csapatunk-ket-merkozest-is-jatszott-a-heten\/#primaryimage"},"image":{"@id":"https:\/\/vasasbasket.hu\/index.php\/junior-csapatunk-ket-merkozest-is-jatszott-a-heten\/#primaryimage"},"thumbnailUrl":"https:\/\/vasasbasket.hu\/wp-content\/uploads\/2018\/11\/Zdj\u0119cie-25.11.2018-12-59-31-scaled.jpg","datePublished":"2018-11-25T20:55:00+00:00","dateModified":"2018-11-25T20:57:17+00:00","breadcrumb":{"@id":"https:\/\/vasasbasket.hu\/index.php\/junior-csapatunk-ket-merkozest-is-jatszott-a-heten\/#breadcrumb"},"inLanguage":"hu","potentialAction":[{"@type":"ReadAction","target":["https:\/\/vasasbasket.hu\/index.php\/junior-csapatunk-ket-merkozest-is-jatszott-a-heten\/"]}]},{"@type":"ImageObject","inLanguage":"hu","@id":"https:\/\/vasasbasket.hu\/index.php\/junior-csapatunk-ket-merkozest-is-jatszott-a-heten\/#primaryimage","url":"https:\/\/vasasbasket.hu\/wp-content\/uploads\/2018\/11\/Zdj\u0119cie-25.11.2018-12-59-31-scaled.jpg","contentUrl":"https:\/\/vasasbasket.hu\/wp-content\/uploads\/2018\/11\/Zdj\u0119cie-25.11.2018-12-59-31-scaled.jpg","width":2560,"height":1920},{"@type":"BreadcrumbList","@id":"https:\/\/vasasbasket.hu\/index.php\/junior-csapatunk-ket-merkozest-is-jatszott-a-heten\/#breadcrumb","itemListElement":[{"@type":"ListItem","position":1,"name":"Kezd\u0151lap","item":"https:\/\/vasasbasket.hu\/"},{"@type":"ListItem","position":2,"name":"Junior csapatunk k\u00e9t m\u00e9rk\u0151z\u00e9st is j\u00e1tszott a h\u00e9ten"}]},{"@type":"WebSite","@id":"https:\/\/vasasbasket.hu\/#website","url":"https:\/\/vasasbasket.hu\/","name":"Vasas n\u0151i kos\u00e1rlabda","description":"Vasas Basket N\u0151i","publisher":{"@id":"https:\/\/vasasbasket.hu\/#organization"},"potentialAction":[{"@type":"SearchAction","target":{"@type":"EntryPoint","urlTemplate":"https:\/\/vasasbasket.hu\/?s={search_term_string}"},"query-input":{"@type":"PropertyValueSpecification","valueRequired":true,"valueName":"search_term_string"}}],"inLanguage":"hu"},{"@type":"Organization","@id":"https:\/\/vasasbasket.hu\/#organization","name":"Vasas n\u0151i kos\u00e1rlabda","url":"https:\/\/vasasbasket.hu\/","logo":{"@type":"ImageObject","inLanguage":"hu","@id":"https:\/\/vasasbasket.hu\/#\/schema\/logo\/image\/","url":"https:\/\/vasasbasket.hu\/wp-content\/uploads\/2017\/03\/vasas_cimer_1200.jpg","contentUrl":"https:\/\/vasasbasket.hu\/wp-content\/uploads\/2017\/03\/vasas_cimer_1200.jpg","width":1200,"height":1200,"caption":"Vasas n\u0151i kos\u00e1rlabda"},"image":{"@id":"https:\/\/vasasbasket.hu\/#\/schema\/logo\/image\/"},"sameAs":["https:\/\/www.facebook.com\/vasaswbasket\/"]},{"@type":"Person","@id":"https:\/\/vasasbasket.hu\/#\/schema\/person\/f1085f4d2c6582d8d0f977e92de2edee","name":"admin","image":{"@type":"ImageObject","inLanguage":"hu","@id":"https:\/\/vasasbasket.hu\/#\/schema\/person\/image\/","url":"https:\/\/secure.gravatar.com\/avatar\/645c92f7d9cfe02bd93ce2d1cfa11cd3a268bdfe65486552ff04b193cea07634?s=96&d=mm&r=g","contentUrl":"https:\/\/secure.gravatar.com\/avatar\/645c92f7d9cfe02bd93ce2d1cfa11cd3a268bdfe65486552ff04b193cea07634?s=96&d=mm&r=g","caption":"admin"},"url":"https:\/\/vasasbasket.hu\/index.php\/author\/admin\/"}]}},"_links":{"self":[{"href":"https:\/\/vasasbasket.hu\/index.php\/wp-json\/wp\/v2\/posts\/4561","targetHints":{"allow":["GET"]}}],"collection":[{"href":"https:\/\/vasasbasket.hu\/index.php\/wp-json\/wp\/v2\/posts"}],"about":[{"href":"https:\/\/vasasbasket.hu\/index.php\/wp-json\/wp\/v2\/types\/post"}],"author":[{"embeddable":true,"href":"https:\/\/vasasbasket.hu\/index.php\/wp-json\/wp\/v2\/users\/1"}],"replies":[{"embeddable":true,"href":"https:\/\/vasasbasket.hu\/index.php\/wp-json\/wp\/v2\/comments?post=4561"}],"version-history":[{"count":2,"href":"https:\/\/vasasbasket.hu\/index.php\/wp-json\/wp\/v2\/posts\/4561\/revisions"}],"predecessor-version":[{"id":4565,"href":"https:\/\/vasasbasket.hu\/index.php\/wp-json\/wp\/v2\/posts\/4561\/revisions\/4565"}],"wp:featuredmedia":[{"embeddable":true,"href":"https:\/\/vasasbasket.hu\/index.php\/wp-json\/wp\/v2\/media\/4562"}],"wp:attachment":[{"href":"https:\/\/vasasbasket.hu\/index.php\/wp-json\/wp\/v2\/media?parent=4561"}],"wp:term":[{"taxonomy":"category","embeddable":true,"href":"https:\/\/vasasbasket.hu\/index.php\/wp-json\/wp\/v2\/categories?post=4561"},{"taxonomy":"post_tag","embeddable":true,"href":"https:\/\/vasasbasket.hu\/index.php\/wp-json\/wp\/v2\/tags?post=4561"}],"curies":[{"name":"wp","href":"https:\/\/api.w.org\/{rel}","templated":true}]}}