{"id":4523,"date":"2018-11-18T19:43:48","date_gmt":"2018-11-18T19:43:48","guid":{"rendered":"http:\/\/vasasbasket.hu\/?p=4523"},"modified":"2018-11-20T13:51:42","modified_gmt":"2018-11-20T13:51:42","slug":"megkezdtek-szereplesuket-a-vasas-bolhak","status":"publish","type":"post","link":"https:\/\/vasasbasket.hu\/index.php\/megkezdtek-szereplesuket-a-vasas-bolhak\/","title":{"rendered":"Megkezdt\u00e9k szerepl\u00e9s\u00fcket a Vasas Bolh\u00e1k"},"content":{"rendered":"<p>Gyermek B csapatunk k\u00e9t m\u00e9rk\u0151z\u00e9st is j\u00e1tszott az elm\u00falt napokban. A Bolh\u00e1k egy gy\u0151zelemmel \u00e9s egy veres\u00e9ggel z\u00e1rtak.<\/p>\n<p>Els\u0151 meccs\u00fcnket kicsit megillet\u0151d\u00f6tten kezdt\u00fck, azt\u00e1n hamar magukra tal\u00e1ltak a l\u00e1nyok. Elkezdt\u00fcnk passzolni \u00e9s b\u00e1tran j\u00e1tszani, melynek az els\u0151 negyedben meg is lett az eredm\u00e9nye. A m\u00e1sodik j\u00e1t\u00e9kr\u00e9szre pontatlanok lett\u00fcnk, a v\u00e9dekez\u00e9sre nem fektett\u00fcnk t\u00fal sok energi\u00e1t, amire ellenfel\u00fcnk leind\u00edt\u00e1sokkal v\u00e1laszolt. A m\u00e1sodik f\u00e9lid\u0151ben siker\u00fclt kicsit \u00f6sszeszedni a v\u00e9dekez\u00e9st, de sokszor rossz helyzetet v\u00e1llaltunk el. V\u00e9g\u00fcl az utols\u00f3 negyedre siker\u00fclt megint sz\u00e9p akci\u00f3kb\u00f3l kosarat dobni, de v\u00e9dekez\u00e9sben nem tudtunk annyira feljavulni hogy meg tudjuk nyerni a m\u00e9rk\u0151z\u00e9st.<\/p>\n<p><strong>Vasas Bolh\u00e1k &#8211;<\/strong> K\u0151b\u00e1nyai dar\u00e1zsl\u00e1nyok\/B <strong>35-47<\/strong> (17-8 ; 5+1-18+1 ; 4-8 ; 8-12)<br \/>\n<em>Pontszerz\u0151k:<\/em><br \/>\n<strong>Vasas Bolh\u00e1k:<\/strong> Szab\u00f3 No\u00e9mi 1, Szab\u00f3 Em\u00edlia 5, Galavits Lili 11, Pusk\u00e1s Lili 4, Veszelovszki Hanna 5, K\u00fcsm\u00f6di Eszter 4, Tam\u00e1s Petra 7<\/p>\n<p>A m\u00e1sodik meccs elej\u00e9n nagyon beragadtunk, mintha kint maradtunk volna az \u00f6lt\u00f6z\u0151ben. Fejben nem tudtuk j\u00f3l elkezdeni a m\u00e9rk\u0151z\u00e9st, lehet m\u00e9g az el\u0151z\u0151 meccs j\u00e1rt a l\u00e1nyok fej\u00e9ben. A m\u00e1sodik negyedre siker\u00fclt felr\u00e1zni a csapatot v\u00e9dekez\u00e9sben, amib\u0151l azt\u00e1n t\u00e1mad\u00e1sban j\u00f6ttek is a sz\u00e9p kosarak. A j\u00f3 form\u00e1t siker\u00fclt megtartani a m\u00e9rk\u0151z\u00e9s v\u00e9g\u00e9ig. T\u00e1mad\u00e1sban nagyon sz\u00e9pen \u00e9s pontosan j\u00e1tszottunk, r\u00e1ad\u00e1sul remek\u00fcl j\u00e1rt a labda k\u00e9zr\u0151l k\u00e9zre, amib\u0151l siker\u00fclt sok pontot dobnunk. A negyedik negyedben egy kicsit engedt\u00fcnk v\u00e9dekez\u00e9sben de ott m\u00e1r \u00e9rezt\u00e9k a l\u00e1nyok hogy megvan a meccs, \u00e9s a v\u00e9g\u00e9n hatalmas \u00f6r\u00f6m k\u00f6vette a v\u00e9gs\u0151 s\u00edpsz\u00f3t.<\/p>\n<p><em>&#8222;\u00d6sszess\u00e9g\u00e9ben nagyon el\u00e9gedett voltam a l\u00e1nyokkal, b\u00e1tran j\u00e1tszottak \u00e9s mindig pr\u00f3b\u00e1lt\u00e1k megcsin\u00e1lni azt, amire k\u00e9rtem \u0151ket. Voltak brav\u00faros megmozdul\u00e1sok, sz\u00e9p kosarak, de ami a legfontosabb, mindenki nagyon akart \u00e9s mindent megtett amit tudott&#8221;<\/em> &#8211; mondta a csapat edz\u0151je,\u00a0Kaluha-Guti Alexandra.<\/p>\n<p>J\u00f3zsefv\u00e1rosi KC <strong>&#8211; Vasas Bolh\u00e1k 22-42\u00a0<\/strong>(6-2 ; 0+5 &#8211; 11+3 ; 1-15 ; 10-11)<br \/>\n<em>Pontszerz\u0151k:<\/em><br \/>\n<strong>Vasas Bolh\u00e1k:\u00a0<\/strong>Szab\u00f3 No\u00e9mi 8, Tur\u00f3czy Dalma 2, Galavits Lili 9, Pusk\u00e1s Lili 3, Szab\u00f3 Em\u00edlia 4, Fodor J\u00e1zmin 2, K\u00e1rp\u00e1thegyi L\u00e9da 3, Veszelovszki Hanna 6, K\u00fcsm\u00f6di Eszter 4, Tam\u00e1s Petra 1<\/p>\n","protected":false},"excerpt":{"rendered":"<p>Gyermek B csapatunk k\u00e9t m\u00e9rk\u0151z\u00e9st is j\u00e1tszott az elm\u00falt napokban. A Bolh\u00e1k egy gy\u0151zelemmel \u00e9s egy veres\u00e9ggel z\u00e1rtak. Els\u0151 meccs\u00fcnket kicsit megillet\u0151d\u00f6tten kezdt\u00fck, azt\u00e1n hamar magukra tal\u00e1ltak a l\u00e1nyok. Elkezdt\u00fcnk passzolni \u00e9s b\u00e1tran j\u00e1tszani, melynek az els\u0151 negyedben meg is lett az eredm\u00e9nye. A m\u00e1sodik j\u00e1t\u00e9kr\u00e9szre pontatlanok lett\u00fcnk, a v\u00e9dekez\u00e9sre nem fektett\u00fcnk t\u00fal sok energi\u00e1t,&#8230;<\/p>\n","protected":false},"author":1,"featured_media":4531,"comment_status":"closed","ping_status":"open","sticky":false,"template":"","format":"standard","meta":{"footnotes":""},"categories":[73,92],"tags":[],"class_list":["post-4523","post","type-post","status-publish","format-standard","has-post-thumbnail","hentry","category-gyerek","category-hirek"],"yoast_head":"<!-- This site is optimized with the Yoast SEO plugin v26.0 - https:\/\/yoast.com\/wordpress\/plugins\/seo\/ -->\n<title>Megkezdt\u00e9k szerepl\u00e9s\u00fcket a Vasas Bolh\u00e1k - Vasas n\u0151i kos\u00e1rlabda<\/title>\n<meta name=\"robots\" content=\"index, follow, max-snippet:-1, max-image-preview:large, max-video-preview:-1\" \/>\n<link rel=\"canonical\" href=\"https:\/\/vasasbasket.hu\/index.php\/megkezdtek-szereplesuket-a-vasas-bolhak\/\" \/>\n<meta property=\"og:locale\" content=\"hu_HU\" \/>\n<meta property=\"og:type\" content=\"article\" \/>\n<meta property=\"og:title\" content=\"Megkezdt\u00e9k szerepl\u00e9s\u00fcket a Vasas Bolh\u00e1k - Vasas n\u0151i kos\u00e1rlabda\" \/>\n<meta property=\"og:description\" content=\"Gyermek B csapatunk k\u00e9t m\u00e9rk\u0151z\u00e9st is j\u00e1tszott az elm\u00falt napokban. A Bolh\u00e1k egy gy\u0151zelemmel \u00e9s egy veres\u00e9ggel z\u00e1rtak. Els\u0151 meccs\u00fcnket kicsit megillet\u0151d\u00f6tten kezdt\u00fck, azt\u00e1n hamar magukra tal\u00e1ltak a l\u00e1nyok. Elkezdt\u00fcnk passzolni \u00e9s b\u00e1tran j\u00e1tszani, melynek az els\u0151 negyedben meg is lett az eredm\u00e9nye. A m\u00e1sodik j\u00e1t\u00e9kr\u00e9szre pontatlanok lett\u00fcnk, a v\u00e9dekez\u00e9sre nem fektett\u00fcnk t\u00fal sok energi\u00e1t,...\" \/>\n<meta property=\"og:url\" content=\"https:\/\/vasasbasket.hu\/index.php\/megkezdtek-szereplesuket-a-vasas-bolhak\/\" \/>\n<meta property=\"og:site_name\" content=\"Vasas n\u0151i kos\u00e1rlabda\" \/>\n<meta property=\"article:publisher\" content=\"https:\/\/www.facebook.com\/vasaswbasket\/\" \/>\n<meta property=\"article:published_time\" content=\"2018-11-18T19:43:48+00:00\" \/>\n<meta property=\"article:modified_time\" content=\"2018-11-20T13:51:42+00:00\" \/>\n<meta property=\"og:image\" content=\"https:\/\/vasasbasket.hu\/wp-content\/uploads\/2018\/11\/Bolh\u00e1k-e1542578340698.jpg\" \/>\n\t<meta property=\"og:image:width\" content=\"1879\" \/>\n\t<meta property=\"og:image:height\" content=\"1223\" \/>\n\t<meta property=\"og:image:type\" content=\"image\/jpeg\" \/>\n<meta name=\"author\" content=\"admin\" \/>\n<meta name=\"twitter:card\" content=\"summary_large_image\" \/>\n<meta name=\"twitter:label1\" content=\"Szerz\u0151:\" \/>\n\t<meta name=\"twitter:data1\" content=\"admin\" \/>\n\t<meta name=\"twitter:label2\" content=\"Becs\u00fclt olvas\u00e1si id\u0151\" \/>\n\t<meta name=\"twitter:data2\" content=\"2 perc\" \/>\n<script type=\"application\/ld+json\" class=\"yoast-schema-graph\">{\"@context\":\"https:\/\/schema.org\",\"@graph\":[{\"@type\":\"Article\",\"@id\":\"https:\/\/vasasbasket.hu\/index.php\/megkezdtek-szereplesuket-a-vasas-bolhak\/#article\",\"isPartOf\":{\"@id\":\"https:\/\/vasasbasket.hu\/index.php\/megkezdtek-szereplesuket-a-vasas-bolhak\/\"},\"author\":{\"name\":\"admin\",\"@id\":\"https:\/\/vasasbasket.hu\/#\/schema\/person\/f1085f4d2c6582d8d0f977e92de2edee\"},\"headline\":\"Megkezdt\u00e9k szerepl\u00e9s\u00fcket a Vasas Bolh\u00e1k\",\"datePublished\":\"2018-11-18T19:43:48+00:00\",\"dateModified\":\"2018-11-20T13:51:42+00:00\",\"mainEntityOfPage\":{\"@id\":\"https:\/\/vasasbasket.hu\/index.php\/megkezdtek-szereplesuket-a-vasas-bolhak\/\"},\"wordCount\":455,\"publisher\":{\"@id\":\"https:\/\/vasasbasket.hu\/#organization\"},\"image\":{\"@id\":\"https:\/\/vasasbasket.hu\/index.php\/megkezdtek-szereplesuket-a-vasas-bolhak\/#primaryimage\"},\"thumbnailUrl\":\"https:\/\/vasasbasket.hu\/wp-content\/uploads\/2018\/11\/Bolh\u00e1k-e1542578340698.jpg\",\"articleSection\":[\"Gyerek\",\"\u00d6sszes H\u00edr\"],\"inLanguage\":\"hu\"},{\"@type\":\"WebPage\",\"@id\":\"https:\/\/vasasbasket.hu\/index.php\/megkezdtek-szereplesuket-a-vasas-bolhak\/\",\"url\":\"https:\/\/vasasbasket.hu\/index.php\/megkezdtek-szereplesuket-a-vasas-bolhak\/\",\"name\":\"Megkezdt\u00e9k szerepl\u00e9s\u00fcket a Vasas Bolh\u00e1k - Vasas n\u0151i kos\u00e1rlabda\",\"isPartOf\":{\"@id\":\"https:\/\/vasasbasket.hu\/#website\"},\"primaryImageOfPage\":{\"@id\":\"https:\/\/vasasbasket.hu\/index.php\/megkezdtek-szereplesuket-a-vasas-bolhak\/#primaryimage\"},\"image\":{\"@id\":\"https:\/\/vasasbasket.hu\/index.php\/megkezdtek-szereplesuket-a-vasas-bolhak\/#primaryimage\"},\"thumbnailUrl\":\"https:\/\/vasasbasket.hu\/wp-content\/uploads\/2018\/11\/Bolh\u00e1k-e1542578340698.jpg\",\"datePublished\":\"2018-11-18T19:43:48+00:00\",\"dateModified\":\"2018-11-20T13:51:42+00:00\",\"breadcrumb\":{\"@id\":\"https:\/\/vasasbasket.hu\/index.php\/megkezdtek-szereplesuket-a-vasas-bolhak\/#breadcrumb\"},\"inLanguage\":\"hu\",\"potentialAction\":[{\"@type\":\"ReadAction\",\"target\":[\"https:\/\/vasasbasket.hu\/index.php\/megkezdtek-szereplesuket-a-vasas-bolhak\/\"]}]},{\"@type\":\"ImageObject\",\"inLanguage\":\"hu\",\"@id\":\"https:\/\/vasasbasket.hu\/index.php\/megkezdtek-szereplesuket-a-vasas-bolhak\/#primaryimage\",\"url\":\"https:\/\/vasasbasket.hu\/wp-content\/uploads\/2018\/11\/Bolh\u00e1k-e1542578340698.jpg\",\"contentUrl\":\"https:\/\/vasasbasket.hu\/wp-content\/uploads\/2018\/11\/Bolh\u00e1k-e1542578340698.jpg\",\"width\":1879,\"height\":1223},{\"@type\":\"BreadcrumbList\",\"@id\":\"https:\/\/vasasbasket.hu\/index.php\/megkezdtek-szereplesuket-a-vasas-bolhak\/#breadcrumb\",\"itemListElement\":[{\"@type\":\"ListItem\",\"position\":1,\"name\":\"Kezd\u0151lap\",\"item\":\"https:\/\/vasasbasket.hu\/\"},{\"@type\":\"ListItem\",\"position\":2,\"name\":\"Megkezdt\u00e9k szerepl\u00e9s\u00fcket a Vasas Bolh\u00e1k\"}]},{\"@type\":\"WebSite\",\"@id\":\"https:\/\/vasasbasket.hu\/#website\",\"url\":\"https:\/\/vasasbasket.hu\/\",\"name\":\"Vasas n\u0151i kos\u00e1rlabda\",\"description\":\"Vasas Basket N\u0151i\",\"publisher\":{\"@id\":\"https:\/\/vasasbasket.hu\/#organization\"},\"potentialAction\":[{\"@type\":\"SearchAction\",\"target\":{\"@type\":\"EntryPoint\",\"urlTemplate\":\"https:\/\/vasasbasket.hu\/?s={search_term_string}\"},\"query-input\":{\"@type\":\"PropertyValueSpecification\",\"valueRequired\":true,\"valueName\":\"search_term_string\"}}],\"inLanguage\":\"hu\"},{\"@type\":\"Organization\",\"@id\":\"https:\/\/vasasbasket.hu\/#organization\",\"name\":\"Vasas n\u0151i kos\u00e1rlabda\",\"url\":\"https:\/\/vasasbasket.hu\/\",\"logo\":{\"@type\":\"ImageObject\",\"inLanguage\":\"hu\",\"@id\":\"https:\/\/vasasbasket.hu\/#\/schema\/logo\/image\/\",\"url\":\"https:\/\/vasasbasket.hu\/wp-content\/uploads\/2017\/03\/vasas_cimer_1200.jpg\",\"contentUrl\":\"https:\/\/vasasbasket.hu\/wp-content\/uploads\/2017\/03\/vasas_cimer_1200.jpg\",\"width\":1200,\"height\":1200,\"caption\":\"Vasas n\u0151i kos\u00e1rlabda\"},\"image\":{\"@id\":\"https:\/\/vasasbasket.hu\/#\/schema\/logo\/image\/\"},\"sameAs\":[\"https:\/\/www.facebook.com\/vasaswbasket\/\"]},{\"@type\":\"Person\",\"@id\":\"https:\/\/vasasbasket.hu\/#\/schema\/person\/f1085f4d2c6582d8d0f977e92de2edee\",\"name\":\"admin\",\"image\":{\"@type\":\"ImageObject\",\"inLanguage\":\"hu\",\"@id\":\"https:\/\/vasasbasket.hu\/#\/schema\/person\/image\/\",\"url\":\"https:\/\/secure.gravatar.com\/avatar\/645c92f7d9cfe02bd93ce2d1cfa11cd3a268bdfe65486552ff04b193cea07634?s=96&d=mm&r=g\",\"contentUrl\":\"https:\/\/secure.gravatar.com\/avatar\/645c92f7d9cfe02bd93ce2d1cfa11cd3a268bdfe65486552ff04b193cea07634?s=96&d=mm&r=g\",\"caption\":\"admin\"},\"url\":\"https:\/\/vasasbasket.hu\/index.php\/author\/admin\/\"}]}<\/script>\n<!-- \/ Yoast SEO plugin. -->","yoast_head_json":{"title":"Megkezdt\u00e9k szerepl\u00e9s\u00fcket a Vasas Bolh\u00e1k - Vasas n\u0151i kos\u00e1rlabda","robots":{"index":"index","follow":"follow","max-snippet":"max-snippet:-1","max-image-preview":"max-image-preview:large","max-video-preview":"max-video-preview:-1"},"canonical":"https:\/\/vasasbasket.hu\/index.php\/megkezdtek-szereplesuket-a-vasas-bolhak\/","og_locale":"hu_HU","og_type":"article","og_title":"Megkezdt\u00e9k szerepl\u00e9s\u00fcket a Vasas Bolh\u00e1k - Vasas n\u0151i kos\u00e1rlabda","og_description":"Gyermek B csapatunk k\u00e9t m\u00e9rk\u0151z\u00e9st is j\u00e1tszott az elm\u00falt napokban. A Bolh\u00e1k egy gy\u0151zelemmel \u00e9s egy veres\u00e9ggel z\u00e1rtak. Els\u0151 meccs\u00fcnket kicsit megillet\u0151d\u00f6tten kezdt\u00fck, azt\u00e1n hamar magukra tal\u00e1ltak a l\u00e1nyok. Elkezdt\u00fcnk passzolni \u00e9s b\u00e1tran j\u00e1tszani, melynek az els\u0151 negyedben meg is lett az eredm\u00e9nye. A m\u00e1sodik j\u00e1t\u00e9kr\u00e9szre pontatlanok lett\u00fcnk, a v\u00e9dekez\u00e9sre nem fektett\u00fcnk t\u00fal sok energi\u00e1t,...","og_url":"https:\/\/vasasbasket.hu\/index.php\/megkezdtek-szereplesuket-a-vasas-bolhak\/","og_site_name":"Vasas n\u0151i kos\u00e1rlabda","article_publisher":"https:\/\/www.facebook.com\/vasaswbasket\/","article_published_time":"2018-11-18T19:43:48+00:00","article_modified_time":"2018-11-20T13:51:42+00:00","og_image":[{"width":1879,"height":1223,"url":"https:\/\/vasasbasket.hu\/wp-content\/uploads\/2018\/11\/Bolh\u00e1k-e1542578340698.jpg","type":"image\/jpeg"}],"author":"admin","twitter_card":"summary_large_image","twitter_misc":{"Szerz\u0151:":"admin","Becs\u00fclt olvas\u00e1si id\u0151":"2 perc"},"schema":{"@context":"https:\/\/schema.org","@graph":[{"@type":"Article","@id":"https:\/\/vasasbasket.hu\/index.php\/megkezdtek-szereplesuket-a-vasas-bolhak\/#article","isPartOf":{"@id":"https:\/\/vasasbasket.hu\/index.php\/megkezdtek-szereplesuket-a-vasas-bolhak\/"},"author":{"name":"admin","@id":"https:\/\/vasasbasket.hu\/#\/schema\/person\/f1085f4d2c6582d8d0f977e92de2edee"},"headline":"Megkezdt\u00e9k szerepl\u00e9s\u00fcket a Vasas Bolh\u00e1k","datePublished":"2018-11-18T19:43:48+00:00","dateModified":"2018-11-20T13:51:42+00:00","mainEntityOfPage":{"@id":"https:\/\/vasasbasket.hu\/index.php\/megkezdtek-szereplesuket-a-vasas-bolhak\/"},"wordCount":455,"publisher":{"@id":"https:\/\/vasasbasket.hu\/#organization"},"image":{"@id":"https:\/\/vasasbasket.hu\/index.php\/megkezdtek-szereplesuket-a-vasas-bolhak\/#primaryimage"},"thumbnailUrl":"https:\/\/vasasbasket.hu\/wp-content\/uploads\/2018\/11\/Bolh\u00e1k-e1542578340698.jpg","articleSection":["Gyerek","\u00d6sszes H\u00edr"],"inLanguage":"hu"},{"@type":"WebPage","@id":"https:\/\/vasasbasket.hu\/index.php\/megkezdtek-szereplesuket-a-vasas-bolhak\/","url":"https:\/\/vasasbasket.hu\/index.php\/megkezdtek-szereplesuket-a-vasas-bolhak\/","name":"Megkezdt\u00e9k szerepl\u00e9s\u00fcket a Vasas Bolh\u00e1k - Vasas n\u0151i kos\u00e1rlabda","isPartOf":{"@id":"https:\/\/vasasbasket.hu\/#website"},"primaryImageOfPage":{"@id":"https:\/\/vasasbasket.hu\/index.php\/megkezdtek-szereplesuket-a-vasas-bolhak\/#primaryimage"},"image":{"@id":"https:\/\/vasasbasket.hu\/index.php\/megkezdtek-szereplesuket-a-vasas-bolhak\/#primaryimage"},"thumbnailUrl":"https:\/\/vasasbasket.hu\/wp-content\/uploads\/2018\/11\/Bolh\u00e1k-e1542578340698.jpg","datePublished":"2018-11-18T19:43:48+00:00","dateModified":"2018-11-20T13:51:42+00:00","breadcrumb":{"@id":"https:\/\/vasasbasket.hu\/index.php\/megkezdtek-szereplesuket-a-vasas-bolhak\/#breadcrumb"},"inLanguage":"hu","potentialAction":[{"@type":"ReadAction","target":["https:\/\/vasasbasket.hu\/index.php\/megkezdtek-szereplesuket-a-vasas-bolhak\/"]}]},{"@type":"ImageObject","inLanguage":"hu","@id":"https:\/\/vasasbasket.hu\/index.php\/megkezdtek-szereplesuket-a-vasas-bolhak\/#primaryimage","url":"https:\/\/vasasbasket.hu\/wp-content\/uploads\/2018\/11\/Bolh\u00e1k-e1542578340698.jpg","contentUrl":"https:\/\/vasasbasket.hu\/wp-content\/uploads\/2018\/11\/Bolh\u00e1k-e1542578340698.jpg","width":1879,"height":1223},{"@type":"BreadcrumbList","@id":"https:\/\/vasasbasket.hu\/index.php\/megkezdtek-szereplesuket-a-vasas-bolhak\/#breadcrumb","itemListElement":[{"@type":"ListItem","position":1,"name":"Kezd\u0151lap","item":"https:\/\/vasasbasket.hu\/"},{"@type":"ListItem","position":2,"name":"Megkezdt\u00e9k szerepl\u00e9s\u00fcket a Vasas Bolh\u00e1k"}]},{"@type":"WebSite","@id":"https:\/\/vasasbasket.hu\/#website","url":"https:\/\/vasasbasket.hu\/","name":"Vasas n\u0151i kos\u00e1rlabda","description":"Vasas Basket N\u0151i","publisher":{"@id":"https:\/\/vasasbasket.hu\/#organization"},"potentialAction":[{"@type":"SearchAction","target":{"@type":"EntryPoint","urlTemplate":"https:\/\/vasasbasket.hu\/?s={search_term_string}"},"query-input":{"@type":"PropertyValueSpecification","valueRequired":true,"valueName":"search_term_string"}}],"inLanguage":"hu"},{"@type":"Organization","@id":"https:\/\/vasasbasket.hu\/#organization","name":"Vasas n\u0151i kos\u00e1rlabda","url":"https:\/\/vasasbasket.hu\/","logo":{"@type":"ImageObject","inLanguage":"hu","@id":"https:\/\/vasasbasket.hu\/#\/schema\/logo\/image\/","url":"https:\/\/vasasbasket.hu\/wp-content\/uploads\/2017\/03\/vasas_cimer_1200.jpg","contentUrl":"https:\/\/vasasbasket.hu\/wp-content\/uploads\/2017\/03\/vasas_cimer_1200.jpg","width":1200,"height":1200,"caption":"Vasas n\u0151i kos\u00e1rlabda"},"image":{"@id":"https:\/\/vasasbasket.hu\/#\/schema\/logo\/image\/"},"sameAs":["https:\/\/www.facebook.com\/vasaswbasket\/"]},{"@type":"Person","@id":"https:\/\/vasasbasket.hu\/#\/schema\/person\/f1085f4d2c6582d8d0f977e92de2edee","name":"admin","image":{"@type":"ImageObject","inLanguage":"hu","@id":"https:\/\/vasasbasket.hu\/#\/schema\/person\/image\/","url":"https:\/\/secure.gravatar.com\/avatar\/645c92f7d9cfe02bd93ce2d1cfa11cd3a268bdfe65486552ff04b193cea07634?s=96&d=mm&r=g","contentUrl":"https:\/\/secure.gravatar.com\/avatar\/645c92f7d9cfe02bd93ce2d1cfa11cd3a268bdfe65486552ff04b193cea07634?s=96&d=mm&r=g","caption":"admin"},"url":"https:\/\/vasasbasket.hu\/index.php\/author\/admin\/"}]}},"_links":{"self":[{"href":"https:\/\/vasasbasket.hu\/index.php\/wp-json\/wp\/v2\/posts\/4523","targetHints":{"allow":["GET"]}}],"collection":[{"href":"https:\/\/vasasbasket.hu\/index.php\/wp-json\/wp\/v2\/posts"}],"about":[{"href":"https:\/\/vasasbasket.hu\/index.php\/wp-json\/wp\/v2\/types\/post"}],"author":[{"embeddable":true,"href":"https:\/\/vasasbasket.hu\/index.php\/wp-json\/wp\/v2\/users\/1"}],"replies":[{"embeddable":true,"href":"https:\/\/vasasbasket.hu\/index.php\/wp-json\/wp\/v2\/comments?post=4523"}],"version-history":[{"count":1,"href":"https:\/\/vasasbasket.hu\/index.php\/wp-json\/wp\/v2\/posts\/4523\/revisions"}],"predecessor-version":[{"id":4524,"href":"https:\/\/vasasbasket.hu\/index.php\/wp-json\/wp\/v2\/posts\/4523\/revisions\/4524"}],"wp:featuredmedia":[{"embeddable":true,"href":"https:\/\/vasasbasket.hu\/index.php\/wp-json\/wp\/v2\/media\/4531"}],"wp:attachment":[{"href":"https:\/\/vasasbasket.hu\/index.php\/wp-json\/wp\/v2\/media?parent=4523"}],"wp:term":[{"taxonomy":"category","embeddable":true,"href":"https:\/\/vasasbasket.hu\/index.php\/wp-json\/wp\/v2\/categories?post=4523"},{"taxonomy":"post_tag","embeddable":true,"href":"https:\/\/vasasbasket.hu\/index.php\/wp-json\/wp\/v2\/tags?post=4523"}],"curies":[{"name":"wp","href":"https:\/\/api.w.org\/{rel}","templated":true}]}}