{"id":4518,"date":"2018-11-18T18:42:18","date_gmt":"2018-11-18T18:42:18","guid":{"rendered":"http:\/\/vasasbasket.hu\/?p=4518"},"modified":"2018-11-18T18:42:54","modified_gmt":"2018-11-18T18:42:54","slug":"tovabb-menetelunk-a-hepp-kupaert-folyo-kuzdelemben","status":"publish","type":"post","link":"https:\/\/vasasbasket.hu\/index.php\/tovabb-menetelunk-a-hepp-kupaert-folyo-kuzdelemben\/","title":{"rendered":"Tov\u00e1bb menetel\u00fcnk a Hepp Kup\u00e1\u00e9rt foly\u00f3 k\u00fczdelemben"},"content":{"rendered":"<p><strong>A fiatalok ism\u00e9t nem okoztak csal\u00f3d\u00e1st, a Hepp Kupa m\u00e1sodik fordul\u00f3j\u00e1ban a MAFC csapat\u00e1t siker\u00fclt legy\u0151zn\u00fcnk.<\/strong><\/p>\n<p>A sok m\u00e9rk\u0151z\u00e9s miatt, ezt a m\u00e9rk\u0151z\u00e9st legf\u0151k\u00e9ppen junior \u00e9s kadett koroszt\u00e1llyal j\u00e1tszottuk le. Fiatal j\u00e1t\u00e9kosaink ism\u00e9t b\u00e1tran \u00e9s harcosan j\u00e1tszottak, f\u0151leg a m\u00e1sodik f\u00e9lid\u0151ben. Ez a j\u00e1t\u00e9k, de legf\u0151k\u00e9ppen az agressz\u00edv v\u00e9dekez\u00e9s m\u00e9g egy gy\u0151zelmet eredm\u00e9nyezett \u00e9s a Hepp Kupa k\u00f6vetkez\u0151 k\u00f6r\u00e9be jut\u00e1s\u00e1t.<\/p>\n<p><em>&#8222;Ezen a m\u00e9rk\u0151z\u00e9sen ism\u00e9t minden egyes j\u00e1t\u00e9kos dics\u00e9retet \u00e9rdemel a mutatott j\u00e1t\u00e9k\u00e9rt. J\u00e1t\u00e9kosaink \u00fajra \u00e9s \u00fajra bizony\u00edtj\u00e1k, hogy fiatal koruk ellen\u00e9re k\u00e9pesek nagyot alkotni&#8221;<\/em> &#8211; mondta szakoszt\u00e1lyunk vezet\u0151je, Krivacsevics Dragoljub.<\/p>\n<p><strong>Vasas Akad\u00e9mia &#8211;<\/strong> MAFC <strong>67-59<\/strong> (14-17, 12-16, 21-15, 20-11)<br \/>\n<em>Pontszerz\u0151k:<\/em><br \/>\n<strong>Vasas Akad\u00e9mia:<\/strong> Mudra V. 4,Smailbegovic 17,Madar K. 17\/3,Altman A. 4,Esztari T. 4 Csere: Sitku Zs. 8,Nagy L. 10,Boros L. 2,Toth F. 2<br \/>\n<strong>MAFC:<\/strong> Szabo V. 5,Horvath E. 11\/6,Tarnai K. 20\/6,Aradi Zs. 8,Hercze Sz. 3 Csere: Horvath A. 4,Jehn M.-,Lutche K. 8<\/p>\n","protected":false},"excerpt":{"rendered":"<p>A fiatalok ism\u00e9t nem okoztak csal\u00f3d\u00e1st, a Hepp Kupa m\u00e1sodik fordul\u00f3j\u00e1ban a MAFC csapat\u00e1t siker\u00fclt legy\u0151zn\u00fcnk. A sok m\u00e9rk\u0151z\u00e9s miatt, ezt a m\u00e9rk\u0151z\u00e9st legf\u0151k\u00e9ppen junior \u00e9s kadett koroszt\u00e1llyal j\u00e1tszottuk le. Fiatal j\u00e1t\u00e9kosaink ism\u00e9t b\u00e1tran \u00e9s harcosan j\u00e1tszottak, f\u0151leg a m\u00e1sodik f\u00e9lid\u0151ben. Ez a j\u00e1t\u00e9k, de legf\u0151k\u00e9ppen az agressz\u00edv v\u00e9dekez\u00e9s m\u00e9g egy gy\u0151zelmet eredm\u00e9nyezett \u00e9s a&#8230;<\/p>\n","protected":false},"author":1,"featured_media":4281,"comment_status":"closed","ping_status":"open","sticky":false,"template":"","format":"standard","meta":{"footnotes":""},"categories":[92],"tags":[],"class_list":["post-4518","post","type-post","status-publish","format-standard","has-post-thumbnail","hentry","category-hirek"],"yoast_head":"<!-- This site is optimized with the Yoast SEO plugin v26.0 - https:\/\/yoast.com\/wordpress\/plugins\/seo\/ -->\n<title>Tov\u00e1bb menetel\u00fcnk a Hepp Kup\u00e1\u00e9rt foly\u00f3 k\u00fczdelemben - Vasas n\u0151i kos\u00e1rlabda<\/title>\n<meta name=\"robots\" content=\"index, follow, max-snippet:-1, max-image-preview:large, max-video-preview:-1\" \/>\n<link rel=\"canonical\" href=\"https:\/\/vasasbasket.hu\/index.php\/tovabb-menetelunk-a-hepp-kupaert-folyo-kuzdelemben\/\" \/>\n<meta property=\"og:locale\" content=\"hu_HU\" \/>\n<meta property=\"og:type\" content=\"article\" \/>\n<meta property=\"og:title\" content=\"Tov\u00e1bb menetel\u00fcnk a Hepp Kup\u00e1\u00e9rt foly\u00f3 k\u00fczdelemben - Vasas n\u0151i kos\u00e1rlabda\" \/>\n<meta property=\"og:description\" content=\"A fiatalok ism\u00e9t nem okoztak csal\u00f3d\u00e1st, a Hepp Kupa m\u00e1sodik fordul\u00f3j\u00e1ban a MAFC csapat\u00e1t siker\u00fclt legy\u0151zn\u00fcnk. A sok m\u00e9rk\u0151z\u00e9s miatt, ezt a m\u00e9rk\u0151z\u00e9st legf\u0151k\u00e9ppen junior \u00e9s kadett koroszt\u00e1llyal j\u00e1tszottuk le. Fiatal j\u00e1t\u00e9kosaink ism\u00e9t b\u00e1tran \u00e9s harcosan j\u00e1tszottak, f\u0151leg a m\u00e1sodik f\u00e9lid\u0151ben. Ez a j\u00e1t\u00e9k, de legf\u0151k\u00e9ppen az agressz\u00edv v\u00e9dekez\u00e9s m\u00e9g egy gy\u0151zelmet eredm\u00e9nyezett \u00e9s a...\" \/>\n<meta property=\"og:url\" content=\"https:\/\/vasasbasket.hu\/index.php\/tovabb-menetelunk-a-hepp-kupaert-folyo-kuzdelemben\/\" \/>\n<meta property=\"og:site_name\" content=\"Vasas n\u0151i kos\u00e1rlabda\" \/>\n<meta property=\"article:publisher\" content=\"https:\/\/www.facebook.com\/vasaswbasket\/\" \/>\n<meta property=\"article:published_time\" content=\"2018-11-18T18:42:18+00:00\" \/>\n<meta property=\"article:modified_time\" content=\"2018-11-18T18:42:54+00:00\" \/>\n<meta property=\"og:image\" content=\"https:\/\/vasasbasket.hu\/wp-content\/uploads\/2018\/09\/Vasas-Akad\u00e9mia-NB1B.jpg\" \/>\n\t<meta property=\"og:image:width\" content=\"2000\" \/>\n\t<meta property=\"og:image:height\" content=\"1333\" \/>\n\t<meta property=\"og:image:type\" content=\"image\/jpeg\" \/>\n<meta name=\"author\" content=\"admin\" \/>\n<meta name=\"twitter:card\" content=\"summary_large_image\" \/>\n<meta name=\"twitter:label1\" content=\"Szerz\u0151:\" \/>\n\t<meta name=\"twitter:data1\" content=\"admin\" \/>\n\t<meta name=\"twitter:label2\" content=\"Becs\u00fclt olvas\u00e1si id\u0151\" \/>\n\t<meta name=\"twitter:data2\" content=\"1 perc\" \/>\n<script type=\"application\/ld+json\" class=\"yoast-schema-graph\">{\"@context\":\"https:\/\/schema.org\",\"@graph\":[{\"@type\":\"Article\",\"@id\":\"https:\/\/vasasbasket.hu\/index.php\/tovabb-menetelunk-a-hepp-kupaert-folyo-kuzdelemben\/#article\",\"isPartOf\":{\"@id\":\"https:\/\/vasasbasket.hu\/index.php\/tovabb-menetelunk-a-hepp-kupaert-folyo-kuzdelemben\/\"},\"author\":{\"name\":\"admin\",\"@id\":\"https:\/\/vasasbasket.hu\/#\/schema\/person\/f1085f4d2c6582d8d0f977e92de2edee\"},\"headline\":\"Tov\u00e1bb menetel\u00fcnk a Hepp Kup\u00e1\u00e9rt foly\u00f3 k\u00fczdelemben\",\"datePublished\":\"2018-11-18T18:42:18+00:00\",\"dateModified\":\"2018-11-18T18:42:54+00:00\",\"mainEntityOfPage\":{\"@id\":\"https:\/\/vasasbasket.hu\/index.php\/tovabb-menetelunk-a-hepp-kupaert-folyo-kuzdelemben\/\"},\"wordCount\":215,\"publisher\":{\"@id\":\"https:\/\/vasasbasket.hu\/#organization\"},\"image\":{\"@id\":\"https:\/\/vasasbasket.hu\/index.php\/tovabb-menetelunk-a-hepp-kupaert-folyo-kuzdelemben\/#primaryimage\"},\"thumbnailUrl\":\"https:\/\/vasasbasket.hu\/wp-content\/uploads\/2018\/09\/Vasas-Akad\u00e9mia-NB1B.jpg\",\"articleSection\":[\"\u00d6sszes H\u00edr\"],\"inLanguage\":\"hu\"},{\"@type\":\"WebPage\",\"@id\":\"https:\/\/vasasbasket.hu\/index.php\/tovabb-menetelunk-a-hepp-kupaert-folyo-kuzdelemben\/\",\"url\":\"https:\/\/vasasbasket.hu\/index.php\/tovabb-menetelunk-a-hepp-kupaert-folyo-kuzdelemben\/\",\"name\":\"Tov\u00e1bb menetel\u00fcnk a Hepp Kup\u00e1\u00e9rt foly\u00f3 k\u00fczdelemben - Vasas n\u0151i kos\u00e1rlabda\",\"isPartOf\":{\"@id\":\"https:\/\/vasasbasket.hu\/#website\"},\"primaryImageOfPage\":{\"@id\":\"https:\/\/vasasbasket.hu\/index.php\/tovabb-menetelunk-a-hepp-kupaert-folyo-kuzdelemben\/#primaryimage\"},\"image\":{\"@id\":\"https:\/\/vasasbasket.hu\/index.php\/tovabb-menetelunk-a-hepp-kupaert-folyo-kuzdelemben\/#primaryimage\"},\"thumbnailUrl\":\"https:\/\/vasasbasket.hu\/wp-content\/uploads\/2018\/09\/Vasas-Akad\u00e9mia-NB1B.jpg\",\"datePublished\":\"2018-11-18T18:42:18+00:00\",\"dateModified\":\"2018-11-18T18:42:54+00:00\",\"breadcrumb\":{\"@id\":\"https:\/\/vasasbasket.hu\/index.php\/tovabb-menetelunk-a-hepp-kupaert-folyo-kuzdelemben\/#breadcrumb\"},\"inLanguage\":\"hu\",\"potentialAction\":[{\"@type\":\"ReadAction\",\"target\":[\"https:\/\/vasasbasket.hu\/index.php\/tovabb-menetelunk-a-hepp-kupaert-folyo-kuzdelemben\/\"]}]},{\"@type\":\"ImageObject\",\"inLanguage\":\"hu\",\"@id\":\"https:\/\/vasasbasket.hu\/index.php\/tovabb-menetelunk-a-hepp-kupaert-folyo-kuzdelemben\/#primaryimage\",\"url\":\"https:\/\/vasasbasket.hu\/wp-content\/uploads\/2018\/09\/Vasas-Akad\u00e9mia-NB1B.jpg\",\"contentUrl\":\"https:\/\/vasasbasket.hu\/wp-content\/uploads\/2018\/09\/Vasas-Akad\u00e9mia-NB1B.jpg\",\"width\":2000,\"height\":1333},{\"@type\":\"BreadcrumbList\",\"@id\":\"https:\/\/vasasbasket.hu\/index.php\/tovabb-menetelunk-a-hepp-kupaert-folyo-kuzdelemben\/#breadcrumb\",\"itemListElement\":[{\"@type\":\"ListItem\",\"position\":1,\"name\":\"Kezd\u0151lap\",\"item\":\"https:\/\/vasasbasket.hu\/\"},{\"@type\":\"ListItem\",\"position\":2,\"name\":\"Tov\u00e1bb menetel\u00fcnk a Hepp Kup\u00e1\u00e9rt foly\u00f3 k\u00fczdelemben\"}]},{\"@type\":\"WebSite\",\"@id\":\"https:\/\/vasasbasket.hu\/#website\",\"url\":\"https:\/\/vasasbasket.hu\/\",\"name\":\"Vasas n\u0151i kos\u00e1rlabda\",\"description\":\"Vasas Basket N\u0151i\",\"publisher\":{\"@id\":\"https:\/\/vasasbasket.hu\/#organization\"},\"potentialAction\":[{\"@type\":\"SearchAction\",\"target\":{\"@type\":\"EntryPoint\",\"urlTemplate\":\"https:\/\/vasasbasket.hu\/?s={search_term_string}\"},\"query-input\":{\"@type\":\"PropertyValueSpecification\",\"valueRequired\":true,\"valueName\":\"search_term_string\"}}],\"inLanguage\":\"hu\"},{\"@type\":\"Organization\",\"@id\":\"https:\/\/vasasbasket.hu\/#organization\",\"name\":\"Vasas n\u0151i kos\u00e1rlabda\",\"url\":\"https:\/\/vasasbasket.hu\/\",\"logo\":{\"@type\":\"ImageObject\",\"inLanguage\":\"hu\",\"@id\":\"https:\/\/vasasbasket.hu\/#\/schema\/logo\/image\/\",\"url\":\"https:\/\/vasasbasket.hu\/wp-content\/uploads\/2017\/03\/vasas_cimer_1200.jpg\",\"contentUrl\":\"https:\/\/vasasbasket.hu\/wp-content\/uploads\/2017\/03\/vasas_cimer_1200.jpg\",\"width\":1200,\"height\":1200,\"caption\":\"Vasas n\u0151i kos\u00e1rlabda\"},\"image\":{\"@id\":\"https:\/\/vasasbasket.hu\/#\/schema\/logo\/image\/\"},\"sameAs\":[\"https:\/\/www.facebook.com\/vasaswbasket\/\"]},{\"@type\":\"Person\",\"@id\":\"https:\/\/vasasbasket.hu\/#\/schema\/person\/f1085f4d2c6582d8d0f977e92de2edee\",\"name\":\"admin\",\"image\":{\"@type\":\"ImageObject\",\"inLanguage\":\"hu\",\"@id\":\"https:\/\/vasasbasket.hu\/#\/schema\/person\/image\/\",\"url\":\"https:\/\/secure.gravatar.com\/avatar\/645c92f7d9cfe02bd93ce2d1cfa11cd3a268bdfe65486552ff04b193cea07634?s=96&d=mm&r=g\",\"contentUrl\":\"https:\/\/secure.gravatar.com\/avatar\/645c92f7d9cfe02bd93ce2d1cfa11cd3a268bdfe65486552ff04b193cea07634?s=96&d=mm&r=g\",\"caption\":\"admin\"},\"url\":\"https:\/\/vasasbasket.hu\/index.php\/author\/admin\/\"}]}<\/script>\n<!-- \/ Yoast SEO plugin. -->","yoast_head_json":{"title":"Tov\u00e1bb menetel\u00fcnk a Hepp Kup\u00e1\u00e9rt foly\u00f3 k\u00fczdelemben - Vasas n\u0151i kos\u00e1rlabda","robots":{"index":"index","follow":"follow","max-snippet":"max-snippet:-1","max-image-preview":"max-image-preview:large","max-video-preview":"max-video-preview:-1"},"canonical":"https:\/\/vasasbasket.hu\/index.php\/tovabb-menetelunk-a-hepp-kupaert-folyo-kuzdelemben\/","og_locale":"hu_HU","og_type":"article","og_title":"Tov\u00e1bb menetel\u00fcnk a Hepp Kup\u00e1\u00e9rt foly\u00f3 k\u00fczdelemben - Vasas n\u0151i kos\u00e1rlabda","og_description":"A fiatalok ism\u00e9t nem okoztak csal\u00f3d\u00e1st, a Hepp Kupa m\u00e1sodik fordul\u00f3j\u00e1ban a MAFC csapat\u00e1t siker\u00fclt legy\u0151zn\u00fcnk. A sok m\u00e9rk\u0151z\u00e9s miatt, ezt a m\u00e9rk\u0151z\u00e9st legf\u0151k\u00e9ppen junior \u00e9s kadett koroszt\u00e1llyal j\u00e1tszottuk le. Fiatal j\u00e1t\u00e9kosaink ism\u00e9t b\u00e1tran \u00e9s harcosan j\u00e1tszottak, f\u0151leg a m\u00e1sodik f\u00e9lid\u0151ben. Ez a j\u00e1t\u00e9k, de legf\u0151k\u00e9ppen az agressz\u00edv v\u00e9dekez\u00e9s m\u00e9g egy gy\u0151zelmet eredm\u00e9nyezett \u00e9s a...","og_url":"https:\/\/vasasbasket.hu\/index.php\/tovabb-menetelunk-a-hepp-kupaert-folyo-kuzdelemben\/","og_site_name":"Vasas n\u0151i kos\u00e1rlabda","article_publisher":"https:\/\/www.facebook.com\/vasaswbasket\/","article_published_time":"2018-11-18T18:42:18+00:00","article_modified_time":"2018-11-18T18:42:54+00:00","og_image":[{"width":2000,"height":1333,"url":"https:\/\/vasasbasket.hu\/wp-content\/uploads\/2018\/09\/Vasas-Akad\u00e9mia-NB1B.jpg","type":"image\/jpeg"}],"author":"admin","twitter_card":"summary_large_image","twitter_misc":{"Szerz\u0151:":"admin","Becs\u00fclt olvas\u00e1si id\u0151":"1 perc"},"schema":{"@context":"https:\/\/schema.org","@graph":[{"@type":"Article","@id":"https:\/\/vasasbasket.hu\/index.php\/tovabb-menetelunk-a-hepp-kupaert-folyo-kuzdelemben\/#article","isPartOf":{"@id":"https:\/\/vasasbasket.hu\/index.php\/tovabb-menetelunk-a-hepp-kupaert-folyo-kuzdelemben\/"},"author":{"name":"admin","@id":"https:\/\/vasasbasket.hu\/#\/schema\/person\/f1085f4d2c6582d8d0f977e92de2edee"},"headline":"Tov\u00e1bb menetel\u00fcnk a Hepp Kup\u00e1\u00e9rt foly\u00f3 k\u00fczdelemben","datePublished":"2018-11-18T18:42:18+00:00","dateModified":"2018-11-18T18:42:54+00:00","mainEntityOfPage":{"@id":"https:\/\/vasasbasket.hu\/index.php\/tovabb-menetelunk-a-hepp-kupaert-folyo-kuzdelemben\/"},"wordCount":215,"publisher":{"@id":"https:\/\/vasasbasket.hu\/#organization"},"image":{"@id":"https:\/\/vasasbasket.hu\/index.php\/tovabb-menetelunk-a-hepp-kupaert-folyo-kuzdelemben\/#primaryimage"},"thumbnailUrl":"https:\/\/vasasbasket.hu\/wp-content\/uploads\/2018\/09\/Vasas-Akad\u00e9mia-NB1B.jpg","articleSection":["\u00d6sszes H\u00edr"],"inLanguage":"hu"},{"@type":"WebPage","@id":"https:\/\/vasasbasket.hu\/index.php\/tovabb-menetelunk-a-hepp-kupaert-folyo-kuzdelemben\/","url":"https:\/\/vasasbasket.hu\/index.php\/tovabb-menetelunk-a-hepp-kupaert-folyo-kuzdelemben\/","name":"Tov\u00e1bb menetel\u00fcnk a Hepp Kup\u00e1\u00e9rt foly\u00f3 k\u00fczdelemben - Vasas n\u0151i kos\u00e1rlabda","isPartOf":{"@id":"https:\/\/vasasbasket.hu\/#website"},"primaryImageOfPage":{"@id":"https:\/\/vasasbasket.hu\/index.php\/tovabb-menetelunk-a-hepp-kupaert-folyo-kuzdelemben\/#primaryimage"},"image":{"@id":"https:\/\/vasasbasket.hu\/index.php\/tovabb-menetelunk-a-hepp-kupaert-folyo-kuzdelemben\/#primaryimage"},"thumbnailUrl":"https:\/\/vasasbasket.hu\/wp-content\/uploads\/2018\/09\/Vasas-Akad\u00e9mia-NB1B.jpg","datePublished":"2018-11-18T18:42:18+00:00","dateModified":"2018-11-18T18:42:54+00:00","breadcrumb":{"@id":"https:\/\/vasasbasket.hu\/index.php\/tovabb-menetelunk-a-hepp-kupaert-folyo-kuzdelemben\/#breadcrumb"},"inLanguage":"hu","potentialAction":[{"@type":"ReadAction","target":["https:\/\/vasasbasket.hu\/index.php\/tovabb-menetelunk-a-hepp-kupaert-folyo-kuzdelemben\/"]}]},{"@type":"ImageObject","inLanguage":"hu","@id":"https:\/\/vasasbasket.hu\/index.php\/tovabb-menetelunk-a-hepp-kupaert-folyo-kuzdelemben\/#primaryimage","url":"https:\/\/vasasbasket.hu\/wp-content\/uploads\/2018\/09\/Vasas-Akad\u00e9mia-NB1B.jpg","contentUrl":"https:\/\/vasasbasket.hu\/wp-content\/uploads\/2018\/09\/Vasas-Akad\u00e9mia-NB1B.jpg","width":2000,"height":1333},{"@type":"BreadcrumbList","@id":"https:\/\/vasasbasket.hu\/index.php\/tovabb-menetelunk-a-hepp-kupaert-folyo-kuzdelemben\/#breadcrumb","itemListElement":[{"@type":"ListItem","position":1,"name":"Kezd\u0151lap","item":"https:\/\/vasasbasket.hu\/"},{"@type":"ListItem","position":2,"name":"Tov\u00e1bb menetel\u00fcnk a Hepp Kup\u00e1\u00e9rt foly\u00f3 k\u00fczdelemben"}]},{"@type":"WebSite","@id":"https:\/\/vasasbasket.hu\/#website","url":"https:\/\/vasasbasket.hu\/","name":"Vasas n\u0151i kos\u00e1rlabda","description":"Vasas Basket N\u0151i","publisher":{"@id":"https:\/\/vasasbasket.hu\/#organization"},"potentialAction":[{"@type":"SearchAction","target":{"@type":"EntryPoint","urlTemplate":"https:\/\/vasasbasket.hu\/?s={search_term_string}"},"query-input":{"@type":"PropertyValueSpecification","valueRequired":true,"valueName":"search_term_string"}}],"inLanguage":"hu"},{"@type":"Organization","@id":"https:\/\/vasasbasket.hu\/#organization","name":"Vasas n\u0151i kos\u00e1rlabda","url":"https:\/\/vasasbasket.hu\/","logo":{"@type":"ImageObject","inLanguage":"hu","@id":"https:\/\/vasasbasket.hu\/#\/schema\/logo\/image\/","url":"https:\/\/vasasbasket.hu\/wp-content\/uploads\/2017\/03\/vasas_cimer_1200.jpg","contentUrl":"https:\/\/vasasbasket.hu\/wp-content\/uploads\/2017\/03\/vasas_cimer_1200.jpg","width":1200,"height":1200,"caption":"Vasas n\u0151i kos\u00e1rlabda"},"image":{"@id":"https:\/\/vasasbasket.hu\/#\/schema\/logo\/image\/"},"sameAs":["https:\/\/www.facebook.com\/vasaswbasket\/"]},{"@type":"Person","@id":"https:\/\/vasasbasket.hu\/#\/schema\/person\/f1085f4d2c6582d8d0f977e92de2edee","name":"admin","image":{"@type":"ImageObject","inLanguage":"hu","@id":"https:\/\/vasasbasket.hu\/#\/schema\/person\/image\/","url":"https:\/\/secure.gravatar.com\/avatar\/645c92f7d9cfe02bd93ce2d1cfa11cd3a268bdfe65486552ff04b193cea07634?s=96&d=mm&r=g","contentUrl":"https:\/\/secure.gravatar.com\/avatar\/645c92f7d9cfe02bd93ce2d1cfa11cd3a268bdfe65486552ff04b193cea07634?s=96&d=mm&r=g","caption":"admin"},"url":"https:\/\/vasasbasket.hu\/index.php\/author\/admin\/"}]}},"_links":{"self":[{"href":"https:\/\/vasasbasket.hu\/index.php\/wp-json\/wp\/v2\/posts\/4518","targetHints":{"allow":["GET"]}}],"collection":[{"href":"https:\/\/vasasbasket.hu\/index.php\/wp-json\/wp\/v2\/posts"}],"about":[{"href":"https:\/\/vasasbasket.hu\/index.php\/wp-json\/wp\/v2\/types\/post"}],"author":[{"embeddable":true,"href":"https:\/\/vasasbasket.hu\/index.php\/wp-json\/wp\/v2\/users\/1"}],"replies":[{"embeddable":true,"href":"https:\/\/vasasbasket.hu\/index.php\/wp-json\/wp\/v2\/comments?post=4518"}],"version-history":[{"count":2,"href":"https:\/\/vasasbasket.hu\/index.php\/wp-json\/wp\/v2\/posts\/4518\/revisions"}],"predecessor-version":[{"id":4520,"href":"https:\/\/vasasbasket.hu\/index.php\/wp-json\/wp\/v2\/posts\/4518\/revisions\/4520"}],"wp:featuredmedia":[{"embeddable":true,"href":"https:\/\/vasasbasket.hu\/index.php\/wp-json\/wp\/v2\/media\/4281"}],"wp:attachment":[{"href":"https:\/\/vasasbasket.hu\/index.php\/wp-json\/wp\/v2\/media?parent=4518"}],"wp:term":[{"taxonomy":"category","embeddable":true,"href":"https:\/\/vasasbasket.hu\/index.php\/wp-json\/wp\/v2\/categories?post=4518"},{"taxonomy":"post_tag","embeddable":true,"href":"https:\/\/vasasbasket.hu\/index.php\/wp-json\/wp\/v2\/tags?post=4518"}],"curies":[{"name":"wp","href":"https:\/\/api.w.org\/{rel}","templated":true}]}}