{"id":4513,"date":"2018-11-15T15:48:30","date_gmt":"2018-11-15T15:48:30","guid":{"rendered":"http:\/\/vasasbasket.hu\/?p=4513"},"modified":"2018-11-15T15:48:30","modified_gmt":"2018-11-15T15:48:30","slug":"u18-as-gyozelem-a-szekszard-ellen","status":"publish","type":"post","link":"https:\/\/vasasbasket.hu\/index.php\/u18-as-gyozelem-a-szekszard-ellen\/","title":{"rendered":"U18-as gy\u0151zelem a Szeksz\u00e1rd ellen"},"content":{"rendered":"<p><strong>Tegnap, a junior kiemelt bajnoks\u00e1gban a KSC Szeksz\u00e1rd ellen l\u00e9pet p\u00e1ly\u00e1ra csapatunk. A v\u00e1rtn\u00e1l tal\u00e1n nehezebben, de gy\u0151zelemmel z\u00e1rt a Vasas Akad\u00e9mia.<\/strong><\/p>\n<p>Sok hib\u00e1val kezdt\u00fck a m\u00e9rk\u0151z\u00e9st, passzol\u00e1sban, v\u00e9dekez\u00e9sben \u00e9s t\u00e1mad\u00e1sban is akadtak pontatlans\u00e1gok, azonban a m\u00e1sodik j\u00e1t\u00e9kr\u00e9szre \u00f6sszeszedt\u00fck magunkat, a gyors ind\u00edt\u00e1soknak k\u00f6sz\u00f6nhet\u0151en t\u00e1mad\u00f3j\u00e1t\u00e9kunk is fellend\u00fclt. A nagysz\u00fcnetet k\u00f6vet\u0151en \u00fajra gyeng\u00e9bb arcunkat mutattuk, ism\u00e9t sok pontatlans\u00e1got vehett\u00fcnk \u00e9szre j\u00e1t\u00e9kunkon, azonban a m\u00e1sodik negyedben szerzett el\u0151ny\u00fcnket a m\u00e9rk\u0151z\u00e9s v\u00e9g\u00e9ig siker\u00fclt megtartanunk. <em>&#8222;Sokkal nehezebb m\u00e9rk\u0151z\u00e9s volt, mint amire sz\u00e1m\u00edtottam. Pr\u00f3b\u00e1ltunk t\u00f6bb vari\u00e1ci\u00f3t is a j\u00e1t\u00e9kunkban, ami n\u00e9ha hat\u00e9kony volt, n\u00e9ha nem. Rem\u00e9lem, hogy a k\u00f6vetkez\u0151 meccsen sokkal jobban fogunk j\u00e1tszani&#8221;<\/em> &#8211; mondta a csapat edz\u0151je, Igor Skocovski.<\/p>\n<p><strong>Vasas Akad\u00e9mia &#8211;<\/strong> KSC Szeksz\u00e1rd <strong>69-56<\/strong> ( 12-10,25-15,18-18,14-13)<br \/>\n<em>Pontszerz\u0151k:<\/em><br \/>\n<strong>Vasas Akad\u00e9mia:<\/strong><br \/>\nKun R. 2, V\u00edgh B., D\u00fal T. 4, S\u00edkos D., Smailbegovic N. 11, Boros B. 5, Kuncz P. 10, Varga A. 13, Szerencs\u00e9s T. 5, Keszy H. S., Dombai R. 15, Eszt\u00e1ri T. 4<br \/>\n<strong>KSC Szeksz\u00e1rd:<\/strong><br \/>\nAndi Hanna E. 17, Liszkai R., M\u00e1rai D., Renczes R. 10, Hanti D. 2,Vince N. 4, Mikl\u00f3s M. 7, Pop A., Visz \u00e9g M. 11, Holcz R.,<\/p>\n","protected":false},"excerpt":{"rendered":"<p>Tegnap, a junior kiemelt bajnoks\u00e1gban a KSC Szeksz\u00e1rd ellen l\u00e9pet p\u00e1ly\u00e1ra csapatunk. A v\u00e1rtn\u00e1l tal\u00e1n nehezebben, de gy\u0151zelemmel z\u00e1rt a Vasas Akad\u00e9mia. Sok hib\u00e1val kezdt\u00fck a m\u00e9rk\u0151z\u00e9st, passzol\u00e1sban, v\u00e9dekez\u00e9sben \u00e9s t\u00e1mad\u00e1sban is akadtak pontatlans\u00e1gok, azonban a m\u00e1sodik j\u00e1t\u00e9kr\u00e9szre \u00f6sszeszedt\u00fck magunkat, a gyors ind\u00edt\u00e1soknak k\u00f6sz\u00f6nhet\u0151en t\u00e1mad\u00f3j\u00e1t\u00e9kunk is fellend\u00fclt. A nagysz\u00fcnetet k\u00f6vet\u0151en \u00fajra gyeng\u00e9bb arcunkat mutattuk, ism\u00e9t&#8230;<\/p>\n","protected":false},"author":1,"featured_media":4283,"comment_status":"closed","ping_status":"open","sticky":false,"template":"","format":"standard","meta":{"footnotes":""},"categories":[50,92],"tags":[],"class_list":["post-4513","post","type-post","status-publish","format-standard","has-post-thumbnail","hentry","category-junior","category-hirek"],"yoast_head":"<!-- This site is optimized with the Yoast SEO plugin v26.0 - https:\/\/yoast.com\/wordpress\/plugins\/seo\/ -->\n<title>U18-as gy\u0151zelem a Szeksz\u00e1rd ellen - Vasas n\u0151i kos\u00e1rlabda<\/title>\n<meta name=\"robots\" content=\"index, follow, max-snippet:-1, max-image-preview:large, max-video-preview:-1\" \/>\n<link rel=\"canonical\" href=\"https:\/\/vasasbasket.hu\/index.php\/u18-as-gyozelem-a-szekszard-ellen\/\" \/>\n<meta property=\"og:locale\" content=\"hu_HU\" \/>\n<meta property=\"og:type\" content=\"article\" \/>\n<meta property=\"og:title\" content=\"U18-as gy\u0151zelem a Szeksz\u00e1rd ellen - Vasas n\u0151i kos\u00e1rlabda\" \/>\n<meta property=\"og:description\" content=\"Tegnap, a junior kiemelt bajnoks\u00e1gban a KSC Szeksz\u00e1rd ellen l\u00e9pet p\u00e1ly\u00e1ra csapatunk. A v\u00e1rtn\u00e1l tal\u00e1n nehezebben, de gy\u0151zelemmel z\u00e1rt a Vasas Akad\u00e9mia. Sok hib\u00e1val kezdt\u00fck a m\u00e9rk\u0151z\u00e9st, passzol\u00e1sban, v\u00e9dekez\u00e9sben \u00e9s t\u00e1mad\u00e1sban is akadtak pontatlans\u00e1gok, azonban a m\u00e1sodik j\u00e1t\u00e9kr\u00e9szre \u00f6sszeszedt\u00fck magunkat, a gyors ind\u00edt\u00e1soknak k\u00f6sz\u00f6nhet\u0151en t\u00e1mad\u00f3j\u00e1t\u00e9kunk is fellend\u00fclt. A nagysz\u00fcnetet k\u00f6vet\u0151en \u00fajra gyeng\u00e9bb arcunkat mutattuk, ism\u00e9t...\" \/>\n<meta property=\"og:url\" content=\"https:\/\/vasasbasket.hu\/index.php\/u18-as-gyozelem-a-szekszard-ellen\/\" \/>\n<meta property=\"og:site_name\" content=\"Vasas n\u0151i kos\u00e1rlabda\" \/>\n<meta property=\"article:publisher\" content=\"https:\/\/www.facebook.com\/vasaswbasket\/\" \/>\n<meta property=\"article:published_time\" content=\"2018-11-15T15:48:30+00:00\" \/>\n<meta property=\"og:image\" content=\"https:\/\/vasasbasket.hu\/wp-content\/uploads\/2018\/09\/Vasas-Akad\u00e9mia-U18.jpg\" \/>\n\t<meta property=\"og:image:width\" content=\"2000\" \/>\n\t<meta property=\"og:image:height\" content=\"1333\" \/>\n\t<meta property=\"og:image:type\" content=\"image\/jpeg\" \/>\n<meta name=\"author\" content=\"admin\" \/>\n<meta name=\"twitter:card\" content=\"summary_large_image\" \/>\n<meta name=\"twitter:label1\" content=\"Szerz\u0151:\" \/>\n\t<meta name=\"twitter:data1\" content=\"admin\" \/>\n\t<meta name=\"twitter:label2\" content=\"Becs\u00fclt olvas\u00e1si id\u0151\" \/>\n\t<meta name=\"twitter:data2\" content=\"1 perc\" \/>\n<script type=\"application\/ld+json\" class=\"yoast-schema-graph\">{\"@context\":\"https:\/\/schema.org\",\"@graph\":[{\"@type\":\"Article\",\"@id\":\"https:\/\/vasasbasket.hu\/index.php\/u18-as-gyozelem-a-szekszard-ellen\/#article\",\"isPartOf\":{\"@id\":\"https:\/\/vasasbasket.hu\/index.php\/u18-as-gyozelem-a-szekszard-ellen\/\"},\"author\":{\"name\":\"admin\",\"@id\":\"https:\/\/vasasbasket.hu\/#\/schema\/person\/f1085f4d2c6582d8d0f977e92de2edee\"},\"headline\":\"U18-as gy\u0151zelem a Szeksz\u00e1rd ellen\",\"datePublished\":\"2018-11-15T15:48:30+00:00\",\"mainEntityOfPage\":{\"@id\":\"https:\/\/vasasbasket.hu\/index.php\/u18-as-gyozelem-a-szekszard-ellen\/\"},\"wordCount\":262,\"publisher\":{\"@id\":\"https:\/\/vasasbasket.hu\/#organization\"},\"image\":{\"@id\":\"https:\/\/vasasbasket.hu\/index.php\/u18-as-gyozelem-a-szekszard-ellen\/#primaryimage\"},\"thumbnailUrl\":\"https:\/\/vasasbasket.hu\/wp-content\/uploads\/2018\/09\/Vasas-Akad\u00e9mia-U18.jpg\",\"articleSection\":[\"Junior\",\"\u00d6sszes H\u00edr\"],\"inLanguage\":\"hu\"},{\"@type\":\"WebPage\",\"@id\":\"https:\/\/vasasbasket.hu\/index.php\/u18-as-gyozelem-a-szekszard-ellen\/\",\"url\":\"https:\/\/vasasbasket.hu\/index.php\/u18-as-gyozelem-a-szekszard-ellen\/\",\"name\":\"U18-as gy\u0151zelem a Szeksz\u00e1rd ellen - Vasas n\u0151i kos\u00e1rlabda\",\"isPartOf\":{\"@id\":\"https:\/\/vasasbasket.hu\/#website\"},\"primaryImageOfPage\":{\"@id\":\"https:\/\/vasasbasket.hu\/index.php\/u18-as-gyozelem-a-szekszard-ellen\/#primaryimage\"},\"image\":{\"@id\":\"https:\/\/vasasbasket.hu\/index.php\/u18-as-gyozelem-a-szekszard-ellen\/#primaryimage\"},\"thumbnailUrl\":\"https:\/\/vasasbasket.hu\/wp-content\/uploads\/2018\/09\/Vasas-Akad\u00e9mia-U18.jpg\",\"datePublished\":\"2018-11-15T15:48:30+00:00\",\"breadcrumb\":{\"@id\":\"https:\/\/vasasbasket.hu\/index.php\/u18-as-gyozelem-a-szekszard-ellen\/#breadcrumb\"},\"inLanguage\":\"hu\",\"potentialAction\":[{\"@type\":\"ReadAction\",\"target\":[\"https:\/\/vasasbasket.hu\/index.php\/u18-as-gyozelem-a-szekszard-ellen\/\"]}]},{\"@type\":\"ImageObject\",\"inLanguage\":\"hu\",\"@id\":\"https:\/\/vasasbasket.hu\/index.php\/u18-as-gyozelem-a-szekszard-ellen\/#primaryimage\",\"url\":\"https:\/\/vasasbasket.hu\/wp-content\/uploads\/2018\/09\/Vasas-Akad\u00e9mia-U18.jpg\",\"contentUrl\":\"https:\/\/vasasbasket.hu\/wp-content\/uploads\/2018\/09\/Vasas-Akad\u00e9mia-U18.jpg\",\"width\":2000,\"height\":1333},{\"@type\":\"BreadcrumbList\",\"@id\":\"https:\/\/vasasbasket.hu\/index.php\/u18-as-gyozelem-a-szekszard-ellen\/#breadcrumb\",\"itemListElement\":[{\"@type\":\"ListItem\",\"position\":1,\"name\":\"Kezd\u0151lap\",\"item\":\"https:\/\/vasasbasket.hu\/\"},{\"@type\":\"ListItem\",\"position\":2,\"name\":\"U18-as gy\u0151zelem a Szeksz\u00e1rd ellen\"}]},{\"@type\":\"WebSite\",\"@id\":\"https:\/\/vasasbasket.hu\/#website\",\"url\":\"https:\/\/vasasbasket.hu\/\",\"name\":\"Vasas n\u0151i kos\u00e1rlabda\",\"description\":\"Vasas Basket N\u0151i\",\"publisher\":{\"@id\":\"https:\/\/vasasbasket.hu\/#organization\"},\"potentialAction\":[{\"@type\":\"SearchAction\",\"target\":{\"@type\":\"EntryPoint\",\"urlTemplate\":\"https:\/\/vasasbasket.hu\/?s={search_term_string}\"},\"query-input\":{\"@type\":\"PropertyValueSpecification\",\"valueRequired\":true,\"valueName\":\"search_term_string\"}}],\"inLanguage\":\"hu\"},{\"@type\":\"Organization\",\"@id\":\"https:\/\/vasasbasket.hu\/#organization\",\"name\":\"Vasas n\u0151i kos\u00e1rlabda\",\"url\":\"https:\/\/vasasbasket.hu\/\",\"logo\":{\"@type\":\"ImageObject\",\"inLanguage\":\"hu\",\"@id\":\"https:\/\/vasasbasket.hu\/#\/schema\/logo\/image\/\",\"url\":\"https:\/\/vasasbasket.hu\/wp-content\/uploads\/2017\/03\/vasas_cimer_1200.jpg\",\"contentUrl\":\"https:\/\/vasasbasket.hu\/wp-content\/uploads\/2017\/03\/vasas_cimer_1200.jpg\",\"width\":1200,\"height\":1200,\"caption\":\"Vasas n\u0151i kos\u00e1rlabda\"},\"image\":{\"@id\":\"https:\/\/vasasbasket.hu\/#\/schema\/logo\/image\/\"},\"sameAs\":[\"https:\/\/www.facebook.com\/vasaswbasket\/\"]},{\"@type\":\"Person\",\"@id\":\"https:\/\/vasasbasket.hu\/#\/schema\/person\/f1085f4d2c6582d8d0f977e92de2edee\",\"name\":\"admin\",\"image\":{\"@type\":\"ImageObject\",\"inLanguage\":\"hu\",\"@id\":\"https:\/\/vasasbasket.hu\/#\/schema\/person\/image\/\",\"url\":\"https:\/\/secure.gravatar.com\/avatar\/645c92f7d9cfe02bd93ce2d1cfa11cd3a268bdfe65486552ff04b193cea07634?s=96&d=mm&r=g\",\"contentUrl\":\"https:\/\/secure.gravatar.com\/avatar\/645c92f7d9cfe02bd93ce2d1cfa11cd3a268bdfe65486552ff04b193cea07634?s=96&d=mm&r=g\",\"caption\":\"admin\"},\"url\":\"https:\/\/vasasbasket.hu\/index.php\/author\/admin\/\"}]}<\/script>\n<!-- \/ Yoast SEO plugin. -->","yoast_head_json":{"title":"U18-as gy\u0151zelem a Szeksz\u00e1rd ellen - Vasas n\u0151i kos\u00e1rlabda","robots":{"index":"index","follow":"follow","max-snippet":"max-snippet:-1","max-image-preview":"max-image-preview:large","max-video-preview":"max-video-preview:-1"},"canonical":"https:\/\/vasasbasket.hu\/index.php\/u18-as-gyozelem-a-szekszard-ellen\/","og_locale":"hu_HU","og_type":"article","og_title":"U18-as gy\u0151zelem a Szeksz\u00e1rd ellen - Vasas n\u0151i kos\u00e1rlabda","og_description":"Tegnap, a junior kiemelt bajnoks\u00e1gban a KSC Szeksz\u00e1rd ellen l\u00e9pet p\u00e1ly\u00e1ra csapatunk. A v\u00e1rtn\u00e1l tal\u00e1n nehezebben, de gy\u0151zelemmel z\u00e1rt a Vasas Akad\u00e9mia. Sok hib\u00e1val kezdt\u00fck a m\u00e9rk\u0151z\u00e9st, passzol\u00e1sban, v\u00e9dekez\u00e9sben \u00e9s t\u00e1mad\u00e1sban is akadtak pontatlans\u00e1gok, azonban a m\u00e1sodik j\u00e1t\u00e9kr\u00e9szre \u00f6sszeszedt\u00fck magunkat, a gyors ind\u00edt\u00e1soknak k\u00f6sz\u00f6nhet\u0151en t\u00e1mad\u00f3j\u00e1t\u00e9kunk is fellend\u00fclt. A nagysz\u00fcnetet k\u00f6vet\u0151en \u00fajra gyeng\u00e9bb arcunkat mutattuk, ism\u00e9t...","og_url":"https:\/\/vasasbasket.hu\/index.php\/u18-as-gyozelem-a-szekszard-ellen\/","og_site_name":"Vasas n\u0151i kos\u00e1rlabda","article_publisher":"https:\/\/www.facebook.com\/vasaswbasket\/","article_published_time":"2018-11-15T15:48:30+00:00","og_image":[{"width":2000,"height":1333,"url":"https:\/\/vasasbasket.hu\/wp-content\/uploads\/2018\/09\/Vasas-Akad\u00e9mia-U18.jpg","type":"image\/jpeg"}],"author":"admin","twitter_card":"summary_large_image","twitter_misc":{"Szerz\u0151:":"admin","Becs\u00fclt olvas\u00e1si id\u0151":"1 perc"},"schema":{"@context":"https:\/\/schema.org","@graph":[{"@type":"Article","@id":"https:\/\/vasasbasket.hu\/index.php\/u18-as-gyozelem-a-szekszard-ellen\/#article","isPartOf":{"@id":"https:\/\/vasasbasket.hu\/index.php\/u18-as-gyozelem-a-szekszard-ellen\/"},"author":{"name":"admin","@id":"https:\/\/vasasbasket.hu\/#\/schema\/person\/f1085f4d2c6582d8d0f977e92de2edee"},"headline":"U18-as gy\u0151zelem a Szeksz\u00e1rd ellen","datePublished":"2018-11-15T15:48:30+00:00","mainEntityOfPage":{"@id":"https:\/\/vasasbasket.hu\/index.php\/u18-as-gyozelem-a-szekszard-ellen\/"},"wordCount":262,"publisher":{"@id":"https:\/\/vasasbasket.hu\/#organization"},"image":{"@id":"https:\/\/vasasbasket.hu\/index.php\/u18-as-gyozelem-a-szekszard-ellen\/#primaryimage"},"thumbnailUrl":"https:\/\/vasasbasket.hu\/wp-content\/uploads\/2018\/09\/Vasas-Akad\u00e9mia-U18.jpg","articleSection":["Junior","\u00d6sszes H\u00edr"],"inLanguage":"hu"},{"@type":"WebPage","@id":"https:\/\/vasasbasket.hu\/index.php\/u18-as-gyozelem-a-szekszard-ellen\/","url":"https:\/\/vasasbasket.hu\/index.php\/u18-as-gyozelem-a-szekszard-ellen\/","name":"U18-as gy\u0151zelem a Szeksz\u00e1rd ellen - Vasas n\u0151i kos\u00e1rlabda","isPartOf":{"@id":"https:\/\/vasasbasket.hu\/#website"},"primaryImageOfPage":{"@id":"https:\/\/vasasbasket.hu\/index.php\/u18-as-gyozelem-a-szekszard-ellen\/#primaryimage"},"image":{"@id":"https:\/\/vasasbasket.hu\/index.php\/u18-as-gyozelem-a-szekszard-ellen\/#primaryimage"},"thumbnailUrl":"https:\/\/vasasbasket.hu\/wp-content\/uploads\/2018\/09\/Vasas-Akad\u00e9mia-U18.jpg","datePublished":"2018-11-15T15:48:30+00:00","breadcrumb":{"@id":"https:\/\/vasasbasket.hu\/index.php\/u18-as-gyozelem-a-szekszard-ellen\/#breadcrumb"},"inLanguage":"hu","potentialAction":[{"@type":"ReadAction","target":["https:\/\/vasasbasket.hu\/index.php\/u18-as-gyozelem-a-szekszard-ellen\/"]}]},{"@type":"ImageObject","inLanguage":"hu","@id":"https:\/\/vasasbasket.hu\/index.php\/u18-as-gyozelem-a-szekszard-ellen\/#primaryimage","url":"https:\/\/vasasbasket.hu\/wp-content\/uploads\/2018\/09\/Vasas-Akad\u00e9mia-U18.jpg","contentUrl":"https:\/\/vasasbasket.hu\/wp-content\/uploads\/2018\/09\/Vasas-Akad\u00e9mia-U18.jpg","width":2000,"height":1333},{"@type":"BreadcrumbList","@id":"https:\/\/vasasbasket.hu\/index.php\/u18-as-gyozelem-a-szekszard-ellen\/#breadcrumb","itemListElement":[{"@type":"ListItem","position":1,"name":"Kezd\u0151lap","item":"https:\/\/vasasbasket.hu\/"},{"@type":"ListItem","position":2,"name":"U18-as gy\u0151zelem a Szeksz\u00e1rd ellen"}]},{"@type":"WebSite","@id":"https:\/\/vasasbasket.hu\/#website","url":"https:\/\/vasasbasket.hu\/","name":"Vasas n\u0151i kos\u00e1rlabda","description":"Vasas Basket N\u0151i","publisher":{"@id":"https:\/\/vasasbasket.hu\/#organization"},"potentialAction":[{"@type":"SearchAction","target":{"@type":"EntryPoint","urlTemplate":"https:\/\/vasasbasket.hu\/?s={search_term_string}"},"query-input":{"@type":"PropertyValueSpecification","valueRequired":true,"valueName":"search_term_string"}}],"inLanguage":"hu"},{"@type":"Organization","@id":"https:\/\/vasasbasket.hu\/#organization","name":"Vasas n\u0151i kos\u00e1rlabda","url":"https:\/\/vasasbasket.hu\/","logo":{"@type":"ImageObject","inLanguage":"hu","@id":"https:\/\/vasasbasket.hu\/#\/schema\/logo\/image\/","url":"https:\/\/vasasbasket.hu\/wp-content\/uploads\/2017\/03\/vasas_cimer_1200.jpg","contentUrl":"https:\/\/vasasbasket.hu\/wp-content\/uploads\/2017\/03\/vasas_cimer_1200.jpg","width":1200,"height":1200,"caption":"Vasas n\u0151i kos\u00e1rlabda"},"image":{"@id":"https:\/\/vasasbasket.hu\/#\/schema\/logo\/image\/"},"sameAs":["https:\/\/www.facebook.com\/vasaswbasket\/"]},{"@type":"Person","@id":"https:\/\/vasasbasket.hu\/#\/schema\/person\/f1085f4d2c6582d8d0f977e92de2edee","name":"admin","image":{"@type":"ImageObject","inLanguage":"hu","@id":"https:\/\/vasasbasket.hu\/#\/schema\/person\/image\/","url":"https:\/\/secure.gravatar.com\/avatar\/645c92f7d9cfe02bd93ce2d1cfa11cd3a268bdfe65486552ff04b193cea07634?s=96&d=mm&r=g","contentUrl":"https:\/\/secure.gravatar.com\/avatar\/645c92f7d9cfe02bd93ce2d1cfa11cd3a268bdfe65486552ff04b193cea07634?s=96&d=mm&r=g","caption":"admin"},"url":"https:\/\/vasasbasket.hu\/index.php\/author\/admin\/"}]}},"_links":{"self":[{"href":"https:\/\/vasasbasket.hu\/index.php\/wp-json\/wp\/v2\/posts\/4513","targetHints":{"allow":["GET"]}}],"collection":[{"href":"https:\/\/vasasbasket.hu\/index.php\/wp-json\/wp\/v2\/posts"}],"about":[{"href":"https:\/\/vasasbasket.hu\/index.php\/wp-json\/wp\/v2\/types\/post"}],"author":[{"embeddable":true,"href":"https:\/\/vasasbasket.hu\/index.php\/wp-json\/wp\/v2\/users\/1"}],"replies":[{"embeddable":true,"href":"https:\/\/vasasbasket.hu\/index.php\/wp-json\/wp\/v2\/comments?post=4513"}],"version-history":[{"count":1,"href":"https:\/\/vasasbasket.hu\/index.php\/wp-json\/wp\/v2\/posts\/4513\/revisions"}],"predecessor-version":[{"id":4514,"href":"https:\/\/vasasbasket.hu\/index.php\/wp-json\/wp\/v2\/posts\/4513\/revisions\/4514"}],"wp:featuredmedia":[{"embeddable":true,"href":"https:\/\/vasasbasket.hu\/index.php\/wp-json\/wp\/v2\/media\/4283"}],"wp:attachment":[{"href":"https:\/\/vasasbasket.hu\/index.php\/wp-json\/wp\/v2\/media?parent=4513"}],"wp:term":[{"taxonomy":"category","embeddable":true,"href":"https:\/\/vasasbasket.hu\/index.php\/wp-json\/wp\/v2\/categories?post=4513"},{"taxonomy":"post_tag","embeddable":true,"href":"https:\/\/vasasbasket.hu\/index.php\/wp-json\/wp\/v2\/tags?post=4513"}],"curies":[{"name":"wp","href":"https:\/\/api.w.org\/{rel}","templated":true}]}}