{"id":4500,"date":"2018-11-12T18:01:38","date_gmt":"2018-11-12T18:01:38","guid":{"rendered":"http:\/\/vasasbasket.hu\/?p=4500"},"modified":"2018-11-12T18:01:38","modified_gmt":"2018-11-12T18:01:38","slug":"gyerek-korosztalyunk-ujabb-megmerettetesen-van-tul","status":"publish","type":"post","link":"https:\/\/vasasbasket.hu\/index.php\/gyerek-korosztalyunk-ujabb-megmerettetesen-van-tul\/","title":{"rendered":"Gyerek koroszt\u00e1lyunk \u00fajabb megm\u00e9rettet\u00e9sen van t\u00fal"},"content":{"rendered":"<p>A h\u00e9tv\u00e9g\u00e9n megkezd\u0151d\u00f6tt a Budapest Bajnoks\u00e1g a gyerek koroszt\u00e1lynak.<\/p>\n<p>A mutatott j\u00e1t\u00e9k alapj\u00e1n nem volt akkora k\u00fcl\u00f6nbs\u00e9g a k\u00e9t csapat k\u00f6z\u00f6tt, mint amennyi a v\u00e9geredm\u00e9nyb\u0151l l\u00e1tszik. Fizik\u00e1lisan \u00e9s k\u00e9pzetts\u00e9gben tov\u00e1bbra is fejl\u0151dn\u00fcnk kell, viszont a m\u00faltkori \u00f6sszecsap\u00e1shoz k\u00e9pest m\u00e1r l\u00e1tsz\u00f3dik az el\u0151rel\u00e9p\u00e9s. Kevesebb eladott labd\u00e1nk volt a saj\u00e1t f\u00e9lp\u00e1ly\u00e1nkon, rendre \u00e1t tudtuk vinni a j\u00e1t\u00e9kszert. A gondok a fel\u00e1llt v\u00e9delem ellen kezd\u0151dtek, nem becs\u00fclt\u00fck meg a labd\u00e1kat, sok pontatlan passzunk volt, melyekb\u0151l az ellenf\u00e9l t\u00e1madhatott.\u00a0 <em>\u201eEg\u00e9sz sz\u00e9pen siker\u00fclt alkalmazni az oldalbedob\u00e1s ut\u00e1ni befut\u00e1st, \u00e9s a beseg\u00edt\u00e9st v\u00e9dekez\u00e9sben. Add \u00e9s fuss j\u00e1t\u00e9kb\u00f3l, ha siker\u00fclt helyzetig eljutnunk sajnos k\u00f6zelr\u0151l is mell\u00e9 dobtunk j\u00f3 p\u00e1rat, ezt tov\u00e1bbra is gyakorolni kell. <\/em><br \/>\n<em>\u00d6sszess\u00e9g\u00e9ben a 76 kapott pont m\u00e9g mindig rengeteg, de nem voltam csal\u00f3dott a meccs ut\u00e1n. V\u00e9gig k\u00fczd\u00f6ttek, koncentr\u00e1ltak a l\u00e1nyok, hallgattak az utas\u00edt\u00e1sokra, \u00e9s t\u00f6bbsz\u00f6r is siker\u00fclt lefutnunk ellenfel\u00fcnket, mely kosarat eredm\u00e9nyezett\u201d<\/em> \u2013 mondta Kiss M\u00e1t\u00e9, a csapat edz\u0151je.<\/p>\n<p>Kasz\u00e1s Girls <strong>&#8211; Vasas Amazonok 76-48<\/strong> (22-8, 16-11, 22-19, 16-10)<br \/>\n<em>Pontszerz\u0151k:<\/em><br \/>\n<strong>Kasz\u00e1s Girls:<\/strong> Hanori Lara 12, Babay-Bogn\u00e1r Kinga 20, Czirkos Anna 23,<br \/>\nCsicsv\u00e1ri Zelma 8, Sterbenz D\u00f3ra 4, Pompos Anna 4, Hengl\u00e1r Zita 4, Bobuos Mandula 1<br \/>\n<strong>Vasas Amazonok:<\/strong> Sz\u00edj-Kris\u00e1nszky Zo\u00e9 10, F\u00e1bi\u00e1n Szofi 12, D\u00fal Fanni 8, Lengyel Luca 6, Ny\u00edr\u0151 R\u00f3za 5, Kiss Kamilla 3, Kasz\u00e1s Lili 4<\/p>\n","protected":false},"excerpt":{"rendered":"<p>A h\u00e9tv\u00e9g\u00e9n megkezd\u0151d\u00f6tt a Budapest Bajnoks\u00e1g a gyerek koroszt\u00e1lynak. A mutatott j\u00e1t\u00e9k alapj\u00e1n nem volt akkora k\u00fcl\u00f6nbs\u00e9g a k\u00e9t csapat k\u00f6z\u00f6tt, mint amennyi a v\u00e9geredm\u00e9nyb\u0151l l\u00e1tszik. Fizik\u00e1lisan \u00e9s k\u00e9pzetts\u00e9gben tov\u00e1bbra is fejl\u0151dn\u00fcnk kell, viszont a m\u00faltkori \u00f6sszecsap\u00e1shoz k\u00e9pest m\u00e1r l\u00e1tsz\u00f3dik az el\u0151rel\u00e9p\u00e9s. Kevesebb eladott labd\u00e1nk volt a saj\u00e1t f\u00e9lp\u00e1ly\u00e1nkon, rendre \u00e1t tudtuk vinni a j\u00e1t\u00e9kszert&#8230;.<\/p>\n","protected":false},"author":1,"featured_media":4501,"comment_status":"closed","ping_status":"open","sticky":false,"template":"","format":"standard","meta":{"footnotes":""},"categories":[73],"tags":[],"class_list":["post-4500","post","type-post","status-publish","format-standard","has-post-thumbnail","hentry","category-gyerek"],"yoast_head":"<!-- This site is optimized with the Yoast SEO plugin v26.0 - https:\/\/yoast.com\/wordpress\/plugins\/seo\/ -->\n<title>Gyerek koroszt\u00e1lyunk \u00fajabb megm\u00e9rettet\u00e9sen van t\u00fal - Vasas n\u0151i kos\u00e1rlabda<\/title>\n<meta name=\"robots\" content=\"index, follow, max-snippet:-1, max-image-preview:large, max-video-preview:-1\" \/>\n<link rel=\"canonical\" href=\"https:\/\/vasasbasket.hu\/index.php\/gyerek-korosztalyunk-ujabb-megmerettetesen-van-tul\/\" \/>\n<meta property=\"og:locale\" content=\"hu_HU\" \/>\n<meta property=\"og:type\" content=\"article\" \/>\n<meta property=\"og:title\" content=\"Gyerek koroszt\u00e1lyunk \u00fajabb megm\u00e9rettet\u00e9sen van t\u00fal - Vasas n\u0151i kos\u00e1rlabda\" \/>\n<meta property=\"og:description\" content=\"A h\u00e9tv\u00e9g\u00e9n megkezd\u0151d\u00f6tt a Budapest Bajnoks\u00e1g a gyerek koroszt\u00e1lynak. A mutatott j\u00e1t\u00e9k alapj\u00e1n nem volt akkora k\u00fcl\u00f6nbs\u00e9g a k\u00e9t csapat k\u00f6z\u00f6tt, mint amennyi a v\u00e9geredm\u00e9nyb\u0151l l\u00e1tszik. Fizik\u00e1lisan \u00e9s k\u00e9pzetts\u00e9gben tov\u00e1bbra is fejl\u0151dn\u00fcnk kell, viszont a m\u00faltkori \u00f6sszecsap\u00e1shoz k\u00e9pest m\u00e1r l\u00e1tsz\u00f3dik az el\u0151rel\u00e9p\u00e9s. Kevesebb eladott labd\u00e1nk volt a saj\u00e1t f\u00e9lp\u00e1ly\u00e1nkon, rendre \u00e1t tudtuk vinni a j\u00e1t\u00e9kszert....\" \/>\n<meta property=\"og:url\" content=\"https:\/\/vasasbasket.hu\/index.php\/gyerek-korosztalyunk-ujabb-megmerettetesen-van-tul\/\" \/>\n<meta property=\"og:site_name\" content=\"Vasas n\u0151i kos\u00e1rlabda\" \/>\n<meta property=\"article:publisher\" content=\"https:\/\/www.facebook.com\/vasaswbasket\/\" \/>\n<meta property=\"article:published_time\" content=\"2018-11-12T18:01:38+00:00\" \/>\n<meta property=\"og:image\" content=\"https:\/\/vasasbasket.hu\/wp-content\/uploads\/2018\/11\/Vasas-e1542045648723.jpg\" \/>\n\t<meta property=\"og:image:width\" content=\"768\" \/>\n\t<meta property=\"og:image:height\" content=\"527\" \/>\n\t<meta property=\"og:image:type\" content=\"image\/jpeg\" \/>\n<meta name=\"author\" content=\"admin\" \/>\n<meta name=\"twitter:card\" content=\"summary_large_image\" \/>\n<meta name=\"twitter:label1\" content=\"Szerz\u0151:\" \/>\n\t<meta name=\"twitter:data1\" content=\"admin\" \/>\n\t<meta name=\"twitter:label2\" content=\"Becs\u00fclt olvas\u00e1si id\u0151\" \/>\n\t<meta name=\"twitter:data2\" content=\"1 perc\" \/>\n<script type=\"application\/ld+json\" class=\"yoast-schema-graph\">{\"@context\":\"https:\/\/schema.org\",\"@graph\":[{\"@type\":\"Article\",\"@id\":\"https:\/\/vasasbasket.hu\/index.php\/gyerek-korosztalyunk-ujabb-megmerettetesen-van-tul\/#article\",\"isPartOf\":{\"@id\":\"https:\/\/vasasbasket.hu\/index.php\/gyerek-korosztalyunk-ujabb-megmerettetesen-van-tul\/\"},\"author\":{\"name\":\"admin\",\"@id\":\"https:\/\/vasasbasket.hu\/#\/schema\/person\/f1085f4d2c6582d8d0f977e92de2edee\"},\"headline\":\"Gyerek koroszt\u00e1lyunk \u00fajabb megm\u00e9rettet\u00e9sen van t\u00fal\",\"datePublished\":\"2018-11-12T18:01:38+00:00\",\"mainEntityOfPage\":{\"@id\":\"https:\/\/vasasbasket.hu\/index.php\/gyerek-korosztalyunk-ujabb-megmerettetesen-van-tul\/\"},\"wordCount\":302,\"publisher\":{\"@id\":\"https:\/\/vasasbasket.hu\/#organization\"},\"image\":{\"@id\":\"https:\/\/vasasbasket.hu\/index.php\/gyerek-korosztalyunk-ujabb-megmerettetesen-van-tul\/#primaryimage\"},\"thumbnailUrl\":\"https:\/\/vasasbasket.hu\/wp-content\/uploads\/2018\/11\/Vasas-e1542045648723.jpg\",\"articleSection\":[\"Gyerek\"],\"inLanguage\":\"hu\"},{\"@type\":\"WebPage\",\"@id\":\"https:\/\/vasasbasket.hu\/index.php\/gyerek-korosztalyunk-ujabb-megmerettetesen-van-tul\/\",\"url\":\"https:\/\/vasasbasket.hu\/index.php\/gyerek-korosztalyunk-ujabb-megmerettetesen-van-tul\/\",\"name\":\"Gyerek koroszt\u00e1lyunk \u00fajabb megm\u00e9rettet\u00e9sen van t\u00fal - Vasas n\u0151i kos\u00e1rlabda\",\"isPartOf\":{\"@id\":\"https:\/\/vasasbasket.hu\/#website\"},\"primaryImageOfPage\":{\"@id\":\"https:\/\/vasasbasket.hu\/index.php\/gyerek-korosztalyunk-ujabb-megmerettetesen-van-tul\/#primaryimage\"},\"image\":{\"@id\":\"https:\/\/vasasbasket.hu\/index.php\/gyerek-korosztalyunk-ujabb-megmerettetesen-van-tul\/#primaryimage\"},\"thumbnailUrl\":\"https:\/\/vasasbasket.hu\/wp-content\/uploads\/2018\/11\/Vasas-e1542045648723.jpg\",\"datePublished\":\"2018-11-12T18:01:38+00:00\",\"breadcrumb\":{\"@id\":\"https:\/\/vasasbasket.hu\/index.php\/gyerek-korosztalyunk-ujabb-megmerettetesen-van-tul\/#breadcrumb\"},\"inLanguage\":\"hu\",\"potentialAction\":[{\"@type\":\"ReadAction\",\"target\":[\"https:\/\/vasasbasket.hu\/index.php\/gyerek-korosztalyunk-ujabb-megmerettetesen-van-tul\/\"]}]},{\"@type\":\"ImageObject\",\"inLanguage\":\"hu\",\"@id\":\"https:\/\/vasasbasket.hu\/index.php\/gyerek-korosztalyunk-ujabb-megmerettetesen-van-tul\/#primaryimage\",\"url\":\"https:\/\/vasasbasket.hu\/wp-content\/uploads\/2018\/11\/Vasas-e1542045648723.jpg\",\"contentUrl\":\"https:\/\/vasasbasket.hu\/wp-content\/uploads\/2018\/11\/Vasas-e1542045648723.jpg\",\"width\":768,\"height\":527},{\"@type\":\"BreadcrumbList\",\"@id\":\"https:\/\/vasasbasket.hu\/index.php\/gyerek-korosztalyunk-ujabb-megmerettetesen-van-tul\/#breadcrumb\",\"itemListElement\":[{\"@type\":\"ListItem\",\"position\":1,\"name\":\"Kezd\u0151lap\",\"item\":\"https:\/\/vasasbasket.hu\/\"},{\"@type\":\"ListItem\",\"position\":2,\"name\":\"Gyerek koroszt\u00e1lyunk \u00fajabb megm\u00e9rettet\u00e9sen van t\u00fal\"}]},{\"@type\":\"WebSite\",\"@id\":\"https:\/\/vasasbasket.hu\/#website\",\"url\":\"https:\/\/vasasbasket.hu\/\",\"name\":\"Vasas n\u0151i kos\u00e1rlabda\",\"description\":\"Vasas Basket N\u0151i\",\"publisher\":{\"@id\":\"https:\/\/vasasbasket.hu\/#organization\"},\"potentialAction\":[{\"@type\":\"SearchAction\",\"target\":{\"@type\":\"EntryPoint\",\"urlTemplate\":\"https:\/\/vasasbasket.hu\/?s={search_term_string}\"},\"query-input\":{\"@type\":\"PropertyValueSpecification\",\"valueRequired\":true,\"valueName\":\"search_term_string\"}}],\"inLanguage\":\"hu\"},{\"@type\":\"Organization\",\"@id\":\"https:\/\/vasasbasket.hu\/#organization\",\"name\":\"Vasas n\u0151i kos\u00e1rlabda\",\"url\":\"https:\/\/vasasbasket.hu\/\",\"logo\":{\"@type\":\"ImageObject\",\"inLanguage\":\"hu\",\"@id\":\"https:\/\/vasasbasket.hu\/#\/schema\/logo\/image\/\",\"url\":\"https:\/\/vasasbasket.hu\/wp-content\/uploads\/2017\/03\/vasas_cimer_1200.jpg\",\"contentUrl\":\"https:\/\/vasasbasket.hu\/wp-content\/uploads\/2017\/03\/vasas_cimer_1200.jpg\",\"width\":1200,\"height\":1200,\"caption\":\"Vasas n\u0151i kos\u00e1rlabda\"},\"image\":{\"@id\":\"https:\/\/vasasbasket.hu\/#\/schema\/logo\/image\/\"},\"sameAs\":[\"https:\/\/www.facebook.com\/vasaswbasket\/\"]},{\"@type\":\"Person\",\"@id\":\"https:\/\/vasasbasket.hu\/#\/schema\/person\/f1085f4d2c6582d8d0f977e92de2edee\",\"name\":\"admin\",\"image\":{\"@type\":\"ImageObject\",\"inLanguage\":\"hu\",\"@id\":\"https:\/\/vasasbasket.hu\/#\/schema\/person\/image\/\",\"url\":\"https:\/\/secure.gravatar.com\/avatar\/645c92f7d9cfe02bd93ce2d1cfa11cd3a268bdfe65486552ff04b193cea07634?s=96&d=mm&r=g\",\"contentUrl\":\"https:\/\/secure.gravatar.com\/avatar\/645c92f7d9cfe02bd93ce2d1cfa11cd3a268bdfe65486552ff04b193cea07634?s=96&d=mm&r=g\",\"caption\":\"admin\"},\"url\":\"https:\/\/vasasbasket.hu\/index.php\/author\/admin\/\"}]}<\/script>\n<!-- \/ Yoast SEO plugin. -->","yoast_head_json":{"title":"Gyerek koroszt\u00e1lyunk \u00fajabb megm\u00e9rettet\u00e9sen van t\u00fal - Vasas n\u0151i kos\u00e1rlabda","robots":{"index":"index","follow":"follow","max-snippet":"max-snippet:-1","max-image-preview":"max-image-preview:large","max-video-preview":"max-video-preview:-1"},"canonical":"https:\/\/vasasbasket.hu\/index.php\/gyerek-korosztalyunk-ujabb-megmerettetesen-van-tul\/","og_locale":"hu_HU","og_type":"article","og_title":"Gyerek koroszt\u00e1lyunk \u00fajabb megm\u00e9rettet\u00e9sen van t\u00fal - Vasas n\u0151i kos\u00e1rlabda","og_description":"A h\u00e9tv\u00e9g\u00e9n megkezd\u0151d\u00f6tt a Budapest Bajnoks\u00e1g a gyerek koroszt\u00e1lynak. A mutatott j\u00e1t\u00e9k alapj\u00e1n nem volt akkora k\u00fcl\u00f6nbs\u00e9g a k\u00e9t csapat k\u00f6z\u00f6tt, mint amennyi a v\u00e9geredm\u00e9nyb\u0151l l\u00e1tszik. Fizik\u00e1lisan \u00e9s k\u00e9pzetts\u00e9gben tov\u00e1bbra is fejl\u0151dn\u00fcnk kell, viszont a m\u00faltkori \u00f6sszecsap\u00e1shoz k\u00e9pest m\u00e1r l\u00e1tsz\u00f3dik az el\u0151rel\u00e9p\u00e9s. Kevesebb eladott labd\u00e1nk volt a saj\u00e1t f\u00e9lp\u00e1ly\u00e1nkon, rendre \u00e1t tudtuk vinni a j\u00e1t\u00e9kszert....","og_url":"https:\/\/vasasbasket.hu\/index.php\/gyerek-korosztalyunk-ujabb-megmerettetesen-van-tul\/","og_site_name":"Vasas n\u0151i kos\u00e1rlabda","article_publisher":"https:\/\/www.facebook.com\/vasaswbasket\/","article_published_time":"2018-11-12T18:01:38+00:00","og_image":[{"width":768,"height":527,"url":"https:\/\/vasasbasket.hu\/wp-content\/uploads\/2018\/11\/Vasas-e1542045648723.jpg","type":"image\/jpeg"}],"author":"admin","twitter_card":"summary_large_image","twitter_misc":{"Szerz\u0151:":"admin","Becs\u00fclt olvas\u00e1si id\u0151":"1 perc"},"schema":{"@context":"https:\/\/schema.org","@graph":[{"@type":"Article","@id":"https:\/\/vasasbasket.hu\/index.php\/gyerek-korosztalyunk-ujabb-megmerettetesen-van-tul\/#article","isPartOf":{"@id":"https:\/\/vasasbasket.hu\/index.php\/gyerek-korosztalyunk-ujabb-megmerettetesen-van-tul\/"},"author":{"name":"admin","@id":"https:\/\/vasasbasket.hu\/#\/schema\/person\/f1085f4d2c6582d8d0f977e92de2edee"},"headline":"Gyerek koroszt\u00e1lyunk \u00fajabb megm\u00e9rettet\u00e9sen van t\u00fal","datePublished":"2018-11-12T18:01:38+00:00","mainEntityOfPage":{"@id":"https:\/\/vasasbasket.hu\/index.php\/gyerek-korosztalyunk-ujabb-megmerettetesen-van-tul\/"},"wordCount":302,"publisher":{"@id":"https:\/\/vasasbasket.hu\/#organization"},"image":{"@id":"https:\/\/vasasbasket.hu\/index.php\/gyerek-korosztalyunk-ujabb-megmerettetesen-van-tul\/#primaryimage"},"thumbnailUrl":"https:\/\/vasasbasket.hu\/wp-content\/uploads\/2018\/11\/Vasas-e1542045648723.jpg","articleSection":["Gyerek"],"inLanguage":"hu"},{"@type":"WebPage","@id":"https:\/\/vasasbasket.hu\/index.php\/gyerek-korosztalyunk-ujabb-megmerettetesen-van-tul\/","url":"https:\/\/vasasbasket.hu\/index.php\/gyerek-korosztalyunk-ujabb-megmerettetesen-van-tul\/","name":"Gyerek koroszt\u00e1lyunk \u00fajabb megm\u00e9rettet\u00e9sen van t\u00fal - Vasas n\u0151i kos\u00e1rlabda","isPartOf":{"@id":"https:\/\/vasasbasket.hu\/#website"},"primaryImageOfPage":{"@id":"https:\/\/vasasbasket.hu\/index.php\/gyerek-korosztalyunk-ujabb-megmerettetesen-van-tul\/#primaryimage"},"image":{"@id":"https:\/\/vasasbasket.hu\/index.php\/gyerek-korosztalyunk-ujabb-megmerettetesen-van-tul\/#primaryimage"},"thumbnailUrl":"https:\/\/vasasbasket.hu\/wp-content\/uploads\/2018\/11\/Vasas-e1542045648723.jpg","datePublished":"2018-11-12T18:01:38+00:00","breadcrumb":{"@id":"https:\/\/vasasbasket.hu\/index.php\/gyerek-korosztalyunk-ujabb-megmerettetesen-van-tul\/#breadcrumb"},"inLanguage":"hu","potentialAction":[{"@type":"ReadAction","target":["https:\/\/vasasbasket.hu\/index.php\/gyerek-korosztalyunk-ujabb-megmerettetesen-van-tul\/"]}]},{"@type":"ImageObject","inLanguage":"hu","@id":"https:\/\/vasasbasket.hu\/index.php\/gyerek-korosztalyunk-ujabb-megmerettetesen-van-tul\/#primaryimage","url":"https:\/\/vasasbasket.hu\/wp-content\/uploads\/2018\/11\/Vasas-e1542045648723.jpg","contentUrl":"https:\/\/vasasbasket.hu\/wp-content\/uploads\/2018\/11\/Vasas-e1542045648723.jpg","width":768,"height":527},{"@type":"BreadcrumbList","@id":"https:\/\/vasasbasket.hu\/index.php\/gyerek-korosztalyunk-ujabb-megmerettetesen-van-tul\/#breadcrumb","itemListElement":[{"@type":"ListItem","position":1,"name":"Kezd\u0151lap","item":"https:\/\/vasasbasket.hu\/"},{"@type":"ListItem","position":2,"name":"Gyerek koroszt\u00e1lyunk \u00fajabb megm\u00e9rettet\u00e9sen van t\u00fal"}]},{"@type":"WebSite","@id":"https:\/\/vasasbasket.hu\/#website","url":"https:\/\/vasasbasket.hu\/","name":"Vasas n\u0151i kos\u00e1rlabda","description":"Vasas Basket N\u0151i","publisher":{"@id":"https:\/\/vasasbasket.hu\/#organization"},"potentialAction":[{"@type":"SearchAction","target":{"@type":"EntryPoint","urlTemplate":"https:\/\/vasasbasket.hu\/?s={search_term_string}"},"query-input":{"@type":"PropertyValueSpecification","valueRequired":true,"valueName":"search_term_string"}}],"inLanguage":"hu"},{"@type":"Organization","@id":"https:\/\/vasasbasket.hu\/#organization","name":"Vasas n\u0151i kos\u00e1rlabda","url":"https:\/\/vasasbasket.hu\/","logo":{"@type":"ImageObject","inLanguage":"hu","@id":"https:\/\/vasasbasket.hu\/#\/schema\/logo\/image\/","url":"https:\/\/vasasbasket.hu\/wp-content\/uploads\/2017\/03\/vasas_cimer_1200.jpg","contentUrl":"https:\/\/vasasbasket.hu\/wp-content\/uploads\/2017\/03\/vasas_cimer_1200.jpg","width":1200,"height":1200,"caption":"Vasas n\u0151i kos\u00e1rlabda"},"image":{"@id":"https:\/\/vasasbasket.hu\/#\/schema\/logo\/image\/"},"sameAs":["https:\/\/www.facebook.com\/vasaswbasket\/"]},{"@type":"Person","@id":"https:\/\/vasasbasket.hu\/#\/schema\/person\/f1085f4d2c6582d8d0f977e92de2edee","name":"admin","image":{"@type":"ImageObject","inLanguage":"hu","@id":"https:\/\/vasasbasket.hu\/#\/schema\/person\/image\/","url":"https:\/\/secure.gravatar.com\/avatar\/645c92f7d9cfe02bd93ce2d1cfa11cd3a268bdfe65486552ff04b193cea07634?s=96&d=mm&r=g","contentUrl":"https:\/\/secure.gravatar.com\/avatar\/645c92f7d9cfe02bd93ce2d1cfa11cd3a268bdfe65486552ff04b193cea07634?s=96&d=mm&r=g","caption":"admin"},"url":"https:\/\/vasasbasket.hu\/index.php\/author\/admin\/"}]}},"_links":{"self":[{"href":"https:\/\/vasasbasket.hu\/index.php\/wp-json\/wp\/v2\/posts\/4500","targetHints":{"allow":["GET"]}}],"collection":[{"href":"https:\/\/vasasbasket.hu\/index.php\/wp-json\/wp\/v2\/posts"}],"about":[{"href":"https:\/\/vasasbasket.hu\/index.php\/wp-json\/wp\/v2\/types\/post"}],"author":[{"embeddable":true,"href":"https:\/\/vasasbasket.hu\/index.php\/wp-json\/wp\/v2\/users\/1"}],"replies":[{"embeddable":true,"href":"https:\/\/vasasbasket.hu\/index.php\/wp-json\/wp\/v2\/comments?post=4500"}],"version-history":[{"count":1,"href":"https:\/\/vasasbasket.hu\/index.php\/wp-json\/wp\/v2\/posts\/4500\/revisions"}],"predecessor-version":[{"id":4502,"href":"https:\/\/vasasbasket.hu\/index.php\/wp-json\/wp\/v2\/posts\/4500\/revisions\/4502"}],"wp:featuredmedia":[{"embeddable":true,"href":"https:\/\/vasasbasket.hu\/index.php\/wp-json\/wp\/v2\/media\/4501"}],"wp:attachment":[{"href":"https:\/\/vasasbasket.hu\/index.php\/wp-json\/wp\/v2\/media?parent=4500"}],"wp:term":[{"taxonomy":"category","embeddable":true,"href":"https:\/\/vasasbasket.hu\/index.php\/wp-json\/wp\/v2\/categories?post=4500"},{"taxonomy":"post_tag","embeddable":true,"href":"https:\/\/vasasbasket.hu\/index.php\/wp-json\/wp\/v2\/tags?post=4500"}],"curies":[{"name":"wp","href":"https:\/\/api.w.org\/{rel}","templated":true}]}}