{"id":4464,"date":"2018-10-31T09:34:27","date_gmt":"2018-10-31T09:34:27","guid":{"rendered":"http:\/\/vasasbasket.hu\/?p=4464"},"modified":"2018-10-31T09:34:43","modified_gmt":"2018-10-31T09:34:43","slug":"serdulo-b-csapatunk-ket-merkozest-jatszott-a-hetvegen","status":"publish","type":"post","link":"https:\/\/vasasbasket.hu\/index.php\/serdulo-b-csapatunk-ket-merkozest-jatszott-a-hetvegen\/","title":{"rendered":"Serd\u00fcl\u0151 B csapatunk k\u00e9t m\u00e9rk\u0151z\u00e9st j\u00e1tszott a h\u00e9tv\u00e9g\u00e9n"},"content":{"rendered":"<p><strong>Egy gy\u0151zelemmel, egy veres\u00e9ggel z\u00e1rtak az Orsz\u00e1gos K\u00f6z\u00e9ph\u00e1z alapszakasz\u00e1nak nyit\u00e1ny\u00e1n az U14\/B-sek.<\/strong><\/p>\n<p>K\u00e9t negyedben is siker\u00fclt 20 pont f\u00f6l\u00f6tt dobni, melyekb\u0151l az els\u0151ben az \u00e9rett csapatj\u00e1t\u00e9k, az utols\u00f3ban pedig az egy\u00e9ni teljes\u00edtm\u00e9nyek domin\u00e1ltak. A k\u00f6ztes negyedekben rengeteg rossz d\u00f6nt\u00e9st hoztunk t\u00e1mad\u00e1sban, v\u00e9dekez\u00e9sben pedig a visszarendez\u0151d\u00e9sek \u00e9s a befut\u00e1sok v\u00e9d\u00e9se okozott komoly gondot. <em>\u201eGratul\u00e1lok a l\u00e1nyoknak, hogy gy\u0151zelemmel tudtuk kezdeni a k\u00f6z\u00e9ph\u00e1zi alapszakaszt\u201d<\/em> \u2013 mondta a csapat edz\u0151je, Kert\u00e9sz D\u00e1vid.<\/p>\n<p><strong>Vasas Akad\u00e9mia\/B &#8211;<\/strong> DKKA\/A <strong>61-51<\/strong> (21-14, 6-18, 11-12, 23-7)<br \/>\n<em>Pontszerz\u0151k:<\/em><br \/>\n<strong>Vasas Akad\u00e9mia:<\/strong> Benyovszki P. 4, Fogarasi K. 4, Herzog B. 4, Igaz E., Mar\u00f3ty Dalma 2, Masier S. 13, Starosta T., Szab\u00f3 F. 2, Bal\u00e1s N. 2, L\u00e1ng-Miticzky B. 13, M\u00e9sz\u00e1ros T. 16, L\u00e1szl\u00f3 R. 2<\/p>\n<p>A Debrecennel id\u00e9n m\u00e1r tal\u00e1lkoztunk egyszer, tudtuk, hogy mire sz\u00e1m\u00edthatunk. Ennek ellen\u00e9re a m\u00e1sodik f\u00e9lid\u0151ben rengeteg pontot kaptunk a begyakorolt figur\u00e1lis j\u00e1t\u00e9kukb\u00f3l, \u00e9s let\u00e1mad\u00e1sunk alatt is k\u00e9s\u0151n j\u00f6ttek a seg\u00edt\u00e9sek. <em>\u201eKapkodva \u00e9s egy\u00e9nieskedve t\u00e1madtunk, nem l\u00e1ttam vissza azokat az alapelemeket (befut\u00e1s, m\u00f6g\u00e9fut\u00e1s, t\u00f6lt\u00e9s), melyeket m\u00e1r sokat iskol\u00e1ztunk edz\u00e9seken, \u00edgy nem volt sok k\u00f6nny\u0171 kosarunk, csak az er\u0151lk\u00f6d\u00e9s \u00e9s a tehetetlens\u00e9g l\u00e1tszott. V\u00e9dekez\u00e9sben R\u00e9k\u00e1t \u00e9s Kincs\u0151t emeln\u00e9m ki, akik szenz\u00e1ci\u00f3s 1-1 v\u00e9dekez\u00e9st mutattak be, \u0151ket az ellenf\u00e9l k\u00e9t kulcs embere egyszer sem tudta elz\u00e1r\u00e1sba vezetni, \u00e9s alig engedt\u00e9k \u0151ket a pal\u00e1nk k\u00f6zel\u00e9be. T\u00e1mad\u00e1sban B\u00f6mbit emeln\u00e9m ki 15 dobott pontj\u00e1val, b\u00e1r rem\u00e9lem lassan \u00e9rettebb j\u00e1t\u00e9kra v\u00e1lt \u00e9s akkor m\u00e9g hasznosabb j\u00e1t\u00e9kosa lesz a csapatnak. Ezek ellen\u00e9re gratul\u00e1lok, hiszen a m\u00e1sodik f\u00e9lid\u0151ben az ellenf\u00e9l legjobb 5-6 j\u00e1t\u00e9kosa ellen is tisztess\u00e9ggel fel tudtuk venni a versenyt\u201d<\/em> \u2013 \u00f6sszegezte Kert\u00e9sz D\u00e1vid.<\/p>\n<p><strong>Vasas Akad\u00e9mia &#8211;<\/strong>\u00a0Debreceni KA\/A <strong>45-52<\/strong> (6-13, 15-7, 12-22, 12-10)<br \/>\n<em>Pontszerz\u0151k:<\/em><br \/>\n<strong>Vasas Akad\u00e9mia:<\/strong> Fogarasi K. 11, Herzog B., Hruby L. 4, Igaz E. 3, Mar\u00f3ty Dalma, Masier S. 4, Starosta T. 4, Szab\u00f3 F., L\u00e1ng-Miticzky B., M\u00e9sz\u00e1ros T. 15, L\u00e1szl\u00f3 R. 4, Mar\u00f3ty Dorka<\/p>\n","protected":false},"excerpt":{"rendered":"<p>Egy gy\u0151zelemmel, egy veres\u00e9ggel z\u00e1rtak az Orsz\u00e1gos K\u00f6z\u00e9ph\u00e1z alapszakasz\u00e1nak nyit\u00e1ny\u00e1n az U14\/B-sek. K\u00e9t negyedben is siker\u00fclt 20 pont f\u00f6l\u00f6tt dobni, melyekb\u0151l az els\u0151ben az \u00e9rett csapatj\u00e1t\u00e9k, az utols\u00f3ban pedig az egy\u00e9ni teljes\u00edtm\u00e9nyek domin\u00e1ltak. A k\u00f6ztes negyedekben rengeteg rossz d\u00f6nt\u00e9st hoztunk t\u00e1mad\u00e1sban, v\u00e9dekez\u00e9sben pedig a visszarendez\u0151d\u00e9sek \u00e9s a befut\u00e1sok v\u00e9d\u00e9se okozott komoly gondot. \u201eGratul\u00e1lok a l\u00e1nyoknak,&#8230;<\/p>\n","protected":false},"author":1,"featured_media":4288,"comment_status":"closed","ping_status":"open","sticky":false,"template":"","format":"standard","meta":{"footnotes":""},"categories":[52,92],"tags":[],"class_list":["post-4464","post","type-post","status-publish","format-standard","has-post-thumbnail","hentry","category-serdulo","category-hirek"],"yoast_head":"<!-- This site is optimized with the Yoast SEO plugin v26.0 - https:\/\/yoast.com\/wordpress\/plugins\/seo\/ -->\n<title>Serd\u00fcl\u0151 B csapatunk k\u00e9t m\u00e9rk\u0151z\u00e9st j\u00e1tszott a h\u00e9tv\u00e9g\u00e9n - Vasas n\u0151i kos\u00e1rlabda<\/title>\n<meta name=\"robots\" content=\"index, follow, max-snippet:-1, max-image-preview:large, max-video-preview:-1\" \/>\n<link rel=\"canonical\" href=\"https:\/\/vasasbasket.hu\/index.php\/serdulo-b-csapatunk-ket-merkozest-jatszott-a-hetvegen\/\" \/>\n<meta property=\"og:locale\" content=\"hu_HU\" \/>\n<meta property=\"og:type\" content=\"article\" \/>\n<meta property=\"og:title\" content=\"Serd\u00fcl\u0151 B csapatunk k\u00e9t m\u00e9rk\u0151z\u00e9st j\u00e1tszott a h\u00e9tv\u00e9g\u00e9n - Vasas n\u0151i kos\u00e1rlabda\" \/>\n<meta property=\"og:description\" content=\"Egy gy\u0151zelemmel, egy veres\u00e9ggel z\u00e1rtak az Orsz\u00e1gos K\u00f6z\u00e9ph\u00e1z alapszakasz\u00e1nak nyit\u00e1ny\u00e1n az U14\/B-sek. K\u00e9t negyedben is siker\u00fclt 20 pont f\u00f6l\u00f6tt dobni, melyekb\u0151l az els\u0151ben az \u00e9rett csapatj\u00e1t\u00e9k, az utols\u00f3ban pedig az egy\u00e9ni teljes\u00edtm\u00e9nyek domin\u00e1ltak. A k\u00f6ztes negyedekben rengeteg rossz d\u00f6nt\u00e9st hoztunk t\u00e1mad\u00e1sban, v\u00e9dekez\u00e9sben pedig a visszarendez\u0151d\u00e9sek \u00e9s a befut\u00e1sok v\u00e9d\u00e9se okozott komoly gondot. \u201eGratul\u00e1lok a l\u00e1nyoknak,...\" \/>\n<meta property=\"og:url\" content=\"https:\/\/vasasbasket.hu\/index.php\/serdulo-b-csapatunk-ket-merkozest-jatszott-a-hetvegen\/\" \/>\n<meta property=\"og:site_name\" content=\"Vasas n\u0151i kos\u00e1rlabda\" \/>\n<meta property=\"article:publisher\" content=\"https:\/\/www.facebook.com\/vasaswbasket\/\" \/>\n<meta property=\"article:published_time\" content=\"2018-10-31T09:34:27+00:00\" \/>\n<meta property=\"article:modified_time\" content=\"2018-10-31T09:34:43+00:00\" \/>\n<meta property=\"og:image\" content=\"https:\/\/vasasbasket.hu\/wp-content\/uploads\/2018\/09\/Vasas-Akad\u00e9mia-U14B.jpg\" \/>\n\t<meta property=\"og:image:width\" content=\"2000\" \/>\n\t<meta property=\"og:image:height\" content=\"1333\" \/>\n\t<meta property=\"og:image:type\" content=\"image\/jpeg\" \/>\n<meta name=\"author\" content=\"admin\" \/>\n<meta name=\"twitter:card\" content=\"summary_large_image\" \/>\n<meta name=\"twitter:label1\" content=\"Szerz\u0151:\" \/>\n\t<meta name=\"twitter:data1\" content=\"admin\" \/>\n\t<meta name=\"twitter:label2\" content=\"Becs\u00fclt olvas\u00e1si id\u0151\" \/>\n\t<meta name=\"twitter:data2\" content=\"2 perc\" \/>\n<script type=\"application\/ld+json\" class=\"yoast-schema-graph\">{\"@context\":\"https:\/\/schema.org\",\"@graph\":[{\"@type\":\"Article\",\"@id\":\"https:\/\/vasasbasket.hu\/index.php\/serdulo-b-csapatunk-ket-merkozest-jatszott-a-hetvegen\/#article\",\"isPartOf\":{\"@id\":\"https:\/\/vasasbasket.hu\/index.php\/serdulo-b-csapatunk-ket-merkozest-jatszott-a-hetvegen\/\"},\"author\":{\"name\":\"admin\",\"@id\":\"https:\/\/vasasbasket.hu\/#\/schema\/person\/f1085f4d2c6582d8d0f977e92de2edee\"},\"headline\":\"Serd\u00fcl\u0151 B csapatunk k\u00e9t m\u00e9rk\u0151z\u00e9st j\u00e1tszott a h\u00e9tv\u00e9g\u00e9n\",\"datePublished\":\"2018-10-31T09:34:27+00:00\",\"dateModified\":\"2018-10-31T09:34:43+00:00\",\"mainEntityOfPage\":{\"@id\":\"https:\/\/vasasbasket.hu\/index.php\/serdulo-b-csapatunk-ket-merkozest-jatszott-a-hetvegen\/\"},\"wordCount\":437,\"publisher\":{\"@id\":\"https:\/\/vasasbasket.hu\/#organization\"},\"image\":{\"@id\":\"https:\/\/vasasbasket.hu\/index.php\/serdulo-b-csapatunk-ket-merkozest-jatszott-a-hetvegen\/#primaryimage\"},\"thumbnailUrl\":\"https:\/\/vasasbasket.hu\/wp-content\/uploads\/2018\/09\/Vasas-Akad\u00e9mia-U14B.jpg\",\"articleSection\":[\"Serd\u00fcl\u0151\",\"\u00d6sszes H\u00edr\"],\"inLanguage\":\"hu\"},{\"@type\":\"WebPage\",\"@id\":\"https:\/\/vasasbasket.hu\/index.php\/serdulo-b-csapatunk-ket-merkozest-jatszott-a-hetvegen\/\",\"url\":\"https:\/\/vasasbasket.hu\/index.php\/serdulo-b-csapatunk-ket-merkozest-jatszott-a-hetvegen\/\",\"name\":\"Serd\u00fcl\u0151 B csapatunk k\u00e9t m\u00e9rk\u0151z\u00e9st j\u00e1tszott a h\u00e9tv\u00e9g\u00e9n - Vasas n\u0151i kos\u00e1rlabda\",\"isPartOf\":{\"@id\":\"https:\/\/vasasbasket.hu\/#website\"},\"primaryImageOfPage\":{\"@id\":\"https:\/\/vasasbasket.hu\/index.php\/serdulo-b-csapatunk-ket-merkozest-jatszott-a-hetvegen\/#primaryimage\"},\"image\":{\"@id\":\"https:\/\/vasasbasket.hu\/index.php\/serdulo-b-csapatunk-ket-merkozest-jatszott-a-hetvegen\/#primaryimage\"},\"thumbnailUrl\":\"https:\/\/vasasbasket.hu\/wp-content\/uploads\/2018\/09\/Vasas-Akad\u00e9mia-U14B.jpg\",\"datePublished\":\"2018-10-31T09:34:27+00:00\",\"dateModified\":\"2018-10-31T09:34:43+00:00\",\"breadcrumb\":{\"@id\":\"https:\/\/vasasbasket.hu\/index.php\/serdulo-b-csapatunk-ket-merkozest-jatszott-a-hetvegen\/#breadcrumb\"},\"inLanguage\":\"hu\",\"potentialAction\":[{\"@type\":\"ReadAction\",\"target\":[\"https:\/\/vasasbasket.hu\/index.php\/serdulo-b-csapatunk-ket-merkozest-jatszott-a-hetvegen\/\"]}]},{\"@type\":\"ImageObject\",\"inLanguage\":\"hu\",\"@id\":\"https:\/\/vasasbasket.hu\/index.php\/serdulo-b-csapatunk-ket-merkozest-jatszott-a-hetvegen\/#primaryimage\",\"url\":\"https:\/\/vasasbasket.hu\/wp-content\/uploads\/2018\/09\/Vasas-Akad\u00e9mia-U14B.jpg\",\"contentUrl\":\"https:\/\/vasasbasket.hu\/wp-content\/uploads\/2018\/09\/Vasas-Akad\u00e9mia-U14B.jpg\",\"width\":2000,\"height\":1333},{\"@type\":\"BreadcrumbList\",\"@id\":\"https:\/\/vasasbasket.hu\/index.php\/serdulo-b-csapatunk-ket-merkozest-jatszott-a-hetvegen\/#breadcrumb\",\"itemListElement\":[{\"@type\":\"ListItem\",\"position\":1,\"name\":\"Kezd\u0151lap\",\"item\":\"https:\/\/vasasbasket.hu\/\"},{\"@type\":\"ListItem\",\"position\":2,\"name\":\"Serd\u00fcl\u0151 B csapatunk k\u00e9t m\u00e9rk\u0151z\u00e9st j\u00e1tszott a h\u00e9tv\u00e9g\u00e9n\"}]},{\"@type\":\"WebSite\",\"@id\":\"https:\/\/vasasbasket.hu\/#website\",\"url\":\"https:\/\/vasasbasket.hu\/\",\"name\":\"Vasas n\u0151i kos\u00e1rlabda\",\"description\":\"Vasas Basket N\u0151i\",\"publisher\":{\"@id\":\"https:\/\/vasasbasket.hu\/#organization\"},\"potentialAction\":[{\"@type\":\"SearchAction\",\"target\":{\"@type\":\"EntryPoint\",\"urlTemplate\":\"https:\/\/vasasbasket.hu\/?s={search_term_string}\"},\"query-input\":{\"@type\":\"PropertyValueSpecification\",\"valueRequired\":true,\"valueName\":\"search_term_string\"}}],\"inLanguage\":\"hu\"},{\"@type\":\"Organization\",\"@id\":\"https:\/\/vasasbasket.hu\/#organization\",\"name\":\"Vasas n\u0151i kos\u00e1rlabda\",\"url\":\"https:\/\/vasasbasket.hu\/\",\"logo\":{\"@type\":\"ImageObject\",\"inLanguage\":\"hu\",\"@id\":\"https:\/\/vasasbasket.hu\/#\/schema\/logo\/image\/\",\"url\":\"https:\/\/vasasbasket.hu\/wp-content\/uploads\/2017\/03\/vasas_cimer_1200.jpg\",\"contentUrl\":\"https:\/\/vasasbasket.hu\/wp-content\/uploads\/2017\/03\/vasas_cimer_1200.jpg\",\"width\":1200,\"height\":1200,\"caption\":\"Vasas n\u0151i kos\u00e1rlabda\"},\"image\":{\"@id\":\"https:\/\/vasasbasket.hu\/#\/schema\/logo\/image\/\"},\"sameAs\":[\"https:\/\/www.facebook.com\/vasaswbasket\/\"]},{\"@type\":\"Person\",\"@id\":\"https:\/\/vasasbasket.hu\/#\/schema\/person\/f1085f4d2c6582d8d0f977e92de2edee\",\"name\":\"admin\",\"image\":{\"@type\":\"ImageObject\",\"inLanguage\":\"hu\",\"@id\":\"https:\/\/vasasbasket.hu\/#\/schema\/person\/image\/\",\"url\":\"https:\/\/secure.gravatar.com\/avatar\/645c92f7d9cfe02bd93ce2d1cfa11cd3a268bdfe65486552ff04b193cea07634?s=96&d=mm&r=g\",\"contentUrl\":\"https:\/\/secure.gravatar.com\/avatar\/645c92f7d9cfe02bd93ce2d1cfa11cd3a268bdfe65486552ff04b193cea07634?s=96&d=mm&r=g\",\"caption\":\"admin\"},\"url\":\"https:\/\/vasasbasket.hu\/index.php\/author\/admin\/\"}]}<\/script>\n<!-- \/ Yoast SEO plugin. -->","yoast_head_json":{"title":"Serd\u00fcl\u0151 B csapatunk k\u00e9t m\u00e9rk\u0151z\u00e9st j\u00e1tszott a h\u00e9tv\u00e9g\u00e9n - Vasas n\u0151i kos\u00e1rlabda","robots":{"index":"index","follow":"follow","max-snippet":"max-snippet:-1","max-image-preview":"max-image-preview:large","max-video-preview":"max-video-preview:-1"},"canonical":"https:\/\/vasasbasket.hu\/index.php\/serdulo-b-csapatunk-ket-merkozest-jatszott-a-hetvegen\/","og_locale":"hu_HU","og_type":"article","og_title":"Serd\u00fcl\u0151 B csapatunk k\u00e9t m\u00e9rk\u0151z\u00e9st j\u00e1tszott a h\u00e9tv\u00e9g\u00e9n - Vasas n\u0151i kos\u00e1rlabda","og_description":"Egy gy\u0151zelemmel, egy veres\u00e9ggel z\u00e1rtak az Orsz\u00e1gos K\u00f6z\u00e9ph\u00e1z alapszakasz\u00e1nak nyit\u00e1ny\u00e1n az U14\/B-sek. K\u00e9t negyedben is siker\u00fclt 20 pont f\u00f6l\u00f6tt dobni, melyekb\u0151l az els\u0151ben az \u00e9rett csapatj\u00e1t\u00e9k, az utols\u00f3ban pedig az egy\u00e9ni teljes\u00edtm\u00e9nyek domin\u00e1ltak. A k\u00f6ztes negyedekben rengeteg rossz d\u00f6nt\u00e9st hoztunk t\u00e1mad\u00e1sban, v\u00e9dekez\u00e9sben pedig a visszarendez\u0151d\u00e9sek \u00e9s a befut\u00e1sok v\u00e9d\u00e9se okozott komoly gondot. \u201eGratul\u00e1lok a l\u00e1nyoknak,...","og_url":"https:\/\/vasasbasket.hu\/index.php\/serdulo-b-csapatunk-ket-merkozest-jatszott-a-hetvegen\/","og_site_name":"Vasas n\u0151i kos\u00e1rlabda","article_publisher":"https:\/\/www.facebook.com\/vasaswbasket\/","article_published_time":"2018-10-31T09:34:27+00:00","article_modified_time":"2018-10-31T09:34:43+00:00","og_image":[{"width":2000,"height":1333,"url":"https:\/\/vasasbasket.hu\/wp-content\/uploads\/2018\/09\/Vasas-Akad\u00e9mia-U14B.jpg","type":"image\/jpeg"}],"author":"admin","twitter_card":"summary_large_image","twitter_misc":{"Szerz\u0151:":"admin","Becs\u00fclt olvas\u00e1si id\u0151":"2 perc"},"schema":{"@context":"https:\/\/schema.org","@graph":[{"@type":"Article","@id":"https:\/\/vasasbasket.hu\/index.php\/serdulo-b-csapatunk-ket-merkozest-jatszott-a-hetvegen\/#article","isPartOf":{"@id":"https:\/\/vasasbasket.hu\/index.php\/serdulo-b-csapatunk-ket-merkozest-jatszott-a-hetvegen\/"},"author":{"name":"admin","@id":"https:\/\/vasasbasket.hu\/#\/schema\/person\/f1085f4d2c6582d8d0f977e92de2edee"},"headline":"Serd\u00fcl\u0151 B csapatunk k\u00e9t m\u00e9rk\u0151z\u00e9st j\u00e1tszott a h\u00e9tv\u00e9g\u00e9n","datePublished":"2018-10-31T09:34:27+00:00","dateModified":"2018-10-31T09:34:43+00:00","mainEntityOfPage":{"@id":"https:\/\/vasasbasket.hu\/index.php\/serdulo-b-csapatunk-ket-merkozest-jatszott-a-hetvegen\/"},"wordCount":437,"publisher":{"@id":"https:\/\/vasasbasket.hu\/#organization"},"image":{"@id":"https:\/\/vasasbasket.hu\/index.php\/serdulo-b-csapatunk-ket-merkozest-jatszott-a-hetvegen\/#primaryimage"},"thumbnailUrl":"https:\/\/vasasbasket.hu\/wp-content\/uploads\/2018\/09\/Vasas-Akad\u00e9mia-U14B.jpg","articleSection":["Serd\u00fcl\u0151","\u00d6sszes H\u00edr"],"inLanguage":"hu"},{"@type":"WebPage","@id":"https:\/\/vasasbasket.hu\/index.php\/serdulo-b-csapatunk-ket-merkozest-jatszott-a-hetvegen\/","url":"https:\/\/vasasbasket.hu\/index.php\/serdulo-b-csapatunk-ket-merkozest-jatszott-a-hetvegen\/","name":"Serd\u00fcl\u0151 B csapatunk k\u00e9t m\u00e9rk\u0151z\u00e9st j\u00e1tszott a h\u00e9tv\u00e9g\u00e9n - Vasas n\u0151i kos\u00e1rlabda","isPartOf":{"@id":"https:\/\/vasasbasket.hu\/#website"},"primaryImageOfPage":{"@id":"https:\/\/vasasbasket.hu\/index.php\/serdulo-b-csapatunk-ket-merkozest-jatszott-a-hetvegen\/#primaryimage"},"image":{"@id":"https:\/\/vasasbasket.hu\/index.php\/serdulo-b-csapatunk-ket-merkozest-jatszott-a-hetvegen\/#primaryimage"},"thumbnailUrl":"https:\/\/vasasbasket.hu\/wp-content\/uploads\/2018\/09\/Vasas-Akad\u00e9mia-U14B.jpg","datePublished":"2018-10-31T09:34:27+00:00","dateModified":"2018-10-31T09:34:43+00:00","breadcrumb":{"@id":"https:\/\/vasasbasket.hu\/index.php\/serdulo-b-csapatunk-ket-merkozest-jatszott-a-hetvegen\/#breadcrumb"},"inLanguage":"hu","potentialAction":[{"@type":"ReadAction","target":["https:\/\/vasasbasket.hu\/index.php\/serdulo-b-csapatunk-ket-merkozest-jatszott-a-hetvegen\/"]}]},{"@type":"ImageObject","inLanguage":"hu","@id":"https:\/\/vasasbasket.hu\/index.php\/serdulo-b-csapatunk-ket-merkozest-jatszott-a-hetvegen\/#primaryimage","url":"https:\/\/vasasbasket.hu\/wp-content\/uploads\/2018\/09\/Vasas-Akad\u00e9mia-U14B.jpg","contentUrl":"https:\/\/vasasbasket.hu\/wp-content\/uploads\/2018\/09\/Vasas-Akad\u00e9mia-U14B.jpg","width":2000,"height":1333},{"@type":"BreadcrumbList","@id":"https:\/\/vasasbasket.hu\/index.php\/serdulo-b-csapatunk-ket-merkozest-jatszott-a-hetvegen\/#breadcrumb","itemListElement":[{"@type":"ListItem","position":1,"name":"Kezd\u0151lap","item":"https:\/\/vasasbasket.hu\/"},{"@type":"ListItem","position":2,"name":"Serd\u00fcl\u0151 B csapatunk k\u00e9t m\u00e9rk\u0151z\u00e9st j\u00e1tszott a h\u00e9tv\u00e9g\u00e9n"}]},{"@type":"WebSite","@id":"https:\/\/vasasbasket.hu\/#website","url":"https:\/\/vasasbasket.hu\/","name":"Vasas n\u0151i kos\u00e1rlabda","description":"Vasas Basket N\u0151i","publisher":{"@id":"https:\/\/vasasbasket.hu\/#organization"},"potentialAction":[{"@type":"SearchAction","target":{"@type":"EntryPoint","urlTemplate":"https:\/\/vasasbasket.hu\/?s={search_term_string}"},"query-input":{"@type":"PropertyValueSpecification","valueRequired":true,"valueName":"search_term_string"}}],"inLanguage":"hu"},{"@type":"Organization","@id":"https:\/\/vasasbasket.hu\/#organization","name":"Vasas n\u0151i kos\u00e1rlabda","url":"https:\/\/vasasbasket.hu\/","logo":{"@type":"ImageObject","inLanguage":"hu","@id":"https:\/\/vasasbasket.hu\/#\/schema\/logo\/image\/","url":"https:\/\/vasasbasket.hu\/wp-content\/uploads\/2017\/03\/vasas_cimer_1200.jpg","contentUrl":"https:\/\/vasasbasket.hu\/wp-content\/uploads\/2017\/03\/vasas_cimer_1200.jpg","width":1200,"height":1200,"caption":"Vasas n\u0151i kos\u00e1rlabda"},"image":{"@id":"https:\/\/vasasbasket.hu\/#\/schema\/logo\/image\/"},"sameAs":["https:\/\/www.facebook.com\/vasaswbasket\/"]},{"@type":"Person","@id":"https:\/\/vasasbasket.hu\/#\/schema\/person\/f1085f4d2c6582d8d0f977e92de2edee","name":"admin","image":{"@type":"ImageObject","inLanguage":"hu","@id":"https:\/\/vasasbasket.hu\/#\/schema\/person\/image\/","url":"https:\/\/secure.gravatar.com\/avatar\/645c92f7d9cfe02bd93ce2d1cfa11cd3a268bdfe65486552ff04b193cea07634?s=96&d=mm&r=g","contentUrl":"https:\/\/secure.gravatar.com\/avatar\/645c92f7d9cfe02bd93ce2d1cfa11cd3a268bdfe65486552ff04b193cea07634?s=96&d=mm&r=g","caption":"admin"},"url":"https:\/\/vasasbasket.hu\/index.php\/author\/admin\/"}]}},"_links":{"self":[{"href":"https:\/\/vasasbasket.hu\/index.php\/wp-json\/wp\/v2\/posts\/4464","targetHints":{"allow":["GET"]}}],"collection":[{"href":"https:\/\/vasasbasket.hu\/index.php\/wp-json\/wp\/v2\/posts"}],"about":[{"href":"https:\/\/vasasbasket.hu\/index.php\/wp-json\/wp\/v2\/types\/post"}],"author":[{"embeddable":true,"href":"https:\/\/vasasbasket.hu\/index.php\/wp-json\/wp\/v2\/users\/1"}],"replies":[{"embeddable":true,"href":"https:\/\/vasasbasket.hu\/index.php\/wp-json\/wp\/v2\/comments?post=4464"}],"version-history":[{"count":1,"href":"https:\/\/vasasbasket.hu\/index.php\/wp-json\/wp\/v2\/posts\/4464\/revisions"}],"predecessor-version":[{"id":4465,"href":"https:\/\/vasasbasket.hu\/index.php\/wp-json\/wp\/v2\/posts\/4464\/revisions\/4465"}],"wp:featuredmedia":[{"embeddable":true,"href":"https:\/\/vasasbasket.hu\/index.php\/wp-json\/wp\/v2\/media\/4288"}],"wp:attachment":[{"href":"https:\/\/vasasbasket.hu\/index.php\/wp-json\/wp\/v2\/media?parent=4464"}],"wp:term":[{"taxonomy":"category","embeddable":true,"href":"https:\/\/vasasbasket.hu\/index.php\/wp-json\/wp\/v2\/categories?post=4464"},{"taxonomy":"post_tag","embeddable":true,"href":"https:\/\/vasasbasket.hu\/index.php\/wp-json\/wp\/v2\/tags?post=4464"}],"curies":[{"name":"wp","href":"https:\/\/api.w.org\/{rel}","templated":true}]}}