{"id":4434,"date":"2018-10-26T08:02:28","date_gmt":"2018-10-26T08:02:28","guid":{"rendered":"http:\/\/vasasbasket.hu\/?p=4434"},"modified":"2018-10-26T11:12:40","modified_gmt":"2018-10-26T11:12:40","slug":"idegenben-kaptak-ki-juniorjaink-a-dvtk-akademiatol","status":"publish","type":"post","link":"https:\/\/vasasbasket.hu\/index.php\/idegenben-kaptak-ki-juniorjaink-a-dvtk-akademiatol\/","title":{"rendered":"Idegenben kaptak ki juniorjaink a DVTK Akad\u00e9mi\u00e1t\u00f3l"},"content":{"rendered":"<p><strong>U18-as csapatunk tegnap Miskolcon j\u00e1rt, Igor Skocovski l\u00e1nyai 68-49-re kaptak ki a DVTK-t\u00f3l.<\/strong><\/p>\n<p>Az els\u0151 negyedben nagyon sz\u00e9pen indultunk \u00e9s 6-0-ra vezett\u00fcnk. V\u00e9dekez\u00e9sben \u00e9s t\u00e1mad\u00e1sban is sz\u00e9pen v\u00e9gig csin\u00e1ltuk a feladatokat, k\u00e1r hogy nem nagyobb el\u0151nnyel v\u00e1gtunk neki a k\u00f6vetkez\u0151 j\u00e1t\u00e9kr\u00e9sznek. A m\u00e1sodik negyedben is folytat\u00f3dott j\u00f3 j\u00e1t\u00e9kunk, ahol j\u00f3 sz\u00e1zal\u00e9kkal dobtunk, \u00e9s t\u00f6bb szerzet labda is volt. A sz\u00fcnet el\u0151tt engedt\u00fck, hogy a DVTK \u00f6t pontos el\u0151nyb\u0151l vissza j\u00f6jj\u00f6n, \u00edgy 34-34-el z\u00e1rult a f\u00e9lid\u0151. A harmadik negyedben sajnos nem tal\u00e1ltunk j\u00f3 megold\u00e1sokat, rossz poz\u00edci\u00f3b\u00f3l \u00e9s nem el\u0151k\u00e9sz\u00edtett dob\u00e1sok mentek a gy\u0171r\u0171 fel\u00e9. V\u00e9dekez\u00e9s\u00fcnk is nagyon gyenge volt, f\u0151leg az egy-egy elleni szitu\u00e1ci\u00f3k. Az utols\u00f3 negyedben pr\u00f3b\u00e1lkoztunk visszat\u00e9rni a meccsbe, de sajnos nem siker\u00fclt. Kun Rit\u00e1t (8 lepattan\u00f3 \u00e9s 8 pont), Bud\u00e1csik Dorotty\u00e1t \u00e9s Szerencs\u00e9s Tamar\u00e1t (mindketten 14 pontig jutottak) mindenk\u00e9pp kiemeln\u00e9m, Boros Berta pedig ism\u00e9t sz\u00e9pen ir\u00e1nyotta a csapatot (5 g\u00f3lpassz \u00e9s 11 pont).<\/p>\n<p>DVTK Akad\u00e9mia <strong>&#8211; Vasas Akad\u00e9mia 68-49<\/strong> (19-20, 15-14, 18-4, 16-11)<br \/>\n<em>Pontszerz\u0151k:<\/em><br \/>\nBud\u00e1csik D. 14, Kun R. 8, D\u00fal T., Sikl\u00f3s D., Mudra V., Boros B. 11, Kuncz P. 2, Altman A., Szerencs\u00e9s T. 14, T\u00f3th F., Eszt\u00e1ri T.,<\/p>\n<p><img loading=\"lazy\" decoding=\"async\" class=\"wp-image-4436 aligncenter\" src=\"http:\/\/vasasbasket.hu\/wp-content\/uploads\/2018\/10\/IMG_1060-300x225.jpg\" alt=\"\" width=\"564\" height=\"423\" srcset=\"https:\/\/vasasbasket.hu\/wp-content\/uploads\/2018\/10\/IMG_1060-300x225.jpg 300w, https:\/\/vasasbasket.hu\/wp-content\/uploads\/2018\/10\/IMG_1060-570x428.jpg 570w, https:\/\/vasasbasket.hu\/wp-content\/uploads\/2018\/10\/IMG_1060-440x330.jpg 440w, https:\/\/vasasbasket.hu\/wp-content\/uploads\/2018\/10\/IMG_1060-768x576.jpg 768w, https:\/\/vasasbasket.hu\/wp-content\/uploads\/2018\/10\/IMG_1060-1024x768.jpg 1024w, https:\/\/vasasbasket.hu\/wp-content\/uploads\/2018\/10\/IMG_1060-128x96.jpg 128w, https:\/\/vasasbasket.hu\/wp-content\/uploads\/2018\/10\/IMG_1060-32x24.jpg 32w, https:\/\/vasasbasket.hu\/wp-content\/uploads\/2018\/10\/IMG_1060-98x74.jpg 98w, https:\/\/vasasbasket.hu\/wp-content\/uploads\/2018\/10\/IMG_1060.jpg 1280w\" sizes=\"auto, (max-width: 564px) 100vw, 564px\" \/><\/p>\n","protected":false},"excerpt":{"rendered":"<p>U18-as csapatunk tegnap Miskolcon j\u00e1rt, Igor Skocovski l\u00e1nyai 68-49-re kaptak ki a DVTK-t\u00f3l. Az els\u0151 negyedben nagyon sz\u00e9pen indultunk \u00e9s 6-0-ra vezett\u00fcnk. V\u00e9dekez\u00e9sben \u00e9s t\u00e1mad\u00e1sban is sz\u00e9pen v\u00e9gig csin\u00e1ltuk a feladatokat, k\u00e1r hogy nem nagyobb el\u0151nnyel v\u00e1gtunk neki a k\u00f6vetkez\u0151 j\u00e1t\u00e9kr\u00e9sznek. A m\u00e1sodik negyedben is folytat\u00f3dott j\u00f3 j\u00e1t\u00e9kunk, ahol j\u00f3 sz\u00e1zal\u00e9kkal dobtunk, \u00e9s t\u00f6bb szerzet&#8230;<\/p>\n","protected":false},"author":1,"featured_media":4283,"comment_status":"closed","ping_status":"open","sticky":false,"template":"","format":"standard","meta":{"footnotes":""},"categories":[50,92],"tags":[],"class_list":["post-4434","post","type-post","status-publish","format-standard","has-post-thumbnail","hentry","category-junior","category-hirek"],"yoast_head":"<!-- This site is optimized with the Yoast SEO plugin v26.0 - https:\/\/yoast.com\/wordpress\/plugins\/seo\/ -->\n<title>Idegenben kaptak ki juniorjaink a DVTK Akad\u00e9mi\u00e1t\u00f3l - Vasas n\u0151i kos\u00e1rlabda<\/title>\n<meta name=\"robots\" content=\"index, follow, max-snippet:-1, max-image-preview:large, max-video-preview:-1\" \/>\n<link rel=\"canonical\" href=\"https:\/\/vasasbasket.hu\/index.php\/idegenben-kaptak-ki-juniorjaink-a-dvtk-akademiatol\/\" \/>\n<meta property=\"og:locale\" content=\"hu_HU\" \/>\n<meta property=\"og:type\" content=\"article\" \/>\n<meta property=\"og:title\" content=\"Idegenben kaptak ki juniorjaink a DVTK Akad\u00e9mi\u00e1t\u00f3l - Vasas n\u0151i kos\u00e1rlabda\" \/>\n<meta property=\"og:description\" content=\"U18-as csapatunk tegnap Miskolcon j\u00e1rt, Igor Skocovski l\u00e1nyai 68-49-re kaptak ki a DVTK-t\u00f3l. Az els\u0151 negyedben nagyon sz\u00e9pen indultunk \u00e9s 6-0-ra vezett\u00fcnk. V\u00e9dekez\u00e9sben \u00e9s t\u00e1mad\u00e1sban is sz\u00e9pen v\u00e9gig csin\u00e1ltuk a feladatokat, k\u00e1r hogy nem nagyobb el\u0151nnyel v\u00e1gtunk neki a k\u00f6vetkez\u0151 j\u00e1t\u00e9kr\u00e9sznek. A m\u00e1sodik negyedben is folytat\u00f3dott j\u00f3 j\u00e1t\u00e9kunk, ahol j\u00f3 sz\u00e1zal\u00e9kkal dobtunk, \u00e9s t\u00f6bb szerzet...\" \/>\n<meta property=\"og:url\" content=\"https:\/\/vasasbasket.hu\/index.php\/idegenben-kaptak-ki-juniorjaink-a-dvtk-akademiatol\/\" \/>\n<meta property=\"og:site_name\" content=\"Vasas n\u0151i kos\u00e1rlabda\" \/>\n<meta property=\"article:publisher\" content=\"https:\/\/www.facebook.com\/vasaswbasket\/\" \/>\n<meta property=\"article:published_time\" content=\"2018-10-26T08:02:28+00:00\" \/>\n<meta property=\"article:modified_time\" content=\"2018-10-26T11:12:40+00:00\" \/>\n<meta property=\"og:image\" content=\"https:\/\/vasasbasket.hu\/wp-content\/uploads\/2018\/09\/Vasas-Akad\u00e9mia-U18.jpg\" \/>\n\t<meta property=\"og:image:width\" content=\"2000\" \/>\n\t<meta property=\"og:image:height\" content=\"1333\" \/>\n\t<meta property=\"og:image:type\" content=\"image\/jpeg\" \/>\n<meta name=\"author\" content=\"admin\" \/>\n<meta name=\"twitter:card\" content=\"summary_large_image\" \/>\n<meta name=\"twitter:label1\" content=\"Szerz\u0151:\" \/>\n\t<meta name=\"twitter:data1\" content=\"admin\" \/>\n\t<meta name=\"twitter:label2\" content=\"Becs\u00fclt olvas\u00e1si id\u0151\" \/>\n\t<meta name=\"twitter:data2\" content=\"1 perc\" \/>\n<script type=\"application\/ld+json\" class=\"yoast-schema-graph\">{\"@context\":\"https:\/\/schema.org\",\"@graph\":[{\"@type\":\"Article\",\"@id\":\"https:\/\/vasasbasket.hu\/index.php\/idegenben-kaptak-ki-juniorjaink-a-dvtk-akademiatol\/#article\",\"isPartOf\":{\"@id\":\"https:\/\/vasasbasket.hu\/index.php\/idegenben-kaptak-ki-juniorjaink-a-dvtk-akademiatol\/\"},\"author\":{\"name\":\"admin\",\"@id\":\"https:\/\/vasasbasket.hu\/#\/schema\/person\/f1085f4d2c6582d8d0f977e92de2edee\"},\"headline\":\"Idegenben kaptak ki juniorjaink a DVTK Akad\u00e9mi\u00e1t\u00f3l\",\"datePublished\":\"2018-10-26T08:02:28+00:00\",\"dateModified\":\"2018-10-26T11:12:40+00:00\",\"mainEntityOfPage\":{\"@id\":\"https:\/\/vasasbasket.hu\/index.php\/idegenben-kaptak-ki-juniorjaink-a-dvtk-akademiatol\/\"},\"wordCount\":262,\"publisher\":{\"@id\":\"https:\/\/vasasbasket.hu\/#organization\"},\"image\":{\"@id\":\"https:\/\/vasasbasket.hu\/index.php\/idegenben-kaptak-ki-juniorjaink-a-dvtk-akademiatol\/#primaryimage\"},\"thumbnailUrl\":\"https:\/\/vasasbasket.hu\/wp-content\/uploads\/2018\/09\/Vasas-Akad\u00e9mia-U18.jpg\",\"articleSection\":[\"Junior\",\"\u00d6sszes H\u00edr\"],\"inLanguage\":\"hu\"},{\"@type\":\"WebPage\",\"@id\":\"https:\/\/vasasbasket.hu\/index.php\/idegenben-kaptak-ki-juniorjaink-a-dvtk-akademiatol\/\",\"url\":\"https:\/\/vasasbasket.hu\/index.php\/idegenben-kaptak-ki-juniorjaink-a-dvtk-akademiatol\/\",\"name\":\"Idegenben kaptak ki juniorjaink a DVTK Akad\u00e9mi\u00e1t\u00f3l - Vasas n\u0151i kos\u00e1rlabda\",\"isPartOf\":{\"@id\":\"https:\/\/vasasbasket.hu\/#website\"},\"primaryImageOfPage\":{\"@id\":\"https:\/\/vasasbasket.hu\/index.php\/idegenben-kaptak-ki-juniorjaink-a-dvtk-akademiatol\/#primaryimage\"},\"image\":{\"@id\":\"https:\/\/vasasbasket.hu\/index.php\/idegenben-kaptak-ki-juniorjaink-a-dvtk-akademiatol\/#primaryimage\"},\"thumbnailUrl\":\"https:\/\/vasasbasket.hu\/wp-content\/uploads\/2018\/09\/Vasas-Akad\u00e9mia-U18.jpg\",\"datePublished\":\"2018-10-26T08:02:28+00:00\",\"dateModified\":\"2018-10-26T11:12:40+00:00\",\"breadcrumb\":{\"@id\":\"https:\/\/vasasbasket.hu\/index.php\/idegenben-kaptak-ki-juniorjaink-a-dvtk-akademiatol\/#breadcrumb\"},\"inLanguage\":\"hu\",\"potentialAction\":[{\"@type\":\"ReadAction\",\"target\":[\"https:\/\/vasasbasket.hu\/index.php\/idegenben-kaptak-ki-juniorjaink-a-dvtk-akademiatol\/\"]}]},{\"@type\":\"ImageObject\",\"inLanguage\":\"hu\",\"@id\":\"https:\/\/vasasbasket.hu\/index.php\/idegenben-kaptak-ki-juniorjaink-a-dvtk-akademiatol\/#primaryimage\",\"url\":\"https:\/\/vasasbasket.hu\/wp-content\/uploads\/2018\/09\/Vasas-Akad\u00e9mia-U18.jpg\",\"contentUrl\":\"https:\/\/vasasbasket.hu\/wp-content\/uploads\/2018\/09\/Vasas-Akad\u00e9mia-U18.jpg\",\"width\":2000,\"height\":1333},{\"@type\":\"BreadcrumbList\",\"@id\":\"https:\/\/vasasbasket.hu\/index.php\/idegenben-kaptak-ki-juniorjaink-a-dvtk-akademiatol\/#breadcrumb\",\"itemListElement\":[{\"@type\":\"ListItem\",\"position\":1,\"name\":\"Kezd\u0151lap\",\"item\":\"https:\/\/vasasbasket.hu\/\"},{\"@type\":\"ListItem\",\"position\":2,\"name\":\"Idegenben kaptak ki juniorjaink a DVTK Akad\u00e9mi\u00e1t\u00f3l\"}]},{\"@type\":\"WebSite\",\"@id\":\"https:\/\/vasasbasket.hu\/#website\",\"url\":\"https:\/\/vasasbasket.hu\/\",\"name\":\"Vasas n\u0151i kos\u00e1rlabda\",\"description\":\"Vasas Basket N\u0151i\",\"publisher\":{\"@id\":\"https:\/\/vasasbasket.hu\/#organization\"},\"potentialAction\":[{\"@type\":\"SearchAction\",\"target\":{\"@type\":\"EntryPoint\",\"urlTemplate\":\"https:\/\/vasasbasket.hu\/?s={search_term_string}\"},\"query-input\":{\"@type\":\"PropertyValueSpecification\",\"valueRequired\":true,\"valueName\":\"search_term_string\"}}],\"inLanguage\":\"hu\"},{\"@type\":\"Organization\",\"@id\":\"https:\/\/vasasbasket.hu\/#organization\",\"name\":\"Vasas n\u0151i kos\u00e1rlabda\",\"url\":\"https:\/\/vasasbasket.hu\/\",\"logo\":{\"@type\":\"ImageObject\",\"inLanguage\":\"hu\",\"@id\":\"https:\/\/vasasbasket.hu\/#\/schema\/logo\/image\/\",\"url\":\"https:\/\/vasasbasket.hu\/wp-content\/uploads\/2017\/03\/vasas_cimer_1200.jpg\",\"contentUrl\":\"https:\/\/vasasbasket.hu\/wp-content\/uploads\/2017\/03\/vasas_cimer_1200.jpg\",\"width\":1200,\"height\":1200,\"caption\":\"Vasas n\u0151i kos\u00e1rlabda\"},\"image\":{\"@id\":\"https:\/\/vasasbasket.hu\/#\/schema\/logo\/image\/\"},\"sameAs\":[\"https:\/\/www.facebook.com\/vasaswbasket\/\"]},{\"@type\":\"Person\",\"@id\":\"https:\/\/vasasbasket.hu\/#\/schema\/person\/f1085f4d2c6582d8d0f977e92de2edee\",\"name\":\"admin\",\"image\":{\"@type\":\"ImageObject\",\"inLanguage\":\"hu\",\"@id\":\"https:\/\/vasasbasket.hu\/#\/schema\/person\/image\/\",\"url\":\"https:\/\/secure.gravatar.com\/avatar\/645c92f7d9cfe02bd93ce2d1cfa11cd3a268bdfe65486552ff04b193cea07634?s=96&d=mm&r=g\",\"contentUrl\":\"https:\/\/secure.gravatar.com\/avatar\/645c92f7d9cfe02bd93ce2d1cfa11cd3a268bdfe65486552ff04b193cea07634?s=96&d=mm&r=g\",\"caption\":\"admin\"},\"url\":\"https:\/\/vasasbasket.hu\/index.php\/author\/admin\/\"}]}<\/script>\n<!-- \/ Yoast SEO plugin. -->","yoast_head_json":{"title":"Idegenben kaptak ki juniorjaink a DVTK Akad\u00e9mi\u00e1t\u00f3l - Vasas n\u0151i kos\u00e1rlabda","robots":{"index":"index","follow":"follow","max-snippet":"max-snippet:-1","max-image-preview":"max-image-preview:large","max-video-preview":"max-video-preview:-1"},"canonical":"https:\/\/vasasbasket.hu\/index.php\/idegenben-kaptak-ki-juniorjaink-a-dvtk-akademiatol\/","og_locale":"hu_HU","og_type":"article","og_title":"Idegenben kaptak ki juniorjaink a DVTK Akad\u00e9mi\u00e1t\u00f3l - Vasas n\u0151i kos\u00e1rlabda","og_description":"U18-as csapatunk tegnap Miskolcon j\u00e1rt, Igor Skocovski l\u00e1nyai 68-49-re kaptak ki a DVTK-t\u00f3l. Az els\u0151 negyedben nagyon sz\u00e9pen indultunk \u00e9s 6-0-ra vezett\u00fcnk. V\u00e9dekez\u00e9sben \u00e9s t\u00e1mad\u00e1sban is sz\u00e9pen v\u00e9gig csin\u00e1ltuk a feladatokat, k\u00e1r hogy nem nagyobb el\u0151nnyel v\u00e1gtunk neki a k\u00f6vetkez\u0151 j\u00e1t\u00e9kr\u00e9sznek. A m\u00e1sodik negyedben is folytat\u00f3dott j\u00f3 j\u00e1t\u00e9kunk, ahol j\u00f3 sz\u00e1zal\u00e9kkal dobtunk, \u00e9s t\u00f6bb szerzet...","og_url":"https:\/\/vasasbasket.hu\/index.php\/idegenben-kaptak-ki-juniorjaink-a-dvtk-akademiatol\/","og_site_name":"Vasas n\u0151i kos\u00e1rlabda","article_publisher":"https:\/\/www.facebook.com\/vasaswbasket\/","article_published_time":"2018-10-26T08:02:28+00:00","article_modified_time":"2018-10-26T11:12:40+00:00","og_image":[{"width":2000,"height":1333,"url":"https:\/\/vasasbasket.hu\/wp-content\/uploads\/2018\/09\/Vasas-Akad\u00e9mia-U18.jpg","type":"image\/jpeg"}],"author":"admin","twitter_card":"summary_large_image","twitter_misc":{"Szerz\u0151:":"admin","Becs\u00fclt olvas\u00e1si id\u0151":"1 perc"},"schema":{"@context":"https:\/\/schema.org","@graph":[{"@type":"Article","@id":"https:\/\/vasasbasket.hu\/index.php\/idegenben-kaptak-ki-juniorjaink-a-dvtk-akademiatol\/#article","isPartOf":{"@id":"https:\/\/vasasbasket.hu\/index.php\/idegenben-kaptak-ki-juniorjaink-a-dvtk-akademiatol\/"},"author":{"name":"admin","@id":"https:\/\/vasasbasket.hu\/#\/schema\/person\/f1085f4d2c6582d8d0f977e92de2edee"},"headline":"Idegenben kaptak ki juniorjaink a DVTK Akad\u00e9mi\u00e1t\u00f3l","datePublished":"2018-10-26T08:02:28+00:00","dateModified":"2018-10-26T11:12:40+00:00","mainEntityOfPage":{"@id":"https:\/\/vasasbasket.hu\/index.php\/idegenben-kaptak-ki-juniorjaink-a-dvtk-akademiatol\/"},"wordCount":262,"publisher":{"@id":"https:\/\/vasasbasket.hu\/#organization"},"image":{"@id":"https:\/\/vasasbasket.hu\/index.php\/idegenben-kaptak-ki-juniorjaink-a-dvtk-akademiatol\/#primaryimage"},"thumbnailUrl":"https:\/\/vasasbasket.hu\/wp-content\/uploads\/2018\/09\/Vasas-Akad\u00e9mia-U18.jpg","articleSection":["Junior","\u00d6sszes H\u00edr"],"inLanguage":"hu"},{"@type":"WebPage","@id":"https:\/\/vasasbasket.hu\/index.php\/idegenben-kaptak-ki-juniorjaink-a-dvtk-akademiatol\/","url":"https:\/\/vasasbasket.hu\/index.php\/idegenben-kaptak-ki-juniorjaink-a-dvtk-akademiatol\/","name":"Idegenben kaptak ki juniorjaink a DVTK Akad\u00e9mi\u00e1t\u00f3l - Vasas n\u0151i kos\u00e1rlabda","isPartOf":{"@id":"https:\/\/vasasbasket.hu\/#website"},"primaryImageOfPage":{"@id":"https:\/\/vasasbasket.hu\/index.php\/idegenben-kaptak-ki-juniorjaink-a-dvtk-akademiatol\/#primaryimage"},"image":{"@id":"https:\/\/vasasbasket.hu\/index.php\/idegenben-kaptak-ki-juniorjaink-a-dvtk-akademiatol\/#primaryimage"},"thumbnailUrl":"https:\/\/vasasbasket.hu\/wp-content\/uploads\/2018\/09\/Vasas-Akad\u00e9mia-U18.jpg","datePublished":"2018-10-26T08:02:28+00:00","dateModified":"2018-10-26T11:12:40+00:00","breadcrumb":{"@id":"https:\/\/vasasbasket.hu\/index.php\/idegenben-kaptak-ki-juniorjaink-a-dvtk-akademiatol\/#breadcrumb"},"inLanguage":"hu","potentialAction":[{"@type":"ReadAction","target":["https:\/\/vasasbasket.hu\/index.php\/idegenben-kaptak-ki-juniorjaink-a-dvtk-akademiatol\/"]}]},{"@type":"ImageObject","inLanguage":"hu","@id":"https:\/\/vasasbasket.hu\/index.php\/idegenben-kaptak-ki-juniorjaink-a-dvtk-akademiatol\/#primaryimage","url":"https:\/\/vasasbasket.hu\/wp-content\/uploads\/2018\/09\/Vasas-Akad\u00e9mia-U18.jpg","contentUrl":"https:\/\/vasasbasket.hu\/wp-content\/uploads\/2018\/09\/Vasas-Akad\u00e9mia-U18.jpg","width":2000,"height":1333},{"@type":"BreadcrumbList","@id":"https:\/\/vasasbasket.hu\/index.php\/idegenben-kaptak-ki-juniorjaink-a-dvtk-akademiatol\/#breadcrumb","itemListElement":[{"@type":"ListItem","position":1,"name":"Kezd\u0151lap","item":"https:\/\/vasasbasket.hu\/"},{"@type":"ListItem","position":2,"name":"Idegenben kaptak ki juniorjaink a DVTK Akad\u00e9mi\u00e1t\u00f3l"}]},{"@type":"WebSite","@id":"https:\/\/vasasbasket.hu\/#website","url":"https:\/\/vasasbasket.hu\/","name":"Vasas n\u0151i kos\u00e1rlabda","description":"Vasas Basket N\u0151i","publisher":{"@id":"https:\/\/vasasbasket.hu\/#organization"},"potentialAction":[{"@type":"SearchAction","target":{"@type":"EntryPoint","urlTemplate":"https:\/\/vasasbasket.hu\/?s={search_term_string}"},"query-input":{"@type":"PropertyValueSpecification","valueRequired":true,"valueName":"search_term_string"}}],"inLanguage":"hu"},{"@type":"Organization","@id":"https:\/\/vasasbasket.hu\/#organization","name":"Vasas n\u0151i kos\u00e1rlabda","url":"https:\/\/vasasbasket.hu\/","logo":{"@type":"ImageObject","inLanguage":"hu","@id":"https:\/\/vasasbasket.hu\/#\/schema\/logo\/image\/","url":"https:\/\/vasasbasket.hu\/wp-content\/uploads\/2017\/03\/vasas_cimer_1200.jpg","contentUrl":"https:\/\/vasasbasket.hu\/wp-content\/uploads\/2017\/03\/vasas_cimer_1200.jpg","width":1200,"height":1200,"caption":"Vasas n\u0151i kos\u00e1rlabda"},"image":{"@id":"https:\/\/vasasbasket.hu\/#\/schema\/logo\/image\/"},"sameAs":["https:\/\/www.facebook.com\/vasaswbasket\/"]},{"@type":"Person","@id":"https:\/\/vasasbasket.hu\/#\/schema\/person\/f1085f4d2c6582d8d0f977e92de2edee","name":"admin","image":{"@type":"ImageObject","inLanguage":"hu","@id":"https:\/\/vasasbasket.hu\/#\/schema\/person\/image\/","url":"https:\/\/secure.gravatar.com\/avatar\/645c92f7d9cfe02bd93ce2d1cfa11cd3a268bdfe65486552ff04b193cea07634?s=96&d=mm&r=g","contentUrl":"https:\/\/secure.gravatar.com\/avatar\/645c92f7d9cfe02bd93ce2d1cfa11cd3a268bdfe65486552ff04b193cea07634?s=96&d=mm&r=g","caption":"admin"},"url":"https:\/\/vasasbasket.hu\/index.php\/author\/admin\/"}]}},"_links":{"self":[{"href":"https:\/\/vasasbasket.hu\/index.php\/wp-json\/wp\/v2\/posts\/4434","targetHints":{"allow":["GET"]}}],"collection":[{"href":"https:\/\/vasasbasket.hu\/index.php\/wp-json\/wp\/v2\/posts"}],"about":[{"href":"https:\/\/vasasbasket.hu\/index.php\/wp-json\/wp\/v2\/types\/post"}],"author":[{"embeddable":true,"href":"https:\/\/vasasbasket.hu\/index.php\/wp-json\/wp\/v2\/users\/1"}],"replies":[{"embeddable":true,"href":"https:\/\/vasasbasket.hu\/index.php\/wp-json\/wp\/v2\/comments?post=4434"}],"version-history":[{"count":3,"href":"https:\/\/vasasbasket.hu\/index.php\/wp-json\/wp\/v2\/posts\/4434\/revisions"}],"predecessor-version":[{"id":4438,"href":"https:\/\/vasasbasket.hu\/index.php\/wp-json\/wp\/v2\/posts\/4434\/revisions\/4438"}],"wp:featuredmedia":[{"embeddable":true,"href":"https:\/\/vasasbasket.hu\/index.php\/wp-json\/wp\/v2\/media\/4283"}],"wp:attachment":[{"href":"https:\/\/vasasbasket.hu\/index.php\/wp-json\/wp\/v2\/media?parent=4434"}],"wp:term":[{"taxonomy":"category","embeddable":true,"href":"https:\/\/vasasbasket.hu\/index.php\/wp-json\/wp\/v2\/categories?post=4434"},{"taxonomy":"post_tag","embeddable":true,"href":"https:\/\/vasasbasket.hu\/index.php\/wp-json\/wp\/v2\/tags?post=4434"}],"curies":[{"name":"wp","href":"https:\/\/api.w.org\/{rel}","templated":true}]}}