{"id":4409,"date":"2018-10-16T08:00:53","date_gmt":"2018-10-16T08:00:53","guid":{"rendered":"http:\/\/vasasbasket.hu\/?p=4409"},"modified":"2018-10-15T18:23:23","modified_gmt":"2018-10-15T18:23:23","slug":"franciaorszag-ellen-jatszunk-a-negyeddontoben-az-ifjusagi-olimpian","status":"publish","type":"post","link":"https:\/\/vasasbasket.hu\/index.php\/franciaorszag-ellen-jatszunk-a-negyeddontoben-az-ifjusagi-olimpian\/","title":{"rendered":"Franciaorsz\u00e1g ellen j\u00e1tszunk a negyedd\u00f6nt\u0151ben az ifj\u00fas\u00e1gi olimpi\u00e1n"},"content":{"rendered":"<p><strong>A h\u00e1rom Vasas j\u00e1t\u00e9kossal fel\u00e1ll\u00f3 3&#215;3 v\u00e1logatott ma j\u00e1tszik a legjobb n\u00e9gy k\u00f6z\u00e9 jut\u00e1s\u00e9rt Buenos Airesben.<\/strong><\/p>\n<p>Mint arr\u00f3l besz\u00e1moltunk, a n\u0151i 3&#215;3 v\u00e1logatott nagyon meggy\u0151z\u0151 j\u00e1t\u00e9kkal, veretlen\u00fcl nyerte csoportj\u00e1t az Argent\u00edn\u00e1ban zajl\u00f3 ifj\u00fas\u00e1gi olimpi\u00e1n. A sikerben \u00f3ri\u00e1si szerepe van a Vasas Akad\u00e9mi\u00e1nak, hiszen a n\u00e9gy f\u0151b\u0151l \u00e1ll\u00f3 csapatb\u00f3l h\u00e1rman, Bud\u00e1csik Dorottya, T\u00f3th Orsolya \u00e9s Varga Al\u00edz is Vasas sz\u00ednekben pattogtatnak. Orsi r\u00e1ad\u00e1sul 31 dobott ponttal holtversenyben a csoportk\u00f6r legeredm\u00e9nyesebb j\u00e1t\u00e9kosa lett.<\/p>\n<p><img loading=\"lazy\" decoding=\"async\" class=\"wp-image-4411 aligncenter\" src=\"http:\/\/vasasbasket.hu\/wp-content\/uploads\/2018\/10\/43741193_299623427300036_8333938215987707904_n-300x196.jpg\" alt=\"\" width=\"492\" height=\"322\" srcset=\"https:\/\/vasasbasket.hu\/wp-content\/uploads\/2018\/10\/43741193_299623427300036_8333938215987707904_n-300x196.jpg 300w, https:\/\/vasasbasket.hu\/wp-content\/uploads\/2018\/10\/43741193_299623427300036_8333938215987707904_n-570x372.jpg 570w, https:\/\/vasasbasket.hu\/wp-content\/uploads\/2018\/10\/43741193_299623427300036_8333938215987707904_n-440x287.jpg 440w, https:\/\/vasasbasket.hu\/wp-content\/uploads\/2018\/10\/43741193_299623427300036_8333938215987707904_n-768x502.jpg 768w, https:\/\/vasasbasket.hu\/wp-content\/uploads\/2018\/10\/43741193_299623427300036_8333938215987707904_n-128x84.jpg 128w, https:\/\/vasasbasket.hu\/wp-content\/uploads\/2018\/10\/43741193_299623427300036_8333938215987707904_n-32x21.jpg 32w, https:\/\/vasasbasket.hu\/wp-content\/uploads\/2018\/10\/43741193_299623427300036_8333938215987707904_n-560x367.jpg 560w, https:\/\/vasasbasket.hu\/wp-content\/uploads\/2018\/10\/43741193_299623427300036_8333938215987707904_n-98x64.jpg 98w, https:\/\/vasasbasket.hu\/wp-content\/uploads\/2018\/10\/43741193_299623427300036_8333938215987707904_n.jpg 1000w\" sizes=\"auto, (max-width: 492px) 100vw, 492px\" \/><br \/>\nA negyedd\u00f6nt\u0151ben Franciaorsz\u00e1g lesz az ellenf\u00e9l, amely a h\u00e1zigazd\u00e1t\u00f3l val\u00f3 botl\u00e1s ut\u00e1n szint\u00e9n magabiztosan nyerte csoportmeccseit. A m\u00e9rk\u0151z\u00e9s itteni id\u0151 szerint 17:00-kor kezd\u0151dik. Hajr\u00e1 l\u00e1nyok!<\/p>\n","protected":false},"excerpt":{"rendered":"<p>A h\u00e1rom Vasas j\u00e1t\u00e9kossal fel\u00e1ll\u00f3 3&#215;3 v\u00e1logatott ma j\u00e1tszik a legjobb n\u00e9gy k\u00f6z\u00e9 jut\u00e1s\u00e9rt Buenos Airesben. Mint arr\u00f3l besz\u00e1moltunk, a n\u0151i 3&#215;3 v\u00e1logatott nagyon meggy\u0151z\u0151 j\u00e1t\u00e9kkal, veretlen\u00fcl nyerte csoportj\u00e1t az Argent\u00edn\u00e1ban zajl\u00f3 ifj\u00fas\u00e1gi olimpi\u00e1n. A sikerben \u00f3ri\u00e1si szerepe van a Vasas Akad\u00e9mi\u00e1nak, hiszen a n\u00e9gy f\u0151b\u0151l \u00e1ll\u00f3 csapatb\u00f3l h\u00e1rman, Bud\u00e1csik Dorottya, T\u00f3th Orsolya \u00e9s Varga&#8230;<\/p>\n","protected":false},"author":1,"featured_media":4410,"comment_status":"closed","ping_status":"open","sticky":false,"template":"","format":"standard","meta":{"footnotes":""},"categories":[92],"tags":[],"class_list":["post-4409","post","type-post","status-publish","format-standard","has-post-thumbnail","hentry","category-hirek"],"yoast_head":"<!-- This site is optimized with the Yoast SEO plugin v26.0 - https:\/\/yoast.com\/wordpress\/plugins\/seo\/ -->\n<title>Franciaorsz\u00e1g ellen j\u00e1tszunk a negyedd\u00f6nt\u0151ben az ifj\u00fas\u00e1gi olimpi\u00e1n - Vasas n\u0151i kos\u00e1rlabda<\/title>\n<meta name=\"robots\" content=\"index, follow, max-snippet:-1, max-image-preview:large, max-video-preview:-1\" \/>\n<link rel=\"canonical\" href=\"https:\/\/vasasbasket.hu\/index.php\/franciaorszag-ellen-jatszunk-a-negyeddontoben-az-ifjusagi-olimpian\/\" \/>\n<meta property=\"og:locale\" content=\"hu_HU\" \/>\n<meta property=\"og:type\" content=\"article\" \/>\n<meta property=\"og:title\" content=\"Franciaorsz\u00e1g ellen j\u00e1tszunk a negyedd\u00f6nt\u0151ben az ifj\u00fas\u00e1gi olimpi\u00e1n - Vasas n\u0151i kos\u00e1rlabda\" \/>\n<meta property=\"og:description\" content=\"A h\u00e1rom Vasas j\u00e1t\u00e9kossal fel\u00e1ll\u00f3 3&#215;3 v\u00e1logatott ma j\u00e1tszik a legjobb n\u00e9gy k\u00f6z\u00e9 jut\u00e1s\u00e9rt Buenos Airesben. Mint arr\u00f3l besz\u00e1moltunk, a n\u0151i 3&#215;3 v\u00e1logatott nagyon meggy\u0151z\u0151 j\u00e1t\u00e9kkal, veretlen\u00fcl nyerte csoportj\u00e1t az Argent\u00edn\u00e1ban zajl\u00f3 ifj\u00fas\u00e1gi olimpi\u00e1n. A sikerben \u00f3ri\u00e1si szerepe van a Vasas Akad\u00e9mi\u00e1nak, hiszen a n\u00e9gy f\u0151b\u0151l \u00e1ll\u00f3 csapatb\u00f3l h\u00e1rman, Bud\u00e1csik Dorottya, T\u00f3th Orsolya \u00e9s Varga...\" \/>\n<meta property=\"og:url\" content=\"https:\/\/vasasbasket.hu\/index.php\/franciaorszag-ellen-jatszunk-a-negyeddontoben-az-ifjusagi-olimpian\/\" \/>\n<meta property=\"og:site_name\" content=\"Vasas n\u0151i kos\u00e1rlabda\" \/>\n<meta property=\"article:publisher\" content=\"https:\/\/www.facebook.com\/vasaswbasket\/\" \/>\n<meta property=\"article:published_time\" content=\"2018-10-16T08:00:53+00:00\" \/>\n<meta property=\"og:image\" content=\"https:\/\/vasasbasket.hu\/wp-content\/uploads\/2018\/10\/43828753_556861584735515_4641611237422006272_n.jpg\" \/>\n\t<meta property=\"og:image:width\" content=\"1000\" \/>\n\t<meta property=\"og:image:height\" content=\"643\" \/>\n\t<meta property=\"og:image:type\" content=\"image\/jpeg\" \/>\n<meta name=\"author\" content=\"admin\" \/>\n<meta name=\"twitter:card\" content=\"summary_large_image\" \/>\n<meta name=\"twitter:label1\" content=\"Szerz\u0151:\" \/>\n\t<meta name=\"twitter:data1\" content=\"admin\" \/>\n\t<meta name=\"twitter:label2\" content=\"Becs\u00fclt olvas\u00e1si id\u0151\" \/>\n\t<meta name=\"twitter:data2\" content=\"1 perc\" \/>\n<script type=\"application\/ld+json\" class=\"yoast-schema-graph\">{\"@context\":\"https:\/\/schema.org\",\"@graph\":[{\"@type\":\"Article\",\"@id\":\"https:\/\/vasasbasket.hu\/index.php\/franciaorszag-ellen-jatszunk-a-negyeddontoben-az-ifjusagi-olimpian\/#article\",\"isPartOf\":{\"@id\":\"https:\/\/vasasbasket.hu\/index.php\/franciaorszag-ellen-jatszunk-a-negyeddontoben-az-ifjusagi-olimpian\/\"},\"author\":{\"name\":\"admin\",\"@id\":\"https:\/\/vasasbasket.hu\/#\/schema\/person\/f1085f4d2c6582d8d0f977e92de2edee\"},\"headline\":\"Franciaorsz\u00e1g ellen j\u00e1tszunk a negyedd\u00f6nt\u0151ben az ifj\u00fas\u00e1gi olimpi\u00e1n\",\"datePublished\":\"2018-10-16T08:00:53+00:00\",\"mainEntityOfPage\":{\"@id\":\"https:\/\/vasasbasket.hu\/index.php\/franciaorszag-ellen-jatszunk-a-negyeddontoben-az-ifjusagi-olimpian\/\"},\"wordCount\":167,\"publisher\":{\"@id\":\"https:\/\/vasasbasket.hu\/#organization\"},\"image\":{\"@id\":\"https:\/\/vasasbasket.hu\/index.php\/franciaorszag-ellen-jatszunk-a-negyeddontoben-az-ifjusagi-olimpian\/#primaryimage\"},\"thumbnailUrl\":\"https:\/\/vasasbasket.hu\/wp-content\/uploads\/2018\/10\/43828753_556861584735515_4641611237422006272_n.jpg\",\"articleSection\":[\"\u00d6sszes H\u00edr\"],\"inLanguage\":\"hu\"},{\"@type\":\"WebPage\",\"@id\":\"https:\/\/vasasbasket.hu\/index.php\/franciaorszag-ellen-jatszunk-a-negyeddontoben-az-ifjusagi-olimpian\/\",\"url\":\"https:\/\/vasasbasket.hu\/index.php\/franciaorszag-ellen-jatszunk-a-negyeddontoben-az-ifjusagi-olimpian\/\",\"name\":\"Franciaorsz\u00e1g ellen j\u00e1tszunk a negyedd\u00f6nt\u0151ben az ifj\u00fas\u00e1gi olimpi\u00e1n - Vasas n\u0151i kos\u00e1rlabda\",\"isPartOf\":{\"@id\":\"https:\/\/vasasbasket.hu\/#website\"},\"primaryImageOfPage\":{\"@id\":\"https:\/\/vasasbasket.hu\/index.php\/franciaorszag-ellen-jatszunk-a-negyeddontoben-az-ifjusagi-olimpian\/#primaryimage\"},\"image\":{\"@id\":\"https:\/\/vasasbasket.hu\/index.php\/franciaorszag-ellen-jatszunk-a-negyeddontoben-az-ifjusagi-olimpian\/#primaryimage\"},\"thumbnailUrl\":\"https:\/\/vasasbasket.hu\/wp-content\/uploads\/2018\/10\/43828753_556861584735515_4641611237422006272_n.jpg\",\"datePublished\":\"2018-10-16T08:00:53+00:00\",\"breadcrumb\":{\"@id\":\"https:\/\/vasasbasket.hu\/index.php\/franciaorszag-ellen-jatszunk-a-negyeddontoben-az-ifjusagi-olimpian\/#breadcrumb\"},\"inLanguage\":\"hu\",\"potentialAction\":[{\"@type\":\"ReadAction\",\"target\":[\"https:\/\/vasasbasket.hu\/index.php\/franciaorszag-ellen-jatszunk-a-negyeddontoben-az-ifjusagi-olimpian\/\"]}]},{\"@type\":\"ImageObject\",\"inLanguage\":\"hu\",\"@id\":\"https:\/\/vasasbasket.hu\/index.php\/franciaorszag-ellen-jatszunk-a-negyeddontoben-az-ifjusagi-olimpian\/#primaryimage\",\"url\":\"https:\/\/vasasbasket.hu\/wp-content\/uploads\/2018\/10\/43828753_556861584735515_4641611237422006272_n.jpg\",\"contentUrl\":\"https:\/\/vasasbasket.hu\/wp-content\/uploads\/2018\/10\/43828753_556861584735515_4641611237422006272_n.jpg\",\"width\":1000,\"height\":643},{\"@type\":\"BreadcrumbList\",\"@id\":\"https:\/\/vasasbasket.hu\/index.php\/franciaorszag-ellen-jatszunk-a-negyeddontoben-az-ifjusagi-olimpian\/#breadcrumb\",\"itemListElement\":[{\"@type\":\"ListItem\",\"position\":1,\"name\":\"Kezd\u0151lap\",\"item\":\"https:\/\/vasasbasket.hu\/\"},{\"@type\":\"ListItem\",\"position\":2,\"name\":\"Franciaorsz\u00e1g ellen j\u00e1tszunk a negyedd\u00f6nt\u0151ben az ifj\u00fas\u00e1gi olimpi\u00e1n\"}]},{\"@type\":\"WebSite\",\"@id\":\"https:\/\/vasasbasket.hu\/#website\",\"url\":\"https:\/\/vasasbasket.hu\/\",\"name\":\"Vasas n\u0151i kos\u00e1rlabda\",\"description\":\"Vasas Basket N\u0151i\",\"publisher\":{\"@id\":\"https:\/\/vasasbasket.hu\/#organization\"},\"potentialAction\":[{\"@type\":\"SearchAction\",\"target\":{\"@type\":\"EntryPoint\",\"urlTemplate\":\"https:\/\/vasasbasket.hu\/?s={search_term_string}\"},\"query-input\":{\"@type\":\"PropertyValueSpecification\",\"valueRequired\":true,\"valueName\":\"search_term_string\"}}],\"inLanguage\":\"hu\"},{\"@type\":\"Organization\",\"@id\":\"https:\/\/vasasbasket.hu\/#organization\",\"name\":\"Vasas n\u0151i kos\u00e1rlabda\",\"url\":\"https:\/\/vasasbasket.hu\/\",\"logo\":{\"@type\":\"ImageObject\",\"inLanguage\":\"hu\",\"@id\":\"https:\/\/vasasbasket.hu\/#\/schema\/logo\/image\/\",\"url\":\"https:\/\/vasasbasket.hu\/wp-content\/uploads\/2017\/03\/vasas_cimer_1200.jpg\",\"contentUrl\":\"https:\/\/vasasbasket.hu\/wp-content\/uploads\/2017\/03\/vasas_cimer_1200.jpg\",\"width\":1200,\"height\":1200,\"caption\":\"Vasas n\u0151i kos\u00e1rlabda\"},\"image\":{\"@id\":\"https:\/\/vasasbasket.hu\/#\/schema\/logo\/image\/\"},\"sameAs\":[\"https:\/\/www.facebook.com\/vasaswbasket\/\"]},{\"@type\":\"Person\",\"@id\":\"https:\/\/vasasbasket.hu\/#\/schema\/person\/f1085f4d2c6582d8d0f977e92de2edee\",\"name\":\"admin\",\"image\":{\"@type\":\"ImageObject\",\"inLanguage\":\"hu\",\"@id\":\"https:\/\/vasasbasket.hu\/#\/schema\/person\/image\/\",\"url\":\"https:\/\/secure.gravatar.com\/avatar\/645c92f7d9cfe02bd93ce2d1cfa11cd3a268bdfe65486552ff04b193cea07634?s=96&d=mm&r=g\",\"contentUrl\":\"https:\/\/secure.gravatar.com\/avatar\/645c92f7d9cfe02bd93ce2d1cfa11cd3a268bdfe65486552ff04b193cea07634?s=96&d=mm&r=g\",\"caption\":\"admin\"},\"url\":\"https:\/\/vasasbasket.hu\/index.php\/author\/admin\/\"}]}<\/script>\n<!-- \/ Yoast SEO plugin. -->","yoast_head_json":{"title":"Franciaorsz\u00e1g ellen j\u00e1tszunk a negyedd\u00f6nt\u0151ben az ifj\u00fas\u00e1gi olimpi\u00e1n - Vasas n\u0151i kos\u00e1rlabda","robots":{"index":"index","follow":"follow","max-snippet":"max-snippet:-1","max-image-preview":"max-image-preview:large","max-video-preview":"max-video-preview:-1"},"canonical":"https:\/\/vasasbasket.hu\/index.php\/franciaorszag-ellen-jatszunk-a-negyeddontoben-az-ifjusagi-olimpian\/","og_locale":"hu_HU","og_type":"article","og_title":"Franciaorsz\u00e1g ellen j\u00e1tszunk a negyedd\u00f6nt\u0151ben az ifj\u00fas\u00e1gi olimpi\u00e1n - Vasas n\u0151i kos\u00e1rlabda","og_description":"A h\u00e1rom Vasas j\u00e1t\u00e9kossal fel\u00e1ll\u00f3 3&#215;3 v\u00e1logatott ma j\u00e1tszik a legjobb n\u00e9gy k\u00f6z\u00e9 jut\u00e1s\u00e9rt Buenos Airesben. Mint arr\u00f3l besz\u00e1moltunk, a n\u0151i 3&#215;3 v\u00e1logatott nagyon meggy\u0151z\u0151 j\u00e1t\u00e9kkal, veretlen\u00fcl nyerte csoportj\u00e1t az Argent\u00edn\u00e1ban zajl\u00f3 ifj\u00fas\u00e1gi olimpi\u00e1n. A sikerben \u00f3ri\u00e1si szerepe van a Vasas Akad\u00e9mi\u00e1nak, hiszen a n\u00e9gy f\u0151b\u0151l \u00e1ll\u00f3 csapatb\u00f3l h\u00e1rman, Bud\u00e1csik Dorottya, T\u00f3th Orsolya \u00e9s Varga...","og_url":"https:\/\/vasasbasket.hu\/index.php\/franciaorszag-ellen-jatszunk-a-negyeddontoben-az-ifjusagi-olimpian\/","og_site_name":"Vasas n\u0151i kos\u00e1rlabda","article_publisher":"https:\/\/www.facebook.com\/vasaswbasket\/","article_published_time":"2018-10-16T08:00:53+00:00","og_image":[{"width":1000,"height":643,"url":"https:\/\/vasasbasket.hu\/wp-content\/uploads\/2018\/10\/43828753_556861584735515_4641611237422006272_n.jpg","type":"image\/jpeg"}],"author":"admin","twitter_card":"summary_large_image","twitter_misc":{"Szerz\u0151:":"admin","Becs\u00fclt olvas\u00e1si id\u0151":"1 perc"},"schema":{"@context":"https:\/\/schema.org","@graph":[{"@type":"Article","@id":"https:\/\/vasasbasket.hu\/index.php\/franciaorszag-ellen-jatszunk-a-negyeddontoben-az-ifjusagi-olimpian\/#article","isPartOf":{"@id":"https:\/\/vasasbasket.hu\/index.php\/franciaorszag-ellen-jatszunk-a-negyeddontoben-az-ifjusagi-olimpian\/"},"author":{"name":"admin","@id":"https:\/\/vasasbasket.hu\/#\/schema\/person\/f1085f4d2c6582d8d0f977e92de2edee"},"headline":"Franciaorsz\u00e1g ellen j\u00e1tszunk a negyedd\u00f6nt\u0151ben az ifj\u00fas\u00e1gi olimpi\u00e1n","datePublished":"2018-10-16T08:00:53+00:00","mainEntityOfPage":{"@id":"https:\/\/vasasbasket.hu\/index.php\/franciaorszag-ellen-jatszunk-a-negyeddontoben-az-ifjusagi-olimpian\/"},"wordCount":167,"publisher":{"@id":"https:\/\/vasasbasket.hu\/#organization"},"image":{"@id":"https:\/\/vasasbasket.hu\/index.php\/franciaorszag-ellen-jatszunk-a-negyeddontoben-az-ifjusagi-olimpian\/#primaryimage"},"thumbnailUrl":"https:\/\/vasasbasket.hu\/wp-content\/uploads\/2018\/10\/43828753_556861584735515_4641611237422006272_n.jpg","articleSection":["\u00d6sszes H\u00edr"],"inLanguage":"hu"},{"@type":"WebPage","@id":"https:\/\/vasasbasket.hu\/index.php\/franciaorszag-ellen-jatszunk-a-negyeddontoben-az-ifjusagi-olimpian\/","url":"https:\/\/vasasbasket.hu\/index.php\/franciaorszag-ellen-jatszunk-a-negyeddontoben-az-ifjusagi-olimpian\/","name":"Franciaorsz\u00e1g ellen j\u00e1tszunk a negyedd\u00f6nt\u0151ben az ifj\u00fas\u00e1gi olimpi\u00e1n - Vasas n\u0151i kos\u00e1rlabda","isPartOf":{"@id":"https:\/\/vasasbasket.hu\/#website"},"primaryImageOfPage":{"@id":"https:\/\/vasasbasket.hu\/index.php\/franciaorszag-ellen-jatszunk-a-negyeddontoben-az-ifjusagi-olimpian\/#primaryimage"},"image":{"@id":"https:\/\/vasasbasket.hu\/index.php\/franciaorszag-ellen-jatszunk-a-negyeddontoben-az-ifjusagi-olimpian\/#primaryimage"},"thumbnailUrl":"https:\/\/vasasbasket.hu\/wp-content\/uploads\/2018\/10\/43828753_556861584735515_4641611237422006272_n.jpg","datePublished":"2018-10-16T08:00:53+00:00","breadcrumb":{"@id":"https:\/\/vasasbasket.hu\/index.php\/franciaorszag-ellen-jatszunk-a-negyeddontoben-az-ifjusagi-olimpian\/#breadcrumb"},"inLanguage":"hu","potentialAction":[{"@type":"ReadAction","target":["https:\/\/vasasbasket.hu\/index.php\/franciaorszag-ellen-jatszunk-a-negyeddontoben-az-ifjusagi-olimpian\/"]}]},{"@type":"ImageObject","inLanguage":"hu","@id":"https:\/\/vasasbasket.hu\/index.php\/franciaorszag-ellen-jatszunk-a-negyeddontoben-az-ifjusagi-olimpian\/#primaryimage","url":"https:\/\/vasasbasket.hu\/wp-content\/uploads\/2018\/10\/43828753_556861584735515_4641611237422006272_n.jpg","contentUrl":"https:\/\/vasasbasket.hu\/wp-content\/uploads\/2018\/10\/43828753_556861584735515_4641611237422006272_n.jpg","width":1000,"height":643},{"@type":"BreadcrumbList","@id":"https:\/\/vasasbasket.hu\/index.php\/franciaorszag-ellen-jatszunk-a-negyeddontoben-az-ifjusagi-olimpian\/#breadcrumb","itemListElement":[{"@type":"ListItem","position":1,"name":"Kezd\u0151lap","item":"https:\/\/vasasbasket.hu\/"},{"@type":"ListItem","position":2,"name":"Franciaorsz\u00e1g ellen j\u00e1tszunk a negyedd\u00f6nt\u0151ben az ifj\u00fas\u00e1gi olimpi\u00e1n"}]},{"@type":"WebSite","@id":"https:\/\/vasasbasket.hu\/#website","url":"https:\/\/vasasbasket.hu\/","name":"Vasas n\u0151i kos\u00e1rlabda","description":"Vasas Basket N\u0151i","publisher":{"@id":"https:\/\/vasasbasket.hu\/#organization"},"potentialAction":[{"@type":"SearchAction","target":{"@type":"EntryPoint","urlTemplate":"https:\/\/vasasbasket.hu\/?s={search_term_string}"},"query-input":{"@type":"PropertyValueSpecification","valueRequired":true,"valueName":"search_term_string"}}],"inLanguage":"hu"},{"@type":"Organization","@id":"https:\/\/vasasbasket.hu\/#organization","name":"Vasas n\u0151i kos\u00e1rlabda","url":"https:\/\/vasasbasket.hu\/","logo":{"@type":"ImageObject","inLanguage":"hu","@id":"https:\/\/vasasbasket.hu\/#\/schema\/logo\/image\/","url":"https:\/\/vasasbasket.hu\/wp-content\/uploads\/2017\/03\/vasas_cimer_1200.jpg","contentUrl":"https:\/\/vasasbasket.hu\/wp-content\/uploads\/2017\/03\/vasas_cimer_1200.jpg","width":1200,"height":1200,"caption":"Vasas n\u0151i kos\u00e1rlabda"},"image":{"@id":"https:\/\/vasasbasket.hu\/#\/schema\/logo\/image\/"},"sameAs":["https:\/\/www.facebook.com\/vasaswbasket\/"]},{"@type":"Person","@id":"https:\/\/vasasbasket.hu\/#\/schema\/person\/f1085f4d2c6582d8d0f977e92de2edee","name":"admin","image":{"@type":"ImageObject","inLanguage":"hu","@id":"https:\/\/vasasbasket.hu\/#\/schema\/person\/image\/","url":"https:\/\/secure.gravatar.com\/avatar\/645c92f7d9cfe02bd93ce2d1cfa11cd3a268bdfe65486552ff04b193cea07634?s=96&d=mm&r=g","contentUrl":"https:\/\/secure.gravatar.com\/avatar\/645c92f7d9cfe02bd93ce2d1cfa11cd3a268bdfe65486552ff04b193cea07634?s=96&d=mm&r=g","caption":"admin"},"url":"https:\/\/vasasbasket.hu\/index.php\/author\/admin\/"}]}},"_links":{"self":[{"href":"https:\/\/vasasbasket.hu\/index.php\/wp-json\/wp\/v2\/posts\/4409","targetHints":{"allow":["GET"]}}],"collection":[{"href":"https:\/\/vasasbasket.hu\/index.php\/wp-json\/wp\/v2\/posts"}],"about":[{"href":"https:\/\/vasasbasket.hu\/index.php\/wp-json\/wp\/v2\/types\/post"}],"author":[{"embeddable":true,"href":"https:\/\/vasasbasket.hu\/index.php\/wp-json\/wp\/v2\/users\/1"}],"replies":[{"embeddable":true,"href":"https:\/\/vasasbasket.hu\/index.php\/wp-json\/wp\/v2\/comments?post=4409"}],"version-history":[{"count":1,"href":"https:\/\/vasasbasket.hu\/index.php\/wp-json\/wp\/v2\/posts\/4409\/revisions"}],"predecessor-version":[{"id":4412,"href":"https:\/\/vasasbasket.hu\/index.php\/wp-json\/wp\/v2\/posts\/4409\/revisions\/4412"}],"wp:featuredmedia":[{"embeddable":true,"href":"https:\/\/vasasbasket.hu\/index.php\/wp-json\/wp\/v2\/media\/4410"}],"wp:attachment":[{"href":"https:\/\/vasasbasket.hu\/index.php\/wp-json\/wp\/v2\/media?parent=4409"}],"wp:term":[{"taxonomy":"category","embeddable":true,"href":"https:\/\/vasasbasket.hu\/index.php\/wp-json\/wp\/v2\/categories?post=4409"},{"taxonomy":"post_tag","embeddable":true,"href":"https:\/\/vasasbasket.hu\/index.php\/wp-json\/wp\/v2\/tags?post=4409"}],"curies":[{"name":"wp","href":"https:\/\/api.w.org\/{rel}","templated":true}]}}