{"id":4392,"date":"2018-10-14T11:20:56","date_gmt":"2018-10-14T11:20:56","guid":{"rendered":"http:\/\/vasasbasket.hu\/?p=4392"},"modified":"2018-10-14T11:20:56","modified_gmt":"2018-10-14T11:20:56","slug":"vereseg-es-serules-pecsen","status":"publish","type":"post","link":"https:\/\/vasasbasket.hu\/index.php\/vereseg-es-serules-pecsen\/","title":{"rendered":"Veres\u00e9g \u00e9s s\u00e9r\u00fcl\u00e9s P\u00e9csen"},"content":{"rendered":"<p><strong>Szombaton P\u00e9csre l\u00e1togattak U18-as l\u00e1nyaink, a PEAC egy er\u0151s negyedik negyeddel legy\u0151zte csapatunkat, azonban a Vasas Akad\u00e9mia sz\u00e1m\u00e1ra nem a veres\u00e9g a legf\u00e1j\u00f3bb. T\u00f3th Franka komoly t\u00e9rds\u00e9r\u00fcl\u00e9st szenvedett a m\u00e9rk\u0151z\u00e9sen.<\/strong><\/p>\n<p>Nagyon izgalmas m\u00e9rk\u0151z\u00e9st j\u00e1tszott egym\u00e1s ellen a k\u00e9t csapat. Az els\u0151 f\u00e9lid\u0151ben remek\u00fcl vett\u00fck ki a p\u00e9csiek legjobbjait a j\u00e1t\u00e9kb\u00f3l, \u00e9s t\u00e1mad\u00e1sban is sikeresek voltunk. Nadia Smailbegovic s\u00e9r\u00fcl\u00e9se miatt a m\u00e1sodik f\u00e9lid\u0151re sz\u0171k\u00fclt a rot\u00e1ci\u00f3, ennek ellen\u00e9re a harmadik negyedben j\u00f3l m\u0171k\u00f6d\u00f6tt csapatunk j\u00e1t\u00e9ka. Az utols\u00f3 j\u00e1t\u00e9kr\u00e9szben csapatunk h\u00faz\u00f3embere, T\u00f3th Franka komoly s\u00e9r<img loading=\"lazy\" decoding=\"async\" class=\"size-medium wp-image-4393 alignright\" src=\"http:\/\/vasasbasket.hu\/wp-content\/uploads\/2018\/10\/image2-300x225.jpeg\" alt=\"\" width=\"300\" height=\"225\" srcset=\"https:\/\/vasasbasket.hu\/wp-content\/uploads\/2018\/10\/image2-300x225.jpeg 300w, https:\/\/vasasbasket.hu\/wp-content\/uploads\/2018\/10\/image2-570x428.jpeg 570w, https:\/\/vasasbasket.hu\/wp-content\/uploads\/2018\/10\/image2-440x330.jpeg 440w, https:\/\/vasasbasket.hu\/wp-content\/uploads\/2018\/10\/image2-768x576.jpeg 768w, https:\/\/vasasbasket.hu\/wp-content\/uploads\/2018\/10\/image2-1024x768.jpeg 1024w, https:\/\/vasasbasket.hu\/wp-content\/uploads\/2018\/10\/image2-128x96.jpeg 128w, https:\/\/vasasbasket.hu\/wp-content\/uploads\/2018\/10\/image2-32x24.jpeg 32w, https:\/\/vasasbasket.hu\/wp-content\/uploads\/2018\/10\/image2-98x74.jpeg 98w, https:\/\/vasasbasket.hu\/wp-content\/uploads\/2018\/10\/image2.jpeg 1280w\" sizes=\"auto, (max-width: 300px) 100vw, 300px\" \/>\u00fcl\u00e9st szenvedett, ami minden t\u00e9ren r\u00e1nyomta b\u00e9lyeg\u00e9t a meccs v\u00e9gkimenetel\u00e9re.<\/p>\n<p><em>\u201eFranka komoly t\u00e9rds\u00e9r\u00fcl\u00e9st szenvedett a PEAC ellen, ami mindenkit megr\u00e1zott. Neh\u00e9z volt n\u00e9lk\u00fcle folytatni a j\u00e1<\/em><em>t\u00e9kot. Rem\u00e9lj\u00fck hamar visszat\u00e9r a p\u00e1ly\u00e1ra, az eg\u00e9sz Akad\u00e9mia nev\u00e9ben miel\u0151bbi jobbul\u00e1st k\u00edv\u00e1nunk\u201d\u00a0<\/em>\u2013 mondta a csapat edz\u0151je, Igor Skocovski.<\/p>\n<p>PEAC P\u00e9cs<strong> &#8211; Vasas Akad\u00e9mia 63-49<\/strong> (18-16, 12-10, 13-10, 20-7 )<br \/>\n<em>Pontszerz\u0151k:<\/em><br \/>\nVigh B., D\u00fal T. 2, Sikl\u00f3s D. 5, Mudra V., Nadia S. 6, Boros B. 5, Kuncz P. 3, Altmann A., Szerencs\u00e9s T. 13, T\u00f3th Fruzsina., Sitku Zs., T\u00f3th Franka 15<\/p>\n","protected":false},"excerpt":{"rendered":"<p>Szombaton P\u00e9csre l\u00e1togattak U18-as l\u00e1nyaink, a PEAC egy er\u0151s negyedik negyeddel legy\u0151zte csapatunkat, azonban a Vasas Akad\u00e9mia sz\u00e1m\u00e1ra nem a veres\u00e9g a legf\u00e1j\u00f3bb. T\u00f3th Franka komoly t\u00e9rds\u00e9r\u00fcl\u00e9st szenvedett a m\u00e9rk\u0151z\u00e9sen. Nagyon izgalmas m\u00e9rk\u0151z\u00e9st j\u00e1tszott egym\u00e1s ellen a k\u00e9t csapat. Az els\u0151 f\u00e9lid\u0151ben remek\u00fcl vett\u00fck ki a p\u00e9csiek legjobbjait a j\u00e1t\u00e9kb\u00f3l, \u00e9s t\u00e1mad\u00e1sban is sikeresek voltunk&#8230;.<\/p>\n","protected":false},"author":1,"featured_media":4391,"comment_status":"closed","ping_status":"open","sticky":false,"template":"","format":"standard","meta":{"footnotes":""},"categories":[50,92],"tags":[],"class_list":["post-4392","post","type-post","status-publish","format-standard","has-post-thumbnail","hentry","category-junior","category-hirek"],"yoast_head":"<!-- This site is optimized with the Yoast SEO plugin v26.0 - https:\/\/yoast.com\/wordpress\/plugins\/seo\/ -->\n<title>Veres\u00e9g \u00e9s s\u00e9r\u00fcl\u00e9s P\u00e9csen - Vasas n\u0151i kos\u00e1rlabda<\/title>\n<meta name=\"robots\" content=\"index, follow, max-snippet:-1, max-image-preview:large, max-video-preview:-1\" \/>\n<link rel=\"canonical\" href=\"https:\/\/vasasbasket.hu\/index.php\/vereseg-es-serules-pecsen\/\" \/>\n<meta property=\"og:locale\" content=\"hu_HU\" \/>\n<meta property=\"og:type\" content=\"article\" \/>\n<meta property=\"og:title\" content=\"Veres\u00e9g \u00e9s s\u00e9r\u00fcl\u00e9s P\u00e9csen - Vasas n\u0151i kos\u00e1rlabda\" \/>\n<meta property=\"og:description\" content=\"Szombaton P\u00e9csre l\u00e1togattak U18-as l\u00e1nyaink, a PEAC egy er\u0151s negyedik negyeddel legy\u0151zte csapatunkat, azonban a Vasas Akad\u00e9mia sz\u00e1m\u00e1ra nem a veres\u00e9g a legf\u00e1j\u00f3bb. T\u00f3th Franka komoly t\u00e9rds\u00e9r\u00fcl\u00e9st szenvedett a m\u00e9rk\u0151z\u00e9sen. Nagyon izgalmas m\u00e9rk\u0151z\u00e9st j\u00e1tszott egym\u00e1s ellen a k\u00e9t csapat. Az els\u0151 f\u00e9lid\u0151ben remek\u00fcl vett\u00fck ki a p\u00e9csiek legjobbjait a j\u00e1t\u00e9kb\u00f3l, \u00e9s t\u00e1mad\u00e1sban is sikeresek voltunk....\" \/>\n<meta property=\"og:url\" content=\"https:\/\/vasasbasket.hu\/index.php\/vereseg-es-serules-pecsen\/\" \/>\n<meta property=\"og:site_name\" content=\"Vasas n\u0151i kos\u00e1rlabda\" \/>\n<meta property=\"article:publisher\" content=\"https:\/\/www.facebook.com\/vasaswbasket\/\" \/>\n<meta property=\"article:published_time\" content=\"2018-10-14T11:20:56+00:00\" \/>\n<meta property=\"og:image\" content=\"https:\/\/vasasbasket.hu\/wp-content\/uploads\/2018\/10\/image1.jpeg\" \/>\n\t<meta property=\"og:image:width\" content=\"1280\" \/>\n\t<meta property=\"og:image:height\" content=\"960\" \/>\n\t<meta property=\"og:image:type\" content=\"image\/jpeg\" \/>\n<meta name=\"author\" content=\"admin\" \/>\n<meta name=\"twitter:card\" content=\"summary_large_image\" \/>\n<meta name=\"twitter:label1\" content=\"Szerz\u0151:\" \/>\n\t<meta name=\"twitter:data1\" content=\"admin\" \/>\n\t<meta name=\"twitter:label2\" content=\"Becs\u00fclt olvas\u00e1si id\u0151\" \/>\n\t<meta name=\"twitter:data2\" content=\"1 perc\" \/>\n<script type=\"application\/ld+json\" class=\"yoast-schema-graph\">{\"@context\":\"https:\/\/schema.org\",\"@graph\":[{\"@type\":\"Article\",\"@id\":\"https:\/\/vasasbasket.hu\/index.php\/vereseg-es-serules-pecsen\/#article\",\"isPartOf\":{\"@id\":\"https:\/\/vasasbasket.hu\/index.php\/vereseg-es-serules-pecsen\/\"},\"author\":{\"name\":\"admin\",\"@id\":\"https:\/\/vasasbasket.hu\/#\/schema\/person\/f1085f4d2c6582d8d0f977e92de2edee\"},\"headline\":\"Veres\u00e9g \u00e9s s\u00e9r\u00fcl\u00e9s P\u00e9csen\",\"datePublished\":\"2018-10-14T11:20:56+00:00\",\"mainEntityOfPage\":{\"@id\":\"https:\/\/vasasbasket.hu\/index.php\/vereseg-es-serules-pecsen\/\"},\"wordCount\":268,\"publisher\":{\"@id\":\"https:\/\/vasasbasket.hu\/#organization\"},\"image\":{\"@id\":\"https:\/\/vasasbasket.hu\/index.php\/vereseg-es-serules-pecsen\/#primaryimage\"},\"thumbnailUrl\":\"https:\/\/vasasbasket.hu\/wp-content\/uploads\/2018\/10\/image1.jpeg\",\"articleSection\":[\"Junior\",\"\u00d6sszes H\u00edr\"],\"inLanguage\":\"hu\"},{\"@type\":\"WebPage\",\"@id\":\"https:\/\/vasasbasket.hu\/index.php\/vereseg-es-serules-pecsen\/\",\"url\":\"https:\/\/vasasbasket.hu\/index.php\/vereseg-es-serules-pecsen\/\",\"name\":\"Veres\u00e9g \u00e9s s\u00e9r\u00fcl\u00e9s P\u00e9csen - Vasas n\u0151i kos\u00e1rlabda\",\"isPartOf\":{\"@id\":\"https:\/\/vasasbasket.hu\/#website\"},\"primaryImageOfPage\":{\"@id\":\"https:\/\/vasasbasket.hu\/index.php\/vereseg-es-serules-pecsen\/#primaryimage\"},\"image\":{\"@id\":\"https:\/\/vasasbasket.hu\/index.php\/vereseg-es-serules-pecsen\/#primaryimage\"},\"thumbnailUrl\":\"https:\/\/vasasbasket.hu\/wp-content\/uploads\/2018\/10\/image1.jpeg\",\"datePublished\":\"2018-10-14T11:20:56+00:00\",\"breadcrumb\":{\"@id\":\"https:\/\/vasasbasket.hu\/index.php\/vereseg-es-serules-pecsen\/#breadcrumb\"},\"inLanguage\":\"hu\",\"potentialAction\":[{\"@type\":\"ReadAction\",\"target\":[\"https:\/\/vasasbasket.hu\/index.php\/vereseg-es-serules-pecsen\/\"]}]},{\"@type\":\"ImageObject\",\"inLanguage\":\"hu\",\"@id\":\"https:\/\/vasasbasket.hu\/index.php\/vereseg-es-serules-pecsen\/#primaryimage\",\"url\":\"https:\/\/vasasbasket.hu\/wp-content\/uploads\/2018\/10\/image1.jpeg\",\"contentUrl\":\"https:\/\/vasasbasket.hu\/wp-content\/uploads\/2018\/10\/image1.jpeg\",\"width\":1280,\"height\":960},{\"@type\":\"BreadcrumbList\",\"@id\":\"https:\/\/vasasbasket.hu\/index.php\/vereseg-es-serules-pecsen\/#breadcrumb\",\"itemListElement\":[{\"@type\":\"ListItem\",\"position\":1,\"name\":\"Kezd\u0151lap\",\"item\":\"https:\/\/vasasbasket.hu\/\"},{\"@type\":\"ListItem\",\"position\":2,\"name\":\"Veres\u00e9g \u00e9s s\u00e9r\u00fcl\u00e9s P\u00e9csen\"}]},{\"@type\":\"WebSite\",\"@id\":\"https:\/\/vasasbasket.hu\/#website\",\"url\":\"https:\/\/vasasbasket.hu\/\",\"name\":\"Vasas n\u0151i kos\u00e1rlabda\",\"description\":\"Vasas Basket N\u0151i\",\"publisher\":{\"@id\":\"https:\/\/vasasbasket.hu\/#organization\"},\"potentialAction\":[{\"@type\":\"SearchAction\",\"target\":{\"@type\":\"EntryPoint\",\"urlTemplate\":\"https:\/\/vasasbasket.hu\/?s={search_term_string}\"},\"query-input\":{\"@type\":\"PropertyValueSpecification\",\"valueRequired\":true,\"valueName\":\"search_term_string\"}}],\"inLanguage\":\"hu\"},{\"@type\":\"Organization\",\"@id\":\"https:\/\/vasasbasket.hu\/#organization\",\"name\":\"Vasas n\u0151i kos\u00e1rlabda\",\"url\":\"https:\/\/vasasbasket.hu\/\",\"logo\":{\"@type\":\"ImageObject\",\"inLanguage\":\"hu\",\"@id\":\"https:\/\/vasasbasket.hu\/#\/schema\/logo\/image\/\",\"url\":\"https:\/\/vasasbasket.hu\/wp-content\/uploads\/2017\/03\/vasas_cimer_1200.jpg\",\"contentUrl\":\"https:\/\/vasasbasket.hu\/wp-content\/uploads\/2017\/03\/vasas_cimer_1200.jpg\",\"width\":1200,\"height\":1200,\"caption\":\"Vasas n\u0151i kos\u00e1rlabda\"},\"image\":{\"@id\":\"https:\/\/vasasbasket.hu\/#\/schema\/logo\/image\/\"},\"sameAs\":[\"https:\/\/www.facebook.com\/vasaswbasket\/\"]},{\"@type\":\"Person\",\"@id\":\"https:\/\/vasasbasket.hu\/#\/schema\/person\/f1085f4d2c6582d8d0f977e92de2edee\",\"name\":\"admin\",\"image\":{\"@type\":\"ImageObject\",\"inLanguage\":\"hu\",\"@id\":\"https:\/\/vasasbasket.hu\/#\/schema\/person\/image\/\",\"url\":\"https:\/\/secure.gravatar.com\/avatar\/645c92f7d9cfe02bd93ce2d1cfa11cd3a268bdfe65486552ff04b193cea07634?s=96&d=mm&r=g\",\"contentUrl\":\"https:\/\/secure.gravatar.com\/avatar\/645c92f7d9cfe02bd93ce2d1cfa11cd3a268bdfe65486552ff04b193cea07634?s=96&d=mm&r=g\",\"caption\":\"admin\"},\"url\":\"https:\/\/vasasbasket.hu\/index.php\/author\/admin\/\"}]}<\/script>\n<!-- \/ Yoast SEO plugin. -->","yoast_head_json":{"title":"Veres\u00e9g \u00e9s s\u00e9r\u00fcl\u00e9s P\u00e9csen - Vasas n\u0151i kos\u00e1rlabda","robots":{"index":"index","follow":"follow","max-snippet":"max-snippet:-1","max-image-preview":"max-image-preview:large","max-video-preview":"max-video-preview:-1"},"canonical":"https:\/\/vasasbasket.hu\/index.php\/vereseg-es-serules-pecsen\/","og_locale":"hu_HU","og_type":"article","og_title":"Veres\u00e9g \u00e9s s\u00e9r\u00fcl\u00e9s P\u00e9csen - Vasas n\u0151i kos\u00e1rlabda","og_description":"Szombaton P\u00e9csre l\u00e1togattak U18-as l\u00e1nyaink, a PEAC egy er\u0151s negyedik negyeddel legy\u0151zte csapatunkat, azonban a Vasas Akad\u00e9mia sz\u00e1m\u00e1ra nem a veres\u00e9g a legf\u00e1j\u00f3bb. T\u00f3th Franka komoly t\u00e9rds\u00e9r\u00fcl\u00e9st szenvedett a m\u00e9rk\u0151z\u00e9sen. Nagyon izgalmas m\u00e9rk\u0151z\u00e9st j\u00e1tszott egym\u00e1s ellen a k\u00e9t csapat. Az els\u0151 f\u00e9lid\u0151ben remek\u00fcl vett\u00fck ki a p\u00e9csiek legjobbjait a j\u00e1t\u00e9kb\u00f3l, \u00e9s t\u00e1mad\u00e1sban is sikeresek voltunk....","og_url":"https:\/\/vasasbasket.hu\/index.php\/vereseg-es-serules-pecsen\/","og_site_name":"Vasas n\u0151i kos\u00e1rlabda","article_publisher":"https:\/\/www.facebook.com\/vasaswbasket\/","article_published_time":"2018-10-14T11:20:56+00:00","og_image":[{"width":1280,"height":960,"url":"https:\/\/vasasbasket.hu\/wp-content\/uploads\/2018\/10\/image1.jpeg","type":"image\/jpeg"}],"author":"admin","twitter_card":"summary_large_image","twitter_misc":{"Szerz\u0151:":"admin","Becs\u00fclt olvas\u00e1si id\u0151":"1 perc"},"schema":{"@context":"https:\/\/schema.org","@graph":[{"@type":"Article","@id":"https:\/\/vasasbasket.hu\/index.php\/vereseg-es-serules-pecsen\/#article","isPartOf":{"@id":"https:\/\/vasasbasket.hu\/index.php\/vereseg-es-serules-pecsen\/"},"author":{"name":"admin","@id":"https:\/\/vasasbasket.hu\/#\/schema\/person\/f1085f4d2c6582d8d0f977e92de2edee"},"headline":"Veres\u00e9g \u00e9s s\u00e9r\u00fcl\u00e9s P\u00e9csen","datePublished":"2018-10-14T11:20:56+00:00","mainEntityOfPage":{"@id":"https:\/\/vasasbasket.hu\/index.php\/vereseg-es-serules-pecsen\/"},"wordCount":268,"publisher":{"@id":"https:\/\/vasasbasket.hu\/#organization"},"image":{"@id":"https:\/\/vasasbasket.hu\/index.php\/vereseg-es-serules-pecsen\/#primaryimage"},"thumbnailUrl":"https:\/\/vasasbasket.hu\/wp-content\/uploads\/2018\/10\/image1.jpeg","articleSection":["Junior","\u00d6sszes H\u00edr"],"inLanguage":"hu"},{"@type":"WebPage","@id":"https:\/\/vasasbasket.hu\/index.php\/vereseg-es-serules-pecsen\/","url":"https:\/\/vasasbasket.hu\/index.php\/vereseg-es-serules-pecsen\/","name":"Veres\u00e9g \u00e9s s\u00e9r\u00fcl\u00e9s P\u00e9csen - Vasas n\u0151i kos\u00e1rlabda","isPartOf":{"@id":"https:\/\/vasasbasket.hu\/#website"},"primaryImageOfPage":{"@id":"https:\/\/vasasbasket.hu\/index.php\/vereseg-es-serules-pecsen\/#primaryimage"},"image":{"@id":"https:\/\/vasasbasket.hu\/index.php\/vereseg-es-serules-pecsen\/#primaryimage"},"thumbnailUrl":"https:\/\/vasasbasket.hu\/wp-content\/uploads\/2018\/10\/image1.jpeg","datePublished":"2018-10-14T11:20:56+00:00","breadcrumb":{"@id":"https:\/\/vasasbasket.hu\/index.php\/vereseg-es-serules-pecsen\/#breadcrumb"},"inLanguage":"hu","potentialAction":[{"@type":"ReadAction","target":["https:\/\/vasasbasket.hu\/index.php\/vereseg-es-serules-pecsen\/"]}]},{"@type":"ImageObject","inLanguage":"hu","@id":"https:\/\/vasasbasket.hu\/index.php\/vereseg-es-serules-pecsen\/#primaryimage","url":"https:\/\/vasasbasket.hu\/wp-content\/uploads\/2018\/10\/image1.jpeg","contentUrl":"https:\/\/vasasbasket.hu\/wp-content\/uploads\/2018\/10\/image1.jpeg","width":1280,"height":960},{"@type":"BreadcrumbList","@id":"https:\/\/vasasbasket.hu\/index.php\/vereseg-es-serules-pecsen\/#breadcrumb","itemListElement":[{"@type":"ListItem","position":1,"name":"Kezd\u0151lap","item":"https:\/\/vasasbasket.hu\/"},{"@type":"ListItem","position":2,"name":"Veres\u00e9g \u00e9s s\u00e9r\u00fcl\u00e9s P\u00e9csen"}]},{"@type":"WebSite","@id":"https:\/\/vasasbasket.hu\/#website","url":"https:\/\/vasasbasket.hu\/","name":"Vasas n\u0151i kos\u00e1rlabda","description":"Vasas Basket N\u0151i","publisher":{"@id":"https:\/\/vasasbasket.hu\/#organization"},"potentialAction":[{"@type":"SearchAction","target":{"@type":"EntryPoint","urlTemplate":"https:\/\/vasasbasket.hu\/?s={search_term_string}"},"query-input":{"@type":"PropertyValueSpecification","valueRequired":true,"valueName":"search_term_string"}}],"inLanguage":"hu"},{"@type":"Organization","@id":"https:\/\/vasasbasket.hu\/#organization","name":"Vasas n\u0151i kos\u00e1rlabda","url":"https:\/\/vasasbasket.hu\/","logo":{"@type":"ImageObject","inLanguage":"hu","@id":"https:\/\/vasasbasket.hu\/#\/schema\/logo\/image\/","url":"https:\/\/vasasbasket.hu\/wp-content\/uploads\/2017\/03\/vasas_cimer_1200.jpg","contentUrl":"https:\/\/vasasbasket.hu\/wp-content\/uploads\/2017\/03\/vasas_cimer_1200.jpg","width":1200,"height":1200,"caption":"Vasas n\u0151i kos\u00e1rlabda"},"image":{"@id":"https:\/\/vasasbasket.hu\/#\/schema\/logo\/image\/"},"sameAs":["https:\/\/www.facebook.com\/vasaswbasket\/"]},{"@type":"Person","@id":"https:\/\/vasasbasket.hu\/#\/schema\/person\/f1085f4d2c6582d8d0f977e92de2edee","name":"admin","image":{"@type":"ImageObject","inLanguage":"hu","@id":"https:\/\/vasasbasket.hu\/#\/schema\/person\/image\/","url":"https:\/\/secure.gravatar.com\/avatar\/645c92f7d9cfe02bd93ce2d1cfa11cd3a268bdfe65486552ff04b193cea07634?s=96&d=mm&r=g","contentUrl":"https:\/\/secure.gravatar.com\/avatar\/645c92f7d9cfe02bd93ce2d1cfa11cd3a268bdfe65486552ff04b193cea07634?s=96&d=mm&r=g","caption":"admin"},"url":"https:\/\/vasasbasket.hu\/index.php\/author\/admin\/"}]}},"_links":{"self":[{"href":"https:\/\/vasasbasket.hu\/index.php\/wp-json\/wp\/v2\/posts\/4392","targetHints":{"allow":["GET"]}}],"collection":[{"href":"https:\/\/vasasbasket.hu\/index.php\/wp-json\/wp\/v2\/posts"}],"about":[{"href":"https:\/\/vasasbasket.hu\/index.php\/wp-json\/wp\/v2\/types\/post"}],"author":[{"embeddable":true,"href":"https:\/\/vasasbasket.hu\/index.php\/wp-json\/wp\/v2\/users\/1"}],"replies":[{"embeddable":true,"href":"https:\/\/vasasbasket.hu\/index.php\/wp-json\/wp\/v2\/comments?post=4392"}],"version-history":[{"count":1,"href":"https:\/\/vasasbasket.hu\/index.php\/wp-json\/wp\/v2\/posts\/4392\/revisions"}],"predecessor-version":[{"id":4395,"href":"https:\/\/vasasbasket.hu\/index.php\/wp-json\/wp\/v2\/posts\/4392\/revisions\/4395"}],"wp:featuredmedia":[{"embeddable":true,"href":"https:\/\/vasasbasket.hu\/index.php\/wp-json\/wp\/v2\/media\/4391"}],"wp:attachment":[{"href":"https:\/\/vasasbasket.hu\/index.php\/wp-json\/wp\/v2\/media?parent=4392"}],"wp:term":[{"taxonomy":"category","embeddable":true,"href":"https:\/\/vasasbasket.hu\/index.php\/wp-json\/wp\/v2\/categories?post=4392"},{"taxonomy":"post_tag","embeddable":true,"href":"https:\/\/vasasbasket.hu\/index.php\/wp-json\/wp\/v2\/tags?post=4392"}],"curies":[{"name":"wp","href":"https:\/\/api.w.org\/{rel}","templated":true}]}}