{"id":4368,"date":"2018-10-07T10:19:31","date_gmt":"2018-10-07T10:19:31","guid":{"rendered":"http:\/\/vasasbasket.hu\/?p=4368"},"modified":"2018-10-07T10:19:31","modified_gmt":"2018-10-07T10:19:31","slug":"szoros-meccset-kovetoen-ismet-junior-siker","status":"publish","type":"post","link":"https:\/\/vasasbasket.hu\/index.php\/szoros-meccset-kovetoen-ismet-junior-siker\/","title":{"rendered":"Szoros meccset k\u00f6vet\u0151en ism\u00e9t junior siker"},"content":{"rendered":"<p><strong>Szombaton j\u00e1tszotta m\u00e1sodik m\u00e9rk\u0151z\u00e9s\u00e9t a Vasas Akad\u00e9mia U18-as csapata, ez\u00fattal egy f\u0151v\u00e1rosi rangad\u00f3t l\u00e1thattak a Pasar\u00e9ti Sportcentrumba kil\u00e1togat\u00f3k.<\/strong><\/p>\n<div>Igor Skocovski l\u00e1nyai hazai p\u00e1ly\u00e1n is lej\u00e1tszott\u00e1k el\u0151 m\u00e9rk\u0151z\u00e9s\u00fcket, a T\u00f6rekv\u00e9s SE csapat\u00e1t l\u00e1tt\u00e1k vend\u00e9g\u00fcl. A tizenk\u00e9t pontos gy\u0151zelem ellen\u00e9re egy nagyon neh\u00e9z, hull\u00e1mz\u00f3 m\u00e9rk\u0151z\u00e9st l\u00e1thattunk, r\u00e1ad\u00e1sul Altmann Anna s\u00e9r\u00fcl\u00e9se miatt nem is volt teljes a keret. &#8222;A v\u00e9dekez\u00e9ssel sok neh\u00e9zs\u00e9g\u00fcnk akadt, f\u0151leg a kiz\u00e1r\u00e1ssal voltak probl\u00e9m\u00e1k. A m\u00e1sodik \u00e9s negyedik negyedben feljavult a v\u00e9dekez\u00e9s\u00fcnk, ez jelentette v\u00e9g\u00fcl a k\u00fcl\u00f6nbs\u00e9get. Gratul\u00e1lok a l\u00e1nyoknak, folytatjuk a kem\u00e9ny edz\u00e9seket, van m\u00e9g hova fejl\u0151dn\u00fcnk&#8221; &#8211; mondta Igor Skocovski, junior csapatunk edz\u0151je.<\/div>\n<p><img loading=\"lazy\" decoding=\"async\" class=\"size-medium wp-image-4370 alignright\" src=\"http:\/\/vasasbasket.hu\/wp-content\/uploads\/2018\/10\/IMG_0953-300x225.jpg\" alt=\"\" width=\"300\" height=\"225\" srcset=\"https:\/\/vasasbasket.hu\/wp-content\/uploads\/2018\/10\/IMG_0953-300x225.jpg 300w, https:\/\/vasasbasket.hu\/wp-content\/uploads\/2018\/10\/IMG_0953-570x428.jpg 570w, https:\/\/vasasbasket.hu\/wp-content\/uploads\/2018\/10\/IMG_0953-440x330.jpg 440w, https:\/\/vasasbasket.hu\/wp-content\/uploads\/2018\/10\/IMG_0953-768x576.jpg 768w, https:\/\/vasasbasket.hu\/wp-content\/uploads\/2018\/10\/IMG_0953-1024x768.jpg 1024w, https:\/\/vasasbasket.hu\/wp-content\/uploads\/2018\/10\/IMG_0953-128x96.jpg 128w, https:\/\/vasasbasket.hu\/wp-content\/uploads\/2018\/10\/IMG_0953-32x24.jpg 32w, https:\/\/vasasbasket.hu\/wp-content\/uploads\/2018\/10\/IMG_0953-98x74.jpg 98w, https:\/\/vasasbasket.hu\/wp-content\/uploads\/2018\/10\/IMG_0953.jpg 2016w\" sizes=\"auto, (max-width: 300px) 100vw, 300px\" \/><\/p>\n<div><\/div>\n<div><\/div>\n<div><strong>Vasas Akad\u00e9mia &#8211;<\/strong> T\u00f6r\u00f6k Fl\u00f3ris T\u00f6rekv\u00e9s SE <strong>51:39<\/strong> (12:16, 11-3. 10:18, 18:2 )<br \/>\n<em>Pontszerz\u0151k:<br \/>\n<\/em>Kun R. 10, V\u00edgh B. 14, D\u00fal T. 12, Mudra V., Smailbegovic N. 3, Altmann A., Szerencs\u00e9s T. 8, T\u00f3th F. 4, Keszy-Harmath S.,\u00a0 Sitku Zs., Esztari T.,<\/div>\n<div><\/div>\n","protected":false},"excerpt":{"rendered":"<p>Szombaton j\u00e1tszotta m\u00e1sodik m\u00e9rk\u0151z\u00e9s\u00e9t a Vasas Akad\u00e9mia U18-as csapata, ez\u00fattal egy f\u0151v\u00e1rosi rangad\u00f3t l\u00e1thattak a Pasar\u00e9ti Sportcentrumba kil\u00e1togat\u00f3k. Igor Skocovski l\u00e1nyai hazai p\u00e1ly\u00e1n is lej\u00e1tszott\u00e1k el\u0151 m\u00e9rk\u0151z\u00e9s\u00fcket, a T\u00f6rekv\u00e9s SE csapat\u00e1t l\u00e1tt\u00e1k vend\u00e9g\u00fcl. A tizenk\u00e9t pontos gy\u0151zelem ellen\u00e9re egy nagyon neh\u00e9z, hull\u00e1mz\u00f3 m\u00e9rk\u0151z\u00e9st l\u00e1thattunk, r\u00e1ad\u00e1sul Altmann Anna s\u00e9r\u00fcl\u00e9se miatt nem is volt teljes a keret&#8230;.<\/p>\n","protected":false},"author":1,"featured_media":4369,"comment_status":"closed","ping_status":"open","sticky":false,"template":"","format":"standard","meta":{"footnotes":""},"categories":[50,92],"tags":[],"class_list":["post-4368","post","type-post","status-publish","format-standard","has-post-thumbnail","hentry","category-junior","category-hirek"],"yoast_head":"<!-- This site is optimized with the Yoast SEO plugin v26.0 - https:\/\/yoast.com\/wordpress\/plugins\/seo\/ -->\n<title>Szoros meccset k\u00f6vet\u0151en ism\u00e9t junior siker - Vasas n\u0151i kos\u00e1rlabda<\/title>\n<meta name=\"robots\" content=\"index, follow, max-snippet:-1, max-image-preview:large, max-video-preview:-1\" \/>\n<link rel=\"canonical\" href=\"https:\/\/vasasbasket.hu\/index.php\/szoros-meccset-kovetoen-ismet-junior-siker\/\" \/>\n<meta property=\"og:locale\" content=\"hu_HU\" \/>\n<meta property=\"og:type\" content=\"article\" \/>\n<meta property=\"og:title\" content=\"Szoros meccset k\u00f6vet\u0151en ism\u00e9t junior siker - Vasas n\u0151i kos\u00e1rlabda\" \/>\n<meta property=\"og:description\" content=\"Szombaton j\u00e1tszotta m\u00e1sodik m\u00e9rk\u0151z\u00e9s\u00e9t a Vasas Akad\u00e9mia U18-as csapata, ez\u00fattal egy f\u0151v\u00e1rosi rangad\u00f3t l\u00e1thattak a Pasar\u00e9ti Sportcentrumba kil\u00e1togat\u00f3k. Igor Skocovski l\u00e1nyai hazai p\u00e1ly\u00e1n is lej\u00e1tszott\u00e1k el\u0151 m\u00e9rk\u0151z\u00e9s\u00fcket, a T\u00f6rekv\u00e9s SE csapat\u00e1t l\u00e1tt\u00e1k vend\u00e9g\u00fcl. A tizenk\u00e9t pontos gy\u0151zelem ellen\u00e9re egy nagyon neh\u00e9z, hull\u00e1mz\u00f3 m\u00e9rk\u0151z\u00e9st l\u00e1thattunk, r\u00e1ad\u00e1sul Altmann Anna s\u00e9r\u00fcl\u00e9se miatt nem is volt teljes a keret....\" \/>\n<meta property=\"og:url\" content=\"https:\/\/vasasbasket.hu\/index.php\/szoros-meccset-kovetoen-ismet-junior-siker\/\" \/>\n<meta property=\"og:site_name\" content=\"Vasas n\u0151i kos\u00e1rlabda\" \/>\n<meta property=\"article:publisher\" content=\"https:\/\/www.facebook.com\/vasaswbasket\/\" \/>\n<meta property=\"article:published_time\" content=\"2018-10-07T10:19:31+00:00\" \/>\n<meta property=\"og:image\" content=\"https:\/\/vasasbasket.hu\/wp-content\/uploads\/2018\/10\/IMG_0966.jpg\" \/>\n\t<meta property=\"og:image:width\" content=\"2016\" \/>\n\t<meta property=\"og:image:height\" content=\"1512\" \/>\n\t<meta property=\"og:image:type\" content=\"image\/jpeg\" \/>\n<meta name=\"author\" content=\"admin\" \/>\n<meta name=\"twitter:card\" content=\"summary_large_image\" \/>\n<meta name=\"twitter:label1\" content=\"Szerz\u0151:\" \/>\n\t<meta name=\"twitter:data1\" content=\"admin\" \/>\n\t<meta name=\"twitter:label2\" content=\"Becs\u00fclt olvas\u00e1si id\u0151\" \/>\n\t<meta name=\"twitter:data2\" content=\"1 perc\" \/>\n<script type=\"application\/ld+json\" class=\"yoast-schema-graph\">{\"@context\":\"https:\/\/schema.org\",\"@graph\":[{\"@type\":\"Article\",\"@id\":\"https:\/\/vasasbasket.hu\/index.php\/szoros-meccset-kovetoen-ismet-junior-siker\/#article\",\"isPartOf\":{\"@id\":\"https:\/\/vasasbasket.hu\/index.php\/szoros-meccset-kovetoen-ismet-junior-siker\/\"},\"author\":{\"name\":\"admin\",\"@id\":\"https:\/\/vasasbasket.hu\/#\/schema\/person\/f1085f4d2c6582d8d0f977e92de2edee\"},\"headline\":\"Szoros meccset k\u00f6vet\u0151en ism\u00e9t junior siker\",\"datePublished\":\"2018-10-07T10:19:31+00:00\",\"mainEntityOfPage\":{\"@id\":\"https:\/\/vasasbasket.hu\/index.php\/szoros-meccset-kovetoen-ismet-junior-siker\/\"},\"wordCount\":220,\"publisher\":{\"@id\":\"https:\/\/vasasbasket.hu\/#organization\"},\"image\":{\"@id\":\"https:\/\/vasasbasket.hu\/index.php\/szoros-meccset-kovetoen-ismet-junior-siker\/#primaryimage\"},\"thumbnailUrl\":\"https:\/\/vasasbasket.hu\/wp-content\/uploads\/2018\/10\/IMG_0966.jpg\",\"articleSection\":[\"Junior\",\"\u00d6sszes H\u00edr\"],\"inLanguage\":\"hu\"},{\"@type\":\"WebPage\",\"@id\":\"https:\/\/vasasbasket.hu\/index.php\/szoros-meccset-kovetoen-ismet-junior-siker\/\",\"url\":\"https:\/\/vasasbasket.hu\/index.php\/szoros-meccset-kovetoen-ismet-junior-siker\/\",\"name\":\"Szoros meccset k\u00f6vet\u0151en ism\u00e9t junior siker - Vasas n\u0151i kos\u00e1rlabda\",\"isPartOf\":{\"@id\":\"https:\/\/vasasbasket.hu\/#website\"},\"primaryImageOfPage\":{\"@id\":\"https:\/\/vasasbasket.hu\/index.php\/szoros-meccset-kovetoen-ismet-junior-siker\/#primaryimage\"},\"image\":{\"@id\":\"https:\/\/vasasbasket.hu\/index.php\/szoros-meccset-kovetoen-ismet-junior-siker\/#primaryimage\"},\"thumbnailUrl\":\"https:\/\/vasasbasket.hu\/wp-content\/uploads\/2018\/10\/IMG_0966.jpg\",\"datePublished\":\"2018-10-07T10:19:31+00:00\",\"breadcrumb\":{\"@id\":\"https:\/\/vasasbasket.hu\/index.php\/szoros-meccset-kovetoen-ismet-junior-siker\/#breadcrumb\"},\"inLanguage\":\"hu\",\"potentialAction\":[{\"@type\":\"ReadAction\",\"target\":[\"https:\/\/vasasbasket.hu\/index.php\/szoros-meccset-kovetoen-ismet-junior-siker\/\"]}]},{\"@type\":\"ImageObject\",\"inLanguage\":\"hu\",\"@id\":\"https:\/\/vasasbasket.hu\/index.php\/szoros-meccset-kovetoen-ismet-junior-siker\/#primaryimage\",\"url\":\"https:\/\/vasasbasket.hu\/wp-content\/uploads\/2018\/10\/IMG_0966.jpg\",\"contentUrl\":\"https:\/\/vasasbasket.hu\/wp-content\/uploads\/2018\/10\/IMG_0966.jpg\",\"width\":2016,\"height\":1512},{\"@type\":\"BreadcrumbList\",\"@id\":\"https:\/\/vasasbasket.hu\/index.php\/szoros-meccset-kovetoen-ismet-junior-siker\/#breadcrumb\",\"itemListElement\":[{\"@type\":\"ListItem\",\"position\":1,\"name\":\"Kezd\u0151lap\",\"item\":\"https:\/\/vasasbasket.hu\/\"},{\"@type\":\"ListItem\",\"position\":2,\"name\":\"Szoros meccset k\u00f6vet\u0151en ism\u00e9t junior siker\"}]},{\"@type\":\"WebSite\",\"@id\":\"https:\/\/vasasbasket.hu\/#website\",\"url\":\"https:\/\/vasasbasket.hu\/\",\"name\":\"Vasas n\u0151i kos\u00e1rlabda\",\"description\":\"Vasas Basket N\u0151i\",\"publisher\":{\"@id\":\"https:\/\/vasasbasket.hu\/#organization\"},\"potentialAction\":[{\"@type\":\"SearchAction\",\"target\":{\"@type\":\"EntryPoint\",\"urlTemplate\":\"https:\/\/vasasbasket.hu\/?s={search_term_string}\"},\"query-input\":{\"@type\":\"PropertyValueSpecification\",\"valueRequired\":true,\"valueName\":\"search_term_string\"}}],\"inLanguage\":\"hu\"},{\"@type\":\"Organization\",\"@id\":\"https:\/\/vasasbasket.hu\/#organization\",\"name\":\"Vasas n\u0151i kos\u00e1rlabda\",\"url\":\"https:\/\/vasasbasket.hu\/\",\"logo\":{\"@type\":\"ImageObject\",\"inLanguage\":\"hu\",\"@id\":\"https:\/\/vasasbasket.hu\/#\/schema\/logo\/image\/\",\"url\":\"https:\/\/vasasbasket.hu\/wp-content\/uploads\/2017\/03\/vasas_cimer_1200.jpg\",\"contentUrl\":\"https:\/\/vasasbasket.hu\/wp-content\/uploads\/2017\/03\/vasas_cimer_1200.jpg\",\"width\":1200,\"height\":1200,\"caption\":\"Vasas n\u0151i kos\u00e1rlabda\"},\"image\":{\"@id\":\"https:\/\/vasasbasket.hu\/#\/schema\/logo\/image\/\"},\"sameAs\":[\"https:\/\/www.facebook.com\/vasaswbasket\/\"]},{\"@type\":\"Person\",\"@id\":\"https:\/\/vasasbasket.hu\/#\/schema\/person\/f1085f4d2c6582d8d0f977e92de2edee\",\"name\":\"admin\",\"image\":{\"@type\":\"ImageObject\",\"inLanguage\":\"hu\",\"@id\":\"https:\/\/vasasbasket.hu\/#\/schema\/person\/image\/\",\"url\":\"https:\/\/secure.gravatar.com\/avatar\/645c92f7d9cfe02bd93ce2d1cfa11cd3a268bdfe65486552ff04b193cea07634?s=96&d=mm&r=g\",\"contentUrl\":\"https:\/\/secure.gravatar.com\/avatar\/645c92f7d9cfe02bd93ce2d1cfa11cd3a268bdfe65486552ff04b193cea07634?s=96&d=mm&r=g\",\"caption\":\"admin\"},\"url\":\"https:\/\/vasasbasket.hu\/index.php\/author\/admin\/\"}]}<\/script>\n<!-- \/ Yoast SEO plugin. -->","yoast_head_json":{"title":"Szoros meccset k\u00f6vet\u0151en ism\u00e9t junior siker - Vasas n\u0151i kos\u00e1rlabda","robots":{"index":"index","follow":"follow","max-snippet":"max-snippet:-1","max-image-preview":"max-image-preview:large","max-video-preview":"max-video-preview:-1"},"canonical":"https:\/\/vasasbasket.hu\/index.php\/szoros-meccset-kovetoen-ismet-junior-siker\/","og_locale":"hu_HU","og_type":"article","og_title":"Szoros meccset k\u00f6vet\u0151en ism\u00e9t junior siker - Vasas n\u0151i kos\u00e1rlabda","og_description":"Szombaton j\u00e1tszotta m\u00e1sodik m\u00e9rk\u0151z\u00e9s\u00e9t a Vasas Akad\u00e9mia U18-as csapata, ez\u00fattal egy f\u0151v\u00e1rosi rangad\u00f3t l\u00e1thattak a Pasar\u00e9ti Sportcentrumba kil\u00e1togat\u00f3k. Igor Skocovski l\u00e1nyai hazai p\u00e1ly\u00e1n is lej\u00e1tszott\u00e1k el\u0151 m\u00e9rk\u0151z\u00e9s\u00fcket, a T\u00f6rekv\u00e9s SE csapat\u00e1t l\u00e1tt\u00e1k vend\u00e9g\u00fcl. A tizenk\u00e9t pontos gy\u0151zelem ellen\u00e9re egy nagyon neh\u00e9z, hull\u00e1mz\u00f3 m\u00e9rk\u0151z\u00e9st l\u00e1thattunk, r\u00e1ad\u00e1sul Altmann Anna s\u00e9r\u00fcl\u00e9se miatt nem is volt teljes a keret....","og_url":"https:\/\/vasasbasket.hu\/index.php\/szoros-meccset-kovetoen-ismet-junior-siker\/","og_site_name":"Vasas n\u0151i kos\u00e1rlabda","article_publisher":"https:\/\/www.facebook.com\/vasaswbasket\/","article_published_time":"2018-10-07T10:19:31+00:00","og_image":[{"width":2016,"height":1512,"url":"https:\/\/vasasbasket.hu\/wp-content\/uploads\/2018\/10\/IMG_0966.jpg","type":"image\/jpeg"}],"author":"admin","twitter_card":"summary_large_image","twitter_misc":{"Szerz\u0151:":"admin","Becs\u00fclt olvas\u00e1si id\u0151":"1 perc"},"schema":{"@context":"https:\/\/schema.org","@graph":[{"@type":"Article","@id":"https:\/\/vasasbasket.hu\/index.php\/szoros-meccset-kovetoen-ismet-junior-siker\/#article","isPartOf":{"@id":"https:\/\/vasasbasket.hu\/index.php\/szoros-meccset-kovetoen-ismet-junior-siker\/"},"author":{"name":"admin","@id":"https:\/\/vasasbasket.hu\/#\/schema\/person\/f1085f4d2c6582d8d0f977e92de2edee"},"headline":"Szoros meccset k\u00f6vet\u0151en ism\u00e9t junior siker","datePublished":"2018-10-07T10:19:31+00:00","mainEntityOfPage":{"@id":"https:\/\/vasasbasket.hu\/index.php\/szoros-meccset-kovetoen-ismet-junior-siker\/"},"wordCount":220,"publisher":{"@id":"https:\/\/vasasbasket.hu\/#organization"},"image":{"@id":"https:\/\/vasasbasket.hu\/index.php\/szoros-meccset-kovetoen-ismet-junior-siker\/#primaryimage"},"thumbnailUrl":"https:\/\/vasasbasket.hu\/wp-content\/uploads\/2018\/10\/IMG_0966.jpg","articleSection":["Junior","\u00d6sszes H\u00edr"],"inLanguage":"hu"},{"@type":"WebPage","@id":"https:\/\/vasasbasket.hu\/index.php\/szoros-meccset-kovetoen-ismet-junior-siker\/","url":"https:\/\/vasasbasket.hu\/index.php\/szoros-meccset-kovetoen-ismet-junior-siker\/","name":"Szoros meccset k\u00f6vet\u0151en ism\u00e9t junior siker - Vasas n\u0151i kos\u00e1rlabda","isPartOf":{"@id":"https:\/\/vasasbasket.hu\/#website"},"primaryImageOfPage":{"@id":"https:\/\/vasasbasket.hu\/index.php\/szoros-meccset-kovetoen-ismet-junior-siker\/#primaryimage"},"image":{"@id":"https:\/\/vasasbasket.hu\/index.php\/szoros-meccset-kovetoen-ismet-junior-siker\/#primaryimage"},"thumbnailUrl":"https:\/\/vasasbasket.hu\/wp-content\/uploads\/2018\/10\/IMG_0966.jpg","datePublished":"2018-10-07T10:19:31+00:00","breadcrumb":{"@id":"https:\/\/vasasbasket.hu\/index.php\/szoros-meccset-kovetoen-ismet-junior-siker\/#breadcrumb"},"inLanguage":"hu","potentialAction":[{"@type":"ReadAction","target":["https:\/\/vasasbasket.hu\/index.php\/szoros-meccset-kovetoen-ismet-junior-siker\/"]}]},{"@type":"ImageObject","inLanguage":"hu","@id":"https:\/\/vasasbasket.hu\/index.php\/szoros-meccset-kovetoen-ismet-junior-siker\/#primaryimage","url":"https:\/\/vasasbasket.hu\/wp-content\/uploads\/2018\/10\/IMG_0966.jpg","contentUrl":"https:\/\/vasasbasket.hu\/wp-content\/uploads\/2018\/10\/IMG_0966.jpg","width":2016,"height":1512},{"@type":"BreadcrumbList","@id":"https:\/\/vasasbasket.hu\/index.php\/szoros-meccset-kovetoen-ismet-junior-siker\/#breadcrumb","itemListElement":[{"@type":"ListItem","position":1,"name":"Kezd\u0151lap","item":"https:\/\/vasasbasket.hu\/"},{"@type":"ListItem","position":2,"name":"Szoros meccset k\u00f6vet\u0151en ism\u00e9t junior siker"}]},{"@type":"WebSite","@id":"https:\/\/vasasbasket.hu\/#website","url":"https:\/\/vasasbasket.hu\/","name":"Vasas n\u0151i kos\u00e1rlabda","description":"Vasas Basket N\u0151i","publisher":{"@id":"https:\/\/vasasbasket.hu\/#organization"},"potentialAction":[{"@type":"SearchAction","target":{"@type":"EntryPoint","urlTemplate":"https:\/\/vasasbasket.hu\/?s={search_term_string}"},"query-input":{"@type":"PropertyValueSpecification","valueRequired":true,"valueName":"search_term_string"}}],"inLanguage":"hu"},{"@type":"Organization","@id":"https:\/\/vasasbasket.hu\/#organization","name":"Vasas n\u0151i kos\u00e1rlabda","url":"https:\/\/vasasbasket.hu\/","logo":{"@type":"ImageObject","inLanguage":"hu","@id":"https:\/\/vasasbasket.hu\/#\/schema\/logo\/image\/","url":"https:\/\/vasasbasket.hu\/wp-content\/uploads\/2017\/03\/vasas_cimer_1200.jpg","contentUrl":"https:\/\/vasasbasket.hu\/wp-content\/uploads\/2017\/03\/vasas_cimer_1200.jpg","width":1200,"height":1200,"caption":"Vasas n\u0151i kos\u00e1rlabda"},"image":{"@id":"https:\/\/vasasbasket.hu\/#\/schema\/logo\/image\/"},"sameAs":["https:\/\/www.facebook.com\/vasaswbasket\/"]},{"@type":"Person","@id":"https:\/\/vasasbasket.hu\/#\/schema\/person\/f1085f4d2c6582d8d0f977e92de2edee","name":"admin","image":{"@type":"ImageObject","inLanguage":"hu","@id":"https:\/\/vasasbasket.hu\/#\/schema\/person\/image\/","url":"https:\/\/secure.gravatar.com\/avatar\/645c92f7d9cfe02bd93ce2d1cfa11cd3a268bdfe65486552ff04b193cea07634?s=96&d=mm&r=g","contentUrl":"https:\/\/secure.gravatar.com\/avatar\/645c92f7d9cfe02bd93ce2d1cfa11cd3a268bdfe65486552ff04b193cea07634?s=96&d=mm&r=g","caption":"admin"},"url":"https:\/\/vasasbasket.hu\/index.php\/author\/admin\/"}]}},"_links":{"self":[{"href":"https:\/\/vasasbasket.hu\/index.php\/wp-json\/wp\/v2\/posts\/4368","targetHints":{"allow":["GET"]}}],"collection":[{"href":"https:\/\/vasasbasket.hu\/index.php\/wp-json\/wp\/v2\/posts"}],"about":[{"href":"https:\/\/vasasbasket.hu\/index.php\/wp-json\/wp\/v2\/types\/post"}],"author":[{"embeddable":true,"href":"https:\/\/vasasbasket.hu\/index.php\/wp-json\/wp\/v2\/users\/1"}],"replies":[{"embeddable":true,"href":"https:\/\/vasasbasket.hu\/index.php\/wp-json\/wp\/v2\/comments?post=4368"}],"version-history":[{"count":1,"href":"https:\/\/vasasbasket.hu\/index.php\/wp-json\/wp\/v2\/posts\/4368\/revisions"}],"predecessor-version":[{"id":4371,"href":"https:\/\/vasasbasket.hu\/index.php\/wp-json\/wp\/v2\/posts\/4368\/revisions\/4371"}],"wp:featuredmedia":[{"embeddable":true,"href":"https:\/\/vasasbasket.hu\/index.php\/wp-json\/wp\/v2\/media\/4369"}],"wp:attachment":[{"href":"https:\/\/vasasbasket.hu\/index.php\/wp-json\/wp\/v2\/media?parent=4368"}],"wp:term":[{"taxonomy":"category","embeddable":true,"href":"https:\/\/vasasbasket.hu\/index.php\/wp-json\/wp\/v2\/categories?post=4368"},{"taxonomy":"post_tag","embeddable":true,"href":"https:\/\/vasasbasket.hu\/index.php\/wp-json\/wp\/v2\/tags?post=4368"}],"curies":[{"name":"wp","href":"https:\/\/api.w.org\/{rel}","templated":true}]}}