{"id":4225,"date":"2018-09-06T12:57:47","date_gmt":"2018-09-06T12:57:47","guid":{"rendered":"http:\/\/vasasbasket.hu\/?p=4225"},"modified":"2018-09-06T12:57:47","modified_gmt":"2018-09-06T12:57:47","slug":"irany-india","status":"publish","type":"post","link":"https:\/\/vasasbasket.hu\/index.php\/irany-india\/","title":{"rendered":"Ir\u00e1ny India"},"content":{"rendered":"<p><strong>A magyar n\u0151i U23-as 3&#215;3 v\u00e1logatott kiharcolta a tov\u00e1bbjut\u00e1st, folytat\u00e1s Indi\u00e1ban.<\/strong><\/p>\n<p>M\u00falt h\u00e9tv\u00e9g\u00e9n rendezt\u00e9k az U23-as 3&#215;3 Nations League utols\u00f3 k\u00e9t fordul\u00f3j\u00e1t Debrecenben. B\u00f6r\u00f6ndy Vivien szem\u00e9ly\u00e9ben Vasas Akad\u00e9mia j\u00e1t\u00e9kos is szerepelt a n\u0151i v\u00e1logatottban, amely \u00f6sszes\u00edt\u00e9sben a m\u00e1sodik helyen z\u00e1rt a Nemzetek Lig\u00e1ja verseny\u00e9ben. Ez azt jelenti, hogy a l\u00e1nyok kiv\u00e1ltott\u00e1k jegy\u00fcket a szuperd\u00f6nt\u0151re, melyre szeptember v\u00e9g\u00e9n, Indi\u00e1ban ker\u00fcl sor.<\/p>\n<p><img loading=\"lazy\" decoding=\"async\" class=\" wp-image-4227 alignright\" src=\"http:\/\/vasasbasket.hu\/wp-content\/uploads\/2018\/09\/3x3u231-300x169.jpg\" alt=\"\" width=\"354\" height=\"200\" srcset=\"https:\/\/vasasbasket.hu\/wp-content\/uploads\/2018\/09\/3x3u231-300x169.jpg 300w, https:\/\/vasasbasket.hu\/wp-content\/uploads\/2018\/09\/3x3u231-570x321.jpg 570w, https:\/\/vasasbasket.hu\/wp-content\/uploads\/2018\/09\/3x3u231-440x248.jpg 440w, https:\/\/vasasbasket.hu\/wp-content\/uploads\/2018\/09\/3x3u231-768x432.jpg 768w, https:\/\/vasasbasket.hu\/wp-content\/uploads\/2018\/09\/3x3u231-1024x576.jpg 1024w, https:\/\/vasasbasket.hu\/wp-content\/uploads\/2018\/09\/3x3u231-128x72.jpg 128w, https:\/\/vasasbasket.hu\/wp-content\/uploads\/2018\/09\/3x3u231-32x18.jpg 32w, https:\/\/vasasbasket.hu\/wp-content\/uploads\/2018\/09\/3x3u231-98x55.jpg 98w\" sizes=\"auto, (max-width: 354px) 100vw, 354px\" \/><\/p>\n<p>&nbsp;<\/p>\n<p><em>\u201eIm\u00e1dok 3&#215;3-azni, \u00e9s \u00fagy \u00e9rzem nagyon \u00f6sszeszokott kis csapat lett\u00fcnk a v\u00e9g\u00e9re. Ez l\u00e1tszott is a teljes\u00edtm\u00e9ny\u00fcnk\u00f6n, nagyot k\u00fczd\u00f6tt\u00fcnk az\u00e9rt, hogy kijuthassunk Indi\u00e1ba a szuperd\u00f6<\/em><em>nt\u0151re.\u201d<\/em> \u2013 \u00e9rt\u00e9kelt Vivi.<\/p>\n<p>&nbsp;<\/p>\n<p>Az eml\u00edtett fin\u00e1l\u00e9n hat v\u00e1logatott vesz r\u00e9szt, a h\u00e1rom legjobb \u00e1zsiai \u00e9s a h\u00e1rom legjobb eur\u00f3pai csapat. A magyar l\u00e1nyoknak azonban nem India a v\u00e9g\u00e1llom\u00e1s: <em>\u201eSzeptember 22-23-\u00e1n ker\u00fcl sor a m\u00e1r el\u0151bb eml\u00edtett szuperd\u00f6nt\u0151re, ut\u00e1na utunk K\u00edn\u00e1ba vezet, ahol az U23-as vil\u00e1gbajnoks\u00e1g ker\u00fcl megrendez\u00e9sre Xi&#8217;an v\u00e1ros\u00e1ban, okt\u00f3ber elej\u00e9n. Rem\u00e9lem, sokan szurkolnak majd nek\u00fcnk itthonr\u00f3l, szeretn\u00e9nk a maximumot kihozni ism\u00e9telten, ahogy eddig is tett\u00fck\u201d.<\/em><\/p>\n","protected":false},"excerpt":{"rendered":"<p>A magyar n\u0151i U23-as 3&#215;3 v\u00e1logatott kiharcolta a tov\u00e1bbjut\u00e1st, folytat\u00e1s Indi\u00e1ban. M\u00falt h\u00e9tv\u00e9g\u00e9n rendezt\u00e9k az U23-as 3&#215;3 Nations League utols\u00f3 k\u00e9t fordul\u00f3j\u00e1t Debrecenben. B\u00f6r\u00f6ndy Vivien szem\u00e9ly\u00e9ben Vasas Akad\u00e9mia j\u00e1t\u00e9kos is szerepelt a n\u0151i v\u00e1logatottban, amely \u00f6sszes\u00edt\u00e9sben a m\u00e1sodik helyen z\u00e1rt a Nemzetek Lig\u00e1ja verseny\u00e9ben. Ez azt jelenti, hogy a l\u00e1nyok kiv\u00e1ltott\u00e1k jegy\u00fcket a szuperd\u00f6nt\u0151re, melyre&#8230;<\/p>\n","protected":false},"author":1,"featured_media":4226,"comment_status":"closed","ping_status":"open","sticky":false,"template":"","format":"standard","meta":{"footnotes":""},"categories":[91,92],"tags":[],"class_list":["post-4225","post","type-post","status-publish","format-standard","has-post-thumbnail","hentry","category-vasas","category-hirek"],"yoast_head":"<!-- This site is optimized with the Yoast SEO plugin v26.0 - https:\/\/yoast.com\/wordpress\/plugins\/seo\/ -->\n<title>Ir\u00e1ny India - Vasas n\u0151i kos\u00e1rlabda<\/title>\n<meta name=\"robots\" content=\"index, follow, max-snippet:-1, max-image-preview:large, max-video-preview:-1\" \/>\n<link rel=\"canonical\" href=\"https:\/\/vasasbasket.hu\/index.php\/irany-india\/\" \/>\n<meta property=\"og:locale\" content=\"hu_HU\" \/>\n<meta property=\"og:type\" content=\"article\" \/>\n<meta property=\"og:title\" content=\"Ir\u00e1ny India - Vasas n\u0151i kos\u00e1rlabda\" \/>\n<meta property=\"og:description\" content=\"A magyar n\u0151i U23-as 3&#215;3 v\u00e1logatott kiharcolta a tov\u00e1bbjut\u00e1st, folytat\u00e1s Indi\u00e1ban. M\u00falt h\u00e9tv\u00e9g\u00e9n rendezt\u00e9k az U23-as 3&#215;3 Nations League utols\u00f3 k\u00e9t fordul\u00f3j\u00e1t Debrecenben. B\u00f6r\u00f6ndy Vivien szem\u00e9ly\u00e9ben Vasas Akad\u00e9mia j\u00e1t\u00e9kos is szerepelt a n\u0151i v\u00e1logatottban, amely \u00f6sszes\u00edt\u00e9sben a m\u00e1sodik helyen z\u00e1rt a Nemzetek Lig\u00e1ja verseny\u00e9ben. Ez azt jelenti, hogy a l\u00e1nyok kiv\u00e1ltott\u00e1k jegy\u00fcket a szuperd\u00f6nt\u0151re, melyre...\" \/>\n<meta property=\"og:url\" content=\"https:\/\/vasasbasket.hu\/index.php\/irany-india\/\" \/>\n<meta property=\"og:site_name\" content=\"Vasas n\u0151i kos\u00e1rlabda\" \/>\n<meta property=\"article:publisher\" content=\"https:\/\/www.facebook.com\/vasaswbasket\/\" \/>\n<meta property=\"article:published_time\" content=\"2018-09-06T12:57:47+00:00\" \/>\n<meta property=\"og:image\" content=\"https:\/\/vasasbasket.hu\/wp-content\/uploads\/2018\/09\/3x3u23.jpg\" \/>\n\t<meta property=\"og:image:width\" content=\"1446\" \/>\n\t<meta property=\"og:image:height\" content=\"964\" \/>\n\t<meta property=\"og:image:type\" content=\"image\/jpeg\" \/>\n<meta name=\"author\" content=\"admin\" \/>\n<meta name=\"twitter:card\" content=\"summary_large_image\" \/>\n<meta name=\"twitter:label1\" content=\"Szerz\u0151:\" \/>\n\t<meta name=\"twitter:data1\" content=\"admin\" \/>\n\t<meta name=\"twitter:label2\" content=\"Becs\u00fclt olvas\u00e1si id\u0151\" \/>\n\t<meta name=\"twitter:data2\" content=\"1 perc\" \/>\n<script type=\"application\/ld+json\" class=\"yoast-schema-graph\">{\"@context\":\"https:\/\/schema.org\",\"@graph\":[{\"@type\":\"Article\",\"@id\":\"https:\/\/vasasbasket.hu\/index.php\/irany-india\/#article\",\"isPartOf\":{\"@id\":\"https:\/\/vasasbasket.hu\/index.php\/irany-india\/\"},\"author\":{\"name\":\"admin\",\"@id\":\"https:\/\/vasasbasket.hu\/#\/schema\/person\/f1085f4d2c6582d8d0f977e92de2edee\"},\"headline\":\"Ir\u00e1ny India\",\"datePublished\":\"2018-09-06T12:57:47+00:00\",\"mainEntityOfPage\":{\"@id\":\"https:\/\/vasasbasket.hu\/index.php\/irany-india\/\"},\"wordCount\":253,\"publisher\":{\"@id\":\"https:\/\/vasasbasket.hu\/#organization\"},\"image\":{\"@id\":\"https:\/\/vasasbasket.hu\/index.php\/irany-india\/#primaryimage\"},\"thumbnailUrl\":\"https:\/\/vasasbasket.hu\/wp-content\/uploads\/2018\/09\/3x3u23.jpg\",\"articleSection\":[\"V\u00e1logatott H\u00edrek\",\"\u00d6sszes H\u00edr\"],\"inLanguage\":\"hu\"},{\"@type\":\"WebPage\",\"@id\":\"https:\/\/vasasbasket.hu\/index.php\/irany-india\/\",\"url\":\"https:\/\/vasasbasket.hu\/index.php\/irany-india\/\",\"name\":\"Ir\u00e1ny India - Vasas n\u0151i kos\u00e1rlabda\",\"isPartOf\":{\"@id\":\"https:\/\/vasasbasket.hu\/#website\"},\"primaryImageOfPage\":{\"@id\":\"https:\/\/vasasbasket.hu\/index.php\/irany-india\/#primaryimage\"},\"image\":{\"@id\":\"https:\/\/vasasbasket.hu\/index.php\/irany-india\/#primaryimage\"},\"thumbnailUrl\":\"https:\/\/vasasbasket.hu\/wp-content\/uploads\/2018\/09\/3x3u23.jpg\",\"datePublished\":\"2018-09-06T12:57:47+00:00\",\"breadcrumb\":{\"@id\":\"https:\/\/vasasbasket.hu\/index.php\/irany-india\/#breadcrumb\"},\"inLanguage\":\"hu\",\"potentialAction\":[{\"@type\":\"ReadAction\",\"target\":[\"https:\/\/vasasbasket.hu\/index.php\/irany-india\/\"]}]},{\"@type\":\"ImageObject\",\"inLanguage\":\"hu\",\"@id\":\"https:\/\/vasasbasket.hu\/index.php\/irany-india\/#primaryimage\",\"url\":\"https:\/\/vasasbasket.hu\/wp-content\/uploads\/2018\/09\/3x3u23.jpg\",\"contentUrl\":\"https:\/\/vasasbasket.hu\/wp-content\/uploads\/2018\/09\/3x3u23.jpg\",\"width\":1446,\"height\":964},{\"@type\":\"BreadcrumbList\",\"@id\":\"https:\/\/vasasbasket.hu\/index.php\/irany-india\/#breadcrumb\",\"itemListElement\":[{\"@type\":\"ListItem\",\"position\":1,\"name\":\"Kezd\u0151lap\",\"item\":\"https:\/\/vasasbasket.hu\/\"},{\"@type\":\"ListItem\",\"position\":2,\"name\":\"Ir\u00e1ny India\"}]},{\"@type\":\"WebSite\",\"@id\":\"https:\/\/vasasbasket.hu\/#website\",\"url\":\"https:\/\/vasasbasket.hu\/\",\"name\":\"Vasas n\u0151i kos\u00e1rlabda\",\"description\":\"Vasas Basket N\u0151i\",\"publisher\":{\"@id\":\"https:\/\/vasasbasket.hu\/#organization\"},\"potentialAction\":[{\"@type\":\"SearchAction\",\"target\":{\"@type\":\"EntryPoint\",\"urlTemplate\":\"https:\/\/vasasbasket.hu\/?s={search_term_string}\"},\"query-input\":{\"@type\":\"PropertyValueSpecification\",\"valueRequired\":true,\"valueName\":\"search_term_string\"}}],\"inLanguage\":\"hu\"},{\"@type\":\"Organization\",\"@id\":\"https:\/\/vasasbasket.hu\/#organization\",\"name\":\"Vasas n\u0151i kos\u00e1rlabda\",\"url\":\"https:\/\/vasasbasket.hu\/\",\"logo\":{\"@type\":\"ImageObject\",\"inLanguage\":\"hu\",\"@id\":\"https:\/\/vasasbasket.hu\/#\/schema\/logo\/image\/\",\"url\":\"https:\/\/vasasbasket.hu\/wp-content\/uploads\/2017\/03\/vasas_cimer_1200.jpg\",\"contentUrl\":\"https:\/\/vasasbasket.hu\/wp-content\/uploads\/2017\/03\/vasas_cimer_1200.jpg\",\"width\":1200,\"height\":1200,\"caption\":\"Vasas n\u0151i kos\u00e1rlabda\"},\"image\":{\"@id\":\"https:\/\/vasasbasket.hu\/#\/schema\/logo\/image\/\"},\"sameAs\":[\"https:\/\/www.facebook.com\/vasaswbasket\/\"]},{\"@type\":\"Person\",\"@id\":\"https:\/\/vasasbasket.hu\/#\/schema\/person\/f1085f4d2c6582d8d0f977e92de2edee\",\"name\":\"admin\",\"image\":{\"@type\":\"ImageObject\",\"inLanguage\":\"hu\",\"@id\":\"https:\/\/vasasbasket.hu\/#\/schema\/person\/image\/\",\"url\":\"https:\/\/secure.gravatar.com\/avatar\/645c92f7d9cfe02bd93ce2d1cfa11cd3a268bdfe65486552ff04b193cea07634?s=96&d=mm&r=g\",\"contentUrl\":\"https:\/\/secure.gravatar.com\/avatar\/645c92f7d9cfe02bd93ce2d1cfa11cd3a268bdfe65486552ff04b193cea07634?s=96&d=mm&r=g\",\"caption\":\"admin\"},\"url\":\"https:\/\/vasasbasket.hu\/index.php\/author\/admin\/\"}]}<\/script>\n<!-- \/ Yoast SEO plugin. -->","yoast_head_json":{"title":"Ir\u00e1ny India - Vasas n\u0151i kos\u00e1rlabda","robots":{"index":"index","follow":"follow","max-snippet":"max-snippet:-1","max-image-preview":"max-image-preview:large","max-video-preview":"max-video-preview:-1"},"canonical":"https:\/\/vasasbasket.hu\/index.php\/irany-india\/","og_locale":"hu_HU","og_type":"article","og_title":"Ir\u00e1ny India - Vasas n\u0151i kos\u00e1rlabda","og_description":"A magyar n\u0151i U23-as 3&#215;3 v\u00e1logatott kiharcolta a tov\u00e1bbjut\u00e1st, folytat\u00e1s Indi\u00e1ban. M\u00falt h\u00e9tv\u00e9g\u00e9n rendezt\u00e9k az U23-as 3&#215;3 Nations League utols\u00f3 k\u00e9t fordul\u00f3j\u00e1t Debrecenben. B\u00f6r\u00f6ndy Vivien szem\u00e9ly\u00e9ben Vasas Akad\u00e9mia j\u00e1t\u00e9kos is szerepelt a n\u0151i v\u00e1logatottban, amely \u00f6sszes\u00edt\u00e9sben a m\u00e1sodik helyen z\u00e1rt a Nemzetek Lig\u00e1ja verseny\u00e9ben. Ez azt jelenti, hogy a l\u00e1nyok kiv\u00e1ltott\u00e1k jegy\u00fcket a szuperd\u00f6nt\u0151re, melyre...","og_url":"https:\/\/vasasbasket.hu\/index.php\/irany-india\/","og_site_name":"Vasas n\u0151i kos\u00e1rlabda","article_publisher":"https:\/\/www.facebook.com\/vasaswbasket\/","article_published_time":"2018-09-06T12:57:47+00:00","og_image":[{"width":1446,"height":964,"url":"https:\/\/vasasbasket.hu\/wp-content\/uploads\/2018\/09\/3x3u23.jpg","type":"image\/jpeg"}],"author":"admin","twitter_card":"summary_large_image","twitter_misc":{"Szerz\u0151:":"admin","Becs\u00fclt olvas\u00e1si id\u0151":"1 perc"},"schema":{"@context":"https:\/\/schema.org","@graph":[{"@type":"Article","@id":"https:\/\/vasasbasket.hu\/index.php\/irany-india\/#article","isPartOf":{"@id":"https:\/\/vasasbasket.hu\/index.php\/irany-india\/"},"author":{"name":"admin","@id":"https:\/\/vasasbasket.hu\/#\/schema\/person\/f1085f4d2c6582d8d0f977e92de2edee"},"headline":"Ir\u00e1ny India","datePublished":"2018-09-06T12:57:47+00:00","mainEntityOfPage":{"@id":"https:\/\/vasasbasket.hu\/index.php\/irany-india\/"},"wordCount":253,"publisher":{"@id":"https:\/\/vasasbasket.hu\/#organization"},"image":{"@id":"https:\/\/vasasbasket.hu\/index.php\/irany-india\/#primaryimage"},"thumbnailUrl":"https:\/\/vasasbasket.hu\/wp-content\/uploads\/2018\/09\/3x3u23.jpg","articleSection":["V\u00e1logatott H\u00edrek","\u00d6sszes H\u00edr"],"inLanguage":"hu"},{"@type":"WebPage","@id":"https:\/\/vasasbasket.hu\/index.php\/irany-india\/","url":"https:\/\/vasasbasket.hu\/index.php\/irany-india\/","name":"Ir\u00e1ny India - Vasas n\u0151i kos\u00e1rlabda","isPartOf":{"@id":"https:\/\/vasasbasket.hu\/#website"},"primaryImageOfPage":{"@id":"https:\/\/vasasbasket.hu\/index.php\/irany-india\/#primaryimage"},"image":{"@id":"https:\/\/vasasbasket.hu\/index.php\/irany-india\/#primaryimage"},"thumbnailUrl":"https:\/\/vasasbasket.hu\/wp-content\/uploads\/2018\/09\/3x3u23.jpg","datePublished":"2018-09-06T12:57:47+00:00","breadcrumb":{"@id":"https:\/\/vasasbasket.hu\/index.php\/irany-india\/#breadcrumb"},"inLanguage":"hu","potentialAction":[{"@type":"ReadAction","target":["https:\/\/vasasbasket.hu\/index.php\/irany-india\/"]}]},{"@type":"ImageObject","inLanguage":"hu","@id":"https:\/\/vasasbasket.hu\/index.php\/irany-india\/#primaryimage","url":"https:\/\/vasasbasket.hu\/wp-content\/uploads\/2018\/09\/3x3u23.jpg","contentUrl":"https:\/\/vasasbasket.hu\/wp-content\/uploads\/2018\/09\/3x3u23.jpg","width":1446,"height":964},{"@type":"BreadcrumbList","@id":"https:\/\/vasasbasket.hu\/index.php\/irany-india\/#breadcrumb","itemListElement":[{"@type":"ListItem","position":1,"name":"Kezd\u0151lap","item":"https:\/\/vasasbasket.hu\/"},{"@type":"ListItem","position":2,"name":"Ir\u00e1ny India"}]},{"@type":"WebSite","@id":"https:\/\/vasasbasket.hu\/#website","url":"https:\/\/vasasbasket.hu\/","name":"Vasas n\u0151i kos\u00e1rlabda","description":"Vasas Basket N\u0151i","publisher":{"@id":"https:\/\/vasasbasket.hu\/#organization"},"potentialAction":[{"@type":"SearchAction","target":{"@type":"EntryPoint","urlTemplate":"https:\/\/vasasbasket.hu\/?s={search_term_string}"},"query-input":{"@type":"PropertyValueSpecification","valueRequired":true,"valueName":"search_term_string"}}],"inLanguage":"hu"},{"@type":"Organization","@id":"https:\/\/vasasbasket.hu\/#organization","name":"Vasas n\u0151i kos\u00e1rlabda","url":"https:\/\/vasasbasket.hu\/","logo":{"@type":"ImageObject","inLanguage":"hu","@id":"https:\/\/vasasbasket.hu\/#\/schema\/logo\/image\/","url":"https:\/\/vasasbasket.hu\/wp-content\/uploads\/2017\/03\/vasas_cimer_1200.jpg","contentUrl":"https:\/\/vasasbasket.hu\/wp-content\/uploads\/2017\/03\/vasas_cimer_1200.jpg","width":1200,"height":1200,"caption":"Vasas n\u0151i kos\u00e1rlabda"},"image":{"@id":"https:\/\/vasasbasket.hu\/#\/schema\/logo\/image\/"},"sameAs":["https:\/\/www.facebook.com\/vasaswbasket\/"]},{"@type":"Person","@id":"https:\/\/vasasbasket.hu\/#\/schema\/person\/f1085f4d2c6582d8d0f977e92de2edee","name":"admin","image":{"@type":"ImageObject","inLanguage":"hu","@id":"https:\/\/vasasbasket.hu\/#\/schema\/person\/image\/","url":"https:\/\/secure.gravatar.com\/avatar\/645c92f7d9cfe02bd93ce2d1cfa11cd3a268bdfe65486552ff04b193cea07634?s=96&d=mm&r=g","contentUrl":"https:\/\/secure.gravatar.com\/avatar\/645c92f7d9cfe02bd93ce2d1cfa11cd3a268bdfe65486552ff04b193cea07634?s=96&d=mm&r=g","caption":"admin"},"url":"https:\/\/vasasbasket.hu\/index.php\/author\/admin\/"}]}},"_links":{"self":[{"href":"https:\/\/vasasbasket.hu\/index.php\/wp-json\/wp\/v2\/posts\/4225","targetHints":{"allow":["GET"]}}],"collection":[{"href":"https:\/\/vasasbasket.hu\/index.php\/wp-json\/wp\/v2\/posts"}],"about":[{"href":"https:\/\/vasasbasket.hu\/index.php\/wp-json\/wp\/v2\/types\/post"}],"author":[{"embeddable":true,"href":"https:\/\/vasasbasket.hu\/index.php\/wp-json\/wp\/v2\/users\/1"}],"replies":[{"embeddable":true,"href":"https:\/\/vasasbasket.hu\/index.php\/wp-json\/wp\/v2\/comments?post=4225"}],"version-history":[{"count":1,"href":"https:\/\/vasasbasket.hu\/index.php\/wp-json\/wp\/v2\/posts\/4225\/revisions"}],"predecessor-version":[{"id":4228,"href":"https:\/\/vasasbasket.hu\/index.php\/wp-json\/wp\/v2\/posts\/4225\/revisions\/4228"}],"wp:featuredmedia":[{"embeddable":true,"href":"https:\/\/vasasbasket.hu\/index.php\/wp-json\/wp\/v2\/media\/4226"}],"wp:attachment":[{"href":"https:\/\/vasasbasket.hu\/index.php\/wp-json\/wp\/v2\/media?parent=4225"}],"wp:term":[{"taxonomy":"category","embeddable":true,"href":"https:\/\/vasasbasket.hu\/index.php\/wp-json\/wp\/v2\/categories?post=4225"},{"taxonomy":"post_tag","embeddable":true,"href":"https:\/\/vasasbasket.hu\/index.php\/wp-json\/wp\/v2\/tags?post=4225"}],"curies":[{"name":"wp","href":"https:\/\/api.w.org\/{rel}","templated":true}]}}