{"id":4188,"date":"2018-06-25T07:15:21","date_gmt":"2018-06-25T07:15:21","guid":{"rendered":"http:\/\/vasasbasket.hu\/?p=4188"},"modified":"2018-06-25T07:15:21","modified_gmt":"2018-06-25T07:15:21","slug":"megkezdte-a-felkeszulest-az-u17-u18-as-valogatott-a-behivott-18-jatekosbol-6-vasasos","status":"publish","type":"post","link":"https:\/\/vasasbasket.hu\/index.php\/megkezdte-a-felkeszulest-az-u17-u18-as-valogatott-a-behivott-18-jatekosbol-6-vasasos\/","title":{"rendered":"Megkezdte a felk\u00e9sz\u00fcl\u00e9st az U17\/U18-as v\u00e1logatott A beh\u00edvott 18 j\u00e1t\u00e9kosb\u00f3l 6 Vasasos!!!!"},"content":{"rendered":"<p><strong>H\u00e9tf\u0151n az MKOSZ sz\u00e9kesfeh\u00e9rv\u00e1ri edz\u0151k\u00f6zpontj\u00e1ban megkezdte a felk\u00e9sz\u00fcl\u00e9st a ny\u00e1ri feladatokra az U17\/U18-as v\u00e1logatott.<\/strong><\/p>\n<p><img loading=\"lazy\" decoding=\"async\" class=\"size-medium wp-image-4189 alignleft\" src=\"http:\/\/vasasbasket.hu\/wp-content\/uploads\/2018\/06\/2018-300x157.jpg\" alt=\"\" width=\"300\" height=\"157\" srcset=\"https:\/\/vasasbasket.hu\/wp-content\/uploads\/2018\/06\/2018-300x157.jpg 300w, https:\/\/vasasbasket.hu\/wp-content\/uploads\/2018\/06\/2018-570x298.jpg 570w, https:\/\/vasasbasket.hu\/wp-content\/uploads\/2018\/06\/2018-440x230.jpg 440w, https:\/\/vasasbasket.hu\/wp-content\/uploads\/2018\/06\/2018-128x67.jpg 128w, https:\/\/vasasbasket.hu\/wp-content\/uploads\/2018\/06\/2018-32x17.jpg 32w, https:\/\/vasasbasket.hu\/wp-content\/uploads\/2018\/06\/2018-98x51.jpg 98w, https:\/\/vasasbasket.hu\/wp-content\/uploads\/2018\/06\/2018.jpg 690w\" sizes=\"auto, (max-width: 300px) 100vw, 300px\" \/>V\u00f6lgyi P\u00e9ter \u00e9s st\u00e1bja ir\u00e1ny\u00edt\u00e1s\u00e1val 18 j\u00e1t\u00e9kossal kezdte meg a ny\u00e1ri munk\u00e1t az U17\/U18-as v\u00e1logatott. A keret tagjai a j\u00falius 21. \u00e9s 29. k\u00f6z\u00f6tt Minszkben rendezend\u0151 U17-es le\u00e1ny kos\u00e1rlabda Vil\u00e1gbajnoks\u00e1gra, majd az augusztus 4. \u00e9s 12. k\u00f6z\u00f6tt Udin\u00e9ben lebonyol\u00edt\u00e1sra ker\u00fcl\u0151 U18-as Eur\u00f3pa-bajnoks\u00e1gra k\u00e9sz\u00fclnek.<\/p>\n<p>Lapunknak Tiszay L\u00e1szl\u00f3 technikai vezet\u0151 az els\u0151 sz\u00e9kesfeh\u00e9rv\u00e1ri edz\u00e9st k\u00f6vet\u0151en elmondta, hogy a h\u00e9ten 10 edz\u00e9ssel k\u00e9sz\u00fcl a csapat. A j\u00f6v\u0151 h\u00e9tt\u0151l pedig a felk\u00e9sz\u00fcl\u00e9si meccsek sora is elkezd\u0151dik. J\u00fanius 29-\u00e9n \u00e9s 30-\u00e1n Sz\u00e9kesfeh\u00e9rv\u00e1ron Szlov\u00e1ki\u00e1t fogadjuk. Ezt k\u00f6vet\u0151en j\u00falius 5. \u00e9s 8. k\u00f6z\u00f6tt Spanyolorsz\u00e1gba utazik torn\u00e1ra a magyar csapat, majd j\u00falius 12. \u00e9s 16. k\u00f6z\u00f6tt egy rangos olaszorsz\u00e1gi er\u0151felm\u00e9r\u0151 szerepel a programban.<\/p>\n<p>&nbsp;<\/p>\n<p>A jelenleg k\u00e9sz\u00fcl\u0151 18 f\u0151s keretb\u0151l ker\u00fcl ki az U17-es Vil\u00e1gbajnoks\u00e1gon \u00e9s az U18-as Eur\u00f3pa-bajnoks\u00e1gon szerepl\u0151 csapat. A minszki seregszeml\u00e9n a 2000-es sz\u00fclet\u00e9s\u0171ek m\u00e1r nem szerepelhetnek, illetve a 2002-es sz\u00fclet\u00e9s\u0171 Dombai R\u00e9ka a tervek szerint majd az U16-os v\u00e1logatottban folytatja. Tiszay L\u00e1szl\u00f3t\u00f3l megtudtuk, hogy b\u00e1r T\u00f3th Franka bokas\u00e9r\u00fcl\u00e9ssel bajl\u00f3dik, illetve kisebb-nagyobb szezon ut\u00e1ni s\u00e9r\u00fcl\u00e9sek vannak, de az els\u0151 napon a csapat minden tagja ott volt Sz\u00e9kesfeh\u00e9rv\u00e1ron.<\/p>\n<p>&nbsp;<\/p>\n<p><strong><u>A keret tagjai\u00a0<\/u><\/strong><\/p>\n<p>&nbsp;<\/p>\n<table width=\"480\">\n<tbody>\n<tr>\n<td width=\"22\">&nbsp;<\/td>\n<td width=\"91\"><strong>J\u00e1t\u00e9kos csal\u00e1di neve<\/strong><\/td>\n<td width=\"89\"><strong>J\u00e1t\u00e9kos keresztneve<\/strong><\/td>\n<td width=\"67\"><strong>Sz\u00fclet\u00e9si id\u0151<\/strong><\/td>\n<td width=\"85\"><strong>Sz\u00fclet\u00e9si hely<\/strong><\/td>\n<td width=\"197\"><strong>Klub (2017\/2018)<\/strong><\/td>\n<td width=\"166\"><strong>Edz\u0151\u00a0(2017\/2018)<\/strong><\/td>\n<\/tr>\n<tr>\n<td>1.<\/td>\n<td>Angyal<\/td>\n<td>Barbara<\/td>\n<td>2001.02.09<\/td>\n<td>Budapest<\/td>\n<td>Csata DSE<\/td>\n<td>Tursics Kriszti\u00e1n<\/td>\n<\/tr>\n<tr>\n<td>2.<\/td>\n<td>Bicz\u00f3<\/td>\n<td>Laura<\/td>\n<td>2000.12.22<\/td>\n<td>Gy\u0151r<\/td>\n<td>Sz\u00e9chenyi Kos\u00e1rlabda Akad\u00e9mia<\/td>\n<td>G\u00e1los L\u00e1szl\u00f3<\/td>\n<\/tr>\n<tr>\n<td>3.<\/td>\n<td><strong>Boros<\/strong><\/td>\n<td><strong>Berta<\/strong><\/td>\n<td><strong>2001.03.07<\/strong><\/td>\n<td><strong>Budapest<\/strong><\/td>\n<td><strong>Vasas Akad\u00e9mia<\/strong><\/td>\n<td><strong>Igor Skocovski<\/strong><\/td>\n<\/tr>\n<tr>\n<td>4.<\/td>\n<td><strong>Bud\u00e1csik<\/strong><\/td>\n<td><strong>Dorottya<\/strong><\/td>\n<td><strong>2001.01.25<\/strong><\/td>\n<td><strong>Budapest<\/strong><\/td>\n<td><strong>Vasas Akad\u00e9mia<\/strong><\/td>\n<td><strong>Igor Skocovski<\/strong><\/td>\n<\/tr>\n<tr>\n<td>5.<\/td>\n<td><strong>Dombai<\/strong><\/td>\n<td><strong>R\u00e9ka<\/strong><\/td>\n<td><strong>2002.09.16<\/strong><\/td>\n<td><strong>Budapest<\/strong><\/td>\n<td><strong>Vasas Akad\u00e9mia<\/strong><\/td>\n<td><strong>F\u00f6ldi Attila<\/strong><\/td>\n<\/tr>\n<tr>\n<td>6.<\/td>\n<td>Horv\u00e1th<\/td>\n<td>Fruzsina<\/td>\n<td>2001.03.17<\/td>\n<td>Budapest<\/td>\n<td>Csata DSE<\/td>\n<td>Tursics Kriszti\u00e1n<\/td>\n<\/tr>\n<tr>\n<td>7.<\/td>\n<td>Kiss<\/td>\n<td>Agelika<\/td>\n<td>2001.03.12<\/td>\n<td>Ajka<\/td>\n<td>DVTK Kos\u00e1rlabda Akad\u00e9mia KFT<\/td>\n<td>Magyar Gergely<\/td>\n<\/tr>\n<tr>\n<td>8.<\/td>\n<td>Kov\u00e1cs<\/td>\n<td>Georgina<\/td>\n<td>2001.02.28<\/td>\n<td>Zalaegerszeg<\/td>\n<td>Zalaegerszeg<\/td>\n<td>G\u00e1sp\u00e1r D\u00e1vid<\/td>\n<\/tr>\n<tr>\n<td>9.<\/td>\n<td>M\u00e1nyoky<\/td>\n<td>R\u00e9ka<\/td>\n<td>2001.08.11<\/td>\n<td>Budapest<\/td>\n<td>Csata DSE<\/td>\n<td>Tursics Kriszti\u00e1n<\/td>\n<\/tr>\n<tr>\n<td>10.<\/td>\n<td>Munk\u00e1csi<\/td>\n<td>Enik\u0151<\/td>\n<td>2000.06.30.<\/td>\n<td>Szolnok<\/td>\n<td>Szolnoki M\u00c1V SE<\/td>\n<td>T\u00f3th Viktor<\/td>\n<\/tr>\n<tr>\n<td>11.<\/td>\n<td>R\u00e9v\u00e9sz<\/td>\n<td>Bor\u00f3ka<\/td>\n<td>2000.05.16<\/td>\n<td>Budapest<\/td>\n<td>CEKK<\/td>\n<td>Czicz\u00e1s L\u00e1szl\u00f3<\/td>\n<\/tr>\n<tr>\n<td>12.<\/td>\n<td>R\u00e9v\u00e9sz<\/td>\n<td>Luca<\/td>\n<td>2001.06.27<\/td>\n<td>Kecskem\u00e9t<\/td>\n<td>Kecskem\u00e9ti KC<\/td>\n<td>Ifj. T\u00f3th Viktor<\/td>\n<\/tr>\n<tr>\n<td>13.<\/td>\n<td>Szirony<\/td>\n<td>Dorina<\/td>\n<td>2001.11.22<\/td>\n<td>Gy\u0151r<\/td>\n<td>Sz\u00e9chenyi Kos\u00e1rlabda Akad\u00e9mia<\/td>\n<td>G\u00e1los L\u00e1szl\u00f3<\/td>\n<\/tr>\n<tr>\n<td>14.<\/td>\n<td><strong>T\u00f3th<\/strong><\/td>\n<td><strong>Franka<\/strong><\/td>\n<td><strong>2001.04.04<\/strong><\/td>\n<td><strong>Bologna (ITA)<\/strong><\/td>\n<td><strong>Vasas Akad\u00e9mia<\/strong><\/td>\n<td><strong>De\u00e1k \u00c9va<\/strong><\/td>\n<\/tr>\n<tr>\n<td>15.<\/td>\n<td><strong>T\u00f3th\u00a0<\/strong><\/td>\n<td><strong>Orsolya<\/strong><\/td>\n<td><strong>2000.09.23.<\/strong><\/td>\n<td><strong>Budapest<\/strong><\/td>\n<td><strong>Vasas Akad\u00e9mia<\/strong><\/td>\n<td><strong>F\u00f6ldi Attila<\/strong><\/td>\n<\/tr>\n<tr>\n<td>16.<\/td>\n<td><strong>Varga<\/strong><\/td>\n<td><strong>Al\u00edz<\/strong><\/td>\n<td><strong>2001.03.17<\/strong><\/td>\n<td><strong>Budapest<\/strong><\/td>\n<td><strong>Vasas Akad\u00e9mia<\/strong><\/td>\n<td><strong>Igor Skocovski<\/strong><\/td>\n<\/tr>\n<tr>\n<td>17.<\/td>\n<td>V\u00e1ri<\/td>\n<td>Zita<\/td>\n<td>2001.08.06<\/td>\n<td>Szeged<\/td>\n<td>Szeged KE<\/td>\n<td>M\u00e9sz\u00e1rosn\u00e9 Kov\u00e1cs Andrea<\/td>\n<\/tr>\n<tr>\n<td>18.<\/td>\n<td>Wentzel<\/td>\n<td>N\u00f3ra<\/td>\n<td>2001.01.12<\/td>\n<td>Budapest<\/td>\n<td>Kos\u00e1rlabda Akad\u00e9mia P\u00e9cs<\/td>\n<td>Gabriel Carrasco<\/td>\n<\/tr>\n<\/tbody>\n<\/table>\n<p>&nbsp;<\/p>\n<p>&nbsp;<\/p>\n","protected":false},"excerpt":{"rendered":"<p>H\u00e9tf\u0151n az MKOSZ sz\u00e9kesfeh\u00e9rv\u00e1ri edz\u0151k\u00f6zpontj\u00e1ban megkezdte a felk\u00e9sz\u00fcl\u00e9st a ny\u00e1ri feladatokra az U17\/U18-as v\u00e1logatott. V\u00f6lgyi P\u00e9ter \u00e9s st\u00e1bja ir\u00e1ny\u00edt\u00e1s\u00e1val 18 j\u00e1t\u00e9kossal kezdte meg a ny\u00e1ri munk\u00e1t az U17\/U18-as v\u00e1logatott. A keret tagjai a j\u00falius 21. \u00e9s 29. k\u00f6z\u00f6tt Minszkben rendezend\u0151 U17-es le\u00e1ny kos\u00e1rlabda Vil\u00e1gbajnoks\u00e1gra, majd az augusztus 4. \u00e9s 12. k\u00f6z\u00f6tt Udin\u00e9ben lebonyol\u00edt\u00e1sra ker\u00fcl\u0151 U18-as&#8230;<\/p>\n","protected":false},"author":1,"featured_media":4189,"comment_status":"closed","ping_status":"open","sticky":false,"template":"","format":"standard","meta":{"footnotes":""},"categories":[91,92],"tags":[],"class_list":["post-4188","post","type-post","status-publish","format-standard","has-post-thumbnail","hentry","category-vasas","category-hirek"],"yoast_head":"<!-- This site is optimized with the Yoast SEO plugin v26.0 - https:\/\/yoast.com\/wordpress\/plugins\/seo\/ -->\n<title>Megkezdte a felk\u00e9sz\u00fcl\u00e9st az U17\/U18-as v\u00e1logatott A beh\u00edvott 18 j\u00e1t\u00e9kosb\u00f3l 6 Vasasos!!!! - Vasas n\u0151i kos\u00e1rlabda<\/title>\n<meta name=\"robots\" content=\"index, follow, max-snippet:-1, max-image-preview:large, max-video-preview:-1\" \/>\n<link rel=\"canonical\" href=\"https:\/\/vasasbasket.hu\/index.php\/megkezdte-a-felkeszulest-az-u17-u18-as-valogatott-a-behivott-18-jatekosbol-6-vasasos\/\" \/>\n<meta property=\"og:locale\" content=\"hu_HU\" \/>\n<meta property=\"og:type\" content=\"article\" \/>\n<meta property=\"og:title\" content=\"Megkezdte a felk\u00e9sz\u00fcl\u00e9st az U17\/U18-as v\u00e1logatott A beh\u00edvott 18 j\u00e1t\u00e9kosb\u00f3l 6 Vasasos!!!! - Vasas n\u0151i kos\u00e1rlabda\" \/>\n<meta property=\"og:description\" content=\"H\u00e9tf\u0151n az MKOSZ sz\u00e9kesfeh\u00e9rv\u00e1ri edz\u0151k\u00f6zpontj\u00e1ban megkezdte a felk\u00e9sz\u00fcl\u00e9st a ny\u00e1ri feladatokra az U17\/U18-as v\u00e1logatott. V\u00f6lgyi P\u00e9ter \u00e9s st\u00e1bja ir\u00e1ny\u00edt\u00e1s\u00e1val 18 j\u00e1t\u00e9kossal kezdte meg a ny\u00e1ri munk\u00e1t az U17\/U18-as v\u00e1logatott. A keret tagjai a j\u00falius 21. \u00e9s 29. k\u00f6z\u00f6tt Minszkben rendezend\u0151 U17-es le\u00e1ny kos\u00e1rlabda Vil\u00e1gbajnoks\u00e1gra, majd az augusztus 4. \u00e9s 12. k\u00f6z\u00f6tt Udin\u00e9ben lebonyol\u00edt\u00e1sra ker\u00fcl\u0151 U18-as...\" \/>\n<meta property=\"og:url\" content=\"https:\/\/vasasbasket.hu\/index.php\/megkezdte-a-felkeszulest-az-u17-u18-as-valogatott-a-behivott-18-jatekosbol-6-vasasos\/\" \/>\n<meta property=\"og:site_name\" content=\"Vasas n\u0151i kos\u00e1rlabda\" \/>\n<meta property=\"article:publisher\" content=\"https:\/\/www.facebook.com\/vasaswbasket\/\" \/>\n<meta property=\"article:published_time\" content=\"2018-06-25T07:15:21+00:00\" \/>\n<meta property=\"og:image\" content=\"https:\/\/vasasbasket.hu\/wp-content\/uploads\/2018\/06\/2018.jpg\" \/>\n\t<meta property=\"og:image:width\" content=\"690\" \/>\n\t<meta property=\"og:image:height\" content=\"361\" \/>\n\t<meta property=\"og:image:type\" content=\"image\/jpeg\" \/>\n<meta name=\"author\" content=\"admin\" \/>\n<meta name=\"twitter:card\" content=\"summary_large_image\" \/>\n<meta name=\"twitter:label1\" content=\"Szerz\u0151:\" \/>\n\t<meta name=\"twitter:data1\" content=\"admin\" \/>\n\t<meta name=\"twitter:label2\" content=\"Becs\u00fclt olvas\u00e1si id\u0151\" \/>\n\t<meta name=\"twitter:data2\" content=\"3 perc\" \/>\n<script type=\"application\/ld+json\" class=\"yoast-schema-graph\">{\"@context\":\"https:\/\/schema.org\",\"@graph\":[{\"@type\":\"Article\",\"@id\":\"https:\/\/vasasbasket.hu\/index.php\/megkezdte-a-felkeszulest-az-u17-u18-as-valogatott-a-behivott-18-jatekosbol-6-vasasos\/#article\",\"isPartOf\":{\"@id\":\"https:\/\/vasasbasket.hu\/index.php\/megkezdte-a-felkeszulest-az-u17-u18-as-valogatott-a-behivott-18-jatekosbol-6-vasasos\/\"},\"author\":{\"name\":\"admin\",\"@id\":\"https:\/\/vasasbasket.hu\/#\/schema\/person\/f1085f4d2c6582d8d0f977e92de2edee\"},\"headline\":\"Megkezdte a felk\u00e9sz\u00fcl\u00e9st az U17\/U18-as v\u00e1logatott A beh\u00edvott 18 j\u00e1t\u00e9kosb\u00f3l 6 Vasasos!!!!\",\"datePublished\":\"2018-06-25T07:15:21+00:00\",\"mainEntityOfPage\":{\"@id\":\"https:\/\/vasasbasket.hu\/index.php\/megkezdte-a-felkeszulest-az-u17-u18-as-valogatott-a-behivott-18-jatekosbol-6-vasasos\/\"},\"wordCount\":539,\"publisher\":{\"@id\":\"https:\/\/vasasbasket.hu\/#organization\"},\"image\":{\"@id\":\"https:\/\/vasasbasket.hu\/index.php\/megkezdte-a-felkeszulest-az-u17-u18-as-valogatott-a-behivott-18-jatekosbol-6-vasasos\/#primaryimage\"},\"thumbnailUrl\":\"https:\/\/vasasbasket.hu\/wp-content\/uploads\/2018\/06\/2018.jpg\",\"articleSection\":[\"V\u00e1logatott H\u00edrek\",\"\u00d6sszes H\u00edr\"],\"inLanguage\":\"hu\"},{\"@type\":\"WebPage\",\"@id\":\"https:\/\/vasasbasket.hu\/index.php\/megkezdte-a-felkeszulest-az-u17-u18-as-valogatott-a-behivott-18-jatekosbol-6-vasasos\/\",\"url\":\"https:\/\/vasasbasket.hu\/index.php\/megkezdte-a-felkeszulest-az-u17-u18-as-valogatott-a-behivott-18-jatekosbol-6-vasasos\/\",\"name\":\"Megkezdte a felk\u00e9sz\u00fcl\u00e9st az U17\/U18-as v\u00e1logatott A beh\u00edvott 18 j\u00e1t\u00e9kosb\u00f3l 6 Vasasos!!!! - Vasas n\u0151i kos\u00e1rlabda\",\"isPartOf\":{\"@id\":\"https:\/\/vasasbasket.hu\/#website\"},\"primaryImageOfPage\":{\"@id\":\"https:\/\/vasasbasket.hu\/index.php\/megkezdte-a-felkeszulest-az-u17-u18-as-valogatott-a-behivott-18-jatekosbol-6-vasasos\/#primaryimage\"},\"image\":{\"@id\":\"https:\/\/vasasbasket.hu\/index.php\/megkezdte-a-felkeszulest-az-u17-u18-as-valogatott-a-behivott-18-jatekosbol-6-vasasos\/#primaryimage\"},\"thumbnailUrl\":\"https:\/\/vasasbasket.hu\/wp-content\/uploads\/2018\/06\/2018.jpg\",\"datePublished\":\"2018-06-25T07:15:21+00:00\",\"breadcrumb\":{\"@id\":\"https:\/\/vasasbasket.hu\/index.php\/megkezdte-a-felkeszulest-az-u17-u18-as-valogatott-a-behivott-18-jatekosbol-6-vasasos\/#breadcrumb\"},\"inLanguage\":\"hu\",\"potentialAction\":[{\"@type\":\"ReadAction\",\"target\":[\"https:\/\/vasasbasket.hu\/index.php\/megkezdte-a-felkeszulest-az-u17-u18-as-valogatott-a-behivott-18-jatekosbol-6-vasasos\/\"]}]},{\"@type\":\"ImageObject\",\"inLanguage\":\"hu\",\"@id\":\"https:\/\/vasasbasket.hu\/index.php\/megkezdte-a-felkeszulest-az-u17-u18-as-valogatott-a-behivott-18-jatekosbol-6-vasasos\/#primaryimage\",\"url\":\"https:\/\/vasasbasket.hu\/wp-content\/uploads\/2018\/06\/2018.jpg\",\"contentUrl\":\"https:\/\/vasasbasket.hu\/wp-content\/uploads\/2018\/06\/2018.jpg\",\"width\":690,\"height\":361},{\"@type\":\"BreadcrumbList\",\"@id\":\"https:\/\/vasasbasket.hu\/index.php\/megkezdte-a-felkeszulest-az-u17-u18-as-valogatott-a-behivott-18-jatekosbol-6-vasasos\/#breadcrumb\",\"itemListElement\":[{\"@type\":\"ListItem\",\"position\":1,\"name\":\"Kezd\u0151lap\",\"item\":\"https:\/\/vasasbasket.hu\/\"},{\"@type\":\"ListItem\",\"position\":2,\"name\":\"Megkezdte a felk\u00e9sz\u00fcl\u00e9st az U17\/U18-as v\u00e1logatott A beh\u00edvott 18 j\u00e1t\u00e9kosb\u00f3l 6 Vasasos!!!!\"}]},{\"@type\":\"WebSite\",\"@id\":\"https:\/\/vasasbasket.hu\/#website\",\"url\":\"https:\/\/vasasbasket.hu\/\",\"name\":\"Vasas n\u0151i kos\u00e1rlabda\",\"description\":\"Vasas Basket N\u0151i\",\"publisher\":{\"@id\":\"https:\/\/vasasbasket.hu\/#organization\"},\"potentialAction\":[{\"@type\":\"SearchAction\",\"target\":{\"@type\":\"EntryPoint\",\"urlTemplate\":\"https:\/\/vasasbasket.hu\/?s={search_term_string}\"},\"query-input\":{\"@type\":\"PropertyValueSpecification\",\"valueRequired\":true,\"valueName\":\"search_term_string\"}}],\"inLanguage\":\"hu\"},{\"@type\":\"Organization\",\"@id\":\"https:\/\/vasasbasket.hu\/#organization\",\"name\":\"Vasas n\u0151i kos\u00e1rlabda\",\"url\":\"https:\/\/vasasbasket.hu\/\",\"logo\":{\"@type\":\"ImageObject\",\"inLanguage\":\"hu\",\"@id\":\"https:\/\/vasasbasket.hu\/#\/schema\/logo\/image\/\",\"url\":\"https:\/\/vasasbasket.hu\/wp-content\/uploads\/2017\/03\/vasas_cimer_1200.jpg\",\"contentUrl\":\"https:\/\/vasasbasket.hu\/wp-content\/uploads\/2017\/03\/vasas_cimer_1200.jpg\",\"width\":1200,\"height\":1200,\"caption\":\"Vasas n\u0151i kos\u00e1rlabda\"},\"image\":{\"@id\":\"https:\/\/vasasbasket.hu\/#\/schema\/logo\/image\/\"},\"sameAs\":[\"https:\/\/www.facebook.com\/vasaswbasket\/\"]},{\"@type\":\"Person\",\"@id\":\"https:\/\/vasasbasket.hu\/#\/schema\/person\/f1085f4d2c6582d8d0f977e92de2edee\",\"name\":\"admin\",\"image\":{\"@type\":\"ImageObject\",\"inLanguage\":\"hu\",\"@id\":\"https:\/\/vasasbasket.hu\/#\/schema\/person\/image\/\",\"url\":\"https:\/\/secure.gravatar.com\/avatar\/645c92f7d9cfe02bd93ce2d1cfa11cd3a268bdfe65486552ff04b193cea07634?s=96&d=mm&r=g\",\"contentUrl\":\"https:\/\/secure.gravatar.com\/avatar\/645c92f7d9cfe02bd93ce2d1cfa11cd3a268bdfe65486552ff04b193cea07634?s=96&d=mm&r=g\",\"caption\":\"admin\"},\"url\":\"https:\/\/vasasbasket.hu\/index.php\/author\/admin\/\"}]}<\/script>\n<!-- \/ Yoast SEO plugin. -->","yoast_head_json":{"title":"Megkezdte a felk\u00e9sz\u00fcl\u00e9st az U17\/U18-as v\u00e1logatott A beh\u00edvott 18 j\u00e1t\u00e9kosb\u00f3l 6 Vasasos!!!! - Vasas n\u0151i kos\u00e1rlabda","robots":{"index":"index","follow":"follow","max-snippet":"max-snippet:-1","max-image-preview":"max-image-preview:large","max-video-preview":"max-video-preview:-1"},"canonical":"https:\/\/vasasbasket.hu\/index.php\/megkezdte-a-felkeszulest-az-u17-u18-as-valogatott-a-behivott-18-jatekosbol-6-vasasos\/","og_locale":"hu_HU","og_type":"article","og_title":"Megkezdte a felk\u00e9sz\u00fcl\u00e9st az U17\/U18-as v\u00e1logatott A beh\u00edvott 18 j\u00e1t\u00e9kosb\u00f3l 6 Vasasos!!!! - Vasas n\u0151i kos\u00e1rlabda","og_description":"H\u00e9tf\u0151n az MKOSZ sz\u00e9kesfeh\u00e9rv\u00e1ri edz\u0151k\u00f6zpontj\u00e1ban megkezdte a felk\u00e9sz\u00fcl\u00e9st a ny\u00e1ri feladatokra az U17\/U18-as v\u00e1logatott. V\u00f6lgyi P\u00e9ter \u00e9s st\u00e1bja ir\u00e1ny\u00edt\u00e1s\u00e1val 18 j\u00e1t\u00e9kossal kezdte meg a ny\u00e1ri munk\u00e1t az U17\/U18-as v\u00e1logatott. A keret tagjai a j\u00falius 21. \u00e9s 29. k\u00f6z\u00f6tt Minszkben rendezend\u0151 U17-es le\u00e1ny kos\u00e1rlabda Vil\u00e1gbajnoks\u00e1gra, majd az augusztus 4. \u00e9s 12. k\u00f6z\u00f6tt Udin\u00e9ben lebonyol\u00edt\u00e1sra ker\u00fcl\u0151 U18-as...","og_url":"https:\/\/vasasbasket.hu\/index.php\/megkezdte-a-felkeszulest-az-u17-u18-as-valogatott-a-behivott-18-jatekosbol-6-vasasos\/","og_site_name":"Vasas n\u0151i kos\u00e1rlabda","article_publisher":"https:\/\/www.facebook.com\/vasaswbasket\/","article_published_time":"2018-06-25T07:15:21+00:00","og_image":[{"width":690,"height":361,"url":"https:\/\/vasasbasket.hu\/wp-content\/uploads\/2018\/06\/2018.jpg","type":"image\/jpeg"}],"author":"admin","twitter_card":"summary_large_image","twitter_misc":{"Szerz\u0151:":"admin","Becs\u00fclt olvas\u00e1si id\u0151":"3 perc"},"schema":{"@context":"https:\/\/schema.org","@graph":[{"@type":"Article","@id":"https:\/\/vasasbasket.hu\/index.php\/megkezdte-a-felkeszulest-az-u17-u18-as-valogatott-a-behivott-18-jatekosbol-6-vasasos\/#article","isPartOf":{"@id":"https:\/\/vasasbasket.hu\/index.php\/megkezdte-a-felkeszulest-az-u17-u18-as-valogatott-a-behivott-18-jatekosbol-6-vasasos\/"},"author":{"name":"admin","@id":"https:\/\/vasasbasket.hu\/#\/schema\/person\/f1085f4d2c6582d8d0f977e92de2edee"},"headline":"Megkezdte a felk\u00e9sz\u00fcl\u00e9st az U17\/U18-as v\u00e1logatott A beh\u00edvott 18 j\u00e1t\u00e9kosb\u00f3l 6 Vasasos!!!!","datePublished":"2018-06-25T07:15:21+00:00","mainEntityOfPage":{"@id":"https:\/\/vasasbasket.hu\/index.php\/megkezdte-a-felkeszulest-az-u17-u18-as-valogatott-a-behivott-18-jatekosbol-6-vasasos\/"},"wordCount":539,"publisher":{"@id":"https:\/\/vasasbasket.hu\/#organization"},"image":{"@id":"https:\/\/vasasbasket.hu\/index.php\/megkezdte-a-felkeszulest-az-u17-u18-as-valogatott-a-behivott-18-jatekosbol-6-vasasos\/#primaryimage"},"thumbnailUrl":"https:\/\/vasasbasket.hu\/wp-content\/uploads\/2018\/06\/2018.jpg","articleSection":["V\u00e1logatott H\u00edrek","\u00d6sszes H\u00edr"],"inLanguage":"hu"},{"@type":"WebPage","@id":"https:\/\/vasasbasket.hu\/index.php\/megkezdte-a-felkeszulest-az-u17-u18-as-valogatott-a-behivott-18-jatekosbol-6-vasasos\/","url":"https:\/\/vasasbasket.hu\/index.php\/megkezdte-a-felkeszulest-az-u17-u18-as-valogatott-a-behivott-18-jatekosbol-6-vasasos\/","name":"Megkezdte a felk\u00e9sz\u00fcl\u00e9st az U17\/U18-as v\u00e1logatott A beh\u00edvott 18 j\u00e1t\u00e9kosb\u00f3l 6 Vasasos!!!! - Vasas n\u0151i kos\u00e1rlabda","isPartOf":{"@id":"https:\/\/vasasbasket.hu\/#website"},"primaryImageOfPage":{"@id":"https:\/\/vasasbasket.hu\/index.php\/megkezdte-a-felkeszulest-az-u17-u18-as-valogatott-a-behivott-18-jatekosbol-6-vasasos\/#primaryimage"},"image":{"@id":"https:\/\/vasasbasket.hu\/index.php\/megkezdte-a-felkeszulest-az-u17-u18-as-valogatott-a-behivott-18-jatekosbol-6-vasasos\/#primaryimage"},"thumbnailUrl":"https:\/\/vasasbasket.hu\/wp-content\/uploads\/2018\/06\/2018.jpg","datePublished":"2018-06-25T07:15:21+00:00","breadcrumb":{"@id":"https:\/\/vasasbasket.hu\/index.php\/megkezdte-a-felkeszulest-az-u17-u18-as-valogatott-a-behivott-18-jatekosbol-6-vasasos\/#breadcrumb"},"inLanguage":"hu","potentialAction":[{"@type":"ReadAction","target":["https:\/\/vasasbasket.hu\/index.php\/megkezdte-a-felkeszulest-az-u17-u18-as-valogatott-a-behivott-18-jatekosbol-6-vasasos\/"]}]},{"@type":"ImageObject","inLanguage":"hu","@id":"https:\/\/vasasbasket.hu\/index.php\/megkezdte-a-felkeszulest-az-u17-u18-as-valogatott-a-behivott-18-jatekosbol-6-vasasos\/#primaryimage","url":"https:\/\/vasasbasket.hu\/wp-content\/uploads\/2018\/06\/2018.jpg","contentUrl":"https:\/\/vasasbasket.hu\/wp-content\/uploads\/2018\/06\/2018.jpg","width":690,"height":361},{"@type":"BreadcrumbList","@id":"https:\/\/vasasbasket.hu\/index.php\/megkezdte-a-felkeszulest-az-u17-u18-as-valogatott-a-behivott-18-jatekosbol-6-vasasos\/#breadcrumb","itemListElement":[{"@type":"ListItem","position":1,"name":"Kezd\u0151lap","item":"https:\/\/vasasbasket.hu\/"},{"@type":"ListItem","position":2,"name":"Megkezdte a felk\u00e9sz\u00fcl\u00e9st az U17\/U18-as v\u00e1logatott A beh\u00edvott 18 j\u00e1t\u00e9kosb\u00f3l 6 Vasasos!!!!"}]},{"@type":"WebSite","@id":"https:\/\/vasasbasket.hu\/#website","url":"https:\/\/vasasbasket.hu\/","name":"Vasas n\u0151i kos\u00e1rlabda","description":"Vasas Basket N\u0151i","publisher":{"@id":"https:\/\/vasasbasket.hu\/#organization"},"potentialAction":[{"@type":"SearchAction","target":{"@type":"EntryPoint","urlTemplate":"https:\/\/vasasbasket.hu\/?s={search_term_string}"},"query-input":{"@type":"PropertyValueSpecification","valueRequired":true,"valueName":"search_term_string"}}],"inLanguage":"hu"},{"@type":"Organization","@id":"https:\/\/vasasbasket.hu\/#organization","name":"Vasas n\u0151i kos\u00e1rlabda","url":"https:\/\/vasasbasket.hu\/","logo":{"@type":"ImageObject","inLanguage":"hu","@id":"https:\/\/vasasbasket.hu\/#\/schema\/logo\/image\/","url":"https:\/\/vasasbasket.hu\/wp-content\/uploads\/2017\/03\/vasas_cimer_1200.jpg","contentUrl":"https:\/\/vasasbasket.hu\/wp-content\/uploads\/2017\/03\/vasas_cimer_1200.jpg","width":1200,"height":1200,"caption":"Vasas n\u0151i kos\u00e1rlabda"},"image":{"@id":"https:\/\/vasasbasket.hu\/#\/schema\/logo\/image\/"},"sameAs":["https:\/\/www.facebook.com\/vasaswbasket\/"]},{"@type":"Person","@id":"https:\/\/vasasbasket.hu\/#\/schema\/person\/f1085f4d2c6582d8d0f977e92de2edee","name":"admin","image":{"@type":"ImageObject","inLanguage":"hu","@id":"https:\/\/vasasbasket.hu\/#\/schema\/person\/image\/","url":"https:\/\/secure.gravatar.com\/avatar\/645c92f7d9cfe02bd93ce2d1cfa11cd3a268bdfe65486552ff04b193cea07634?s=96&d=mm&r=g","contentUrl":"https:\/\/secure.gravatar.com\/avatar\/645c92f7d9cfe02bd93ce2d1cfa11cd3a268bdfe65486552ff04b193cea07634?s=96&d=mm&r=g","caption":"admin"},"url":"https:\/\/vasasbasket.hu\/index.php\/author\/admin\/"}]}},"_links":{"self":[{"href":"https:\/\/vasasbasket.hu\/index.php\/wp-json\/wp\/v2\/posts\/4188","targetHints":{"allow":["GET"]}}],"collection":[{"href":"https:\/\/vasasbasket.hu\/index.php\/wp-json\/wp\/v2\/posts"}],"about":[{"href":"https:\/\/vasasbasket.hu\/index.php\/wp-json\/wp\/v2\/types\/post"}],"author":[{"embeddable":true,"href":"https:\/\/vasasbasket.hu\/index.php\/wp-json\/wp\/v2\/users\/1"}],"replies":[{"embeddable":true,"href":"https:\/\/vasasbasket.hu\/index.php\/wp-json\/wp\/v2\/comments?post=4188"}],"version-history":[{"count":1,"href":"https:\/\/vasasbasket.hu\/index.php\/wp-json\/wp\/v2\/posts\/4188\/revisions"}],"predecessor-version":[{"id":4190,"href":"https:\/\/vasasbasket.hu\/index.php\/wp-json\/wp\/v2\/posts\/4188\/revisions\/4190"}],"wp:featuredmedia":[{"embeddable":true,"href":"https:\/\/vasasbasket.hu\/index.php\/wp-json\/wp\/v2\/media\/4189"}],"wp:attachment":[{"href":"https:\/\/vasasbasket.hu\/index.php\/wp-json\/wp\/v2\/media?parent=4188"}],"wp:term":[{"taxonomy":"category","embeddable":true,"href":"https:\/\/vasasbasket.hu\/index.php\/wp-json\/wp\/v2\/categories?post=4188"},{"taxonomy":"post_tag","embeddable":true,"href":"https:\/\/vasasbasket.hu\/index.php\/wp-json\/wp\/v2\/tags?post=4188"}],"curies":[{"name":"wp","href":"https:\/\/api.w.org\/{rel}","templated":true}]}}