{"id":4136,"date":"2018-05-17T07:40:55","date_gmt":"2018-05-17T07:40:55","guid":{"rendered":"http:\/\/vasasbasket.hu\/?p=4136"},"modified":"2018-05-17T07:40:55","modified_gmt":"2018-05-17T07:40:55","slug":"nemzeti-leany-serdulo-bajnoksag-a-donto-gyor","status":"publish","type":"post","link":"https:\/\/vasasbasket.hu\/index.php\/nemzeti-leany-serdulo-bajnoksag-a-donto-gyor\/","title":{"rendered":"Nemzeti Le\u00e1ny Serd\u00fcl\u0151 Bajnoks\u00e1g &#8222;A&#8221; D\u00f6nt\u0151, Gy\u0151r"},"content":{"rendered":"<p>Nemzeti Le\u00e1ny Serd\u00fcl\u0151 Bajnoks\u00e1g &#8222;A&#8221; D\u00f6nt\u0151, Gy\u0151r<\/p>\n<p>&nbsp;<\/p>\n<p>2018.05.10. cs\u00fct\u00f6rt\u00f6k 9:00<\/p>\n<h2>Soproni Darazsak Akad\u00e9mia &#8211; Vasas Akad\u00e9mia 58-50<\/h2>\n<p>(21-11, 6-20, 20-12, 11-7)<\/p>\n<p>&nbsp;<\/p>\n<p>Vasas Akad\u00e9mia: Antal F. 5, Van Rijs L. 5, Van Rijs D. 14, Herhoff D. 5, Kozma Z. 4, K\u00fcrti D., T\u00f3th B., \u00c9des E. 11, Sztraka B. 3, Benk\u00f3 E. 2, Rubint \u00c1., \u00d6rsi K. 1<\/p>\n<p>&nbsp;<\/p>\n<p>\u00c9rt\u00e9kel\u00e9s: K\u00e9t ellent\u00e9tes negyed ut\u00e1n 4 pontos el\u0151nnyel fordultunk a f\u00e9lid\u0151ben. Harmadik negyedben 2\/14-et dobtunk mez\u0151nyb\u0151l \u00edgy ellenfel\u00fcnk vezet\u00e9s\u00e9vel l\u00e9pt\u00fcnk a z\u00e1r\u00f3 negyedbe. H\u00e1tr\u00e1nyunkat tov\u00e1bb tet\u00e9zte Van Rijs D\u00f3ra elveszt\u00e9se a\u00a0 d\u00f6nt\u0151 tov\u00e1bbi m\u00e9rk\u0151z\u00e9seire. V\u00e9dekez\u00e9sben hi\u00e1ba javultunk, a negyedik negyedben 7 pont kev\u00e9s volt a sikerhez.<\/p>\n<p><img loading=\"lazy\" decoding=\"async\" class=\"alignnone wp-image-4138 size-full\" src=\"http:\/\/vasasbasket.hu\/wp-content\/uploads\/2018\/05\/IMG_20180510_082508.jpg\" alt=\"\" width=\"1280\" height=\"960\" srcset=\"https:\/\/vasasbasket.hu\/wp-content\/uploads\/2018\/05\/IMG_20180510_082508.jpg 1280w, https:\/\/vasasbasket.hu\/wp-content\/uploads\/2018\/05\/IMG_20180510_082508-570x428.jpg 570w, https:\/\/vasasbasket.hu\/wp-content\/uploads\/2018\/05\/IMG_20180510_082508-440x330.jpg 440w, https:\/\/vasasbasket.hu\/wp-content\/uploads\/2018\/05\/IMG_20180510_082508-300x225.jpg 300w, https:\/\/vasasbasket.hu\/wp-content\/uploads\/2018\/05\/IMG_20180510_082508-768x576.jpg 768w, https:\/\/vasasbasket.hu\/wp-content\/uploads\/2018\/05\/IMG_20180510_082508-1024x768.jpg 1024w, https:\/\/vasasbasket.hu\/wp-content\/uploads\/2018\/05\/IMG_20180510_082508-128x96.jpg 128w, https:\/\/vasasbasket.hu\/wp-content\/uploads\/2018\/05\/IMG_20180510_082508-32x24.jpg 32w, https:\/\/vasasbasket.hu\/wp-content\/uploads\/2018\/05\/IMG_20180510_082508-98x74.jpg 98w\" sizes=\"auto, (max-width: 1280px) 100vw, 1280px\" \/><\/p>\n<p>2018.05.10. cs\u00fct\u00f6rt\u00f6k 19:30<\/p>\n<h2>Vasas Akad\u00e9mia &#8211; Zs\u00edros Akad\u00e9mia K\u0151b\u00e1nya 60-78<\/h2>\n<p>(13-19, 18-14, 12-26, 17-19)<\/p>\n<p>&nbsp;<\/p>\n<p>Vasas Akad\u00e9mia: Antal F. 9, Van Rijs L. 4, Herhoff D. 5, Kozma Z. 6, K\u00fcrti D. 2, T\u00f3th B. 3, \u00c9des E. 18, Sztraka B. 5, Benk\u00f3 E. 2, Rubint \u00c1., \u00d6rsi K. 2, Szil\u00e1gyi \u00c1. 4<\/p>\n<p>&nbsp;<\/p>\n<p>\u00c9rt\u00e9kel\u00e9s: Egyik kulcsj\u00e1t\u00e9kosunk n\u00e9lk\u00fcl is siker\u00fclt a f\u00e9lid\u0151ig partiban maradnunk. Az els\u0151 f\u00e9lidei lend\u00fclet\u00fcnk ut\u00e1n gyermeteg hib\u00e1kkal kezdt\u00fck a harmadik j\u00e1t\u00e9kr\u00e9szt. 5 perc ut\u00e1n 13-4 volt a negyed \u00e1ll\u00e1sa ellenfel\u00fcnknek. Innent\u0151l kezdve mindk\u00e9t csapat j\u00e1t\u00e9kosai \u00f6regasszony m\u00f3dj\u00e1ra k\u00f6zlekedtek a p\u00e1ly\u00e1n. J\u00e1t\u00e9kosaim l\u00e1that\u00f3an feladt\u00e1k a m\u00e9rk\u0151z\u00e9st, pedig a vesztes meccsekb\u0151l lehet a legt\u00f6bbet tanulni.<\/p>\n<p>&nbsp;<\/p>\n<p>2018.05.11. 13:00<\/p>\n<h2>Kos\u00e1rlabda Akad\u00e9mia P\u00e9cs &#8211; Vasas Akad\u00e9mia 61-69<\/h2>\n<p>&nbsp;<\/p>\n<p>Vasas Akad\u00e9mia: Antal F. 13, Van Rijs L. 7, Herhoff D. 15, Kozma Z. 6, K\u00fcrti D. 2, T\u00f3th B. 3, \u00c9des E. 14, Sztraka B. 2, Benk\u00f3 E. 7, Rubint \u00c1., \u00d6rsi K., Szil\u00e1gyi \u00c1.<\/p>\n<p>&nbsp;<\/p>\n<p>\u00c9rt\u00e9kel\u00e9s: 12 pontos gy\u0151zelem volt a c\u00e9l, mellyel az els\u0151 n\u00e9gybe tudtunk volna ker\u00fclni. Ennek ellen\u00e9re -9 ponttal v\u00e1ltottunk a m\u00e1sodik negyedre, melyben sok labdaszerz\u00e9s \u00e9s lend\u00fcletes kos\u00e1rlabda jellemzett benn\u00fcnket, m\u00e1r csak a pontos befejez\u00e9s hi\u00e1nyzott. A fordul\u00e1s ut\u00e1ni 14-1-es rohamunk kellett ahhoz, hogy elhiggy\u00fck, hogy c\u00e9lunk el\u00e9rhet\u0151. Az utols\u00f3 negyedre ellenfel\u00fcnk is megr\u00e1zta mag\u00e1t \u00e9s n\u00e9gy pontra felj\u00f6tt. A v\u00e9gj\u00e1t\u00e9kban alakult ki a 8 pontos differencia. Sajn\u00e1lom, hogy nem siker\u00fclt a +12, de \u00edgy is fejl\u0151dt\u00fcnk, \u00e9s biztat\u00f3 volt m\u00e1sodik f\u00e9lidei j\u00e1t\u00e9kunk.<\/p>\n<p><img loading=\"lazy\" decoding=\"async\" class=\"alignnone wp-image-4139 size-full\" src=\"http:\/\/vasasbasket.hu\/wp-content\/uploads\/2018\/05\/IMG_20180513_172332.jpg\" alt=\"\" width=\"1280\" height=\"960\" srcset=\"https:\/\/vasasbasket.hu\/wp-content\/uploads\/2018\/05\/IMG_20180513_172332.jpg 1280w, https:\/\/vasasbasket.hu\/wp-content\/uploads\/2018\/05\/IMG_20180513_172332-570x428.jpg 570w, https:\/\/vasasbasket.hu\/wp-content\/uploads\/2018\/05\/IMG_20180513_172332-440x330.jpg 440w, https:\/\/vasasbasket.hu\/wp-content\/uploads\/2018\/05\/IMG_20180513_172332-300x225.jpg 300w, https:\/\/vasasbasket.hu\/wp-content\/uploads\/2018\/05\/IMG_20180513_172332-768x576.jpg 768w, https:\/\/vasasbasket.hu\/wp-content\/uploads\/2018\/05\/IMG_20180513_172332-1024x768.jpg 1024w, https:\/\/vasasbasket.hu\/wp-content\/uploads\/2018\/05\/IMG_20180513_172332-128x96.jpg 128w, https:\/\/vasasbasket.hu\/wp-content\/uploads\/2018\/05\/IMG_20180513_172332-32x24.jpg 32w, https:\/\/vasasbasket.hu\/wp-content\/uploads\/2018\/05\/IMG_20180513_172332-98x74.jpg 98w\" sizes=\"auto, (max-width: 1280px) 100vw, 1280px\" \/><\/p>\n<p>2018.05.12. szombat 10:00<\/p>\n<h2>Vasas Akad\u00e9mia &#8211; KSC Szeksz\u00e1rd 70-59<\/h2>\n<p>(18-11, 26-17, 9-18, 17-13)<\/p>\n<p>&nbsp;<\/p>\n<p>Vasas Akad\u00e9mia: Antal F. 19, Van Rijs L. 15, Herhoff D. 6, Kozma Z. 6, K\u00fcrti D. 4, T\u00f3th B., \u00c9des E. 9, Sztraka B. 4, Bartos B., Rubint \u00c1. 5, \u00d6rsi K., Szil\u00e1gyi \u00c1. 2<\/p>\n<p>&nbsp;<\/p>\n<p>\u00c9rt\u00e9kel\u00e9s: A bontott negyedekben siker\u00fclt j\u00f3l teljes\u00edteni, f\u0151leg a m\u00e1sodik negyedet emeln\u00e9m ki, akik 41 IBM pontot szorgoskodtak \u00f6ssze \u00e9s 8 g\u00f3lpasszt osztottak ki egym\u00e1snak. A harmadik negyedet mindk\u00e9t csapat idegesen kezdte \u00f6t perc ut\u00e1n 6-4 volt az \u00e1ll\u00e1s a Szeksz\u00e1rdnak. \u0150k tal\u00e1ltak magukra hamarabb \u00e9s \u00f6t perccel a v\u00e9ge el\u0151tt m\u00e1r \u00f6t pontra k\u00f6zel\u00edtettek meg minket. A v\u00e9g\u00e9n megint v\u00e9dekez\u00e9s\u00fcnk mentett meg minket, \u00edgy m\u00e1snap 5-6. hely\u00e9rt j\u00e1tszhattunk.<\/p>\n<p>&nbsp;<\/p>\n<p>2018.05.13. vas\u00e1rnap<\/p>\n<h2>Vasas Akad\u00e9mia DVTK Akad\u00e9mia 77-64<\/h2>\n<p>(6-19, 37-15, 18-21, 16-9)<\/p>\n<p>&nbsp;<\/p>\n<p>Vasas Akad\u00e9mia: Antal F. 16, Van Rijs L. 12, Herhoff D. 9, Kozma Z. 3, K\u00fcrti D. 7, T\u00f3th B., \u00c9des E. 23, Sztraka B. 2, Bartos B., Rubint \u00c1. 2, \u00d6rsi K. 1, Szil\u00e1gyi \u00c1. 2<\/p>\n<p>&nbsp;<\/p>\n<p>\u00c9rt\u00e9kel\u00e9s: Szerencs\u00e9nkre az els\u0151 negyedn\u00e9l tudtunk \u00e9rettebb j\u00e1t\u00e9kot mutatni, volt sz\u00edv\u00fck a l\u00e1nyoknak,hogy ilyen m\u00e9lys\u00e9gb\u0151l visszakapaszkodjunk a m\u00e9rk\u0151z\u00e9sbe. A f\u00e9lidei kilenc pontos f\u00f3r sok\u00e1ig b\u00edrta, de az utols\u00f3 negyed k\u00f6zj\u00e1t\u00e9ka nem nek\u00fcnk kedvezett. Megzavarodtunk \u00e9s 4 pontra engedt\u00fck ellenfel\u00fcnket. Az utols\u00f3 5 perc a csapat higgadts\u00e1g\u00e1r\u00f3l tett tan\u00fabizonys\u00e1got, mert ezt a szakaszt 12-3-ra nyert\u00fck.<\/p>\n<p>&nbsp;<\/p>\n<p>A csapatot t\u00f6bbsz\u00f6r is \u00e9rte nagy csap\u00e1s a d\u00f6nt\u0151 folyam\u00e1n, de k\u00e9pesek voltak a l\u00e1nyok ezeken t\u00fallend\u00fclni, \u00e9s ebben a szoros serd\u00fcl\u0151 bajnoks\u00e1gban egy nagyszer\u0171 5. helyet szerezni. A d\u00f6nt\u0151 folyam\u00e1n m\u00e9rk\u0151z\u00e9sr\u0151l m\u00e9rk\u0151z\u00e9sre tudtunk fejl\u0151dni, ami biztat\u00f3 lehet a j\u00f6v\u0151vel kapcsolatban. Gratul\u00e1lok a CSAPATNAK \u00e9s k\u00f6sz\u00f6n\u00f6m nekik az eg\u00e9sz \u00e9ves munk\u00e1t!<\/p>\n","protected":false},"excerpt":{"rendered":"<p>Nemzeti Le\u00e1ny Serd\u00fcl\u0151 Bajnoks\u00e1g &#8222;A&#8221; D\u00f6nt\u0151, Gy\u0151r &nbsp; 2018.05.10. cs\u00fct\u00f6rt\u00f6k 9:00 Soproni Darazsak Akad\u00e9mia &#8211; Vasas Akad\u00e9mia 58-50 (21-11, 6-20, 20-12, 11-7) &nbsp; Vasas Akad\u00e9mia: Antal F. 5, Van Rijs L. 5, Van Rijs D. 14, Herhoff D. 5, Kozma Z. 4, K\u00fcrti D., T\u00f3th B., \u00c9des E. 11, Sztraka B. 3, Benk\u00f3 E. 2,&#8230;<\/p>\n","protected":false},"author":1,"featured_media":4137,"comment_status":"closed","ping_status":"open","sticky":false,"template":"","format":"standard","meta":{"footnotes":""},"categories":[52,92],"tags":[],"class_list":["post-4136","post","type-post","status-publish","format-standard","has-post-thumbnail","hentry","category-serdulo","category-hirek"],"yoast_head":"<!-- This site is optimized with the Yoast SEO plugin v26.0 - https:\/\/yoast.com\/wordpress\/plugins\/seo\/ -->\n<title>Nemzeti Le\u00e1ny Serd\u00fcl\u0151 Bajnoks\u00e1g &quot;A&quot; D\u00f6nt\u0151, Gy\u0151r - Vasas n\u0151i kos\u00e1rlabda<\/title>\n<meta name=\"robots\" content=\"index, follow, max-snippet:-1, max-image-preview:large, max-video-preview:-1\" \/>\n<link rel=\"canonical\" href=\"https:\/\/vasasbasket.hu\/index.php\/nemzeti-leany-serdulo-bajnoksag-a-donto-gyor\/\" \/>\n<meta property=\"og:locale\" content=\"hu_HU\" \/>\n<meta property=\"og:type\" content=\"article\" \/>\n<meta property=\"og:title\" content=\"Nemzeti Le\u00e1ny Serd\u00fcl\u0151 Bajnoks\u00e1g &quot;A&quot; D\u00f6nt\u0151, Gy\u0151r - Vasas n\u0151i kos\u00e1rlabda\" \/>\n<meta property=\"og:description\" content=\"Nemzeti Le\u00e1ny Serd\u00fcl\u0151 Bajnoks\u00e1g &#8222;A&#8221; D\u00f6nt\u0151, Gy\u0151r &nbsp; 2018.05.10. cs\u00fct\u00f6rt\u00f6k 9:00 Soproni Darazsak Akad\u00e9mia &#8211; Vasas Akad\u00e9mia 58-50 (21-11, 6-20, 20-12, 11-7) &nbsp; Vasas Akad\u00e9mia: Antal F. 5, Van Rijs L. 5, Van Rijs D. 14, Herhoff D. 5, Kozma Z. 4, K\u00fcrti D., T\u00f3th B., \u00c9des E. 11, Sztraka B. 3, Benk\u00f3 E. 2,...\" \/>\n<meta property=\"og:url\" content=\"https:\/\/vasasbasket.hu\/index.php\/nemzeti-leany-serdulo-bajnoksag-a-donto-gyor\/\" \/>\n<meta property=\"og:site_name\" content=\"Vasas n\u0151i kos\u00e1rlabda\" \/>\n<meta property=\"article:publisher\" content=\"https:\/\/www.facebook.com\/vasaswbasket\/\" \/>\n<meta property=\"article:published_time\" content=\"2018-05-17T07:40:55+00:00\" \/>\n<meta property=\"og:image\" content=\"https:\/\/vasasbasket.hu\/wp-content\/uploads\/2018\/05\/IMG_20180513_174110.jpg\" \/>\n\t<meta property=\"og:image:width\" content=\"1280\" \/>\n\t<meta property=\"og:image:height\" content=\"960\" \/>\n\t<meta property=\"og:image:type\" content=\"image\/jpeg\" \/>\n<meta name=\"author\" content=\"admin\" \/>\n<meta name=\"twitter:card\" content=\"summary_large_image\" \/>\n<meta name=\"twitter:label1\" content=\"Szerz\u0151:\" \/>\n\t<meta name=\"twitter:data1\" content=\"admin\" \/>\n\t<meta name=\"twitter:label2\" content=\"Becs\u00fclt olvas\u00e1si id\u0151\" \/>\n\t<meta name=\"twitter:data2\" content=\"4 perc\" \/>\n<script type=\"application\/ld+json\" class=\"yoast-schema-graph\">{\"@context\":\"https:\/\/schema.org\",\"@graph\":[{\"@type\":\"Article\",\"@id\":\"https:\/\/vasasbasket.hu\/index.php\/nemzeti-leany-serdulo-bajnoksag-a-donto-gyor\/#article\",\"isPartOf\":{\"@id\":\"https:\/\/vasasbasket.hu\/index.php\/nemzeti-leany-serdulo-bajnoksag-a-donto-gyor\/\"},\"author\":{\"name\":\"admin\",\"@id\":\"https:\/\/vasasbasket.hu\/#\/schema\/person\/f1085f4d2c6582d8d0f977e92de2edee\"},\"headline\":\"Nemzeti Le\u00e1ny Serd\u00fcl\u0151 Bajnoks\u00e1g &#8222;A&#8221; D\u00f6nt\u0151, Gy\u0151r\",\"datePublished\":\"2018-05-17T07:40:55+00:00\",\"mainEntityOfPage\":{\"@id\":\"https:\/\/vasasbasket.hu\/index.php\/nemzeti-leany-serdulo-bajnoksag-a-donto-gyor\/\"},\"wordCount\":802,\"publisher\":{\"@id\":\"https:\/\/vasasbasket.hu\/#organization\"},\"image\":{\"@id\":\"https:\/\/vasasbasket.hu\/index.php\/nemzeti-leany-serdulo-bajnoksag-a-donto-gyor\/#primaryimage\"},\"thumbnailUrl\":\"https:\/\/vasasbasket.hu\/wp-content\/uploads\/2018\/05\/IMG_20180513_174110.jpg\",\"articleSection\":[\"Serd\u00fcl\u0151\",\"\u00d6sszes H\u00edr\"],\"inLanguage\":\"hu\"},{\"@type\":\"WebPage\",\"@id\":\"https:\/\/vasasbasket.hu\/index.php\/nemzeti-leany-serdulo-bajnoksag-a-donto-gyor\/\",\"url\":\"https:\/\/vasasbasket.hu\/index.php\/nemzeti-leany-serdulo-bajnoksag-a-donto-gyor\/\",\"name\":\"Nemzeti Le\u00e1ny Serd\u00fcl\u0151 Bajnoks\u00e1g \\\"A\\\" D\u00f6nt\u0151, Gy\u0151r - Vasas n\u0151i kos\u00e1rlabda\",\"isPartOf\":{\"@id\":\"https:\/\/vasasbasket.hu\/#website\"},\"primaryImageOfPage\":{\"@id\":\"https:\/\/vasasbasket.hu\/index.php\/nemzeti-leany-serdulo-bajnoksag-a-donto-gyor\/#primaryimage\"},\"image\":{\"@id\":\"https:\/\/vasasbasket.hu\/index.php\/nemzeti-leany-serdulo-bajnoksag-a-donto-gyor\/#primaryimage\"},\"thumbnailUrl\":\"https:\/\/vasasbasket.hu\/wp-content\/uploads\/2018\/05\/IMG_20180513_174110.jpg\",\"datePublished\":\"2018-05-17T07:40:55+00:00\",\"breadcrumb\":{\"@id\":\"https:\/\/vasasbasket.hu\/index.php\/nemzeti-leany-serdulo-bajnoksag-a-donto-gyor\/#breadcrumb\"},\"inLanguage\":\"hu\",\"potentialAction\":[{\"@type\":\"ReadAction\",\"target\":[\"https:\/\/vasasbasket.hu\/index.php\/nemzeti-leany-serdulo-bajnoksag-a-donto-gyor\/\"]}]},{\"@type\":\"ImageObject\",\"inLanguage\":\"hu\",\"@id\":\"https:\/\/vasasbasket.hu\/index.php\/nemzeti-leany-serdulo-bajnoksag-a-donto-gyor\/#primaryimage\",\"url\":\"https:\/\/vasasbasket.hu\/wp-content\/uploads\/2018\/05\/IMG_20180513_174110.jpg\",\"contentUrl\":\"https:\/\/vasasbasket.hu\/wp-content\/uploads\/2018\/05\/IMG_20180513_174110.jpg\",\"width\":1280,\"height\":960},{\"@type\":\"BreadcrumbList\",\"@id\":\"https:\/\/vasasbasket.hu\/index.php\/nemzeti-leany-serdulo-bajnoksag-a-donto-gyor\/#breadcrumb\",\"itemListElement\":[{\"@type\":\"ListItem\",\"position\":1,\"name\":\"Kezd\u0151lap\",\"item\":\"https:\/\/vasasbasket.hu\/\"},{\"@type\":\"ListItem\",\"position\":2,\"name\":\"Nemzeti Le\u00e1ny Serd\u00fcl\u0151 Bajnoks\u00e1g &#8222;A&#8221; D\u00f6nt\u0151, Gy\u0151r\"}]},{\"@type\":\"WebSite\",\"@id\":\"https:\/\/vasasbasket.hu\/#website\",\"url\":\"https:\/\/vasasbasket.hu\/\",\"name\":\"Vasas n\u0151i kos\u00e1rlabda\",\"description\":\"Vasas Basket N\u0151i\",\"publisher\":{\"@id\":\"https:\/\/vasasbasket.hu\/#organization\"},\"potentialAction\":[{\"@type\":\"SearchAction\",\"target\":{\"@type\":\"EntryPoint\",\"urlTemplate\":\"https:\/\/vasasbasket.hu\/?s={search_term_string}\"},\"query-input\":{\"@type\":\"PropertyValueSpecification\",\"valueRequired\":true,\"valueName\":\"search_term_string\"}}],\"inLanguage\":\"hu\"},{\"@type\":\"Organization\",\"@id\":\"https:\/\/vasasbasket.hu\/#organization\",\"name\":\"Vasas n\u0151i kos\u00e1rlabda\",\"url\":\"https:\/\/vasasbasket.hu\/\",\"logo\":{\"@type\":\"ImageObject\",\"inLanguage\":\"hu\",\"@id\":\"https:\/\/vasasbasket.hu\/#\/schema\/logo\/image\/\",\"url\":\"https:\/\/vasasbasket.hu\/wp-content\/uploads\/2017\/03\/vasas_cimer_1200.jpg\",\"contentUrl\":\"https:\/\/vasasbasket.hu\/wp-content\/uploads\/2017\/03\/vasas_cimer_1200.jpg\",\"width\":1200,\"height\":1200,\"caption\":\"Vasas n\u0151i kos\u00e1rlabda\"},\"image\":{\"@id\":\"https:\/\/vasasbasket.hu\/#\/schema\/logo\/image\/\"},\"sameAs\":[\"https:\/\/www.facebook.com\/vasaswbasket\/\"]},{\"@type\":\"Person\",\"@id\":\"https:\/\/vasasbasket.hu\/#\/schema\/person\/f1085f4d2c6582d8d0f977e92de2edee\",\"name\":\"admin\",\"image\":{\"@type\":\"ImageObject\",\"inLanguage\":\"hu\",\"@id\":\"https:\/\/vasasbasket.hu\/#\/schema\/person\/image\/\",\"url\":\"https:\/\/secure.gravatar.com\/avatar\/645c92f7d9cfe02bd93ce2d1cfa11cd3a268bdfe65486552ff04b193cea07634?s=96&d=mm&r=g\",\"contentUrl\":\"https:\/\/secure.gravatar.com\/avatar\/645c92f7d9cfe02bd93ce2d1cfa11cd3a268bdfe65486552ff04b193cea07634?s=96&d=mm&r=g\",\"caption\":\"admin\"},\"url\":\"https:\/\/vasasbasket.hu\/index.php\/author\/admin\/\"}]}<\/script>\n<!-- \/ Yoast SEO plugin. -->","yoast_head_json":{"title":"Nemzeti Le\u00e1ny Serd\u00fcl\u0151 Bajnoks\u00e1g \"A\" D\u00f6nt\u0151, Gy\u0151r - Vasas n\u0151i kos\u00e1rlabda","robots":{"index":"index","follow":"follow","max-snippet":"max-snippet:-1","max-image-preview":"max-image-preview:large","max-video-preview":"max-video-preview:-1"},"canonical":"https:\/\/vasasbasket.hu\/index.php\/nemzeti-leany-serdulo-bajnoksag-a-donto-gyor\/","og_locale":"hu_HU","og_type":"article","og_title":"Nemzeti Le\u00e1ny Serd\u00fcl\u0151 Bajnoks\u00e1g \"A\" D\u00f6nt\u0151, Gy\u0151r - Vasas n\u0151i kos\u00e1rlabda","og_description":"Nemzeti Le\u00e1ny Serd\u00fcl\u0151 Bajnoks\u00e1g &#8222;A&#8221; D\u00f6nt\u0151, Gy\u0151r &nbsp; 2018.05.10. cs\u00fct\u00f6rt\u00f6k 9:00 Soproni Darazsak Akad\u00e9mia &#8211; Vasas Akad\u00e9mia 58-50 (21-11, 6-20, 20-12, 11-7) &nbsp; Vasas Akad\u00e9mia: Antal F. 5, Van Rijs L. 5, Van Rijs D. 14, Herhoff D. 5, Kozma Z. 4, K\u00fcrti D., T\u00f3th B., \u00c9des E. 11, Sztraka B. 3, Benk\u00f3 E. 2,...","og_url":"https:\/\/vasasbasket.hu\/index.php\/nemzeti-leany-serdulo-bajnoksag-a-donto-gyor\/","og_site_name":"Vasas n\u0151i kos\u00e1rlabda","article_publisher":"https:\/\/www.facebook.com\/vasaswbasket\/","article_published_time":"2018-05-17T07:40:55+00:00","og_image":[{"width":1280,"height":960,"url":"https:\/\/vasasbasket.hu\/wp-content\/uploads\/2018\/05\/IMG_20180513_174110.jpg","type":"image\/jpeg"}],"author":"admin","twitter_card":"summary_large_image","twitter_misc":{"Szerz\u0151:":"admin","Becs\u00fclt olvas\u00e1si id\u0151":"4 perc"},"schema":{"@context":"https:\/\/schema.org","@graph":[{"@type":"Article","@id":"https:\/\/vasasbasket.hu\/index.php\/nemzeti-leany-serdulo-bajnoksag-a-donto-gyor\/#article","isPartOf":{"@id":"https:\/\/vasasbasket.hu\/index.php\/nemzeti-leany-serdulo-bajnoksag-a-donto-gyor\/"},"author":{"name":"admin","@id":"https:\/\/vasasbasket.hu\/#\/schema\/person\/f1085f4d2c6582d8d0f977e92de2edee"},"headline":"Nemzeti Le\u00e1ny Serd\u00fcl\u0151 Bajnoks\u00e1g &#8222;A&#8221; D\u00f6nt\u0151, Gy\u0151r","datePublished":"2018-05-17T07:40:55+00:00","mainEntityOfPage":{"@id":"https:\/\/vasasbasket.hu\/index.php\/nemzeti-leany-serdulo-bajnoksag-a-donto-gyor\/"},"wordCount":802,"publisher":{"@id":"https:\/\/vasasbasket.hu\/#organization"},"image":{"@id":"https:\/\/vasasbasket.hu\/index.php\/nemzeti-leany-serdulo-bajnoksag-a-donto-gyor\/#primaryimage"},"thumbnailUrl":"https:\/\/vasasbasket.hu\/wp-content\/uploads\/2018\/05\/IMG_20180513_174110.jpg","articleSection":["Serd\u00fcl\u0151","\u00d6sszes H\u00edr"],"inLanguage":"hu"},{"@type":"WebPage","@id":"https:\/\/vasasbasket.hu\/index.php\/nemzeti-leany-serdulo-bajnoksag-a-donto-gyor\/","url":"https:\/\/vasasbasket.hu\/index.php\/nemzeti-leany-serdulo-bajnoksag-a-donto-gyor\/","name":"Nemzeti Le\u00e1ny Serd\u00fcl\u0151 Bajnoks\u00e1g \"A\" D\u00f6nt\u0151, Gy\u0151r - Vasas n\u0151i kos\u00e1rlabda","isPartOf":{"@id":"https:\/\/vasasbasket.hu\/#website"},"primaryImageOfPage":{"@id":"https:\/\/vasasbasket.hu\/index.php\/nemzeti-leany-serdulo-bajnoksag-a-donto-gyor\/#primaryimage"},"image":{"@id":"https:\/\/vasasbasket.hu\/index.php\/nemzeti-leany-serdulo-bajnoksag-a-donto-gyor\/#primaryimage"},"thumbnailUrl":"https:\/\/vasasbasket.hu\/wp-content\/uploads\/2018\/05\/IMG_20180513_174110.jpg","datePublished":"2018-05-17T07:40:55+00:00","breadcrumb":{"@id":"https:\/\/vasasbasket.hu\/index.php\/nemzeti-leany-serdulo-bajnoksag-a-donto-gyor\/#breadcrumb"},"inLanguage":"hu","potentialAction":[{"@type":"ReadAction","target":["https:\/\/vasasbasket.hu\/index.php\/nemzeti-leany-serdulo-bajnoksag-a-donto-gyor\/"]}]},{"@type":"ImageObject","inLanguage":"hu","@id":"https:\/\/vasasbasket.hu\/index.php\/nemzeti-leany-serdulo-bajnoksag-a-donto-gyor\/#primaryimage","url":"https:\/\/vasasbasket.hu\/wp-content\/uploads\/2018\/05\/IMG_20180513_174110.jpg","contentUrl":"https:\/\/vasasbasket.hu\/wp-content\/uploads\/2018\/05\/IMG_20180513_174110.jpg","width":1280,"height":960},{"@type":"BreadcrumbList","@id":"https:\/\/vasasbasket.hu\/index.php\/nemzeti-leany-serdulo-bajnoksag-a-donto-gyor\/#breadcrumb","itemListElement":[{"@type":"ListItem","position":1,"name":"Kezd\u0151lap","item":"https:\/\/vasasbasket.hu\/"},{"@type":"ListItem","position":2,"name":"Nemzeti Le\u00e1ny Serd\u00fcl\u0151 Bajnoks\u00e1g &#8222;A&#8221; D\u00f6nt\u0151, Gy\u0151r"}]},{"@type":"WebSite","@id":"https:\/\/vasasbasket.hu\/#website","url":"https:\/\/vasasbasket.hu\/","name":"Vasas n\u0151i kos\u00e1rlabda","description":"Vasas Basket N\u0151i","publisher":{"@id":"https:\/\/vasasbasket.hu\/#organization"},"potentialAction":[{"@type":"SearchAction","target":{"@type":"EntryPoint","urlTemplate":"https:\/\/vasasbasket.hu\/?s={search_term_string}"},"query-input":{"@type":"PropertyValueSpecification","valueRequired":true,"valueName":"search_term_string"}}],"inLanguage":"hu"},{"@type":"Organization","@id":"https:\/\/vasasbasket.hu\/#organization","name":"Vasas n\u0151i kos\u00e1rlabda","url":"https:\/\/vasasbasket.hu\/","logo":{"@type":"ImageObject","inLanguage":"hu","@id":"https:\/\/vasasbasket.hu\/#\/schema\/logo\/image\/","url":"https:\/\/vasasbasket.hu\/wp-content\/uploads\/2017\/03\/vasas_cimer_1200.jpg","contentUrl":"https:\/\/vasasbasket.hu\/wp-content\/uploads\/2017\/03\/vasas_cimer_1200.jpg","width":1200,"height":1200,"caption":"Vasas n\u0151i kos\u00e1rlabda"},"image":{"@id":"https:\/\/vasasbasket.hu\/#\/schema\/logo\/image\/"},"sameAs":["https:\/\/www.facebook.com\/vasaswbasket\/"]},{"@type":"Person","@id":"https:\/\/vasasbasket.hu\/#\/schema\/person\/f1085f4d2c6582d8d0f977e92de2edee","name":"admin","image":{"@type":"ImageObject","inLanguage":"hu","@id":"https:\/\/vasasbasket.hu\/#\/schema\/person\/image\/","url":"https:\/\/secure.gravatar.com\/avatar\/645c92f7d9cfe02bd93ce2d1cfa11cd3a268bdfe65486552ff04b193cea07634?s=96&d=mm&r=g","contentUrl":"https:\/\/secure.gravatar.com\/avatar\/645c92f7d9cfe02bd93ce2d1cfa11cd3a268bdfe65486552ff04b193cea07634?s=96&d=mm&r=g","caption":"admin"},"url":"https:\/\/vasasbasket.hu\/index.php\/author\/admin\/"}]}},"_links":{"self":[{"href":"https:\/\/vasasbasket.hu\/index.php\/wp-json\/wp\/v2\/posts\/4136","targetHints":{"allow":["GET"]}}],"collection":[{"href":"https:\/\/vasasbasket.hu\/index.php\/wp-json\/wp\/v2\/posts"}],"about":[{"href":"https:\/\/vasasbasket.hu\/index.php\/wp-json\/wp\/v2\/types\/post"}],"author":[{"embeddable":true,"href":"https:\/\/vasasbasket.hu\/index.php\/wp-json\/wp\/v2\/users\/1"}],"replies":[{"embeddable":true,"href":"https:\/\/vasasbasket.hu\/index.php\/wp-json\/wp\/v2\/comments?post=4136"}],"version-history":[{"count":1,"href":"https:\/\/vasasbasket.hu\/index.php\/wp-json\/wp\/v2\/posts\/4136\/revisions"}],"predecessor-version":[{"id":4140,"href":"https:\/\/vasasbasket.hu\/index.php\/wp-json\/wp\/v2\/posts\/4136\/revisions\/4140"}],"wp:featuredmedia":[{"embeddable":true,"href":"https:\/\/vasasbasket.hu\/index.php\/wp-json\/wp\/v2\/media\/4137"}],"wp:attachment":[{"href":"https:\/\/vasasbasket.hu\/index.php\/wp-json\/wp\/v2\/media?parent=4136"}],"wp:term":[{"taxonomy":"category","embeddable":true,"href":"https:\/\/vasasbasket.hu\/index.php\/wp-json\/wp\/v2\/categories?post=4136"},{"taxonomy":"post_tag","embeddable":true,"href":"https:\/\/vasasbasket.hu\/index.php\/wp-json\/wp\/v2\/tags?post=4136"}],"curies":[{"name":"wp","href":"https:\/\/api.w.org\/{rel}","templated":true}]}}