{"id":4114,"date":"2018-05-01T06:56:30","date_gmt":"2018-05-01T06:56:30","guid":{"rendered":"http:\/\/vasasbasket.hu\/?p=4114"},"modified":"2018-05-01T06:56:30","modified_gmt":"2018-05-01T06:56:30","slug":"budapesti-gyerek-bajnoksag","status":"publish","type":"post","link":"https:\/\/vasasbasket.hu\/index.php\/budapesti-gyerek-bajnoksag\/","title":{"rendered":"Budapesti gyerek bajnoks\u00e1g"},"content":{"rendered":"<ol start=\"2018\">\n<li>\u00e1prilis 22.- vas\u00e1rnap 10:30<\/li>\n<\/ol>\n<h2><strong>Kasz\u00e1sok Akad\u00e9mia- Vasas Akad\u00e9mia 33-61<\/strong><\/h2>\n<p>(1-19, 6-15, 8-13, 18-14)<\/p>\n<p><u>Pontszerz\u0151k<\/u><\/p>\n<p>VASAS: Szab\u00f3 Fl\u00f3ra 15, Benyovszki Petra 9, \u00c9des Luca 8, Hruby Laura 6, So\u00f3s Kriszta 6, Mar\u00f3ty Dalma 5, Bal\u00e1s Natasa 4, Ilcsik Bogl\u00e1rka 4, Igaz Eszter 2, Csutak Anna 2, Szab\u00f3 Kincs\u0151 1<\/p>\n<p>Az els\u0151 f\u00e9lid\u0151ben eg\u00e9sz\u00a0p\u00e1ly\u00e1s let\u00e1mad\u00e1sunkkal sok labd\u00e1t szerezt\u00fcnk, amib\u0151l ind\u00edtani is tudtunk, b\u00e1r sajnos el\u00e9g sok ziccer kimaradt. A m\u00e1sodik f\u00e9lid\u0151re kicsit leeresztettek a l\u00e1nyok, lass\u00fa volt a j\u00e1t\u00e9k \u00e9s a kiz\u00e1r\u00e1sok is elmaradtak, t\u00e1mad\u00f3 lepattan\u00f3b\u00f3l sok kosarat szerzett ellenfel\u00fcnk. Fel\u00e1llt v\u00e9delem ellen viszont siker\u00fclt megpasszolni a befut\u00e1sokat \u00e9s sz\u00e9p 1:1 megold\u00e1sok is sz\u00fclettek.<\/p>\n<p>&nbsp;<\/p>\n","protected":false},"excerpt":{"rendered":"<p>\u00e1prilis 22.- vas\u00e1rnap 10:30 Kasz\u00e1sok Akad\u00e9mia- Vasas Akad\u00e9mia 33-61 (1-19, 6-15, 8-13, 18-14) Pontszerz\u0151k VASAS: Szab\u00f3 Fl\u00f3ra 15, Benyovszki Petra 9, \u00c9des Luca 8, Hruby Laura 6, So\u00f3s Kriszta 6, Mar\u00f3ty Dalma 5, Bal\u00e1s Natasa 4, Ilcsik Bogl\u00e1rka 4, Igaz Eszter 2, Csutak Anna 2, Szab\u00f3 Kincs\u0151 1 Az els\u0151 f\u00e9lid\u0151ben eg\u00e9sz\u00a0p\u00e1ly\u00e1s let\u00e1mad\u00e1sunkkal sok labd\u00e1t&#8230;<\/p>\n","protected":false},"author":1,"featured_media":3089,"comment_status":"closed","ping_status":"open","sticky":false,"template":"","format":"standard","meta":{"footnotes":""},"categories":[73,92],"tags":[],"class_list":["post-4114","post","type-post","status-publish","format-standard","has-post-thumbnail","hentry","category-gyerek","category-hirek"],"yoast_head":"<!-- This site is optimized with the Yoast SEO plugin v26.0 - https:\/\/yoast.com\/wordpress\/plugins\/seo\/ -->\n<title>Budapesti gyerek bajnoks\u00e1g - Vasas n\u0151i kos\u00e1rlabda<\/title>\n<meta name=\"robots\" content=\"index, follow, max-snippet:-1, max-image-preview:large, max-video-preview:-1\" \/>\n<link rel=\"canonical\" href=\"https:\/\/vasasbasket.hu\/index.php\/budapesti-gyerek-bajnoksag\/\" \/>\n<meta property=\"og:locale\" content=\"hu_HU\" \/>\n<meta property=\"og:type\" content=\"article\" \/>\n<meta property=\"og:title\" content=\"Budapesti gyerek bajnoks\u00e1g - Vasas n\u0151i kos\u00e1rlabda\" \/>\n<meta property=\"og:description\" content=\"\u00e1prilis 22.- vas\u00e1rnap 10:30 Kasz\u00e1sok Akad\u00e9mia- Vasas Akad\u00e9mia 33-61 (1-19, 6-15, 8-13, 18-14) Pontszerz\u0151k VASAS: Szab\u00f3 Fl\u00f3ra 15, Benyovszki Petra 9, \u00c9des Luca 8, Hruby Laura 6, So\u00f3s Kriszta 6, Mar\u00f3ty Dalma 5, Bal\u00e1s Natasa 4, Ilcsik Bogl\u00e1rka 4, Igaz Eszter 2, Csutak Anna 2, Szab\u00f3 Kincs\u0151 1 Az els\u0151 f\u00e9lid\u0151ben eg\u00e9sz\u00a0p\u00e1ly\u00e1s let\u00e1mad\u00e1sunkkal sok labd\u00e1t...\" \/>\n<meta property=\"og:url\" content=\"https:\/\/vasasbasket.hu\/index.php\/budapesti-gyerek-bajnoksag\/\" \/>\n<meta property=\"og:site_name\" content=\"Vasas n\u0151i kos\u00e1rlabda\" \/>\n<meta property=\"article:publisher\" content=\"https:\/\/www.facebook.com\/vasaswbasket\/\" \/>\n<meta property=\"article:published_time\" content=\"2018-05-01T06:56:30+00:00\" \/>\n<meta property=\"og:image\" content=\"https:\/\/vasasbasket.hu\/wp-content\/uploads\/2017\/03\/GYEREK-B-csapatk\u00e9p.jpg\" \/>\n\t<meta property=\"og:image:width\" content=\"1280\" \/>\n\t<meta property=\"og:image:height\" content=\"960\" \/>\n\t<meta property=\"og:image:type\" content=\"image\/jpeg\" \/>\n<meta name=\"author\" content=\"admin\" \/>\n<meta name=\"twitter:card\" content=\"summary_large_image\" \/>\n<meta name=\"twitter:label1\" content=\"Szerz\u0151:\" \/>\n\t<meta name=\"twitter:data1\" content=\"admin\" \/>\n\t<meta name=\"twitter:label2\" content=\"Becs\u00fclt olvas\u00e1si id\u0151\" \/>\n\t<meta name=\"twitter:data2\" content=\"1 perc\" \/>\n<script type=\"application\/ld+json\" class=\"yoast-schema-graph\">{\"@context\":\"https:\/\/schema.org\",\"@graph\":[{\"@type\":\"Article\",\"@id\":\"https:\/\/vasasbasket.hu\/index.php\/budapesti-gyerek-bajnoksag\/#article\",\"isPartOf\":{\"@id\":\"https:\/\/vasasbasket.hu\/index.php\/budapesti-gyerek-bajnoksag\/\"},\"author\":{\"name\":\"admin\",\"@id\":\"https:\/\/vasasbasket.hu\/#\/schema\/person\/f1085f4d2c6582d8d0f977e92de2edee\"},\"headline\":\"Budapesti gyerek bajnoks\u00e1g\",\"datePublished\":\"2018-05-01T06:56:30+00:00\",\"mainEntityOfPage\":{\"@id\":\"https:\/\/vasasbasket.hu\/index.php\/budapesti-gyerek-bajnoksag\/\"},\"wordCount\":137,\"publisher\":{\"@id\":\"https:\/\/vasasbasket.hu\/#organization\"},\"image\":{\"@id\":\"https:\/\/vasasbasket.hu\/index.php\/budapesti-gyerek-bajnoksag\/#primaryimage\"},\"thumbnailUrl\":\"https:\/\/vasasbasket.hu\/wp-content\/uploads\/2017\/03\/GYEREK-B-csapatk\u00e9p.jpg\",\"articleSection\":[\"Gyerek\",\"\u00d6sszes H\u00edr\"],\"inLanguage\":\"hu\"},{\"@type\":\"WebPage\",\"@id\":\"https:\/\/vasasbasket.hu\/index.php\/budapesti-gyerek-bajnoksag\/\",\"url\":\"https:\/\/vasasbasket.hu\/index.php\/budapesti-gyerek-bajnoksag\/\",\"name\":\"Budapesti gyerek bajnoks\u00e1g - Vasas n\u0151i kos\u00e1rlabda\",\"isPartOf\":{\"@id\":\"https:\/\/vasasbasket.hu\/#website\"},\"primaryImageOfPage\":{\"@id\":\"https:\/\/vasasbasket.hu\/index.php\/budapesti-gyerek-bajnoksag\/#primaryimage\"},\"image\":{\"@id\":\"https:\/\/vasasbasket.hu\/index.php\/budapesti-gyerek-bajnoksag\/#primaryimage\"},\"thumbnailUrl\":\"https:\/\/vasasbasket.hu\/wp-content\/uploads\/2017\/03\/GYEREK-B-csapatk\u00e9p.jpg\",\"datePublished\":\"2018-05-01T06:56:30+00:00\",\"breadcrumb\":{\"@id\":\"https:\/\/vasasbasket.hu\/index.php\/budapesti-gyerek-bajnoksag\/#breadcrumb\"},\"inLanguage\":\"hu\",\"potentialAction\":[{\"@type\":\"ReadAction\",\"target\":[\"https:\/\/vasasbasket.hu\/index.php\/budapesti-gyerek-bajnoksag\/\"]}]},{\"@type\":\"ImageObject\",\"inLanguage\":\"hu\",\"@id\":\"https:\/\/vasasbasket.hu\/index.php\/budapesti-gyerek-bajnoksag\/#primaryimage\",\"url\":\"https:\/\/vasasbasket.hu\/wp-content\/uploads\/2017\/03\/GYEREK-B-csapatk\u00e9p.jpg\",\"contentUrl\":\"https:\/\/vasasbasket.hu\/wp-content\/uploads\/2017\/03\/GYEREK-B-csapatk\u00e9p.jpg\",\"width\":1280,\"height\":960},{\"@type\":\"BreadcrumbList\",\"@id\":\"https:\/\/vasasbasket.hu\/index.php\/budapesti-gyerek-bajnoksag\/#breadcrumb\",\"itemListElement\":[{\"@type\":\"ListItem\",\"position\":1,\"name\":\"Kezd\u0151lap\",\"item\":\"https:\/\/vasasbasket.hu\/\"},{\"@type\":\"ListItem\",\"position\":2,\"name\":\"Budapesti gyerek bajnoks\u00e1g\"}]},{\"@type\":\"WebSite\",\"@id\":\"https:\/\/vasasbasket.hu\/#website\",\"url\":\"https:\/\/vasasbasket.hu\/\",\"name\":\"Vasas n\u0151i kos\u00e1rlabda\",\"description\":\"Vasas Basket N\u0151i\",\"publisher\":{\"@id\":\"https:\/\/vasasbasket.hu\/#organization\"},\"potentialAction\":[{\"@type\":\"SearchAction\",\"target\":{\"@type\":\"EntryPoint\",\"urlTemplate\":\"https:\/\/vasasbasket.hu\/?s={search_term_string}\"},\"query-input\":{\"@type\":\"PropertyValueSpecification\",\"valueRequired\":true,\"valueName\":\"search_term_string\"}}],\"inLanguage\":\"hu\"},{\"@type\":\"Organization\",\"@id\":\"https:\/\/vasasbasket.hu\/#organization\",\"name\":\"Vasas n\u0151i kos\u00e1rlabda\",\"url\":\"https:\/\/vasasbasket.hu\/\",\"logo\":{\"@type\":\"ImageObject\",\"inLanguage\":\"hu\",\"@id\":\"https:\/\/vasasbasket.hu\/#\/schema\/logo\/image\/\",\"url\":\"https:\/\/vasasbasket.hu\/wp-content\/uploads\/2017\/03\/vasas_cimer_1200.jpg\",\"contentUrl\":\"https:\/\/vasasbasket.hu\/wp-content\/uploads\/2017\/03\/vasas_cimer_1200.jpg\",\"width\":1200,\"height\":1200,\"caption\":\"Vasas n\u0151i kos\u00e1rlabda\"},\"image\":{\"@id\":\"https:\/\/vasasbasket.hu\/#\/schema\/logo\/image\/\"},\"sameAs\":[\"https:\/\/www.facebook.com\/vasaswbasket\/\"]},{\"@type\":\"Person\",\"@id\":\"https:\/\/vasasbasket.hu\/#\/schema\/person\/f1085f4d2c6582d8d0f977e92de2edee\",\"name\":\"admin\",\"image\":{\"@type\":\"ImageObject\",\"inLanguage\":\"hu\",\"@id\":\"https:\/\/vasasbasket.hu\/#\/schema\/person\/image\/\",\"url\":\"https:\/\/secure.gravatar.com\/avatar\/645c92f7d9cfe02bd93ce2d1cfa11cd3a268bdfe65486552ff04b193cea07634?s=96&d=mm&r=g\",\"contentUrl\":\"https:\/\/secure.gravatar.com\/avatar\/645c92f7d9cfe02bd93ce2d1cfa11cd3a268bdfe65486552ff04b193cea07634?s=96&d=mm&r=g\",\"caption\":\"admin\"},\"url\":\"https:\/\/vasasbasket.hu\/index.php\/author\/admin\/\"}]}<\/script>\n<!-- \/ Yoast SEO plugin. -->","yoast_head_json":{"title":"Budapesti gyerek bajnoks\u00e1g - Vasas n\u0151i kos\u00e1rlabda","robots":{"index":"index","follow":"follow","max-snippet":"max-snippet:-1","max-image-preview":"max-image-preview:large","max-video-preview":"max-video-preview:-1"},"canonical":"https:\/\/vasasbasket.hu\/index.php\/budapesti-gyerek-bajnoksag\/","og_locale":"hu_HU","og_type":"article","og_title":"Budapesti gyerek bajnoks\u00e1g - Vasas n\u0151i kos\u00e1rlabda","og_description":"\u00e1prilis 22.- vas\u00e1rnap 10:30 Kasz\u00e1sok Akad\u00e9mia- Vasas Akad\u00e9mia 33-61 (1-19, 6-15, 8-13, 18-14) Pontszerz\u0151k VASAS: Szab\u00f3 Fl\u00f3ra 15, Benyovszki Petra 9, \u00c9des Luca 8, Hruby Laura 6, So\u00f3s Kriszta 6, Mar\u00f3ty Dalma 5, Bal\u00e1s Natasa 4, Ilcsik Bogl\u00e1rka 4, Igaz Eszter 2, Csutak Anna 2, Szab\u00f3 Kincs\u0151 1 Az els\u0151 f\u00e9lid\u0151ben eg\u00e9sz\u00a0p\u00e1ly\u00e1s let\u00e1mad\u00e1sunkkal sok labd\u00e1t...","og_url":"https:\/\/vasasbasket.hu\/index.php\/budapesti-gyerek-bajnoksag\/","og_site_name":"Vasas n\u0151i kos\u00e1rlabda","article_publisher":"https:\/\/www.facebook.com\/vasaswbasket\/","article_published_time":"2018-05-01T06:56:30+00:00","og_image":[{"width":1280,"height":960,"url":"https:\/\/vasasbasket.hu\/wp-content\/uploads\/2017\/03\/GYEREK-B-csapatk\u00e9p.jpg","type":"image\/jpeg"}],"author":"admin","twitter_card":"summary_large_image","twitter_misc":{"Szerz\u0151:":"admin","Becs\u00fclt olvas\u00e1si id\u0151":"1 perc"},"schema":{"@context":"https:\/\/schema.org","@graph":[{"@type":"Article","@id":"https:\/\/vasasbasket.hu\/index.php\/budapesti-gyerek-bajnoksag\/#article","isPartOf":{"@id":"https:\/\/vasasbasket.hu\/index.php\/budapesti-gyerek-bajnoksag\/"},"author":{"name":"admin","@id":"https:\/\/vasasbasket.hu\/#\/schema\/person\/f1085f4d2c6582d8d0f977e92de2edee"},"headline":"Budapesti gyerek bajnoks\u00e1g","datePublished":"2018-05-01T06:56:30+00:00","mainEntityOfPage":{"@id":"https:\/\/vasasbasket.hu\/index.php\/budapesti-gyerek-bajnoksag\/"},"wordCount":137,"publisher":{"@id":"https:\/\/vasasbasket.hu\/#organization"},"image":{"@id":"https:\/\/vasasbasket.hu\/index.php\/budapesti-gyerek-bajnoksag\/#primaryimage"},"thumbnailUrl":"https:\/\/vasasbasket.hu\/wp-content\/uploads\/2017\/03\/GYEREK-B-csapatk\u00e9p.jpg","articleSection":["Gyerek","\u00d6sszes H\u00edr"],"inLanguage":"hu"},{"@type":"WebPage","@id":"https:\/\/vasasbasket.hu\/index.php\/budapesti-gyerek-bajnoksag\/","url":"https:\/\/vasasbasket.hu\/index.php\/budapesti-gyerek-bajnoksag\/","name":"Budapesti gyerek bajnoks\u00e1g - Vasas n\u0151i kos\u00e1rlabda","isPartOf":{"@id":"https:\/\/vasasbasket.hu\/#website"},"primaryImageOfPage":{"@id":"https:\/\/vasasbasket.hu\/index.php\/budapesti-gyerek-bajnoksag\/#primaryimage"},"image":{"@id":"https:\/\/vasasbasket.hu\/index.php\/budapesti-gyerek-bajnoksag\/#primaryimage"},"thumbnailUrl":"https:\/\/vasasbasket.hu\/wp-content\/uploads\/2017\/03\/GYEREK-B-csapatk\u00e9p.jpg","datePublished":"2018-05-01T06:56:30+00:00","breadcrumb":{"@id":"https:\/\/vasasbasket.hu\/index.php\/budapesti-gyerek-bajnoksag\/#breadcrumb"},"inLanguage":"hu","potentialAction":[{"@type":"ReadAction","target":["https:\/\/vasasbasket.hu\/index.php\/budapesti-gyerek-bajnoksag\/"]}]},{"@type":"ImageObject","inLanguage":"hu","@id":"https:\/\/vasasbasket.hu\/index.php\/budapesti-gyerek-bajnoksag\/#primaryimage","url":"https:\/\/vasasbasket.hu\/wp-content\/uploads\/2017\/03\/GYEREK-B-csapatk\u00e9p.jpg","contentUrl":"https:\/\/vasasbasket.hu\/wp-content\/uploads\/2017\/03\/GYEREK-B-csapatk\u00e9p.jpg","width":1280,"height":960},{"@type":"BreadcrumbList","@id":"https:\/\/vasasbasket.hu\/index.php\/budapesti-gyerek-bajnoksag\/#breadcrumb","itemListElement":[{"@type":"ListItem","position":1,"name":"Kezd\u0151lap","item":"https:\/\/vasasbasket.hu\/"},{"@type":"ListItem","position":2,"name":"Budapesti gyerek bajnoks\u00e1g"}]},{"@type":"WebSite","@id":"https:\/\/vasasbasket.hu\/#website","url":"https:\/\/vasasbasket.hu\/","name":"Vasas n\u0151i kos\u00e1rlabda","description":"Vasas Basket N\u0151i","publisher":{"@id":"https:\/\/vasasbasket.hu\/#organization"},"potentialAction":[{"@type":"SearchAction","target":{"@type":"EntryPoint","urlTemplate":"https:\/\/vasasbasket.hu\/?s={search_term_string}"},"query-input":{"@type":"PropertyValueSpecification","valueRequired":true,"valueName":"search_term_string"}}],"inLanguage":"hu"},{"@type":"Organization","@id":"https:\/\/vasasbasket.hu\/#organization","name":"Vasas n\u0151i kos\u00e1rlabda","url":"https:\/\/vasasbasket.hu\/","logo":{"@type":"ImageObject","inLanguage":"hu","@id":"https:\/\/vasasbasket.hu\/#\/schema\/logo\/image\/","url":"https:\/\/vasasbasket.hu\/wp-content\/uploads\/2017\/03\/vasas_cimer_1200.jpg","contentUrl":"https:\/\/vasasbasket.hu\/wp-content\/uploads\/2017\/03\/vasas_cimer_1200.jpg","width":1200,"height":1200,"caption":"Vasas n\u0151i kos\u00e1rlabda"},"image":{"@id":"https:\/\/vasasbasket.hu\/#\/schema\/logo\/image\/"},"sameAs":["https:\/\/www.facebook.com\/vasaswbasket\/"]},{"@type":"Person","@id":"https:\/\/vasasbasket.hu\/#\/schema\/person\/f1085f4d2c6582d8d0f977e92de2edee","name":"admin","image":{"@type":"ImageObject","inLanguage":"hu","@id":"https:\/\/vasasbasket.hu\/#\/schema\/person\/image\/","url":"https:\/\/secure.gravatar.com\/avatar\/645c92f7d9cfe02bd93ce2d1cfa11cd3a268bdfe65486552ff04b193cea07634?s=96&d=mm&r=g","contentUrl":"https:\/\/secure.gravatar.com\/avatar\/645c92f7d9cfe02bd93ce2d1cfa11cd3a268bdfe65486552ff04b193cea07634?s=96&d=mm&r=g","caption":"admin"},"url":"https:\/\/vasasbasket.hu\/index.php\/author\/admin\/"}]}},"_links":{"self":[{"href":"https:\/\/vasasbasket.hu\/index.php\/wp-json\/wp\/v2\/posts\/4114","targetHints":{"allow":["GET"]}}],"collection":[{"href":"https:\/\/vasasbasket.hu\/index.php\/wp-json\/wp\/v2\/posts"}],"about":[{"href":"https:\/\/vasasbasket.hu\/index.php\/wp-json\/wp\/v2\/types\/post"}],"author":[{"embeddable":true,"href":"https:\/\/vasasbasket.hu\/index.php\/wp-json\/wp\/v2\/users\/1"}],"replies":[{"embeddable":true,"href":"https:\/\/vasasbasket.hu\/index.php\/wp-json\/wp\/v2\/comments?post=4114"}],"version-history":[{"count":1,"href":"https:\/\/vasasbasket.hu\/index.php\/wp-json\/wp\/v2\/posts\/4114\/revisions"}],"predecessor-version":[{"id":4115,"href":"https:\/\/vasasbasket.hu\/index.php\/wp-json\/wp\/v2\/posts\/4114\/revisions\/4115"}],"wp:featuredmedia":[{"embeddable":true,"href":"https:\/\/vasasbasket.hu\/index.php\/wp-json\/wp\/v2\/media\/3089"}],"wp:attachment":[{"href":"https:\/\/vasasbasket.hu\/index.php\/wp-json\/wp\/v2\/media?parent=4114"}],"wp:term":[{"taxonomy":"category","embeddable":true,"href":"https:\/\/vasasbasket.hu\/index.php\/wp-json\/wp\/v2\/categories?post=4114"},{"taxonomy":"post_tag","embeddable":true,"href":"https:\/\/vasasbasket.hu\/index.php\/wp-json\/wp\/v2\/tags?post=4114"}],"curies":[{"name":"wp","href":"https:\/\/api.w.org\/{rel}","templated":true}]}}