{"id":4085,"date":"2018-04-16T05:04:03","date_gmt":"2018-04-16T05:04:03","guid":{"rendered":"http:\/\/vasasbasket.hu\/?p=4085"},"modified":"2018-04-16T05:04:03","modified_gmt":"2018-04-16T05:04:03","slug":"8-gyerek-fordulo-budapest-tuske-csarnok","status":"publish","type":"post","link":"https:\/\/vasasbasket.hu\/index.php\/8-gyerek-fordulo-budapest-tuske-csarnok\/","title":{"rendered":"8. Gyerek fordul\u00f3 Budapest T\u00fcske csarnok"},"content":{"rendered":"<ol start=\"2018\">\n<li><u> \u00c1prilis 15. Vas\u00e1rnap\u00a0<\/u><\/li>\n<li><u> Gyerek fordul\u00f3 Budapest T\u00fcske csarnok<\/u><\/li>\n<\/ol>\n<p><u>\u00a0<\/u><\/p>\n<ol>\n<li>M\u00e9rk\u0151z\u00e9s 9:00<\/li>\n<\/ol>\n<h2><strong>Vasas Amazonok &#8211; MAFC Gab\u00e1nyi 55-51 hu. <\/strong><\/h2>\n<p>( 8-7, 14-16 (6-9), 5-14, 13-0, 9-5)<\/p>\n<p>&nbsp;<\/p>\n<p>Pontszerz\u0151k:<\/p>\n<p><strong>Vasas: <\/strong>R\u00e1tkai Eszter 23, M\u00e9sz\u00e1ros T\u00e1nja 10, L\u00e1szl\u00f3 R\u00e9ka 7, K\u00e1lm\u00e1n Liza 5, Masier Sophia 4, L\u00e1ng-Miticzky Blanka 3, Mar\u00f3ty Dalma 1, Hruby Laura 1, Igaz Eszter 1, Koh\u00e1n Patr\u00edcia, \u00a0Bal\u00e1s Natasa, Benyovszki Petra.<\/p>\n<p>&nbsp;<\/p>\n<p>Nagyszer\u0171 \u00e9s izgalmas meccsel kezdt\u00fcnk vas\u00e1rnap reggel az utols\u00f3 gyerek fordul\u00f3ban. Sok\u00e1ig fej-fej mellett haladtak a csapatok, a f\u00e9lidei jobb b\u00fcntet\u0151z\u00e9s\u00e9vel 4 ponttal vezettek a fi\u00fak ( 28-32).<\/p>\n<p>Sajnos a 3. negyedben elfelejtett a csapat v\u00e9dekezni, figyelmetlenek voltunk a kiz\u00e1r\u00e1sokn\u00e1l \u00e9s a t\u00e1mad\u00e1sok befejez\u00e9s\u00e9n\u00e9l is kapkodtak a l\u00e1nyok. A 3. negyedet 13 pontos h\u00e1tr\u00e1nnyal z\u00e1rtuk( 33-46).<\/p>\n<p>Szerencs\u00e9re a l\u00e1nyok sz\u00edve a hely\u00e9n volt, egy pillanatig sem adt\u00e1k fel a m\u00e9rk\u0151z\u00e9st, cs\u00fasztak-m\u00e1sztak minden labd\u00e1\u00e9rt, agressz\u00edvan v\u00e9dekeztek \u00e9s kapott kos\u00e1r n\u00e9lk\u00fcl 13-0-\u00e1s negyeddel hosszabb\u00edt\u00e1sra hozt\u00e1k a meccset!<\/p>\n<p>5 perc hosszabb\u00edt\u00e1sban m\u00e1r es\u00e9lyt sem adtuk a fi\u00faknak, hatalmas k\u0171zdelemben igazi csapatj\u00e1t\u00e9kkal \u00e9s a kispadr\u00f3l j\u00f6v\u0151 fantasztikus szurkol\u00e1ssal meg\u0151rizt\u00fck veretlens\u00e9g\u00fcnket a fi\u00fak ellen, a 8 gyerek fordul\u00f3ban egyszer sem kaptunk ki fi\u00fa csapatokt\u00f3l.<\/p>\n<p>&nbsp;<\/p>\n<ol start=\"2\">\n<li>M\u00e9rk\u0151z\u00e9s<\/li>\n<\/ol>\n<h2><strong>Csata Csillagok &#8211; Vasas Amazonok 58-30 <\/strong><\/h2>\n<p>( 14-7, 13-9 (7-8), 7-4, 12-2)<\/p>\n<p>&nbsp;<\/p>\n<p>Pontszerz\u0151k:<\/p>\n<p><strong>Vasas: <\/strong>R\u00e1tkai Eszter 11, M\u00e9sz\u00e1ros T\u00e1nja 8, L\u00e1szl\u00f3 R\u00e9ka 5, L\u00e1ng-Miticzky Blanka 2, Benyovszki Petra 1, Hruby Laura 1, Bal\u00e1s Natasa 1, Masier Sophia 1, K\u00e1lm\u00e1n Liza, Mar\u00f3ty Dalma, Igaz Eszter, Koh\u00e1n Patr\u00edcia.<\/p>\n<p>&nbsp;<\/p>\n<p>10 perc pihen\u0151vel kezd\u0151d\u00f6tt a k\u00f6vetkez\u0151 m\u00e9rk\u0151z\u00e9s\u00fcnk, ameddig a l\u00e1nyok b\u00edrt\u00e1k, addig becs\u00fclettel hajtottak \u00e9s k\u0171zd\u00f6ttek a friss Csat\u00e1s l\u00e1nyok ellen, sajnos ( legink\u00e1bb fejben ) hamar elf\u00e1radtunk, sok volt a technikai hiba, a rossz d\u00f6nt\u00e9s, eladott labd\u00e1k \u00e9s a kihagyott \u00fcres ziccerek.<\/p>\n<p>&nbsp;<\/p>\n<p>Maxim\u00e1lis d\u00edcs\u00e9ret illeti a CSAPATOT az eg\u00e9sz \u00e9ves fantasztikus teljes\u00edtm\u00e9ny\u00e9\u00e9rt, a gyerek bajnoks\u00e1gban 16 m\u00e9rk\u0151z\u00e9sb\u0151l csak 3x kaptunk ki ( a Csata Csillagok csapat\u00e1t\u00f3l ) \u00e9s folyamatosan az \u201cA\u201d csoportban j\u00e1tszottunk.<\/p>\n<p>Ha tov\u00e1bbra is ilyen mentalit\u00e1ssal \u00e9s akarattal edzenek \u00e9s j\u00e1tszanak a l\u00e1nyok, akkor a fejl\u0151d\u00e9s\u00fck t\u00f6retlen lesz \u00e9s sok sz\u00e9p erdm\u00e9ny \u00e9s siker v\u00e1r m\u00e9g r\u00e1juk.<\/p>\n<p>K\u00f6sz\u00f6n\u00f6m l\u00e1nyok az eg\u00e9sz \u00e9ves munk\u00e1tokat, nagyon b\u00fcszke vagyok r\u00e1tok!<\/p>\n<p>&nbsp;<\/p>\n<p>E\u00f6rd\u00f6gh Edit<\/p>\n","protected":false},"excerpt":{"rendered":"<p>\u00c1prilis 15. Vas\u00e1rnap\u00a0 Gyerek fordul\u00f3 Budapest T\u00fcske csarnok \u00a0 M\u00e9rk\u0151z\u00e9s 9:00 Vasas Amazonok &#8211; MAFC Gab\u00e1nyi 55-51 hu. ( 8-7, 14-16 (6-9), 5-14, 13-0, 9-5) &nbsp; Pontszerz\u0151k: Vasas: R\u00e1tkai Eszter 23, M\u00e9sz\u00e1ros T\u00e1nja 10, L\u00e1szl\u00f3 R\u00e9ka 7, K\u00e1lm\u00e1n Liza 5, Masier Sophia 4, L\u00e1ng-Miticzky Blanka 3, Mar\u00f3ty Dalma 1, Hruby Laura 1, Igaz Eszter 1,&#8230;<\/p>\n","protected":false},"author":1,"featured_media":4086,"comment_status":"closed","ping_status":"open","sticky":false,"template":"","format":"standard","meta":{"footnotes":""},"categories":[73,92],"tags":[],"class_list":["post-4085","post","type-post","status-publish","format-standard","has-post-thumbnail","hentry","category-gyerek","category-hirek"],"yoast_head":"<!-- This site is optimized with the Yoast SEO plugin v26.0 - https:\/\/yoast.com\/wordpress\/plugins\/seo\/ -->\n<title>8. Gyerek fordul\u00f3 Budapest T\u00fcske csarnok - Vasas n\u0151i kos\u00e1rlabda<\/title>\n<meta name=\"robots\" content=\"index, follow, max-snippet:-1, max-image-preview:large, max-video-preview:-1\" \/>\n<link rel=\"canonical\" href=\"https:\/\/vasasbasket.hu\/index.php\/8-gyerek-fordulo-budapest-tuske-csarnok\/\" \/>\n<meta property=\"og:locale\" content=\"hu_HU\" \/>\n<meta property=\"og:type\" content=\"article\" \/>\n<meta property=\"og:title\" content=\"8. Gyerek fordul\u00f3 Budapest T\u00fcske csarnok - Vasas n\u0151i kos\u00e1rlabda\" \/>\n<meta property=\"og:description\" content=\"\u00c1prilis 15. Vas\u00e1rnap\u00a0 Gyerek fordul\u00f3 Budapest T\u00fcske csarnok \u00a0 M\u00e9rk\u0151z\u00e9s 9:00 Vasas Amazonok &#8211; MAFC Gab\u00e1nyi 55-51 hu. ( 8-7, 14-16 (6-9), 5-14, 13-0, 9-5) &nbsp; Pontszerz\u0151k: Vasas: R\u00e1tkai Eszter 23, M\u00e9sz\u00e1ros T\u00e1nja 10, L\u00e1szl\u00f3 R\u00e9ka 7, K\u00e1lm\u00e1n Liza 5, Masier Sophia 4, L\u00e1ng-Miticzky Blanka 3, Mar\u00f3ty Dalma 1, Hruby Laura 1, Igaz Eszter 1,...\" \/>\n<meta property=\"og:url\" content=\"https:\/\/vasasbasket.hu\/index.php\/8-gyerek-fordulo-budapest-tuske-csarnok\/\" \/>\n<meta property=\"og:site_name\" content=\"Vasas n\u0151i kos\u00e1rlabda\" \/>\n<meta property=\"article:publisher\" content=\"https:\/\/www.facebook.com\/vasaswbasket\/\" \/>\n<meta property=\"article:published_time\" content=\"2018-04-16T05:04:03+00:00\" \/>\n<meta property=\"og:image\" content=\"https:\/\/vasasbasket.hu\/wp-content\/uploads\/2018\/04\/IMG-2609.png\" \/>\n\t<meta property=\"og:image:width\" content=\"1136\" \/>\n\t<meta property=\"og:image:height\" content=\"640\" \/>\n\t<meta property=\"og:image:type\" content=\"image\/png\" \/>\n<meta name=\"author\" content=\"admin\" \/>\n<meta name=\"twitter:card\" content=\"summary_large_image\" \/>\n<meta name=\"twitter:label1\" content=\"Szerz\u0151:\" \/>\n\t<meta name=\"twitter:data1\" content=\"admin\" \/>\n\t<meta name=\"twitter:label2\" content=\"Becs\u00fclt olvas\u00e1si id\u0151\" \/>\n\t<meta name=\"twitter:data2\" content=\"2 perc\" \/>\n<script type=\"application\/ld+json\" class=\"yoast-schema-graph\">{\"@context\":\"https:\/\/schema.org\",\"@graph\":[{\"@type\":\"Article\",\"@id\":\"https:\/\/vasasbasket.hu\/index.php\/8-gyerek-fordulo-budapest-tuske-csarnok\/#article\",\"isPartOf\":{\"@id\":\"https:\/\/vasasbasket.hu\/index.php\/8-gyerek-fordulo-budapest-tuske-csarnok\/\"},\"author\":{\"name\":\"admin\",\"@id\":\"https:\/\/vasasbasket.hu\/#\/schema\/person\/f1085f4d2c6582d8d0f977e92de2edee\"},\"headline\":\"8. Gyerek fordul\u00f3 Budapest T\u00fcske csarnok\",\"datePublished\":\"2018-04-16T05:04:03+00:00\",\"mainEntityOfPage\":{\"@id\":\"https:\/\/vasasbasket.hu\/index.php\/8-gyerek-fordulo-budapest-tuske-csarnok\/\"},\"wordCount\":474,\"publisher\":{\"@id\":\"https:\/\/vasasbasket.hu\/#organization\"},\"image\":{\"@id\":\"https:\/\/vasasbasket.hu\/index.php\/8-gyerek-fordulo-budapest-tuske-csarnok\/#primaryimage\"},\"thumbnailUrl\":\"https:\/\/vasasbasket.hu\/wp-content\/uploads\/2018\/04\/IMG-2609.png\",\"articleSection\":[\"Gyerek\",\"\u00d6sszes H\u00edr\"],\"inLanguage\":\"hu\"},{\"@type\":\"WebPage\",\"@id\":\"https:\/\/vasasbasket.hu\/index.php\/8-gyerek-fordulo-budapest-tuske-csarnok\/\",\"url\":\"https:\/\/vasasbasket.hu\/index.php\/8-gyerek-fordulo-budapest-tuske-csarnok\/\",\"name\":\"8. Gyerek fordul\u00f3 Budapest T\u00fcske csarnok - Vasas n\u0151i kos\u00e1rlabda\",\"isPartOf\":{\"@id\":\"https:\/\/vasasbasket.hu\/#website\"},\"primaryImageOfPage\":{\"@id\":\"https:\/\/vasasbasket.hu\/index.php\/8-gyerek-fordulo-budapest-tuske-csarnok\/#primaryimage\"},\"image\":{\"@id\":\"https:\/\/vasasbasket.hu\/index.php\/8-gyerek-fordulo-budapest-tuske-csarnok\/#primaryimage\"},\"thumbnailUrl\":\"https:\/\/vasasbasket.hu\/wp-content\/uploads\/2018\/04\/IMG-2609.png\",\"datePublished\":\"2018-04-16T05:04:03+00:00\",\"breadcrumb\":{\"@id\":\"https:\/\/vasasbasket.hu\/index.php\/8-gyerek-fordulo-budapest-tuske-csarnok\/#breadcrumb\"},\"inLanguage\":\"hu\",\"potentialAction\":[{\"@type\":\"ReadAction\",\"target\":[\"https:\/\/vasasbasket.hu\/index.php\/8-gyerek-fordulo-budapest-tuske-csarnok\/\"]}]},{\"@type\":\"ImageObject\",\"inLanguage\":\"hu\",\"@id\":\"https:\/\/vasasbasket.hu\/index.php\/8-gyerek-fordulo-budapest-tuske-csarnok\/#primaryimage\",\"url\":\"https:\/\/vasasbasket.hu\/wp-content\/uploads\/2018\/04\/IMG-2609.png\",\"contentUrl\":\"https:\/\/vasasbasket.hu\/wp-content\/uploads\/2018\/04\/IMG-2609.png\",\"width\":1136,\"height\":640},{\"@type\":\"BreadcrumbList\",\"@id\":\"https:\/\/vasasbasket.hu\/index.php\/8-gyerek-fordulo-budapest-tuske-csarnok\/#breadcrumb\",\"itemListElement\":[{\"@type\":\"ListItem\",\"position\":1,\"name\":\"Kezd\u0151lap\",\"item\":\"https:\/\/vasasbasket.hu\/\"},{\"@type\":\"ListItem\",\"position\":2,\"name\":\"8. Gyerek fordul\u00f3 Budapest T\u00fcske csarnok\"}]},{\"@type\":\"WebSite\",\"@id\":\"https:\/\/vasasbasket.hu\/#website\",\"url\":\"https:\/\/vasasbasket.hu\/\",\"name\":\"Vasas n\u0151i kos\u00e1rlabda\",\"description\":\"Vasas Basket N\u0151i\",\"publisher\":{\"@id\":\"https:\/\/vasasbasket.hu\/#organization\"},\"potentialAction\":[{\"@type\":\"SearchAction\",\"target\":{\"@type\":\"EntryPoint\",\"urlTemplate\":\"https:\/\/vasasbasket.hu\/?s={search_term_string}\"},\"query-input\":{\"@type\":\"PropertyValueSpecification\",\"valueRequired\":true,\"valueName\":\"search_term_string\"}}],\"inLanguage\":\"hu\"},{\"@type\":\"Organization\",\"@id\":\"https:\/\/vasasbasket.hu\/#organization\",\"name\":\"Vasas n\u0151i kos\u00e1rlabda\",\"url\":\"https:\/\/vasasbasket.hu\/\",\"logo\":{\"@type\":\"ImageObject\",\"inLanguage\":\"hu\",\"@id\":\"https:\/\/vasasbasket.hu\/#\/schema\/logo\/image\/\",\"url\":\"https:\/\/vasasbasket.hu\/wp-content\/uploads\/2017\/03\/vasas_cimer_1200.jpg\",\"contentUrl\":\"https:\/\/vasasbasket.hu\/wp-content\/uploads\/2017\/03\/vasas_cimer_1200.jpg\",\"width\":1200,\"height\":1200,\"caption\":\"Vasas n\u0151i kos\u00e1rlabda\"},\"image\":{\"@id\":\"https:\/\/vasasbasket.hu\/#\/schema\/logo\/image\/\"},\"sameAs\":[\"https:\/\/www.facebook.com\/vasaswbasket\/\"]},{\"@type\":\"Person\",\"@id\":\"https:\/\/vasasbasket.hu\/#\/schema\/person\/f1085f4d2c6582d8d0f977e92de2edee\",\"name\":\"admin\",\"image\":{\"@type\":\"ImageObject\",\"inLanguage\":\"hu\",\"@id\":\"https:\/\/vasasbasket.hu\/#\/schema\/person\/image\/\",\"url\":\"https:\/\/secure.gravatar.com\/avatar\/645c92f7d9cfe02bd93ce2d1cfa11cd3a268bdfe65486552ff04b193cea07634?s=96&d=mm&r=g\",\"contentUrl\":\"https:\/\/secure.gravatar.com\/avatar\/645c92f7d9cfe02bd93ce2d1cfa11cd3a268bdfe65486552ff04b193cea07634?s=96&d=mm&r=g\",\"caption\":\"admin\"},\"url\":\"https:\/\/vasasbasket.hu\/index.php\/author\/admin\/\"}]}<\/script>\n<!-- \/ Yoast SEO plugin. -->","yoast_head_json":{"title":"8. Gyerek fordul\u00f3 Budapest T\u00fcske csarnok - Vasas n\u0151i kos\u00e1rlabda","robots":{"index":"index","follow":"follow","max-snippet":"max-snippet:-1","max-image-preview":"max-image-preview:large","max-video-preview":"max-video-preview:-1"},"canonical":"https:\/\/vasasbasket.hu\/index.php\/8-gyerek-fordulo-budapest-tuske-csarnok\/","og_locale":"hu_HU","og_type":"article","og_title":"8. Gyerek fordul\u00f3 Budapest T\u00fcske csarnok - Vasas n\u0151i kos\u00e1rlabda","og_description":"\u00c1prilis 15. Vas\u00e1rnap\u00a0 Gyerek fordul\u00f3 Budapest T\u00fcske csarnok \u00a0 M\u00e9rk\u0151z\u00e9s 9:00 Vasas Amazonok &#8211; MAFC Gab\u00e1nyi 55-51 hu. ( 8-7, 14-16 (6-9), 5-14, 13-0, 9-5) &nbsp; Pontszerz\u0151k: Vasas: R\u00e1tkai Eszter 23, M\u00e9sz\u00e1ros T\u00e1nja 10, L\u00e1szl\u00f3 R\u00e9ka 7, K\u00e1lm\u00e1n Liza 5, Masier Sophia 4, L\u00e1ng-Miticzky Blanka 3, Mar\u00f3ty Dalma 1, Hruby Laura 1, Igaz Eszter 1,...","og_url":"https:\/\/vasasbasket.hu\/index.php\/8-gyerek-fordulo-budapest-tuske-csarnok\/","og_site_name":"Vasas n\u0151i kos\u00e1rlabda","article_publisher":"https:\/\/www.facebook.com\/vasaswbasket\/","article_published_time":"2018-04-16T05:04:03+00:00","og_image":[{"width":1136,"height":640,"url":"https:\/\/vasasbasket.hu\/wp-content\/uploads\/2018\/04\/IMG-2609.png","type":"image\/png"}],"author":"admin","twitter_card":"summary_large_image","twitter_misc":{"Szerz\u0151:":"admin","Becs\u00fclt olvas\u00e1si id\u0151":"2 perc"},"schema":{"@context":"https:\/\/schema.org","@graph":[{"@type":"Article","@id":"https:\/\/vasasbasket.hu\/index.php\/8-gyerek-fordulo-budapest-tuske-csarnok\/#article","isPartOf":{"@id":"https:\/\/vasasbasket.hu\/index.php\/8-gyerek-fordulo-budapest-tuske-csarnok\/"},"author":{"name":"admin","@id":"https:\/\/vasasbasket.hu\/#\/schema\/person\/f1085f4d2c6582d8d0f977e92de2edee"},"headline":"8. Gyerek fordul\u00f3 Budapest T\u00fcske csarnok","datePublished":"2018-04-16T05:04:03+00:00","mainEntityOfPage":{"@id":"https:\/\/vasasbasket.hu\/index.php\/8-gyerek-fordulo-budapest-tuske-csarnok\/"},"wordCount":474,"publisher":{"@id":"https:\/\/vasasbasket.hu\/#organization"},"image":{"@id":"https:\/\/vasasbasket.hu\/index.php\/8-gyerek-fordulo-budapest-tuske-csarnok\/#primaryimage"},"thumbnailUrl":"https:\/\/vasasbasket.hu\/wp-content\/uploads\/2018\/04\/IMG-2609.png","articleSection":["Gyerek","\u00d6sszes H\u00edr"],"inLanguage":"hu"},{"@type":"WebPage","@id":"https:\/\/vasasbasket.hu\/index.php\/8-gyerek-fordulo-budapest-tuske-csarnok\/","url":"https:\/\/vasasbasket.hu\/index.php\/8-gyerek-fordulo-budapest-tuske-csarnok\/","name":"8. Gyerek fordul\u00f3 Budapest T\u00fcske csarnok - Vasas n\u0151i kos\u00e1rlabda","isPartOf":{"@id":"https:\/\/vasasbasket.hu\/#website"},"primaryImageOfPage":{"@id":"https:\/\/vasasbasket.hu\/index.php\/8-gyerek-fordulo-budapest-tuske-csarnok\/#primaryimage"},"image":{"@id":"https:\/\/vasasbasket.hu\/index.php\/8-gyerek-fordulo-budapest-tuske-csarnok\/#primaryimage"},"thumbnailUrl":"https:\/\/vasasbasket.hu\/wp-content\/uploads\/2018\/04\/IMG-2609.png","datePublished":"2018-04-16T05:04:03+00:00","breadcrumb":{"@id":"https:\/\/vasasbasket.hu\/index.php\/8-gyerek-fordulo-budapest-tuske-csarnok\/#breadcrumb"},"inLanguage":"hu","potentialAction":[{"@type":"ReadAction","target":["https:\/\/vasasbasket.hu\/index.php\/8-gyerek-fordulo-budapest-tuske-csarnok\/"]}]},{"@type":"ImageObject","inLanguage":"hu","@id":"https:\/\/vasasbasket.hu\/index.php\/8-gyerek-fordulo-budapest-tuske-csarnok\/#primaryimage","url":"https:\/\/vasasbasket.hu\/wp-content\/uploads\/2018\/04\/IMG-2609.png","contentUrl":"https:\/\/vasasbasket.hu\/wp-content\/uploads\/2018\/04\/IMG-2609.png","width":1136,"height":640},{"@type":"BreadcrumbList","@id":"https:\/\/vasasbasket.hu\/index.php\/8-gyerek-fordulo-budapest-tuske-csarnok\/#breadcrumb","itemListElement":[{"@type":"ListItem","position":1,"name":"Kezd\u0151lap","item":"https:\/\/vasasbasket.hu\/"},{"@type":"ListItem","position":2,"name":"8. Gyerek fordul\u00f3 Budapest T\u00fcske csarnok"}]},{"@type":"WebSite","@id":"https:\/\/vasasbasket.hu\/#website","url":"https:\/\/vasasbasket.hu\/","name":"Vasas n\u0151i kos\u00e1rlabda","description":"Vasas Basket N\u0151i","publisher":{"@id":"https:\/\/vasasbasket.hu\/#organization"},"potentialAction":[{"@type":"SearchAction","target":{"@type":"EntryPoint","urlTemplate":"https:\/\/vasasbasket.hu\/?s={search_term_string}"},"query-input":{"@type":"PropertyValueSpecification","valueRequired":true,"valueName":"search_term_string"}}],"inLanguage":"hu"},{"@type":"Organization","@id":"https:\/\/vasasbasket.hu\/#organization","name":"Vasas n\u0151i kos\u00e1rlabda","url":"https:\/\/vasasbasket.hu\/","logo":{"@type":"ImageObject","inLanguage":"hu","@id":"https:\/\/vasasbasket.hu\/#\/schema\/logo\/image\/","url":"https:\/\/vasasbasket.hu\/wp-content\/uploads\/2017\/03\/vasas_cimer_1200.jpg","contentUrl":"https:\/\/vasasbasket.hu\/wp-content\/uploads\/2017\/03\/vasas_cimer_1200.jpg","width":1200,"height":1200,"caption":"Vasas n\u0151i kos\u00e1rlabda"},"image":{"@id":"https:\/\/vasasbasket.hu\/#\/schema\/logo\/image\/"},"sameAs":["https:\/\/www.facebook.com\/vasaswbasket\/"]},{"@type":"Person","@id":"https:\/\/vasasbasket.hu\/#\/schema\/person\/f1085f4d2c6582d8d0f977e92de2edee","name":"admin","image":{"@type":"ImageObject","inLanguage":"hu","@id":"https:\/\/vasasbasket.hu\/#\/schema\/person\/image\/","url":"https:\/\/secure.gravatar.com\/avatar\/645c92f7d9cfe02bd93ce2d1cfa11cd3a268bdfe65486552ff04b193cea07634?s=96&d=mm&r=g","contentUrl":"https:\/\/secure.gravatar.com\/avatar\/645c92f7d9cfe02bd93ce2d1cfa11cd3a268bdfe65486552ff04b193cea07634?s=96&d=mm&r=g","caption":"admin"},"url":"https:\/\/vasasbasket.hu\/index.php\/author\/admin\/"}]}},"_links":{"self":[{"href":"https:\/\/vasasbasket.hu\/index.php\/wp-json\/wp\/v2\/posts\/4085","targetHints":{"allow":["GET"]}}],"collection":[{"href":"https:\/\/vasasbasket.hu\/index.php\/wp-json\/wp\/v2\/posts"}],"about":[{"href":"https:\/\/vasasbasket.hu\/index.php\/wp-json\/wp\/v2\/types\/post"}],"author":[{"embeddable":true,"href":"https:\/\/vasasbasket.hu\/index.php\/wp-json\/wp\/v2\/users\/1"}],"replies":[{"embeddable":true,"href":"https:\/\/vasasbasket.hu\/index.php\/wp-json\/wp\/v2\/comments?post=4085"}],"version-history":[{"count":1,"href":"https:\/\/vasasbasket.hu\/index.php\/wp-json\/wp\/v2\/posts\/4085\/revisions"}],"predecessor-version":[{"id":4087,"href":"https:\/\/vasasbasket.hu\/index.php\/wp-json\/wp\/v2\/posts\/4085\/revisions\/4087"}],"wp:featuredmedia":[{"embeddable":true,"href":"https:\/\/vasasbasket.hu\/index.php\/wp-json\/wp\/v2\/media\/4086"}],"wp:attachment":[{"href":"https:\/\/vasasbasket.hu\/index.php\/wp-json\/wp\/v2\/media?parent=4085"}],"wp:term":[{"taxonomy":"category","embeddable":true,"href":"https:\/\/vasasbasket.hu\/index.php\/wp-json\/wp\/v2\/categories?post=4085"},{"taxonomy":"post_tag","embeddable":true,"href":"https:\/\/vasasbasket.hu\/index.php\/wp-json\/wp\/v2\/tags?post=4085"}],"curies":[{"name":"wp","href":"https:\/\/api.w.org\/{rel}","templated":true}]}}