{"id":4068,"date":"2018-04-02T07:25:15","date_gmt":"2018-04-02T07:25:15","guid":{"rendered":"http:\/\/vasasbasket.hu\/?p=4068"},"modified":"2018-04-02T07:25:15","modified_gmt":"2018-04-02T07:25:15","slug":"nemzetkozi-u14-torna-velence","status":"publish","type":"post","link":"https:\/\/vasasbasket.hu\/index.php\/nemzetkozi-u14-torna-velence\/","title":{"rendered":"Nemzetk\u00f6zi U14 Torna, Velence"},"content":{"rendered":"<p>2018.03.29. 17:00<\/p>\n<h2>Vasas Akad\u00e9mia &#8211; ZKK Celje 34-51<\/h2>\n<p>(2-18,10-14,12-8,10-11)<\/p>\n<p>Vasas Akad\u00e9mia: Antal F. 6, Van Rijs L. 5, Van Rijs D. 12, Herhoff D., Kozma Z., K\u00fcrti D., T\u00f3th B. 2, \u00c9des E. 6, Benk\u00f3 E., Sztraka B. 3, So\u00f3s R., Szil\u00e1gyi \u00c1.<\/p>\n<p>\u00c9rt\u00e9kel\u00e9s: Az els\u0151 negyed r\u00f6vidz\u00e1rlata ut\u00e1n m\u00e1r kiegyenl\u00edtett m\u00e9rk\u0151z\u00e9st tudtunk j\u00e1tszani. Ellenfel\u00fcnk sikeres kinti dob\u00e1saira nehezen \u00e9rt\u00fcnk ki s\u0151t, mikor kihagyt\u00e1k a dob\u00e1st sikertelen\u00fcl z\u00e1rtuk ki a t\u00e1mad\u00f3kat. T\u00e1mad\u00e1sban m\u00e9g mindig rengeteg \u00fcres helyzetet rontottunk, \u00edgy \u00fajra csak magunkat okolhajtjuk.<\/p>\n<p><img loading=\"lazy\" decoding=\"async\" class=\"alignnone wp-image-4070 size-full\" src=\"http:\/\/vasasbasket.hu\/wp-content\/uploads\/2018\/04\/IMG_20180331_135445.jpg\" alt=\"\" width=\"1280\" height=\"960\" srcset=\"https:\/\/vasasbasket.hu\/wp-content\/uploads\/2018\/04\/IMG_20180331_135445.jpg 1280w, https:\/\/vasasbasket.hu\/wp-content\/uploads\/2018\/04\/IMG_20180331_135445-570x428.jpg 570w, https:\/\/vasasbasket.hu\/wp-content\/uploads\/2018\/04\/IMG_20180331_135445-440x330.jpg 440w, https:\/\/vasasbasket.hu\/wp-content\/uploads\/2018\/04\/IMG_20180331_135445-300x225.jpg 300w, https:\/\/vasasbasket.hu\/wp-content\/uploads\/2018\/04\/IMG_20180331_135445-768x576.jpg 768w, https:\/\/vasasbasket.hu\/wp-content\/uploads\/2018\/04\/IMG_20180331_135445-1024x768.jpg 1024w, https:\/\/vasasbasket.hu\/wp-content\/uploads\/2018\/04\/IMG_20180331_135445-128x96.jpg 128w, https:\/\/vasasbasket.hu\/wp-content\/uploads\/2018\/04\/IMG_20180331_135445-32x24.jpg 32w, https:\/\/vasasbasket.hu\/wp-content\/uploads\/2018\/04\/IMG_20180331_135445-98x74.jpg 98w\" sizes=\"auto, (max-width: 1280px) 100vw, 1280px\" \/><\/p>\n<p>2018.03.30. 11:30<\/p>\n<h2>Selezione Friulli &#8211; Vasas Akad\u00e9mia 26-89<\/h2>\n<p>(5-23,13-22,7-25,1-19)<\/p>\n<p>Vasas Akad\u00e9mia: Antal F. 8, Van Rijs L. 9, Van Rijs D. 6, Herhoff D. 2, Kozma Z. 12, K\u00fcrti D. 6, T\u00f3th B. 1, \u00c9des E. 15, Benk\u00f3 E. 8, Sztraka B. 14, So\u00f3s R. 6, Szil\u00e1gyi \u00c1. 6\/3<\/p>\n<p>\u00c9rt\u00e9kel\u00e9s: Egy 2005-\u00f6s tartom\u00e1nyi v\u00e1logatott ellen j\u00e1tszottuk m\u00e1sodik meccs\u00fcnket. Az els\u0151 5perc alv\u00e1sa ut\u00e1n siker\u00fclt fel\u00e9bredn\u00fcnk, \u00e9s k\u00f6nnyed\u00e9n hoztuk a gy\u0151zelmet. T\u00e1mad\u00e1sba \u00e9s v\u00e9dekez\u00e9sben is sokat tudtunk gyakorolni. \u00d6r\u00fcl\u00f6k, hogy mindenki dobott pontot.<\/p>\n<p>&nbsp;<\/p>\n<p>2018.03.30. 18:00<\/p>\n<h2>Vasas Akad\u00e9mia &#8211; BSK Riga 69-44<\/h2>\n<p>(9-14,17-8,21-13,22-9)<\/p>\n<p>&nbsp;<\/p>\n<p>Vasas Akad\u00e9mia: Antal F. 12\/3, Van Rijs L. 20\/3, Van Rijs D. 11, Herhoff D. 3\/3, Kozma Z. 4, K\u00fcrti D., T\u00f3th B. 6, \u00c9des E. 9, Benk\u00f3 E. 6, Sztraka B., So\u00f3s R., Szil\u00e1gyi \u00c1.<\/p>\n<p>\u00c9rt\u00e9kel\u00e9s: A m\u00e1sodik negyedt\u0151l kezdve kell\u0151 nyom\u00e1s alatt tartottuk ellenfel\u00fcnket, \u00e9s v\u00e9g\u00fcl 25 pontos gy\u0151zelmet arattunk. A csoportban k\u00f6rbever\u00e9s alakult ki az els\u0151 h\u00e1rom helyen, az els\u0151 helyt\u0151l egy dobott ponttal maradtunk le. \u00cdgy m\u00e1snap a m\u00e1sik csoport gy\u0151ztes\u00e9vel j\u00e1tszottuk az el\u0151d\u00f6nt\u0151t.<\/p>\n<p>&nbsp;<\/p>\n<p>2018.03.31. 9:30<\/p>\n<h2>ZKK Zagreb &#8211; Vasas Akad\u00e9mia 77-32<\/h2>\n<p>(24-14,16-4,15-11,22-3)<\/p>\n<p>&nbsp;<\/p>\n<p>Vasas Akad\u00e9mia: Antal F. 7\/3, Van Rijs L. 4, Van Rijs D. 4, Herhoff D. 1, Kozma Z. 1, K\u00fcrti D. , T\u00f3th B. , \u00c9des E. 9, Benk\u00f3 E. 2, Sztraka B. 2, So\u00f3s R. 2, Szil\u00e1gyi \u00c1.<\/p>\n<p>\u00c9rt\u00e9kel\u00e9s: A horv\u00e1t csapat U15-\u00f6s csapattal \u00e9rkezett az U14-es torn\u00e1ra, akik m\u00e9g abban a koroszt\u00e1lyban is magasnak sz\u00e1m\u00edtanak, \u00edgy nem volt sok es\u00e9ly\u00fcnk a d\u00f6t\u0151be jut\u00e1sra. Az els\u0151 7 percben \u00e9s a m\u00e1sodik f\u00e9lid\u0151 elej\u00e9n siker\u00fclt eg\u00e1lt j\u00e1tszanunk ellenfel\u00fcnkkel, de igaz\u00e1b\u00f3l m\u00e1r a bronz m\u00e9rk\u0151z\u00e9sre k\u00e9sz\u00fclt\u00fcnk.<\/p>\n<p>&nbsp;<\/p>\n<p>2018.03.31. 14:30<\/p>\n<h2>Vasas Akad\u00e9mia &#8211; Soproni Darazsak Akad\u00e9mia 53-57<\/h2>\n<p>(13-12,10-16,10-7,20-22)<\/p>\n<p>&nbsp;<\/p>\n<p>Vasas Akad\u00e9mia: Antal F. 7\/3, Van Rijs L. 2, Van Rijs D. 12, Herhoff D. 4, Kozma Z. 2, K\u00fcrti D., T\u00f3th B., \u00c9des E. 22\/6, Benk\u00f3 E. 2, Sztraka B. 2, So\u00f3s R., Szil\u00e1gyi \u00c1.<\/p>\n<p>&nbsp;<\/p>\n<p>\u00c9rt\u00e9kel\u00e9s: Sokszor tal\u00e1lkoztunk id\u00e9n a Sopronnal, de m\u00e9g nem siker\u00fclt \u0151ket legy\u0151zni. Jellemz\u0151en p\u00e1r pontos m\u00e9rk\u0151z\u00e9seket j\u00e1tszottunk, ez\u00e9rt is nagy harci kedvvel kezdt\u00fck a m\u00e9rk\u0151z\u00e9st. A m\u00e1sodik negyed v\u00e9g\u00e9n nem tudtunk megfelel\u0151en koncentr\u00e1lni \u00e9s 5 pontos h\u00e1tr\u00e1nyban fordultunk. A harmadik negyed elej\u00e9n behoztuk a lemarad\u00e1st \u00e9s v\u00e9gig 2-3 pontos h\u00e1tr\u00e1nyban voltunk. Az utols\u00f3 m\u00e1sf\u00e9l pecre 7 pontos h\u00e1tr\u00e1nnyal fordultunk, amit rossz soproni b\u00fcntet\u0151z\u00e9snek \u00e9s a mi brav\u00far tripl\u00e1inknak k\u00f6sz\u00f6nhet\u0151en 3 pontra cs\u00f6kkentett\u00fck. Sajnos ekkor kihagytunk egy ziccert \u00e9s ellenfel\u00fcnk is bedobott egy b\u00fcntet\u0151t, a fentmarad\u00f3 id\u0151ben m\u00e1r csak egy eladott labd\u00e1ig jutottunk, ami megpecs\u00e9telte sorsunkat \u00e9s a negyedik helyen z\u00e1rtuk a torn\u00e1t T\u00e1mad\u00e1sban \u00e9s v\u00e9dekez\u00e9sben is sok fegyelmezetlens\u00e9gnek \u00e9s\/vagy figyelmetlens\u00e9gnek tulajdon\u00edtom veres\u00e9g\u00fcnket.<\/p>\n<p>&nbsp;<\/p>\n<p>Nagyon hasznos \u00e9s j\u00f3 sz\u00ednvonal\u00fa torn\u00e1n vehett\u00fcnk r\u00e9szt, ami seg\u00edti felk\u00e9sz\u00fcl\u00e9s\u00fcnket az el\u0151tt\u00fcnk \u00e1ll\u00f3 orsz\u00e1gos fordul\u00f3hoz. Sokat fejl\u0151dt\u00fcnk a m\u00e9rk\u0151z\u00e9sek alatt, de t\u00f6bb koncentr\u00e1ci\u00f3 kell ahhoz, hogy l\u00e9nyegesen el\u0151re l\u00e9pj\u00fcnk.<\/p>\n","protected":false},"excerpt":{"rendered":"<p>2018.03.29. 17:00 Vasas Akad\u00e9mia &#8211; ZKK Celje 34-51 (2-18,10-14,12-8,10-11) Vasas Akad\u00e9mia: Antal F. 6, Van Rijs L. 5, Van Rijs D. 12, Herhoff D., Kozma Z., K\u00fcrti D., T\u00f3th B. 2, \u00c9des E. 6, Benk\u00f3 E., Sztraka B. 3, So\u00f3s R., Szil\u00e1gyi \u00c1. \u00c9rt\u00e9kel\u00e9s: Az els\u0151 negyed r\u00f6vidz\u00e1rlata ut\u00e1n m\u00e1r kiegyenl\u00edtett m\u00e9rk\u0151z\u00e9st tudtunk j\u00e1tszani. Ellenfel\u00fcnk&#8230;<\/p>\n","protected":false},"author":1,"featured_media":4069,"comment_status":"closed","ping_status":"open","sticky":false,"template":"","format":"standard","meta":{"footnotes":""},"categories":[52,92],"tags":[],"class_list":["post-4068","post","type-post","status-publish","format-standard","has-post-thumbnail","hentry","category-serdulo","category-hirek"],"yoast_head":"<!-- This site is optimized with the Yoast SEO plugin v26.0 - https:\/\/yoast.com\/wordpress\/plugins\/seo\/ -->\n<title>Nemzetk\u00f6zi U14 Torna, Velence - Vasas n\u0151i kos\u00e1rlabda<\/title>\n<meta name=\"robots\" content=\"index, follow, max-snippet:-1, max-image-preview:large, max-video-preview:-1\" \/>\n<link rel=\"canonical\" href=\"https:\/\/vasasbasket.hu\/index.php\/nemzetkozi-u14-torna-velence\/\" \/>\n<meta property=\"og:locale\" content=\"hu_HU\" \/>\n<meta property=\"og:type\" content=\"article\" \/>\n<meta property=\"og:title\" content=\"Nemzetk\u00f6zi U14 Torna, Velence - Vasas n\u0151i kos\u00e1rlabda\" \/>\n<meta property=\"og:description\" content=\"2018.03.29. 17:00 Vasas Akad\u00e9mia &#8211; ZKK Celje 34-51 (2-18,10-14,12-8,10-11) Vasas Akad\u00e9mia: Antal F. 6, Van Rijs L. 5, Van Rijs D. 12, Herhoff D., Kozma Z., K\u00fcrti D., T\u00f3th B. 2, \u00c9des E. 6, Benk\u00f3 E., Sztraka B. 3, So\u00f3s R., Szil\u00e1gyi \u00c1. \u00c9rt\u00e9kel\u00e9s: Az els\u0151 negyed r\u00f6vidz\u00e1rlata ut\u00e1n m\u00e1r kiegyenl\u00edtett m\u00e9rk\u0151z\u00e9st tudtunk j\u00e1tszani. Ellenfel\u00fcnk...\" \/>\n<meta property=\"og:url\" content=\"https:\/\/vasasbasket.hu\/index.php\/nemzetkozi-u14-torna-velence\/\" \/>\n<meta property=\"og:site_name\" content=\"Vasas n\u0151i kos\u00e1rlabda\" \/>\n<meta property=\"article:publisher\" content=\"https:\/\/www.facebook.com\/vasaswbasket\/\" \/>\n<meta property=\"article:published_time\" content=\"2018-04-02T07:25:15+00:00\" \/>\n<meta property=\"og:image\" content=\"https:\/\/vasasbasket.hu\/wp-content\/uploads\/2018\/04\/IMG_20180330_155109.jpg\" \/>\n\t<meta property=\"og:image:width\" content=\"1280\" \/>\n\t<meta property=\"og:image:height\" content=\"960\" \/>\n\t<meta property=\"og:image:type\" content=\"image\/jpeg\" \/>\n<meta name=\"author\" content=\"admin\" \/>\n<meta name=\"twitter:card\" content=\"summary_large_image\" \/>\n<meta name=\"twitter:label1\" content=\"Szerz\u0151:\" \/>\n\t<meta name=\"twitter:data1\" content=\"admin\" \/>\n\t<meta name=\"twitter:label2\" content=\"Becs\u00fclt olvas\u00e1si id\u0151\" \/>\n\t<meta name=\"twitter:data2\" content=\"4 perc\" \/>\n<script type=\"application\/ld+json\" class=\"yoast-schema-graph\">{\"@context\":\"https:\/\/schema.org\",\"@graph\":[{\"@type\":\"Article\",\"@id\":\"https:\/\/vasasbasket.hu\/index.php\/nemzetkozi-u14-torna-velence\/#article\",\"isPartOf\":{\"@id\":\"https:\/\/vasasbasket.hu\/index.php\/nemzetkozi-u14-torna-velence\/\"},\"author\":{\"name\":\"admin\",\"@id\":\"https:\/\/vasasbasket.hu\/#\/schema\/person\/f1085f4d2c6582d8d0f977e92de2edee\"},\"headline\":\"Nemzetk\u00f6zi U14 Torna, Velence\",\"datePublished\":\"2018-04-02T07:25:15+00:00\",\"mainEntityOfPage\":{\"@id\":\"https:\/\/vasasbasket.hu\/index.php\/nemzetkozi-u14-torna-velence\/\"},\"wordCount\":714,\"publisher\":{\"@id\":\"https:\/\/vasasbasket.hu\/#organization\"},\"image\":{\"@id\":\"https:\/\/vasasbasket.hu\/index.php\/nemzetkozi-u14-torna-velence\/#primaryimage\"},\"thumbnailUrl\":\"https:\/\/vasasbasket.hu\/wp-content\/uploads\/2018\/04\/IMG_20180330_155109.jpg\",\"articleSection\":[\"Serd\u00fcl\u0151\",\"\u00d6sszes H\u00edr\"],\"inLanguage\":\"hu\"},{\"@type\":\"WebPage\",\"@id\":\"https:\/\/vasasbasket.hu\/index.php\/nemzetkozi-u14-torna-velence\/\",\"url\":\"https:\/\/vasasbasket.hu\/index.php\/nemzetkozi-u14-torna-velence\/\",\"name\":\"Nemzetk\u00f6zi U14 Torna, Velence - Vasas n\u0151i kos\u00e1rlabda\",\"isPartOf\":{\"@id\":\"https:\/\/vasasbasket.hu\/#website\"},\"primaryImageOfPage\":{\"@id\":\"https:\/\/vasasbasket.hu\/index.php\/nemzetkozi-u14-torna-velence\/#primaryimage\"},\"image\":{\"@id\":\"https:\/\/vasasbasket.hu\/index.php\/nemzetkozi-u14-torna-velence\/#primaryimage\"},\"thumbnailUrl\":\"https:\/\/vasasbasket.hu\/wp-content\/uploads\/2018\/04\/IMG_20180330_155109.jpg\",\"datePublished\":\"2018-04-02T07:25:15+00:00\",\"breadcrumb\":{\"@id\":\"https:\/\/vasasbasket.hu\/index.php\/nemzetkozi-u14-torna-velence\/#breadcrumb\"},\"inLanguage\":\"hu\",\"potentialAction\":[{\"@type\":\"ReadAction\",\"target\":[\"https:\/\/vasasbasket.hu\/index.php\/nemzetkozi-u14-torna-velence\/\"]}]},{\"@type\":\"ImageObject\",\"inLanguage\":\"hu\",\"@id\":\"https:\/\/vasasbasket.hu\/index.php\/nemzetkozi-u14-torna-velence\/#primaryimage\",\"url\":\"https:\/\/vasasbasket.hu\/wp-content\/uploads\/2018\/04\/IMG_20180330_155109.jpg\",\"contentUrl\":\"https:\/\/vasasbasket.hu\/wp-content\/uploads\/2018\/04\/IMG_20180330_155109.jpg\",\"width\":1280,\"height\":960},{\"@type\":\"BreadcrumbList\",\"@id\":\"https:\/\/vasasbasket.hu\/index.php\/nemzetkozi-u14-torna-velence\/#breadcrumb\",\"itemListElement\":[{\"@type\":\"ListItem\",\"position\":1,\"name\":\"Kezd\u0151lap\",\"item\":\"https:\/\/vasasbasket.hu\/\"},{\"@type\":\"ListItem\",\"position\":2,\"name\":\"Nemzetk\u00f6zi U14 Torna, Velence\"}]},{\"@type\":\"WebSite\",\"@id\":\"https:\/\/vasasbasket.hu\/#website\",\"url\":\"https:\/\/vasasbasket.hu\/\",\"name\":\"Vasas n\u0151i kos\u00e1rlabda\",\"description\":\"Vasas Basket N\u0151i\",\"publisher\":{\"@id\":\"https:\/\/vasasbasket.hu\/#organization\"},\"potentialAction\":[{\"@type\":\"SearchAction\",\"target\":{\"@type\":\"EntryPoint\",\"urlTemplate\":\"https:\/\/vasasbasket.hu\/?s={search_term_string}\"},\"query-input\":{\"@type\":\"PropertyValueSpecification\",\"valueRequired\":true,\"valueName\":\"search_term_string\"}}],\"inLanguage\":\"hu\"},{\"@type\":\"Organization\",\"@id\":\"https:\/\/vasasbasket.hu\/#organization\",\"name\":\"Vasas n\u0151i kos\u00e1rlabda\",\"url\":\"https:\/\/vasasbasket.hu\/\",\"logo\":{\"@type\":\"ImageObject\",\"inLanguage\":\"hu\",\"@id\":\"https:\/\/vasasbasket.hu\/#\/schema\/logo\/image\/\",\"url\":\"https:\/\/vasasbasket.hu\/wp-content\/uploads\/2017\/03\/vasas_cimer_1200.jpg\",\"contentUrl\":\"https:\/\/vasasbasket.hu\/wp-content\/uploads\/2017\/03\/vasas_cimer_1200.jpg\",\"width\":1200,\"height\":1200,\"caption\":\"Vasas n\u0151i kos\u00e1rlabda\"},\"image\":{\"@id\":\"https:\/\/vasasbasket.hu\/#\/schema\/logo\/image\/\"},\"sameAs\":[\"https:\/\/www.facebook.com\/vasaswbasket\/\"]},{\"@type\":\"Person\",\"@id\":\"https:\/\/vasasbasket.hu\/#\/schema\/person\/f1085f4d2c6582d8d0f977e92de2edee\",\"name\":\"admin\",\"image\":{\"@type\":\"ImageObject\",\"inLanguage\":\"hu\",\"@id\":\"https:\/\/vasasbasket.hu\/#\/schema\/person\/image\/\",\"url\":\"https:\/\/secure.gravatar.com\/avatar\/645c92f7d9cfe02bd93ce2d1cfa11cd3a268bdfe65486552ff04b193cea07634?s=96&d=mm&r=g\",\"contentUrl\":\"https:\/\/secure.gravatar.com\/avatar\/645c92f7d9cfe02bd93ce2d1cfa11cd3a268bdfe65486552ff04b193cea07634?s=96&d=mm&r=g\",\"caption\":\"admin\"},\"url\":\"https:\/\/vasasbasket.hu\/index.php\/author\/admin\/\"}]}<\/script>\n<!-- \/ Yoast SEO plugin. -->","yoast_head_json":{"title":"Nemzetk\u00f6zi U14 Torna, Velence - Vasas n\u0151i kos\u00e1rlabda","robots":{"index":"index","follow":"follow","max-snippet":"max-snippet:-1","max-image-preview":"max-image-preview:large","max-video-preview":"max-video-preview:-1"},"canonical":"https:\/\/vasasbasket.hu\/index.php\/nemzetkozi-u14-torna-velence\/","og_locale":"hu_HU","og_type":"article","og_title":"Nemzetk\u00f6zi U14 Torna, Velence - Vasas n\u0151i kos\u00e1rlabda","og_description":"2018.03.29. 17:00 Vasas Akad\u00e9mia &#8211; ZKK Celje 34-51 (2-18,10-14,12-8,10-11) Vasas Akad\u00e9mia: Antal F. 6, Van Rijs L. 5, Van Rijs D. 12, Herhoff D., Kozma Z., K\u00fcrti D., T\u00f3th B. 2, \u00c9des E. 6, Benk\u00f3 E., Sztraka B. 3, So\u00f3s R., Szil\u00e1gyi \u00c1. \u00c9rt\u00e9kel\u00e9s: Az els\u0151 negyed r\u00f6vidz\u00e1rlata ut\u00e1n m\u00e1r kiegyenl\u00edtett m\u00e9rk\u0151z\u00e9st tudtunk j\u00e1tszani. Ellenfel\u00fcnk...","og_url":"https:\/\/vasasbasket.hu\/index.php\/nemzetkozi-u14-torna-velence\/","og_site_name":"Vasas n\u0151i kos\u00e1rlabda","article_publisher":"https:\/\/www.facebook.com\/vasaswbasket\/","article_published_time":"2018-04-02T07:25:15+00:00","og_image":[{"width":1280,"height":960,"url":"https:\/\/vasasbasket.hu\/wp-content\/uploads\/2018\/04\/IMG_20180330_155109.jpg","type":"image\/jpeg"}],"author":"admin","twitter_card":"summary_large_image","twitter_misc":{"Szerz\u0151:":"admin","Becs\u00fclt olvas\u00e1si id\u0151":"4 perc"},"schema":{"@context":"https:\/\/schema.org","@graph":[{"@type":"Article","@id":"https:\/\/vasasbasket.hu\/index.php\/nemzetkozi-u14-torna-velence\/#article","isPartOf":{"@id":"https:\/\/vasasbasket.hu\/index.php\/nemzetkozi-u14-torna-velence\/"},"author":{"name":"admin","@id":"https:\/\/vasasbasket.hu\/#\/schema\/person\/f1085f4d2c6582d8d0f977e92de2edee"},"headline":"Nemzetk\u00f6zi U14 Torna, Velence","datePublished":"2018-04-02T07:25:15+00:00","mainEntityOfPage":{"@id":"https:\/\/vasasbasket.hu\/index.php\/nemzetkozi-u14-torna-velence\/"},"wordCount":714,"publisher":{"@id":"https:\/\/vasasbasket.hu\/#organization"},"image":{"@id":"https:\/\/vasasbasket.hu\/index.php\/nemzetkozi-u14-torna-velence\/#primaryimage"},"thumbnailUrl":"https:\/\/vasasbasket.hu\/wp-content\/uploads\/2018\/04\/IMG_20180330_155109.jpg","articleSection":["Serd\u00fcl\u0151","\u00d6sszes H\u00edr"],"inLanguage":"hu"},{"@type":"WebPage","@id":"https:\/\/vasasbasket.hu\/index.php\/nemzetkozi-u14-torna-velence\/","url":"https:\/\/vasasbasket.hu\/index.php\/nemzetkozi-u14-torna-velence\/","name":"Nemzetk\u00f6zi U14 Torna, Velence - Vasas n\u0151i kos\u00e1rlabda","isPartOf":{"@id":"https:\/\/vasasbasket.hu\/#website"},"primaryImageOfPage":{"@id":"https:\/\/vasasbasket.hu\/index.php\/nemzetkozi-u14-torna-velence\/#primaryimage"},"image":{"@id":"https:\/\/vasasbasket.hu\/index.php\/nemzetkozi-u14-torna-velence\/#primaryimage"},"thumbnailUrl":"https:\/\/vasasbasket.hu\/wp-content\/uploads\/2018\/04\/IMG_20180330_155109.jpg","datePublished":"2018-04-02T07:25:15+00:00","breadcrumb":{"@id":"https:\/\/vasasbasket.hu\/index.php\/nemzetkozi-u14-torna-velence\/#breadcrumb"},"inLanguage":"hu","potentialAction":[{"@type":"ReadAction","target":["https:\/\/vasasbasket.hu\/index.php\/nemzetkozi-u14-torna-velence\/"]}]},{"@type":"ImageObject","inLanguage":"hu","@id":"https:\/\/vasasbasket.hu\/index.php\/nemzetkozi-u14-torna-velence\/#primaryimage","url":"https:\/\/vasasbasket.hu\/wp-content\/uploads\/2018\/04\/IMG_20180330_155109.jpg","contentUrl":"https:\/\/vasasbasket.hu\/wp-content\/uploads\/2018\/04\/IMG_20180330_155109.jpg","width":1280,"height":960},{"@type":"BreadcrumbList","@id":"https:\/\/vasasbasket.hu\/index.php\/nemzetkozi-u14-torna-velence\/#breadcrumb","itemListElement":[{"@type":"ListItem","position":1,"name":"Kezd\u0151lap","item":"https:\/\/vasasbasket.hu\/"},{"@type":"ListItem","position":2,"name":"Nemzetk\u00f6zi U14 Torna, Velence"}]},{"@type":"WebSite","@id":"https:\/\/vasasbasket.hu\/#website","url":"https:\/\/vasasbasket.hu\/","name":"Vasas n\u0151i kos\u00e1rlabda","description":"Vasas Basket N\u0151i","publisher":{"@id":"https:\/\/vasasbasket.hu\/#organization"},"potentialAction":[{"@type":"SearchAction","target":{"@type":"EntryPoint","urlTemplate":"https:\/\/vasasbasket.hu\/?s={search_term_string}"},"query-input":{"@type":"PropertyValueSpecification","valueRequired":true,"valueName":"search_term_string"}}],"inLanguage":"hu"},{"@type":"Organization","@id":"https:\/\/vasasbasket.hu\/#organization","name":"Vasas n\u0151i kos\u00e1rlabda","url":"https:\/\/vasasbasket.hu\/","logo":{"@type":"ImageObject","inLanguage":"hu","@id":"https:\/\/vasasbasket.hu\/#\/schema\/logo\/image\/","url":"https:\/\/vasasbasket.hu\/wp-content\/uploads\/2017\/03\/vasas_cimer_1200.jpg","contentUrl":"https:\/\/vasasbasket.hu\/wp-content\/uploads\/2017\/03\/vasas_cimer_1200.jpg","width":1200,"height":1200,"caption":"Vasas n\u0151i kos\u00e1rlabda"},"image":{"@id":"https:\/\/vasasbasket.hu\/#\/schema\/logo\/image\/"},"sameAs":["https:\/\/www.facebook.com\/vasaswbasket\/"]},{"@type":"Person","@id":"https:\/\/vasasbasket.hu\/#\/schema\/person\/f1085f4d2c6582d8d0f977e92de2edee","name":"admin","image":{"@type":"ImageObject","inLanguage":"hu","@id":"https:\/\/vasasbasket.hu\/#\/schema\/person\/image\/","url":"https:\/\/secure.gravatar.com\/avatar\/645c92f7d9cfe02bd93ce2d1cfa11cd3a268bdfe65486552ff04b193cea07634?s=96&d=mm&r=g","contentUrl":"https:\/\/secure.gravatar.com\/avatar\/645c92f7d9cfe02bd93ce2d1cfa11cd3a268bdfe65486552ff04b193cea07634?s=96&d=mm&r=g","caption":"admin"},"url":"https:\/\/vasasbasket.hu\/index.php\/author\/admin\/"}]}},"_links":{"self":[{"href":"https:\/\/vasasbasket.hu\/index.php\/wp-json\/wp\/v2\/posts\/4068","targetHints":{"allow":["GET"]}}],"collection":[{"href":"https:\/\/vasasbasket.hu\/index.php\/wp-json\/wp\/v2\/posts"}],"about":[{"href":"https:\/\/vasasbasket.hu\/index.php\/wp-json\/wp\/v2\/types\/post"}],"author":[{"embeddable":true,"href":"https:\/\/vasasbasket.hu\/index.php\/wp-json\/wp\/v2\/users\/1"}],"replies":[{"embeddable":true,"href":"https:\/\/vasasbasket.hu\/index.php\/wp-json\/wp\/v2\/comments?post=4068"}],"version-history":[{"count":1,"href":"https:\/\/vasasbasket.hu\/index.php\/wp-json\/wp\/v2\/posts\/4068\/revisions"}],"predecessor-version":[{"id":4071,"href":"https:\/\/vasasbasket.hu\/index.php\/wp-json\/wp\/v2\/posts\/4068\/revisions\/4071"}],"wp:featuredmedia":[{"embeddable":true,"href":"https:\/\/vasasbasket.hu\/index.php\/wp-json\/wp\/v2\/media\/4069"}],"wp:attachment":[{"href":"https:\/\/vasasbasket.hu\/index.php\/wp-json\/wp\/v2\/media?parent=4068"}],"wp:term":[{"taxonomy":"category","embeddable":true,"href":"https:\/\/vasasbasket.hu\/index.php\/wp-json\/wp\/v2\/categories?post=4068"},{"taxonomy":"post_tag","embeddable":true,"href":"https:\/\/vasasbasket.hu\/index.php\/wp-json\/wp\/v2\/tags?post=4068"}],"curies":[{"name":"wp","href":"https:\/\/api.w.org\/{rel}","templated":true}]}}