{"id":4040,"date":"2018-03-26T08:41:39","date_gmt":"2018-03-26T08:41:39","guid":{"rendered":"http:\/\/vasasbasket.hu\/?p=4040"},"modified":"2018-03-26T08:41:39","modified_gmt":"2018-03-26T08:41:39","slug":"megkezdte-a-felkeszulest-a-3x3-as-u18-as-leany-valogatott","status":"publish","type":"post","link":"https:\/\/vasasbasket.hu\/index.php\/megkezdte-a-felkeszulest-a-3x3-as-u18-as-leany-valogatott\/","title":{"rendered":"Megkezdte a felk\u00e9sz\u00fcl\u00e9st a 3&#215;3-as U18-as le\u00e1ny v\u00e1logatott"},"content":{"rendered":"<p>H\u00e9tf\u0151n, az MKOSZ sz\u00e9kesfeh\u00e9rv\u00e1ri edz\u0151k\u00f6zpontj\u00e1ban a 3&#215;3-as U18-as le\u00e1ny v\u00e1logatott is megkezdte felk\u00e9sz\u00fcl\u00e9s\u00e9t a 2018-as id\u00e9nyre.<\/p>\n<p>F\u00f6ldi Attila sz\u00f6vets\u00e9gi edz\u0151t\u0151l Boros Berta, Bud\u00e1csik Dorottya, Kov\u00e1cs Kitti Regina, Mad\u00e1r Kata, R\u00e9v\u00e9sz Bor\u00f3ka, T\u00f3th Orsolya, Varga Eszter \u00e9s V\u00e1ri Zita kapott megh\u00edv\u00f3t a k\u00f6z\u00f6s munk\u00e1ra.<\/p>\n<p>A 3&#215;3 U18-as nemzeti csapatra a Europe Cup (Eur\u00f3pa-bajnoks\u00e1g), \u00e9s \u2013 amennyiben az \u00e1prilis 1-jei vil\u00e1granglist\u00e1n meg\u0151rzik jelenlegi helyez\u00e9s\u00fcket \u2013 az okt\u00f3beri Ifj\u00fas\u00e1gi Olimpiai J\u00e1t\u00e9kok k\u00fczdelmei v\u00e1rnak.<\/p>\n<p><strong>A Vasast k\u00e9pvideli:\u00a0Boros Berta, Bud\u00e1csik Dorottya \u00e9s\u00a0T\u00f3th Orsolya<\/strong><\/p>\n","protected":false},"excerpt":{"rendered":"<p>H\u00e9tf\u0151n, az MKOSZ sz\u00e9kesfeh\u00e9rv\u00e1ri edz\u0151k\u00f6zpontj\u00e1ban a 3&#215;3-as U18-as le\u00e1ny v\u00e1logatott is megkezdte felk\u00e9sz\u00fcl\u00e9s\u00e9t a 2018-as id\u00e9nyre. F\u00f6ldi Attila sz\u00f6vets\u00e9gi edz\u0151t\u0151l Boros Berta, Bud\u00e1csik Dorottya, Kov\u00e1cs Kitti Regina, Mad\u00e1r Kata, R\u00e9v\u00e9sz Bor\u00f3ka, T\u00f3th Orsolya, Varga Eszter \u00e9s V\u00e1ri Zita kapott megh\u00edv\u00f3t a k\u00f6z\u00f6s munk\u00e1ra. A 3&#215;3 U18-as nemzeti csapatra a Europe Cup (Eur\u00f3pa-bajnoks\u00e1g), \u00e9s \u2013 amennyiben&#8230;<\/p>\n","protected":false},"author":1,"featured_media":3148,"comment_status":"closed","ping_status":"open","sticky":false,"template":"","format":"standard","meta":{"footnotes":""},"categories":[91,92],"tags":[],"class_list":["post-4040","post","type-post","status-publish","format-standard","has-post-thumbnail","hentry","category-vasas","category-hirek"],"yoast_head":"<!-- This site is optimized with the Yoast SEO plugin v26.0 - https:\/\/yoast.com\/wordpress\/plugins\/seo\/ -->\n<title>Megkezdte a felk\u00e9sz\u00fcl\u00e9st a 3x3-as U18-as le\u00e1ny v\u00e1logatott - Vasas n\u0151i kos\u00e1rlabda<\/title>\n<meta name=\"robots\" content=\"index, follow, max-snippet:-1, max-image-preview:large, max-video-preview:-1\" \/>\n<link rel=\"canonical\" href=\"https:\/\/vasasbasket.hu\/index.php\/megkezdte-a-felkeszulest-a-3x3-as-u18-as-leany-valogatott\/\" \/>\n<meta property=\"og:locale\" content=\"hu_HU\" \/>\n<meta property=\"og:type\" content=\"article\" \/>\n<meta property=\"og:title\" content=\"Megkezdte a felk\u00e9sz\u00fcl\u00e9st a 3x3-as U18-as le\u00e1ny v\u00e1logatott - Vasas n\u0151i kos\u00e1rlabda\" \/>\n<meta property=\"og:description\" content=\"H\u00e9tf\u0151n, az MKOSZ sz\u00e9kesfeh\u00e9rv\u00e1ri edz\u0151k\u00f6zpontj\u00e1ban a 3&#215;3-as U18-as le\u00e1ny v\u00e1logatott is megkezdte felk\u00e9sz\u00fcl\u00e9s\u00e9t a 2018-as id\u00e9nyre. F\u00f6ldi Attila sz\u00f6vets\u00e9gi edz\u0151t\u0151l Boros Berta, Bud\u00e1csik Dorottya, Kov\u00e1cs Kitti Regina, Mad\u00e1r Kata, R\u00e9v\u00e9sz Bor\u00f3ka, T\u00f3th Orsolya, Varga Eszter \u00e9s V\u00e1ri Zita kapott megh\u00edv\u00f3t a k\u00f6z\u00f6s munk\u00e1ra. A 3&#215;3 U18-as nemzeti csapatra a Europe Cup (Eur\u00f3pa-bajnoks\u00e1g), \u00e9s \u2013 amennyiben...\" \/>\n<meta property=\"og:url\" content=\"https:\/\/vasasbasket.hu\/index.php\/megkezdte-a-felkeszulest-a-3x3-as-u18-as-leany-valogatott\/\" \/>\n<meta property=\"og:site_name\" content=\"Vasas n\u0151i kos\u00e1rlabda\" \/>\n<meta property=\"article:publisher\" content=\"https:\/\/www.facebook.com\/vasaswbasket\/\" \/>\n<meta property=\"article:published_time\" content=\"2018-03-26T08:41:39+00:00\" \/>\n<meta property=\"og:image\" content=\"https:\/\/vasasbasket.hu\/wp-content\/uploads\/2017\/09\/LRM_EXPORT_20170929_191343.jpg\" \/>\n\t<meta property=\"og:image:width\" content=\"1772\" \/>\n\t<meta property=\"og:image:height\" content=\"1181\" \/>\n\t<meta property=\"og:image:type\" content=\"image\/jpeg\" \/>\n<meta name=\"author\" content=\"admin\" \/>\n<meta name=\"twitter:card\" content=\"summary_large_image\" \/>\n<meta name=\"twitter:label1\" content=\"Szerz\u0151:\" \/>\n\t<meta name=\"twitter:data1\" content=\"admin\" \/>\n\t<meta name=\"twitter:label2\" content=\"Becs\u00fclt olvas\u00e1si id\u0151\" \/>\n\t<meta name=\"twitter:data2\" content=\"1 perc\" \/>\n<script type=\"application\/ld+json\" class=\"yoast-schema-graph\">{\"@context\":\"https:\/\/schema.org\",\"@graph\":[{\"@type\":\"Article\",\"@id\":\"https:\/\/vasasbasket.hu\/index.php\/megkezdte-a-felkeszulest-a-3x3-as-u18-as-leany-valogatott\/#article\",\"isPartOf\":{\"@id\":\"https:\/\/vasasbasket.hu\/index.php\/megkezdte-a-felkeszulest-a-3x3-as-u18-as-leany-valogatott\/\"},\"author\":{\"name\":\"admin\",\"@id\":\"https:\/\/vasasbasket.hu\/#\/schema\/person\/f1085f4d2c6582d8d0f977e92de2edee\"},\"headline\":\"Megkezdte a felk\u00e9sz\u00fcl\u00e9st a 3&#215;3-as U18-as le\u00e1ny v\u00e1logatott\",\"datePublished\":\"2018-03-26T08:41:39+00:00\",\"mainEntityOfPage\":{\"@id\":\"https:\/\/vasasbasket.hu\/index.php\/megkezdte-a-felkeszulest-a-3x3-as-u18-as-leany-valogatott\/\"},\"wordCount\":146,\"publisher\":{\"@id\":\"https:\/\/vasasbasket.hu\/#organization\"},\"image\":{\"@id\":\"https:\/\/vasasbasket.hu\/index.php\/megkezdte-a-felkeszulest-a-3x3-as-u18-as-leany-valogatott\/#primaryimage\"},\"thumbnailUrl\":\"https:\/\/vasasbasket.hu\/wp-content\/uploads\/2017\/09\/LRM_EXPORT_20170929_191343.jpg\",\"articleSection\":[\"V\u00e1logatott H\u00edrek\",\"\u00d6sszes H\u00edr\"],\"inLanguage\":\"hu\"},{\"@type\":\"WebPage\",\"@id\":\"https:\/\/vasasbasket.hu\/index.php\/megkezdte-a-felkeszulest-a-3x3-as-u18-as-leany-valogatott\/\",\"url\":\"https:\/\/vasasbasket.hu\/index.php\/megkezdte-a-felkeszulest-a-3x3-as-u18-as-leany-valogatott\/\",\"name\":\"Megkezdte a felk\u00e9sz\u00fcl\u00e9st a 3x3-as U18-as le\u00e1ny v\u00e1logatott - Vasas n\u0151i kos\u00e1rlabda\",\"isPartOf\":{\"@id\":\"https:\/\/vasasbasket.hu\/#website\"},\"primaryImageOfPage\":{\"@id\":\"https:\/\/vasasbasket.hu\/index.php\/megkezdte-a-felkeszulest-a-3x3-as-u18-as-leany-valogatott\/#primaryimage\"},\"image\":{\"@id\":\"https:\/\/vasasbasket.hu\/index.php\/megkezdte-a-felkeszulest-a-3x3-as-u18-as-leany-valogatott\/#primaryimage\"},\"thumbnailUrl\":\"https:\/\/vasasbasket.hu\/wp-content\/uploads\/2017\/09\/LRM_EXPORT_20170929_191343.jpg\",\"datePublished\":\"2018-03-26T08:41:39+00:00\",\"breadcrumb\":{\"@id\":\"https:\/\/vasasbasket.hu\/index.php\/megkezdte-a-felkeszulest-a-3x3-as-u18-as-leany-valogatott\/#breadcrumb\"},\"inLanguage\":\"hu\",\"potentialAction\":[{\"@type\":\"ReadAction\",\"target\":[\"https:\/\/vasasbasket.hu\/index.php\/megkezdte-a-felkeszulest-a-3x3-as-u18-as-leany-valogatott\/\"]}]},{\"@type\":\"ImageObject\",\"inLanguage\":\"hu\",\"@id\":\"https:\/\/vasasbasket.hu\/index.php\/megkezdte-a-felkeszulest-a-3x3-as-u18-as-leany-valogatott\/#primaryimage\",\"url\":\"https:\/\/vasasbasket.hu\/wp-content\/uploads\/2017\/09\/LRM_EXPORT_20170929_191343.jpg\",\"contentUrl\":\"https:\/\/vasasbasket.hu\/wp-content\/uploads\/2017\/09\/LRM_EXPORT_20170929_191343.jpg\",\"width\":1772,\"height\":1181},{\"@type\":\"BreadcrumbList\",\"@id\":\"https:\/\/vasasbasket.hu\/index.php\/megkezdte-a-felkeszulest-a-3x3-as-u18-as-leany-valogatott\/#breadcrumb\",\"itemListElement\":[{\"@type\":\"ListItem\",\"position\":1,\"name\":\"Kezd\u0151lap\",\"item\":\"https:\/\/vasasbasket.hu\/\"},{\"@type\":\"ListItem\",\"position\":2,\"name\":\"Megkezdte a felk\u00e9sz\u00fcl\u00e9st a 3&#215;3-as U18-as le\u00e1ny v\u00e1logatott\"}]},{\"@type\":\"WebSite\",\"@id\":\"https:\/\/vasasbasket.hu\/#website\",\"url\":\"https:\/\/vasasbasket.hu\/\",\"name\":\"Vasas n\u0151i kos\u00e1rlabda\",\"description\":\"Vasas Basket N\u0151i\",\"publisher\":{\"@id\":\"https:\/\/vasasbasket.hu\/#organization\"},\"potentialAction\":[{\"@type\":\"SearchAction\",\"target\":{\"@type\":\"EntryPoint\",\"urlTemplate\":\"https:\/\/vasasbasket.hu\/?s={search_term_string}\"},\"query-input\":{\"@type\":\"PropertyValueSpecification\",\"valueRequired\":true,\"valueName\":\"search_term_string\"}}],\"inLanguage\":\"hu\"},{\"@type\":\"Organization\",\"@id\":\"https:\/\/vasasbasket.hu\/#organization\",\"name\":\"Vasas n\u0151i kos\u00e1rlabda\",\"url\":\"https:\/\/vasasbasket.hu\/\",\"logo\":{\"@type\":\"ImageObject\",\"inLanguage\":\"hu\",\"@id\":\"https:\/\/vasasbasket.hu\/#\/schema\/logo\/image\/\",\"url\":\"https:\/\/vasasbasket.hu\/wp-content\/uploads\/2017\/03\/vasas_cimer_1200.jpg\",\"contentUrl\":\"https:\/\/vasasbasket.hu\/wp-content\/uploads\/2017\/03\/vasas_cimer_1200.jpg\",\"width\":1200,\"height\":1200,\"caption\":\"Vasas n\u0151i kos\u00e1rlabda\"},\"image\":{\"@id\":\"https:\/\/vasasbasket.hu\/#\/schema\/logo\/image\/\"},\"sameAs\":[\"https:\/\/www.facebook.com\/vasaswbasket\/\"]},{\"@type\":\"Person\",\"@id\":\"https:\/\/vasasbasket.hu\/#\/schema\/person\/f1085f4d2c6582d8d0f977e92de2edee\",\"name\":\"admin\",\"image\":{\"@type\":\"ImageObject\",\"inLanguage\":\"hu\",\"@id\":\"https:\/\/vasasbasket.hu\/#\/schema\/person\/image\/\",\"url\":\"https:\/\/secure.gravatar.com\/avatar\/645c92f7d9cfe02bd93ce2d1cfa11cd3a268bdfe65486552ff04b193cea07634?s=96&d=mm&r=g\",\"contentUrl\":\"https:\/\/secure.gravatar.com\/avatar\/645c92f7d9cfe02bd93ce2d1cfa11cd3a268bdfe65486552ff04b193cea07634?s=96&d=mm&r=g\",\"caption\":\"admin\"},\"url\":\"https:\/\/vasasbasket.hu\/index.php\/author\/admin\/\"}]}<\/script>\n<!-- \/ Yoast SEO plugin. -->","yoast_head_json":{"title":"Megkezdte a felk\u00e9sz\u00fcl\u00e9st a 3x3-as U18-as le\u00e1ny v\u00e1logatott - Vasas n\u0151i kos\u00e1rlabda","robots":{"index":"index","follow":"follow","max-snippet":"max-snippet:-1","max-image-preview":"max-image-preview:large","max-video-preview":"max-video-preview:-1"},"canonical":"https:\/\/vasasbasket.hu\/index.php\/megkezdte-a-felkeszulest-a-3x3-as-u18-as-leany-valogatott\/","og_locale":"hu_HU","og_type":"article","og_title":"Megkezdte a felk\u00e9sz\u00fcl\u00e9st a 3x3-as U18-as le\u00e1ny v\u00e1logatott - Vasas n\u0151i kos\u00e1rlabda","og_description":"H\u00e9tf\u0151n, az MKOSZ sz\u00e9kesfeh\u00e9rv\u00e1ri edz\u0151k\u00f6zpontj\u00e1ban a 3&#215;3-as U18-as le\u00e1ny v\u00e1logatott is megkezdte felk\u00e9sz\u00fcl\u00e9s\u00e9t a 2018-as id\u00e9nyre. F\u00f6ldi Attila sz\u00f6vets\u00e9gi edz\u0151t\u0151l Boros Berta, Bud\u00e1csik Dorottya, Kov\u00e1cs Kitti Regina, Mad\u00e1r Kata, R\u00e9v\u00e9sz Bor\u00f3ka, T\u00f3th Orsolya, Varga Eszter \u00e9s V\u00e1ri Zita kapott megh\u00edv\u00f3t a k\u00f6z\u00f6s munk\u00e1ra. A 3&#215;3 U18-as nemzeti csapatra a Europe Cup (Eur\u00f3pa-bajnoks\u00e1g), \u00e9s \u2013 amennyiben...","og_url":"https:\/\/vasasbasket.hu\/index.php\/megkezdte-a-felkeszulest-a-3x3-as-u18-as-leany-valogatott\/","og_site_name":"Vasas n\u0151i kos\u00e1rlabda","article_publisher":"https:\/\/www.facebook.com\/vasaswbasket\/","article_published_time":"2018-03-26T08:41:39+00:00","og_image":[{"width":1772,"height":1181,"url":"https:\/\/vasasbasket.hu\/wp-content\/uploads\/2017\/09\/LRM_EXPORT_20170929_191343.jpg","type":"image\/jpeg"}],"author":"admin","twitter_card":"summary_large_image","twitter_misc":{"Szerz\u0151:":"admin","Becs\u00fclt olvas\u00e1si id\u0151":"1 perc"},"schema":{"@context":"https:\/\/schema.org","@graph":[{"@type":"Article","@id":"https:\/\/vasasbasket.hu\/index.php\/megkezdte-a-felkeszulest-a-3x3-as-u18-as-leany-valogatott\/#article","isPartOf":{"@id":"https:\/\/vasasbasket.hu\/index.php\/megkezdte-a-felkeszulest-a-3x3-as-u18-as-leany-valogatott\/"},"author":{"name":"admin","@id":"https:\/\/vasasbasket.hu\/#\/schema\/person\/f1085f4d2c6582d8d0f977e92de2edee"},"headline":"Megkezdte a felk\u00e9sz\u00fcl\u00e9st a 3&#215;3-as U18-as le\u00e1ny v\u00e1logatott","datePublished":"2018-03-26T08:41:39+00:00","mainEntityOfPage":{"@id":"https:\/\/vasasbasket.hu\/index.php\/megkezdte-a-felkeszulest-a-3x3-as-u18-as-leany-valogatott\/"},"wordCount":146,"publisher":{"@id":"https:\/\/vasasbasket.hu\/#organization"},"image":{"@id":"https:\/\/vasasbasket.hu\/index.php\/megkezdte-a-felkeszulest-a-3x3-as-u18-as-leany-valogatott\/#primaryimage"},"thumbnailUrl":"https:\/\/vasasbasket.hu\/wp-content\/uploads\/2017\/09\/LRM_EXPORT_20170929_191343.jpg","articleSection":["V\u00e1logatott H\u00edrek","\u00d6sszes H\u00edr"],"inLanguage":"hu"},{"@type":"WebPage","@id":"https:\/\/vasasbasket.hu\/index.php\/megkezdte-a-felkeszulest-a-3x3-as-u18-as-leany-valogatott\/","url":"https:\/\/vasasbasket.hu\/index.php\/megkezdte-a-felkeszulest-a-3x3-as-u18-as-leany-valogatott\/","name":"Megkezdte a felk\u00e9sz\u00fcl\u00e9st a 3x3-as U18-as le\u00e1ny v\u00e1logatott - Vasas n\u0151i kos\u00e1rlabda","isPartOf":{"@id":"https:\/\/vasasbasket.hu\/#website"},"primaryImageOfPage":{"@id":"https:\/\/vasasbasket.hu\/index.php\/megkezdte-a-felkeszulest-a-3x3-as-u18-as-leany-valogatott\/#primaryimage"},"image":{"@id":"https:\/\/vasasbasket.hu\/index.php\/megkezdte-a-felkeszulest-a-3x3-as-u18-as-leany-valogatott\/#primaryimage"},"thumbnailUrl":"https:\/\/vasasbasket.hu\/wp-content\/uploads\/2017\/09\/LRM_EXPORT_20170929_191343.jpg","datePublished":"2018-03-26T08:41:39+00:00","breadcrumb":{"@id":"https:\/\/vasasbasket.hu\/index.php\/megkezdte-a-felkeszulest-a-3x3-as-u18-as-leany-valogatott\/#breadcrumb"},"inLanguage":"hu","potentialAction":[{"@type":"ReadAction","target":["https:\/\/vasasbasket.hu\/index.php\/megkezdte-a-felkeszulest-a-3x3-as-u18-as-leany-valogatott\/"]}]},{"@type":"ImageObject","inLanguage":"hu","@id":"https:\/\/vasasbasket.hu\/index.php\/megkezdte-a-felkeszulest-a-3x3-as-u18-as-leany-valogatott\/#primaryimage","url":"https:\/\/vasasbasket.hu\/wp-content\/uploads\/2017\/09\/LRM_EXPORT_20170929_191343.jpg","contentUrl":"https:\/\/vasasbasket.hu\/wp-content\/uploads\/2017\/09\/LRM_EXPORT_20170929_191343.jpg","width":1772,"height":1181},{"@type":"BreadcrumbList","@id":"https:\/\/vasasbasket.hu\/index.php\/megkezdte-a-felkeszulest-a-3x3-as-u18-as-leany-valogatott\/#breadcrumb","itemListElement":[{"@type":"ListItem","position":1,"name":"Kezd\u0151lap","item":"https:\/\/vasasbasket.hu\/"},{"@type":"ListItem","position":2,"name":"Megkezdte a felk\u00e9sz\u00fcl\u00e9st a 3&#215;3-as U18-as le\u00e1ny v\u00e1logatott"}]},{"@type":"WebSite","@id":"https:\/\/vasasbasket.hu\/#website","url":"https:\/\/vasasbasket.hu\/","name":"Vasas n\u0151i kos\u00e1rlabda","description":"Vasas Basket N\u0151i","publisher":{"@id":"https:\/\/vasasbasket.hu\/#organization"},"potentialAction":[{"@type":"SearchAction","target":{"@type":"EntryPoint","urlTemplate":"https:\/\/vasasbasket.hu\/?s={search_term_string}"},"query-input":{"@type":"PropertyValueSpecification","valueRequired":true,"valueName":"search_term_string"}}],"inLanguage":"hu"},{"@type":"Organization","@id":"https:\/\/vasasbasket.hu\/#organization","name":"Vasas n\u0151i kos\u00e1rlabda","url":"https:\/\/vasasbasket.hu\/","logo":{"@type":"ImageObject","inLanguage":"hu","@id":"https:\/\/vasasbasket.hu\/#\/schema\/logo\/image\/","url":"https:\/\/vasasbasket.hu\/wp-content\/uploads\/2017\/03\/vasas_cimer_1200.jpg","contentUrl":"https:\/\/vasasbasket.hu\/wp-content\/uploads\/2017\/03\/vasas_cimer_1200.jpg","width":1200,"height":1200,"caption":"Vasas n\u0151i kos\u00e1rlabda"},"image":{"@id":"https:\/\/vasasbasket.hu\/#\/schema\/logo\/image\/"},"sameAs":["https:\/\/www.facebook.com\/vasaswbasket\/"]},{"@type":"Person","@id":"https:\/\/vasasbasket.hu\/#\/schema\/person\/f1085f4d2c6582d8d0f977e92de2edee","name":"admin","image":{"@type":"ImageObject","inLanguage":"hu","@id":"https:\/\/vasasbasket.hu\/#\/schema\/person\/image\/","url":"https:\/\/secure.gravatar.com\/avatar\/645c92f7d9cfe02bd93ce2d1cfa11cd3a268bdfe65486552ff04b193cea07634?s=96&d=mm&r=g","contentUrl":"https:\/\/secure.gravatar.com\/avatar\/645c92f7d9cfe02bd93ce2d1cfa11cd3a268bdfe65486552ff04b193cea07634?s=96&d=mm&r=g","caption":"admin"},"url":"https:\/\/vasasbasket.hu\/index.php\/author\/admin\/"}]}},"_links":{"self":[{"href":"https:\/\/vasasbasket.hu\/index.php\/wp-json\/wp\/v2\/posts\/4040","targetHints":{"allow":["GET"]}}],"collection":[{"href":"https:\/\/vasasbasket.hu\/index.php\/wp-json\/wp\/v2\/posts"}],"about":[{"href":"https:\/\/vasasbasket.hu\/index.php\/wp-json\/wp\/v2\/types\/post"}],"author":[{"embeddable":true,"href":"https:\/\/vasasbasket.hu\/index.php\/wp-json\/wp\/v2\/users\/1"}],"replies":[{"embeddable":true,"href":"https:\/\/vasasbasket.hu\/index.php\/wp-json\/wp\/v2\/comments?post=4040"}],"version-history":[{"count":1,"href":"https:\/\/vasasbasket.hu\/index.php\/wp-json\/wp\/v2\/posts\/4040\/revisions"}],"predecessor-version":[{"id":4041,"href":"https:\/\/vasasbasket.hu\/index.php\/wp-json\/wp\/v2\/posts\/4040\/revisions\/4041"}],"wp:featuredmedia":[{"embeddable":true,"href":"https:\/\/vasasbasket.hu\/index.php\/wp-json\/wp\/v2\/media\/3148"}],"wp:attachment":[{"href":"https:\/\/vasasbasket.hu\/index.php\/wp-json\/wp\/v2\/media?parent=4040"}],"wp:term":[{"taxonomy":"category","embeddable":true,"href":"https:\/\/vasasbasket.hu\/index.php\/wp-json\/wp\/v2\/categories?post=4040"},{"taxonomy":"post_tag","embeddable":true,"href":"https:\/\/vasasbasket.hu\/index.php\/wp-json\/wp\/v2\/tags?post=4040"}],"curies":[{"name":"wp","href":"https:\/\/api.w.org\/{rel}","templated":true}]}}