{"id":3762,"date":"2018-03-02T07:39:25","date_gmt":"2018-03-02T07:39:25","guid":{"rendered":"http:\/\/vasasbasket.hu\/?p=3762"},"modified":"2018-03-02T07:39:25","modified_gmt":"2018-03-02T07:39:25","slug":"heraklesz-gala-ahol-az-u-16-valogatott-lett-az-ev-csapata","status":"publish","type":"post","link":"https:\/\/vasasbasket.hu\/index.php\/heraklesz-gala-ahol-az-u-16-valogatott-lett-az-ev-csapata\/","title":{"rendered":"Her\u00e1kl\u00e9sz G\u00e1la, ahol az U 16 v\u00e1logatott lett az \u00e9v csapata!"},"content":{"rendered":"<p>Minden esztend\u0151ben megrendezik a H\u00e9rakl\u00e9sz G\u00e1l\u00e1t, amely sor\u00e1n az Emberi Er\u0151forr\u00e1sok Miniszt\u00e9rium\u00e1nak (EMMI) Sport\u00e9rt Felel\u0151s \u00c1llamtitk\u00e1rs\u00e1ga d\u00edjazza a H\u00e9rakl\u00e9sz Programban szerepl\u0151 kiemelked\u0151 eredm\u00e9nyeket el\u00e9rt ut\u00e1np\u00f3tl\u00e1s kor\u00fa sportol\u00f3kat.<\/p>\n<p><img loading=\"lazy\" decoding=\"async\" class=\"aligncenter wp-image-3763 size-full\" src=\"http:\/\/vasasbasket.hu\/wp-content\/uploads\/2018\/03\/img_6301_1_690x518t0_ic_heraklesz_02_27.jpg\" alt=\"\" width=\"690\" height=\"517\" srcset=\"https:\/\/vasasbasket.hu\/wp-content\/uploads\/2018\/03\/img_6301_1_690x518t0_ic_heraklesz_02_27.jpg 690w, https:\/\/vasasbasket.hu\/wp-content\/uploads\/2018\/03\/img_6301_1_690x518t0_ic_heraklesz_02_27-570x427.jpg 570w, https:\/\/vasasbasket.hu\/wp-content\/uploads\/2018\/03\/img_6301_1_690x518t0_ic_heraklesz_02_27-440x330.jpg 440w, https:\/\/vasasbasket.hu\/wp-content\/uploads\/2018\/03\/img_6301_1_690x518t0_ic_heraklesz_02_27-300x225.jpg 300w, https:\/\/vasasbasket.hu\/wp-content\/uploads\/2018\/03\/img_6301_1_690x518t0_ic_heraklesz_02_27-128x96.jpg 128w, https:\/\/vasasbasket.hu\/wp-content\/uploads\/2018\/03\/img_6301_1_690x518t0_ic_heraklesz_02_27-32x24.jpg 32w, https:\/\/vasasbasket.hu\/wp-content\/uploads\/2018\/03\/img_6301_1_690x518t0_ic_heraklesz_02_27-98x73.jpg 98w\" sizes=\"auto, (max-width: 690px) 100vw, 690px\" \/><\/p>\n<p>A 2017-es esztend\u0151 nagy torn\u00e1in kiemelked\u0151en teljes\u00edt\u0151 U16-os le\u00e1ny v\u00e1logatott is megh\u00edv\u00f3t kapott a H\u00e9rakl\u00e9sz G\u00e1l\u00e1ra. Mint ismeretes az elm\u00falt ny\u00e1ron a koroszt\u00e1lyos Eur\u00f3pa-bajnoks\u00e1gon a d\u00f6nt\u0151ig menetelt \u00e9s ez\u00fcst\u00e9rmet szerzett Franciaorsz\u00e1gban v\u00e1logatottunk. Azt megel\u0151z\u0151en pedig ugyanabban az \u00f6ssze\u00e1ll\u00edt\u00e1sban a gy\u0151ri rendez\u00e9s\u0171 Eur\u00f3pai Ifj\u00fas\u00e1gi Olimpiai Fesztiv\u00e1lon (EYOF) is ez\u00fcst\u00e9rmes lett a csapat.<\/p>\n<p><img loading=\"lazy\" decoding=\"async\" class=\"size-medium wp-image-3764 alignleft\" src=\"http:\/\/vasasbasket.hu\/wp-content\/uploads\/2018\/03\/FB_IMG_1519775477503-169x300.jpg\" alt=\"\" width=\"169\" height=\"300\" srcset=\"https:\/\/vasasbasket.hu\/wp-content\/uploads\/2018\/03\/FB_IMG_1519775477503-169x300.jpg 169w, https:\/\/vasasbasket.hu\/wp-content\/uploads\/2018\/03\/FB_IMG_1519775477503-440x782.jpg 440w, https:\/\/vasasbasket.hu\/wp-content\/uploads\/2018\/03\/FB_IMG_1519775477503-72x128.jpg 72w, https:\/\/vasasbasket.hu\/wp-content\/uploads\/2018\/03\/FB_IMG_1519775477503-18x32.jpg 18w, https:\/\/vasasbasket.hu\/wp-content\/uploads\/2018\/03\/FB_IMG_1519775477503-197x350.jpg 197w, https:\/\/vasasbasket.hu\/wp-content\/uploads\/2018\/03\/FB_IMG_1519775477503-55x98.jpg 55w, https:\/\/vasasbasket.hu\/wp-content\/uploads\/2018\/03\/FB_IMG_1519775477503.jpg 540w\" sizes=\"auto, (max-width: 169px) 100vw, 169px\" \/>A Vasast 4 l\u00e1ny k\u00e9pviselte, Dombai R\u00e9ka, T\u00f3th Franka, Bud\u00e1csik Dorottya \u00e9s Varga Al\u00edz.<\/p>\n<p>Gratul\u00e1lunk l\u00e1nyok!<\/p>\n","protected":false},"excerpt":{"rendered":"<p>Minden esztend\u0151ben megrendezik a H\u00e9rakl\u00e9sz G\u00e1l\u00e1t, amely sor\u00e1n az Emberi Er\u0151forr\u00e1sok Miniszt\u00e9rium\u00e1nak (EMMI) Sport\u00e9rt Felel\u0151s \u00c1llamtitk\u00e1rs\u00e1ga d\u00edjazza a H\u00e9rakl\u00e9sz Programban szerepl\u0151 kiemelked\u0151 eredm\u00e9nyeket el\u00e9rt ut\u00e1np\u00f3tl\u00e1s kor\u00fa sportol\u00f3kat. A 2017-es esztend\u0151 nagy torn\u00e1in kiemelked\u0151en teljes\u00edt\u0151 U16-os le\u00e1ny v\u00e1logatott is megh\u00edv\u00f3t kapott a H\u00e9rakl\u00e9sz G\u00e1l\u00e1ra. Mint ismeretes az elm\u00falt ny\u00e1ron a koroszt\u00e1lyos Eur\u00f3pa-bajnoks\u00e1gon a d\u00f6nt\u0151ig menetelt \u00e9s&#8230;<\/p>\n","protected":false},"author":1,"featured_media":3765,"comment_status":"closed","ping_status":"open","sticky":false,"template":"","format":"standard","meta":{"footnotes":""},"categories":[50,92],"tags":[],"class_list":["post-3762","post","type-post","status-publish","format-standard","has-post-thumbnail","hentry","category-junior","category-hirek"],"yoast_head":"<!-- This site is optimized with the Yoast SEO plugin v26.0 - https:\/\/yoast.com\/wordpress\/plugins\/seo\/ -->\n<title>Her\u00e1kl\u00e9sz G\u00e1la, ahol az U 16 v\u00e1logatott lett az \u00e9v csapata! - Vasas n\u0151i kos\u00e1rlabda<\/title>\n<meta name=\"robots\" content=\"index, follow, max-snippet:-1, max-image-preview:large, max-video-preview:-1\" \/>\n<link rel=\"canonical\" href=\"https:\/\/vasasbasket.hu\/index.php\/heraklesz-gala-ahol-az-u-16-valogatott-lett-az-ev-csapata\/\" \/>\n<meta property=\"og:locale\" content=\"hu_HU\" \/>\n<meta property=\"og:type\" content=\"article\" \/>\n<meta property=\"og:title\" content=\"Her\u00e1kl\u00e9sz G\u00e1la, ahol az U 16 v\u00e1logatott lett az \u00e9v csapata! - Vasas n\u0151i kos\u00e1rlabda\" \/>\n<meta property=\"og:description\" content=\"Minden esztend\u0151ben megrendezik a H\u00e9rakl\u00e9sz G\u00e1l\u00e1t, amely sor\u00e1n az Emberi Er\u0151forr\u00e1sok Miniszt\u00e9rium\u00e1nak (EMMI) Sport\u00e9rt Felel\u0151s \u00c1llamtitk\u00e1rs\u00e1ga d\u00edjazza a H\u00e9rakl\u00e9sz Programban szerepl\u0151 kiemelked\u0151 eredm\u00e9nyeket el\u00e9rt ut\u00e1np\u00f3tl\u00e1s kor\u00fa sportol\u00f3kat. A 2017-es esztend\u0151 nagy torn\u00e1in kiemelked\u0151en teljes\u00edt\u0151 U16-os le\u00e1ny v\u00e1logatott is megh\u00edv\u00f3t kapott a H\u00e9rakl\u00e9sz G\u00e1l\u00e1ra. Mint ismeretes az elm\u00falt ny\u00e1ron a koroszt\u00e1lyos Eur\u00f3pa-bajnoks\u00e1gon a d\u00f6nt\u0151ig menetelt \u00e9s...\" \/>\n<meta property=\"og:url\" content=\"https:\/\/vasasbasket.hu\/index.php\/heraklesz-gala-ahol-az-u-16-valogatott-lett-az-ev-csapata\/\" \/>\n<meta property=\"og:site_name\" content=\"Vasas n\u0151i kos\u00e1rlabda\" \/>\n<meta property=\"article:publisher\" content=\"https:\/\/www.facebook.com\/vasaswbasket\/\" \/>\n<meta property=\"article:published_time\" content=\"2018-03-02T07:39:25+00:00\" \/>\n<meta property=\"og:image\" content=\"https:\/\/vasasbasket.hu\/wp-content\/uploads\/2018\/03\/heraklesz1200_960px.jpg\" \/>\n\t<meta property=\"og:image:width\" content=\"960\" \/>\n\t<meta property=\"og:image:height\" content=\"720\" \/>\n\t<meta property=\"og:image:type\" content=\"image\/jpeg\" \/>\n<meta name=\"author\" content=\"admin\" \/>\n<meta name=\"twitter:card\" content=\"summary_large_image\" \/>\n<meta name=\"twitter:label1\" content=\"Szerz\u0151:\" \/>\n\t<meta name=\"twitter:data1\" content=\"admin\" \/>\n\t<meta name=\"twitter:label2\" content=\"Becs\u00fclt olvas\u00e1si id\u0151\" \/>\n\t<meta name=\"twitter:data2\" content=\"1 perc\" \/>\n<script type=\"application\/ld+json\" class=\"yoast-schema-graph\">{\"@context\":\"https:\/\/schema.org\",\"@graph\":[{\"@type\":\"Article\",\"@id\":\"https:\/\/vasasbasket.hu\/index.php\/heraklesz-gala-ahol-az-u-16-valogatott-lett-az-ev-csapata\/#article\",\"isPartOf\":{\"@id\":\"https:\/\/vasasbasket.hu\/index.php\/heraklesz-gala-ahol-az-u-16-valogatott-lett-az-ev-csapata\/\"},\"author\":{\"name\":\"admin\",\"@id\":\"https:\/\/vasasbasket.hu\/#\/schema\/person\/f1085f4d2c6582d8d0f977e92de2edee\"},\"headline\":\"Her\u00e1kl\u00e9sz G\u00e1la, ahol az U 16 v\u00e1logatott lett az \u00e9v csapata!\",\"datePublished\":\"2018-03-02T07:39:25+00:00\",\"mainEntityOfPage\":{\"@id\":\"https:\/\/vasasbasket.hu\/index.php\/heraklesz-gala-ahol-az-u-16-valogatott-lett-az-ev-csapata\/\"},\"wordCount\":174,\"publisher\":{\"@id\":\"https:\/\/vasasbasket.hu\/#organization\"},\"image\":{\"@id\":\"https:\/\/vasasbasket.hu\/index.php\/heraklesz-gala-ahol-az-u-16-valogatott-lett-az-ev-csapata\/#primaryimage\"},\"thumbnailUrl\":\"https:\/\/vasasbasket.hu\/wp-content\/uploads\/2018\/03\/heraklesz1200_960px.jpg\",\"articleSection\":[\"Junior\",\"\u00d6sszes H\u00edr\"],\"inLanguage\":\"hu\"},{\"@type\":\"WebPage\",\"@id\":\"https:\/\/vasasbasket.hu\/index.php\/heraklesz-gala-ahol-az-u-16-valogatott-lett-az-ev-csapata\/\",\"url\":\"https:\/\/vasasbasket.hu\/index.php\/heraklesz-gala-ahol-az-u-16-valogatott-lett-az-ev-csapata\/\",\"name\":\"Her\u00e1kl\u00e9sz G\u00e1la, ahol az U 16 v\u00e1logatott lett az \u00e9v csapata! - Vasas n\u0151i kos\u00e1rlabda\",\"isPartOf\":{\"@id\":\"https:\/\/vasasbasket.hu\/#website\"},\"primaryImageOfPage\":{\"@id\":\"https:\/\/vasasbasket.hu\/index.php\/heraklesz-gala-ahol-az-u-16-valogatott-lett-az-ev-csapata\/#primaryimage\"},\"image\":{\"@id\":\"https:\/\/vasasbasket.hu\/index.php\/heraklesz-gala-ahol-az-u-16-valogatott-lett-az-ev-csapata\/#primaryimage\"},\"thumbnailUrl\":\"https:\/\/vasasbasket.hu\/wp-content\/uploads\/2018\/03\/heraklesz1200_960px.jpg\",\"datePublished\":\"2018-03-02T07:39:25+00:00\",\"breadcrumb\":{\"@id\":\"https:\/\/vasasbasket.hu\/index.php\/heraklesz-gala-ahol-az-u-16-valogatott-lett-az-ev-csapata\/#breadcrumb\"},\"inLanguage\":\"hu\",\"potentialAction\":[{\"@type\":\"ReadAction\",\"target\":[\"https:\/\/vasasbasket.hu\/index.php\/heraklesz-gala-ahol-az-u-16-valogatott-lett-az-ev-csapata\/\"]}]},{\"@type\":\"ImageObject\",\"inLanguage\":\"hu\",\"@id\":\"https:\/\/vasasbasket.hu\/index.php\/heraklesz-gala-ahol-az-u-16-valogatott-lett-az-ev-csapata\/#primaryimage\",\"url\":\"https:\/\/vasasbasket.hu\/wp-content\/uploads\/2018\/03\/heraklesz1200_960px.jpg\",\"contentUrl\":\"https:\/\/vasasbasket.hu\/wp-content\/uploads\/2018\/03\/heraklesz1200_960px.jpg\",\"width\":960,\"height\":720},{\"@type\":\"BreadcrumbList\",\"@id\":\"https:\/\/vasasbasket.hu\/index.php\/heraklesz-gala-ahol-az-u-16-valogatott-lett-az-ev-csapata\/#breadcrumb\",\"itemListElement\":[{\"@type\":\"ListItem\",\"position\":1,\"name\":\"Kezd\u0151lap\",\"item\":\"https:\/\/vasasbasket.hu\/\"},{\"@type\":\"ListItem\",\"position\":2,\"name\":\"Her\u00e1kl\u00e9sz G\u00e1la, ahol az U 16 v\u00e1logatott lett az \u00e9v csapata!\"}]},{\"@type\":\"WebSite\",\"@id\":\"https:\/\/vasasbasket.hu\/#website\",\"url\":\"https:\/\/vasasbasket.hu\/\",\"name\":\"Vasas n\u0151i kos\u00e1rlabda\",\"description\":\"Vasas Basket N\u0151i\",\"publisher\":{\"@id\":\"https:\/\/vasasbasket.hu\/#organization\"},\"potentialAction\":[{\"@type\":\"SearchAction\",\"target\":{\"@type\":\"EntryPoint\",\"urlTemplate\":\"https:\/\/vasasbasket.hu\/?s={search_term_string}\"},\"query-input\":{\"@type\":\"PropertyValueSpecification\",\"valueRequired\":true,\"valueName\":\"search_term_string\"}}],\"inLanguage\":\"hu\"},{\"@type\":\"Organization\",\"@id\":\"https:\/\/vasasbasket.hu\/#organization\",\"name\":\"Vasas n\u0151i kos\u00e1rlabda\",\"url\":\"https:\/\/vasasbasket.hu\/\",\"logo\":{\"@type\":\"ImageObject\",\"inLanguage\":\"hu\",\"@id\":\"https:\/\/vasasbasket.hu\/#\/schema\/logo\/image\/\",\"url\":\"https:\/\/vasasbasket.hu\/wp-content\/uploads\/2017\/03\/vasas_cimer_1200.jpg\",\"contentUrl\":\"https:\/\/vasasbasket.hu\/wp-content\/uploads\/2017\/03\/vasas_cimer_1200.jpg\",\"width\":1200,\"height\":1200,\"caption\":\"Vasas n\u0151i kos\u00e1rlabda\"},\"image\":{\"@id\":\"https:\/\/vasasbasket.hu\/#\/schema\/logo\/image\/\"},\"sameAs\":[\"https:\/\/www.facebook.com\/vasaswbasket\/\"]},{\"@type\":\"Person\",\"@id\":\"https:\/\/vasasbasket.hu\/#\/schema\/person\/f1085f4d2c6582d8d0f977e92de2edee\",\"name\":\"admin\",\"image\":{\"@type\":\"ImageObject\",\"inLanguage\":\"hu\",\"@id\":\"https:\/\/vasasbasket.hu\/#\/schema\/person\/image\/\",\"url\":\"https:\/\/secure.gravatar.com\/avatar\/645c92f7d9cfe02bd93ce2d1cfa11cd3a268bdfe65486552ff04b193cea07634?s=96&d=mm&r=g\",\"contentUrl\":\"https:\/\/secure.gravatar.com\/avatar\/645c92f7d9cfe02bd93ce2d1cfa11cd3a268bdfe65486552ff04b193cea07634?s=96&d=mm&r=g\",\"caption\":\"admin\"},\"url\":\"https:\/\/vasasbasket.hu\/index.php\/author\/admin\/\"}]}<\/script>\n<!-- \/ Yoast SEO plugin. -->","yoast_head_json":{"title":"Her\u00e1kl\u00e9sz G\u00e1la, ahol az U 16 v\u00e1logatott lett az \u00e9v csapata! - Vasas n\u0151i kos\u00e1rlabda","robots":{"index":"index","follow":"follow","max-snippet":"max-snippet:-1","max-image-preview":"max-image-preview:large","max-video-preview":"max-video-preview:-1"},"canonical":"https:\/\/vasasbasket.hu\/index.php\/heraklesz-gala-ahol-az-u-16-valogatott-lett-az-ev-csapata\/","og_locale":"hu_HU","og_type":"article","og_title":"Her\u00e1kl\u00e9sz G\u00e1la, ahol az U 16 v\u00e1logatott lett az \u00e9v csapata! - Vasas n\u0151i kos\u00e1rlabda","og_description":"Minden esztend\u0151ben megrendezik a H\u00e9rakl\u00e9sz G\u00e1l\u00e1t, amely sor\u00e1n az Emberi Er\u0151forr\u00e1sok Miniszt\u00e9rium\u00e1nak (EMMI) Sport\u00e9rt Felel\u0151s \u00c1llamtitk\u00e1rs\u00e1ga d\u00edjazza a H\u00e9rakl\u00e9sz Programban szerepl\u0151 kiemelked\u0151 eredm\u00e9nyeket el\u00e9rt ut\u00e1np\u00f3tl\u00e1s kor\u00fa sportol\u00f3kat. A 2017-es esztend\u0151 nagy torn\u00e1in kiemelked\u0151en teljes\u00edt\u0151 U16-os le\u00e1ny v\u00e1logatott is megh\u00edv\u00f3t kapott a H\u00e9rakl\u00e9sz G\u00e1l\u00e1ra. Mint ismeretes az elm\u00falt ny\u00e1ron a koroszt\u00e1lyos Eur\u00f3pa-bajnoks\u00e1gon a d\u00f6nt\u0151ig menetelt \u00e9s...","og_url":"https:\/\/vasasbasket.hu\/index.php\/heraklesz-gala-ahol-az-u-16-valogatott-lett-az-ev-csapata\/","og_site_name":"Vasas n\u0151i kos\u00e1rlabda","article_publisher":"https:\/\/www.facebook.com\/vasaswbasket\/","article_published_time":"2018-03-02T07:39:25+00:00","og_image":[{"width":960,"height":720,"url":"https:\/\/vasasbasket.hu\/wp-content\/uploads\/2018\/03\/heraklesz1200_960px.jpg","type":"image\/jpeg"}],"author":"admin","twitter_card":"summary_large_image","twitter_misc":{"Szerz\u0151:":"admin","Becs\u00fclt olvas\u00e1si id\u0151":"1 perc"},"schema":{"@context":"https:\/\/schema.org","@graph":[{"@type":"Article","@id":"https:\/\/vasasbasket.hu\/index.php\/heraklesz-gala-ahol-az-u-16-valogatott-lett-az-ev-csapata\/#article","isPartOf":{"@id":"https:\/\/vasasbasket.hu\/index.php\/heraklesz-gala-ahol-az-u-16-valogatott-lett-az-ev-csapata\/"},"author":{"name":"admin","@id":"https:\/\/vasasbasket.hu\/#\/schema\/person\/f1085f4d2c6582d8d0f977e92de2edee"},"headline":"Her\u00e1kl\u00e9sz G\u00e1la, ahol az U 16 v\u00e1logatott lett az \u00e9v csapata!","datePublished":"2018-03-02T07:39:25+00:00","mainEntityOfPage":{"@id":"https:\/\/vasasbasket.hu\/index.php\/heraklesz-gala-ahol-az-u-16-valogatott-lett-az-ev-csapata\/"},"wordCount":174,"publisher":{"@id":"https:\/\/vasasbasket.hu\/#organization"},"image":{"@id":"https:\/\/vasasbasket.hu\/index.php\/heraklesz-gala-ahol-az-u-16-valogatott-lett-az-ev-csapata\/#primaryimage"},"thumbnailUrl":"https:\/\/vasasbasket.hu\/wp-content\/uploads\/2018\/03\/heraklesz1200_960px.jpg","articleSection":["Junior","\u00d6sszes H\u00edr"],"inLanguage":"hu"},{"@type":"WebPage","@id":"https:\/\/vasasbasket.hu\/index.php\/heraklesz-gala-ahol-az-u-16-valogatott-lett-az-ev-csapata\/","url":"https:\/\/vasasbasket.hu\/index.php\/heraklesz-gala-ahol-az-u-16-valogatott-lett-az-ev-csapata\/","name":"Her\u00e1kl\u00e9sz G\u00e1la, ahol az U 16 v\u00e1logatott lett az \u00e9v csapata! - Vasas n\u0151i kos\u00e1rlabda","isPartOf":{"@id":"https:\/\/vasasbasket.hu\/#website"},"primaryImageOfPage":{"@id":"https:\/\/vasasbasket.hu\/index.php\/heraklesz-gala-ahol-az-u-16-valogatott-lett-az-ev-csapata\/#primaryimage"},"image":{"@id":"https:\/\/vasasbasket.hu\/index.php\/heraklesz-gala-ahol-az-u-16-valogatott-lett-az-ev-csapata\/#primaryimage"},"thumbnailUrl":"https:\/\/vasasbasket.hu\/wp-content\/uploads\/2018\/03\/heraklesz1200_960px.jpg","datePublished":"2018-03-02T07:39:25+00:00","breadcrumb":{"@id":"https:\/\/vasasbasket.hu\/index.php\/heraklesz-gala-ahol-az-u-16-valogatott-lett-az-ev-csapata\/#breadcrumb"},"inLanguage":"hu","potentialAction":[{"@type":"ReadAction","target":["https:\/\/vasasbasket.hu\/index.php\/heraklesz-gala-ahol-az-u-16-valogatott-lett-az-ev-csapata\/"]}]},{"@type":"ImageObject","inLanguage":"hu","@id":"https:\/\/vasasbasket.hu\/index.php\/heraklesz-gala-ahol-az-u-16-valogatott-lett-az-ev-csapata\/#primaryimage","url":"https:\/\/vasasbasket.hu\/wp-content\/uploads\/2018\/03\/heraklesz1200_960px.jpg","contentUrl":"https:\/\/vasasbasket.hu\/wp-content\/uploads\/2018\/03\/heraklesz1200_960px.jpg","width":960,"height":720},{"@type":"BreadcrumbList","@id":"https:\/\/vasasbasket.hu\/index.php\/heraklesz-gala-ahol-az-u-16-valogatott-lett-az-ev-csapata\/#breadcrumb","itemListElement":[{"@type":"ListItem","position":1,"name":"Kezd\u0151lap","item":"https:\/\/vasasbasket.hu\/"},{"@type":"ListItem","position":2,"name":"Her\u00e1kl\u00e9sz G\u00e1la, ahol az U 16 v\u00e1logatott lett az \u00e9v csapata!"}]},{"@type":"WebSite","@id":"https:\/\/vasasbasket.hu\/#website","url":"https:\/\/vasasbasket.hu\/","name":"Vasas n\u0151i kos\u00e1rlabda","description":"Vasas Basket N\u0151i","publisher":{"@id":"https:\/\/vasasbasket.hu\/#organization"},"potentialAction":[{"@type":"SearchAction","target":{"@type":"EntryPoint","urlTemplate":"https:\/\/vasasbasket.hu\/?s={search_term_string}"},"query-input":{"@type":"PropertyValueSpecification","valueRequired":true,"valueName":"search_term_string"}}],"inLanguage":"hu"},{"@type":"Organization","@id":"https:\/\/vasasbasket.hu\/#organization","name":"Vasas n\u0151i kos\u00e1rlabda","url":"https:\/\/vasasbasket.hu\/","logo":{"@type":"ImageObject","inLanguage":"hu","@id":"https:\/\/vasasbasket.hu\/#\/schema\/logo\/image\/","url":"https:\/\/vasasbasket.hu\/wp-content\/uploads\/2017\/03\/vasas_cimer_1200.jpg","contentUrl":"https:\/\/vasasbasket.hu\/wp-content\/uploads\/2017\/03\/vasas_cimer_1200.jpg","width":1200,"height":1200,"caption":"Vasas n\u0151i kos\u00e1rlabda"},"image":{"@id":"https:\/\/vasasbasket.hu\/#\/schema\/logo\/image\/"},"sameAs":["https:\/\/www.facebook.com\/vasaswbasket\/"]},{"@type":"Person","@id":"https:\/\/vasasbasket.hu\/#\/schema\/person\/f1085f4d2c6582d8d0f977e92de2edee","name":"admin","image":{"@type":"ImageObject","inLanguage":"hu","@id":"https:\/\/vasasbasket.hu\/#\/schema\/person\/image\/","url":"https:\/\/secure.gravatar.com\/avatar\/645c92f7d9cfe02bd93ce2d1cfa11cd3a268bdfe65486552ff04b193cea07634?s=96&d=mm&r=g","contentUrl":"https:\/\/secure.gravatar.com\/avatar\/645c92f7d9cfe02bd93ce2d1cfa11cd3a268bdfe65486552ff04b193cea07634?s=96&d=mm&r=g","caption":"admin"},"url":"https:\/\/vasasbasket.hu\/index.php\/author\/admin\/"}]}},"_links":{"self":[{"href":"https:\/\/vasasbasket.hu\/index.php\/wp-json\/wp\/v2\/posts\/3762","targetHints":{"allow":["GET"]}}],"collection":[{"href":"https:\/\/vasasbasket.hu\/index.php\/wp-json\/wp\/v2\/posts"}],"about":[{"href":"https:\/\/vasasbasket.hu\/index.php\/wp-json\/wp\/v2\/types\/post"}],"author":[{"embeddable":true,"href":"https:\/\/vasasbasket.hu\/index.php\/wp-json\/wp\/v2\/users\/1"}],"replies":[{"embeddable":true,"href":"https:\/\/vasasbasket.hu\/index.php\/wp-json\/wp\/v2\/comments?post=3762"}],"version-history":[{"count":2,"href":"https:\/\/vasasbasket.hu\/index.php\/wp-json\/wp\/v2\/posts\/3762\/revisions"}],"predecessor-version":[{"id":3767,"href":"https:\/\/vasasbasket.hu\/index.php\/wp-json\/wp\/v2\/posts\/3762\/revisions\/3767"}],"wp:featuredmedia":[{"embeddable":true,"href":"https:\/\/vasasbasket.hu\/index.php\/wp-json\/wp\/v2\/media\/3765"}],"wp:attachment":[{"href":"https:\/\/vasasbasket.hu\/index.php\/wp-json\/wp\/v2\/media?parent=3762"}],"wp:term":[{"taxonomy":"category","embeddable":true,"href":"https:\/\/vasasbasket.hu\/index.php\/wp-json\/wp\/v2\/categories?post=3762"},{"taxonomy":"post_tag","embeddable":true,"href":"https:\/\/vasasbasket.hu\/index.php\/wp-json\/wp\/v2\/tags?post=3762"}],"curies":[{"name":"wp","href":"https:\/\/api.w.org\/{rel}","templated":true}]}}