{"id":3728,"date":"2018-02-21T14:00:35","date_gmt":"2018-02-21T14:00:35","guid":{"rendered":"http:\/\/vasasbasket.hu\/?p=3728"},"modified":"2018-02-21T14:00:35","modified_gmt":"2018-02-21T14:00:35","slug":"eldolt-a-junior-donto-miskolcon-lesz","status":"publish","type":"post","link":"https:\/\/vasasbasket.hu\/index.php\/eldolt-a-junior-donto-miskolcon-lesz\/","title":{"rendered":"Eld\u0151lt! A junior d\u00f6nt\u0151 Miskolcon lesz!"},"content":{"rendered":"<h2>A Nemzeti Le\u00e1ny Junior Bajnoks\u00e1g \u201eA\u201d D\u00f6nt\u0151je az al\u00e1bbiak szerint ker\u00fcl megrendez\u00e9sre:<\/h2>\n<h2>\nHelysz\u00edn: Miskolc, Generali Ar\u00e9na (G\u00f6rgey Art\u00far u. 19.)<br \/>\nId\u0151pont: 2018. m\u00e1rcius 8-11.<\/p>\n<p>A D\u00f6nt\u0151 csoportjai:<\/h2>\n<p>\u201e<strong>A\u201d csoport<\/strong><br \/>\nCsata DSE<br \/>\nDVTK Akad\u00e9mia<br \/>\nKecskem\u00e9ti KC<br \/>\nKeresztj\u00e1t\u00e9k gy\u0151ztese 1. vagy 2. (KJ1\/KJ2, sorsol\u00e1ssal)<\/p>\n<p><strong>\u201eB\u201d csoport<\/strong><br \/>\n<strong>Vasas Akad\u00e9mia &#8222;A&#8221;<\/strong><br \/>\nPEAC &#8211; KA P\u00e9cs<br \/>\nBEAC \u00dajbuda KA &#8222;A&#8221;<br \/>\nKeresztj\u00e1t\u00e9k gy\u0151ztese 1. vagy 2. (KJ1\/KJ2, sorsol\u00e1ssal)<\/p>\n<p><strong>A torna m\u0171sora:<\/strong><br \/>\n<strong>2018. m\u00e1rcius 8. (cs\u00fct\u00f6rt\u00f6k)<\/strong><br \/>\n9:00\u00a0 PEAC &#8211; KA P\u00e9cs &#8211; BEAC \u00dajbuda KA &#8222;A&#8221; (LOJD-1011)<br \/>\n<strong>11:00 Vasas Akad\u00e9mia &#8222;A&#8221;<\/strong> &#8211; KJ1\/KJ2 (LOJD-1012)<br \/>\n13:00 Csata DSE &#8211; KJ1\/KJ2 (LOJD-1013)<br \/>\n15:00 DVTK Akad\u00e9mia &#8211; Kecskem\u00e9ti KC (LOJD-1014)<br \/>\n16:45 \u00dcnnep\u00e9lyes megnyit\u00f3<br \/>\n17:30 PEAC &#8211; KA P\u00e9cs &#8211; KJ1\/KJ2 (LOJD-1015)<br \/>\n<strong>19:30<\/strong> BEAC \u00dajbuda KA &#8222;A&#8221; &#8211; <strong>Vasas Akad\u00e9mia &#8222;A&#8221;<\/strong> (LOJD-1016)<\/p>\n<p><strong>2018. m\u00e1rcius 9. (p\u00e9ntek)<\/strong><br \/>\n9:00\u00a0 Kecskem\u00e9ti KC &#8211; Csata DSE (LOJD-1017)<br \/>\n11:00 DVTK Akad\u00e9mia &#8211; KJ1\/KJ2 (LOJD-1018)<br \/>\n13:00 KJ1\/KJ2 &#8211; BEAC \u00dajbuda KA &#8222;A&#8221; (LOJD-1019)<br \/>\n<strong>15:00 Vasas Akad\u00e9mia &#8222;A&#8221;<\/strong> &#8211; PEAC &#8211; KA P\u00e9cs (LOJD-1020)<br \/>\n17:00 KJ1\/KJ2 &#8211; Kecskem\u00e9ti KC (LOJD-1021)<br \/>\n19:00 Csata DSE &#8211; DVTK Akad\u00e9mia (LOJD-1022)<\/p>\n<p><strong>2018. m\u00e1rcius 10. (szombat)<\/strong><br \/>\n10:00 \u201eB\u201d III. helyezett \u2013 \u201eA\u201d IV. helyezett [E] (LOJD-1023)<br \/>\n12:00 \u201eA\u201d III. helyezett \u2013 \u201eB\u201d IV. helyezett [F] (LOJD-1024)<br \/>\n14:00 \u201eB\u201d I. helyezett \u2013 \u201eA\u201d II. helyezett [G] (LOJD-1025)<br \/>\n16:00 \u201eA\u201d I. helyezett \u2013 \u201eB\u201d II. helyezett [H] (LOJD-1026)<\/p>\n<p><strong>2018. m\u00e1rcius 11. (vas\u00e1rnap)<\/strong><br \/>\n9:00 \u201eE\u201d vesztes \u2013 \u201eF\u201d vesztes [7. hely\u00e9rt] (LOJD-1027)<br \/>\n11:00 \u201eE\u201d gy\u0151ztes \u2013 \u201eF\u201d gy\u0151ztes [5. hely\u00e9rt] (LOJD-1028)<br \/>\n13:00 \u201eG\u201d vesztes \u2013 \u201eH\u201d vesztes [3. hely\u00e9rt] (LOJD-1029)<br \/>\n15:00 \u201eG\u201d gy\u0151ztes \u2013 \u201eH\u201d gy\u0151ztes [1. hely\u00e9rt] (LOJD-1030)<\/p>\n","protected":false},"excerpt":{"rendered":"<p>A Nemzeti Le\u00e1ny Junior Bajnoks\u00e1g \u201eA\u201d D\u00f6nt\u0151je az al\u00e1bbiak szerint ker\u00fcl megrendez\u00e9sre: Helysz\u00edn: Miskolc, Generali Ar\u00e9na (G\u00f6rgey Art\u00far u. 19.) Id\u0151pont: 2018. m\u00e1rcius 8-11. A D\u00f6nt\u0151 csoportjai: \u201eA\u201d csoport Csata DSE DVTK Akad\u00e9mia Kecskem\u00e9ti KC Keresztj\u00e1t\u00e9k gy\u0151ztese 1. vagy 2. (KJ1\/KJ2, sorsol\u00e1ssal) \u201eB\u201d csoport Vasas Akad\u00e9mia &#8222;A&#8221; PEAC &#8211; KA P\u00e9cs BEAC \u00dajbuda KA &#8222;A&#8221;&#8230;<\/p>\n","protected":false},"author":1,"featured_media":3109,"comment_status":"closed","ping_status":"open","sticky":false,"template":"","format":"standard","meta":{"footnotes":""},"categories":[50,92],"tags":[],"class_list":["post-3728","post","type-post","status-publish","format-standard","has-post-thumbnail","hentry","category-junior","category-hirek"],"yoast_head":"<!-- This site is optimized with the Yoast SEO plugin v26.0 - https:\/\/yoast.com\/wordpress\/plugins\/seo\/ -->\n<title>Eld\u0151lt! A junior d\u00f6nt\u0151 Miskolcon lesz! - Vasas n\u0151i kos\u00e1rlabda<\/title>\n<meta name=\"robots\" content=\"index, follow, max-snippet:-1, max-image-preview:large, max-video-preview:-1\" \/>\n<link rel=\"canonical\" href=\"https:\/\/vasasbasket.hu\/index.php\/eldolt-a-junior-donto-miskolcon-lesz\/\" \/>\n<meta property=\"og:locale\" content=\"hu_HU\" \/>\n<meta property=\"og:type\" content=\"article\" \/>\n<meta property=\"og:title\" content=\"Eld\u0151lt! A junior d\u00f6nt\u0151 Miskolcon lesz! - Vasas n\u0151i kos\u00e1rlabda\" \/>\n<meta property=\"og:description\" content=\"A Nemzeti Le\u00e1ny Junior Bajnoks\u00e1g \u201eA\u201d D\u00f6nt\u0151je az al\u00e1bbiak szerint ker\u00fcl megrendez\u00e9sre: Helysz\u00edn: Miskolc, Generali Ar\u00e9na (G\u00f6rgey Art\u00far u. 19.) Id\u0151pont: 2018. m\u00e1rcius 8-11. A D\u00f6nt\u0151 csoportjai: \u201eA\u201d csoport Csata DSE DVTK Akad\u00e9mia Kecskem\u00e9ti KC Keresztj\u00e1t\u00e9k gy\u0151ztese 1. vagy 2. (KJ1\/KJ2, sorsol\u00e1ssal) \u201eB\u201d csoport Vasas Akad\u00e9mia &#8222;A&#8221; PEAC &#8211; KA P\u00e9cs BEAC \u00dajbuda KA &#8222;A&#8221;...\" \/>\n<meta property=\"og:url\" content=\"https:\/\/vasasbasket.hu\/index.php\/eldolt-a-junior-donto-miskolcon-lesz\/\" \/>\n<meta property=\"og:site_name\" content=\"Vasas n\u0151i kos\u00e1rlabda\" \/>\n<meta property=\"article:publisher\" content=\"https:\/\/www.facebook.com\/vasaswbasket\/\" \/>\n<meta property=\"article:published_time\" content=\"2018-02-21T14:00:35+00:00\" \/>\n<meta property=\"og:image\" content=\"https:\/\/vasasbasket.hu\/wp-content\/uploads\/2017\/03\/vasas-akademia-junior-2-scaled.jpg\" \/>\n\t<meta property=\"og:image:width\" content=\"2560\" \/>\n\t<meta property=\"og:image:height\" content=\"1920\" \/>\n\t<meta property=\"og:image:type\" content=\"image\/jpeg\" \/>\n<meta name=\"author\" content=\"admin\" \/>\n<meta name=\"twitter:card\" content=\"summary_large_image\" \/>\n<meta name=\"twitter:label1\" content=\"Szerz\u0151:\" \/>\n\t<meta name=\"twitter:data1\" content=\"admin\" \/>\n\t<meta name=\"twitter:label2\" content=\"Becs\u00fclt olvas\u00e1si id\u0151\" \/>\n\t<meta name=\"twitter:data2\" content=\"1 perc\" \/>\n<script type=\"application\/ld+json\" class=\"yoast-schema-graph\">{\"@context\":\"https:\/\/schema.org\",\"@graph\":[{\"@type\":\"Article\",\"@id\":\"https:\/\/vasasbasket.hu\/index.php\/eldolt-a-junior-donto-miskolcon-lesz\/#article\",\"isPartOf\":{\"@id\":\"https:\/\/vasasbasket.hu\/index.php\/eldolt-a-junior-donto-miskolcon-lesz\/\"},\"author\":{\"name\":\"admin\",\"@id\":\"https:\/\/vasasbasket.hu\/#\/schema\/person\/f1085f4d2c6582d8d0f977e92de2edee\"},\"headline\":\"Eld\u0151lt! A junior d\u00f6nt\u0151 Miskolcon lesz!\",\"datePublished\":\"2018-02-21T14:00:35+00:00\",\"mainEntityOfPage\":{\"@id\":\"https:\/\/vasasbasket.hu\/index.php\/eldolt-a-junior-donto-miskolcon-lesz\/\"},\"wordCount\":279,\"publisher\":{\"@id\":\"https:\/\/vasasbasket.hu\/#organization\"},\"image\":{\"@id\":\"https:\/\/vasasbasket.hu\/index.php\/eldolt-a-junior-donto-miskolcon-lesz\/#primaryimage\"},\"thumbnailUrl\":\"https:\/\/vasasbasket.hu\/wp-content\/uploads\/2017\/03\/vasas-akademia-junior-2-scaled.jpg\",\"articleSection\":[\"Junior\",\"\u00d6sszes H\u00edr\"],\"inLanguage\":\"hu\"},{\"@type\":\"WebPage\",\"@id\":\"https:\/\/vasasbasket.hu\/index.php\/eldolt-a-junior-donto-miskolcon-lesz\/\",\"url\":\"https:\/\/vasasbasket.hu\/index.php\/eldolt-a-junior-donto-miskolcon-lesz\/\",\"name\":\"Eld\u0151lt! A junior d\u00f6nt\u0151 Miskolcon lesz! - Vasas n\u0151i kos\u00e1rlabda\",\"isPartOf\":{\"@id\":\"https:\/\/vasasbasket.hu\/#website\"},\"primaryImageOfPage\":{\"@id\":\"https:\/\/vasasbasket.hu\/index.php\/eldolt-a-junior-donto-miskolcon-lesz\/#primaryimage\"},\"image\":{\"@id\":\"https:\/\/vasasbasket.hu\/index.php\/eldolt-a-junior-donto-miskolcon-lesz\/#primaryimage\"},\"thumbnailUrl\":\"https:\/\/vasasbasket.hu\/wp-content\/uploads\/2017\/03\/vasas-akademia-junior-2-scaled.jpg\",\"datePublished\":\"2018-02-21T14:00:35+00:00\",\"breadcrumb\":{\"@id\":\"https:\/\/vasasbasket.hu\/index.php\/eldolt-a-junior-donto-miskolcon-lesz\/#breadcrumb\"},\"inLanguage\":\"hu\",\"potentialAction\":[{\"@type\":\"ReadAction\",\"target\":[\"https:\/\/vasasbasket.hu\/index.php\/eldolt-a-junior-donto-miskolcon-lesz\/\"]}]},{\"@type\":\"ImageObject\",\"inLanguage\":\"hu\",\"@id\":\"https:\/\/vasasbasket.hu\/index.php\/eldolt-a-junior-donto-miskolcon-lesz\/#primaryimage\",\"url\":\"https:\/\/vasasbasket.hu\/wp-content\/uploads\/2017\/03\/vasas-akademia-junior-2-scaled.jpg\",\"contentUrl\":\"https:\/\/vasasbasket.hu\/wp-content\/uploads\/2017\/03\/vasas-akademia-junior-2-scaled.jpg\",\"width\":2560,\"height\":1920},{\"@type\":\"BreadcrumbList\",\"@id\":\"https:\/\/vasasbasket.hu\/index.php\/eldolt-a-junior-donto-miskolcon-lesz\/#breadcrumb\",\"itemListElement\":[{\"@type\":\"ListItem\",\"position\":1,\"name\":\"Kezd\u0151lap\",\"item\":\"https:\/\/vasasbasket.hu\/\"},{\"@type\":\"ListItem\",\"position\":2,\"name\":\"Eld\u0151lt! A junior d\u00f6nt\u0151 Miskolcon lesz!\"}]},{\"@type\":\"WebSite\",\"@id\":\"https:\/\/vasasbasket.hu\/#website\",\"url\":\"https:\/\/vasasbasket.hu\/\",\"name\":\"Vasas n\u0151i kos\u00e1rlabda\",\"description\":\"Vasas Basket N\u0151i\",\"publisher\":{\"@id\":\"https:\/\/vasasbasket.hu\/#organization\"},\"potentialAction\":[{\"@type\":\"SearchAction\",\"target\":{\"@type\":\"EntryPoint\",\"urlTemplate\":\"https:\/\/vasasbasket.hu\/?s={search_term_string}\"},\"query-input\":{\"@type\":\"PropertyValueSpecification\",\"valueRequired\":true,\"valueName\":\"search_term_string\"}}],\"inLanguage\":\"hu\"},{\"@type\":\"Organization\",\"@id\":\"https:\/\/vasasbasket.hu\/#organization\",\"name\":\"Vasas n\u0151i kos\u00e1rlabda\",\"url\":\"https:\/\/vasasbasket.hu\/\",\"logo\":{\"@type\":\"ImageObject\",\"inLanguage\":\"hu\",\"@id\":\"https:\/\/vasasbasket.hu\/#\/schema\/logo\/image\/\",\"url\":\"https:\/\/vasasbasket.hu\/wp-content\/uploads\/2017\/03\/vasas_cimer_1200.jpg\",\"contentUrl\":\"https:\/\/vasasbasket.hu\/wp-content\/uploads\/2017\/03\/vasas_cimer_1200.jpg\",\"width\":1200,\"height\":1200,\"caption\":\"Vasas n\u0151i kos\u00e1rlabda\"},\"image\":{\"@id\":\"https:\/\/vasasbasket.hu\/#\/schema\/logo\/image\/\"},\"sameAs\":[\"https:\/\/www.facebook.com\/vasaswbasket\/\"]},{\"@type\":\"Person\",\"@id\":\"https:\/\/vasasbasket.hu\/#\/schema\/person\/f1085f4d2c6582d8d0f977e92de2edee\",\"name\":\"admin\",\"image\":{\"@type\":\"ImageObject\",\"inLanguage\":\"hu\",\"@id\":\"https:\/\/vasasbasket.hu\/#\/schema\/person\/image\/\",\"url\":\"https:\/\/secure.gravatar.com\/avatar\/645c92f7d9cfe02bd93ce2d1cfa11cd3a268bdfe65486552ff04b193cea07634?s=96&d=mm&r=g\",\"contentUrl\":\"https:\/\/secure.gravatar.com\/avatar\/645c92f7d9cfe02bd93ce2d1cfa11cd3a268bdfe65486552ff04b193cea07634?s=96&d=mm&r=g\",\"caption\":\"admin\"},\"url\":\"https:\/\/vasasbasket.hu\/index.php\/author\/admin\/\"}]}<\/script>\n<!-- \/ Yoast SEO plugin. -->","yoast_head_json":{"title":"Eld\u0151lt! A junior d\u00f6nt\u0151 Miskolcon lesz! - Vasas n\u0151i kos\u00e1rlabda","robots":{"index":"index","follow":"follow","max-snippet":"max-snippet:-1","max-image-preview":"max-image-preview:large","max-video-preview":"max-video-preview:-1"},"canonical":"https:\/\/vasasbasket.hu\/index.php\/eldolt-a-junior-donto-miskolcon-lesz\/","og_locale":"hu_HU","og_type":"article","og_title":"Eld\u0151lt! A junior d\u00f6nt\u0151 Miskolcon lesz! - Vasas n\u0151i kos\u00e1rlabda","og_description":"A Nemzeti Le\u00e1ny Junior Bajnoks\u00e1g \u201eA\u201d D\u00f6nt\u0151je az al\u00e1bbiak szerint ker\u00fcl megrendez\u00e9sre: Helysz\u00edn: Miskolc, Generali Ar\u00e9na (G\u00f6rgey Art\u00far u. 19.) Id\u0151pont: 2018. m\u00e1rcius 8-11. A D\u00f6nt\u0151 csoportjai: \u201eA\u201d csoport Csata DSE DVTK Akad\u00e9mia Kecskem\u00e9ti KC Keresztj\u00e1t\u00e9k gy\u0151ztese 1. vagy 2. (KJ1\/KJ2, sorsol\u00e1ssal) \u201eB\u201d csoport Vasas Akad\u00e9mia &#8222;A&#8221; PEAC &#8211; KA P\u00e9cs BEAC \u00dajbuda KA &#8222;A&#8221;...","og_url":"https:\/\/vasasbasket.hu\/index.php\/eldolt-a-junior-donto-miskolcon-lesz\/","og_site_name":"Vasas n\u0151i kos\u00e1rlabda","article_publisher":"https:\/\/www.facebook.com\/vasaswbasket\/","article_published_time":"2018-02-21T14:00:35+00:00","og_image":[{"width":2560,"height":1920,"url":"https:\/\/vasasbasket.hu\/wp-content\/uploads\/2017\/03\/vasas-akademia-junior-2-scaled.jpg","type":"image\/jpeg"}],"author":"admin","twitter_card":"summary_large_image","twitter_misc":{"Szerz\u0151:":"admin","Becs\u00fclt olvas\u00e1si id\u0151":"1 perc"},"schema":{"@context":"https:\/\/schema.org","@graph":[{"@type":"Article","@id":"https:\/\/vasasbasket.hu\/index.php\/eldolt-a-junior-donto-miskolcon-lesz\/#article","isPartOf":{"@id":"https:\/\/vasasbasket.hu\/index.php\/eldolt-a-junior-donto-miskolcon-lesz\/"},"author":{"name":"admin","@id":"https:\/\/vasasbasket.hu\/#\/schema\/person\/f1085f4d2c6582d8d0f977e92de2edee"},"headline":"Eld\u0151lt! A junior d\u00f6nt\u0151 Miskolcon lesz!","datePublished":"2018-02-21T14:00:35+00:00","mainEntityOfPage":{"@id":"https:\/\/vasasbasket.hu\/index.php\/eldolt-a-junior-donto-miskolcon-lesz\/"},"wordCount":279,"publisher":{"@id":"https:\/\/vasasbasket.hu\/#organization"},"image":{"@id":"https:\/\/vasasbasket.hu\/index.php\/eldolt-a-junior-donto-miskolcon-lesz\/#primaryimage"},"thumbnailUrl":"https:\/\/vasasbasket.hu\/wp-content\/uploads\/2017\/03\/vasas-akademia-junior-2-scaled.jpg","articleSection":["Junior","\u00d6sszes H\u00edr"],"inLanguage":"hu"},{"@type":"WebPage","@id":"https:\/\/vasasbasket.hu\/index.php\/eldolt-a-junior-donto-miskolcon-lesz\/","url":"https:\/\/vasasbasket.hu\/index.php\/eldolt-a-junior-donto-miskolcon-lesz\/","name":"Eld\u0151lt! A junior d\u00f6nt\u0151 Miskolcon lesz! - Vasas n\u0151i kos\u00e1rlabda","isPartOf":{"@id":"https:\/\/vasasbasket.hu\/#website"},"primaryImageOfPage":{"@id":"https:\/\/vasasbasket.hu\/index.php\/eldolt-a-junior-donto-miskolcon-lesz\/#primaryimage"},"image":{"@id":"https:\/\/vasasbasket.hu\/index.php\/eldolt-a-junior-donto-miskolcon-lesz\/#primaryimage"},"thumbnailUrl":"https:\/\/vasasbasket.hu\/wp-content\/uploads\/2017\/03\/vasas-akademia-junior-2-scaled.jpg","datePublished":"2018-02-21T14:00:35+00:00","breadcrumb":{"@id":"https:\/\/vasasbasket.hu\/index.php\/eldolt-a-junior-donto-miskolcon-lesz\/#breadcrumb"},"inLanguage":"hu","potentialAction":[{"@type":"ReadAction","target":["https:\/\/vasasbasket.hu\/index.php\/eldolt-a-junior-donto-miskolcon-lesz\/"]}]},{"@type":"ImageObject","inLanguage":"hu","@id":"https:\/\/vasasbasket.hu\/index.php\/eldolt-a-junior-donto-miskolcon-lesz\/#primaryimage","url":"https:\/\/vasasbasket.hu\/wp-content\/uploads\/2017\/03\/vasas-akademia-junior-2-scaled.jpg","contentUrl":"https:\/\/vasasbasket.hu\/wp-content\/uploads\/2017\/03\/vasas-akademia-junior-2-scaled.jpg","width":2560,"height":1920},{"@type":"BreadcrumbList","@id":"https:\/\/vasasbasket.hu\/index.php\/eldolt-a-junior-donto-miskolcon-lesz\/#breadcrumb","itemListElement":[{"@type":"ListItem","position":1,"name":"Kezd\u0151lap","item":"https:\/\/vasasbasket.hu\/"},{"@type":"ListItem","position":2,"name":"Eld\u0151lt! A junior d\u00f6nt\u0151 Miskolcon lesz!"}]},{"@type":"WebSite","@id":"https:\/\/vasasbasket.hu\/#website","url":"https:\/\/vasasbasket.hu\/","name":"Vasas n\u0151i kos\u00e1rlabda","description":"Vasas Basket N\u0151i","publisher":{"@id":"https:\/\/vasasbasket.hu\/#organization"},"potentialAction":[{"@type":"SearchAction","target":{"@type":"EntryPoint","urlTemplate":"https:\/\/vasasbasket.hu\/?s={search_term_string}"},"query-input":{"@type":"PropertyValueSpecification","valueRequired":true,"valueName":"search_term_string"}}],"inLanguage":"hu"},{"@type":"Organization","@id":"https:\/\/vasasbasket.hu\/#organization","name":"Vasas n\u0151i kos\u00e1rlabda","url":"https:\/\/vasasbasket.hu\/","logo":{"@type":"ImageObject","inLanguage":"hu","@id":"https:\/\/vasasbasket.hu\/#\/schema\/logo\/image\/","url":"https:\/\/vasasbasket.hu\/wp-content\/uploads\/2017\/03\/vasas_cimer_1200.jpg","contentUrl":"https:\/\/vasasbasket.hu\/wp-content\/uploads\/2017\/03\/vasas_cimer_1200.jpg","width":1200,"height":1200,"caption":"Vasas n\u0151i kos\u00e1rlabda"},"image":{"@id":"https:\/\/vasasbasket.hu\/#\/schema\/logo\/image\/"},"sameAs":["https:\/\/www.facebook.com\/vasaswbasket\/"]},{"@type":"Person","@id":"https:\/\/vasasbasket.hu\/#\/schema\/person\/f1085f4d2c6582d8d0f977e92de2edee","name":"admin","image":{"@type":"ImageObject","inLanguage":"hu","@id":"https:\/\/vasasbasket.hu\/#\/schema\/person\/image\/","url":"https:\/\/secure.gravatar.com\/avatar\/645c92f7d9cfe02bd93ce2d1cfa11cd3a268bdfe65486552ff04b193cea07634?s=96&d=mm&r=g","contentUrl":"https:\/\/secure.gravatar.com\/avatar\/645c92f7d9cfe02bd93ce2d1cfa11cd3a268bdfe65486552ff04b193cea07634?s=96&d=mm&r=g","caption":"admin"},"url":"https:\/\/vasasbasket.hu\/index.php\/author\/admin\/"}]}},"_links":{"self":[{"href":"https:\/\/vasasbasket.hu\/index.php\/wp-json\/wp\/v2\/posts\/3728","targetHints":{"allow":["GET"]}}],"collection":[{"href":"https:\/\/vasasbasket.hu\/index.php\/wp-json\/wp\/v2\/posts"}],"about":[{"href":"https:\/\/vasasbasket.hu\/index.php\/wp-json\/wp\/v2\/types\/post"}],"author":[{"embeddable":true,"href":"https:\/\/vasasbasket.hu\/index.php\/wp-json\/wp\/v2\/users\/1"}],"replies":[{"embeddable":true,"href":"https:\/\/vasasbasket.hu\/index.php\/wp-json\/wp\/v2\/comments?post=3728"}],"version-history":[{"count":1,"href":"https:\/\/vasasbasket.hu\/index.php\/wp-json\/wp\/v2\/posts\/3728\/revisions"}],"predecessor-version":[{"id":3729,"href":"https:\/\/vasasbasket.hu\/index.php\/wp-json\/wp\/v2\/posts\/3728\/revisions\/3729"}],"wp:featuredmedia":[{"embeddable":true,"href":"https:\/\/vasasbasket.hu\/index.php\/wp-json\/wp\/v2\/media\/3109"}],"wp:attachment":[{"href":"https:\/\/vasasbasket.hu\/index.php\/wp-json\/wp\/v2\/media?parent=3728"}],"wp:term":[{"taxonomy":"category","embeddable":true,"href":"https:\/\/vasasbasket.hu\/index.php\/wp-json\/wp\/v2\/categories?post=3728"},{"taxonomy":"post_tag","embeddable":true,"href":"https:\/\/vasasbasket.hu\/index.php\/wp-json\/wp\/v2\/tags?post=3728"}],"curies":[{"name":"wp","href":"https:\/\/api.w.org\/{rel}","templated":true}]}}