{"id":3716,"date":"2018-02-18T07:33:42","date_gmt":"2018-02-18T07:33:42","guid":{"rendered":"http:\/\/vasasbasket.hu\/?p=3716"},"modified":"2018-02-18T07:33:42","modified_gmt":"2018-02-18T07:33:42","slug":"budapesti-gyerek-merkozes","status":"publish","type":"post","link":"https:\/\/vasasbasket.hu\/index.php\/budapesti-gyerek-merkozes\/","title":{"rendered":"Budapesti gyerek m\u00e9rk\u0151z\u00e9s"},"content":{"rendered":"<p>2018.02.10.- szombat 15:45<\/p>\n<h2><strong>Tiszai Vir\u00e1gok- Vasas Akad\u00e9mia 8-84<\/strong><\/h2>\n<p>(4-20, 1-20, 2-18, 1-26)<\/p>\n<p><u>Pontszerz\u0151k<\/u><\/p>\n<p>VASAS: Masier Sophia 20, L\u00e1szl\u00f3 R\u00e9ka 12, Hruby Laura 10, So\u00f3s Kriszta 10, Mar\u00f3ty Dalma 10, Igaz Eszter 10, Benyovszki Petra 6, Ilcsik Bogl\u00e1rka 4, Csutak Anna 2<\/p>\n<p>Nagyon j\u00f3l v\u00e9dekeztek a l\u00e1nyok eg\u00e9szp\u00e1ly\u00e1n \u00e9s f\u00e9lp\u00e1ly\u00e1n is, sz\u00e9pen seg\u00edtettek be egym\u00e1snak. Magass\u00e1gi f\u00f6l\u00e9ny\u00fcnket kihaszn\u00e1ltuk, Sophiet \u00e9s Kriszt\u00e1t \u00fcgyesen futtatt\u00e1k be \u00e9s passzolt\u00e1k meg a kicsik. A f\u0151 feladat az volt, hogy ellenfel\u00fcnket 10 pont alatt tartsuk, ez siker\u00fclt is, ami\u00e9rt gratul\u00e1lok a l\u00e1nyoknak!<\/p>\n","protected":false},"excerpt":{"rendered":"<p>2018.02.10.- szombat 15:45 Tiszai Vir\u00e1gok- Vasas Akad\u00e9mia 8-84 (4-20, 1-20, 2-18, 1-26) Pontszerz\u0151k VASAS: Masier Sophia 20, L\u00e1szl\u00f3 R\u00e9ka 12, Hruby Laura 10, So\u00f3s Kriszta 10, Mar\u00f3ty Dalma 10, Igaz Eszter 10, Benyovszki Petra 6, Ilcsik Bogl\u00e1rka 4, Csutak Anna 2 Nagyon j\u00f3l v\u00e9dekeztek a l\u00e1nyok eg\u00e9szp\u00e1ly\u00e1n \u00e9s f\u00e9lp\u00e1ly\u00e1n is, sz\u00e9pen seg\u00edtettek be egym\u00e1snak. Magass\u00e1gi&#8230;<\/p>\n","protected":false},"author":1,"featured_media":3089,"comment_status":"closed","ping_status":"open","sticky":false,"template":"","format":"standard","meta":{"footnotes":""},"categories":[73,92],"tags":[],"class_list":["post-3716","post","type-post","status-publish","format-standard","has-post-thumbnail","hentry","category-gyerek","category-hirek"],"yoast_head":"<!-- This site is optimized with the Yoast SEO plugin v26.0 - https:\/\/yoast.com\/wordpress\/plugins\/seo\/ -->\n<title>Budapesti gyerek m\u00e9rk\u0151z\u00e9s - Vasas n\u0151i kos\u00e1rlabda<\/title>\n<meta name=\"robots\" content=\"index, follow, max-snippet:-1, max-image-preview:large, max-video-preview:-1\" \/>\n<link rel=\"canonical\" href=\"https:\/\/vasasbasket.hu\/index.php\/budapesti-gyerek-merkozes\/\" \/>\n<meta property=\"og:locale\" content=\"hu_HU\" \/>\n<meta property=\"og:type\" content=\"article\" \/>\n<meta property=\"og:title\" content=\"Budapesti gyerek m\u00e9rk\u0151z\u00e9s - Vasas n\u0151i kos\u00e1rlabda\" \/>\n<meta property=\"og:description\" content=\"2018.02.10.- szombat 15:45 Tiszai Vir\u00e1gok- Vasas Akad\u00e9mia 8-84 (4-20, 1-20, 2-18, 1-26) Pontszerz\u0151k VASAS: Masier Sophia 20, L\u00e1szl\u00f3 R\u00e9ka 12, Hruby Laura 10, So\u00f3s Kriszta 10, Mar\u00f3ty Dalma 10, Igaz Eszter 10, Benyovszki Petra 6, Ilcsik Bogl\u00e1rka 4, Csutak Anna 2 Nagyon j\u00f3l v\u00e9dekeztek a l\u00e1nyok eg\u00e9szp\u00e1ly\u00e1n \u00e9s f\u00e9lp\u00e1ly\u00e1n is, sz\u00e9pen seg\u00edtettek be egym\u00e1snak. Magass\u00e1gi...\" \/>\n<meta property=\"og:url\" content=\"https:\/\/vasasbasket.hu\/index.php\/budapesti-gyerek-merkozes\/\" \/>\n<meta property=\"og:site_name\" content=\"Vasas n\u0151i kos\u00e1rlabda\" \/>\n<meta property=\"article:publisher\" content=\"https:\/\/www.facebook.com\/vasaswbasket\/\" \/>\n<meta property=\"article:published_time\" content=\"2018-02-18T07:33:42+00:00\" \/>\n<meta property=\"og:image\" content=\"https:\/\/vasasbasket.hu\/wp-content\/uploads\/2017\/03\/GYEREK-B-csapatk\u00e9p.jpg\" \/>\n\t<meta property=\"og:image:width\" content=\"1280\" \/>\n\t<meta property=\"og:image:height\" content=\"960\" \/>\n\t<meta property=\"og:image:type\" content=\"image\/jpeg\" \/>\n<meta name=\"author\" content=\"admin\" \/>\n<meta name=\"twitter:card\" content=\"summary_large_image\" \/>\n<meta name=\"twitter:label1\" content=\"Szerz\u0151:\" \/>\n\t<meta name=\"twitter:data1\" content=\"admin\" \/>\n\t<meta name=\"twitter:label2\" content=\"Becs\u00fclt olvas\u00e1si id\u0151\" \/>\n\t<meta name=\"twitter:data2\" content=\"1 perc\" \/>\n<script type=\"application\/ld+json\" class=\"yoast-schema-graph\">{\"@context\":\"https:\/\/schema.org\",\"@graph\":[{\"@type\":\"Article\",\"@id\":\"https:\/\/vasasbasket.hu\/index.php\/budapesti-gyerek-merkozes\/#article\",\"isPartOf\":{\"@id\":\"https:\/\/vasasbasket.hu\/index.php\/budapesti-gyerek-merkozes\/\"},\"author\":{\"name\":\"admin\",\"@id\":\"https:\/\/vasasbasket.hu\/#\/schema\/person\/f1085f4d2c6582d8d0f977e92de2edee\"},\"headline\":\"Budapesti gyerek m\u00e9rk\u0151z\u00e9s\",\"datePublished\":\"2018-02-18T07:33:42+00:00\",\"mainEntityOfPage\":{\"@id\":\"https:\/\/vasasbasket.hu\/index.php\/budapesti-gyerek-merkozes\/\"},\"wordCount\":114,\"publisher\":{\"@id\":\"https:\/\/vasasbasket.hu\/#organization\"},\"image\":{\"@id\":\"https:\/\/vasasbasket.hu\/index.php\/budapesti-gyerek-merkozes\/#primaryimage\"},\"thumbnailUrl\":\"https:\/\/vasasbasket.hu\/wp-content\/uploads\/2017\/03\/GYEREK-B-csapatk\u00e9p.jpg\",\"articleSection\":[\"Gyerek\",\"\u00d6sszes H\u00edr\"],\"inLanguage\":\"hu\"},{\"@type\":\"WebPage\",\"@id\":\"https:\/\/vasasbasket.hu\/index.php\/budapesti-gyerek-merkozes\/\",\"url\":\"https:\/\/vasasbasket.hu\/index.php\/budapesti-gyerek-merkozes\/\",\"name\":\"Budapesti gyerek m\u00e9rk\u0151z\u00e9s - Vasas n\u0151i kos\u00e1rlabda\",\"isPartOf\":{\"@id\":\"https:\/\/vasasbasket.hu\/#website\"},\"primaryImageOfPage\":{\"@id\":\"https:\/\/vasasbasket.hu\/index.php\/budapesti-gyerek-merkozes\/#primaryimage\"},\"image\":{\"@id\":\"https:\/\/vasasbasket.hu\/index.php\/budapesti-gyerek-merkozes\/#primaryimage\"},\"thumbnailUrl\":\"https:\/\/vasasbasket.hu\/wp-content\/uploads\/2017\/03\/GYEREK-B-csapatk\u00e9p.jpg\",\"datePublished\":\"2018-02-18T07:33:42+00:00\",\"breadcrumb\":{\"@id\":\"https:\/\/vasasbasket.hu\/index.php\/budapesti-gyerek-merkozes\/#breadcrumb\"},\"inLanguage\":\"hu\",\"potentialAction\":[{\"@type\":\"ReadAction\",\"target\":[\"https:\/\/vasasbasket.hu\/index.php\/budapesti-gyerek-merkozes\/\"]}]},{\"@type\":\"ImageObject\",\"inLanguage\":\"hu\",\"@id\":\"https:\/\/vasasbasket.hu\/index.php\/budapesti-gyerek-merkozes\/#primaryimage\",\"url\":\"https:\/\/vasasbasket.hu\/wp-content\/uploads\/2017\/03\/GYEREK-B-csapatk\u00e9p.jpg\",\"contentUrl\":\"https:\/\/vasasbasket.hu\/wp-content\/uploads\/2017\/03\/GYEREK-B-csapatk\u00e9p.jpg\",\"width\":1280,\"height\":960},{\"@type\":\"BreadcrumbList\",\"@id\":\"https:\/\/vasasbasket.hu\/index.php\/budapesti-gyerek-merkozes\/#breadcrumb\",\"itemListElement\":[{\"@type\":\"ListItem\",\"position\":1,\"name\":\"Kezd\u0151lap\",\"item\":\"https:\/\/vasasbasket.hu\/\"},{\"@type\":\"ListItem\",\"position\":2,\"name\":\"Budapesti gyerek m\u00e9rk\u0151z\u00e9s\"}]},{\"@type\":\"WebSite\",\"@id\":\"https:\/\/vasasbasket.hu\/#website\",\"url\":\"https:\/\/vasasbasket.hu\/\",\"name\":\"Vasas n\u0151i kos\u00e1rlabda\",\"description\":\"Vasas Basket N\u0151i\",\"publisher\":{\"@id\":\"https:\/\/vasasbasket.hu\/#organization\"},\"potentialAction\":[{\"@type\":\"SearchAction\",\"target\":{\"@type\":\"EntryPoint\",\"urlTemplate\":\"https:\/\/vasasbasket.hu\/?s={search_term_string}\"},\"query-input\":{\"@type\":\"PropertyValueSpecification\",\"valueRequired\":true,\"valueName\":\"search_term_string\"}}],\"inLanguage\":\"hu\"},{\"@type\":\"Organization\",\"@id\":\"https:\/\/vasasbasket.hu\/#organization\",\"name\":\"Vasas n\u0151i kos\u00e1rlabda\",\"url\":\"https:\/\/vasasbasket.hu\/\",\"logo\":{\"@type\":\"ImageObject\",\"inLanguage\":\"hu\",\"@id\":\"https:\/\/vasasbasket.hu\/#\/schema\/logo\/image\/\",\"url\":\"https:\/\/vasasbasket.hu\/wp-content\/uploads\/2017\/03\/vasas_cimer_1200.jpg\",\"contentUrl\":\"https:\/\/vasasbasket.hu\/wp-content\/uploads\/2017\/03\/vasas_cimer_1200.jpg\",\"width\":1200,\"height\":1200,\"caption\":\"Vasas n\u0151i kos\u00e1rlabda\"},\"image\":{\"@id\":\"https:\/\/vasasbasket.hu\/#\/schema\/logo\/image\/\"},\"sameAs\":[\"https:\/\/www.facebook.com\/vasaswbasket\/\"]},{\"@type\":\"Person\",\"@id\":\"https:\/\/vasasbasket.hu\/#\/schema\/person\/f1085f4d2c6582d8d0f977e92de2edee\",\"name\":\"admin\",\"image\":{\"@type\":\"ImageObject\",\"inLanguage\":\"hu\",\"@id\":\"https:\/\/vasasbasket.hu\/#\/schema\/person\/image\/\",\"url\":\"https:\/\/secure.gravatar.com\/avatar\/645c92f7d9cfe02bd93ce2d1cfa11cd3a268bdfe65486552ff04b193cea07634?s=96&d=mm&r=g\",\"contentUrl\":\"https:\/\/secure.gravatar.com\/avatar\/645c92f7d9cfe02bd93ce2d1cfa11cd3a268bdfe65486552ff04b193cea07634?s=96&d=mm&r=g\",\"caption\":\"admin\"},\"url\":\"https:\/\/vasasbasket.hu\/index.php\/author\/admin\/\"}]}<\/script>\n<!-- \/ Yoast SEO plugin. -->","yoast_head_json":{"title":"Budapesti gyerek m\u00e9rk\u0151z\u00e9s - Vasas n\u0151i kos\u00e1rlabda","robots":{"index":"index","follow":"follow","max-snippet":"max-snippet:-1","max-image-preview":"max-image-preview:large","max-video-preview":"max-video-preview:-1"},"canonical":"https:\/\/vasasbasket.hu\/index.php\/budapesti-gyerek-merkozes\/","og_locale":"hu_HU","og_type":"article","og_title":"Budapesti gyerek m\u00e9rk\u0151z\u00e9s - Vasas n\u0151i kos\u00e1rlabda","og_description":"2018.02.10.- szombat 15:45 Tiszai Vir\u00e1gok- Vasas Akad\u00e9mia 8-84 (4-20, 1-20, 2-18, 1-26) Pontszerz\u0151k VASAS: Masier Sophia 20, L\u00e1szl\u00f3 R\u00e9ka 12, Hruby Laura 10, So\u00f3s Kriszta 10, Mar\u00f3ty Dalma 10, Igaz Eszter 10, Benyovszki Petra 6, Ilcsik Bogl\u00e1rka 4, Csutak Anna 2 Nagyon j\u00f3l v\u00e9dekeztek a l\u00e1nyok eg\u00e9szp\u00e1ly\u00e1n \u00e9s f\u00e9lp\u00e1ly\u00e1n is, sz\u00e9pen seg\u00edtettek be egym\u00e1snak. Magass\u00e1gi...","og_url":"https:\/\/vasasbasket.hu\/index.php\/budapesti-gyerek-merkozes\/","og_site_name":"Vasas n\u0151i kos\u00e1rlabda","article_publisher":"https:\/\/www.facebook.com\/vasaswbasket\/","article_published_time":"2018-02-18T07:33:42+00:00","og_image":[{"width":1280,"height":960,"url":"https:\/\/vasasbasket.hu\/wp-content\/uploads\/2017\/03\/GYEREK-B-csapatk\u00e9p.jpg","type":"image\/jpeg"}],"author":"admin","twitter_card":"summary_large_image","twitter_misc":{"Szerz\u0151:":"admin","Becs\u00fclt olvas\u00e1si id\u0151":"1 perc"},"schema":{"@context":"https:\/\/schema.org","@graph":[{"@type":"Article","@id":"https:\/\/vasasbasket.hu\/index.php\/budapesti-gyerek-merkozes\/#article","isPartOf":{"@id":"https:\/\/vasasbasket.hu\/index.php\/budapesti-gyerek-merkozes\/"},"author":{"name":"admin","@id":"https:\/\/vasasbasket.hu\/#\/schema\/person\/f1085f4d2c6582d8d0f977e92de2edee"},"headline":"Budapesti gyerek m\u00e9rk\u0151z\u00e9s","datePublished":"2018-02-18T07:33:42+00:00","mainEntityOfPage":{"@id":"https:\/\/vasasbasket.hu\/index.php\/budapesti-gyerek-merkozes\/"},"wordCount":114,"publisher":{"@id":"https:\/\/vasasbasket.hu\/#organization"},"image":{"@id":"https:\/\/vasasbasket.hu\/index.php\/budapesti-gyerek-merkozes\/#primaryimage"},"thumbnailUrl":"https:\/\/vasasbasket.hu\/wp-content\/uploads\/2017\/03\/GYEREK-B-csapatk\u00e9p.jpg","articleSection":["Gyerek","\u00d6sszes H\u00edr"],"inLanguage":"hu"},{"@type":"WebPage","@id":"https:\/\/vasasbasket.hu\/index.php\/budapesti-gyerek-merkozes\/","url":"https:\/\/vasasbasket.hu\/index.php\/budapesti-gyerek-merkozes\/","name":"Budapesti gyerek m\u00e9rk\u0151z\u00e9s - Vasas n\u0151i kos\u00e1rlabda","isPartOf":{"@id":"https:\/\/vasasbasket.hu\/#website"},"primaryImageOfPage":{"@id":"https:\/\/vasasbasket.hu\/index.php\/budapesti-gyerek-merkozes\/#primaryimage"},"image":{"@id":"https:\/\/vasasbasket.hu\/index.php\/budapesti-gyerek-merkozes\/#primaryimage"},"thumbnailUrl":"https:\/\/vasasbasket.hu\/wp-content\/uploads\/2017\/03\/GYEREK-B-csapatk\u00e9p.jpg","datePublished":"2018-02-18T07:33:42+00:00","breadcrumb":{"@id":"https:\/\/vasasbasket.hu\/index.php\/budapesti-gyerek-merkozes\/#breadcrumb"},"inLanguage":"hu","potentialAction":[{"@type":"ReadAction","target":["https:\/\/vasasbasket.hu\/index.php\/budapesti-gyerek-merkozes\/"]}]},{"@type":"ImageObject","inLanguage":"hu","@id":"https:\/\/vasasbasket.hu\/index.php\/budapesti-gyerek-merkozes\/#primaryimage","url":"https:\/\/vasasbasket.hu\/wp-content\/uploads\/2017\/03\/GYEREK-B-csapatk\u00e9p.jpg","contentUrl":"https:\/\/vasasbasket.hu\/wp-content\/uploads\/2017\/03\/GYEREK-B-csapatk\u00e9p.jpg","width":1280,"height":960},{"@type":"BreadcrumbList","@id":"https:\/\/vasasbasket.hu\/index.php\/budapesti-gyerek-merkozes\/#breadcrumb","itemListElement":[{"@type":"ListItem","position":1,"name":"Kezd\u0151lap","item":"https:\/\/vasasbasket.hu\/"},{"@type":"ListItem","position":2,"name":"Budapesti gyerek m\u00e9rk\u0151z\u00e9s"}]},{"@type":"WebSite","@id":"https:\/\/vasasbasket.hu\/#website","url":"https:\/\/vasasbasket.hu\/","name":"Vasas n\u0151i kos\u00e1rlabda","description":"Vasas Basket N\u0151i","publisher":{"@id":"https:\/\/vasasbasket.hu\/#organization"},"potentialAction":[{"@type":"SearchAction","target":{"@type":"EntryPoint","urlTemplate":"https:\/\/vasasbasket.hu\/?s={search_term_string}"},"query-input":{"@type":"PropertyValueSpecification","valueRequired":true,"valueName":"search_term_string"}}],"inLanguage":"hu"},{"@type":"Organization","@id":"https:\/\/vasasbasket.hu\/#organization","name":"Vasas n\u0151i kos\u00e1rlabda","url":"https:\/\/vasasbasket.hu\/","logo":{"@type":"ImageObject","inLanguage":"hu","@id":"https:\/\/vasasbasket.hu\/#\/schema\/logo\/image\/","url":"https:\/\/vasasbasket.hu\/wp-content\/uploads\/2017\/03\/vasas_cimer_1200.jpg","contentUrl":"https:\/\/vasasbasket.hu\/wp-content\/uploads\/2017\/03\/vasas_cimer_1200.jpg","width":1200,"height":1200,"caption":"Vasas n\u0151i kos\u00e1rlabda"},"image":{"@id":"https:\/\/vasasbasket.hu\/#\/schema\/logo\/image\/"},"sameAs":["https:\/\/www.facebook.com\/vasaswbasket\/"]},{"@type":"Person","@id":"https:\/\/vasasbasket.hu\/#\/schema\/person\/f1085f4d2c6582d8d0f977e92de2edee","name":"admin","image":{"@type":"ImageObject","inLanguage":"hu","@id":"https:\/\/vasasbasket.hu\/#\/schema\/person\/image\/","url":"https:\/\/secure.gravatar.com\/avatar\/645c92f7d9cfe02bd93ce2d1cfa11cd3a268bdfe65486552ff04b193cea07634?s=96&d=mm&r=g","contentUrl":"https:\/\/secure.gravatar.com\/avatar\/645c92f7d9cfe02bd93ce2d1cfa11cd3a268bdfe65486552ff04b193cea07634?s=96&d=mm&r=g","caption":"admin"},"url":"https:\/\/vasasbasket.hu\/index.php\/author\/admin\/"}]}},"_links":{"self":[{"href":"https:\/\/vasasbasket.hu\/index.php\/wp-json\/wp\/v2\/posts\/3716","targetHints":{"allow":["GET"]}}],"collection":[{"href":"https:\/\/vasasbasket.hu\/index.php\/wp-json\/wp\/v2\/posts"}],"about":[{"href":"https:\/\/vasasbasket.hu\/index.php\/wp-json\/wp\/v2\/types\/post"}],"author":[{"embeddable":true,"href":"https:\/\/vasasbasket.hu\/index.php\/wp-json\/wp\/v2\/users\/1"}],"replies":[{"embeddable":true,"href":"https:\/\/vasasbasket.hu\/index.php\/wp-json\/wp\/v2\/comments?post=3716"}],"version-history":[{"count":1,"href":"https:\/\/vasasbasket.hu\/index.php\/wp-json\/wp\/v2\/posts\/3716\/revisions"}],"predecessor-version":[{"id":3717,"href":"https:\/\/vasasbasket.hu\/index.php\/wp-json\/wp\/v2\/posts\/3716\/revisions\/3717"}],"wp:featuredmedia":[{"embeddable":true,"href":"https:\/\/vasasbasket.hu\/index.php\/wp-json\/wp\/v2\/media\/3089"}],"wp:attachment":[{"href":"https:\/\/vasasbasket.hu\/index.php\/wp-json\/wp\/v2\/media?parent=3716"}],"wp:term":[{"taxonomy":"category","embeddable":true,"href":"https:\/\/vasasbasket.hu\/index.php\/wp-json\/wp\/v2\/categories?post=3716"},{"taxonomy":"post_tag","embeddable":true,"href":"https:\/\/vasasbasket.hu\/index.php\/wp-json\/wp\/v2\/tags?post=3716"}],"curies":[{"name":"wp","href":"https:\/\/api.w.org\/{rel}","templated":true}]}}