{"id":3634,"date":"2018-01-15T07:41:48","date_gmt":"2018-01-15T07:41:48","guid":{"rendered":"http:\/\/vasasbasket.hu\/?p=3634"},"modified":"2018-01-15T07:41:48","modified_gmt":"2018-01-15T07:41:48","slug":"szecheny-ka-vasas-akademia-a-7276-kiemelt-junior","status":"publish","type":"post","link":"https:\/\/vasasbasket.hu\/index.php\/szecheny-ka-vasas-akademia-a-7276-kiemelt-junior\/","title":{"rendered":"Szecheny KA &#8211; Vasas Akademia A 72:76 \/ Kiemelt Junior"},"content":{"rendered":"<p>Gy\u0151r 2018.01.13.\u00a0 14:30<\/p>\n<h2>Szecheny KA &#8211; Vasas Akad\u00e9mia A 72:76<\/h2>\n<p>( 11-30, 24-10, 15-19, 22-17 )<\/p>\n<p>&nbsp;<\/p>\n<p>Pontok:<\/p>\n<p><strong>Szechenyi Ka<\/strong>:\u00a0Baffy F. 13, Pozsgai D. 2, Takacs D., Laszlo D. 2, Teringer l. 2, Szirony D. 13, Banzsegi B. 2, Biczo l. 19, Rabi K. 1, Racz K. 16, Zagoni K. 2<\/p>\n<p><strong>VASAS AKAD\u00c9MIA<\/strong> :\u00a0Budacsik D. 16, Meszarosz Sz., Schieszl J., Gangl K. 7,Mudra V. 3, Smailbegovic N. 4, Boros B. 10, Schiroky Sz. 7, Kara H., Esztari T., Toth F. 21<\/p>\n<p>&nbsp;<\/p>\n<p>Nagyon fontos gy\u0151zelmet arattunk Gy\u0151rben. Nagyon sz\u00e9pen indultunk a meccs elej\u00e9n \u00e9s az els\u0151 negyedben m\u00e1r mindenki azt hitte el is d\u0151l a m\u00e9rk\u0151z\u00e9s, mert 30-11-re nyert\u00fck az els\u0151 negyedet.\u00a0 Hazaiak viszont \u00f6sszeszedt\u00e9k magukat \u00e9s nagyon j\u00f3 v\u00e9dekez\u00e9s \u00e9s t\u00e1mad\u00e1sok ut\u00e1n megnyert\u00e9k a m\u00e1sodik negyedet 10-24-re, ami azt is jelentette, hogy izgalmas lesz a m\u00e1sodik f\u00e9lid\u0151.\u00a0 Motiv\u00e1ci\u00f3 nem hi\u00e1nyzott de az\u00e9rt koncentr\u00e1lni nem tudtunk v\u00e9gig, ez\u00e9rt sokat hib\u00e1ztunk, de a v\u00e9g\u00e9n nyert\u00fck 9 ponttal a negyedet.\u00a0 Utols\u00f3 negyedben nagy harc volt. Nek\u00fcnk nem ment a kiz\u00e1r\u00e1s (18 labd\u00e1t szerzett a Gy\u0151r). A v\u00e9g\u00e9n 2 j\u00f3 v\u00e9dekez\u00e9s el\u00e9g volt, hogy nyerj\u00fcnk, ami szerintem sokkal k\u00f6nnyebben is mehetett volna. L\u00e1nyoknak gratul\u00e1lok, mert fontos meccset nyert\u00fcnk, \u00e9s mindent megtettek a gy\u0151zelem\u00e9rt. T\u00f3th Frank\u00e1t, Bud\u00e1csik Dork\u00e1t \u00e9s Boros Bert\u00e1t szeretn\u00e9m megdics\u00e9rni akik alap emberek voltak. Egy nagy taps is j\u00e1r Gangl King\u00e1nak, aki fontos percben, nagy nyom\u00e1s al\u00f3l egy fontos 3 pontost dobott.<\/p>\n<p>&nbsp;<\/p>\n<p>Igor<\/p>\n<p>junior edzo<\/p>\n","protected":false},"excerpt":{"rendered":"<p>Gy\u0151r 2018.01.13.\u00a0 14:30 Szecheny KA &#8211; Vasas Akad\u00e9mia A 72:76 ( 11-30, 24-10, 15-19, 22-17 ) &nbsp; Pontok: Szechenyi Ka:\u00a0Baffy F. 13, Pozsgai D. 2, Takacs D., Laszlo D. 2, Teringer l. 2, Szirony D. 13, Banzsegi B. 2, Biczo l. 19, Rabi K. 1, Racz K. 16, Zagoni K. 2 VASAS AKAD\u00c9MIA :\u00a0Budacsik D&#8230;.<\/p>\n","protected":false},"author":1,"featured_media":3109,"comment_status":"closed","ping_status":"open","sticky":false,"template":"","format":"standard","meta":{"footnotes":""},"categories":[50,92],"tags":[],"class_list":["post-3634","post","type-post","status-publish","format-standard","has-post-thumbnail","hentry","category-junior","category-hirek"],"yoast_head":"<!-- This site is optimized with the Yoast SEO plugin v26.0 - https:\/\/yoast.com\/wordpress\/plugins\/seo\/ -->\n<title>Szecheny KA - Vasas Akademia A 72:76 \/ Kiemelt Junior - Vasas n\u0151i kos\u00e1rlabda<\/title>\n<meta name=\"robots\" content=\"index, follow, max-snippet:-1, max-image-preview:large, max-video-preview:-1\" \/>\n<link rel=\"canonical\" href=\"https:\/\/vasasbasket.hu\/index.php\/szecheny-ka-vasas-akademia-a-7276-kiemelt-junior\/\" \/>\n<meta property=\"og:locale\" content=\"hu_HU\" \/>\n<meta property=\"og:type\" content=\"article\" \/>\n<meta property=\"og:title\" content=\"Szecheny KA - Vasas Akademia A 72:76 \/ Kiemelt Junior - Vasas n\u0151i kos\u00e1rlabda\" \/>\n<meta property=\"og:description\" content=\"Gy\u0151r 2018.01.13.\u00a0 14:30 Szecheny KA &#8211; Vasas Akad\u00e9mia A 72:76 ( 11-30, 24-10, 15-19, 22-17 ) &nbsp; Pontok: Szechenyi Ka:\u00a0Baffy F. 13, Pozsgai D. 2, Takacs D., Laszlo D. 2, Teringer l. 2, Szirony D. 13, Banzsegi B. 2, Biczo l. 19, Rabi K. 1, Racz K. 16, Zagoni K. 2 VASAS AKAD\u00c9MIA :\u00a0Budacsik D....\" \/>\n<meta property=\"og:url\" content=\"https:\/\/vasasbasket.hu\/index.php\/szecheny-ka-vasas-akademia-a-7276-kiemelt-junior\/\" \/>\n<meta property=\"og:site_name\" content=\"Vasas n\u0151i kos\u00e1rlabda\" \/>\n<meta property=\"article:publisher\" content=\"https:\/\/www.facebook.com\/vasaswbasket\/\" \/>\n<meta property=\"article:published_time\" content=\"2018-01-15T07:41:48+00:00\" \/>\n<meta property=\"og:image\" content=\"https:\/\/vasasbasket.hu\/wp-content\/uploads\/2017\/03\/vasas-akademia-junior-2-scaled.jpg\" \/>\n\t<meta property=\"og:image:width\" content=\"2560\" \/>\n\t<meta property=\"og:image:height\" content=\"1920\" \/>\n\t<meta property=\"og:image:type\" content=\"image\/jpeg\" \/>\n<meta name=\"author\" content=\"admin\" \/>\n<meta name=\"twitter:card\" content=\"summary_large_image\" \/>\n<meta name=\"twitter:label1\" content=\"Szerz\u0151:\" \/>\n\t<meta name=\"twitter:data1\" content=\"admin\" \/>\n\t<meta name=\"twitter:label2\" content=\"Becs\u00fclt olvas\u00e1si id\u0151\" \/>\n\t<meta name=\"twitter:data2\" content=\"1 perc\" \/>\n<script type=\"application\/ld+json\" class=\"yoast-schema-graph\">{\"@context\":\"https:\/\/schema.org\",\"@graph\":[{\"@type\":\"Article\",\"@id\":\"https:\/\/vasasbasket.hu\/index.php\/szecheny-ka-vasas-akademia-a-7276-kiemelt-junior\/#article\",\"isPartOf\":{\"@id\":\"https:\/\/vasasbasket.hu\/index.php\/szecheny-ka-vasas-akademia-a-7276-kiemelt-junior\/\"},\"author\":{\"name\":\"admin\",\"@id\":\"https:\/\/vasasbasket.hu\/#\/schema\/person\/f1085f4d2c6582d8d0f977e92de2edee\"},\"headline\":\"Szecheny KA &#8211; Vasas Akademia A 72:76 \/ Kiemelt Junior\",\"datePublished\":\"2018-01-15T07:41:48+00:00\",\"mainEntityOfPage\":{\"@id\":\"https:\/\/vasasbasket.hu\/index.php\/szecheny-ka-vasas-akademia-a-7276-kiemelt-junior\/\"},\"wordCount\":282,\"publisher\":{\"@id\":\"https:\/\/vasasbasket.hu\/#organization\"},\"image\":{\"@id\":\"https:\/\/vasasbasket.hu\/index.php\/szecheny-ka-vasas-akademia-a-7276-kiemelt-junior\/#primaryimage\"},\"thumbnailUrl\":\"https:\/\/vasasbasket.hu\/wp-content\/uploads\/2017\/03\/vasas-akademia-junior-2-scaled.jpg\",\"articleSection\":[\"Junior\",\"\u00d6sszes H\u00edr\"],\"inLanguage\":\"hu\"},{\"@type\":\"WebPage\",\"@id\":\"https:\/\/vasasbasket.hu\/index.php\/szecheny-ka-vasas-akademia-a-7276-kiemelt-junior\/\",\"url\":\"https:\/\/vasasbasket.hu\/index.php\/szecheny-ka-vasas-akademia-a-7276-kiemelt-junior\/\",\"name\":\"Szecheny KA - Vasas Akademia A 72:76 \/ Kiemelt Junior - Vasas n\u0151i kos\u00e1rlabda\",\"isPartOf\":{\"@id\":\"https:\/\/vasasbasket.hu\/#website\"},\"primaryImageOfPage\":{\"@id\":\"https:\/\/vasasbasket.hu\/index.php\/szecheny-ka-vasas-akademia-a-7276-kiemelt-junior\/#primaryimage\"},\"image\":{\"@id\":\"https:\/\/vasasbasket.hu\/index.php\/szecheny-ka-vasas-akademia-a-7276-kiemelt-junior\/#primaryimage\"},\"thumbnailUrl\":\"https:\/\/vasasbasket.hu\/wp-content\/uploads\/2017\/03\/vasas-akademia-junior-2-scaled.jpg\",\"datePublished\":\"2018-01-15T07:41:48+00:00\",\"breadcrumb\":{\"@id\":\"https:\/\/vasasbasket.hu\/index.php\/szecheny-ka-vasas-akademia-a-7276-kiemelt-junior\/#breadcrumb\"},\"inLanguage\":\"hu\",\"potentialAction\":[{\"@type\":\"ReadAction\",\"target\":[\"https:\/\/vasasbasket.hu\/index.php\/szecheny-ka-vasas-akademia-a-7276-kiemelt-junior\/\"]}]},{\"@type\":\"ImageObject\",\"inLanguage\":\"hu\",\"@id\":\"https:\/\/vasasbasket.hu\/index.php\/szecheny-ka-vasas-akademia-a-7276-kiemelt-junior\/#primaryimage\",\"url\":\"https:\/\/vasasbasket.hu\/wp-content\/uploads\/2017\/03\/vasas-akademia-junior-2-scaled.jpg\",\"contentUrl\":\"https:\/\/vasasbasket.hu\/wp-content\/uploads\/2017\/03\/vasas-akademia-junior-2-scaled.jpg\",\"width\":2560,\"height\":1920},{\"@type\":\"BreadcrumbList\",\"@id\":\"https:\/\/vasasbasket.hu\/index.php\/szecheny-ka-vasas-akademia-a-7276-kiemelt-junior\/#breadcrumb\",\"itemListElement\":[{\"@type\":\"ListItem\",\"position\":1,\"name\":\"Kezd\u0151lap\",\"item\":\"https:\/\/vasasbasket.hu\/\"},{\"@type\":\"ListItem\",\"position\":2,\"name\":\"Szecheny KA &#8211; Vasas Akademia A 72:76 \/ Kiemelt Junior\"}]},{\"@type\":\"WebSite\",\"@id\":\"https:\/\/vasasbasket.hu\/#website\",\"url\":\"https:\/\/vasasbasket.hu\/\",\"name\":\"Vasas n\u0151i kos\u00e1rlabda\",\"description\":\"Vasas Basket N\u0151i\",\"publisher\":{\"@id\":\"https:\/\/vasasbasket.hu\/#organization\"},\"potentialAction\":[{\"@type\":\"SearchAction\",\"target\":{\"@type\":\"EntryPoint\",\"urlTemplate\":\"https:\/\/vasasbasket.hu\/?s={search_term_string}\"},\"query-input\":{\"@type\":\"PropertyValueSpecification\",\"valueRequired\":true,\"valueName\":\"search_term_string\"}}],\"inLanguage\":\"hu\"},{\"@type\":\"Organization\",\"@id\":\"https:\/\/vasasbasket.hu\/#organization\",\"name\":\"Vasas n\u0151i kos\u00e1rlabda\",\"url\":\"https:\/\/vasasbasket.hu\/\",\"logo\":{\"@type\":\"ImageObject\",\"inLanguage\":\"hu\",\"@id\":\"https:\/\/vasasbasket.hu\/#\/schema\/logo\/image\/\",\"url\":\"https:\/\/vasasbasket.hu\/wp-content\/uploads\/2017\/03\/vasas_cimer_1200.jpg\",\"contentUrl\":\"https:\/\/vasasbasket.hu\/wp-content\/uploads\/2017\/03\/vasas_cimer_1200.jpg\",\"width\":1200,\"height\":1200,\"caption\":\"Vasas n\u0151i kos\u00e1rlabda\"},\"image\":{\"@id\":\"https:\/\/vasasbasket.hu\/#\/schema\/logo\/image\/\"},\"sameAs\":[\"https:\/\/www.facebook.com\/vasaswbasket\/\"]},{\"@type\":\"Person\",\"@id\":\"https:\/\/vasasbasket.hu\/#\/schema\/person\/f1085f4d2c6582d8d0f977e92de2edee\",\"name\":\"admin\",\"image\":{\"@type\":\"ImageObject\",\"inLanguage\":\"hu\",\"@id\":\"https:\/\/vasasbasket.hu\/#\/schema\/person\/image\/\",\"url\":\"https:\/\/secure.gravatar.com\/avatar\/645c92f7d9cfe02bd93ce2d1cfa11cd3a268bdfe65486552ff04b193cea07634?s=96&d=mm&r=g\",\"contentUrl\":\"https:\/\/secure.gravatar.com\/avatar\/645c92f7d9cfe02bd93ce2d1cfa11cd3a268bdfe65486552ff04b193cea07634?s=96&d=mm&r=g\",\"caption\":\"admin\"},\"url\":\"https:\/\/vasasbasket.hu\/index.php\/author\/admin\/\"}]}<\/script>\n<!-- \/ Yoast SEO plugin. -->","yoast_head_json":{"title":"Szecheny KA - Vasas Akademia A 72:76 \/ Kiemelt Junior - Vasas n\u0151i kos\u00e1rlabda","robots":{"index":"index","follow":"follow","max-snippet":"max-snippet:-1","max-image-preview":"max-image-preview:large","max-video-preview":"max-video-preview:-1"},"canonical":"https:\/\/vasasbasket.hu\/index.php\/szecheny-ka-vasas-akademia-a-7276-kiemelt-junior\/","og_locale":"hu_HU","og_type":"article","og_title":"Szecheny KA - Vasas Akademia A 72:76 \/ Kiemelt Junior - Vasas n\u0151i kos\u00e1rlabda","og_description":"Gy\u0151r 2018.01.13.\u00a0 14:30 Szecheny KA &#8211; Vasas Akad\u00e9mia A 72:76 ( 11-30, 24-10, 15-19, 22-17 ) &nbsp; Pontok: Szechenyi Ka:\u00a0Baffy F. 13, Pozsgai D. 2, Takacs D., Laszlo D. 2, Teringer l. 2, Szirony D. 13, Banzsegi B. 2, Biczo l. 19, Rabi K. 1, Racz K. 16, Zagoni K. 2 VASAS AKAD\u00c9MIA :\u00a0Budacsik D....","og_url":"https:\/\/vasasbasket.hu\/index.php\/szecheny-ka-vasas-akademia-a-7276-kiemelt-junior\/","og_site_name":"Vasas n\u0151i kos\u00e1rlabda","article_publisher":"https:\/\/www.facebook.com\/vasaswbasket\/","article_published_time":"2018-01-15T07:41:48+00:00","og_image":[{"width":2560,"height":1920,"url":"https:\/\/vasasbasket.hu\/wp-content\/uploads\/2017\/03\/vasas-akademia-junior-2-scaled.jpg","type":"image\/jpeg"}],"author":"admin","twitter_card":"summary_large_image","twitter_misc":{"Szerz\u0151:":"admin","Becs\u00fclt olvas\u00e1si id\u0151":"1 perc"},"schema":{"@context":"https:\/\/schema.org","@graph":[{"@type":"Article","@id":"https:\/\/vasasbasket.hu\/index.php\/szecheny-ka-vasas-akademia-a-7276-kiemelt-junior\/#article","isPartOf":{"@id":"https:\/\/vasasbasket.hu\/index.php\/szecheny-ka-vasas-akademia-a-7276-kiemelt-junior\/"},"author":{"name":"admin","@id":"https:\/\/vasasbasket.hu\/#\/schema\/person\/f1085f4d2c6582d8d0f977e92de2edee"},"headline":"Szecheny KA &#8211; Vasas Akademia A 72:76 \/ Kiemelt Junior","datePublished":"2018-01-15T07:41:48+00:00","mainEntityOfPage":{"@id":"https:\/\/vasasbasket.hu\/index.php\/szecheny-ka-vasas-akademia-a-7276-kiemelt-junior\/"},"wordCount":282,"publisher":{"@id":"https:\/\/vasasbasket.hu\/#organization"},"image":{"@id":"https:\/\/vasasbasket.hu\/index.php\/szecheny-ka-vasas-akademia-a-7276-kiemelt-junior\/#primaryimage"},"thumbnailUrl":"https:\/\/vasasbasket.hu\/wp-content\/uploads\/2017\/03\/vasas-akademia-junior-2-scaled.jpg","articleSection":["Junior","\u00d6sszes H\u00edr"],"inLanguage":"hu"},{"@type":"WebPage","@id":"https:\/\/vasasbasket.hu\/index.php\/szecheny-ka-vasas-akademia-a-7276-kiemelt-junior\/","url":"https:\/\/vasasbasket.hu\/index.php\/szecheny-ka-vasas-akademia-a-7276-kiemelt-junior\/","name":"Szecheny KA - Vasas Akademia A 72:76 \/ Kiemelt Junior - Vasas n\u0151i kos\u00e1rlabda","isPartOf":{"@id":"https:\/\/vasasbasket.hu\/#website"},"primaryImageOfPage":{"@id":"https:\/\/vasasbasket.hu\/index.php\/szecheny-ka-vasas-akademia-a-7276-kiemelt-junior\/#primaryimage"},"image":{"@id":"https:\/\/vasasbasket.hu\/index.php\/szecheny-ka-vasas-akademia-a-7276-kiemelt-junior\/#primaryimage"},"thumbnailUrl":"https:\/\/vasasbasket.hu\/wp-content\/uploads\/2017\/03\/vasas-akademia-junior-2-scaled.jpg","datePublished":"2018-01-15T07:41:48+00:00","breadcrumb":{"@id":"https:\/\/vasasbasket.hu\/index.php\/szecheny-ka-vasas-akademia-a-7276-kiemelt-junior\/#breadcrumb"},"inLanguage":"hu","potentialAction":[{"@type":"ReadAction","target":["https:\/\/vasasbasket.hu\/index.php\/szecheny-ka-vasas-akademia-a-7276-kiemelt-junior\/"]}]},{"@type":"ImageObject","inLanguage":"hu","@id":"https:\/\/vasasbasket.hu\/index.php\/szecheny-ka-vasas-akademia-a-7276-kiemelt-junior\/#primaryimage","url":"https:\/\/vasasbasket.hu\/wp-content\/uploads\/2017\/03\/vasas-akademia-junior-2-scaled.jpg","contentUrl":"https:\/\/vasasbasket.hu\/wp-content\/uploads\/2017\/03\/vasas-akademia-junior-2-scaled.jpg","width":2560,"height":1920},{"@type":"BreadcrumbList","@id":"https:\/\/vasasbasket.hu\/index.php\/szecheny-ka-vasas-akademia-a-7276-kiemelt-junior\/#breadcrumb","itemListElement":[{"@type":"ListItem","position":1,"name":"Kezd\u0151lap","item":"https:\/\/vasasbasket.hu\/"},{"@type":"ListItem","position":2,"name":"Szecheny KA &#8211; Vasas Akademia A 72:76 \/ Kiemelt Junior"}]},{"@type":"WebSite","@id":"https:\/\/vasasbasket.hu\/#website","url":"https:\/\/vasasbasket.hu\/","name":"Vasas n\u0151i kos\u00e1rlabda","description":"Vasas Basket N\u0151i","publisher":{"@id":"https:\/\/vasasbasket.hu\/#organization"},"potentialAction":[{"@type":"SearchAction","target":{"@type":"EntryPoint","urlTemplate":"https:\/\/vasasbasket.hu\/?s={search_term_string}"},"query-input":{"@type":"PropertyValueSpecification","valueRequired":true,"valueName":"search_term_string"}}],"inLanguage":"hu"},{"@type":"Organization","@id":"https:\/\/vasasbasket.hu\/#organization","name":"Vasas n\u0151i kos\u00e1rlabda","url":"https:\/\/vasasbasket.hu\/","logo":{"@type":"ImageObject","inLanguage":"hu","@id":"https:\/\/vasasbasket.hu\/#\/schema\/logo\/image\/","url":"https:\/\/vasasbasket.hu\/wp-content\/uploads\/2017\/03\/vasas_cimer_1200.jpg","contentUrl":"https:\/\/vasasbasket.hu\/wp-content\/uploads\/2017\/03\/vasas_cimer_1200.jpg","width":1200,"height":1200,"caption":"Vasas n\u0151i kos\u00e1rlabda"},"image":{"@id":"https:\/\/vasasbasket.hu\/#\/schema\/logo\/image\/"},"sameAs":["https:\/\/www.facebook.com\/vasaswbasket\/"]},{"@type":"Person","@id":"https:\/\/vasasbasket.hu\/#\/schema\/person\/f1085f4d2c6582d8d0f977e92de2edee","name":"admin","image":{"@type":"ImageObject","inLanguage":"hu","@id":"https:\/\/vasasbasket.hu\/#\/schema\/person\/image\/","url":"https:\/\/secure.gravatar.com\/avatar\/645c92f7d9cfe02bd93ce2d1cfa11cd3a268bdfe65486552ff04b193cea07634?s=96&d=mm&r=g","contentUrl":"https:\/\/secure.gravatar.com\/avatar\/645c92f7d9cfe02bd93ce2d1cfa11cd3a268bdfe65486552ff04b193cea07634?s=96&d=mm&r=g","caption":"admin"},"url":"https:\/\/vasasbasket.hu\/index.php\/author\/admin\/"}]}},"_links":{"self":[{"href":"https:\/\/vasasbasket.hu\/index.php\/wp-json\/wp\/v2\/posts\/3634","targetHints":{"allow":["GET"]}}],"collection":[{"href":"https:\/\/vasasbasket.hu\/index.php\/wp-json\/wp\/v2\/posts"}],"about":[{"href":"https:\/\/vasasbasket.hu\/index.php\/wp-json\/wp\/v2\/types\/post"}],"author":[{"embeddable":true,"href":"https:\/\/vasasbasket.hu\/index.php\/wp-json\/wp\/v2\/users\/1"}],"replies":[{"embeddable":true,"href":"https:\/\/vasasbasket.hu\/index.php\/wp-json\/wp\/v2\/comments?post=3634"}],"version-history":[{"count":1,"href":"https:\/\/vasasbasket.hu\/index.php\/wp-json\/wp\/v2\/posts\/3634\/revisions"}],"predecessor-version":[{"id":3635,"href":"https:\/\/vasasbasket.hu\/index.php\/wp-json\/wp\/v2\/posts\/3634\/revisions\/3635"}],"wp:featuredmedia":[{"embeddable":true,"href":"https:\/\/vasasbasket.hu\/index.php\/wp-json\/wp\/v2\/media\/3109"}],"wp:attachment":[{"href":"https:\/\/vasasbasket.hu\/index.php\/wp-json\/wp\/v2\/media?parent=3634"}],"wp:term":[{"taxonomy":"category","embeddable":true,"href":"https:\/\/vasasbasket.hu\/index.php\/wp-json\/wp\/v2\/categories?post=3634"},{"taxonomy":"post_tag","embeddable":true,"href":"https:\/\/vasasbasket.hu\/index.php\/wp-json\/wp\/v2\/tags?post=3634"}],"curies":[{"name":"wp","href":"https:\/\/api.w.org\/{rel}","templated":true}]}}