{"id":3591,"date":"2018-01-08T09:18:18","date_gmt":"2018-01-08T09:18:18","guid":{"rendered":"http:\/\/vasasbasket.hu\/?p=3591"},"modified":"2018-01-08T09:18:18","modified_gmt":"2018-01-08T09:18:18","slug":"gyerek-karacsonyi-torna","status":"publish","type":"post","link":"https:\/\/vasasbasket.hu\/index.php\/gyerek-karacsonyi-torna\/","title":{"rendered":"Gyerek Kar\u00e1csonyi torna"},"content":{"rendered":"<h2>A BUDAPESTI KAR\u00c1CSONYI TORN\u00c1N III. HELYEZETT LETT U12-ES L\u00c1NY CSAPATUNK<\/h2>\n<ol start=\"2017\">\n<li>december 27-28.<\/li>\n<\/ol>\n<h2><strong>VASAS Akad\u00e9mia- MTK Budapest 109-11<\/strong><\/h2>\n<p>(28-0, 25-3, (5-3), 26-1, 25-4)<\/p>\n<p><u>Pontszerz\u0151k<\/u><\/p>\n<p>VASAS: Bal\u00e1s Natasa 19, L\u00e1szl\u00f3 R\u00e9ka 17, Mar\u00f3ty Dalma 17, Benyovszki Petra 15, Igaz Eszti 13, So\u00f3s Kriszta 12, Hruby Laura 10, Csutak Anna 5<\/p>\n<p>A torn\u00e1t egy k\u00f6nnyebb m\u00e9rk\u0151z\u00e9ssel kezdt\u00fck, ennek k\u00f6sz\u00f6nhet\u0151en lehet\u0151s\u00e9g\u00fcnk volt gyakorolni a f\u00e9lp\u00e1ly\u00e1n val\u00f3 v\u00e9dekez\u00e9st, valamint a gyorsind\u00edt\u00e1sokat, amely nagy lend\u00fcletet adott a torna tov\u00e1bbi m\u00e9rk\u0151z\u00e9sihez is.<\/p>\n<p>&nbsp;<\/p>\n<h2><strong>BEAC \u00dajbuda KA- VASAS Akad\u00e9mia 52-53 <\/strong><\/h2>\n<p>(9-9, 11-16, (6-6), 3-11, 15-2, 8-9)<\/p>\n<p><u>Pontszerz\u0151k<\/u><\/p>\n<p>VASAS: L\u00e1szl\u00f3 R\u00e9ka 16, Mar\u00f3ty Dalma 7, Bal\u00e1s Natasa 6, Igaz Eszti 6, Koh\u00e1n Patr\u00edcia 5, Benyovszki Petra 5, So\u00f3s Kriszta 5, Hruby Laura 2, Csutak Anna 1<\/p>\n<p>A m\u00e1sodik m\u00e9rk\u0151z\u00e9s m\u00e1r sokkal izgalmasabbra siker\u00fclt, a csapatok v\u00e9gig fej-fej mellett haladtak. Hab\u00e1r a gyorsind\u00edt\u00e1sok nem voltak jellemz\u0151ek, t\u00e1mad\u00f3j\u00e1t\u00e9kunk m\u00e9gis nagyon lend\u00fcletes volt, a b\u00e1tor bet\u00f6r\u00e9seknek k\u00f6sz\u00f6nhet\u0151en. A f\u00e9lidei b\u00fcntet\u0151kb\u0151l ugyanannyit (6) tudtunk \u00e9rt\u00e9kes\u00edteni, mint az ellenf\u00e9l, \u00edgy a m\u00e1sodik f\u00e9lid\u0151t mind\u00f6ssze 5 pontos el\u0151nnyel kezdt\u00fck. A harmadik negyedben a v\u00e1ltozatlanul lend\u00fcletes \u00e9s b\u00e1tor t\u00e1mad\u00e1sunk mellett a v\u00e9dekez\u00e9sn\u00e9l is koncentr\u00e1lni tudtak a l\u00e1nyok, a BEAC csapata mind\u00f6ssze 3 pontot tudott szerezni. A negyedik negyedben ben\u00e9pes\u00fclt a terem, amit\u0151l tal\u00e1n kicsit megijedtek l\u00e1nyaink, nem mentek a bet\u00f6r\u00e9sek, sok volt a pontatlan passz, az ellenf\u00e9l g\u00f3lv\u00e1g\u00f3 j\u00e1t\u00e9kosa viszont az 1-1-ek nagy r\u00e9sz\u00e9t kos\u00e1rral tudta befejezni. A negyed v\u00e9g\u00e9re az eredm\u00e9nyjelz\u0151 44-44-et mutatott, \u00edgy m\u00e9g egy hosszabb\u00edt\u00e1s v\u00e1rt a csapatokra. Ebben a j\u00e1t\u00e9kszakaszban sem vesztett lelkesed\u00e9s\u00e9b\u0151l egyik csapat sem, minden egyes kos\u00e1r\u00e9rt meg kellett k\u00fczdeni mindk\u00e9t oldalon. Az utols\u00f3 m\u00e1sodpercekben csapatunk 3 ponttal vezetett, de a labda a BEAC j\u00e1t\u00e9kos\u00e1n\u00e1l volt, amit a h\u00e1rompontos vonal k\u00f6rny\u00e9k\u00e9n eldobott \u00e9s az be is pattogott a gy\u0171r\u0171be. Szerencs\u00e9re a kos\u00e1r csak 2 pontot \u00e9rt, \u00edgy egy m\u00e1sodik hosszabb\u00edt\u00e1st elker\u00fclve 1 ponttal nyert a VASAS csapata.<\/p>\n<p>&nbsp;<\/p>\n<h2><strong>Vasas Akad\u00e9mia- Kiss Lenke KS 45-46<\/strong><\/h2>\n<p>(6-6, 20-14, (3-6), 2-7, 14-13)<\/p>\n<p><u>Pontszerz\u0151k<\/u><\/p>\n<p>VASAS: Igaz Eszti 13, Mar\u00f3ty Dalma 9, So\u00f3s Kriszta 7, Hruby Laura 6, Benyovszki Petra 4, L\u00e1szl\u00f3 R\u00e9ka 3, \u00c9des Luca 2, Koh\u00e1n Patti 1<\/p>\n<p>A torna m\u00e1sodik napj\u00e1n \u00fajabb izgalmas m\u00e9rk\u0151z\u00e9s k\u00f6vetkezett. Az els\u0151 negyed kicsit nehezen indult, de hamar \u00f6sszeszedt\u00e9k magukat a l\u00e1nyok. Az el\u0151z\u0151 napi m\u00e9rk\u0151z\u00e9sen mutatott lelkesed\u00e9s, k\u00fczdeni akar\u00e1s most is megvolt mindenkiben. A f\u00e9lidei b\u00fcntet\u0151 dob\u00e1sok sajnos nem \u00fagy siker\u00fcltek, ahogy tervezt\u00fck, fele annyit tudtunk bedobni, mint az KLKS csapata, amit\u0151l l\u00e1nyaink lelkileg kiss\u00e9 megt\u00f6rtek. A harmadik negyedben ennek hat\u00e1s\u00e1ra dekoncentr\u00e1ltan, sok eladott labd\u00e1val \u00e9s pontatlan dob\u00e1sokkal j\u00e1tszottunk, mind\u00f6ssze egyszer esett bele a labda a kosarunkba. Az utols\u00f3 negyedre siker\u00fclt talpra \u00e1llni \u00e9s ott folytatni, ahol az els\u0151 f\u00e9lid\u0151ben abbahagytuk, de ez a gy\u0151zelemhez sajnos nem volt el\u00e9g.<\/p>\n<p>&nbsp;<\/p>\n<h2><strong>Vasas Akad\u00e9mia- Zs\u00edros Akad\u00e9mia K\u0151b\u00e1nya 39-32<\/strong><\/h2>\n<p>(7-6, 10-7, (4-5), 6-8, 12-6)<\/p>\n<p><u>Pontszerz\u0151k<\/u><\/p>\n<p>VASAS: Koh\u00e1n Patr\u00edcia 5, Szab\u00f3 Fl\u00f3ra 4, Hruby Laura 2, So\u00f3s Kriszta 2, L\u00e1szl\u00f3 R\u00e9ka 4, Benyovszki Petra 8, Borz\u00e1k Berta 2, Mar\u00f3ty Dalma 5, Bal\u00e1s Natasa 5, \u00c9des Luca 1, Igaz Eszter 1<\/p>\n<p>A k\u00e9t eg\u00e1l m\u00e9rk\u0151z\u00e9s rengeteget kivett a l\u00e1nyokb\u00f3l, \u00edgy az utols\u00f3 meccsen meglehet\u0151sen f\u00e1radtan, de tov\u00e1bbra is lelkesen j\u00e1tszottunk. A hasonl\u00f3 er\u0151ss\u00e9g\u0171 ellenfel\u00fcnk ellen az utols\u00f3 energia tartal\u00e9kok bevet\u00e9s\u00e9vel siker\u00fclt megnyern\u00fcnk a m\u00e9rk\u0151z\u00e9st \u00e9s \u00edgy a 8 csapatos torn\u00e1n a <strong>III. hely<\/strong>et megszerezn\u00fcnk. Gratul\u00e1lok a l\u00e1nyoknak, hatalmasat k\u00fczd\u00f6ttek!<\/p>\n<p>&nbsp;<\/p>\n","protected":false},"excerpt":{"rendered":"<p>A BUDAPESTI KAR\u00c1CSONYI TORN\u00c1N III. HELYEZETT LETT U12-ES L\u00c1NY CSAPATUNK december 27-28. VASAS Akad\u00e9mia- MTK Budapest 109-11 (28-0, 25-3, (5-3), 26-1, 25-4) Pontszerz\u0151k VASAS: Bal\u00e1s Natasa 19, L\u00e1szl\u00f3 R\u00e9ka 17, Mar\u00f3ty Dalma 17, Benyovszki Petra 15, Igaz Eszti 13, So\u00f3s Kriszta 12, Hruby Laura 10, Csutak Anna 5 A torn\u00e1t egy k\u00f6nnyebb m\u00e9rk\u0151z\u00e9ssel kezdt\u00fck, ennek&#8230;<\/p>\n","protected":false},"author":1,"featured_media":3592,"comment_status":"closed","ping_status":"open","sticky":false,"template":"","format":"standard","meta":{"footnotes":""},"categories":[73,92],"tags":[],"class_list":["post-3591","post","type-post","status-publish","format-standard","has-post-thumbnail","hentry","category-gyerek","category-hirek"],"yoast_head":"<!-- This site is optimized with the Yoast SEO plugin v26.0 - https:\/\/yoast.com\/wordpress\/plugins\/seo\/ -->\n<title>Gyerek Kar\u00e1csonyi torna - Vasas n\u0151i kos\u00e1rlabda<\/title>\n<meta name=\"robots\" content=\"index, follow, max-snippet:-1, max-image-preview:large, max-video-preview:-1\" \/>\n<link rel=\"canonical\" href=\"https:\/\/vasasbasket.hu\/index.php\/gyerek-karacsonyi-torna\/\" \/>\n<meta property=\"og:locale\" content=\"hu_HU\" \/>\n<meta property=\"og:type\" content=\"article\" \/>\n<meta property=\"og:title\" content=\"Gyerek Kar\u00e1csonyi torna - Vasas n\u0151i kos\u00e1rlabda\" \/>\n<meta property=\"og:description\" content=\"A BUDAPESTI KAR\u00c1CSONYI TORN\u00c1N III. HELYEZETT LETT U12-ES L\u00c1NY CSAPATUNK december 27-28. VASAS Akad\u00e9mia- MTK Budapest 109-11 (28-0, 25-3, (5-3), 26-1, 25-4) Pontszerz\u0151k VASAS: Bal\u00e1s Natasa 19, L\u00e1szl\u00f3 R\u00e9ka 17, Mar\u00f3ty Dalma 17, Benyovszki Petra 15, Igaz Eszti 13, So\u00f3s Kriszta 12, Hruby Laura 10, Csutak Anna 5 A torn\u00e1t egy k\u00f6nnyebb m\u00e9rk\u0151z\u00e9ssel kezdt\u00fck, ennek...\" \/>\n<meta property=\"og:url\" content=\"https:\/\/vasasbasket.hu\/index.php\/gyerek-karacsonyi-torna\/\" \/>\n<meta property=\"og:site_name\" content=\"Vasas n\u0151i kos\u00e1rlabda\" \/>\n<meta property=\"article:publisher\" content=\"https:\/\/www.facebook.com\/vasaswbasket\/\" \/>\n<meta property=\"article:published_time\" content=\"2018-01-08T09:18:18+00:00\" \/>\n<meta property=\"og:image\" content=\"https:\/\/vasasbasket.hu\/wp-content\/uploads\/2018\/01\/26613797_10155994994758158_1882403165_o.jpg\" \/>\n\t<meta property=\"og:image:width\" content=\"2048\" \/>\n\t<meta property=\"og:image:height\" content=\"1536\" \/>\n\t<meta property=\"og:image:type\" content=\"image\/jpeg\" \/>\n<meta name=\"author\" content=\"admin\" \/>\n<meta name=\"twitter:card\" content=\"summary_large_image\" \/>\n<meta name=\"twitter:label1\" content=\"Szerz\u0151:\" \/>\n\t<meta name=\"twitter:data1\" content=\"admin\" \/>\n\t<meta name=\"twitter:label2\" content=\"Becs\u00fclt olvas\u00e1si id\u0151\" \/>\n\t<meta name=\"twitter:data2\" content=\"4 perc\" \/>\n<script type=\"application\/ld+json\" class=\"yoast-schema-graph\">{\"@context\":\"https:\/\/schema.org\",\"@graph\":[{\"@type\":\"Article\",\"@id\":\"https:\/\/vasasbasket.hu\/index.php\/gyerek-karacsonyi-torna\/#article\",\"isPartOf\":{\"@id\":\"https:\/\/vasasbasket.hu\/index.php\/gyerek-karacsonyi-torna\/\"},\"author\":{\"name\":\"admin\",\"@id\":\"https:\/\/vasasbasket.hu\/#\/schema\/person\/f1085f4d2c6582d8d0f977e92de2edee\"},\"headline\":\"Gyerek Kar\u00e1csonyi torna\",\"datePublished\":\"2018-01-08T09:18:18+00:00\",\"mainEntityOfPage\":{\"@id\":\"https:\/\/vasasbasket.hu\/index.php\/gyerek-karacsonyi-torna\/\"},\"wordCount\":716,\"publisher\":{\"@id\":\"https:\/\/vasasbasket.hu\/#organization\"},\"image\":{\"@id\":\"https:\/\/vasasbasket.hu\/index.php\/gyerek-karacsonyi-torna\/#primaryimage\"},\"thumbnailUrl\":\"https:\/\/vasasbasket.hu\/wp-content\/uploads\/2018\/01\/26613797_10155994994758158_1882403165_o.jpg\",\"articleSection\":[\"Gyerek\",\"\u00d6sszes H\u00edr\"],\"inLanguage\":\"hu\"},{\"@type\":\"WebPage\",\"@id\":\"https:\/\/vasasbasket.hu\/index.php\/gyerek-karacsonyi-torna\/\",\"url\":\"https:\/\/vasasbasket.hu\/index.php\/gyerek-karacsonyi-torna\/\",\"name\":\"Gyerek Kar\u00e1csonyi torna - Vasas n\u0151i kos\u00e1rlabda\",\"isPartOf\":{\"@id\":\"https:\/\/vasasbasket.hu\/#website\"},\"primaryImageOfPage\":{\"@id\":\"https:\/\/vasasbasket.hu\/index.php\/gyerek-karacsonyi-torna\/#primaryimage\"},\"image\":{\"@id\":\"https:\/\/vasasbasket.hu\/index.php\/gyerek-karacsonyi-torna\/#primaryimage\"},\"thumbnailUrl\":\"https:\/\/vasasbasket.hu\/wp-content\/uploads\/2018\/01\/26613797_10155994994758158_1882403165_o.jpg\",\"datePublished\":\"2018-01-08T09:18:18+00:00\",\"breadcrumb\":{\"@id\":\"https:\/\/vasasbasket.hu\/index.php\/gyerek-karacsonyi-torna\/#breadcrumb\"},\"inLanguage\":\"hu\",\"potentialAction\":[{\"@type\":\"ReadAction\",\"target\":[\"https:\/\/vasasbasket.hu\/index.php\/gyerek-karacsonyi-torna\/\"]}]},{\"@type\":\"ImageObject\",\"inLanguage\":\"hu\",\"@id\":\"https:\/\/vasasbasket.hu\/index.php\/gyerek-karacsonyi-torna\/#primaryimage\",\"url\":\"https:\/\/vasasbasket.hu\/wp-content\/uploads\/2018\/01\/26613797_10155994994758158_1882403165_o.jpg\",\"contentUrl\":\"https:\/\/vasasbasket.hu\/wp-content\/uploads\/2018\/01\/26613797_10155994994758158_1882403165_o.jpg\",\"width\":2048,\"height\":1536},{\"@type\":\"BreadcrumbList\",\"@id\":\"https:\/\/vasasbasket.hu\/index.php\/gyerek-karacsonyi-torna\/#breadcrumb\",\"itemListElement\":[{\"@type\":\"ListItem\",\"position\":1,\"name\":\"Kezd\u0151lap\",\"item\":\"https:\/\/vasasbasket.hu\/\"},{\"@type\":\"ListItem\",\"position\":2,\"name\":\"Gyerek Kar\u00e1csonyi torna\"}]},{\"@type\":\"WebSite\",\"@id\":\"https:\/\/vasasbasket.hu\/#website\",\"url\":\"https:\/\/vasasbasket.hu\/\",\"name\":\"Vasas n\u0151i kos\u00e1rlabda\",\"description\":\"Vasas Basket N\u0151i\",\"publisher\":{\"@id\":\"https:\/\/vasasbasket.hu\/#organization\"},\"potentialAction\":[{\"@type\":\"SearchAction\",\"target\":{\"@type\":\"EntryPoint\",\"urlTemplate\":\"https:\/\/vasasbasket.hu\/?s={search_term_string}\"},\"query-input\":{\"@type\":\"PropertyValueSpecification\",\"valueRequired\":true,\"valueName\":\"search_term_string\"}}],\"inLanguage\":\"hu\"},{\"@type\":\"Organization\",\"@id\":\"https:\/\/vasasbasket.hu\/#organization\",\"name\":\"Vasas n\u0151i kos\u00e1rlabda\",\"url\":\"https:\/\/vasasbasket.hu\/\",\"logo\":{\"@type\":\"ImageObject\",\"inLanguage\":\"hu\",\"@id\":\"https:\/\/vasasbasket.hu\/#\/schema\/logo\/image\/\",\"url\":\"https:\/\/vasasbasket.hu\/wp-content\/uploads\/2017\/03\/vasas_cimer_1200.jpg\",\"contentUrl\":\"https:\/\/vasasbasket.hu\/wp-content\/uploads\/2017\/03\/vasas_cimer_1200.jpg\",\"width\":1200,\"height\":1200,\"caption\":\"Vasas n\u0151i kos\u00e1rlabda\"},\"image\":{\"@id\":\"https:\/\/vasasbasket.hu\/#\/schema\/logo\/image\/\"},\"sameAs\":[\"https:\/\/www.facebook.com\/vasaswbasket\/\"]},{\"@type\":\"Person\",\"@id\":\"https:\/\/vasasbasket.hu\/#\/schema\/person\/f1085f4d2c6582d8d0f977e92de2edee\",\"name\":\"admin\",\"image\":{\"@type\":\"ImageObject\",\"inLanguage\":\"hu\",\"@id\":\"https:\/\/vasasbasket.hu\/#\/schema\/person\/image\/\",\"url\":\"https:\/\/secure.gravatar.com\/avatar\/645c92f7d9cfe02bd93ce2d1cfa11cd3a268bdfe65486552ff04b193cea07634?s=96&d=mm&r=g\",\"contentUrl\":\"https:\/\/secure.gravatar.com\/avatar\/645c92f7d9cfe02bd93ce2d1cfa11cd3a268bdfe65486552ff04b193cea07634?s=96&d=mm&r=g\",\"caption\":\"admin\"},\"url\":\"https:\/\/vasasbasket.hu\/index.php\/author\/admin\/\"}]}<\/script>\n<!-- \/ Yoast SEO plugin. -->","yoast_head_json":{"title":"Gyerek Kar\u00e1csonyi torna - Vasas n\u0151i kos\u00e1rlabda","robots":{"index":"index","follow":"follow","max-snippet":"max-snippet:-1","max-image-preview":"max-image-preview:large","max-video-preview":"max-video-preview:-1"},"canonical":"https:\/\/vasasbasket.hu\/index.php\/gyerek-karacsonyi-torna\/","og_locale":"hu_HU","og_type":"article","og_title":"Gyerek Kar\u00e1csonyi torna - Vasas n\u0151i kos\u00e1rlabda","og_description":"A BUDAPESTI KAR\u00c1CSONYI TORN\u00c1N III. HELYEZETT LETT U12-ES L\u00c1NY CSAPATUNK december 27-28. VASAS Akad\u00e9mia- MTK Budapest 109-11 (28-0, 25-3, (5-3), 26-1, 25-4) Pontszerz\u0151k VASAS: Bal\u00e1s Natasa 19, L\u00e1szl\u00f3 R\u00e9ka 17, Mar\u00f3ty Dalma 17, Benyovszki Petra 15, Igaz Eszti 13, So\u00f3s Kriszta 12, Hruby Laura 10, Csutak Anna 5 A torn\u00e1t egy k\u00f6nnyebb m\u00e9rk\u0151z\u00e9ssel kezdt\u00fck, ennek...","og_url":"https:\/\/vasasbasket.hu\/index.php\/gyerek-karacsonyi-torna\/","og_site_name":"Vasas n\u0151i kos\u00e1rlabda","article_publisher":"https:\/\/www.facebook.com\/vasaswbasket\/","article_published_time":"2018-01-08T09:18:18+00:00","og_image":[{"width":2048,"height":1536,"url":"https:\/\/vasasbasket.hu\/wp-content\/uploads\/2018\/01\/26613797_10155994994758158_1882403165_o.jpg","type":"image\/jpeg"}],"author":"admin","twitter_card":"summary_large_image","twitter_misc":{"Szerz\u0151:":"admin","Becs\u00fclt olvas\u00e1si id\u0151":"4 perc"},"schema":{"@context":"https:\/\/schema.org","@graph":[{"@type":"Article","@id":"https:\/\/vasasbasket.hu\/index.php\/gyerek-karacsonyi-torna\/#article","isPartOf":{"@id":"https:\/\/vasasbasket.hu\/index.php\/gyerek-karacsonyi-torna\/"},"author":{"name":"admin","@id":"https:\/\/vasasbasket.hu\/#\/schema\/person\/f1085f4d2c6582d8d0f977e92de2edee"},"headline":"Gyerek Kar\u00e1csonyi torna","datePublished":"2018-01-08T09:18:18+00:00","mainEntityOfPage":{"@id":"https:\/\/vasasbasket.hu\/index.php\/gyerek-karacsonyi-torna\/"},"wordCount":716,"publisher":{"@id":"https:\/\/vasasbasket.hu\/#organization"},"image":{"@id":"https:\/\/vasasbasket.hu\/index.php\/gyerek-karacsonyi-torna\/#primaryimage"},"thumbnailUrl":"https:\/\/vasasbasket.hu\/wp-content\/uploads\/2018\/01\/26613797_10155994994758158_1882403165_o.jpg","articleSection":["Gyerek","\u00d6sszes H\u00edr"],"inLanguage":"hu"},{"@type":"WebPage","@id":"https:\/\/vasasbasket.hu\/index.php\/gyerek-karacsonyi-torna\/","url":"https:\/\/vasasbasket.hu\/index.php\/gyerek-karacsonyi-torna\/","name":"Gyerek Kar\u00e1csonyi torna - Vasas n\u0151i kos\u00e1rlabda","isPartOf":{"@id":"https:\/\/vasasbasket.hu\/#website"},"primaryImageOfPage":{"@id":"https:\/\/vasasbasket.hu\/index.php\/gyerek-karacsonyi-torna\/#primaryimage"},"image":{"@id":"https:\/\/vasasbasket.hu\/index.php\/gyerek-karacsonyi-torna\/#primaryimage"},"thumbnailUrl":"https:\/\/vasasbasket.hu\/wp-content\/uploads\/2018\/01\/26613797_10155994994758158_1882403165_o.jpg","datePublished":"2018-01-08T09:18:18+00:00","breadcrumb":{"@id":"https:\/\/vasasbasket.hu\/index.php\/gyerek-karacsonyi-torna\/#breadcrumb"},"inLanguage":"hu","potentialAction":[{"@type":"ReadAction","target":["https:\/\/vasasbasket.hu\/index.php\/gyerek-karacsonyi-torna\/"]}]},{"@type":"ImageObject","inLanguage":"hu","@id":"https:\/\/vasasbasket.hu\/index.php\/gyerek-karacsonyi-torna\/#primaryimage","url":"https:\/\/vasasbasket.hu\/wp-content\/uploads\/2018\/01\/26613797_10155994994758158_1882403165_o.jpg","contentUrl":"https:\/\/vasasbasket.hu\/wp-content\/uploads\/2018\/01\/26613797_10155994994758158_1882403165_o.jpg","width":2048,"height":1536},{"@type":"BreadcrumbList","@id":"https:\/\/vasasbasket.hu\/index.php\/gyerek-karacsonyi-torna\/#breadcrumb","itemListElement":[{"@type":"ListItem","position":1,"name":"Kezd\u0151lap","item":"https:\/\/vasasbasket.hu\/"},{"@type":"ListItem","position":2,"name":"Gyerek Kar\u00e1csonyi torna"}]},{"@type":"WebSite","@id":"https:\/\/vasasbasket.hu\/#website","url":"https:\/\/vasasbasket.hu\/","name":"Vasas n\u0151i kos\u00e1rlabda","description":"Vasas Basket N\u0151i","publisher":{"@id":"https:\/\/vasasbasket.hu\/#organization"},"potentialAction":[{"@type":"SearchAction","target":{"@type":"EntryPoint","urlTemplate":"https:\/\/vasasbasket.hu\/?s={search_term_string}"},"query-input":{"@type":"PropertyValueSpecification","valueRequired":true,"valueName":"search_term_string"}}],"inLanguage":"hu"},{"@type":"Organization","@id":"https:\/\/vasasbasket.hu\/#organization","name":"Vasas n\u0151i kos\u00e1rlabda","url":"https:\/\/vasasbasket.hu\/","logo":{"@type":"ImageObject","inLanguage":"hu","@id":"https:\/\/vasasbasket.hu\/#\/schema\/logo\/image\/","url":"https:\/\/vasasbasket.hu\/wp-content\/uploads\/2017\/03\/vasas_cimer_1200.jpg","contentUrl":"https:\/\/vasasbasket.hu\/wp-content\/uploads\/2017\/03\/vasas_cimer_1200.jpg","width":1200,"height":1200,"caption":"Vasas n\u0151i kos\u00e1rlabda"},"image":{"@id":"https:\/\/vasasbasket.hu\/#\/schema\/logo\/image\/"},"sameAs":["https:\/\/www.facebook.com\/vasaswbasket\/"]},{"@type":"Person","@id":"https:\/\/vasasbasket.hu\/#\/schema\/person\/f1085f4d2c6582d8d0f977e92de2edee","name":"admin","image":{"@type":"ImageObject","inLanguage":"hu","@id":"https:\/\/vasasbasket.hu\/#\/schema\/person\/image\/","url":"https:\/\/secure.gravatar.com\/avatar\/645c92f7d9cfe02bd93ce2d1cfa11cd3a268bdfe65486552ff04b193cea07634?s=96&d=mm&r=g","contentUrl":"https:\/\/secure.gravatar.com\/avatar\/645c92f7d9cfe02bd93ce2d1cfa11cd3a268bdfe65486552ff04b193cea07634?s=96&d=mm&r=g","caption":"admin"},"url":"https:\/\/vasasbasket.hu\/index.php\/author\/admin\/"}]}},"_links":{"self":[{"href":"https:\/\/vasasbasket.hu\/index.php\/wp-json\/wp\/v2\/posts\/3591","targetHints":{"allow":["GET"]}}],"collection":[{"href":"https:\/\/vasasbasket.hu\/index.php\/wp-json\/wp\/v2\/posts"}],"about":[{"href":"https:\/\/vasasbasket.hu\/index.php\/wp-json\/wp\/v2\/types\/post"}],"author":[{"embeddable":true,"href":"https:\/\/vasasbasket.hu\/index.php\/wp-json\/wp\/v2\/users\/1"}],"replies":[{"embeddable":true,"href":"https:\/\/vasasbasket.hu\/index.php\/wp-json\/wp\/v2\/comments?post=3591"}],"version-history":[{"count":1,"href":"https:\/\/vasasbasket.hu\/index.php\/wp-json\/wp\/v2\/posts\/3591\/revisions"}],"predecessor-version":[{"id":3593,"href":"https:\/\/vasasbasket.hu\/index.php\/wp-json\/wp\/v2\/posts\/3591\/revisions\/3593"}],"wp:featuredmedia":[{"embeddable":true,"href":"https:\/\/vasasbasket.hu\/index.php\/wp-json\/wp\/v2\/media\/3592"}],"wp:attachment":[{"href":"https:\/\/vasasbasket.hu\/index.php\/wp-json\/wp\/v2\/media?parent=3591"}],"wp:term":[{"taxonomy":"category","embeddable":true,"href":"https:\/\/vasasbasket.hu\/index.php\/wp-json\/wp\/v2\/categories?post=3591"},{"taxonomy":"post_tag","embeddable":true,"href":"https:\/\/vasasbasket.hu\/index.php\/wp-json\/wp\/v2\/tags?post=3591"}],"curies":[{"name":"wp","href":"https:\/\/api.w.org\/{rel}","templated":true}]}}