{"id":3587,"date":"2018-01-02T11:24:41","date_gmt":"2018-01-02T11:24:41","guid":{"rendered":"http:\/\/vasasbasket.hu\/?p=3587"},"modified":"2018-01-02T11:24:41","modified_gmt":"2018-01-02T11:24:41","slug":"junior-torna-novi-becej-2017-12-19-21-szerbia","status":"publish","type":"post","link":"https:\/\/vasasbasket.hu\/index.php\/junior-torna-novi-becej-2017-12-19-21-szerbia\/","title":{"rendered":"Junior Torna Novi Becej  2017.12.19-21. \/  SZERBIA"},"content":{"rendered":"<p>2017.12.19.\u00a0 Novi Becej\u00a0 16:00<\/p>\n<h2>Proleter Zrenjanin &#8211; Vasas Akad\u00e9mia 53:70<\/h2>\n<p>( 12:16. 21:20, 10:15, 10:19 )<\/p>\n<p><strong>Pontszerz\u0151k:<\/strong> Meszaros Sz., Schieszl J., Gangl K. 13, Smailbegovic N. 8, Schiroky Sz. 8, Sagat D. 6, Kara H. 6, Helji S. 28, Esztari T. 1, Matyus Z.,<\/p>\n<p>&nbsp;<\/p>\n<p>2017.12.20. Novi Becej 18:00<\/p>\n<h2>Vasas Akad\u00e9mia &#8211; Delkin Backa Palanka\u00a0 65:61<\/h2>\n<p>( 11:13, 16:6, 20:17, 24:25 )<\/p>\n<p><strong>Pontszerz\u0151k:<\/strong>\u00a0Meszaros Sz. 6, Schieszl J., Gangl K. 8, Smailbegovic N. 10, Schiroky Sz. 14, Sagat D., Kara H. , Helji S. 8, Esztari T. 6, Matyus Z. 9<\/p>\n<p>&nbsp;<\/p>\n<p>&nbsp;<\/p>\n<p>2017.12.21\u00a0 Novi becej\u00a0 13:00<\/p>\n<h2>KK Jedinstvo N.Becej &#8211; Vasas Akad\u00e9mia\u00a0 89:62<\/h2>\n<p>( 20:13, 24:10, 23:13, 22:17 )<\/p>\n<p><strong>Pontszerzok:<\/strong>\u00a0Meszaros Sz., Schieszl J., Gangl K., Smailbegovic N. 13, Schiroky Sz. 5, Sagat D. 8, Kara H. 9 , Helji S. 20, Esztari T. 5, Matyus Z. 3<\/p>\n<p>&nbsp;<\/p>\n<p>&nbsp;<\/p>\n<p>Egy hasznos torn\u00e1t j\u00e1tszottunk Szerbi\u00e1ban, ahol lehetett l\u00e1tni mire vagyunk k\u00e9pesek. A l\u00e1nyom kipr\u00f3b\u00e1ltak k\u00fcl\u00f6nb\u00f6z\u0151 st\u00edlus\u00fa j\u00e1t\u00e9kokat \u00e9s lehetett l\u00e1tni, hogy minden meccsen volt mi\u00e9rt k\u00fczdeni. Tudtuk gyakorolni a v\u00e9dekez\u00e9s fontos pontjait \u00e9s ezzel el\u00e9gedett is vagyok.\u00a0 \u00d6sszess\u00e9g\u00e9ben mindenkit meg tudok dics\u00e9rni, mindenki kiadta mag\u00e1b\u00f3l a legjobbat. M\u00e1sodik napon kir\u00e1ndultunk is a Novi Becej k\u00f6zel\u00e9ben l\u00e9v\u0151 kast\u00e9lyt amit az 1900-as \u00e9vekben \u00e9p\u00edtettek. Sz\u00e1llod\u00e1ban lehet\u0151s\u00e9g volt a pihen\u00e9sre \u00e9s regener\u00e1l\u00f3d\u00e1sra. Sajn\u00e1lom, hogy az utols\u00f3 meccsen volt egy s\u00e9r\u00fcl\u00e9s\u00fcnk (Schieszl Julianna)de rem\u00e9lem nem lesz komoly. Szeretn\u00e9m megk\u00f6sz\u00f6nni azoknak a sz\u00fcl\u0151knek is a r\u00e9szv\u00e9telt akik vel\u00fcnk egy\u00fctt szurkoltam.<\/p>\n<p>&nbsp;<\/p>\n<p>MIndenkinek Boldog unepeket es Kellemes Koracsant kivanok<\/p>\n<p>&nbsp;<\/p>\n<p>Igor Skocovski<\/p>\n<p>junior edzo<\/p>\n<p>&nbsp;<\/p>\n","protected":false},"excerpt":{"rendered":"<p>2017.12.19.\u00a0 Novi Becej\u00a0 16:00 Proleter Zrenjanin &#8211; Vasas Akad\u00e9mia 53:70 ( 12:16. 21:20, 10:15, 10:19 ) Pontszerz\u0151k: Meszaros Sz., Schieszl J., Gangl K. 13, Smailbegovic N. 8, Schiroky Sz. 8, Sagat D. 6, Kara H. 6, Helji S. 28, Esztari T. 1, Matyus Z., &nbsp; 2017.12.20. Novi Becej 18:00 Vasas Akad\u00e9mia &#8211; Delkin Backa Palanka\u00a0&#8230;<\/p>\n","protected":false},"author":1,"featured_media":3109,"comment_status":"closed","ping_status":"open","sticky":false,"template":"","format":"standard","meta":{"footnotes":""},"categories":[50,92],"tags":[],"class_list":["post-3587","post","type-post","status-publish","format-standard","has-post-thumbnail","hentry","category-junior","category-hirek"],"yoast_head":"<!-- This site is optimized with the Yoast SEO plugin v26.0 - https:\/\/yoast.com\/wordpress\/plugins\/seo\/ -->\n<title>Junior Torna Novi Becej 2017.12.19-21. \/ SZERBIA - Vasas n\u0151i kos\u00e1rlabda<\/title>\n<meta name=\"robots\" content=\"index, follow, max-snippet:-1, max-image-preview:large, max-video-preview:-1\" \/>\n<link rel=\"canonical\" href=\"https:\/\/vasasbasket.hu\/index.php\/junior-torna-novi-becej-2017-12-19-21-szerbia\/\" \/>\n<meta property=\"og:locale\" content=\"hu_HU\" \/>\n<meta property=\"og:type\" content=\"article\" \/>\n<meta property=\"og:title\" content=\"Junior Torna Novi Becej 2017.12.19-21. \/ SZERBIA - Vasas n\u0151i kos\u00e1rlabda\" \/>\n<meta property=\"og:description\" content=\"2017.12.19.\u00a0 Novi Becej\u00a0 16:00 Proleter Zrenjanin &#8211; Vasas Akad\u00e9mia 53:70 ( 12:16. 21:20, 10:15, 10:19 ) Pontszerz\u0151k: Meszaros Sz., Schieszl J., Gangl K. 13, Smailbegovic N. 8, Schiroky Sz. 8, Sagat D. 6, Kara H. 6, Helji S. 28, Esztari T. 1, Matyus Z., &nbsp; 2017.12.20. Novi Becej 18:00 Vasas Akad\u00e9mia &#8211; Delkin Backa Palanka\u00a0...\" \/>\n<meta property=\"og:url\" content=\"https:\/\/vasasbasket.hu\/index.php\/junior-torna-novi-becej-2017-12-19-21-szerbia\/\" \/>\n<meta property=\"og:site_name\" content=\"Vasas n\u0151i kos\u00e1rlabda\" \/>\n<meta property=\"article:publisher\" content=\"https:\/\/www.facebook.com\/vasaswbasket\/\" \/>\n<meta property=\"article:published_time\" content=\"2018-01-02T11:24:41+00:00\" \/>\n<meta property=\"og:image\" content=\"https:\/\/vasasbasket.hu\/wp-content\/uploads\/2017\/03\/vasas-akademia-junior-2-scaled.jpg\" \/>\n\t<meta property=\"og:image:width\" content=\"2560\" \/>\n\t<meta property=\"og:image:height\" content=\"1920\" \/>\n\t<meta property=\"og:image:type\" content=\"image\/jpeg\" \/>\n<meta name=\"author\" content=\"admin\" \/>\n<meta name=\"twitter:card\" content=\"summary_large_image\" \/>\n<meta name=\"twitter:label1\" content=\"Szerz\u0151:\" \/>\n\t<meta name=\"twitter:data1\" content=\"admin\" \/>\n\t<meta name=\"twitter:label2\" content=\"Becs\u00fclt olvas\u00e1si id\u0151\" \/>\n\t<meta name=\"twitter:data2\" content=\"1 perc\" \/>\n<script type=\"application\/ld+json\" class=\"yoast-schema-graph\">{\"@context\":\"https:\/\/schema.org\",\"@graph\":[{\"@type\":\"Article\",\"@id\":\"https:\/\/vasasbasket.hu\/index.php\/junior-torna-novi-becej-2017-12-19-21-szerbia\/#article\",\"isPartOf\":{\"@id\":\"https:\/\/vasasbasket.hu\/index.php\/junior-torna-novi-becej-2017-12-19-21-szerbia\/\"},\"author\":{\"name\":\"admin\",\"@id\":\"https:\/\/vasasbasket.hu\/#\/schema\/person\/f1085f4d2c6582d8d0f977e92de2edee\"},\"headline\":\"Junior Torna Novi Becej 2017.12.19-21. \/ SZERBIA\",\"datePublished\":\"2018-01-02T11:24:41+00:00\",\"mainEntityOfPage\":{\"@id\":\"https:\/\/vasasbasket.hu\/index.php\/junior-torna-novi-becej-2017-12-19-21-szerbia\/\"},\"wordCount\":268,\"publisher\":{\"@id\":\"https:\/\/vasasbasket.hu\/#organization\"},\"image\":{\"@id\":\"https:\/\/vasasbasket.hu\/index.php\/junior-torna-novi-becej-2017-12-19-21-szerbia\/#primaryimage\"},\"thumbnailUrl\":\"https:\/\/vasasbasket.hu\/wp-content\/uploads\/2017\/03\/vasas-akademia-junior-2-scaled.jpg\",\"articleSection\":[\"Junior\",\"\u00d6sszes H\u00edr\"],\"inLanguage\":\"hu\"},{\"@type\":\"WebPage\",\"@id\":\"https:\/\/vasasbasket.hu\/index.php\/junior-torna-novi-becej-2017-12-19-21-szerbia\/\",\"url\":\"https:\/\/vasasbasket.hu\/index.php\/junior-torna-novi-becej-2017-12-19-21-szerbia\/\",\"name\":\"Junior Torna Novi Becej 2017.12.19-21. \/ SZERBIA - Vasas n\u0151i kos\u00e1rlabda\",\"isPartOf\":{\"@id\":\"https:\/\/vasasbasket.hu\/#website\"},\"primaryImageOfPage\":{\"@id\":\"https:\/\/vasasbasket.hu\/index.php\/junior-torna-novi-becej-2017-12-19-21-szerbia\/#primaryimage\"},\"image\":{\"@id\":\"https:\/\/vasasbasket.hu\/index.php\/junior-torna-novi-becej-2017-12-19-21-szerbia\/#primaryimage\"},\"thumbnailUrl\":\"https:\/\/vasasbasket.hu\/wp-content\/uploads\/2017\/03\/vasas-akademia-junior-2-scaled.jpg\",\"datePublished\":\"2018-01-02T11:24:41+00:00\",\"breadcrumb\":{\"@id\":\"https:\/\/vasasbasket.hu\/index.php\/junior-torna-novi-becej-2017-12-19-21-szerbia\/#breadcrumb\"},\"inLanguage\":\"hu\",\"potentialAction\":[{\"@type\":\"ReadAction\",\"target\":[\"https:\/\/vasasbasket.hu\/index.php\/junior-torna-novi-becej-2017-12-19-21-szerbia\/\"]}]},{\"@type\":\"ImageObject\",\"inLanguage\":\"hu\",\"@id\":\"https:\/\/vasasbasket.hu\/index.php\/junior-torna-novi-becej-2017-12-19-21-szerbia\/#primaryimage\",\"url\":\"https:\/\/vasasbasket.hu\/wp-content\/uploads\/2017\/03\/vasas-akademia-junior-2-scaled.jpg\",\"contentUrl\":\"https:\/\/vasasbasket.hu\/wp-content\/uploads\/2017\/03\/vasas-akademia-junior-2-scaled.jpg\",\"width\":2560,\"height\":1920},{\"@type\":\"BreadcrumbList\",\"@id\":\"https:\/\/vasasbasket.hu\/index.php\/junior-torna-novi-becej-2017-12-19-21-szerbia\/#breadcrumb\",\"itemListElement\":[{\"@type\":\"ListItem\",\"position\":1,\"name\":\"Kezd\u0151lap\",\"item\":\"https:\/\/vasasbasket.hu\/\"},{\"@type\":\"ListItem\",\"position\":2,\"name\":\"Junior Torna Novi Becej 2017.12.19-21. \/ SZERBIA\"}]},{\"@type\":\"WebSite\",\"@id\":\"https:\/\/vasasbasket.hu\/#website\",\"url\":\"https:\/\/vasasbasket.hu\/\",\"name\":\"Vasas n\u0151i kos\u00e1rlabda\",\"description\":\"Vasas Basket N\u0151i\",\"publisher\":{\"@id\":\"https:\/\/vasasbasket.hu\/#organization\"},\"potentialAction\":[{\"@type\":\"SearchAction\",\"target\":{\"@type\":\"EntryPoint\",\"urlTemplate\":\"https:\/\/vasasbasket.hu\/?s={search_term_string}\"},\"query-input\":{\"@type\":\"PropertyValueSpecification\",\"valueRequired\":true,\"valueName\":\"search_term_string\"}}],\"inLanguage\":\"hu\"},{\"@type\":\"Organization\",\"@id\":\"https:\/\/vasasbasket.hu\/#organization\",\"name\":\"Vasas n\u0151i kos\u00e1rlabda\",\"url\":\"https:\/\/vasasbasket.hu\/\",\"logo\":{\"@type\":\"ImageObject\",\"inLanguage\":\"hu\",\"@id\":\"https:\/\/vasasbasket.hu\/#\/schema\/logo\/image\/\",\"url\":\"https:\/\/vasasbasket.hu\/wp-content\/uploads\/2017\/03\/vasas_cimer_1200.jpg\",\"contentUrl\":\"https:\/\/vasasbasket.hu\/wp-content\/uploads\/2017\/03\/vasas_cimer_1200.jpg\",\"width\":1200,\"height\":1200,\"caption\":\"Vasas n\u0151i kos\u00e1rlabda\"},\"image\":{\"@id\":\"https:\/\/vasasbasket.hu\/#\/schema\/logo\/image\/\"},\"sameAs\":[\"https:\/\/www.facebook.com\/vasaswbasket\/\"]},{\"@type\":\"Person\",\"@id\":\"https:\/\/vasasbasket.hu\/#\/schema\/person\/f1085f4d2c6582d8d0f977e92de2edee\",\"name\":\"admin\",\"image\":{\"@type\":\"ImageObject\",\"inLanguage\":\"hu\",\"@id\":\"https:\/\/vasasbasket.hu\/#\/schema\/person\/image\/\",\"url\":\"https:\/\/secure.gravatar.com\/avatar\/645c92f7d9cfe02bd93ce2d1cfa11cd3a268bdfe65486552ff04b193cea07634?s=96&d=mm&r=g\",\"contentUrl\":\"https:\/\/secure.gravatar.com\/avatar\/645c92f7d9cfe02bd93ce2d1cfa11cd3a268bdfe65486552ff04b193cea07634?s=96&d=mm&r=g\",\"caption\":\"admin\"},\"url\":\"https:\/\/vasasbasket.hu\/index.php\/author\/admin\/\"}]}<\/script>\n<!-- \/ Yoast SEO plugin. -->","yoast_head_json":{"title":"Junior Torna Novi Becej 2017.12.19-21. \/ SZERBIA - Vasas n\u0151i kos\u00e1rlabda","robots":{"index":"index","follow":"follow","max-snippet":"max-snippet:-1","max-image-preview":"max-image-preview:large","max-video-preview":"max-video-preview:-1"},"canonical":"https:\/\/vasasbasket.hu\/index.php\/junior-torna-novi-becej-2017-12-19-21-szerbia\/","og_locale":"hu_HU","og_type":"article","og_title":"Junior Torna Novi Becej 2017.12.19-21. \/ SZERBIA - Vasas n\u0151i kos\u00e1rlabda","og_description":"2017.12.19.\u00a0 Novi Becej\u00a0 16:00 Proleter Zrenjanin &#8211; Vasas Akad\u00e9mia 53:70 ( 12:16. 21:20, 10:15, 10:19 ) Pontszerz\u0151k: Meszaros Sz., Schieszl J., Gangl K. 13, Smailbegovic N. 8, Schiroky Sz. 8, Sagat D. 6, Kara H. 6, Helji S. 28, Esztari T. 1, Matyus Z., &nbsp; 2017.12.20. Novi Becej 18:00 Vasas Akad\u00e9mia &#8211; Delkin Backa Palanka\u00a0...","og_url":"https:\/\/vasasbasket.hu\/index.php\/junior-torna-novi-becej-2017-12-19-21-szerbia\/","og_site_name":"Vasas n\u0151i kos\u00e1rlabda","article_publisher":"https:\/\/www.facebook.com\/vasaswbasket\/","article_published_time":"2018-01-02T11:24:41+00:00","og_image":[{"width":2560,"height":1920,"url":"https:\/\/vasasbasket.hu\/wp-content\/uploads\/2017\/03\/vasas-akademia-junior-2-scaled.jpg","type":"image\/jpeg"}],"author":"admin","twitter_card":"summary_large_image","twitter_misc":{"Szerz\u0151:":"admin","Becs\u00fclt olvas\u00e1si id\u0151":"1 perc"},"schema":{"@context":"https:\/\/schema.org","@graph":[{"@type":"Article","@id":"https:\/\/vasasbasket.hu\/index.php\/junior-torna-novi-becej-2017-12-19-21-szerbia\/#article","isPartOf":{"@id":"https:\/\/vasasbasket.hu\/index.php\/junior-torna-novi-becej-2017-12-19-21-szerbia\/"},"author":{"name":"admin","@id":"https:\/\/vasasbasket.hu\/#\/schema\/person\/f1085f4d2c6582d8d0f977e92de2edee"},"headline":"Junior Torna Novi Becej 2017.12.19-21. \/ SZERBIA","datePublished":"2018-01-02T11:24:41+00:00","mainEntityOfPage":{"@id":"https:\/\/vasasbasket.hu\/index.php\/junior-torna-novi-becej-2017-12-19-21-szerbia\/"},"wordCount":268,"publisher":{"@id":"https:\/\/vasasbasket.hu\/#organization"},"image":{"@id":"https:\/\/vasasbasket.hu\/index.php\/junior-torna-novi-becej-2017-12-19-21-szerbia\/#primaryimage"},"thumbnailUrl":"https:\/\/vasasbasket.hu\/wp-content\/uploads\/2017\/03\/vasas-akademia-junior-2-scaled.jpg","articleSection":["Junior","\u00d6sszes H\u00edr"],"inLanguage":"hu"},{"@type":"WebPage","@id":"https:\/\/vasasbasket.hu\/index.php\/junior-torna-novi-becej-2017-12-19-21-szerbia\/","url":"https:\/\/vasasbasket.hu\/index.php\/junior-torna-novi-becej-2017-12-19-21-szerbia\/","name":"Junior Torna Novi Becej 2017.12.19-21. \/ SZERBIA - Vasas n\u0151i kos\u00e1rlabda","isPartOf":{"@id":"https:\/\/vasasbasket.hu\/#website"},"primaryImageOfPage":{"@id":"https:\/\/vasasbasket.hu\/index.php\/junior-torna-novi-becej-2017-12-19-21-szerbia\/#primaryimage"},"image":{"@id":"https:\/\/vasasbasket.hu\/index.php\/junior-torna-novi-becej-2017-12-19-21-szerbia\/#primaryimage"},"thumbnailUrl":"https:\/\/vasasbasket.hu\/wp-content\/uploads\/2017\/03\/vasas-akademia-junior-2-scaled.jpg","datePublished":"2018-01-02T11:24:41+00:00","breadcrumb":{"@id":"https:\/\/vasasbasket.hu\/index.php\/junior-torna-novi-becej-2017-12-19-21-szerbia\/#breadcrumb"},"inLanguage":"hu","potentialAction":[{"@type":"ReadAction","target":["https:\/\/vasasbasket.hu\/index.php\/junior-torna-novi-becej-2017-12-19-21-szerbia\/"]}]},{"@type":"ImageObject","inLanguage":"hu","@id":"https:\/\/vasasbasket.hu\/index.php\/junior-torna-novi-becej-2017-12-19-21-szerbia\/#primaryimage","url":"https:\/\/vasasbasket.hu\/wp-content\/uploads\/2017\/03\/vasas-akademia-junior-2-scaled.jpg","contentUrl":"https:\/\/vasasbasket.hu\/wp-content\/uploads\/2017\/03\/vasas-akademia-junior-2-scaled.jpg","width":2560,"height":1920},{"@type":"BreadcrumbList","@id":"https:\/\/vasasbasket.hu\/index.php\/junior-torna-novi-becej-2017-12-19-21-szerbia\/#breadcrumb","itemListElement":[{"@type":"ListItem","position":1,"name":"Kezd\u0151lap","item":"https:\/\/vasasbasket.hu\/"},{"@type":"ListItem","position":2,"name":"Junior Torna Novi Becej 2017.12.19-21. \/ SZERBIA"}]},{"@type":"WebSite","@id":"https:\/\/vasasbasket.hu\/#website","url":"https:\/\/vasasbasket.hu\/","name":"Vasas n\u0151i kos\u00e1rlabda","description":"Vasas Basket N\u0151i","publisher":{"@id":"https:\/\/vasasbasket.hu\/#organization"},"potentialAction":[{"@type":"SearchAction","target":{"@type":"EntryPoint","urlTemplate":"https:\/\/vasasbasket.hu\/?s={search_term_string}"},"query-input":{"@type":"PropertyValueSpecification","valueRequired":true,"valueName":"search_term_string"}}],"inLanguage":"hu"},{"@type":"Organization","@id":"https:\/\/vasasbasket.hu\/#organization","name":"Vasas n\u0151i kos\u00e1rlabda","url":"https:\/\/vasasbasket.hu\/","logo":{"@type":"ImageObject","inLanguage":"hu","@id":"https:\/\/vasasbasket.hu\/#\/schema\/logo\/image\/","url":"https:\/\/vasasbasket.hu\/wp-content\/uploads\/2017\/03\/vasas_cimer_1200.jpg","contentUrl":"https:\/\/vasasbasket.hu\/wp-content\/uploads\/2017\/03\/vasas_cimer_1200.jpg","width":1200,"height":1200,"caption":"Vasas n\u0151i kos\u00e1rlabda"},"image":{"@id":"https:\/\/vasasbasket.hu\/#\/schema\/logo\/image\/"},"sameAs":["https:\/\/www.facebook.com\/vasaswbasket\/"]},{"@type":"Person","@id":"https:\/\/vasasbasket.hu\/#\/schema\/person\/f1085f4d2c6582d8d0f977e92de2edee","name":"admin","image":{"@type":"ImageObject","inLanguage":"hu","@id":"https:\/\/vasasbasket.hu\/#\/schema\/person\/image\/","url":"https:\/\/secure.gravatar.com\/avatar\/645c92f7d9cfe02bd93ce2d1cfa11cd3a268bdfe65486552ff04b193cea07634?s=96&d=mm&r=g","contentUrl":"https:\/\/secure.gravatar.com\/avatar\/645c92f7d9cfe02bd93ce2d1cfa11cd3a268bdfe65486552ff04b193cea07634?s=96&d=mm&r=g","caption":"admin"},"url":"https:\/\/vasasbasket.hu\/index.php\/author\/admin\/"}]}},"_links":{"self":[{"href":"https:\/\/vasasbasket.hu\/index.php\/wp-json\/wp\/v2\/posts\/3587","targetHints":{"allow":["GET"]}}],"collection":[{"href":"https:\/\/vasasbasket.hu\/index.php\/wp-json\/wp\/v2\/posts"}],"about":[{"href":"https:\/\/vasasbasket.hu\/index.php\/wp-json\/wp\/v2\/types\/post"}],"author":[{"embeddable":true,"href":"https:\/\/vasasbasket.hu\/index.php\/wp-json\/wp\/v2\/users\/1"}],"replies":[{"embeddable":true,"href":"https:\/\/vasasbasket.hu\/index.php\/wp-json\/wp\/v2\/comments?post=3587"}],"version-history":[{"count":1,"href":"https:\/\/vasasbasket.hu\/index.php\/wp-json\/wp\/v2\/posts\/3587\/revisions"}],"predecessor-version":[{"id":3588,"href":"https:\/\/vasasbasket.hu\/index.php\/wp-json\/wp\/v2\/posts\/3587\/revisions\/3588"}],"wp:featuredmedia":[{"embeddable":true,"href":"https:\/\/vasasbasket.hu\/index.php\/wp-json\/wp\/v2\/media\/3109"}],"wp:attachment":[{"href":"https:\/\/vasasbasket.hu\/index.php\/wp-json\/wp\/v2\/media?parent=3587"}],"wp:term":[{"taxonomy":"category","embeddable":true,"href":"https:\/\/vasasbasket.hu\/index.php\/wp-json\/wp\/v2\/categories?post=3587"},{"taxonomy":"post_tag","embeddable":true,"href":"https:\/\/vasasbasket.hu\/index.php\/wp-json\/wp\/v2\/tags?post=3587"}],"curies":[{"name":"wp","href":"https:\/\/api.w.org\/{rel}","templated":true}]}}